{"id":185397,"date":"2014-09-29T10:52:00","date_gmt":"2014-09-29T10:52:00","guid":{"rendered":"https:\/\/www.webdo.tn\/fr\/blog\/routes-coupees-el-hamma-confusion-autour-du-canceropole-offshore-gabes-2\/320234\/"},"modified":"2025-05-19T10:39:32","modified_gmt":"2025-05-19T10:39:32","slug":"routes-coupees-el-hamma-confusion-autour-du-canceropole-offshore-gabes-2","status":"publish","type":"post","link":"https:\/\/www.webdo.tn\/fr\/actualite\/sante\/routes-coupees-el-hamma-confusion-autour-du-canceropole-offshore-gabes-2\/185397\/","title":{"rendered":"Des routes coup\u00e9es \u00e0 El Hamma : Confusion autour du canc\u00e9rop\u00f4le offshore \u00e0 Gab\u00e8s"},"content":{"rendered":"<p>Une gr\u00e8ve a eu lieu et des routes ont \u00e9t\u00e9 coup\u00e9es depuis hier, 28 septembre, \u00e0 El Hamma \u00e0 Gab\u00e8s. D&rsquo;apr\u00e8s Mohsen Thlibi, l&rsquo;un des meneurs de cette gr\u00e8ve et membre de l&rsquo;association \u00ab\u00a0Invest in El Hamma\u00a0\u00bb, \u00ab\u00a0il y a une grande col\u00e8re du c\u00f4t\u00e9 des habitants qui se sentent marginalis\u00e9s\u00a0\u00bb.<\/p>\n<p>L&rsquo;un des investisseurs de la r\u00e9gion, d&rsquo;apr\u00e8s Habib Khedher, qui se fait appeler Mark Keller (son nom tunisien serait Riadh Khedher), ainsi que\u00a0\u00abEuropean Cancer Centers\u00bb pour lequel il travaille, parle de blocage au niveau du minist\u00e8re de la Sant\u00e9 pour la mise en place de cet h\u00f4pital offshore. Le d\u00e9put\u00e9 Habib Khedher a demand\u00e9 au gouvernement Jomaa de r\u00e9agir face aux accusations de l&rsquo;ECC, pr\u00e9cisant qu&rsquo;il \u00e9tait \u00e0 la gen\u00e8se du projet dans sa r\u00e9gion.\u00a0<\/p>\n<p>Confusion des habitants autour du projet offshore<\/p>\n<p>Depuis ce matin, \u00a0lundi 29 septembre, la d\u00e9l\u00e9gation d\u2019El Hamma, situ\u00e9 \u00e0 30 km de Gab\u00e8s, est bloqu\u00e9e et paralys\u00e9e par de citoyens de la soci\u00e9t\u00e9 civile qui d\u00e9noncent \u00ab\u00a0un refus\u00a0\u00bb \u00a0du gouvernement de ce projet, rapporte M. Thlibi.<\/p>\n<p>\u00ab\u00a0Les habitants d&rsquo;El Hamma ont lanc\u00e9 une\u00a0gr\u00e8ve g\u00e9n\u00e9rale\u00a0incit\u00e9e par la soci\u00e9t\u00e9 civile de la d\u00e9l\u00e9gation en signe de protestation face au blocage du projet faisant suite au refus du minist\u00e8re de la Sant\u00e9. Une manifestation a \u00e9t\u00e9 lanc\u00e9e et El Hamma a \u00e9t\u00e9 bloqu\u00e9e. Des manifestants ont exprim\u00e9 leur m\u00e9contentement face \u00e0 la marginalisation de la r\u00e9gion de Gab\u00e8s et du sud du pays\u00a0\u00bb, affirme de son c\u00f4t\u00e9 la radio\u00a0Oasis FM.<\/p>\n<p>\/\/ <\/p>\n<p>Post by Yas Sine.<\/p>\n<p>\u00a0<\/p>\n<p>Origine du litige\u00a0<\/p>\n<p>Un\u00a0\u00e9change d\u2019accusations entre European Cancer Centers (ECC) \u00a0et le minist\u00e8re de la Sant\u00e9 tunisien\u00a0a eu lieu r\u00e9cemment \u00e0 ce sujet. ECC\u00a0parle de blocage au niveau du minist\u00e8re de la Sant\u00e9, celui du gouvernement Jomaa.\u00a0<\/p>\n<p>Dans un communiqu\u00e9 datant du 19 septembre, le minist\u00e8re de la Sant\u00e9 pr\u00e9cise que \u00ab\u00a0le secteur public doit rester la r\u00e9f\u00e9rence tout en travaillant pour un d\u00e9veloppement harmonieux des secteurs sanitaires public et priv\u00e9, ce qui\u00a0 demeure \u00e9galement une priorit\u00e9 constante de la strat\u00e9gie en vue de garantir un acc\u00e8s universel \u00e0 des services\u00a0 de sant\u00e9 de qualit\u00e9 concr\u00e9tisant ainsi la d\u00e9mocratie sanitaire\u00a0\u00bb.<\/p>\n<p>Le projet d\u2019un h\u00f4pital sp\u00e9cialis\u00e9 en canc\u00e9rologie \u00e0 El Hamma dans le gouvernorat de Gab\u00e8s fait partie des \u00a0\u00bbgrands projets\u00a0\u00bb\u00a0\u00bb, nous a pr\u00e9cis\u00e9 ce lundi 29 septembre Sami Ben Kraiem du bureau de presse de la Pr\u00e9sidence du gouvernement. \u00a0En effet, le litige consisterait entre la classification de cet h\u00f4pital priv\u00e9 offshore en tant que projet dit \u00ab\u00a0normal\u00a0\u00bb ou \u00ab\u00a0grand projet\u00a0\u00bb.<\/p>\n<p>\u00ab Comme stipul\u00e9 dans le\u00a0communiqu\u00e9\u00a0de la Pr\u00e9sidence du gouvernement en date du 22 ao\u00fbt 2014, le projet de canc\u00e9rop\u00f4le fait partie des grands projets \u00e9tudi\u00e9s par la Commission Sup\u00e9rieure des Grands Projets et, encore une fois, je confirme que ce projet est toujours au stade d\u2019\u00e9tude et qu\u2019aucun refus n\u2019a \u00e9t\u00e9 notifi\u00e9 jusqu\u2019\u00e0 pr\u00e9sent \u00bb, nous a confirm\u00e9 M. Sami Ben Kraiem.<\/p>\n<p>D&rsquo;apr\u00e8s la pr\u00e9sidence du gouvernement, il ne s&rsquo;agit point d&rsquo;un refus du projet, toujours class\u00e9 \u00a0\u00bbgrand projet\u00a0\u00bb et actuellement en cours d&rsquo;\u00e9tude.<\/p>\n<p>Avis \u00a0\u00bbcitoyen\u00a0\u00bb d&rsquo;un docteur au sujet de ce canc\u00e9rop\u00f4le<\/p>\n<p>Pour le docteur\u00a0\u00a0Samir Abdelmoumen, \u00ab\u00a0tout d\u00e9veloppement technologique du syst\u00e8me sanitaire ne peut \u00eatre que public et le priv\u00e9 viendra par la suite, rien que pour des consid\u00e9rations p\u00e9dagogiques et acad\u00e9miques. La sant\u00e9 publique est un domaine strat\u00e9gique comme la s\u00e9curit\u00e9 nationale et ce n&rsquo;est pas les bailleurs de fond \u00e9trangers qui vont nous montrer le chemin de la bonne m\u00e9decine et celle qui r\u00e9pond au mieux aux besoins et moyens de son pays, c&rsquo;est un projet offshore destin\u00e9 aux \u00e9trangers et non essentiellement aux Tunisiens.\u00a0\u00bb<br \/>\n\u00a0\u00ab\u00a0Il leur faut au moins 300 carcinologues pour le faire d\u00e9marrer ce qui va vider touts nos h\u00f4pitaux de nos comp\u00e9tences \u00e0 la recherche de gains faciles et les nouveaux carcinologues qui seront sur le terrain pendant les 10 prochaines ann\u00e9es.(&#8230;) Ces bailleurs de fonds europ\u00e9ens, s&rsquo;ils aiment la Tunisie r\u00e9ellement et son peuple, pourquoi ils n&rsquo;investissent pas dans 4 ou 5 p\u00f4les de qualit\u00e9 de soins publics ou il y aie\u00a0 la cardio interventionnelles avec des \u00ab\u00a0cath labs\u00a0\u00bb , la radio interventionnelle pour les embolisations vasculaires des malades qui saignent, la neuro chirurgicale, les greffes et la gyn\u00e9co et neo nat avec des partenaires priv\u00e9s tunisiens et l&rsquo;\u00c9tat \u00e0 travers les caisses sociales sous controle du minist\u00e8re de la Sant\u00e9 et des conseils de facult\u00e9 &#8230; \u00c7a sera un partenariat gagnant gagnant, mais non ils viennent nous piquer nos mati\u00e8res grises que le peuple a form\u00e9 de son sang et sueurs sur des g\u00e9n\u00e9rations\u00a0\u00bb.<\/p>\n","protected":false},"excerpt":{"rendered":"<p>Des routes coup\u00e9es \u00e0 El Hamma : Confusion autour du canc\u00e9rop\u00f4le offshore \u00e0 Gab\u00e8s<\/p>\n","protected":false},"author":3222,"featured_media":320236,"comment_status":"open","ping_status":"closed","sticky":false,"template":"","format":"standard","meta":{"footnotes":""},"categories":[11341],"tags":[2600],"class_list":["post-185397","post","type-post","status-publish","format-standard","has-post-thumbnail","hentry","category-sante","tag-guerre"],"yoast_head":"<!-- This site is optimized with the Yoast SEO Premium plugin v27.5 (Yoast SEO v27.5) - https:\/\/yoast.com\/product\/yoast-seo-premium-wordpress\/ -->\n<title>Des routes coup\u00e9es \u00e0 El Hamma : Confusion autour du canc\u00e9rop\u00f4le offshore \u00e0 Gab\u00e8s<\/title>\n<meta name=\"description\" content=\"Des routes coup\u00e9es \u00e0 El Hamma : Confusion autour du canc\u00e9rop\u00f4le offshore \u00e0 Gab\u00e8s\" \/>\n<link rel=\"canonical\" href=\"https:\/\/www.webdo.tn\/fr\/actualite\/sante\/routes-coupees-el-hamma-confusion-autour-du-canceropole-offshore-gabes-2\/185397\/\" \/>\n<meta property=\"og:locale\" content=\"fr_FR\" \/>\n<meta property=\"og:type\" content=\"article\" \/>\n<meta property=\"og:title\" content=\"Des routes coup\u00e9es \u00e0 El Hamma : Confusion autour du canc\u00e9rop\u00f4le offshore \u00e0 Gab\u00e8s\" \/>\n<meta property=\"og:description\" content=\"Des routes coup\u00e9es \u00e0 El Hamma : Confusion autour du canc\u00e9rop\u00f4le offshore \u00e0 Gab\u00e8s\" \/>\n<meta property=\"og:url\" content=\"https:\/\/www.webdo.tn\/fr\/actualite\/sante\/routes-coupees-el-hamma-confusion-autour-du-canceropole-offshore-gabes-2\/185397\/\" \/>\n<meta property=\"og:site_name\" content=\"webdo\" \/>\n<meta property=\"article:publisher\" content=\"https:\/\/www.facebook.com\/webdotn\" \/>\n<meta property=\"article:published_time\" content=\"2014-09-29T10:52:00+00:00\" \/>\n<meta property=\"article:modified_time\" content=\"2025-05-19T10:39:32+00:00\" \/>\n<meta property=\"og:image\" content=\"https:\/\/www.webdo.tn\/fr\/wp-content\/uploads\/2014\/09\/El-Hamma-29-09-2014-photo-Oasis-FM1-1.jpg\" \/>\n\t<meta property=\"og:image:width\" content=\"310\" \/>\n\t<meta property=\"og:image:height\" content=\"250\" \/>\n\t<meta property=\"og:image:type\" content=\"image\/jpeg\" \/>\n<meta name=\"author\" content=\"webdo.tn\" \/>\n<meta name=\"twitter:card\" content=\"summary_large_image\" \/>\n<meta name=\"twitter:creator\" content=\"@webdo_tn\" \/>\n<meta name=\"twitter:site\" content=\"@webdo_tn\" \/>\n<meta name=\"twitter:label1\" content=\"\u00c9crit par\" \/>\n\t<meta name=\"twitter:data1\" content=\"webdo.tn\" \/>\n\t<meta name=\"twitter:label2\" content=\"Dur\u00e9e de lecture estim\u00e9e\" \/>\n\t<meta name=\"twitter:data2\" content=\"4 minutes\" \/>\n<script type=\"application\/ld+json\" class=\"yoast-schema-graph\">{\"@context\":\"https:\\\/\\\/schema.org\",\"@graph\":[{\"@type\":\"NewsArticle\",\"@id\":\"https:\\\/\\\/www.webdo.tn\\\/fr\\\/actualite\\\/sante\\\/routes-coupees-el-hamma-confusion-autour-du-canceropole-offshore-gabes-2\\\/185397\\\/#article\",\"isPartOf\":{\"@id\":\"https:\\\/\\\/www.webdo.tn\\\/fr\\\/actualite\\\/sante\\\/routes-coupees-el-hamma-confusion-autour-du-canceropole-offshore-gabes-2\\\/185397\\\/\"},\"author\":{\"name\":\"webdo.tn\",\"@id\":\"https:\\\/\\\/www.webdo.tn\\\/fr\\\/#\\\/schema\\\/person\\\/9a9c6118d687c117df8ef3cc36a4d175\"},\"headline\":\"Des routes coup\u00e9es \u00e0 El Hamma : Confusion autour du canc\u00e9rop\u00f4le offshore \u00e0 Gab\u00e8s\",\"datePublished\":\"2014-09-29T10:52:00+00:00\",\"dateModified\":\"2025-05-19T10:39:32+00:00\",\"mainEntityOfPage\":{\"@id\":\"https:\\\/\\\/www.webdo.tn\\\/fr\\\/actualite\\\/sante\\\/routes-coupees-el-hamma-confusion-autour-du-canceropole-offshore-gabes-2\\\/185397\\\/\"},\"wordCount\":855,\"commentCount\":0,\"publisher\":{\"@id\":\"https:\\\/\\\/www.webdo.tn\\\/fr\\\/#organization\"},\"image\":{\"@id\":\"https:\\\/\\\/www.webdo.tn\\\/fr\\\/actualite\\\/sante\\\/routes-coupees-el-hamma-confusion-autour-du-canceropole-offshore-gabes-2\\\/185397\\\/#primaryimage\"},\"thumbnailUrl\":\"https:\\\/\\\/www.webdo.tn\\\/fr\\\/wp-content\\\/uploads\\\/2014\\\/09\\\/El-Hamma-29-09-2014-photo-Oasis-FM1-1.jpg\",\"keywords\":[\"guerre\"],\"articleSection\":[\"Sant\u00e9\"],\"inLanguage\":\"fr-FR\"},{\"@type\":\"WebPage\",\"@id\":\"https:\\\/\\\/www.webdo.tn\\\/fr\\\/actualite\\\/sante\\\/routes-coupees-el-hamma-confusion-autour-du-canceropole-offshore-gabes-2\\\/185397\\\/\",\"url\":\"https:\\\/\\\/www.webdo.tn\\\/fr\\\/actualite\\\/sante\\\/routes-coupees-el-hamma-confusion-autour-du-canceropole-offshore-gabes-2\\\/185397\\\/\",\"name\":\"Des routes coup\u00e9es \u00e0 El Hamma : Confusion autour du canc\u00e9rop\u00f4le offshore \u00e0 Gab\u00e8s\",\"isPartOf\":{\"@id\":\"https:\\\/\\\/www.webdo.tn\\\/fr\\\/#website\"},\"primaryImageOfPage\":{\"@id\":\"https:\\\/\\\/www.webdo.tn\\\/fr\\\/actualite\\\/sante\\\/routes-coupees-el-hamma-confusion-autour-du-canceropole-offshore-gabes-2\\\/185397\\\/#primaryimage\"},\"image\":{\"@id\":\"https:\\\/\\\/www.webdo.tn\\\/fr\\\/actualite\\\/sante\\\/routes-coupees-el-hamma-confusion-autour-du-canceropole-offshore-gabes-2\\\/185397\\\/#primaryimage\"},\"thumbnailUrl\":\"https:\\\/\\\/www.webdo.tn\\\/fr\\\/wp-content\\\/uploads\\\/2014\\\/09\\\/El-Hamma-29-09-2014-photo-Oasis-FM1-1.jpg\",\"datePublished\":\"2014-09-29T10:52:00+00:00\",\"dateModified\":\"2025-05-19T10:39:32+00:00\",\"description\":\"Des routes coup\u00e9es \u00e0 El Hamma : Confusion autour du canc\u00e9rop\u00f4le offshore \u00e0 Gab\u00e8s\",\"breadcrumb\":{\"@id\":\"https:\\\/\\\/www.webdo.tn\\\/fr\\\/actualite\\\/sante\\\/routes-coupees-el-hamma-confusion-autour-du-canceropole-offshore-gabes-2\\\/185397\\\/#breadcrumb\"},\"inLanguage\":\"fr-FR\",\"potentialAction\":[{\"@type\":\"ReadAction\",\"target\":[\"https:\\\/\\\/www.webdo.tn\\\/fr\\\/actualite\\\/sante\\\/routes-coupees-el-hamma-confusion-autour-du-canceropole-offshore-gabes-2\\\/185397\\\/\"]}]},{\"@type\":\"ImageObject\",\"inLanguage\":\"fr-FR\",\"@id\":\"https:\\\/\\\/www.webdo.tn\\\/fr\\\/actualite\\\/sante\\\/routes-coupees-el-hamma-confusion-autour-du-canceropole-offshore-gabes-2\\\/185397\\\/#primaryimage\",\"url\":\"https:\\\/\\\/www.webdo.tn\\\/fr\\\/wp-content\\\/uploads\\\/2014\\\/09\\\/El-Hamma-29-09-2014-photo-Oasis-FM1-1.jpg\",\"contentUrl\":\"https:\\\/\\\/www.webdo.tn\\\/fr\\\/wp-content\\\/uploads\\\/2014\\\/09\\\/El-Hamma-29-09-2014-photo-Oasis-FM1-1.jpg\",\"width\":310,\"height\":250,\"caption\":\"Des routes coup\u00e9es \u00e0 El Hamma : Confusion autour du canc\u00e9rop\u00f4le offshore \u00e0 Gab\u00e8s\"},{\"@type\":\"BreadcrumbList\",\"@id\":\"https:\\\/\\\/www.webdo.tn\\\/fr\\\/actualite\\\/sante\\\/routes-coupees-el-hamma-confusion-autour-du-canceropole-offshore-gabes-2\\\/185397\\\/#breadcrumb\",\"itemListElement\":[{\"@type\":\"ListItem\",\"position\":1,\"name\":\"Accueil\",\"item\":\"https:\\\/\\\/www.webdo.tn\\\/fr\\\/\"},{\"@type\":\"ListItem\",\"position\":2,\"name\":\"Des routes coup\u00e9es \u00e0 El Hamma : Confusion autour du canc\u00e9rop\u00f4le offshore \u00e0 Gab\u00e8s\"}]},{\"@type\":\"WebSite\",\"@id\":\"https:\\\/\\\/www.webdo.tn\\\/fr\\\/#website\",\"url\":\"https:\\\/\\\/www.webdo.tn\\\/fr\\\/\",\"name\":\"webdo\",\"description\":\"Tunisie - News en Tunisie et \u00e0 l&#039;international sur Webdo.tn\",\"publisher\":{\"@id\":\"https:\\\/\\\/www.webdo.tn\\\/fr\\\/#organization\"},\"potentialAction\":[{\"@type\":\"SearchAction\",\"target\":{\"@type\":\"EntryPoint\",\"urlTemplate\":\"https:\\\/\\\/www.webdo.tn\\\/fr\\\/?s={search_term_string}\"},\"query-input\":{\"@type\":\"PropertyValueSpecification\",\"valueRequired\":true,\"valueName\":\"search_term_string\"}}],\"inLanguage\":\"fr-FR\"},{\"@type\":\"Organization\",\"@id\":\"https:\\\/\\\/www.webdo.tn\\\/fr\\\/#organization\",\"name\":\"Webdo\",\"alternateName\":\"Webdo.tn\",\"url\":\"https:\\\/\\\/www.webdo.tn\\\/fr\\\/\",\"logo\":{\"@type\":\"ImageObject\",\"inLanguage\":\"fr-FR\",\"@id\":\"https:\\\/\\\/www.webdo.tn\\\/fr\\\/#\\\/schema\\\/logo\\\/image\\\/\",\"url\":\"https:\\\/\\\/www.webdo.tn\\\/fr\\\/wp-content\\\/uploads\\\/2025\\\/06\\\/Webdo-Tunisie_168377.jpg\",\"contentUrl\":\"https:\\\/\\\/www.webdo.tn\\\/fr\\\/wp-content\\\/uploads\\\/2025\\\/06\\\/Webdo-Tunisie_168377.jpg\",\"width\":301,\"height\":301,\"caption\":\"Webdo\"},\"image\":{\"@id\":\"https:\\\/\\\/www.webdo.tn\\\/fr\\\/#\\\/schema\\\/logo\\\/image\\\/\"},\"sameAs\":[\"https:\\\/\\\/www.facebook.com\\\/webdotn\",\"https:\\\/\\\/x.com\\\/webdo_tn\"],\"description\":\"Webdo est un m\u00e9dia num\u00e9rique tunisien fond\u00e9 en 2010, sp\u00e9cialis\u00e9 dans l\u2019actualit\u00e9 nationale et internationale, l\u2019\u00e9conomie, la soci\u00e9t\u00e9 et les analyses politiques. Le site s\u2019adresse \u00e0 un large public francophone et couvre l\u2019information tunisienne en temps r\u00e9el.\",\"email\":\"redac@webdo.tn\",\"legalName\":\"YNJ SARL\",\"foundingDate\":\"2010-09-06\",\"numberOfEmployees\":{\"@type\":\"QuantitativeValue\",\"minValue\":\"11\",\"maxValue\":\"50\"}},{\"@type\":\"Person\",\"@id\":\"https:\\\/\\\/www.webdo.tn\\\/fr\\\/#\\\/schema\\\/person\\\/9a9c6118d687c117df8ef3cc36a4d175\",\"name\":\"webdo.tn\",\"image\":{\"@type\":\"ImageObject\",\"inLanguage\":\"fr-FR\",\"@id\":\"https:\\\/\\\/secure.gravatar.com\\\/avatar\\\/7ce1f28c0c3bbac99ff550b85ef8e44a6950c6ee24514fb6a5489e51d06f0298?s=96&d=mm&r=g\",\"url\":\"https:\\\/\\\/secure.gravatar.com\\\/avatar\\\/7ce1f28c0c3bbac99ff550b85ef8e44a6950c6ee24514fb6a5489e51d06f0298?s=96&d=mm&r=g\",\"contentUrl\":\"https:\\\/\\\/secure.gravatar.com\\\/avatar\\\/7ce1f28c0c3bbac99ff550b85ef8e44a6950c6ee24514fb6a5489e51d06f0298?s=96&d=mm&r=g\",\"caption\":\"webdo.tn\"},\"url\":\"https:\\\/\\\/www.webdo.tn\\\/fr\\\/actualite\\\/author\\\/webdotn\\\/\"}]}<\/script>\n<!-- \/ Yoast SEO Premium plugin. -->","yoast_head_json":{"title":"Des routes coup\u00e9es \u00e0 El Hamma : Confusion autour du canc\u00e9rop\u00f4le offshore \u00e0 Gab\u00e8s","description":"Des routes coup\u00e9es \u00e0 El Hamma : Confusion autour du canc\u00e9rop\u00f4le offshore \u00e0 Gab\u00e8s","canonical":"https:\/\/www.webdo.tn\/fr\/actualite\/sante\/routes-coupees-el-hamma-confusion-autour-du-canceropole-offshore-gabes-2\/185397\/","og_locale":"fr_FR","og_type":"article","og_title":"Des routes coup\u00e9es \u00e0 El Hamma : Confusion autour du canc\u00e9rop\u00f4le offshore \u00e0 Gab\u00e8s","og_description":"Des routes coup\u00e9es \u00e0 El Hamma : Confusion autour du canc\u00e9rop\u00f4le offshore \u00e0 Gab\u00e8s","og_url":"https:\/\/www.webdo.tn\/fr\/actualite\/sante\/routes-coupees-el-hamma-confusion-autour-du-canceropole-offshore-gabes-2\/185397\/","og_site_name":"webdo","article_publisher":"https:\/\/www.facebook.com\/webdotn","article_published_time":"2014-09-29T10:52:00+00:00","article_modified_time":"2025-05-19T10:39:32+00:00","og_image":[{"width":310,"height":250,"url":"https:\/\/www.webdo.tn\/fr\/wp-content\/uploads\/2014\/09\/El-Hamma-29-09-2014-photo-Oasis-FM1-1.jpg","type":"image\/jpeg"}],"author":"webdo.tn","twitter_card":"summary_large_image","twitter_creator":"@webdo_tn","twitter_site":"@webdo_tn","twitter_misc":{"\u00c9crit par":"webdo.tn","Dur\u00e9e de lecture estim\u00e9e":"4 minutes"},"schema":{"@context":"https:\/\/schema.org","@graph":[{"@type":"NewsArticle","@id":"https:\/\/www.webdo.tn\/fr\/actualite\/sante\/routes-coupees-el-hamma-confusion-autour-du-canceropole-offshore-gabes-2\/185397\/#article","isPartOf":{"@id":"https:\/\/www.webdo.tn\/fr\/actualite\/sante\/routes-coupees-el-hamma-confusion-autour-du-canceropole-offshore-gabes-2\/185397\/"},"author":{"name":"webdo.tn","@id":"https:\/\/www.webdo.tn\/fr\/#\/schema\/person\/9a9c6118d687c117df8ef3cc36a4d175"},"headline":"Des routes coup\u00e9es \u00e0 El Hamma : Confusion autour du canc\u00e9rop\u00f4le offshore \u00e0 Gab\u00e8s","datePublished":"2014-09-29T10:52:00+00:00","dateModified":"2025-05-19T10:39:32+00:00","mainEntityOfPage":{"@id":"https:\/\/www.webdo.tn\/fr\/actualite\/sante\/routes-coupees-el-hamma-confusion-autour-du-canceropole-offshore-gabes-2\/185397\/"},"wordCount":855,"commentCount":0,"publisher":{"@id":"https:\/\/www.webdo.tn\/fr\/#organization"},"image":{"@id":"https:\/\/www.webdo.tn\/fr\/actualite\/sante\/routes-coupees-el-hamma-confusion-autour-du-canceropole-offshore-gabes-2\/185397\/#primaryimage"},"thumbnailUrl":"https:\/\/www.webdo.tn\/fr\/wp-content\/uploads\/2014\/09\/El-Hamma-29-09-2014-photo-Oasis-FM1-1.jpg","keywords":["guerre"],"articleSection":["Sant\u00e9"],"inLanguage":"fr-FR"},{"@type":"WebPage","@id":"https:\/\/www.webdo.tn\/fr\/actualite\/sante\/routes-coupees-el-hamma-confusion-autour-du-canceropole-offshore-gabes-2\/185397\/","url":"https:\/\/www.webdo.tn\/fr\/actualite\/sante\/routes-coupees-el-hamma-confusion-autour-du-canceropole-offshore-gabes-2\/185397\/","name":"Des routes coup\u00e9es \u00e0 El Hamma : Confusion autour du canc\u00e9rop\u00f4le offshore \u00e0 Gab\u00e8s","isPartOf":{"@id":"https:\/\/www.webdo.tn\/fr\/#website"},"primaryImageOfPage":{"@id":"https:\/\/www.webdo.tn\/fr\/actualite\/sante\/routes-coupees-el-hamma-confusion-autour-du-canceropole-offshore-gabes-2\/185397\/#primaryimage"},"image":{"@id":"https:\/\/www.webdo.tn\/fr\/actualite\/sante\/routes-coupees-el-hamma-confusion-autour-du-canceropole-offshore-gabes-2\/185397\/#primaryimage"},"thumbnailUrl":"https:\/\/www.webdo.tn\/fr\/wp-content\/uploads\/2014\/09\/El-Hamma-29-09-2014-photo-Oasis-FM1-1.jpg","datePublished":"2014-09-29T10:52:00+00:00","dateModified":"2025-05-19T10:39:32+00:00","description":"Des routes coup\u00e9es \u00e0 El Hamma : Confusion autour du canc\u00e9rop\u00f4le offshore \u00e0 Gab\u00e8s","breadcrumb":{"@id":"https:\/\/www.webdo.tn\/fr\/actualite\/sante\/routes-coupees-el-hamma-confusion-autour-du-canceropole-offshore-gabes-2\/185397\/#breadcrumb"},"inLanguage":"fr-FR","potentialAction":[{"@type":"ReadAction","target":["https:\/\/www.webdo.tn\/fr\/actualite\/sante\/routes-coupees-el-hamma-confusion-autour-du-canceropole-offshore-gabes-2\/185397\/"]}]},{"@type":"ImageObject","inLanguage":"fr-FR","@id":"https:\/\/www.webdo.tn\/fr\/actualite\/sante\/routes-coupees-el-hamma-confusion-autour-du-canceropole-offshore-gabes-2\/185397\/#primaryimage","url":"https:\/\/www.webdo.tn\/fr\/wp-content\/uploads\/2014\/09\/El-Hamma-29-09-2014-photo-Oasis-FM1-1.jpg","contentUrl":"https:\/\/www.webdo.tn\/fr\/wp-content\/uploads\/2014\/09\/El-Hamma-29-09-2014-photo-Oasis-FM1-1.jpg","width":310,"height":250,"caption":"Des routes coup\u00e9es \u00e0 El Hamma : Confusion autour du canc\u00e9rop\u00f4le offshore \u00e0 Gab\u00e8s"},{"@type":"BreadcrumbList","@id":"https:\/\/www.webdo.tn\/fr\/actualite\/sante\/routes-coupees-el-hamma-confusion-autour-du-canceropole-offshore-gabes-2\/185397\/#breadcrumb","itemListElement":[{"@type":"ListItem","position":1,"name":"Accueil","item":"https:\/\/www.webdo.tn\/fr\/"},{"@type":"ListItem","position":2,"name":"Des routes coup\u00e9es \u00e0 El Hamma : Confusion autour du canc\u00e9rop\u00f4le offshore \u00e0 Gab\u00e8s"}]},{"@type":"WebSite","@id":"https:\/\/www.webdo.tn\/fr\/#website","url":"https:\/\/www.webdo.tn\/fr\/","name":"webdo","description":"Tunisie - News en Tunisie et \u00e0 l&#039;international sur Webdo.tn","publisher":{"@id":"https:\/\/www.webdo.tn\/fr\/#organization"},"potentialAction":[{"@type":"SearchAction","target":{"@type":"EntryPoint","urlTemplate":"https:\/\/www.webdo.tn\/fr\/?s={search_term_string}"},"query-input":{"@type":"PropertyValueSpecification","valueRequired":true,"valueName":"search_term_string"}}],"inLanguage":"fr-FR"},{"@type":"Organization","@id":"https:\/\/www.webdo.tn\/fr\/#organization","name":"Webdo","alternateName":"Webdo.tn","url":"https:\/\/www.webdo.tn\/fr\/","logo":{"@type":"ImageObject","inLanguage":"fr-FR","@id":"https:\/\/www.webdo.tn\/fr\/#\/schema\/logo\/image\/","url":"https:\/\/www.webdo.tn\/fr\/wp-content\/uploads\/2025\/06\/Webdo-Tunisie_168377.jpg","contentUrl":"https:\/\/www.webdo.tn\/fr\/wp-content\/uploads\/2025\/06\/Webdo-Tunisie_168377.jpg","width":301,"height":301,"caption":"Webdo"},"image":{"@id":"https:\/\/www.webdo.tn\/fr\/#\/schema\/logo\/image\/"},"sameAs":["https:\/\/www.facebook.com\/webdotn","https:\/\/x.com\/webdo_tn"],"description":"Webdo est un m\u00e9dia num\u00e9rique tunisien fond\u00e9 en 2010, sp\u00e9cialis\u00e9 dans l\u2019actualit\u00e9 nationale et internationale, l\u2019\u00e9conomie, la soci\u00e9t\u00e9 et les analyses politiques. Le site s\u2019adresse \u00e0 un large public francophone et couvre l\u2019information tunisienne en temps r\u00e9el.","email":"redac@webdo.tn","legalName":"YNJ SARL","foundingDate":"2010-09-06","numberOfEmployees":{"@type":"QuantitativeValue","minValue":"11","maxValue":"50"}},{"@type":"Person","@id":"https:\/\/www.webdo.tn\/fr\/#\/schema\/person\/9a9c6118d687c117df8ef3cc36a4d175","name":"webdo.tn","image":{"@type":"ImageObject","inLanguage":"fr-FR","@id":"https:\/\/secure.gravatar.com\/avatar\/7ce1f28c0c3bbac99ff550b85ef8e44a6950c6ee24514fb6a5489e51d06f0298?s=96&d=mm&r=g","url":"https:\/\/secure.gravatar.com\/avatar\/7ce1f28c0c3bbac99ff550b85ef8e44a6950c6ee24514fb6a5489e51d06f0298?s=96&d=mm&r=g","contentUrl":"https:\/\/secure.gravatar.com\/avatar\/7ce1f28c0c3bbac99ff550b85ef8e44a6950c6ee24514fb6a5489e51d06f0298?s=96&d=mm&r=g","caption":"webdo.tn"},"url":"https:\/\/www.webdo.tn\/fr\/actualite\/author\/webdotn\/"}]}},"_links":{"self":[{"href":"https:\/\/www.webdo.tn\/fr\/wp-json\/wp\/v2\/posts\/185397","targetHints":{"allow":["GET"]}}],"collection":[{"href":"https:\/\/www.webdo.tn\/fr\/wp-json\/wp\/v2\/posts"}],"about":[{"href":"https:\/\/www.webdo.tn\/fr\/wp-json\/wp\/v2\/types\/post"}],"author":[{"embeddable":true,"href":"https:\/\/www.webdo.tn\/fr\/wp-json\/wp\/v2\/users\/3222"}],"replies":[{"embeddable":true,"href":"https:\/\/www.webdo.tn\/fr\/wp-json\/wp\/v2\/comments?post=185397"}],"version-history":[{"count":0,"href":"https:\/\/www.webdo.tn\/fr\/wp-json\/wp\/v2\/posts\/185397\/revisions"}],"wp:featuredmedia":[{"embeddable":true,"href":"https:\/\/www.webdo.tn\/fr\/wp-json\/wp\/v2\/media\/320236"}],"wp:attachment":[{"href":"https:\/\/www.webdo.tn\/fr\/wp-json\/wp\/v2\/media?parent=185397"}],"wp:term":[{"taxonomy":"category","embeddable":true,"href":"https:\/\/www.webdo.tn\/fr\/wp-json\/wp\/v2\/categories?post=185397"},{"taxonomy":"post_tag","embeddable":true,"href":"https:\/\/www.webdo.tn\/fr\/wp-json\/wp\/v2\/tags?post=185397"}],"curies":[{"name":"wp","href":"https:\/\/api.w.org\/{rel}","templated":true}]}}