{"id":185396,"date":"2014-09-29T22:58:00","date_gmt":"2014-09-29T22:58:00","guid":{"rendered":"https:\/\/www.webdo.tn\/fr\/blog\/tunisie-un-cas-de-rage-detecte-borj-cedria-declaree-zone-infectee-par-le-gouverneur-de-ben-arous\/185396\/"},"modified":"2025-05-22T13:03:53","modified_gmt":"2025-05-22T13:03:53","slug":"tunisie-un-cas-de-rage-detecte-borj-cedria-declaree-zone-infectee-par-le-gouverneur-de-ben-arous","status":"publish","type":"post","link":"https:\/\/www.webdo.tn\/fr\/actualite\/sante\/tunisie-un-cas-de-rage-detecte-borj-cedria-declaree-zone-infectee-par-le-gouverneur-de-ben-arous\/185396\/","title":{"rendered":"Un cas de rage d\u00e9tect\u00e9 : Borj Cedria d\u00e9clar\u00e9e zone infect\u00e9e par le gouverneur de Ben Arous"},"content":{"rendered":"<p>Une personne atteinte par la rage \u00e0 Borj C\u00e9dria a pouss\u00e9 les autorit\u00e9s locales \u00e0 d\u00e9clarer la zone infect\u00e9e pour une p\u00e9riode de trois mois.<\/p>\n<p>Le gouverneur de Ben Arous, Abdellatif Missaoui, a annonc\u00e9 \u00e0 l\u2019agence TAP cette mesure, qui s\u2019inscrit dans le cadre du suivi de la situation \u00e9pid\u00e9miologique dans la r\u00e9gion, et fait suite \u00e0 la d\u00e9tection d\u2019un cas d\u2019infection humaine par la direction de la sant\u00e9 animale et le Commissariat r\u00e9gional du d\u00e9veloppement agricole (CRDA).<\/p>\n<p>Cette d\u00e9cision implique que Borj C\u00e9dria sera mise sous surveillance des services de la sant\u00e9 animale, jusqu\u2019\u00e0 l\u2019\u00e9limination des sources d\u2019infection selon des principes de pr\u00e9caution qui sont :<\/p>\n<p> La s\u00e9paration des animaux sains des autres infect\u00e9s<br \/>\n L\u2019\u00e9limination imm\u00e9diate de tout animal mordu, \u00e9gratign\u00e9 ou ayant c\u00f4toy\u00e9 un ou des chiens atteints de la rage<br \/>\n L\u2019\u00e9limination de tous les chiens errants<br \/>\n L\u2019interdiction de conduire des chiens hors de cette zone, sauf pour les \u00e9liminer, et seuls les chiens des bergers et ceux de la chasse sont autoris\u00e9s \u00e0 circuler librement, en vue de les utiliser \u00e0 des fins auxquelles ils sont destin\u00e9s.<\/p>\n<p>Selon Dr Kaouther Akili, v\u00e9t\u00e9rinaire au minist\u00e8re de l\u2019Agriculture et responsable des maladies animales pouvant atteindre l\u2019\u00eatre humain, 315 cas de rage et 3 d\u00e9c\u00e8s de personnes infect\u00e9es ont \u00e9t\u00e9 enregistr\u00e9s, jusqu\u2019\u00e0 fin ao\u00fbt 2014, contre 171 cas et 6 d\u00e9c\u00e8s, pour la m\u00eame p\u00e9riode de 2013.<\/p>\n","protected":false},"excerpt":{"rendered":"<p>Un cas de rage d\u00e9tect\u00e9 : Borj Cedria d\u00e9clar\u00e9e zone infect\u00e9e par le gouverneur de Ben Arous<\/p>\n","protected":false},"author":3222,"featured_media":331386,"comment_status":"open","ping_status":"closed","sticky":false,"template":"","format":"standard","meta":{"footnotes":""},"categories":[11341],"tags":[],"class_list":["post-185396","post","type-post","status-publish","format-standard","has-post-thumbnail","hentry","category-sante"],"yoast_head":"<!-- This site is optimized with the Yoast SEO Premium plugin v27.5 (Yoast SEO v27.5) - https:\/\/yoast.com\/product\/yoast-seo-premium-wordpress\/ -->\n<title>Un cas de rage d\u00e9tect\u00e9 : Borj Cedria d\u00e9clar\u00e9e zone infect\u00e9e par le gouverneur de Ben Arous<\/title>\n<meta name=\"description\" content=\"Un cas de rage d\u00e9tect\u00e9 : Borj Cedria d\u00e9clar\u00e9e zone infect\u00e9e par le gouverneur de Ben Arous\" \/>\n<link rel=\"canonical\" href=\"https:\/\/www.webdo.tn\/fr\/actualite\/sante\/tunisie-un-cas-de-rage-detecte-borj-cedria-declaree-zone-infectee-par-le-gouverneur-de-ben-arous\/185396\/\" \/>\n<meta property=\"og:locale\" content=\"fr_FR\" \/>\n<meta property=\"og:type\" content=\"article\" \/>\n<meta property=\"og:title\" content=\"Un cas de rage d\u00e9tect\u00e9 : Borj Cedria d\u00e9clar\u00e9e zone infect\u00e9e par le gouverneur de Ben Arous\" \/>\n<meta property=\"og:description\" content=\"Un cas de rage d\u00e9tect\u00e9 : Borj Cedria d\u00e9clar\u00e9e zone infect\u00e9e par le gouverneur de Ben Arous\" \/>\n<meta property=\"og:url\" content=\"https:\/\/www.webdo.tn\/fr\/actualite\/sante\/tunisie-un-cas-de-rage-detecte-borj-cedria-declaree-zone-infectee-par-le-gouverneur-de-ben-arous\/185396\/\" \/>\n<meta property=\"og:site_name\" content=\"webdo\" \/>\n<meta property=\"article:publisher\" content=\"https:\/\/www.facebook.com\/webdotn\" \/>\n<meta property=\"article:published_time\" content=\"2014-09-29T22:58:00+00:00\" \/>\n<meta property=\"article:modified_time\" content=\"2025-05-22T13:03:53+00:00\" \/>\n<meta property=\"og:image\" content=\"https:\/\/www.webdo.tn\/fr\/wp-content\/uploads\/2014\/09\/Chien-errant.jpg\" \/>\n\t<meta property=\"og:image:width\" content=\"200\" \/>\n\t<meta property=\"og:image:height\" content=\"225\" \/>\n\t<meta property=\"og:image:type\" content=\"image\/jpeg\" \/>\n<meta name=\"author\" content=\"webdo.tn\" \/>\n<meta name=\"twitter:card\" content=\"summary_large_image\" \/>\n<meta name=\"twitter:creator\" content=\"@webdo_tn\" \/>\n<meta name=\"twitter:site\" content=\"@webdo_tn\" \/>\n<meta name=\"twitter:label1\" content=\"\u00c9crit par\" \/>\n\t<meta name=\"twitter:data1\" content=\"webdo.tn\" \/>\n\t<meta name=\"twitter:label2\" content=\"Dur\u00e9e de lecture estim\u00e9e\" \/>\n\t<meta name=\"twitter:data2\" content=\"1 minute\" \/>\n<script type=\"application\/ld+json\" class=\"yoast-schema-graph\">{\"@context\":\"https:\\\/\\\/schema.org\",\"@graph\":[{\"@type\":\"NewsArticle\",\"@id\":\"https:\\\/\\\/www.webdo.tn\\\/fr\\\/actualite\\\/sante\\\/tunisie-un-cas-de-rage-detecte-borj-cedria-declaree-zone-infectee-par-le-gouverneur-de-ben-arous\\\/185396\\\/#article\",\"isPartOf\":{\"@id\":\"https:\\\/\\\/www.webdo.tn\\\/fr\\\/actualite\\\/sante\\\/tunisie-un-cas-de-rage-detecte-borj-cedria-declaree-zone-infectee-par-le-gouverneur-de-ben-arous\\\/185396\\\/\"},\"author\":{\"name\":\"webdo.tn\",\"@id\":\"https:\\\/\\\/www.webdo.tn\\\/fr\\\/#\\\/schema\\\/person\\\/9a9c6118d687c117df8ef3cc36a4d175\"},\"headline\":\"Un cas de rage d\u00e9tect\u00e9 : Borj Cedria d\u00e9clar\u00e9e zone infect\u00e9e par le gouverneur de Ben Arous\",\"datePublished\":\"2014-09-29T22:58:00+00:00\",\"dateModified\":\"2025-05-22T13:03:53+00:00\",\"mainEntityOfPage\":{\"@id\":\"https:\\\/\\\/www.webdo.tn\\\/fr\\\/actualite\\\/sante\\\/tunisie-un-cas-de-rage-detecte-borj-cedria-declaree-zone-infectee-par-le-gouverneur-de-ben-arous\\\/185396\\\/\"},\"wordCount\":276,\"commentCount\":0,\"publisher\":{\"@id\":\"https:\\\/\\\/www.webdo.tn\\\/fr\\\/#organization\"},\"image\":{\"@id\":\"https:\\\/\\\/www.webdo.tn\\\/fr\\\/actualite\\\/sante\\\/tunisie-un-cas-de-rage-detecte-borj-cedria-declaree-zone-infectee-par-le-gouverneur-de-ben-arous\\\/185396\\\/#primaryimage\"},\"thumbnailUrl\":\"https:\\\/\\\/www.webdo.tn\\\/fr\\\/wp-content\\\/uploads\\\/2014\\\/09\\\/Chien-errant.jpg\",\"articleSection\":[\"Sant\u00e9\"],\"inLanguage\":\"fr-FR\"},{\"@type\":\"WebPage\",\"@id\":\"https:\\\/\\\/www.webdo.tn\\\/fr\\\/actualite\\\/sante\\\/tunisie-un-cas-de-rage-detecte-borj-cedria-declaree-zone-infectee-par-le-gouverneur-de-ben-arous\\\/185396\\\/\",\"url\":\"https:\\\/\\\/www.webdo.tn\\\/fr\\\/actualite\\\/sante\\\/tunisie-un-cas-de-rage-detecte-borj-cedria-declaree-zone-infectee-par-le-gouverneur-de-ben-arous\\\/185396\\\/\",\"name\":\"Un cas de rage d\u00e9tect\u00e9 : Borj Cedria d\u00e9clar\u00e9e zone infect\u00e9e par le gouverneur de Ben Arous\",\"isPartOf\":{\"@id\":\"https:\\\/\\\/www.webdo.tn\\\/fr\\\/#website\"},\"primaryImageOfPage\":{\"@id\":\"https:\\\/\\\/www.webdo.tn\\\/fr\\\/actualite\\\/sante\\\/tunisie-un-cas-de-rage-detecte-borj-cedria-declaree-zone-infectee-par-le-gouverneur-de-ben-arous\\\/185396\\\/#primaryimage\"},\"image\":{\"@id\":\"https:\\\/\\\/www.webdo.tn\\\/fr\\\/actualite\\\/sante\\\/tunisie-un-cas-de-rage-detecte-borj-cedria-declaree-zone-infectee-par-le-gouverneur-de-ben-arous\\\/185396\\\/#primaryimage\"},\"thumbnailUrl\":\"https:\\\/\\\/www.webdo.tn\\\/fr\\\/wp-content\\\/uploads\\\/2014\\\/09\\\/Chien-errant.jpg\",\"datePublished\":\"2014-09-29T22:58:00+00:00\",\"dateModified\":\"2025-05-22T13:03:53+00:00\",\"description\":\"Un cas de rage d\u00e9tect\u00e9 : Borj Cedria d\u00e9clar\u00e9e zone infect\u00e9e par le gouverneur de Ben Arous\",\"breadcrumb\":{\"@id\":\"https:\\\/\\\/www.webdo.tn\\\/fr\\\/actualite\\\/sante\\\/tunisie-un-cas-de-rage-detecte-borj-cedria-declaree-zone-infectee-par-le-gouverneur-de-ben-arous\\\/185396\\\/#breadcrumb\"},\"inLanguage\":\"fr-FR\",\"potentialAction\":[{\"@type\":\"ReadAction\",\"target\":[\"https:\\\/\\\/www.webdo.tn\\\/fr\\\/actualite\\\/sante\\\/tunisie-un-cas-de-rage-detecte-borj-cedria-declaree-zone-infectee-par-le-gouverneur-de-ben-arous\\\/185396\\\/\"]}]},{\"@type\":\"ImageObject\",\"inLanguage\":\"fr-FR\",\"@id\":\"https:\\\/\\\/www.webdo.tn\\\/fr\\\/actualite\\\/sante\\\/tunisie-un-cas-de-rage-detecte-borj-cedria-declaree-zone-infectee-par-le-gouverneur-de-ben-arous\\\/185396\\\/#primaryimage\",\"url\":\"https:\\\/\\\/www.webdo.tn\\\/fr\\\/wp-content\\\/uploads\\\/2014\\\/09\\\/Chien-errant.jpg\",\"contentUrl\":\"https:\\\/\\\/www.webdo.tn\\\/fr\\\/wp-content\\\/uploads\\\/2014\\\/09\\\/Chien-errant.jpg\",\"width\":200,\"height\":225,\"caption\":\"Un cas de rage d\u00e9tect\u00e9 : Borj Cedria d\u00e9clar\u00e9e zone infect\u00e9e par le gouverneur de Ben Arous\"},{\"@type\":\"BreadcrumbList\",\"@id\":\"https:\\\/\\\/www.webdo.tn\\\/fr\\\/actualite\\\/sante\\\/tunisie-un-cas-de-rage-detecte-borj-cedria-declaree-zone-infectee-par-le-gouverneur-de-ben-arous\\\/185396\\\/#breadcrumb\",\"itemListElement\":[{\"@type\":\"ListItem\",\"position\":1,\"name\":\"Accueil\",\"item\":\"https:\\\/\\\/www.webdo.tn\\\/fr\\\/\"},{\"@type\":\"ListItem\",\"position\":2,\"name\":\"Un cas de rage d\u00e9tect\u00e9 : Borj Cedria d\u00e9clar\u00e9e zone infect\u00e9e par le gouverneur de Ben Arous\"}]},{\"@type\":\"WebSite\",\"@id\":\"https:\\\/\\\/www.webdo.tn\\\/fr\\\/#website\",\"url\":\"https:\\\/\\\/www.webdo.tn\\\/fr\\\/\",\"name\":\"webdo\",\"description\":\"Tunisie - News en Tunisie et \u00e0 l&#039;international sur Webdo.tn\",\"publisher\":{\"@id\":\"https:\\\/\\\/www.webdo.tn\\\/fr\\\/#organization\"},\"potentialAction\":[{\"@type\":\"SearchAction\",\"target\":{\"@type\":\"EntryPoint\",\"urlTemplate\":\"https:\\\/\\\/www.webdo.tn\\\/fr\\\/?s={search_term_string}\"},\"query-input\":{\"@type\":\"PropertyValueSpecification\",\"valueRequired\":true,\"valueName\":\"search_term_string\"}}],\"inLanguage\":\"fr-FR\"},{\"@type\":\"Organization\",\"@id\":\"https:\\\/\\\/www.webdo.tn\\\/fr\\\/#organization\",\"name\":\"Webdo\",\"alternateName\":\"Webdo.tn\",\"url\":\"https:\\\/\\\/www.webdo.tn\\\/fr\\\/\",\"logo\":{\"@type\":\"ImageObject\",\"inLanguage\":\"fr-FR\",\"@id\":\"https:\\\/\\\/www.webdo.tn\\\/fr\\\/#\\\/schema\\\/logo\\\/image\\\/\",\"url\":\"https:\\\/\\\/www.webdo.tn\\\/fr\\\/wp-content\\\/uploads\\\/2025\\\/06\\\/Webdo-Tunisie_168377.jpg\",\"contentUrl\":\"https:\\\/\\\/www.webdo.tn\\\/fr\\\/wp-content\\\/uploads\\\/2025\\\/06\\\/Webdo-Tunisie_168377.jpg\",\"width\":301,\"height\":301,\"caption\":\"Webdo\"},\"image\":{\"@id\":\"https:\\\/\\\/www.webdo.tn\\\/fr\\\/#\\\/schema\\\/logo\\\/image\\\/\"},\"sameAs\":[\"https:\\\/\\\/www.facebook.com\\\/webdotn\",\"https:\\\/\\\/x.com\\\/webdo_tn\"],\"description\":\"Webdo est un m\u00e9dia num\u00e9rique tunisien fond\u00e9 en 2010, sp\u00e9cialis\u00e9 dans l\u2019actualit\u00e9 nationale et internationale, l\u2019\u00e9conomie, la soci\u00e9t\u00e9 et les analyses politiques. Le site s\u2019adresse \u00e0 un large public francophone et couvre l\u2019information tunisienne en temps r\u00e9el.\",\"email\":\"redac@webdo.tn\",\"legalName\":\"YNJ SARL\",\"foundingDate\":\"2010-09-06\",\"numberOfEmployees\":{\"@type\":\"QuantitativeValue\",\"minValue\":\"11\",\"maxValue\":\"50\"}},{\"@type\":\"Person\",\"@id\":\"https:\\\/\\\/www.webdo.tn\\\/fr\\\/#\\\/schema\\\/person\\\/9a9c6118d687c117df8ef3cc36a4d175\",\"name\":\"webdo.tn\",\"image\":{\"@type\":\"ImageObject\",\"inLanguage\":\"fr-FR\",\"@id\":\"https:\\\/\\\/secure.gravatar.com\\\/avatar\\\/7ce1f28c0c3bbac99ff550b85ef8e44a6950c6ee24514fb6a5489e51d06f0298?s=96&d=mm&r=g\",\"url\":\"https:\\\/\\\/secure.gravatar.com\\\/avatar\\\/7ce1f28c0c3bbac99ff550b85ef8e44a6950c6ee24514fb6a5489e51d06f0298?s=96&d=mm&r=g\",\"contentUrl\":\"https:\\\/\\\/secure.gravatar.com\\\/avatar\\\/7ce1f28c0c3bbac99ff550b85ef8e44a6950c6ee24514fb6a5489e51d06f0298?s=96&d=mm&r=g\",\"caption\":\"webdo.tn\"},\"url\":\"https:\\\/\\\/www.webdo.tn\\\/fr\\\/actualite\\\/author\\\/webdotn\\\/\"}]}<\/script>\n<!-- \/ Yoast SEO Premium plugin. -->","yoast_head_json":{"title":"Un cas de rage d\u00e9tect\u00e9 : Borj Cedria d\u00e9clar\u00e9e zone infect\u00e9e par le gouverneur de Ben Arous","description":"Un cas de rage d\u00e9tect\u00e9 : Borj Cedria d\u00e9clar\u00e9e zone infect\u00e9e par le gouverneur de Ben Arous","canonical":"https:\/\/www.webdo.tn\/fr\/actualite\/sante\/tunisie-un-cas-de-rage-detecte-borj-cedria-declaree-zone-infectee-par-le-gouverneur-de-ben-arous\/185396\/","og_locale":"fr_FR","og_type":"article","og_title":"Un cas de rage d\u00e9tect\u00e9 : Borj Cedria d\u00e9clar\u00e9e zone infect\u00e9e par le gouverneur de Ben Arous","og_description":"Un cas de rage d\u00e9tect\u00e9 : Borj Cedria d\u00e9clar\u00e9e zone infect\u00e9e par le gouverneur de Ben Arous","og_url":"https:\/\/www.webdo.tn\/fr\/actualite\/sante\/tunisie-un-cas-de-rage-detecte-borj-cedria-declaree-zone-infectee-par-le-gouverneur-de-ben-arous\/185396\/","og_site_name":"webdo","article_publisher":"https:\/\/www.facebook.com\/webdotn","article_published_time":"2014-09-29T22:58:00+00:00","article_modified_time":"2025-05-22T13:03:53+00:00","og_image":[{"width":200,"height":225,"url":"https:\/\/www.webdo.tn\/fr\/wp-content\/uploads\/2014\/09\/Chien-errant.jpg","type":"image\/jpeg"}],"author":"webdo.tn","twitter_card":"summary_large_image","twitter_creator":"@webdo_tn","twitter_site":"@webdo_tn","twitter_misc":{"\u00c9crit par":"webdo.tn","Dur\u00e9e de lecture estim\u00e9e":"1 minute"},"schema":{"@context":"https:\/\/schema.org","@graph":[{"@type":"NewsArticle","@id":"https:\/\/www.webdo.tn\/fr\/actualite\/sante\/tunisie-un-cas-de-rage-detecte-borj-cedria-declaree-zone-infectee-par-le-gouverneur-de-ben-arous\/185396\/#article","isPartOf":{"@id":"https:\/\/www.webdo.tn\/fr\/actualite\/sante\/tunisie-un-cas-de-rage-detecte-borj-cedria-declaree-zone-infectee-par-le-gouverneur-de-ben-arous\/185396\/"},"author":{"name":"webdo.tn","@id":"https:\/\/www.webdo.tn\/fr\/#\/schema\/person\/9a9c6118d687c117df8ef3cc36a4d175"},"headline":"Un cas de rage d\u00e9tect\u00e9 : Borj Cedria d\u00e9clar\u00e9e zone infect\u00e9e par le gouverneur de Ben Arous","datePublished":"2014-09-29T22:58:00+00:00","dateModified":"2025-05-22T13:03:53+00:00","mainEntityOfPage":{"@id":"https:\/\/www.webdo.tn\/fr\/actualite\/sante\/tunisie-un-cas-de-rage-detecte-borj-cedria-declaree-zone-infectee-par-le-gouverneur-de-ben-arous\/185396\/"},"wordCount":276,"commentCount":0,"publisher":{"@id":"https:\/\/www.webdo.tn\/fr\/#organization"},"image":{"@id":"https:\/\/www.webdo.tn\/fr\/actualite\/sante\/tunisie-un-cas-de-rage-detecte-borj-cedria-declaree-zone-infectee-par-le-gouverneur-de-ben-arous\/185396\/#primaryimage"},"thumbnailUrl":"https:\/\/www.webdo.tn\/fr\/wp-content\/uploads\/2014\/09\/Chien-errant.jpg","articleSection":["Sant\u00e9"],"inLanguage":"fr-FR"},{"@type":"WebPage","@id":"https:\/\/www.webdo.tn\/fr\/actualite\/sante\/tunisie-un-cas-de-rage-detecte-borj-cedria-declaree-zone-infectee-par-le-gouverneur-de-ben-arous\/185396\/","url":"https:\/\/www.webdo.tn\/fr\/actualite\/sante\/tunisie-un-cas-de-rage-detecte-borj-cedria-declaree-zone-infectee-par-le-gouverneur-de-ben-arous\/185396\/","name":"Un cas de rage d\u00e9tect\u00e9 : Borj Cedria d\u00e9clar\u00e9e zone infect\u00e9e par le gouverneur de Ben Arous","isPartOf":{"@id":"https:\/\/www.webdo.tn\/fr\/#website"},"primaryImageOfPage":{"@id":"https:\/\/www.webdo.tn\/fr\/actualite\/sante\/tunisie-un-cas-de-rage-detecte-borj-cedria-declaree-zone-infectee-par-le-gouverneur-de-ben-arous\/185396\/#primaryimage"},"image":{"@id":"https:\/\/www.webdo.tn\/fr\/actualite\/sante\/tunisie-un-cas-de-rage-detecte-borj-cedria-declaree-zone-infectee-par-le-gouverneur-de-ben-arous\/185396\/#primaryimage"},"thumbnailUrl":"https:\/\/www.webdo.tn\/fr\/wp-content\/uploads\/2014\/09\/Chien-errant.jpg","datePublished":"2014-09-29T22:58:00+00:00","dateModified":"2025-05-22T13:03:53+00:00","description":"Un cas de rage d\u00e9tect\u00e9 : Borj Cedria d\u00e9clar\u00e9e zone infect\u00e9e par le gouverneur de Ben Arous","breadcrumb":{"@id":"https:\/\/www.webdo.tn\/fr\/actualite\/sante\/tunisie-un-cas-de-rage-detecte-borj-cedria-declaree-zone-infectee-par-le-gouverneur-de-ben-arous\/185396\/#breadcrumb"},"inLanguage":"fr-FR","potentialAction":[{"@type":"ReadAction","target":["https:\/\/www.webdo.tn\/fr\/actualite\/sante\/tunisie-un-cas-de-rage-detecte-borj-cedria-declaree-zone-infectee-par-le-gouverneur-de-ben-arous\/185396\/"]}]},{"@type":"ImageObject","inLanguage":"fr-FR","@id":"https:\/\/www.webdo.tn\/fr\/actualite\/sante\/tunisie-un-cas-de-rage-detecte-borj-cedria-declaree-zone-infectee-par-le-gouverneur-de-ben-arous\/185396\/#primaryimage","url":"https:\/\/www.webdo.tn\/fr\/wp-content\/uploads\/2014\/09\/Chien-errant.jpg","contentUrl":"https:\/\/www.webdo.tn\/fr\/wp-content\/uploads\/2014\/09\/Chien-errant.jpg","width":200,"height":225,"caption":"Un cas de rage d\u00e9tect\u00e9 : Borj Cedria d\u00e9clar\u00e9e zone infect\u00e9e par le gouverneur de Ben Arous"},{"@type":"BreadcrumbList","@id":"https:\/\/www.webdo.tn\/fr\/actualite\/sante\/tunisie-un-cas-de-rage-detecte-borj-cedria-declaree-zone-infectee-par-le-gouverneur-de-ben-arous\/185396\/#breadcrumb","itemListElement":[{"@type":"ListItem","position":1,"name":"Accueil","item":"https:\/\/www.webdo.tn\/fr\/"},{"@type":"ListItem","position":2,"name":"Un cas de rage d\u00e9tect\u00e9 : Borj Cedria d\u00e9clar\u00e9e zone infect\u00e9e par le gouverneur de Ben Arous"}]},{"@type":"WebSite","@id":"https:\/\/www.webdo.tn\/fr\/#website","url":"https:\/\/www.webdo.tn\/fr\/","name":"webdo","description":"Tunisie - News en Tunisie et \u00e0 l&#039;international sur Webdo.tn","publisher":{"@id":"https:\/\/www.webdo.tn\/fr\/#organization"},"potentialAction":[{"@type":"SearchAction","target":{"@type":"EntryPoint","urlTemplate":"https:\/\/www.webdo.tn\/fr\/?s={search_term_string}"},"query-input":{"@type":"PropertyValueSpecification","valueRequired":true,"valueName":"search_term_string"}}],"inLanguage":"fr-FR"},{"@type":"Organization","@id":"https:\/\/www.webdo.tn\/fr\/#organization","name":"Webdo","alternateName":"Webdo.tn","url":"https:\/\/www.webdo.tn\/fr\/","logo":{"@type":"ImageObject","inLanguage":"fr-FR","@id":"https:\/\/www.webdo.tn\/fr\/#\/schema\/logo\/image\/","url":"https:\/\/www.webdo.tn\/fr\/wp-content\/uploads\/2025\/06\/Webdo-Tunisie_168377.jpg","contentUrl":"https:\/\/www.webdo.tn\/fr\/wp-content\/uploads\/2025\/06\/Webdo-Tunisie_168377.jpg","width":301,"height":301,"caption":"Webdo"},"image":{"@id":"https:\/\/www.webdo.tn\/fr\/#\/schema\/logo\/image\/"},"sameAs":["https:\/\/www.facebook.com\/webdotn","https:\/\/x.com\/webdo_tn"],"description":"Webdo est un m\u00e9dia num\u00e9rique tunisien fond\u00e9 en 2010, sp\u00e9cialis\u00e9 dans l\u2019actualit\u00e9 nationale et internationale, l\u2019\u00e9conomie, la soci\u00e9t\u00e9 et les analyses politiques. Le site s\u2019adresse \u00e0 un large public francophone et couvre l\u2019information tunisienne en temps r\u00e9el.","email":"redac@webdo.tn","legalName":"YNJ SARL","foundingDate":"2010-09-06","numberOfEmployees":{"@type":"QuantitativeValue","minValue":"11","maxValue":"50"}},{"@type":"Person","@id":"https:\/\/www.webdo.tn\/fr\/#\/schema\/person\/9a9c6118d687c117df8ef3cc36a4d175","name":"webdo.tn","image":{"@type":"ImageObject","inLanguage":"fr-FR","@id":"https:\/\/secure.gravatar.com\/avatar\/7ce1f28c0c3bbac99ff550b85ef8e44a6950c6ee24514fb6a5489e51d06f0298?s=96&d=mm&r=g","url":"https:\/\/secure.gravatar.com\/avatar\/7ce1f28c0c3bbac99ff550b85ef8e44a6950c6ee24514fb6a5489e51d06f0298?s=96&d=mm&r=g","contentUrl":"https:\/\/secure.gravatar.com\/avatar\/7ce1f28c0c3bbac99ff550b85ef8e44a6950c6ee24514fb6a5489e51d06f0298?s=96&d=mm&r=g","caption":"webdo.tn"},"url":"https:\/\/www.webdo.tn\/fr\/actualite\/author\/webdotn\/"}]}},"_links":{"self":[{"href":"https:\/\/www.webdo.tn\/fr\/wp-json\/wp\/v2\/posts\/185396","targetHints":{"allow":["GET"]}}],"collection":[{"href":"https:\/\/www.webdo.tn\/fr\/wp-json\/wp\/v2\/posts"}],"about":[{"href":"https:\/\/www.webdo.tn\/fr\/wp-json\/wp\/v2\/types\/post"}],"author":[{"embeddable":true,"href":"https:\/\/www.webdo.tn\/fr\/wp-json\/wp\/v2\/users\/3222"}],"replies":[{"embeddable":true,"href":"https:\/\/www.webdo.tn\/fr\/wp-json\/wp\/v2\/comments?post=185396"}],"version-history":[{"count":0,"href":"https:\/\/www.webdo.tn\/fr\/wp-json\/wp\/v2\/posts\/185396\/revisions"}],"wp:featuredmedia":[{"embeddable":true,"href":"https:\/\/www.webdo.tn\/fr\/wp-json\/wp\/v2\/media\/331386"}],"wp:attachment":[{"href":"https:\/\/www.webdo.tn\/fr\/wp-json\/wp\/v2\/media?parent=185396"}],"wp:term":[{"taxonomy":"category","embeddable":true,"href":"https:\/\/www.webdo.tn\/fr\/wp-json\/wp\/v2\/categories?post=185396"},{"taxonomy":"post_tag","embeddable":true,"href":"https:\/\/www.webdo.tn\/fr\/wp-json\/wp\/v2\/tags?post=185396"}],"curies":[{"name":"wp","href":"https:\/\/api.w.org\/{rel}","templated":true}]}}