{"id":185393,"date":"2014-10-14T13:26:00","date_gmt":"2014-10-14T13:26:00","guid":{"rendered":"https:\/\/www.webdo.tn\/fr\/blog\/tunisie-canceropole-del-hamma-le-gouvernement-tunisien-repond-a-european-cancer-centers\/185393\/"},"modified":"2025-05-22T13:03:16","modified_gmt":"2025-05-22T13:03:16","slug":"tunisie-canceropole-del-hamma-le-gouvernement-tunisien-repond-a-european-cancer-centers","status":"publish","type":"post","link":"https:\/\/www.webdo.tn\/fr\/actualite\/sante\/tunisie-canceropole-del-hamma-le-gouvernement-tunisien-repond-a-european-cancer-centers\/185393\/","title":{"rendered":"Canc\u00e9rop\u00f4le d&rsquo;El Hamma : Le gouvernement tunisien r\u00e9pond \u00e0 European Cancer Centers"},"content":{"rendered":"<p>M. Nidhal Ouerfelli, ministre aupr\u00e8s du Chef du gouvernement charg\u00e9 de la coordination et du suivi des affaires \u00e9conomiques a r\u00e9pondu, dans un texte en date du 9 octobre \u00e0 European Cancer Centers, au sujet du projet de canc\u00e9rop\u00f4le \u00e0 El Hamma, dans le gouvernorat de Gabes.<\/p>\n<p>Dans la r\u00e9ponse de la pr\u00e9sidence du gouvernement, dont une copie a \u00e9galement \u00e9t\u00e9 adress\u00e9e \u00e0 l\u2019ambassadeur de France en Tunisie, M. Ouerfelli pr\u00e9cise d\u2019abord que \u00ab le refus du projet par la Commission Sup\u00e9rieure des Grands Projets est de la pure d\u00e9sinformation \u00bb.<\/p>\n<p>\u00ab La d\u00e9cision de refus dont vous faites r\u00e9f\u00e9rence dans votre lettre ouverte concerne exclusivement les propositions soumises \u00e0 la Commission Sup\u00e9rieure des Grands Projets par le comit\u00e9 interminist\u00e9riel charg\u00e9 de l\u2019\u00e9tude de votre projet dont notamment la proposition de conclusion d&rsquo;un MOU qui sera suivi par une convention d&rsquo;investissement entre I&rsquo;Etat tunisien et the European Cancer Centers &#8211; Tunisie. \u00bb<\/p>\n<p>Le gouvernement tunisien refuse d\u2019inscrire ce projet sur la liste des Grands Projets, selon ECC<\/p>\n<p>En r\u00e9action \u00e0 cette lettre, European Cancer Centers &#8211; Tunisie nous a adress\u00e9 sa version. \u00ab Le gouvernement tunisien refuse d\u2019inscrire le projet de plus grand Centre de canc\u00e9rologie du continent africain sur la liste des Grands Projets et la r\u00e9ponse officielle de Nidhal Ouerfelli stipule que la Commission Sup\u00e9rieure refuse de proc\u00e9der \u00e0 la signature de la Convention d\u2019investissement propos\u00e9e par le comit\u00e9 interminist\u00e9riel et n\u00e9goci\u00e9e point par point durant les 12 derniers mois avec ses promoteurs \u00bb.\u00ab Cette r\u00e9ponse officielle laconique, ne pr\u00e9sentant toujours pas de motifs justifiant cette d\u00e9cision, intervient pr\u00e8s de 45 jours apr\u00e8s la tenue de la Commission Sup\u00e9rieure des Grands Projets le 22 ao\u00fbt dernier, sans respect pour les d\u00e9lais (15 jours) et proc\u00e9dures d\u00e9finies par le d\u00e9cret n\u00b02013-561 du 21 janvier 2013 relatif aux Grands Projets.<\/p>\n<p>Sur le fond, ECC consid\u00e8re que les termes de la r\u00e9ponse officielle du Gouvernement constituent une \u00ab\u00a0violation flagrante de l\u2019Etat de droit. En l\u2019esp\u00e8ce, la d\u00e9cision de ne plus cat\u00e9goriser ce projet dans les grands projets soumis au d\u00e9cret n\u00b02013-561 du 21 janvier 2013 mais de le soumettre \u00e0 la loi 2001-94 du 7 ao\u00fbt 2011 est un changement complet de cadre juridique, totalement injustifi\u00e9, d\u00e9cid\u00e9 unilat\u00e9ralement et a posteriori par le gouvernement tunisien, ce qui est contraire aux principes fondamentaux du droit \u00bb.<\/p>\n<p>D\u00e9classer ce projet en Projet Ordinaire revient \u00e0 vouloir l\u2019enterrer, d\u2019apr\u00e8s ECC<\/p>\n<p>ECC &#8211; Tunisie nous pr\u00e9cise bien que \u00ab c\u2019est le minist\u00e8re de la Sant\u00e9 publique qui a impos\u00e9 le statut offshore au projet European Cancer Centers &#8211; Tunisie. Ce statut est r\u00e9gi par le d\u00e9cret 2002-545 du 5 mars 2002 et limite la proportion de patient\u00e8le tunisienne \u00e0 20% de l\u2019activit\u00e9 du Centre. Cette d\u00e9cision est li\u00e9e \u00e0 l\u2019incapacit\u00e9 de la CNAM \u00e0 prendre en charge le remboursement des traitements de radioth\u00e9rapie sur acc\u00e9l\u00e9rateurs de particules de patients tunisiens dans une proportion d\u00e9passant les 20% d\u2019activit\u00e9 du Centre. <\/p>\n<p>D&rsquo;apr\u00e8s le ECC, la capacit\u00e9 totale de traitement en phase 1 (5 premi\u00e8res ann\u00e9es d\u2019activit\u00e9) est de 6000 patients par an. \u00ab\u00a0Cela revient donc \u00e0 dire que nous serons contraints par les Autorit\u00e9s d\u2019accueillir 1200 patients tunisiens par an au maximum, soit 20% de la patient\u00e8le du Centre\u00a0\u00bb, explique-t-il.<\/p>\n<p>Prise en charge de 1000 patients tunisiens d\u00e9munis par an<\/p>\n<p>Par ailleurs, ECC pr\u00e9cise qu&rsquo;il a \u00ab\u00a0pris l\u2019initiative de garantir contractuellement la cr\u00e9ation d\u2019une Fondation caritative ind\u00e9pendante destin\u00e9e \u00e0 soigner les plus d\u00e9munis, (&#8230;) et l\u2019engagement formel d\u2019apporter une dotation annuelle de 800.000 euros au budget global de 5 millions d\u2019euros de cette Fondation, ce qui permettra de prendre enti\u00e8rement en charge le traitement du cancer de 1000 patients tunisiens d\u00e9munis par an.\u00a0\u00bb<\/p>\n<p>\u00ab\u00a0Ces 1000 patients d\u00e9munis ne seront pas consid\u00e9r\u00e9s par la CNAM comme faisant partie du ratio de 20% de patient\u00e8le tunisienne, dans la mesure o\u00f9 ils seront int\u00e9gralement pris en charge par cette Fondation caritative ind\u00e9pendante bas\u00e9e en Suisse, et ne repr\u00e9sentant donc strictement aucun co\u00fbt pour la CNAM et l\u2019Etat tunisien\u00a0\u00bb, argumente l&rsquo;ECC.<\/p>\n<p>Concernant la diff\u00e9rence entre Grand Projet et Projet Ordinaire, l&rsquo;ECC explique que \u00ab\u00a0la question est assez complexe mais pour r\u00e9sumer : la contrepartie d\u2019un Grand Projet est l\u2019ensemble du Gouvernement Tunisien. Alors que dans le cas d\u2019un Projet Ordinaire, il s\u2019agit uniquement du Ministre de la Sant\u00e9. D\u00e9classer ce projet en Projet Ordinaire revient donc \u00e0 vouloir l\u2019enterrer, le Ministre de la Sant\u00e9 \u00e9tant totalement oppos\u00e9 \u00e0 son d\u00e9veloppement pour des raisons que nous avons d\u00e9j\u00e0 expos\u00e9es. Il est \u00e0 noter que le ministre de la Sant\u00e9 Publique a publiquement exprim\u00e9 son refus frontal du projet (en contradiction avec la position officielle du Gouvernement).\u00a0\u00bb<\/p>\n<p>Par ailleurs, ce projet a \u00e9t\u00e9 class\u00e9 Grand Projet \u00e0 la demande du Gouvernement, il y a pr\u00e8s d\u2019une ann\u00e9e, rappelle l&rsquo;ECC, \u00ab\u00a0en cons\u00e9quence, nous avons travaill\u00e9 intensivement avec le Cabinet du Chef du Gouvernement et le Comit\u00e9 Interminist\u00e9riel pendant pr\u00e8s de 8 mois afin de valider l\u2019ensemble des aspects techniques et la Convention d\u2019investissement. Tout cela devait \u00eatre avalis\u00e9 par la Commission Sup\u00e9rieure du 22 ao\u00fbt. Or le ministre de la Sant\u00e9 Publique a choisi d\u2019opposer son veto pendant cette Commission, sans argument recevable et objectif.\u00a0\u00bb<\/p>\n<p>Les responsables de l&rsquo;ECC d\u00e9plorent le fait qu&rsquo;on leur \u00a0\u00bb demande aujourd\u2019hui de tout recommencer depuis le d\u00e9but, en (se) soumettant a posteriori \u00e0 un autre cadre juridique, ce qui est totalement contraire au droit\u00a0\u00bb ; pour eux, \u00ab\u00a0la\u00a0r\u00e9ponse officielle, transmise par M. Ouerfelli ne pr\u00e9sente toujours pas de motifs justifiant cette d\u00e9cision\u00a0\u00bb.<\/p>\n","protected":false},"excerpt":{"rendered":"<p>Canc\u00e9rop\u00f4le d&rsquo;El Hamma : Le gouvernement tunisien r\u00e9pond \u00e0 European Cancer Centers<\/p>\n","protected":false},"author":3222,"featured_media":373368,"comment_status":"open","ping_status":"closed","sticky":false,"template":"","format":"standard","meta":{"footnotes":""},"categories":[11341],"tags":[],"class_list":["post-185393","post","type-post","status-publish","format-standard","has-post-thumbnail","hentry","category-sante"],"yoast_head":"<!-- This site is optimized with the Yoast SEO Premium plugin v27.5 (Yoast SEO v27.5) - https:\/\/yoast.com\/product\/yoast-seo-premium-wordpress\/ -->\n<title>Canc\u00e9rop\u00f4le d&#039;El Hamma : Le gouvernement tunisien r\u00e9pond \u00e0 European Cancer Centers<\/title>\n<meta name=\"description\" content=\"Canc\u00e9rop\u00f4le d&#039;El Hamma : Le gouvernement tunisien r\u00e9pond \u00e0 European Cancer Centers\" \/>\n<link rel=\"canonical\" href=\"https:\/\/www.webdo.tn\/fr\/actualite\/sante\/tunisie-canceropole-del-hamma-le-gouvernement-tunisien-repond-a-european-cancer-centers\/185393\/\" \/>\n<meta property=\"og:locale\" content=\"fr_FR\" \/>\n<meta property=\"og:type\" content=\"article\" \/>\n<meta property=\"og:title\" content=\"Canc\u00e9rop\u00f4le d&#039;El Hamma : Le gouvernement tunisien r\u00e9pond \u00e0 European Cancer Centers\" \/>\n<meta property=\"og:description\" content=\"Canc\u00e9rop\u00f4le d&#039;El Hamma : Le gouvernement tunisien r\u00e9pond \u00e0 European Cancer Centers\" \/>\n<meta property=\"og:url\" content=\"https:\/\/www.webdo.tn\/fr\/actualite\/sante\/tunisie-canceropole-del-hamma-le-gouvernement-tunisien-repond-a-european-cancer-centers\/185393\/\" \/>\n<meta property=\"og:site_name\" content=\"webdo\" \/>\n<meta property=\"article:publisher\" content=\"https:\/\/www.facebook.com\/webdotn\" \/>\n<meta property=\"article:published_time\" content=\"2014-10-14T13:26:00+00:00\" \/>\n<meta property=\"article:modified_time\" content=\"2025-05-22T13:03:16+00:00\" \/>\n<meta property=\"og:image\" content=\"https:\/\/www.webdo.tn\/fr\/wp-content\/uploads\/2025\/06\/Capture-decran-2014-10-14-a-13.18.27-e1413289552944_185393.png\" \/>\n\t<meta property=\"og:image:width\" content=\"278\" \/>\n\t<meta property=\"og:image:height\" content=\"250\" \/>\n\t<meta property=\"og:image:type\" content=\"image\/png\" \/>\n<meta name=\"author\" content=\"webdo.tn\" \/>\n<meta name=\"twitter:card\" content=\"summary_large_image\" \/>\n<meta name=\"twitter:creator\" content=\"@webdo_tn\" \/>\n<meta name=\"twitter:site\" content=\"@webdo_tn\" \/>\n<meta name=\"twitter:label1\" content=\"\u00c9crit par\" \/>\n\t<meta name=\"twitter:data1\" content=\"webdo.tn\" \/>\n\t<meta name=\"twitter:label2\" content=\"Dur\u00e9e de lecture estim\u00e9e\" \/>\n\t<meta name=\"twitter:data2\" content=\"5 minutes\" \/>\n<script type=\"application\/ld+json\" class=\"yoast-schema-graph\">{\"@context\":\"https:\\\/\\\/schema.org\",\"@graph\":[{\"@type\":\"NewsArticle\",\"@id\":\"https:\\\/\\\/www.webdo.tn\\\/fr\\\/actualite\\\/sante\\\/tunisie-canceropole-del-hamma-le-gouvernement-tunisien-repond-a-european-cancer-centers\\\/185393\\\/#article\",\"isPartOf\":{\"@id\":\"https:\\\/\\\/www.webdo.tn\\\/fr\\\/actualite\\\/sante\\\/tunisie-canceropole-del-hamma-le-gouvernement-tunisien-repond-a-european-cancer-centers\\\/185393\\\/\"},\"author\":{\"name\":\"webdo.tn\",\"@id\":\"https:\\\/\\\/www.webdo.tn\\\/fr\\\/#\\\/schema\\\/person\\\/9a9c6118d687c117df8ef3cc36a4d175\"},\"headline\":\"Canc\u00e9rop\u00f4le d&rsquo;El Hamma : Le gouvernement tunisien r\u00e9pond \u00e0 European Cancer Centers\",\"datePublished\":\"2014-10-14T13:26:00+00:00\",\"dateModified\":\"2025-05-22T13:03:16+00:00\",\"mainEntityOfPage\":{\"@id\":\"https:\\\/\\\/www.webdo.tn\\\/fr\\\/actualite\\\/sante\\\/tunisie-canceropole-del-hamma-le-gouvernement-tunisien-repond-a-european-cancer-centers\\\/185393\\\/\"},\"wordCount\":1002,\"commentCount\":0,\"publisher\":{\"@id\":\"https:\\\/\\\/www.webdo.tn\\\/fr\\\/#organization\"},\"image\":{\"@id\":\"https:\\\/\\\/www.webdo.tn\\\/fr\\\/actualite\\\/sante\\\/tunisie-canceropole-del-hamma-le-gouvernement-tunisien-repond-a-european-cancer-centers\\\/185393\\\/#primaryimage\"},\"thumbnailUrl\":\"https:\\\/\\\/www.webdo.tn\\\/fr\\\/wp-content\\\/uploads\\\/2025\\\/06\\\/Capture-decran-2014-10-14-a-13.18.27-e1413289552944_185393.png\",\"articleSection\":[\"Sant\u00e9\"],\"inLanguage\":\"fr-FR\"},{\"@type\":\"WebPage\",\"@id\":\"https:\\\/\\\/www.webdo.tn\\\/fr\\\/actualite\\\/sante\\\/tunisie-canceropole-del-hamma-le-gouvernement-tunisien-repond-a-european-cancer-centers\\\/185393\\\/\",\"url\":\"https:\\\/\\\/www.webdo.tn\\\/fr\\\/actualite\\\/sante\\\/tunisie-canceropole-del-hamma-le-gouvernement-tunisien-repond-a-european-cancer-centers\\\/185393\\\/\",\"name\":\"Canc\u00e9rop\u00f4le d'El Hamma : Le gouvernement tunisien r\u00e9pond \u00e0 European Cancer Centers\",\"isPartOf\":{\"@id\":\"https:\\\/\\\/www.webdo.tn\\\/fr\\\/#website\"},\"primaryImageOfPage\":{\"@id\":\"https:\\\/\\\/www.webdo.tn\\\/fr\\\/actualite\\\/sante\\\/tunisie-canceropole-del-hamma-le-gouvernement-tunisien-repond-a-european-cancer-centers\\\/185393\\\/#primaryimage\"},\"image\":{\"@id\":\"https:\\\/\\\/www.webdo.tn\\\/fr\\\/actualite\\\/sante\\\/tunisie-canceropole-del-hamma-le-gouvernement-tunisien-repond-a-european-cancer-centers\\\/185393\\\/#primaryimage\"},\"thumbnailUrl\":\"https:\\\/\\\/www.webdo.tn\\\/fr\\\/wp-content\\\/uploads\\\/2025\\\/06\\\/Capture-decran-2014-10-14-a-13.18.27-e1413289552944_185393.png\",\"datePublished\":\"2014-10-14T13:26:00+00:00\",\"dateModified\":\"2025-05-22T13:03:16+00:00\",\"description\":\"Canc\u00e9rop\u00f4le d'El Hamma : Le gouvernement tunisien r\u00e9pond \u00e0 European Cancer Centers\",\"breadcrumb\":{\"@id\":\"https:\\\/\\\/www.webdo.tn\\\/fr\\\/actualite\\\/sante\\\/tunisie-canceropole-del-hamma-le-gouvernement-tunisien-repond-a-european-cancer-centers\\\/185393\\\/#breadcrumb\"},\"inLanguage\":\"fr-FR\",\"potentialAction\":[{\"@type\":\"ReadAction\",\"target\":[\"https:\\\/\\\/www.webdo.tn\\\/fr\\\/actualite\\\/sante\\\/tunisie-canceropole-del-hamma-le-gouvernement-tunisien-repond-a-european-cancer-centers\\\/185393\\\/\"]}]},{\"@type\":\"ImageObject\",\"inLanguage\":\"fr-FR\",\"@id\":\"https:\\\/\\\/www.webdo.tn\\\/fr\\\/actualite\\\/sante\\\/tunisie-canceropole-del-hamma-le-gouvernement-tunisien-repond-a-european-cancer-centers\\\/185393\\\/#primaryimage\",\"url\":\"https:\\\/\\\/www.webdo.tn\\\/fr\\\/wp-content\\\/uploads\\\/2025\\\/06\\\/Capture-decran-2014-10-14-a-13.18.27-e1413289552944_185393.png\",\"contentUrl\":\"https:\\\/\\\/www.webdo.tn\\\/fr\\\/wp-content\\\/uploads\\\/2025\\\/06\\\/Capture-decran-2014-10-14-a-13.18.27-e1413289552944_185393.png\",\"width\":278,\"height\":250,\"caption\":\"Canc\u00e9rop\u00f4le d'El Hamma : Le gouvernement tunisien r\u00e9pond \u00e0 European Cancer Centers\"},{\"@type\":\"BreadcrumbList\",\"@id\":\"https:\\\/\\\/www.webdo.tn\\\/fr\\\/actualite\\\/sante\\\/tunisie-canceropole-del-hamma-le-gouvernement-tunisien-repond-a-european-cancer-centers\\\/185393\\\/#breadcrumb\",\"itemListElement\":[{\"@type\":\"ListItem\",\"position\":1,\"name\":\"Accueil\",\"item\":\"https:\\\/\\\/www.webdo.tn\\\/fr\\\/\"},{\"@type\":\"ListItem\",\"position\":2,\"name\":\"Canc\u00e9rop\u00f4le d&rsquo;El Hamma : Le gouvernement tunisien r\u00e9pond \u00e0 European Cancer Centers\"}]},{\"@type\":\"WebSite\",\"@id\":\"https:\\\/\\\/www.webdo.tn\\\/fr\\\/#website\",\"url\":\"https:\\\/\\\/www.webdo.tn\\\/fr\\\/\",\"name\":\"webdo\",\"description\":\"Tunisie - News en Tunisie et \u00e0 l&#039;international sur Webdo.tn\",\"publisher\":{\"@id\":\"https:\\\/\\\/www.webdo.tn\\\/fr\\\/#organization\"},\"potentialAction\":[{\"@type\":\"SearchAction\",\"target\":{\"@type\":\"EntryPoint\",\"urlTemplate\":\"https:\\\/\\\/www.webdo.tn\\\/fr\\\/?s={search_term_string}\"},\"query-input\":{\"@type\":\"PropertyValueSpecification\",\"valueRequired\":true,\"valueName\":\"search_term_string\"}}],\"inLanguage\":\"fr-FR\"},{\"@type\":\"Organization\",\"@id\":\"https:\\\/\\\/www.webdo.tn\\\/fr\\\/#organization\",\"name\":\"Webdo\",\"alternateName\":\"Webdo.tn\",\"url\":\"https:\\\/\\\/www.webdo.tn\\\/fr\\\/\",\"logo\":{\"@type\":\"ImageObject\",\"inLanguage\":\"fr-FR\",\"@id\":\"https:\\\/\\\/www.webdo.tn\\\/fr\\\/#\\\/schema\\\/logo\\\/image\\\/\",\"url\":\"https:\\\/\\\/www.webdo.tn\\\/fr\\\/wp-content\\\/uploads\\\/2025\\\/06\\\/Webdo-Tunisie_168377.jpg\",\"contentUrl\":\"https:\\\/\\\/www.webdo.tn\\\/fr\\\/wp-content\\\/uploads\\\/2025\\\/06\\\/Webdo-Tunisie_168377.jpg\",\"width\":301,\"height\":301,\"caption\":\"Webdo\"},\"image\":{\"@id\":\"https:\\\/\\\/www.webdo.tn\\\/fr\\\/#\\\/schema\\\/logo\\\/image\\\/\"},\"sameAs\":[\"https:\\\/\\\/www.facebook.com\\\/webdotn\",\"https:\\\/\\\/x.com\\\/webdo_tn\"],\"description\":\"Webdo est un m\u00e9dia num\u00e9rique tunisien fond\u00e9 en 2010, sp\u00e9cialis\u00e9 dans l\u2019actualit\u00e9 nationale et internationale, l\u2019\u00e9conomie, la soci\u00e9t\u00e9 et les analyses politiques. Le site s\u2019adresse \u00e0 un large public francophone et couvre l\u2019information tunisienne en temps r\u00e9el.\",\"email\":\"redac@webdo.tn\",\"legalName\":\"YNJ SARL\",\"foundingDate\":\"2010-09-06\",\"numberOfEmployees\":{\"@type\":\"QuantitativeValue\",\"minValue\":\"11\",\"maxValue\":\"50\"}},{\"@type\":\"Person\",\"@id\":\"https:\\\/\\\/www.webdo.tn\\\/fr\\\/#\\\/schema\\\/person\\\/9a9c6118d687c117df8ef3cc36a4d175\",\"name\":\"webdo.tn\",\"image\":{\"@type\":\"ImageObject\",\"inLanguage\":\"fr-FR\",\"@id\":\"https:\\\/\\\/secure.gravatar.com\\\/avatar\\\/7ce1f28c0c3bbac99ff550b85ef8e44a6950c6ee24514fb6a5489e51d06f0298?s=96&d=mm&r=g\",\"url\":\"https:\\\/\\\/secure.gravatar.com\\\/avatar\\\/7ce1f28c0c3bbac99ff550b85ef8e44a6950c6ee24514fb6a5489e51d06f0298?s=96&d=mm&r=g\",\"contentUrl\":\"https:\\\/\\\/secure.gravatar.com\\\/avatar\\\/7ce1f28c0c3bbac99ff550b85ef8e44a6950c6ee24514fb6a5489e51d06f0298?s=96&d=mm&r=g\",\"caption\":\"webdo.tn\"},\"url\":\"https:\\\/\\\/www.webdo.tn\\\/fr\\\/actualite\\\/author\\\/webdotn\\\/\"}]}<\/script>\n<!-- \/ Yoast SEO Premium plugin. -->","yoast_head_json":{"title":"Canc\u00e9rop\u00f4le d'El Hamma : Le gouvernement tunisien r\u00e9pond \u00e0 European Cancer Centers","description":"Canc\u00e9rop\u00f4le d'El Hamma : Le gouvernement tunisien r\u00e9pond \u00e0 European Cancer Centers","canonical":"https:\/\/www.webdo.tn\/fr\/actualite\/sante\/tunisie-canceropole-del-hamma-le-gouvernement-tunisien-repond-a-european-cancer-centers\/185393\/","og_locale":"fr_FR","og_type":"article","og_title":"Canc\u00e9rop\u00f4le d'El Hamma : Le gouvernement tunisien r\u00e9pond \u00e0 European Cancer Centers","og_description":"Canc\u00e9rop\u00f4le d'El Hamma : Le gouvernement tunisien r\u00e9pond \u00e0 European Cancer Centers","og_url":"https:\/\/www.webdo.tn\/fr\/actualite\/sante\/tunisie-canceropole-del-hamma-le-gouvernement-tunisien-repond-a-european-cancer-centers\/185393\/","og_site_name":"webdo","article_publisher":"https:\/\/www.facebook.com\/webdotn","article_published_time":"2014-10-14T13:26:00+00:00","article_modified_time":"2025-05-22T13:03:16+00:00","og_image":[{"width":278,"height":250,"url":"https:\/\/www.webdo.tn\/fr\/wp-content\/uploads\/2025\/06\/Capture-decran-2014-10-14-a-13.18.27-e1413289552944_185393.png","type":"image\/png"}],"author":"webdo.tn","twitter_card":"summary_large_image","twitter_creator":"@webdo_tn","twitter_site":"@webdo_tn","twitter_misc":{"\u00c9crit par":"webdo.tn","Dur\u00e9e de lecture estim\u00e9e":"5 minutes"},"schema":{"@context":"https:\/\/schema.org","@graph":[{"@type":"NewsArticle","@id":"https:\/\/www.webdo.tn\/fr\/actualite\/sante\/tunisie-canceropole-del-hamma-le-gouvernement-tunisien-repond-a-european-cancer-centers\/185393\/#article","isPartOf":{"@id":"https:\/\/www.webdo.tn\/fr\/actualite\/sante\/tunisie-canceropole-del-hamma-le-gouvernement-tunisien-repond-a-european-cancer-centers\/185393\/"},"author":{"name":"webdo.tn","@id":"https:\/\/www.webdo.tn\/fr\/#\/schema\/person\/9a9c6118d687c117df8ef3cc36a4d175"},"headline":"Canc\u00e9rop\u00f4le d&rsquo;El Hamma : Le gouvernement tunisien r\u00e9pond \u00e0 European Cancer Centers","datePublished":"2014-10-14T13:26:00+00:00","dateModified":"2025-05-22T13:03:16+00:00","mainEntityOfPage":{"@id":"https:\/\/www.webdo.tn\/fr\/actualite\/sante\/tunisie-canceropole-del-hamma-le-gouvernement-tunisien-repond-a-european-cancer-centers\/185393\/"},"wordCount":1002,"commentCount":0,"publisher":{"@id":"https:\/\/www.webdo.tn\/fr\/#organization"},"image":{"@id":"https:\/\/www.webdo.tn\/fr\/actualite\/sante\/tunisie-canceropole-del-hamma-le-gouvernement-tunisien-repond-a-european-cancer-centers\/185393\/#primaryimage"},"thumbnailUrl":"https:\/\/www.webdo.tn\/fr\/wp-content\/uploads\/2025\/06\/Capture-decran-2014-10-14-a-13.18.27-e1413289552944_185393.png","articleSection":["Sant\u00e9"],"inLanguage":"fr-FR"},{"@type":"WebPage","@id":"https:\/\/www.webdo.tn\/fr\/actualite\/sante\/tunisie-canceropole-del-hamma-le-gouvernement-tunisien-repond-a-european-cancer-centers\/185393\/","url":"https:\/\/www.webdo.tn\/fr\/actualite\/sante\/tunisie-canceropole-del-hamma-le-gouvernement-tunisien-repond-a-european-cancer-centers\/185393\/","name":"Canc\u00e9rop\u00f4le d'El Hamma : Le gouvernement tunisien r\u00e9pond \u00e0 European Cancer Centers","isPartOf":{"@id":"https:\/\/www.webdo.tn\/fr\/#website"},"primaryImageOfPage":{"@id":"https:\/\/www.webdo.tn\/fr\/actualite\/sante\/tunisie-canceropole-del-hamma-le-gouvernement-tunisien-repond-a-european-cancer-centers\/185393\/#primaryimage"},"image":{"@id":"https:\/\/www.webdo.tn\/fr\/actualite\/sante\/tunisie-canceropole-del-hamma-le-gouvernement-tunisien-repond-a-european-cancer-centers\/185393\/#primaryimage"},"thumbnailUrl":"https:\/\/www.webdo.tn\/fr\/wp-content\/uploads\/2025\/06\/Capture-decran-2014-10-14-a-13.18.27-e1413289552944_185393.png","datePublished":"2014-10-14T13:26:00+00:00","dateModified":"2025-05-22T13:03:16+00:00","description":"Canc\u00e9rop\u00f4le d'El Hamma : Le gouvernement tunisien r\u00e9pond \u00e0 European Cancer Centers","breadcrumb":{"@id":"https:\/\/www.webdo.tn\/fr\/actualite\/sante\/tunisie-canceropole-del-hamma-le-gouvernement-tunisien-repond-a-european-cancer-centers\/185393\/#breadcrumb"},"inLanguage":"fr-FR","potentialAction":[{"@type":"ReadAction","target":["https:\/\/www.webdo.tn\/fr\/actualite\/sante\/tunisie-canceropole-del-hamma-le-gouvernement-tunisien-repond-a-european-cancer-centers\/185393\/"]}]},{"@type":"ImageObject","inLanguage":"fr-FR","@id":"https:\/\/www.webdo.tn\/fr\/actualite\/sante\/tunisie-canceropole-del-hamma-le-gouvernement-tunisien-repond-a-european-cancer-centers\/185393\/#primaryimage","url":"https:\/\/www.webdo.tn\/fr\/wp-content\/uploads\/2025\/06\/Capture-decran-2014-10-14-a-13.18.27-e1413289552944_185393.png","contentUrl":"https:\/\/www.webdo.tn\/fr\/wp-content\/uploads\/2025\/06\/Capture-decran-2014-10-14-a-13.18.27-e1413289552944_185393.png","width":278,"height":250,"caption":"Canc\u00e9rop\u00f4le d'El Hamma : Le gouvernement tunisien r\u00e9pond \u00e0 European Cancer Centers"},{"@type":"BreadcrumbList","@id":"https:\/\/www.webdo.tn\/fr\/actualite\/sante\/tunisie-canceropole-del-hamma-le-gouvernement-tunisien-repond-a-european-cancer-centers\/185393\/#breadcrumb","itemListElement":[{"@type":"ListItem","position":1,"name":"Accueil","item":"https:\/\/www.webdo.tn\/fr\/"},{"@type":"ListItem","position":2,"name":"Canc\u00e9rop\u00f4le d&rsquo;El Hamma : Le gouvernement tunisien r\u00e9pond \u00e0 European Cancer Centers"}]},{"@type":"WebSite","@id":"https:\/\/www.webdo.tn\/fr\/#website","url":"https:\/\/www.webdo.tn\/fr\/","name":"webdo","description":"Tunisie - News en Tunisie et \u00e0 l&#039;international sur Webdo.tn","publisher":{"@id":"https:\/\/www.webdo.tn\/fr\/#organization"},"potentialAction":[{"@type":"SearchAction","target":{"@type":"EntryPoint","urlTemplate":"https:\/\/www.webdo.tn\/fr\/?s={search_term_string}"},"query-input":{"@type":"PropertyValueSpecification","valueRequired":true,"valueName":"search_term_string"}}],"inLanguage":"fr-FR"},{"@type":"Organization","@id":"https:\/\/www.webdo.tn\/fr\/#organization","name":"Webdo","alternateName":"Webdo.tn","url":"https:\/\/www.webdo.tn\/fr\/","logo":{"@type":"ImageObject","inLanguage":"fr-FR","@id":"https:\/\/www.webdo.tn\/fr\/#\/schema\/logo\/image\/","url":"https:\/\/www.webdo.tn\/fr\/wp-content\/uploads\/2025\/06\/Webdo-Tunisie_168377.jpg","contentUrl":"https:\/\/www.webdo.tn\/fr\/wp-content\/uploads\/2025\/06\/Webdo-Tunisie_168377.jpg","width":301,"height":301,"caption":"Webdo"},"image":{"@id":"https:\/\/www.webdo.tn\/fr\/#\/schema\/logo\/image\/"},"sameAs":["https:\/\/www.facebook.com\/webdotn","https:\/\/x.com\/webdo_tn"],"description":"Webdo est un m\u00e9dia num\u00e9rique tunisien fond\u00e9 en 2010, sp\u00e9cialis\u00e9 dans l\u2019actualit\u00e9 nationale et internationale, l\u2019\u00e9conomie, la soci\u00e9t\u00e9 et les analyses politiques. Le site s\u2019adresse \u00e0 un large public francophone et couvre l\u2019information tunisienne en temps r\u00e9el.","email":"redac@webdo.tn","legalName":"YNJ SARL","foundingDate":"2010-09-06","numberOfEmployees":{"@type":"QuantitativeValue","minValue":"11","maxValue":"50"}},{"@type":"Person","@id":"https:\/\/www.webdo.tn\/fr\/#\/schema\/person\/9a9c6118d687c117df8ef3cc36a4d175","name":"webdo.tn","image":{"@type":"ImageObject","inLanguage":"fr-FR","@id":"https:\/\/secure.gravatar.com\/avatar\/7ce1f28c0c3bbac99ff550b85ef8e44a6950c6ee24514fb6a5489e51d06f0298?s=96&d=mm&r=g","url":"https:\/\/secure.gravatar.com\/avatar\/7ce1f28c0c3bbac99ff550b85ef8e44a6950c6ee24514fb6a5489e51d06f0298?s=96&d=mm&r=g","contentUrl":"https:\/\/secure.gravatar.com\/avatar\/7ce1f28c0c3bbac99ff550b85ef8e44a6950c6ee24514fb6a5489e51d06f0298?s=96&d=mm&r=g","caption":"webdo.tn"},"url":"https:\/\/www.webdo.tn\/fr\/actualite\/author\/webdotn\/"}]}},"_links":{"self":[{"href":"https:\/\/www.webdo.tn\/fr\/wp-json\/wp\/v2\/posts\/185393","targetHints":{"allow":["GET"]}}],"collection":[{"href":"https:\/\/www.webdo.tn\/fr\/wp-json\/wp\/v2\/posts"}],"about":[{"href":"https:\/\/www.webdo.tn\/fr\/wp-json\/wp\/v2\/types\/post"}],"author":[{"embeddable":true,"href":"https:\/\/www.webdo.tn\/fr\/wp-json\/wp\/v2\/users\/3222"}],"replies":[{"embeddable":true,"href":"https:\/\/www.webdo.tn\/fr\/wp-json\/wp\/v2\/comments?post=185393"}],"version-history":[{"count":0,"href":"https:\/\/www.webdo.tn\/fr\/wp-json\/wp\/v2\/posts\/185393\/revisions"}],"wp:featuredmedia":[{"embeddable":true,"href":"https:\/\/www.webdo.tn\/fr\/wp-json\/wp\/v2\/media\/373368"}],"wp:attachment":[{"href":"https:\/\/www.webdo.tn\/fr\/wp-json\/wp\/v2\/media?parent=185393"}],"wp:term":[{"taxonomy":"category","embeddable":true,"href":"https:\/\/www.webdo.tn\/fr\/wp-json\/wp\/v2\/categories?post=185393"},{"taxonomy":"post_tag","embeddable":true,"href":"https:\/\/www.webdo.tn\/fr\/wp-json\/wp\/v2\/tags?post=185393"}],"curies":[{"name":"wp","href":"https:\/\/api.w.org\/{rel}","templated":true}]}}