{"id":185389,"date":"2014-11-12T17:01:00","date_gmt":"2014-11-12T17:01:00","guid":{"rendered":"https:\/\/www.webdo.tn\/fr\/blog\/ouverture-du-premier-centre-rehabilitation-victimes-torture-en-tunisie\/185389\/"},"modified":"2025-05-22T13:22:57","modified_gmt":"2025-05-22T13:22:57","slug":"ouverture-du-premier-centre-rehabilitation-victimes-torture-en-tunisie","status":"publish","type":"post","link":"https:\/\/www.webdo.tn\/fr\/actualite\/sante\/ouverture-du-premier-centre-rehabilitation-victimes-torture-en-tunisie\/185389\/","title":{"rendered":"Ouverture du premier centre de r\u00e9habilitation des victimes de la torture en Tunisie"},"content":{"rendered":"<p>Le\u00a0premier centre de r\u00e9habilitation des victimes de la torture en Tunisie sera inaugur\u00e9 le 9 d\u00e9cembre prochain \u00e0 Mutuelleville \u00e0 Tunis. Financ\u00e9 et soutenu par l&rsquo;organisation danoise\u00a0DIGNITY, ce centre, compos\u00e9 de m\u00e9decins psychiatres et psychologues, mettra en place cette nouvelle structure\u00a0qui prendra en charge toute personne en Tunisie ayant souffert de torture, annonce\u00a0Nadia Sarhi, coordinatrice de projet \u00e0 DIGNITY.<\/p>\n<p>\u00ab\u00a0La prise en charge ne concerne pas seulement\u00a0les prisonniers politiques, mais aussi tout individu ayant subi des supplices moraux et\/ou physiques. Le but est de les aider \u00e0 reprendre une vie normale\u00a0\u00bb, a pr\u00e9cis\u00e9 \u00a0le ministre de la Sant\u00e9 Mohamed Salah Ben Ammar qui a \u00e9t\u00e9 pr\u00e9sent lors du s\u00e9minaire \u00ab\u00a0la magistrature et la lutte contre la torture\u00a0\u00bb, ce mercredi 12 novembre \u00e0 Tunis, en pr\u00e9sence des ministres de l&rsquo;Int\u00e9rieur et de la Justice.\u00a0<\/p>\n<p>DIGNITY, qui soutient ce projet, est un Institut danois contre la torture qui se d\u00e9finit comme une institution autonome et ind\u00e9pendante des partis politiques. Au Danemark, l&rsquo;organisation\u00a0traite les probl\u00e8mes des r\u00e9fugi\u00e9s qui ont surv\u00e9cu \u00e0 la torture et entreprend des recherches sur les questions de la torture et ses s\u00e9quelles.<\/p>\n","protected":false},"excerpt":{"rendered":"<p>Ouverture du premier centre de r\u00e9habilitation des victimes de la torture en Tunisie<\/p>\n","protected":false},"author":3222,"featured_media":375222,"comment_status":"open","ping_status":"closed","sticky":false,"template":"","format":"standard","meta":{"footnotes":""},"categories":[11341],"tags":[],"class_list":["post-185389","post","type-post","status-publish","format-standard","has-post-thumbnail","hentry","category-sante"],"yoast_head":"<!-- This site is optimized with the Yoast SEO Premium plugin v27.5 (Yoast SEO v27.5) - https:\/\/yoast.com\/product\/yoast-seo-premium-wordpress\/ -->\n<title>Ouverture du premier centre de r\u00e9habilitation des victimes de la torture en Tunisie<\/title>\n<meta name=\"description\" content=\"Ouverture du premier centre de r\u00e9habilitation des victimes de la torture en Tunisie\" \/>\n<link rel=\"canonical\" href=\"https:\/\/www.webdo.tn\/fr\/actualite\/sante\/ouverture-du-premier-centre-rehabilitation-victimes-torture-en-tunisie\/185389\/\" \/>\n<meta property=\"og:locale\" content=\"fr_FR\" \/>\n<meta property=\"og:type\" content=\"article\" \/>\n<meta property=\"og:title\" content=\"Ouverture du premier centre de r\u00e9habilitation des victimes de la torture en Tunisie\" \/>\n<meta property=\"og:description\" content=\"Ouverture du premier centre de r\u00e9habilitation des victimes de la torture en Tunisie\" \/>\n<meta property=\"og:url\" content=\"https:\/\/www.webdo.tn\/fr\/actualite\/sante\/ouverture-du-premier-centre-rehabilitation-victimes-torture-en-tunisie\/185389\/\" \/>\n<meta property=\"og:site_name\" content=\"webdo\" \/>\n<meta property=\"article:publisher\" content=\"https:\/\/www.facebook.com\/webdotn\" \/>\n<meta property=\"article:published_time\" content=\"2014-11-12T17:01:00+00:00\" \/>\n<meta property=\"article:modified_time\" content=\"2025-05-22T13:22:57+00:00\" \/>\n<meta property=\"og:image\" content=\"https:\/\/www.webdo.tn\/fr\/wp-content\/uploads\/2025\/06\/Capture-decran-2014-11-12-a-16.45.31_185389.png\" \/>\n\t<meta property=\"og:image:width\" content=\"640\" \/>\n\t<meta property=\"og:image:height\" content=\"358\" \/>\n\t<meta property=\"og:image:type\" content=\"image\/png\" \/>\n<meta name=\"author\" content=\"webdo.tn\" \/>\n<meta name=\"twitter:card\" content=\"summary_large_image\" \/>\n<meta name=\"twitter:creator\" content=\"@webdo_tn\" \/>\n<meta name=\"twitter:site\" content=\"@webdo_tn\" \/>\n<meta name=\"twitter:label1\" content=\"\u00c9crit par\" \/>\n\t<meta name=\"twitter:data1\" content=\"webdo.tn\" \/>\n\t<meta name=\"twitter:label2\" content=\"Dur\u00e9e de lecture estim\u00e9e\" \/>\n\t<meta name=\"twitter:data2\" content=\"1 minute\" \/>\n<script type=\"application\/ld+json\" class=\"yoast-schema-graph\">{\"@context\":\"https:\\\/\\\/schema.org\",\"@graph\":[{\"@type\":\"NewsArticle\",\"@id\":\"https:\\\/\\\/www.webdo.tn\\\/fr\\\/actualite\\\/sante\\\/ouverture-du-premier-centre-rehabilitation-victimes-torture-en-tunisie\\\/185389\\\/#article\",\"isPartOf\":{\"@id\":\"https:\\\/\\\/www.webdo.tn\\\/fr\\\/actualite\\\/sante\\\/ouverture-du-premier-centre-rehabilitation-victimes-torture-en-tunisie\\\/185389\\\/\"},\"author\":{\"name\":\"webdo.tn\",\"@id\":\"https:\\\/\\\/www.webdo.tn\\\/fr\\\/#\\\/schema\\\/person\\\/9a9c6118d687c117df8ef3cc36a4d175\"},\"headline\":\"Ouverture du premier centre de r\u00e9habilitation des victimes de la torture en Tunisie\",\"datePublished\":\"2014-11-12T17:01:00+00:00\",\"dateModified\":\"2025-05-22T13:22:57+00:00\",\"mainEntityOfPage\":{\"@id\":\"https:\\\/\\\/www.webdo.tn\\\/fr\\\/actualite\\\/sante\\\/ouverture-du-premier-centre-rehabilitation-victimes-torture-en-tunisie\\\/185389\\\/\"},\"wordCount\":214,\"commentCount\":0,\"publisher\":{\"@id\":\"https:\\\/\\\/www.webdo.tn\\\/fr\\\/#organization\"},\"image\":{\"@id\":\"https:\\\/\\\/www.webdo.tn\\\/fr\\\/actualite\\\/sante\\\/ouverture-du-premier-centre-rehabilitation-victimes-torture-en-tunisie\\\/185389\\\/#primaryimage\"},\"thumbnailUrl\":\"https:\\\/\\\/www.webdo.tn\\\/fr\\\/wp-content\\\/uploads\\\/2025\\\/06\\\/Capture-decran-2014-11-12-a-16.45.31_185389.png\",\"articleSection\":[\"Sant\u00e9\"],\"inLanguage\":\"fr-FR\"},{\"@type\":\"WebPage\",\"@id\":\"https:\\\/\\\/www.webdo.tn\\\/fr\\\/actualite\\\/sante\\\/ouverture-du-premier-centre-rehabilitation-victimes-torture-en-tunisie\\\/185389\\\/\",\"url\":\"https:\\\/\\\/www.webdo.tn\\\/fr\\\/actualite\\\/sante\\\/ouverture-du-premier-centre-rehabilitation-victimes-torture-en-tunisie\\\/185389\\\/\",\"name\":\"Ouverture du premier centre de r\u00e9habilitation des victimes de la torture en Tunisie\",\"isPartOf\":{\"@id\":\"https:\\\/\\\/www.webdo.tn\\\/fr\\\/#website\"},\"primaryImageOfPage\":{\"@id\":\"https:\\\/\\\/www.webdo.tn\\\/fr\\\/actualite\\\/sante\\\/ouverture-du-premier-centre-rehabilitation-victimes-torture-en-tunisie\\\/185389\\\/#primaryimage\"},\"image\":{\"@id\":\"https:\\\/\\\/www.webdo.tn\\\/fr\\\/actualite\\\/sante\\\/ouverture-du-premier-centre-rehabilitation-victimes-torture-en-tunisie\\\/185389\\\/#primaryimage\"},\"thumbnailUrl\":\"https:\\\/\\\/www.webdo.tn\\\/fr\\\/wp-content\\\/uploads\\\/2025\\\/06\\\/Capture-decran-2014-11-12-a-16.45.31_185389.png\",\"datePublished\":\"2014-11-12T17:01:00+00:00\",\"dateModified\":\"2025-05-22T13:22:57+00:00\",\"description\":\"Ouverture du premier centre de r\u00e9habilitation des victimes de la torture en Tunisie\",\"breadcrumb\":{\"@id\":\"https:\\\/\\\/www.webdo.tn\\\/fr\\\/actualite\\\/sante\\\/ouverture-du-premier-centre-rehabilitation-victimes-torture-en-tunisie\\\/185389\\\/#breadcrumb\"},\"inLanguage\":\"fr-FR\",\"potentialAction\":[{\"@type\":\"ReadAction\",\"target\":[\"https:\\\/\\\/www.webdo.tn\\\/fr\\\/actualite\\\/sante\\\/ouverture-du-premier-centre-rehabilitation-victimes-torture-en-tunisie\\\/185389\\\/\"]}]},{\"@type\":\"ImageObject\",\"inLanguage\":\"fr-FR\",\"@id\":\"https:\\\/\\\/www.webdo.tn\\\/fr\\\/actualite\\\/sante\\\/ouverture-du-premier-centre-rehabilitation-victimes-torture-en-tunisie\\\/185389\\\/#primaryimage\",\"url\":\"https:\\\/\\\/www.webdo.tn\\\/fr\\\/wp-content\\\/uploads\\\/2025\\\/06\\\/Capture-decran-2014-11-12-a-16.45.31_185389.png\",\"contentUrl\":\"https:\\\/\\\/www.webdo.tn\\\/fr\\\/wp-content\\\/uploads\\\/2025\\\/06\\\/Capture-decran-2014-11-12-a-16.45.31_185389.png\",\"width\":640,\"height\":358,\"caption\":\"Ouverture du premier centre de r\u00e9habilitation des victimes de la torture en Tunisie\"},{\"@type\":\"BreadcrumbList\",\"@id\":\"https:\\\/\\\/www.webdo.tn\\\/fr\\\/actualite\\\/sante\\\/ouverture-du-premier-centre-rehabilitation-victimes-torture-en-tunisie\\\/185389\\\/#breadcrumb\",\"itemListElement\":[{\"@type\":\"ListItem\",\"position\":1,\"name\":\"Accueil\",\"item\":\"https:\\\/\\\/www.webdo.tn\\\/fr\\\/\"},{\"@type\":\"ListItem\",\"position\":2,\"name\":\"Ouverture du premier centre de r\u00e9habilitation des victimes de la torture en Tunisie\"}]},{\"@type\":\"WebSite\",\"@id\":\"https:\\\/\\\/www.webdo.tn\\\/fr\\\/#website\",\"url\":\"https:\\\/\\\/www.webdo.tn\\\/fr\\\/\",\"name\":\"webdo\",\"description\":\"Tunisie - News en Tunisie et \u00e0 l&#039;international sur Webdo.tn\",\"publisher\":{\"@id\":\"https:\\\/\\\/www.webdo.tn\\\/fr\\\/#organization\"},\"potentialAction\":[{\"@type\":\"SearchAction\",\"target\":{\"@type\":\"EntryPoint\",\"urlTemplate\":\"https:\\\/\\\/www.webdo.tn\\\/fr\\\/?s={search_term_string}\"},\"query-input\":{\"@type\":\"PropertyValueSpecification\",\"valueRequired\":true,\"valueName\":\"search_term_string\"}}],\"inLanguage\":\"fr-FR\"},{\"@type\":\"Organization\",\"@id\":\"https:\\\/\\\/www.webdo.tn\\\/fr\\\/#organization\",\"name\":\"Webdo\",\"alternateName\":\"Webdo.tn\",\"url\":\"https:\\\/\\\/www.webdo.tn\\\/fr\\\/\",\"logo\":{\"@type\":\"ImageObject\",\"inLanguage\":\"fr-FR\",\"@id\":\"https:\\\/\\\/www.webdo.tn\\\/fr\\\/#\\\/schema\\\/logo\\\/image\\\/\",\"url\":\"https:\\\/\\\/www.webdo.tn\\\/fr\\\/wp-content\\\/uploads\\\/2025\\\/06\\\/Webdo-Tunisie_168377.jpg\",\"contentUrl\":\"https:\\\/\\\/www.webdo.tn\\\/fr\\\/wp-content\\\/uploads\\\/2025\\\/06\\\/Webdo-Tunisie_168377.jpg\",\"width\":301,\"height\":301,\"caption\":\"Webdo\"},\"image\":{\"@id\":\"https:\\\/\\\/www.webdo.tn\\\/fr\\\/#\\\/schema\\\/logo\\\/image\\\/\"},\"sameAs\":[\"https:\\\/\\\/www.facebook.com\\\/webdotn\",\"https:\\\/\\\/x.com\\\/webdo_tn\"],\"description\":\"Webdo est un m\u00e9dia num\u00e9rique tunisien fond\u00e9 en 2010, sp\u00e9cialis\u00e9 dans l\u2019actualit\u00e9 nationale et internationale, l\u2019\u00e9conomie, la soci\u00e9t\u00e9 et les analyses politiques. Le site s\u2019adresse \u00e0 un large public francophone et couvre l\u2019information tunisienne en temps r\u00e9el.\",\"email\":\"redac@webdo.tn\",\"legalName\":\"YNJ SARL\",\"foundingDate\":\"2010-09-06\",\"numberOfEmployees\":{\"@type\":\"QuantitativeValue\",\"minValue\":\"11\",\"maxValue\":\"50\"}},{\"@type\":\"Person\",\"@id\":\"https:\\\/\\\/www.webdo.tn\\\/fr\\\/#\\\/schema\\\/person\\\/9a9c6118d687c117df8ef3cc36a4d175\",\"name\":\"webdo.tn\",\"image\":{\"@type\":\"ImageObject\",\"inLanguage\":\"fr-FR\",\"@id\":\"https:\\\/\\\/secure.gravatar.com\\\/avatar\\\/7ce1f28c0c3bbac99ff550b85ef8e44a6950c6ee24514fb6a5489e51d06f0298?s=96&d=mm&r=g\",\"url\":\"https:\\\/\\\/secure.gravatar.com\\\/avatar\\\/7ce1f28c0c3bbac99ff550b85ef8e44a6950c6ee24514fb6a5489e51d06f0298?s=96&d=mm&r=g\",\"contentUrl\":\"https:\\\/\\\/secure.gravatar.com\\\/avatar\\\/7ce1f28c0c3bbac99ff550b85ef8e44a6950c6ee24514fb6a5489e51d06f0298?s=96&d=mm&r=g\",\"caption\":\"webdo.tn\"},\"url\":\"https:\\\/\\\/www.webdo.tn\\\/fr\\\/actualite\\\/author\\\/webdotn\\\/\"}]}<\/script>\n<!-- \/ Yoast SEO Premium plugin. -->","yoast_head_json":{"title":"Ouverture du premier centre de r\u00e9habilitation des victimes de la torture en Tunisie","description":"Ouverture du premier centre de r\u00e9habilitation des victimes de la torture en Tunisie","canonical":"https:\/\/www.webdo.tn\/fr\/actualite\/sante\/ouverture-du-premier-centre-rehabilitation-victimes-torture-en-tunisie\/185389\/","og_locale":"fr_FR","og_type":"article","og_title":"Ouverture du premier centre de r\u00e9habilitation des victimes de la torture en Tunisie","og_description":"Ouverture du premier centre de r\u00e9habilitation des victimes de la torture en Tunisie","og_url":"https:\/\/www.webdo.tn\/fr\/actualite\/sante\/ouverture-du-premier-centre-rehabilitation-victimes-torture-en-tunisie\/185389\/","og_site_name":"webdo","article_publisher":"https:\/\/www.facebook.com\/webdotn","article_published_time":"2014-11-12T17:01:00+00:00","article_modified_time":"2025-05-22T13:22:57+00:00","og_image":[{"width":640,"height":358,"url":"https:\/\/www.webdo.tn\/fr\/wp-content\/uploads\/2025\/06\/Capture-decran-2014-11-12-a-16.45.31_185389.png","type":"image\/png"}],"author":"webdo.tn","twitter_card":"summary_large_image","twitter_creator":"@webdo_tn","twitter_site":"@webdo_tn","twitter_misc":{"\u00c9crit par":"webdo.tn","Dur\u00e9e de lecture estim\u00e9e":"1 minute"},"schema":{"@context":"https:\/\/schema.org","@graph":[{"@type":"NewsArticle","@id":"https:\/\/www.webdo.tn\/fr\/actualite\/sante\/ouverture-du-premier-centre-rehabilitation-victimes-torture-en-tunisie\/185389\/#article","isPartOf":{"@id":"https:\/\/www.webdo.tn\/fr\/actualite\/sante\/ouverture-du-premier-centre-rehabilitation-victimes-torture-en-tunisie\/185389\/"},"author":{"name":"webdo.tn","@id":"https:\/\/www.webdo.tn\/fr\/#\/schema\/person\/9a9c6118d687c117df8ef3cc36a4d175"},"headline":"Ouverture du premier centre de r\u00e9habilitation des victimes de la torture en Tunisie","datePublished":"2014-11-12T17:01:00+00:00","dateModified":"2025-05-22T13:22:57+00:00","mainEntityOfPage":{"@id":"https:\/\/www.webdo.tn\/fr\/actualite\/sante\/ouverture-du-premier-centre-rehabilitation-victimes-torture-en-tunisie\/185389\/"},"wordCount":214,"commentCount":0,"publisher":{"@id":"https:\/\/www.webdo.tn\/fr\/#organization"},"image":{"@id":"https:\/\/www.webdo.tn\/fr\/actualite\/sante\/ouverture-du-premier-centre-rehabilitation-victimes-torture-en-tunisie\/185389\/#primaryimage"},"thumbnailUrl":"https:\/\/www.webdo.tn\/fr\/wp-content\/uploads\/2025\/06\/Capture-decran-2014-11-12-a-16.45.31_185389.png","articleSection":["Sant\u00e9"],"inLanguage":"fr-FR"},{"@type":"WebPage","@id":"https:\/\/www.webdo.tn\/fr\/actualite\/sante\/ouverture-du-premier-centre-rehabilitation-victimes-torture-en-tunisie\/185389\/","url":"https:\/\/www.webdo.tn\/fr\/actualite\/sante\/ouverture-du-premier-centre-rehabilitation-victimes-torture-en-tunisie\/185389\/","name":"Ouverture du premier centre de r\u00e9habilitation des victimes de la torture en Tunisie","isPartOf":{"@id":"https:\/\/www.webdo.tn\/fr\/#website"},"primaryImageOfPage":{"@id":"https:\/\/www.webdo.tn\/fr\/actualite\/sante\/ouverture-du-premier-centre-rehabilitation-victimes-torture-en-tunisie\/185389\/#primaryimage"},"image":{"@id":"https:\/\/www.webdo.tn\/fr\/actualite\/sante\/ouverture-du-premier-centre-rehabilitation-victimes-torture-en-tunisie\/185389\/#primaryimage"},"thumbnailUrl":"https:\/\/www.webdo.tn\/fr\/wp-content\/uploads\/2025\/06\/Capture-decran-2014-11-12-a-16.45.31_185389.png","datePublished":"2014-11-12T17:01:00+00:00","dateModified":"2025-05-22T13:22:57+00:00","description":"Ouverture du premier centre de r\u00e9habilitation des victimes de la torture en Tunisie","breadcrumb":{"@id":"https:\/\/www.webdo.tn\/fr\/actualite\/sante\/ouverture-du-premier-centre-rehabilitation-victimes-torture-en-tunisie\/185389\/#breadcrumb"},"inLanguage":"fr-FR","potentialAction":[{"@type":"ReadAction","target":["https:\/\/www.webdo.tn\/fr\/actualite\/sante\/ouverture-du-premier-centre-rehabilitation-victimes-torture-en-tunisie\/185389\/"]}]},{"@type":"ImageObject","inLanguage":"fr-FR","@id":"https:\/\/www.webdo.tn\/fr\/actualite\/sante\/ouverture-du-premier-centre-rehabilitation-victimes-torture-en-tunisie\/185389\/#primaryimage","url":"https:\/\/www.webdo.tn\/fr\/wp-content\/uploads\/2025\/06\/Capture-decran-2014-11-12-a-16.45.31_185389.png","contentUrl":"https:\/\/www.webdo.tn\/fr\/wp-content\/uploads\/2025\/06\/Capture-decran-2014-11-12-a-16.45.31_185389.png","width":640,"height":358,"caption":"Ouverture du premier centre de r\u00e9habilitation des victimes de la torture en Tunisie"},{"@type":"BreadcrumbList","@id":"https:\/\/www.webdo.tn\/fr\/actualite\/sante\/ouverture-du-premier-centre-rehabilitation-victimes-torture-en-tunisie\/185389\/#breadcrumb","itemListElement":[{"@type":"ListItem","position":1,"name":"Accueil","item":"https:\/\/www.webdo.tn\/fr\/"},{"@type":"ListItem","position":2,"name":"Ouverture du premier centre de r\u00e9habilitation des victimes de la torture en Tunisie"}]},{"@type":"WebSite","@id":"https:\/\/www.webdo.tn\/fr\/#website","url":"https:\/\/www.webdo.tn\/fr\/","name":"webdo","description":"Tunisie - News en Tunisie et \u00e0 l&#039;international sur Webdo.tn","publisher":{"@id":"https:\/\/www.webdo.tn\/fr\/#organization"},"potentialAction":[{"@type":"SearchAction","target":{"@type":"EntryPoint","urlTemplate":"https:\/\/www.webdo.tn\/fr\/?s={search_term_string}"},"query-input":{"@type":"PropertyValueSpecification","valueRequired":true,"valueName":"search_term_string"}}],"inLanguage":"fr-FR"},{"@type":"Organization","@id":"https:\/\/www.webdo.tn\/fr\/#organization","name":"Webdo","alternateName":"Webdo.tn","url":"https:\/\/www.webdo.tn\/fr\/","logo":{"@type":"ImageObject","inLanguage":"fr-FR","@id":"https:\/\/www.webdo.tn\/fr\/#\/schema\/logo\/image\/","url":"https:\/\/www.webdo.tn\/fr\/wp-content\/uploads\/2025\/06\/Webdo-Tunisie_168377.jpg","contentUrl":"https:\/\/www.webdo.tn\/fr\/wp-content\/uploads\/2025\/06\/Webdo-Tunisie_168377.jpg","width":301,"height":301,"caption":"Webdo"},"image":{"@id":"https:\/\/www.webdo.tn\/fr\/#\/schema\/logo\/image\/"},"sameAs":["https:\/\/www.facebook.com\/webdotn","https:\/\/x.com\/webdo_tn"],"description":"Webdo est un m\u00e9dia num\u00e9rique tunisien fond\u00e9 en 2010, sp\u00e9cialis\u00e9 dans l\u2019actualit\u00e9 nationale et internationale, l\u2019\u00e9conomie, la soci\u00e9t\u00e9 et les analyses politiques. Le site s\u2019adresse \u00e0 un large public francophone et couvre l\u2019information tunisienne en temps r\u00e9el.","email":"redac@webdo.tn","legalName":"YNJ SARL","foundingDate":"2010-09-06","numberOfEmployees":{"@type":"QuantitativeValue","minValue":"11","maxValue":"50"}},{"@type":"Person","@id":"https:\/\/www.webdo.tn\/fr\/#\/schema\/person\/9a9c6118d687c117df8ef3cc36a4d175","name":"webdo.tn","image":{"@type":"ImageObject","inLanguage":"fr-FR","@id":"https:\/\/secure.gravatar.com\/avatar\/7ce1f28c0c3bbac99ff550b85ef8e44a6950c6ee24514fb6a5489e51d06f0298?s=96&d=mm&r=g","url":"https:\/\/secure.gravatar.com\/avatar\/7ce1f28c0c3bbac99ff550b85ef8e44a6950c6ee24514fb6a5489e51d06f0298?s=96&d=mm&r=g","contentUrl":"https:\/\/secure.gravatar.com\/avatar\/7ce1f28c0c3bbac99ff550b85ef8e44a6950c6ee24514fb6a5489e51d06f0298?s=96&d=mm&r=g","caption":"webdo.tn"},"url":"https:\/\/www.webdo.tn\/fr\/actualite\/author\/webdotn\/"}]}},"_links":{"self":[{"href":"https:\/\/www.webdo.tn\/fr\/wp-json\/wp\/v2\/posts\/185389","targetHints":{"allow":["GET"]}}],"collection":[{"href":"https:\/\/www.webdo.tn\/fr\/wp-json\/wp\/v2\/posts"}],"about":[{"href":"https:\/\/www.webdo.tn\/fr\/wp-json\/wp\/v2\/types\/post"}],"author":[{"embeddable":true,"href":"https:\/\/www.webdo.tn\/fr\/wp-json\/wp\/v2\/users\/3222"}],"replies":[{"embeddable":true,"href":"https:\/\/www.webdo.tn\/fr\/wp-json\/wp\/v2\/comments?post=185389"}],"version-history":[{"count":0,"href":"https:\/\/www.webdo.tn\/fr\/wp-json\/wp\/v2\/posts\/185389\/revisions"}],"wp:featuredmedia":[{"embeddable":true,"href":"https:\/\/www.webdo.tn\/fr\/wp-json\/wp\/v2\/media\/375222"}],"wp:attachment":[{"href":"https:\/\/www.webdo.tn\/fr\/wp-json\/wp\/v2\/media?parent=185389"}],"wp:term":[{"taxonomy":"category","embeddable":true,"href":"https:\/\/www.webdo.tn\/fr\/wp-json\/wp\/v2\/categories?post=185389"},{"taxonomy":"post_tag","embeddable":true,"href":"https:\/\/www.webdo.tn\/fr\/wp-json\/wp\/v2\/tags?post=185389"}],"curies":[{"name":"wp","href":"https:\/\/api.w.org\/{rel}","templated":true}]}}