{"id":185385,"date":"2015-03-04T12:22:00","date_gmt":"2015-03-04T12:22:00","guid":{"rendered":"https:\/\/www.webdo.tn\/fr\/blog\/des-eleves-hospitalises-a-kasserine-suite-a-des-injections-contre-la-rougeole-et-la-rubeole\/185385\/"},"modified":"2015-03-04T12:22:00","modified_gmt":"2015-03-04T12:22:00","slug":"des-eleves-hospitalises-a-kasserine-suite-a-des-injections-contre-la-rougeole-et-la-rubeole","status":"publish","type":"post","link":"https:\/\/www.webdo.tn\/fr\/actualite\/sante\/des-eleves-hospitalises-a-kasserine-suite-a-des-injections-contre-la-rougeole-et-la-rubeole\/185385\/","title":{"rendered":"Les \u00e9l\u00e8ves hospitalis\u00e9s \u00e0 Kasserine ont eu des sympt\u00f4mes b\u00e9nins suite aux vaccins"},"content":{"rendered":"<p>Vingt-huit \u00e9l\u00e8ves de l&rsquo;\u00e9cole primaire de la cit\u00e9 El Karma ont \u00e9t\u00e9 admis \u00e0 l&rsquo;h\u00f4pital de Kasserine depuis la nuit du mardi 3 mars suite \u00e0 des injections contre la rougeole, la rub\u00e9ole,\u00a0dipht\u00e9rie,\u00a0le t\u00e9tanos et la\u00a0poliomy\u00e9lite\u00a0dans le cadre de la visite m\u00e9dicale annuelle scolaire pour les vaccins de la 6\u00e8me ann\u00e9e de base.<\/p>\n<p>Le SAMU s&rsquo;est d\u00e9plac\u00e9 sur place pour les emmener \u00e0 l&rsquo;h\u00f4pital. Ce matin des \u00e9l\u00e8ves ont eu de la fi\u00e8vre, d\u00e9passant les 40 degr\u00e9. Certains se seraient \u00e9vanouis, \u00a0D&rsquo;apr\u00e8s Moncef Mahamdi,le sous-directeur des soins de sant\u00e9 de base \u00e0 la direction r\u00e9gionale de Kasserine, il n&rsquo;y a pas eu ni des cas de fi\u00e8vre ni de coma.<\/p>\n<p>\u00a0MAJ 16h15 : Selon Moncef Mhamdi, il y a eu des sympt\u00f4mes post-injections : Urticaire cutan\u00e9, vertige, mal de t\u00eate et douleurs abdominale.<\/p>\n<p>Il a aussi affirm\u00e9 que la date de p\u00e9remption a \u00e9t\u00e9 v\u00e9rifi\u00e9e. \u00ab\u00a0Pour les seringues de\u00a0dipht\u00e9rie,\u00a0le t\u00e9tanos, elles sont valides jusqu&rsquo;\u00e0 2017, quant aux autres elles le sont jusqu&rsquo;\u00e0 2016\u00a0\u00bb, a-t-il affirm\u00e9.\u00a0<\/p>\n<p>M. Mhamdi a ajout\u00e9 que pour le lot de vaccins, \u00ab\u00a0la chaine de froid a \u00e9t\u00e9 respect\u00e9e\u00a0\u00bb. Quant \u00e0 l&rsquo;\u00e9quipe, elle a bien manipul\u00e9 les vaccins\u00a0\u00bb, a-t-il assur\u00e9.<\/p>\n<p>\u00a0<\/p>\n<p>\u00a0<\/p>\n<p>Selon notre correspondant \u00e0 Kasserine, sept \u00e9l\u00e8ves sont actuellement au service de p\u00e9diatrie de l&rsquo;h\u00f4pital et 21 \u00e9l\u00e8ves sont encore aux urgences suite aux effets secondaires de ces injections.<\/p>\n<p>Nous avons contact\u00e9 la direction de la sant\u00e9 r\u00e9gionale \u00e0 Kasserine, mais il n&rsquo;y avait pas de responsable, il aurait \u00e9t\u00e9 limog\u00e9 lors de la r\u00e9cente visite du ministre de la Sant\u00e9 Said Aydi \u00e0 Kasserine et n&rsquo;aurait toujours pas \u00e9t\u00e9 remplac\u00e9.<br \/>\nPr\u00e9cisions du minist\u00e8re de la Sant\u00e9<br \/>\nQuestionn\u00e9 sur la situation actuelle de ces \u00e9l\u00e8ves \u00e0 l\u2019h\u00f4pital de Kasserine, l&rsquo;attach\u00e9 de presse au sein du minist\u00e8re de la Sant\u00e9 a infirm\u00e9 cette information pr\u00e9cisant qu&rsquo;elle est erron\u00e9e et que le minist\u00e8re publiera un communiqu\u00e9. \u00ab\u00a0Il n&rsquo;y a rien de cela, nous allons publier un communiqu\u00e9 \u00e0 ce sujet\u00a0\u00bb, nous a-t-il d\u00e9clar\u00e9 au t\u00e9l\u00e9phone ce mercredi 4 mars.<\/p>\n<p>Par contre, Rafla Tej Dellagi, directrice des soins et de la sant\u00e9 de base au minist\u00e8re de la Sant\u00e9 nous a confirm\u00e9 l&rsquo;hospitalisation des \u00e9l\u00e8ves \u00e0 l&rsquo;h\u00f4pital de Kasserine, cependant elle n&rsquo;a mentionn\u00e9 que 11 cas seulement.<\/p>\n<p>[quote_box_center]<br \/>\n\u00ab\u00a019 \u00e9l\u00e8ves, en tout, ont \u00e9t\u00e9 vaccin\u00e9s dans le cadre du vaccin de la 6\u00e8me ann\u00e9e contre la rougeole et la rub\u00e9ole, qui entre dans le cadre du calendrier national de la sant\u00e9, mais 11 seulement ont pr\u00e9sent\u00e9 des manifestations b\u00e9nignes mais il n&rsquo;y a aucun danger.\u00a0\u00bb<br \/>\n\u00a0<\/p>\n<p>[\/quote_box_center]<\/p>\n<p>Elle a pr\u00e9cis\u00e9 que l&rsquo;hospitalisation de ces onze \u00e9l\u00e8ves n&rsquo;est pas li\u00e9e \u00e0 la date de p\u00e9remption des vaccins, puisqu&rsquo;ils sont valides jusqu&rsquo;en 2017.<\/p>\n<p>[quote_box_center]<br \/>\n\u00ab\u00a0Ces \u00e9l\u00e8ves ont eu des signes d&rsquo;urticaire cutan\u00e9e, de vertige et de maux de t\u00eate. Le m\u00eame lot de vaccins a \u00e9t\u00e9 utilis\u00e9 dans d&rsquo;autres \u00e9coles mais il n&rsquo;y a eu aucun cas de malaise. Six \u00e9l\u00e8ves ont \u00e9t\u00e9 admis le soir de ce mardi 3 mars pour \u00eatre mis sous surveillance puis ils sont rentr\u00e9s chez eux.\u00a0\u00bb<br \/>\n\u00a0<\/p>\n<p>[\/quote_box_center]<\/p>\n<p>Pour le reste des \u00e9l\u00e8ves, Madame Dallagi a estim\u00e9 qu&rsquo;il y a eu une sorte de \u00ab\u00a0panique\u00a0\u00bb qui a fait que d&rsquo;autres \u00e9l\u00e8ves se rendent \u00e0 l&rsquo;h\u00f4pital aujourd&rsquo;hui. Elle nous a affirm\u00e9 qu&rsquo;elle a v\u00e9rifi\u00e9 avec le m\u00e9decin sur place et qu&rsquo;il n&rsquo;y aurait aucun probl\u00e8me m\u00e9dical s\u00e9rieux.<\/p>\n","protected":false},"excerpt":{"rendered":"<p>Les \u00e9l\u00e8ves hospitalis\u00e9s \u00e0 Kasserine ont eu des sympt\u00f4mes b\u00e9nins suite aux vaccins<\/p>\n","protected":false},"author":3222,"featured_media":375322,"comment_status":"open","ping_status":"closed","sticky":false,"template":"","format":"standard","meta":{"footnotes":""},"categories":[11341],"tags":[2600],"class_list":["post-185385","post","type-post","status-publish","format-standard","has-post-thumbnail","hentry","category-sante","tag-guerre"],"yoast_head":"<!-- This site is optimized with the Yoast SEO Premium plugin v27.5 (Yoast SEO v27.5) - https:\/\/yoast.com\/product\/yoast-seo-premium-wordpress\/ -->\n<title>Les \u00e9l\u00e8ves hospitalis\u00e9s \u00e0 Kasserine ont eu des sympt\u00f4mes b\u00e9nins suite aux vaccins<\/title>\n<meta name=\"description\" content=\"Les \u00e9l\u00e8ves hospitalis\u00e9s \u00e0 Kasserine ont eu des sympt\u00f4mes b\u00e9nins suite aux vaccins\" \/>\n<link rel=\"canonical\" href=\"https:\/\/www.webdo.tn\/fr\/actualite\/sante\/des-eleves-hospitalises-a-kasserine-suite-a-des-injections-contre-la-rougeole-et-la-rubeole\/185385\/\" \/>\n<meta property=\"og:locale\" content=\"fr_FR\" \/>\n<meta property=\"og:type\" content=\"article\" \/>\n<meta property=\"og:title\" content=\"Les \u00e9l\u00e8ves hospitalis\u00e9s \u00e0 Kasserine ont eu des sympt\u00f4mes b\u00e9nins suite aux vaccins\" \/>\n<meta property=\"og:description\" content=\"Les \u00e9l\u00e8ves hospitalis\u00e9s \u00e0 Kasserine ont eu des sympt\u00f4mes b\u00e9nins suite aux vaccins\" \/>\n<meta property=\"og:url\" content=\"https:\/\/www.webdo.tn\/fr\/actualite\/sante\/des-eleves-hospitalises-a-kasserine-suite-a-des-injections-contre-la-rougeole-et-la-rubeole\/185385\/\" \/>\n<meta property=\"og:site_name\" content=\"webdo\" \/>\n<meta property=\"article:publisher\" content=\"https:\/\/www.facebook.com\/webdotn\" \/>\n<meta property=\"article:published_time\" content=\"2015-03-04T12:22:00+00:00\" \/>\n<meta property=\"og:image\" content=\"https:\/\/www.webdo.tn\/fr\/wp-content\/uploads\/2025\/06\/Capture-decran-2015-03-04-a-12.17.02-e1425467987399_185385.png\" \/>\n\t<meta property=\"og:image:width\" content=\"600\" \/>\n\t<meta property=\"og:image:height\" content=\"378\" \/>\n\t<meta property=\"og:image:type\" content=\"image\/png\" \/>\n<meta name=\"author\" content=\"webdo.tn\" \/>\n<meta name=\"twitter:card\" content=\"summary_large_image\" \/>\n<meta name=\"twitter:creator\" content=\"@webdo_tn\" \/>\n<meta name=\"twitter:site\" content=\"@webdo_tn\" \/>\n<meta name=\"twitter:label1\" content=\"\u00c9crit par\" \/>\n\t<meta name=\"twitter:data1\" content=\"webdo.tn\" \/>\n\t<meta name=\"twitter:label2\" content=\"Dur\u00e9e de lecture estim\u00e9e\" \/>\n\t<meta name=\"twitter:data2\" content=\"3 minutes\" \/>\n<script type=\"application\/ld+json\" class=\"yoast-schema-graph\">{\"@context\":\"https:\\\/\\\/schema.org\",\"@graph\":[{\"@type\":\"NewsArticle\",\"@id\":\"https:\\\/\\\/www.webdo.tn\\\/fr\\\/actualite\\\/sante\\\/des-eleves-hospitalises-a-kasserine-suite-a-des-injections-contre-la-rougeole-et-la-rubeole\\\/185385\\\/#article\",\"isPartOf\":{\"@id\":\"https:\\\/\\\/www.webdo.tn\\\/fr\\\/actualite\\\/sante\\\/des-eleves-hospitalises-a-kasserine-suite-a-des-injections-contre-la-rougeole-et-la-rubeole\\\/185385\\\/\"},\"author\":{\"name\":\"webdo.tn\",\"@id\":\"https:\\\/\\\/www.webdo.tn\\\/fr\\\/#\\\/schema\\\/person\\\/9a9c6118d687c117df8ef3cc36a4d175\"},\"headline\":\"Les \u00e9l\u00e8ves hospitalis\u00e9s \u00e0 Kasserine ont eu des sympt\u00f4mes b\u00e9nins suite aux vaccins\",\"datePublished\":\"2015-03-04T12:22:00+00:00\",\"mainEntityOfPage\":{\"@id\":\"https:\\\/\\\/www.webdo.tn\\\/fr\\\/actualite\\\/sante\\\/des-eleves-hospitalises-a-kasserine-suite-a-des-injections-contre-la-rougeole-et-la-rubeole\\\/185385\\\/\"},\"wordCount\":653,\"commentCount\":0,\"publisher\":{\"@id\":\"https:\\\/\\\/www.webdo.tn\\\/fr\\\/#organization\"},\"image\":{\"@id\":\"https:\\\/\\\/www.webdo.tn\\\/fr\\\/actualite\\\/sante\\\/des-eleves-hospitalises-a-kasserine-suite-a-des-injections-contre-la-rougeole-et-la-rubeole\\\/185385\\\/#primaryimage\"},\"thumbnailUrl\":\"https:\\\/\\\/www.webdo.tn\\\/fr\\\/wp-content\\\/uploads\\\/2025\\\/06\\\/Capture-decran-2015-03-04-a-12.17.02-e1425467987399_185385.png\",\"keywords\":[\"guerre\"],\"articleSection\":[\"Sant\u00e9\"],\"inLanguage\":\"fr-FR\"},{\"@type\":\"WebPage\",\"@id\":\"https:\\\/\\\/www.webdo.tn\\\/fr\\\/actualite\\\/sante\\\/des-eleves-hospitalises-a-kasserine-suite-a-des-injections-contre-la-rougeole-et-la-rubeole\\\/185385\\\/\",\"url\":\"https:\\\/\\\/www.webdo.tn\\\/fr\\\/actualite\\\/sante\\\/des-eleves-hospitalises-a-kasserine-suite-a-des-injections-contre-la-rougeole-et-la-rubeole\\\/185385\\\/\",\"name\":\"Les \u00e9l\u00e8ves hospitalis\u00e9s \u00e0 Kasserine ont eu des sympt\u00f4mes b\u00e9nins suite aux vaccins\",\"isPartOf\":{\"@id\":\"https:\\\/\\\/www.webdo.tn\\\/fr\\\/#website\"},\"primaryImageOfPage\":{\"@id\":\"https:\\\/\\\/www.webdo.tn\\\/fr\\\/actualite\\\/sante\\\/des-eleves-hospitalises-a-kasserine-suite-a-des-injections-contre-la-rougeole-et-la-rubeole\\\/185385\\\/#primaryimage\"},\"image\":{\"@id\":\"https:\\\/\\\/www.webdo.tn\\\/fr\\\/actualite\\\/sante\\\/des-eleves-hospitalises-a-kasserine-suite-a-des-injections-contre-la-rougeole-et-la-rubeole\\\/185385\\\/#primaryimage\"},\"thumbnailUrl\":\"https:\\\/\\\/www.webdo.tn\\\/fr\\\/wp-content\\\/uploads\\\/2025\\\/06\\\/Capture-decran-2015-03-04-a-12.17.02-e1425467987399_185385.png\",\"datePublished\":\"2015-03-04T12:22:00+00:00\",\"description\":\"Les \u00e9l\u00e8ves hospitalis\u00e9s \u00e0 Kasserine ont eu des sympt\u00f4mes b\u00e9nins suite aux vaccins\",\"breadcrumb\":{\"@id\":\"https:\\\/\\\/www.webdo.tn\\\/fr\\\/actualite\\\/sante\\\/des-eleves-hospitalises-a-kasserine-suite-a-des-injections-contre-la-rougeole-et-la-rubeole\\\/185385\\\/#breadcrumb\"},\"inLanguage\":\"fr-FR\",\"potentialAction\":[{\"@type\":\"ReadAction\",\"target\":[\"https:\\\/\\\/www.webdo.tn\\\/fr\\\/actualite\\\/sante\\\/des-eleves-hospitalises-a-kasserine-suite-a-des-injections-contre-la-rougeole-et-la-rubeole\\\/185385\\\/\"]}]},{\"@type\":\"ImageObject\",\"inLanguage\":\"fr-FR\",\"@id\":\"https:\\\/\\\/www.webdo.tn\\\/fr\\\/actualite\\\/sante\\\/des-eleves-hospitalises-a-kasserine-suite-a-des-injections-contre-la-rougeole-et-la-rubeole\\\/185385\\\/#primaryimage\",\"url\":\"https:\\\/\\\/www.webdo.tn\\\/fr\\\/wp-content\\\/uploads\\\/2025\\\/06\\\/Capture-decran-2015-03-04-a-12.17.02-e1425467987399_185385.png\",\"contentUrl\":\"https:\\\/\\\/www.webdo.tn\\\/fr\\\/wp-content\\\/uploads\\\/2025\\\/06\\\/Capture-decran-2015-03-04-a-12.17.02-e1425467987399_185385.png\",\"width\":600,\"height\":378,\"caption\":\"Les \u00e9l\u00e8ves hospitalis\u00e9s \u00e0 Kasserine ont eu des sympt\u00f4mes b\u00e9nins suite aux vaccins\"},{\"@type\":\"BreadcrumbList\",\"@id\":\"https:\\\/\\\/www.webdo.tn\\\/fr\\\/actualite\\\/sante\\\/des-eleves-hospitalises-a-kasserine-suite-a-des-injections-contre-la-rougeole-et-la-rubeole\\\/185385\\\/#breadcrumb\",\"itemListElement\":[{\"@type\":\"ListItem\",\"position\":1,\"name\":\"Accueil\",\"item\":\"https:\\\/\\\/www.webdo.tn\\\/fr\\\/\"},{\"@type\":\"ListItem\",\"position\":2,\"name\":\"Les \u00e9l\u00e8ves hospitalis\u00e9s \u00e0 Kasserine ont eu des sympt\u00f4mes b\u00e9nins suite aux vaccins\"}]},{\"@type\":\"WebSite\",\"@id\":\"https:\\\/\\\/www.webdo.tn\\\/fr\\\/#website\",\"url\":\"https:\\\/\\\/www.webdo.tn\\\/fr\\\/\",\"name\":\"webdo\",\"description\":\"Tunisie - News en Tunisie et \u00e0 l&#039;international sur Webdo.tn\",\"publisher\":{\"@id\":\"https:\\\/\\\/www.webdo.tn\\\/fr\\\/#organization\"},\"potentialAction\":[{\"@type\":\"SearchAction\",\"target\":{\"@type\":\"EntryPoint\",\"urlTemplate\":\"https:\\\/\\\/www.webdo.tn\\\/fr\\\/?s={search_term_string}\"},\"query-input\":{\"@type\":\"PropertyValueSpecification\",\"valueRequired\":true,\"valueName\":\"search_term_string\"}}],\"inLanguage\":\"fr-FR\"},{\"@type\":\"Organization\",\"@id\":\"https:\\\/\\\/www.webdo.tn\\\/fr\\\/#organization\",\"name\":\"Webdo\",\"alternateName\":\"Webdo.tn\",\"url\":\"https:\\\/\\\/www.webdo.tn\\\/fr\\\/\",\"logo\":{\"@type\":\"ImageObject\",\"inLanguage\":\"fr-FR\",\"@id\":\"https:\\\/\\\/www.webdo.tn\\\/fr\\\/#\\\/schema\\\/logo\\\/image\\\/\",\"url\":\"https:\\\/\\\/www.webdo.tn\\\/fr\\\/wp-content\\\/uploads\\\/2025\\\/06\\\/Webdo-Tunisie_168377.jpg\",\"contentUrl\":\"https:\\\/\\\/www.webdo.tn\\\/fr\\\/wp-content\\\/uploads\\\/2025\\\/06\\\/Webdo-Tunisie_168377.jpg\",\"width\":301,\"height\":301,\"caption\":\"Webdo\"},\"image\":{\"@id\":\"https:\\\/\\\/www.webdo.tn\\\/fr\\\/#\\\/schema\\\/logo\\\/image\\\/\"},\"sameAs\":[\"https:\\\/\\\/www.facebook.com\\\/webdotn\",\"https:\\\/\\\/x.com\\\/webdo_tn\"],\"description\":\"Webdo est un m\u00e9dia num\u00e9rique tunisien fond\u00e9 en 2010, sp\u00e9cialis\u00e9 dans l\u2019actualit\u00e9 nationale et internationale, l\u2019\u00e9conomie, la soci\u00e9t\u00e9 et les analyses politiques. Le site s\u2019adresse \u00e0 un large public francophone et couvre l\u2019information tunisienne en temps r\u00e9el.\",\"email\":\"redac@webdo.tn\",\"legalName\":\"YNJ SARL\",\"foundingDate\":\"2010-09-06\",\"numberOfEmployees\":{\"@type\":\"QuantitativeValue\",\"minValue\":\"11\",\"maxValue\":\"50\"}},{\"@type\":\"Person\",\"@id\":\"https:\\\/\\\/www.webdo.tn\\\/fr\\\/#\\\/schema\\\/person\\\/9a9c6118d687c117df8ef3cc36a4d175\",\"name\":\"webdo.tn\",\"image\":{\"@type\":\"ImageObject\",\"inLanguage\":\"fr-FR\",\"@id\":\"https:\\\/\\\/secure.gravatar.com\\\/avatar\\\/7ce1f28c0c3bbac99ff550b85ef8e44a6950c6ee24514fb6a5489e51d06f0298?s=96&d=mm&r=g\",\"url\":\"https:\\\/\\\/secure.gravatar.com\\\/avatar\\\/7ce1f28c0c3bbac99ff550b85ef8e44a6950c6ee24514fb6a5489e51d06f0298?s=96&d=mm&r=g\",\"contentUrl\":\"https:\\\/\\\/secure.gravatar.com\\\/avatar\\\/7ce1f28c0c3bbac99ff550b85ef8e44a6950c6ee24514fb6a5489e51d06f0298?s=96&d=mm&r=g\",\"caption\":\"webdo.tn\"},\"url\":\"https:\\\/\\\/www.webdo.tn\\\/fr\\\/actualite\\\/author\\\/webdotn\\\/\"}]}<\/script>\n<!-- \/ Yoast SEO Premium plugin. -->","yoast_head_json":{"title":"Les \u00e9l\u00e8ves hospitalis\u00e9s \u00e0 Kasserine ont eu des sympt\u00f4mes b\u00e9nins suite aux vaccins","description":"Les \u00e9l\u00e8ves hospitalis\u00e9s \u00e0 Kasserine ont eu des sympt\u00f4mes b\u00e9nins suite aux vaccins","canonical":"https:\/\/www.webdo.tn\/fr\/actualite\/sante\/des-eleves-hospitalises-a-kasserine-suite-a-des-injections-contre-la-rougeole-et-la-rubeole\/185385\/","og_locale":"fr_FR","og_type":"article","og_title":"Les \u00e9l\u00e8ves hospitalis\u00e9s \u00e0 Kasserine ont eu des sympt\u00f4mes b\u00e9nins suite aux vaccins","og_description":"Les \u00e9l\u00e8ves hospitalis\u00e9s \u00e0 Kasserine ont eu des sympt\u00f4mes b\u00e9nins suite aux vaccins","og_url":"https:\/\/www.webdo.tn\/fr\/actualite\/sante\/des-eleves-hospitalises-a-kasserine-suite-a-des-injections-contre-la-rougeole-et-la-rubeole\/185385\/","og_site_name":"webdo","article_publisher":"https:\/\/www.facebook.com\/webdotn","article_published_time":"2015-03-04T12:22:00+00:00","og_image":[{"width":600,"height":378,"url":"https:\/\/www.webdo.tn\/fr\/wp-content\/uploads\/2025\/06\/Capture-decran-2015-03-04-a-12.17.02-e1425467987399_185385.png","type":"image\/png"}],"author":"webdo.tn","twitter_card":"summary_large_image","twitter_creator":"@webdo_tn","twitter_site":"@webdo_tn","twitter_misc":{"\u00c9crit par":"webdo.tn","Dur\u00e9e de lecture estim\u00e9e":"3 minutes"},"schema":{"@context":"https:\/\/schema.org","@graph":[{"@type":"NewsArticle","@id":"https:\/\/www.webdo.tn\/fr\/actualite\/sante\/des-eleves-hospitalises-a-kasserine-suite-a-des-injections-contre-la-rougeole-et-la-rubeole\/185385\/#article","isPartOf":{"@id":"https:\/\/www.webdo.tn\/fr\/actualite\/sante\/des-eleves-hospitalises-a-kasserine-suite-a-des-injections-contre-la-rougeole-et-la-rubeole\/185385\/"},"author":{"name":"webdo.tn","@id":"https:\/\/www.webdo.tn\/fr\/#\/schema\/person\/9a9c6118d687c117df8ef3cc36a4d175"},"headline":"Les \u00e9l\u00e8ves hospitalis\u00e9s \u00e0 Kasserine ont eu des sympt\u00f4mes b\u00e9nins suite aux vaccins","datePublished":"2015-03-04T12:22:00+00:00","mainEntityOfPage":{"@id":"https:\/\/www.webdo.tn\/fr\/actualite\/sante\/des-eleves-hospitalises-a-kasserine-suite-a-des-injections-contre-la-rougeole-et-la-rubeole\/185385\/"},"wordCount":653,"commentCount":0,"publisher":{"@id":"https:\/\/www.webdo.tn\/fr\/#organization"},"image":{"@id":"https:\/\/www.webdo.tn\/fr\/actualite\/sante\/des-eleves-hospitalises-a-kasserine-suite-a-des-injections-contre-la-rougeole-et-la-rubeole\/185385\/#primaryimage"},"thumbnailUrl":"https:\/\/www.webdo.tn\/fr\/wp-content\/uploads\/2025\/06\/Capture-decran-2015-03-04-a-12.17.02-e1425467987399_185385.png","keywords":["guerre"],"articleSection":["Sant\u00e9"],"inLanguage":"fr-FR"},{"@type":"WebPage","@id":"https:\/\/www.webdo.tn\/fr\/actualite\/sante\/des-eleves-hospitalises-a-kasserine-suite-a-des-injections-contre-la-rougeole-et-la-rubeole\/185385\/","url":"https:\/\/www.webdo.tn\/fr\/actualite\/sante\/des-eleves-hospitalises-a-kasserine-suite-a-des-injections-contre-la-rougeole-et-la-rubeole\/185385\/","name":"Les \u00e9l\u00e8ves hospitalis\u00e9s \u00e0 Kasserine ont eu des sympt\u00f4mes b\u00e9nins suite aux vaccins","isPartOf":{"@id":"https:\/\/www.webdo.tn\/fr\/#website"},"primaryImageOfPage":{"@id":"https:\/\/www.webdo.tn\/fr\/actualite\/sante\/des-eleves-hospitalises-a-kasserine-suite-a-des-injections-contre-la-rougeole-et-la-rubeole\/185385\/#primaryimage"},"image":{"@id":"https:\/\/www.webdo.tn\/fr\/actualite\/sante\/des-eleves-hospitalises-a-kasserine-suite-a-des-injections-contre-la-rougeole-et-la-rubeole\/185385\/#primaryimage"},"thumbnailUrl":"https:\/\/www.webdo.tn\/fr\/wp-content\/uploads\/2025\/06\/Capture-decran-2015-03-04-a-12.17.02-e1425467987399_185385.png","datePublished":"2015-03-04T12:22:00+00:00","description":"Les \u00e9l\u00e8ves hospitalis\u00e9s \u00e0 Kasserine ont eu des sympt\u00f4mes b\u00e9nins suite aux vaccins","breadcrumb":{"@id":"https:\/\/www.webdo.tn\/fr\/actualite\/sante\/des-eleves-hospitalises-a-kasserine-suite-a-des-injections-contre-la-rougeole-et-la-rubeole\/185385\/#breadcrumb"},"inLanguage":"fr-FR","potentialAction":[{"@type":"ReadAction","target":["https:\/\/www.webdo.tn\/fr\/actualite\/sante\/des-eleves-hospitalises-a-kasserine-suite-a-des-injections-contre-la-rougeole-et-la-rubeole\/185385\/"]}]},{"@type":"ImageObject","inLanguage":"fr-FR","@id":"https:\/\/www.webdo.tn\/fr\/actualite\/sante\/des-eleves-hospitalises-a-kasserine-suite-a-des-injections-contre-la-rougeole-et-la-rubeole\/185385\/#primaryimage","url":"https:\/\/www.webdo.tn\/fr\/wp-content\/uploads\/2025\/06\/Capture-decran-2015-03-04-a-12.17.02-e1425467987399_185385.png","contentUrl":"https:\/\/www.webdo.tn\/fr\/wp-content\/uploads\/2025\/06\/Capture-decran-2015-03-04-a-12.17.02-e1425467987399_185385.png","width":600,"height":378,"caption":"Les \u00e9l\u00e8ves hospitalis\u00e9s \u00e0 Kasserine ont eu des sympt\u00f4mes b\u00e9nins suite aux vaccins"},{"@type":"BreadcrumbList","@id":"https:\/\/www.webdo.tn\/fr\/actualite\/sante\/des-eleves-hospitalises-a-kasserine-suite-a-des-injections-contre-la-rougeole-et-la-rubeole\/185385\/#breadcrumb","itemListElement":[{"@type":"ListItem","position":1,"name":"Accueil","item":"https:\/\/www.webdo.tn\/fr\/"},{"@type":"ListItem","position":2,"name":"Les \u00e9l\u00e8ves hospitalis\u00e9s \u00e0 Kasserine ont eu des sympt\u00f4mes b\u00e9nins suite aux vaccins"}]},{"@type":"WebSite","@id":"https:\/\/www.webdo.tn\/fr\/#website","url":"https:\/\/www.webdo.tn\/fr\/","name":"webdo","description":"Tunisie - News en Tunisie et \u00e0 l&#039;international sur Webdo.tn","publisher":{"@id":"https:\/\/www.webdo.tn\/fr\/#organization"},"potentialAction":[{"@type":"SearchAction","target":{"@type":"EntryPoint","urlTemplate":"https:\/\/www.webdo.tn\/fr\/?s={search_term_string}"},"query-input":{"@type":"PropertyValueSpecification","valueRequired":true,"valueName":"search_term_string"}}],"inLanguage":"fr-FR"},{"@type":"Organization","@id":"https:\/\/www.webdo.tn\/fr\/#organization","name":"Webdo","alternateName":"Webdo.tn","url":"https:\/\/www.webdo.tn\/fr\/","logo":{"@type":"ImageObject","inLanguage":"fr-FR","@id":"https:\/\/www.webdo.tn\/fr\/#\/schema\/logo\/image\/","url":"https:\/\/www.webdo.tn\/fr\/wp-content\/uploads\/2025\/06\/Webdo-Tunisie_168377.jpg","contentUrl":"https:\/\/www.webdo.tn\/fr\/wp-content\/uploads\/2025\/06\/Webdo-Tunisie_168377.jpg","width":301,"height":301,"caption":"Webdo"},"image":{"@id":"https:\/\/www.webdo.tn\/fr\/#\/schema\/logo\/image\/"},"sameAs":["https:\/\/www.facebook.com\/webdotn","https:\/\/x.com\/webdo_tn"],"description":"Webdo est un m\u00e9dia num\u00e9rique tunisien fond\u00e9 en 2010, sp\u00e9cialis\u00e9 dans l\u2019actualit\u00e9 nationale et internationale, l\u2019\u00e9conomie, la soci\u00e9t\u00e9 et les analyses politiques. Le site s\u2019adresse \u00e0 un large public francophone et couvre l\u2019information tunisienne en temps r\u00e9el.","email":"redac@webdo.tn","legalName":"YNJ SARL","foundingDate":"2010-09-06","numberOfEmployees":{"@type":"QuantitativeValue","minValue":"11","maxValue":"50"}},{"@type":"Person","@id":"https:\/\/www.webdo.tn\/fr\/#\/schema\/person\/9a9c6118d687c117df8ef3cc36a4d175","name":"webdo.tn","image":{"@type":"ImageObject","inLanguage":"fr-FR","@id":"https:\/\/secure.gravatar.com\/avatar\/7ce1f28c0c3bbac99ff550b85ef8e44a6950c6ee24514fb6a5489e51d06f0298?s=96&d=mm&r=g","url":"https:\/\/secure.gravatar.com\/avatar\/7ce1f28c0c3bbac99ff550b85ef8e44a6950c6ee24514fb6a5489e51d06f0298?s=96&d=mm&r=g","contentUrl":"https:\/\/secure.gravatar.com\/avatar\/7ce1f28c0c3bbac99ff550b85ef8e44a6950c6ee24514fb6a5489e51d06f0298?s=96&d=mm&r=g","caption":"webdo.tn"},"url":"https:\/\/www.webdo.tn\/fr\/actualite\/author\/webdotn\/"}]}},"_links":{"self":[{"href":"https:\/\/www.webdo.tn\/fr\/wp-json\/wp\/v2\/posts\/185385","targetHints":{"allow":["GET"]}}],"collection":[{"href":"https:\/\/www.webdo.tn\/fr\/wp-json\/wp\/v2\/posts"}],"about":[{"href":"https:\/\/www.webdo.tn\/fr\/wp-json\/wp\/v2\/types\/post"}],"author":[{"embeddable":true,"href":"https:\/\/www.webdo.tn\/fr\/wp-json\/wp\/v2\/users\/3222"}],"replies":[{"embeddable":true,"href":"https:\/\/www.webdo.tn\/fr\/wp-json\/wp\/v2\/comments?post=185385"}],"version-history":[{"count":0,"href":"https:\/\/www.webdo.tn\/fr\/wp-json\/wp\/v2\/posts\/185385\/revisions"}],"wp:featuredmedia":[{"embeddable":true,"href":"https:\/\/www.webdo.tn\/fr\/wp-json\/wp\/v2\/media\/375322"}],"wp:attachment":[{"href":"https:\/\/www.webdo.tn\/fr\/wp-json\/wp\/v2\/media?parent=185385"}],"wp:term":[{"taxonomy":"category","embeddable":true,"href":"https:\/\/www.webdo.tn\/fr\/wp-json\/wp\/v2\/categories?post=185385"},{"taxonomy":"post_tag","embeddable":true,"href":"https:\/\/www.webdo.tn\/fr\/wp-json\/wp\/v2\/tags?post=185385"}],"curies":[{"name":"wp","href":"https:\/\/api.w.org\/{rel}","templated":true}]}}