{"id":185384,"date":"2015-03-04T16:40:00","date_gmt":"2015-03-04T16:40:00","guid":{"rendered":"https:\/\/www.webdo.tn\/fr\/blog\/apres-des-symptomes-post-injection-les-eleves-de-kasserine-sont-maintenant-sains-et-saufs\/185384\/"},"modified":"2025-05-18T22:20:01","modified_gmt":"2025-05-18T22:20:01","slug":"apres-des-symptomes-post-injection-les-eleves-de-kasserine-sont-maintenant-sains-et-saufs","status":"publish","type":"post","link":"https:\/\/www.webdo.tn\/fr\/actualite\/sante\/apres-des-symptomes-post-injection-les-eleves-de-kasserine-sont-maintenant-sains-et-saufs\/185384\/","title":{"rendered":"Apr\u00e8s des sympt\u00f4mes post-injection, les \u00e9l\u00e8ves de Kasserine sont maintenant sains et saufs"},"content":{"rendered":"<p>Des \u00e9l\u00e8ves \u00e0 Kasserine de la cit\u00e9 El Karma ont \u00e9t\u00e9 admis \u00e0 l\u2019h\u00f4pital de Kasserine depuis la nuit du mardi 3 mars suite \u00e0 des injections contre la rougeole, la rub\u00e9ole,\u00a0dipht\u00e9rie,\u00a0le t\u00e9tanos et la\u00a0poliomy\u00e9lite\u00a0dans le cadre de la visite m\u00e9dicale annuelle scolaire pour les vaccins de la 6\u00e8me ann\u00e9e de base.<\/p>\n<p>D&rsquo;apr\u00e8s \u00a0Moncef Mahamdi, sous-directeur des soins de sant\u00e9 de base \u00e0 la direction r\u00e9gionale de Kasserine, il n\u2019y a pas eu ni des cas de fi\u00e8vre ni de coma.<\/p>\n<p>[quote_center]<br \/>\n\u00ab\u00a0Il y a eu des sympt\u00f4mes post-injections : Urticaire cutan\u00e9, vertige, mal de t\u00eate et douleurs abdominale.\u00a0\u00bb<br \/>\n\u00a0[\/quote_center]<\/p>\n<p>Il a aussi affirm\u00e9 que la date de p\u00e9remption a \u00e9t\u00e9 v\u00e9rifi\u00e9e.<\/p>\n<p>[pull_quote_center]<\/p>\n<p>\u00ab\u00a0Pour les seringues de\u00a0dipht\u00e9rie,\u00a0le t\u00e9tanos, elles sont valides jusqu&rsquo;\u00e0 2017, quant aux autres elles le sont jusqu&rsquo;\u00e0 2016\u00a0\u00bb.<\/p>\n<p>[\/pull_quote_center]<\/p>\n<p>M. Mhamdi a ajout\u00e9 que pour le lot de vaccins, \u00ab\u00a0la chaine de froid a \u00e9t\u00e9 respect\u00e9e\u00a0\u00bb. Quant \u00e0 l&rsquo;\u00e9quipe, elle a bien manipul\u00e9 les vaccins\u00a0\u00bb, a-t-il assur\u00e9.<\/p>\n<p>Tous les \u00e9l\u00e8ves ont quitt\u00e9 le service p\u00e9diatrie et l&rsquo;h\u00f4pital r\u00e9gional. Ils sont tous sains et saufs maintenant selon M. Mhamdi.<\/p>\n<p>\u00a0<\/p>\n<p>MAJ 17h14<\/p>\n<p>Le minist\u00e8re de la Sant\u00e9 vient de publier un communiqu\u00e9.<\/p>\n","protected":false},"excerpt":{"rendered":"<p>Apr\u00e8s des sympt\u00f4mes post-injection, les \u00e9l\u00e8ves de Kasserine sont maintenant sains et saufs<\/p>\n","protected":false},"author":3222,"featured_media":373077,"comment_status":"open","ping_status":"closed","sticky":false,"template":"","format":"standard","meta":{"footnotes":""},"categories":[11341],"tags":[2600],"class_list":["post-185384","post","type-post","status-publish","format-standard","has-post-thumbnail","hentry","category-sante","tag-guerre"],"yoast_head":"<!-- This site is optimized with the Yoast SEO Premium plugin v27.5 (Yoast SEO v27.5) - https:\/\/yoast.com\/product\/yoast-seo-premium-wordpress\/ -->\n<title>Apr\u00e8s des sympt\u00f4mes post-injection, les \u00e9l\u00e8ves de Kasserine sont maintenant sains et saufs<\/title>\n<meta name=\"description\" content=\"Apr\u00e8s des sympt\u00f4mes post-injection, les \u00e9l\u00e8ves de Kasserine sont maintenant sains et saufs\" \/>\n<link rel=\"canonical\" href=\"https:\/\/www.webdo.tn\/fr\/actualite\/sante\/apres-des-symptomes-post-injection-les-eleves-de-kasserine-sont-maintenant-sains-et-saufs\/185384\/\" \/>\n<meta property=\"og:locale\" content=\"fr_FR\" \/>\n<meta property=\"og:type\" content=\"article\" \/>\n<meta property=\"og:title\" content=\"Apr\u00e8s des sympt\u00f4mes post-injection, les \u00e9l\u00e8ves de Kasserine sont maintenant sains et saufs\" \/>\n<meta property=\"og:description\" content=\"Apr\u00e8s des sympt\u00f4mes post-injection, les \u00e9l\u00e8ves de Kasserine sont maintenant sains et saufs\" \/>\n<meta property=\"og:url\" content=\"https:\/\/www.webdo.tn\/fr\/actualite\/sante\/apres-des-symptomes-post-injection-les-eleves-de-kasserine-sont-maintenant-sains-et-saufs\/185384\/\" \/>\n<meta property=\"og:site_name\" content=\"webdo\" \/>\n<meta property=\"article:publisher\" content=\"https:\/\/www.facebook.com\/webdotn\" \/>\n<meta property=\"article:published_time\" content=\"2015-03-04T16:40:00+00:00\" \/>\n<meta property=\"article:modified_time\" content=\"2025-05-18T22:20:01+00:00\" \/>\n<meta property=\"og:image\" content=\"https:\/\/www.webdo.tn\/fr\/wp-content\/uploads\/2025\/06\/Capture-decran-2015-03-04-a-21.04.31-e1425499607728_185384.png\" \/>\n\t<meta property=\"og:image:width\" content=\"600\" \/>\n\t<meta property=\"og:image:height\" content=\"358\" \/>\n\t<meta property=\"og:image:type\" content=\"image\/png\" \/>\n<meta name=\"author\" content=\"webdo.tn\" \/>\n<meta name=\"twitter:card\" content=\"summary_large_image\" \/>\n<meta name=\"twitter:creator\" content=\"@webdo_tn\" \/>\n<meta name=\"twitter:site\" content=\"@webdo_tn\" \/>\n<meta name=\"twitter:label1\" content=\"\u00c9crit par\" \/>\n\t<meta name=\"twitter:data1\" content=\"webdo.tn\" \/>\n\t<meta name=\"twitter:label2\" content=\"Dur\u00e9e de lecture estim\u00e9e\" \/>\n\t<meta name=\"twitter:data2\" content=\"1 minute\" \/>\n<script type=\"application\/ld+json\" class=\"yoast-schema-graph\">{\"@context\":\"https:\\\/\\\/schema.org\",\"@graph\":[{\"@type\":\"NewsArticle\",\"@id\":\"https:\\\/\\\/www.webdo.tn\\\/fr\\\/actualite\\\/sante\\\/apres-des-symptomes-post-injection-les-eleves-de-kasserine-sont-maintenant-sains-et-saufs\\\/185384\\\/#article\",\"isPartOf\":{\"@id\":\"https:\\\/\\\/www.webdo.tn\\\/fr\\\/actualite\\\/sante\\\/apres-des-symptomes-post-injection-les-eleves-de-kasserine-sont-maintenant-sains-et-saufs\\\/185384\\\/\"},\"author\":{\"name\":\"webdo.tn\",\"@id\":\"https:\\\/\\\/www.webdo.tn\\\/fr\\\/#\\\/schema\\\/person\\\/9a9c6118d687c117df8ef3cc36a4d175\"},\"headline\":\"Apr\u00e8s des sympt\u00f4mes post-injection, les \u00e9l\u00e8ves de Kasserine sont maintenant sains et saufs\",\"datePublished\":\"2015-03-04T16:40:00+00:00\",\"dateModified\":\"2025-05-18T22:20:01+00:00\",\"mainEntityOfPage\":{\"@id\":\"https:\\\/\\\/www.webdo.tn\\\/fr\\\/actualite\\\/sante\\\/apres-des-symptomes-post-injection-les-eleves-de-kasserine-sont-maintenant-sains-et-saufs\\\/185384\\\/\"},\"wordCount\":241,\"commentCount\":0,\"publisher\":{\"@id\":\"https:\\\/\\\/www.webdo.tn\\\/fr\\\/#organization\"},\"image\":{\"@id\":\"https:\\\/\\\/www.webdo.tn\\\/fr\\\/actualite\\\/sante\\\/apres-des-symptomes-post-injection-les-eleves-de-kasserine-sont-maintenant-sains-et-saufs\\\/185384\\\/#primaryimage\"},\"thumbnailUrl\":\"https:\\\/\\\/www.webdo.tn\\\/fr\\\/wp-content\\\/uploads\\\/2025\\\/06\\\/Capture-decran-2015-03-04-a-21.04.31-e1425499607728_185384.png\",\"keywords\":[\"guerre\"],\"articleSection\":[\"Sant\u00e9\"],\"inLanguage\":\"fr-FR\"},{\"@type\":\"WebPage\",\"@id\":\"https:\\\/\\\/www.webdo.tn\\\/fr\\\/actualite\\\/sante\\\/apres-des-symptomes-post-injection-les-eleves-de-kasserine-sont-maintenant-sains-et-saufs\\\/185384\\\/\",\"url\":\"https:\\\/\\\/www.webdo.tn\\\/fr\\\/actualite\\\/sante\\\/apres-des-symptomes-post-injection-les-eleves-de-kasserine-sont-maintenant-sains-et-saufs\\\/185384\\\/\",\"name\":\"Apr\u00e8s des sympt\u00f4mes post-injection, les \u00e9l\u00e8ves de Kasserine sont maintenant sains et saufs\",\"isPartOf\":{\"@id\":\"https:\\\/\\\/www.webdo.tn\\\/fr\\\/#website\"},\"primaryImageOfPage\":{\"@id\":\"https:\\\/\\\/www.webdo.tn\\\/fr\\\/actualite\\\/sante\\\/apres-des-symptomes-post-injection-les-eleves-de-kasserine-sont-maintenant-sains-et-saufs\\\/185384\\\/#primaryimage\"},\"image\":{\"@id\":\"https:\\\/\\\/www.webdo.tn\\\/fr\\\/actualite\\\/sante\\\/apres-des-symptomes-post-injection-les-eleves-de-kasserine-sont-maintenant-sains-et-saufs\\\/185384\\\/#primaryimage\"},\"thumbnailUrl\":\"https:\\\/\\\/www.webdo.tn\\\/fr\\\/wp-content\\\/uploads\\\/2025\\\/06\\\/Capture-decran-2015-03-04-a-21.04.31-e1425499607728_185384.png\",\"datePublished\":\"2015-03-04T16:40:00+00:00\",\"dateModified\":\"2025-05-18T22:20:01+00:00\",\"description\":\"Apr\u00e8s des sympt\u00f4mes post-injection, les \u00e9l\u00e8ves de Kasserine sont maintenant sains et saufs\",\"breadcrumb\":{\"@id\":\"https:\\\/\\\/www.webdo.tn\\\/fr\\\/actualite\\\/sante\\\/apres-des-symptomes-post-injection-les-eleves-de-kasserine-sont-maintenant-sains-et-saufs\\\/185384\\\/#breadcrumb\"},\"inLanguage\":\"fr-FR\",\"potentialAction\":[{\"@type\":\"ReadAction\",\"target\":[\"https:\\\/\\\/www.webdo.tn\\\/fr\\\/actualite\\\/sante\\\/apres-des-symptomes-post-injection-les-eleves-de-kasserine-sont-maintenant-sains-et-saufs\\\/185384\\\/\"]}]},{\"@type\":\"ImageObject\",\"inLanguage\":\"fr-FR\",\"@id\":\"https:\\\/\\\/www.webdo.tn\\\/fr\\\/actualite\\\/sante\\\/apres-des-symptomes-post-injection-les-eleves-de-kasserine-sont-maintenant-sains-et-saufs\\\/185384\\\/#primaryimage\",\"url\":\"https:\\\/\\\/www.webdo.tn\\\/fr\\\/wp-content\\\/uploads\\\/2025\\\/06\\\/Capture-decran-2015-03-04-a-21.04.31-e1425499607728_185384.png\",\"contentUrl\":\"https:\\\/\\\/www.webdo.tn\\\/fr\\\/wp-content\\\/uploads\\\/2025\\\/06\\\/Capture-decran-2015-03-04-a-21.04.31-e1425499607728_185384.png\",\"width\":600,\"height\":358,\"caption\":\"Apr\u00e8s des sympt\u00f4mes post-injection, les \u00e9l\u00e8ves de Kasserine sont maintenant sains et saufs\"},{\"@type\":\"BreadcrumbList\",\"@id\":\"https:\\\/\\\/www.webdo.tn\\\/fr\\\/actualite\\\/sante\\\/apres-des-symptomes-post-injection-les-eleves-de-kasserine-sont-maintenant-sains-et-saufs\\\/185384\\\/#breadcrumb\",\"itemListElement\":[{\"@type\":\"ListItem\",\"position\":1,\"name\":\"Accueil\",\"item\":\"https:\\\/\\\/www.webdo.tn\\\/fr\\\/\"},{\"@type\":\"ListItem\",\"position\":2,\"name\":\"Apr\u00e8s des sympt\u00f4mes post-injection, les \u00e9l\u00e8ves de Kasserine sont maintenant sains et saufs\"}]},{\"@type\":\"WebSite\",\"@id\":\"https:\\\/\\\/www.webdo.tn\\\/fr\\\/#website\",\"url\":\"https:\\\/\\\/www.webdo.tn\\\/fr\\\/\",\"name\":\"webdo\",\"description\":\"Tunisie - News en Tunisie et \u00e0 l&#039;international sur Webdo.tn\",\"publisher\":{\"@id\":\"https:\\\/\\\/www.webdo.tn\\\/fr\\\/#organization\"},\"potentialAction\":[{\"@type\":\"SearchAction\",\"target\":{\"@type\":\"EntryPoint\",\"urlTemplate\":\"https:\\\/\\\/www.webdo.tn\\\/fr\\\/?s={search_term_string}\"},\"query-input\":{\"@type\":\"PropertyValueSpecification\",\"valueRequired\":true,\"valueName\":\"search_term_string\"}}],\"inLanguage\":\"fr-FR\"},{\"@type\":\"Organization\",\"@id\":\"https:\\\/\\\/www.webdo.tn\\\/fr\\\/#organization\",\"name\":\"Webdo\",\"alternateName\":\"Webdo.tn\",\"url\":\"https:\\\/\\\/www.webdo.tn\\\/fr\\\/\",\"logo\":{\"@type\":\"ImageObject\",\"inLanguage\":\"fr-FR\",\"@id\":\"https:\\\/\\\/www.webdo.tn\\\/fr\\\/#\\\/schema\\\/logo\\\/image\\\/\",\"url\":\"https:\\\/\\\/www.webdo.tn\\\/fr\\\/wp-content\\\/uploads\\\/2025\\\/06\\\/Webdo-Tunisie_168377.jpg\",\"contentUrl\":\"https:\\\/\\\/www.webdo.tn\\\/fr\\\/wp-content\\\/uploads\\\/2025\\\/06\\\/Webdo-Tunisie_168377.jpg\",\"width\":301,\"height\":301,\"caption\":\"Webdo\"},\"image\":{\"@id\":\"https:\\\/\\\/www.webdo.tn\\\/fr\\\/#\\\/schema\\\/logo\\\/image\\\/\"},\"sameAs\":[\"https:\\\/\\\/www.facebook.com\\\/webdotn\",\"https:\\\/\\\/x.com\\\/webdo_tn\"],\"description\":\"Webdo est un m\u00e9dia num\u00e9rique tunisien fond\u00e9 en 2010, sp\u00e9cialis\u00e9 dans l\u2019actualit\u00e9 nationale et internationale, l\u2019\u00e9conomie, la soci\u00e9t\u00e9 et les analyses politiques. Le site s\u2019adresse \u00e0 un large public francophone et couvre l\u2019information tunisienne en temps r\u00e9el.\",\"email\":\"redac@webdo.tn\",\"legalName\":\"YNJ SARL\",\"foundingDate\":\"2010-09-06\",\"numberOfEmployees\":{\"@type\":\"QuantitativeValue\",\"minValue\":\"11\",\"maxValue\":\"50\"}},{\"@type\":\"Person\",\"@id\":\"https:\\\/\\\/www.webdo.tn\\\/fr\\\/#\\\/schema\\\/person\\\/9a9c6118d687c117df8ef3cc36a4d175\",\"name\":\"webdo.tn\",\"image\":{\"@type\":\"ImageObject\",\"inLanguage\":\"fr-FR\",\"@id\":\"https:\\\/\\\/secure.gravatar.com\\\/avatar\\\/7ce1f28c0c3bbac99ff550b85ef8e44a6950c6ee24514fb6a5489e51d06f0298?s=96&d=mm&r=g\",\"url\":\"https:\\\/\\\/secure.gravatar.com\\\/avatar\\\/7ce1f28c0c3bbac99ff550b85ef8e44a6950c6ee24514fb6a5489e51d06f0298?s=96&d=mm&r=g\",\"contentUrl\":\"https:\\\/\\\/secure.gravatar.com\\\/avatar\\\/7ce1f28c0c3bbac99ff550b85ef8e44a6950c6ee24514fb6a5489e51d06f0298?s=96&d=mm&r=g\",\"caption\":\"webdo.tn\"},\"url\":\"https:\\\/\\\/www.webdo.tn\\\/fr\\\/actualite\\\/author\\\/webdotn\\\/\"}]}<\/script>\n<!-- \/ Yoast SEO Premium plugin. -->","yoast_head_json":{"title":"Apr\u00e8s des sympt\u00f4mes post-injection, les \u00e9l\u00e8ves de Kasserine sont maintenant sains et saufs","description":"Apr\u00e8s des sympt\u00f4mes post-injection, les \u00e9l\u00e8ves de Kasserine sont maintenant sains et saufs","canonical":"https:\/\/www.webdo.tn\/fr\/actualite\/sante\/apres-des-symptomes-post-injection-les-eleves-de-kasserine-sont-maintenant-sains-et-saufs\/185384\/","og_locale":"fr_FR","og_type":"article","og_title":"Apr\u00e8s des sympt\u00f4mes post-injection, les \u00e9l\u00e8ves de Kasserine sont maintenant sains et saufs","og_description":"Apr\u00e8s des sympt\u00f4mes post-injection, les \u00e9l\u00e8ves de Kasserine sont maintenant sains et saufs","og_url":"https:\/\/www.webdo.tn\/fr\/actualite\/sante\/apres-des-symptomes-post-injection-les-eleves-de-kasserine-sont-maintenant-sains-et-saufs\/185384\/","og_site_name":"webdo","article_publisher":"https:\/\/www.facebook.com\/webdotn","article_published_time":"2015-03-04T16:40:00+00:00","article_modified_time":"2025-05-18T22:20:01+00:00","og_image":[{"width":600,"height":358,"url":"https:\/\/www.webdo.tn\/fr\/wp-content\/uploads\/2025\/06\/Capture-decran-2015-03-04-a-21.04.31-e1425499607728_185384.png","type":"image\/png"}],"author":"webdo.tn","twitter_card":"summary_large_image","twitter_creator":"@webdo_tn","twitter_site":"@webdo_tn","twitter_misc":{"\u00c9crit par":"webdo.tn","Dur\u00e9e de lecture estim\u00e9e":"1 minute"},"schema":{"@context":"https:\/\/schema.org","@graph":[{"@type":"NewsArticle","@id":"https:\/\/www.webdo.tn\/fr\/actualite\/sante\/apres-des-symptomes-post-injection-les-eleves-de-kasserine-sont-maintenant-sains-et-saufs\/185384\/#article","isPartOf":{"@id":"https:\/\/www.webdo.tn\/fr\/actualite\/sante\/apres-des-symptomes-post-injection-les-eleves-de-kasserine-sont-maintenant-sains-et-saufs\/185384\/"},"author":{"name":"webdo.tn","@id":"https:\/\/www.webdo.tn\/fr\/#\/schema\/person\/9a9c6118d687c117df8ef3cc36a4d175"},"headline":"Apr\u00e8s des sympt\u00f4mes post-injection, les \u00e9l\u00e8ves de Kasserine sont maintenant sains et saufs","datePublished":"2015-03-04T16:40:00+00:00","dateModified":"2025-05-18T22:20:01+00:00","mainEntityOfPage":{"@id":"https:\/\/www.webdo.tn\/fr\/actualite\/sante\/apres-des-symptomes-post-injection-les-eleves-de-kasserine-sont-maintenant-sains-et-saufs\/185384\/"},"wordCount":241,"commentCount":0,"publisher":{"@id":"https:\/\/www.webdo.tn\/fr\/#organization"},"image":{"@id":"https:\/\/www.webdo.tn\/fr\/actualite\/sante\/apres-des-symptomes-post-injection-les-eleves-de-kasserine-sont-maintenant-sains-et-saufs\/185384\/#primaryimage"},"thumbnailUrl":"https:\/\/www.webdo.tn\/fr\/wp-content\/uploads\/2025\/06\/Capture-decran-2015-03-04-a-21.04.31-e1425499607728_185384.png","keywords":["guerre"],"articleSection":["Sant\u00e9"],"inLanguage":"fr-FR"},{"@type":"WebPage","@id":"https:\/\/www.webdo.tn\/fr\/actualite\/sante\/apres-des-symptomes-post-injection-les-eleves-de-kasserine-sont-maintenant-sains-et-saufs\/185384\/","url":"https:\/\/www.webdo.tn\/fr\/actualite\/sante\/apres-des-symptomes-post-injection-les-eleves-de-kasserine-sont-maintenant-sains-et-saufs\/185384\/","name":"Apr\u00e8s des sympt\u00f4mes post-injection, les \u00e9l\u00e8ves de Kasserine sont maintenant sains et saufs","isPartOf":{"@id":"https:\/\/www.webdo.tn\/fr\/#website"},"primaryImageOfPage":{"@id":"https:\/\/www.webdo.tn\/fr\/actualite\/sante\/apres-des-symptomes-post-injection-les-eleves-de-kasserine-sont-maintenant-sains-et-saufs\/185384\/#primaryimage"},"image":{"@id":"https:\/\/www.webdo.tn\/fr\/actualite\/sante\/apres-des-symptomes-post-injection-les-eleves-de-kasserine-sont-maintenant-sains-et-saufs\/185384\/#primaryimage"},"thumbnailUrl":"https:\/\/www.webdo.tn\/fr\/wp-content\/uploads\/2025\/06\/Capture-decran-2015-03-04-a-21.04.31-e1425499607728_185384.png","datePublished":"2015-03-04T16:40:00+00:00","dateModified":"2025-05-18T22:20:01+00:00","description":"Apr\u00e8s des sympt\u00f4mes post-injection, les \u00e9l\u00e8ves de Kasserine sont maintenant sains et saufs","breadcrumb":{"@id":"https:\/\/www.webdo.tn\/fr\/actualite\/sante\/apres-des-symptomes-post-injection-les-eleves-de-kasserine-sont-maintenant-sains-et-saufs\/185384\/#breadcrumb"},"inLanguage":"fr-FR","potentialAction":[{"@type":"ReadAction","target":["https:\/\/www.webdo.tn\/fr\/actualite\/sante\/apres-des-symptomes-post-injection-les-eleves-de-kasserine-sont-maintenant-sains-et-saufs\/185384\/"]}]},{"@type":"ImageObject","inLanguage":"fr-FR","@id":"https:\/\/www.webdo.tn\/fr\/actualite\/sante\/apres-des-symptomes-post-injection-les-eleves-de-kasserine-sont-maintenant-sains-et-saufs\/185384\/#primaryimage","url":"https:\/\/www.webdo.tn\/fr\/wp-content\/uploads\/2025\/06\/Capture-decran-2015-03-04-a-21.04.31-e1425499607728_185384.png","contentUrl":"https:\/\/www.webdo.tn\/fr\/wp-content\/uploads\/2025\/06\/Capture-decran-2015-03-04-a-21.04.31-e1425499607728_185384.png","width":600,"height":358,"caption":"Apr\u00e8s des sympt\u00f4mes post-injection, les \u00e9l\u00e8ves de Kasserine sont maintenant sains et saufs"},{"@type":"BreadcrumbList","@id":"https:\/\/www.webdo.tn\/fr\/actualite\/sante\/apres-des-symptomes-post-injection-les-eleves-de-kasserine-sont-maintenant-sains-et-saufs\/185384\/#breadcrumb","itemListElement":[{"@type":"ListItem","position":1,"name":"Accueil","item":"https:\/\/www.webdo.tn\/fr\/"},{"@type":"ListItem","position":2,"name":"Apr\u00e8s des sympt\u00f4mes post-injection, les \u00e9l\u00e8ves de Kasserine sont maintenant sains et saufs"}]},{"@type":"WebSite","@id":"https:\/\/www.webdo.tn\/fr\/#website","url":"https:\/\/www.webdo.tn\/fr\/","name":"webdo","description":"Tunisie - News en Tunisie et \u00e0 l&#039;international sur Webdo.tn","publisher":{"@id":"https:\/\/www.webdo.tn\/fr\/#organization"},"potentialAction":[{"@type":"SearchAction","target":{"@type":"EntryPoint","urlTemplate":"https:\/\/www.webdo.tn\/fr\/?s={search_term_string}"},"query-input":{"@type":"PropertyValueSpecification","valueRequired":true,"valueName":"search_term_string"}}],"inLanguage":"fr-FR"},{"@type":"Organization","@id":"https:\/\/www.webdo.tn\/fr\/#organization","name":"Webdo","alternateName":"Webdo.tn","url":"https:\/\/www.webdo.tn\/fr\/","logo":{"@type":"ImageObject","inLanguage":"fr-FR","@id":"https:\/\/www.webdo.tn\/fr\/#\/schema\/logo\/image\/","url":"https:\/\/www.webdo.tn\/fr\/wp-content\/uploads\/2025\/06\/Webdo-Tunisie_168377.jpg","contentUrl":"https:\/\/www.webdo.tn\/fr\/wp-content\/uploads\/2025\/06\/Webdo-Tunisie_168377.jpg","width":301,"height":301,"caption":"Webdo"},"image":{"@id":"https:\/\/www.webdo.tn\/fr\/#\/schema\/logo\/image\/"},"sameAs":["https:\/\/www.facebook.com\/webdotn","https:\/\/x.com\/webdo_tn"],"description":"Webdo est un m\u00e9dia num\u00e9rique tunisien fond\u00e9 en 2010, sp\u00e9cialis\u00e9 dans l\u2019actualit\u00e9 nationale et internationale, l\u2019\u00e9conomie, la soci\u00e9t\u00e9 et les analyses politiques. Le site s\u2019adresse \u00e0 un large public francophone et couvre l\u2019information tunisienne en temps r\u00e9el.","email":"redac@webdo.tn","legalName":"YNJ SARL","foundingDate":"2010-09-06","numberOfEmployees":{"@type":"QuantitativeValue","minValue":"11","maxValue":"50"}},{"@type":"Person","@id":"https:\/\/www.webdo.tn\/fr\/#\/schema\/person\/9a9c6118d687c117df8ef3cc36a4d175","name":"webdo.tn","image":{"@type":"ImageObject","inLanguage":"fr-FR","@id":"https:\/\/secure.gravatar.com\/avatar\/7ce1f28c0c3bbac99ff550b85ef8e44a6950c6ee24514fb6a5489e51d06f0298?s=96&d=mm&r=g","url":"https:\/\/secure.gravatar.com\/avatar\/7ce1f28c0c3bbac99ff550b85ef8e44a6950c6ee24514fb6a5489e51d06f0298?s=96&d=mm&r=g","contentUrl":"https:\/\/secure.gravatar.com\/avatar\/7ce1f28c0c3bbac99ff550b85ef8e44a6950c6ee24514fb6a5489e51d06f0298?s=96&d=mm&r=g","caption":"webdo.tn"},"url":"https:\/\/www.webdo.tn\/fr\/actualite\/author\/webdotn\/"}]}},"_links":{"self":[{"href":"https:\/\/www.webdo.tn\/fr\/wp-json\/wp\/v2\/posts\/185384","targetHints":{"allow":["GET"]}}],"collection":[{"href":"https:\/\/www.webdo.tn\/fr\/wp-json\/wp\/v2\/posts"}],"about":[{"href":"https:\/\/www.webdo.tn\/fr\/wp-json\/wp\/v2\/types\/post"}],"author":[{"embeddable":true,"href":"https:\/\/www.webdo.tn\/fr\/wp-json\/wp\/v2\/users\/3222"}],"replies":[{"embeddable":true,"href":"https:\/\/www.webdo.tn\/fr\/wp-json\/wp\/v2\/comments?post=185384"}],"version-history":[{"count":0,"href":"https:\/\/www.webdo.tn\/fr\/wp-json\/wp\/v2\/posts\/185384\/revisions"}],"wp:featuredmedia":[{"embeddable":true,"href":"https:\/\/www.webdo.tn\/fr\/wp-json\/wp\/v2\/media\/373077"}],"wp:attachment":[{"href":"https:\/\/www.webdo.tn\/fr\/wp-json\/wp\/v2\/media?parent=185384"}],"wp:term":[{"taxonomy":"category","embeddable":true,"href":"https:\/\/www.webdo.tn\/fr\/wp-json\/wp\/v2\/categories?post=185384"},{"taxonomy":"post_tag","embeddable":true,"href":"https:\/\/www.webdo.tn\/fr\/wp-json\/wp\/v2\/tags?post=185384"}],"curies":[{"name":"wp","href":"https:\/\/api.w.org\/{rel}","templated":true}]}}