{"id":185383,"date":"2015-04-23T10:26:00","date_gmt":"2015-04-23T10:26:00","guid":{"rendered":"https:\/\/www.webdo.tn\/fr\/blog\/tunis-greve-generale-de-la-sante-publique-les-28-et-29-avril\/185383\/"},"modified":"2015-04-23T10:26:00","modified_gmt":"2015-04-23T10:26:00","slug":"tunis-greve-generale-de-la-sante-publique-les-28-et-29-avril","status":"publish","type":"post","link":"https:\/\/www.webdo.tn\/fr\/actualite\/sante\/tunis-greve-generale-de-la-sante-publique-les-28-et-29-avril\/185383\/","title":{"rendered":"Tunis : Gr\u00e8ve g\u00e9n\u00e9rale de la sant\u00e9 publique les 28 et 29 avril"},"content":{"rendered":"<p>Tunis | La F\u00e9d\u00e9ration g\u00e9n\u00e9rale de la sant\u00e9 relevant de l&rsquo;UGTT d\u00e9cr\u00e8te une gr\u00e8ve g\u00e9n\u00e9rale dans le secteur de la sant\u00e9, qui aura lieu les 28 et 29 avril, comme l&rsquo;indique un communiqu\u00e9 publi\u00e9 ce jeudi 23 avril sur la page facebook de l&rsquo;UGTT.<\/p>\n<p>Dans son communiqu\u00e9, la f\u00e9d\u00e9ration s&rsquo;alarme contre la politique de privatisation du secteur de la sant\u00e9 allant jusqu&rsquo;\u00e0 parler de \u00ab\u00a0r\u00e9elle catastrophe\u00a0\u00bb.<\/p>\n<p>La f\u00e9d\u00e9ration d\u00e9nonce la faiblesse des ressources financi\u00e8res, le manque de personnel et particuli\u00e8rement les m\u00e9decins sp\u00e9cialistes, le manque de m\u00e9dicaments, une infrastructure qui s&rsquo;est d\u00e9grad\u00e9e et de mauvaises conditions de travail.<\/p>\n<p>Elle d\u00e9nonce \u00e9galement les agressions quotidiennes subies par les employ\u00e9s du secteur de la sant\u00e9 publique, leur situation mat\u00e9rielle et surtout les d\u00e9penses publiques servant \u00e0 financer les services de sant\u00e9 priv\u00e9s, critiquant de ce fait \u00ab\u00a0une \u00e8re d&rsquo;inauguration des cliniques et la transformation des h\u00f4pitaux publics en march\u00e9s\u00a0\u00bb.<\/p>\n<p>Cette gr\u00e8ve intervient \u00e9galement apr\u00e8s l\u2019\u00e9chec des n\u00e9gociations avec les autorit\u00e9s de tutelle. Le non aboutissement \u00e0 des solutions concr\u00e8tes en rapport avec les revendications d\u00e9j\u00e0 formul\u00e9es dans les proc\u00e8s-verbaux et les listes du conseil administratif sectoriel des agents de la sant\u00e9 sont derri\u00e8re cette d\u00e9cision de gr\u00e8ve.<\/p>\n<p>La gr\u00e8ve touchera tous les \u00e9tablissements de sant\u00e9 sous la tutelle du minist\u00e8re de la Sant\u00e9 publique, \u00e0 l\u2019exception des services d\u2019urgence.<\/p>\n","protected":false},"excerpt":{"rendered":"<p>Tunis : Gr\u00e8ve g\u00e9n\u00e9rale de la sant\u00e9 publique les 28 et 29 avril<\/p>\n","protected":false},"author":3222,"featured_media":335774,"comment_status":"open","ping_status":"closed","sticky":false,"template":"","format":"standard","meta":{"footnotes":""},"categories":[11341],"tags":[2600],"class_list":["post-185383","post","type-post","status-publish","format-standard","has-post-thumbnail","hentry","category-sante","tag-guerre"],"yoast_head":"<!-- This site is optimized with the Yoast SEO Premium plugin v27.5 (Yoast SEO v27.5) - https:\/\/yoast.com\/product\/yoast-seo-premium-wordpress\/ -->\n<title>Tunis : Gr\u00e8ve g\u00e9n\u00e9rale de la sant\u00e9 publique les 28 et 29 avril<\/title>\n<meta name=\"description\" content=\"Tunis : Gr\u00e8ve g\u00e9n\u00e9rale de la sant\u00e9 publique les 28 et 29 avril\" \/>\n<link rel=\"canonical\" href=\"https:\/\/www.webdo.tn\/fr\/actualite\/sante\/tunis-greve-generale-de-la-sante-publique-les-28-et-29-avril\/185383\/\" \/>\n<meta property=\"og:locale\" content=\"fr_FR\" \/>\n<meta property=\"og:type\" content=\"article\" \/>\n<meta property=\"og:title\" content=\"Tunis : Gr\u00e8ve g\u00e9n\u00e9rale de la sant\u00e9 publique les 28 et 29 avril\" \/>\n<meta property=\"og:description\" content=\"Tunis : Gr\u00e8ve g\u00e9n\u00e9rale de la sant\u00e9 publique les 28 et 29 avril\" \/>\n<meta property=\"og:url\" content=\"https:\/\/www.webdo.tn\/fr\/actualite\/sante\/tunis-greve-generale-de-la-sante-publique-les-28-et-29-avril\/185383\/\" \/>\n<meta property=\"og:site_name\" content=\"webdo\" \/>\n<meta property=\"article:publisher\" content=\"https:\/\/www.facebook.com\/webdotn\" \/>\n<meta property=\"article:published_time\" content=\"2015-04-23T10:26:00+00:00\" \/>\n<meta property=\"og:image\" content=\"https:\/\/www.webdo.tn\/fr\/wp-content\/uploads\/2015\/04\/webdo_default-105.jpg\" \/>\n\t<meta property=\"og:image:width\" content=\"800\" \/>\n\t<meta property=\"og:image:height\" content=\"500\" \/>\n\t<meta property=\"og:image:type\" content=\"image\/jpeg\" \/>\n<meta name=\"author\" content=\"webdo.tn\" \/>\n<meta name=\"twitter:card\" content=\"summary_large_image\" \/>\n<meta name=\"twitter:creator\" content=\"@webdo_tn\" \/>\n<meta name=\"twitter:site\" content=\"@webdo_tn\" \/>\n<meta name=\"twitter:label1\" content=\"\u00c9crit par\" \/>\n\t<meta name=\"twitter:data1\" content=\"webdo.tn\" \/>\n\t<meta name=\"twitter:label2\" content=\"Dur\u00e9e de lecture estim\u00e9e\" \/>\n\t<meta name=\"twitter:data2\" content=\"1 minute\" \/>\n<script type=\"application\/ld+json\" class=\"yoast-schema-graph\">{\"@context\":\"https:\\\/\\\/schema.org\",\"@graph\":[{\"@type\":\"NewsArticle\",\"@id\":\"https:\\\/\\\/www.webdo.tn\\\/fr\\\/actualite\\\/sante\\\/tunis-greve-generale-de-la-sante-publique-les-28-et-29-avril\\\/185383\\\/#article\",\"isPartOf\":{\"@id\":\"https:\\\/\\\/www.webdo.tn\\\/fr\\\/actualite\\\/sante\\\/tunis-greve-generale-de-la-sante-publique-les-28-et-29-avril\\\/185383\\\/\"},\"author\":{\"name\":\"webdo.tn\",\"@id\":\"https:\\\/\\\/www.webdo.tn\\\/fr\\\/#\\\/schema\\\/person\\\/9a9c6118d687c117df8ef3cc36a4d175\"},\"headline\":\"Tunis : Gr\u00e8ve g\u00e9n\u00e9rale de la sant\u00e9 publique les 28 et 29 avril\",\"datePublished\":\"2015-04-23T10:26:00+00:00\",\"mainEntityOfPage\":{\"@id\":\"https:\\\/\\\/www.webdo.tn\\\/fr\\\/actualite\\\/sante\\\/tunis-greve-generale-de-la-sante-publique-les-28-et-29-avril\\\/185383\\\/\"},\"wordCount\":274,\"commentCount\":0,\"publisher\":{\"@id\":\"https:\\\/\\\/www.webdo.tn\\\/fr\\\/#organization\"},\"image\":{\"@id\":\"https:\\\/\\\/www.webdo.tn\\\/fr\\\/actualite\\\/sante\\\/tunis-greve-generale-de-la-sante-publique-les-28-et-29-avril\\\/185383\\\/#primaryimage\"},\"thumbnailUrl\":\"https:\\\/\\\/www.webdo.tn\\\/fr\\\/wp-content\\\/uploads\\\/2015\\\/04\\\/webdo_default-105.jpg\",\"keywords\":[\"guerre\"],\"articleSection\":[\"Sant\u00e9\"],\"inLanguage\":\"fr-FR\"},{\"@type\":\"WebPage\",\"@id\":\"https:\\\/\\\/www.webdo.tn\\\/fr\\\/actualite\\\/sante\\\/tunis-greve-generale-de-la-sante-publique-les-28-et-29-avril\\\/185383\\\/\",\"url\":\"https:\\\/\\\/www.webdo.tn\\\/fr\\\/actualite\\\/sante\\\/tunis-greve-generale-de-la-sante-publique-les-28-et-29-avril\\\/185383\\\/\",\"name\":\"Tunis : Gr\u00e8ve g\u00e9n\u00e9rale de la sant\u00e9 publique les 28 et 29 avril\",\"isPartOf\":{\"@id\":\"https:\\\/\\\/www.webdo.tn\\\/fr\\\/#website\"},\"primaryImageOfPage\":{\"@id\":\"https:\\\/\\\/www.webdo.tn\\\/fr\\\/actualite\\\/sante\\\/tunis-greve-generale-de-la-sante-publique-les-28-et-29-avril\\\/185383\\\/#primaryimage\"},\"image\":{\"@id\":\"https:\\\/\\\/www.webdo.tn\\\/fr\\\/actualite\\\/sante\\\/tunis-greve-generale-de-la-sante-publique-les-28-et-29-avril\\\/185383\\\/#primaryimage\"},\"thumbnailUrl\":\"https:\\\/\\\/www.webdo.tn\\\/fr\\\/wp-content\\\/uploads\\\/2015\\\/04\\\/webdo_default-105.jpg\",\"datePublished\":\"2015-04-23T10:26:00+00:00\",\"description\":\"Tunis : Gr\u00e8ve g\u00e9n\u00e9rale de la sant\u00e9 publique les 28 et 29 avril\",\"breadcrumb\":{\"@id\":\"https:\\\/\\\/www.webdo.tn\\\/fr\\\/actualite\\\/sante\\\/tunis-greve-generale-de-la-sante-publique-les-28-et-29-avril\\\/185383\\\/#breadcrumb\"},\"inLanguage\":\"fr-FR\",\"potentialAction\":[{\"@type\":\"ReadAction\",\"target\":[\"https:\\\/\\\/www.webdo.tn\\\/fr\\\/actualite\\\/sante\\\/tunis-greve-generale-de-la-sante-publique-les-28-et-29-avril\\\/185383\\\/\"]}]},{\"@type\":\"ImageObject\",\"inLanguage\":\"fr-FR\",\"@id\":\"https:\\\/\\\/www.webdo.tn\\\/fr\\\/actualite\\\/sante\\\/tunis-greve-generale-de-la-sante-publique-les-28-et-29-avril\\\/185383\\\/#primaryimage\",\"url\":\"https:\\\/\\\/www.webdo.tn\\\/fr\\\/wp-content\\\/uploads\\\/2015\\\/04\\\/webdo_default-105.jpg\",\"contentUrl\":\"https:\\\/\\\/www.webdo.tn\\\/fr\\\/wp-content\\\/uploads\\\/2015\\\/04\\\/webdo_default-105.jpg\",\"width\":800,\"height\":500,\"caption\":\"Tunis : Gr\u00e8ve g\u00e9n\u00e9rale de la sant\u00e9 publique les 28 et 29 avril\"},{\"@type\":\"BreadcrumbList\",\"@id\":\"https:\\\/\\\/www.webdo.tn\\\/fr\\\/actualite\\\/sante\\\/tunis-greve-generale-de-la-sante-publique-les-28-et-29-avril\\\/185383\\\/#breadcrumb\",\"itemListElement\":[{\"@type\":\"ListItem\",\"position\":1,\"name\":\"Accueil\",\"item\":\"https:\\\/\\\/www.webdo.tn\\\/fr\\\/\"},{\"@type\":\"ListItem\",\"position\":2,\"name\":\"Tunis : Gr\u00e8ve g\u00e9n\u00e9rale de la sant\u00e9 publique les 28 et 29 avril\"}]},{\"@type\":\"WebSite\",\"@id\":\"https:\\\/\\\/www.webdo.tn\\\/fr\\\/#website\",\"url\":\"https:\\\/\\\/www.webdo.tn\\\/fr\\\/\",\"name\":\"webdo\",\"description\":\"Tunisie - News en Tunisie et \u00e0 l&#039;international sur Webdo.tn\",\"publisher\":{\"@id\":\"https:\\\/\\\/www.webdo.tn\\\/fr\\\/#organization\"},\"potentialAction\":[{\"@type\":\"SearchAction\",\"target\":{\"@type\":\"EntryPoint\",\"urlTemplate\":\"https:\\\/\\\/www.webdo.tn\\\/fr\\\/?s={search_term_string}\"},\"query-input\":{\"@type\":\"PropertyValueSpecification\",\"valueRequired\":true,\"valueName\":\"search_term_string\"}}],\"inLanguage\":\"fr-FR\"},{\"@type\":\"Organization\",\"@id\":\"https:\\\/\\\/www.webdo.tn\\\/fr\\\/#organization\",\"name\":\"Webdo\",\"alternateName\":\"Webdo.tn\",\"url\":\"https:\\\/\\\/www.webdo.tn\\\/fr\\\/\",\"logo\":{\"@type\":\"ImageObject\",\"inLanguage\":\"fr-FR\",\"@id\":\"https:\\\/\\\/www.webdo.tn\\\/fr\\\/#\\\/schema\\\/logo\\\/image\\\/\",\"url\":\"https:\\\/\\\/www.webdo.tn\\\/fr\\\/wp-content\\\/uploads\\\/2025\\\/06\\\/Webdo-Tunisie_168377.jpg\",\"contentUrl\":\"https:\\\/\\\/www.webdo.tn\\\/fr\\\/wp-content\\\/uploads\\\/2025\\\/06\\\/Webdo-Tunisie_168377.jpg\",\"width\":301,\"height\":301,\"caption\":\"Webdo\"},\"image\":{\"@id\":\"https:\\\/\\\/www.webdo.tn\\\/fr\\\/#\\\/schema\\\/logo\\\/image\\\/\"},\"sameAs\":[\"https:\\\/\\\/www.facebook.com\\\/webdotn\",\"https:\\\/\\\/x.com\\\/webdo_tn\"],\"description\":\"Webdo est un m\u00e9dia num\u00e9rique tunisien fond\u00e9 en 2010, sp\u00e9cialis\u00e9 dans l\u2019actualit\u00e9 nationale et internationale, l\u2019\u00e9conomie, la soci\u00e9t\u00e9 et les analyses politiques. Le site s\u2019adresse \u00e0 un large public francophone et couvre l\u2019information tunisienne en temps r\u00e9el.\",\"email\":\"redac@webdo.tn\",\"legalName\":\"YNJ SARL\",\"foundingDate\":\"2010-09-06\",\"numberOfEmployees\":{\"@type\":\"QuantitativeValue\",\"minValue\":\"11\",\"maxValue\":\"50\"}},{\"@type\":\"Person\",\"@id\":\"https:\\\/\\\/www.webdo.tn\\\/fr\\\/#\\\/schema\\\/person\\\/9a9c6118d687c117df8ef3cc36a4d175\",\"name\":\"webdo.tn\",\"image\":{\"@type\":\"ImageObject\",\"inLanguage\":\"fr-FR\",\"@id\":\"https:\\\/\\\/secure.gravatar.com\\\/avatar\\\/7ce1f28c0c3bbac99ff550b85ef8e44a6950c6ee24514fb6a5489e51d06f0298?s=96&d=mm&r=g\",\"url\":\"https:\\\/\\\/secure.gravatar.com\\\/avatar\\\/7ce1f28c0c3bbac99ff550b85ef8e44a6950c6ee24514fb6a5489e51d06f0298?s=96&d=mm&r=g\",\"contentUrl\":\"https:\\\/\\\/secure.gravatar.com\\\/avatar\\\/7ce1f28c0c3bbac99ff550b85ef8e44a6950c6ee24514fb6a5489e51d06f0298?s=96&d=mm&r=g\",\"caption\":\"webdo.tn\"},\"url\":\"https:\\\/\\\/www.webdo.tn\\\/fr\\\/actualite\\\/author\\\/webdotn\\\/\"}]}<\/script>\n<!-- \/ Yoast SEO Premium plugin. -->","yoast_head_json":{"title":"Tunis : Gr\u00e8ve g\u00e9n\u00e9rale de la sant\u00e9 publique les 28 et 29 avril","description":"Tunis : Gr\u00e8ve g\u00e9n\u00e9rale de la sant\u00e9 publique les 28 et 29 avril","canonical":"https:\/\/www.webdo.tn\/fr\/actualite\/sante\/tunis-greve-generale-de-la-sante-publique-les-28-et-29-avril\/185383\/","og_locale":"fr_FR","og_type":"article","og_title":"Tunis : Gr\u00e8ve g\u00e9n\u00e9rale de la sant\u00e9 publique les 28 et 29 avril","og_description":"Tunis : Gr\u00e8ve g\u00e9n\u00e9rale de la sant\u00e9 publique les 28 et 29 avril","og_url":"https:\/\/www.webdo.tn\/fr\/actualite\/sante\/tunis-greve-generale-de-la-sante-publique-les-28-et-29-avril\/185383\/","og_site_name":"webdo","article_publisher":"https:\/\/www.facebook.com\/webdotn","article_published_time":"2015-04-23T10:26:00+00:00","og_image":[{"width":800,"height":500,"url":"https:\/\/www.webdo.tn\/fr\/wp-content\/uploads\/2015\/04\/webdo_default-105.jpg","type":"image\/jpeg"}],"author":"webdo.tn","twitter_card":"summary_large_image","twitter_creator":"@webdo_tn","twitter_site":"@webdo_tn","twitter_misc":{"\u00c9crit par":"webdo.tn","Dur\u00e9e de lecture estim\u00e9e":"1 minute"},"schema":{"@context":"https:\/\/schema.org","@graph":[{"@type":"NewsArticle","@id":"https:\/\/www.webdo.tn\/fr\/actualite\/sante\/tunis-greve-generale-de-la-sante-publique-les-28-et-29-avril\/185383\/#article","isPartOf":{"@id":"https:\/\/www.webdo.tn\/fr\/actualite\/sante\/tunis-greve-generale-de-la-sante-publique-les-28-et-29-avril\/185383\/"},"author":{"name":"webdo.tn","@id":"https:\/\/www.webdo.tn\/fr\/#\/schema\/person\/9a9c6118d687c117df8ef3cc36a4d175"},"headline":"Tunis : Gr\u00e8ve g\u00e9n\u00e9rale de la sant\u00e9 publique les 28 et 29 avril","datePublished":"2015-04-23T10:26:00+00:00","mainEntityOfPage":{"@id":"https:\/\/www.webdo.tn\/fr\/actualite\/sante\/tunis-greve-generale-de-la-sante-publique-les-28-et-29-avril\/185383\/"},"wordCount":274,"commentCount":0,"publisher":{"@id":"https:\/\/www.webdo.tn\/fr\/#organization"},"image":{"@id":"https:\/\/www.webdo.tn\/fr\/actualite\/sante\/tunis-greve-generale-de-la-sante-publique-les-28-et-29-avril\/185383\/#primaryimage"},"thumbnailUrl":"https:\/\/www.webdo.tn\/fr\/wp-content\/uploads\/2015\/04\/webdo_default-105.jpg","keywords":["guerre"],"articleSection":["Sant\u00e9"],"inLanguage":"fr-FR"},{"@type":"WebPage","@id":"https:\/\/www.webdo.tn\/fr\/actualite\/sante\/tunis-greve-generale-de-la-sante-publique-les-28-et-29-avril\/185383\/","url":"https:\/\/www.webdo.tn\/fr\/actualite\/sante\/tunis-greve-generale-de-la-sante-publique-les-28-et-29-avril\/185383\/","name":"Tunis : Gr\u00e8ve g\u00e9n\u00e9rale de la sant\u00e9 publique les 28 et 29 avril","isPartOf":{"@id":"https:\/\/www.webdo.tn\/fr\/#website"},"primaryImageOfPage":{"@id":"https:\/\/www.webdo.tn\/fr\/actualite\/sante\/tunis-greve-generale-de-la-sante-publique-les-28-et-29-avril\/185383\/#primaryimage"},"image":{"@id":"https:\/\/www.webdo.tn\/fr\/actualite\/sante\/tunis-greve-generale-de-la-sante-publique-les-28-et-29-avril\/185383\/#primaryimage"},"thumbnailUrl":"https:\/\/www.webdo.tn\/fr\/wp-content\/uploads\/2015\/04\/webdo_default-105.jpg","datePublished":"2015-04-23T10:26:00+00:00","description":"Tunis : Gr\u00e8ve g\u00e9n\u00e9rale de la sant\u00e9 publique les 28 et 29 avril","breadcrumb":{"@id":"https:\/\/www.webdo.tn\/fr\/actualite\/sante\/tunis-greve-generale-de-la-sante-publique-les-28-et-29-avril\/185383\/#breadcrumb"},"inLanguage":"fr-FR","potentialAction":[{"@type":"ReadAction","target":["https:\/\/www.webdo.tn\/fr\/actualite\/sante\/tunis-greve-generale-de-la-sante-publique-les-28-et-29-avril\/185383\/"]}]},{"@type":"ImageObject","inLanguage":"fr-FR","@id":"https:\/\/www.webdo.tn\/fr\/actualite\/sante\/tunis-greve-generale-de-la-sante-publique-les-28-et-29-avril\/185383\/#primaryimage","url":"https:\/\/www.webdo.tn\/fr\/wp-content\/uploads\/2015\/04\/webdo_default-105.jpg","contentUrl":"https:\/\/www.webdo.tn\/fr\/wp-content\/uploads\/2015\/04\/webdo_default-105.jpg","width":800,"height":500,"caption":"Tunis : Gr\u00e8ve g\u00e9n\u00e9rale de la sant\u00e9 publique les 28 et 29 avril"},{"@type":"BreadcrumbList","@id":"https:\/\/www.webdo.tn\/fr\/actualite\/sante\/tunis-greve-generale-de-la-sante-publique-les-28-et-29-avril\/185383\/#breadcrumb","itemListElement":[{"@type":"ListItem","position":1,"name":"Accueil","item":"https:\/\/www.webdo.tn\/fr\/"},{"@type":"ListItem","position":2,"name":"Tunis : Gr\u00e8ve g\u00e9n\u00e9rale de la sant\u00e9 publique les 28 et 29 avril"}]},{"@type":"WebSite","@id":"https:\/\/www.webdo.tn\/fr\/#website","url":"https:\/\/www.webdo.tn\/fr\/","name":"webdo","description":"Tunisie - News en Tunisie et \u00e0 l&#039;international sur Webdo.tn","publisher":{"@id":"https:\/\/www.webdo.tn\/fr\/#organization"},"potentialAction":[{"@type":"SearchAction","target":{"@type":"EntryPoint","urlTemplate":"https:\/\/www.webdo.tn\/fr\/?s={search_term_string}"},"query-input":{"@type":"PropertyValueSpecification","valueRequired":true,"valueName":"search_term_string"}}],"inLanguage":"fr-FR"},{"@type":"Organization","@id":"https:\/\/www.webdo.tn\/fr\/#organization","name":"Webdo","alternateName":"Webdo.tn","url":"https:\/\/www.webdo.tn\/fr\/","logo":{"@type":"ImageObject","inLanguage":"fr-FR","@id":"https:\/\/www.webdo.tn\/fr\/#\/schema\/logo\/image\/","url":"https:\/\/www.webdo.tn\/fr\/wp-content\/uploads\/2025\/06\/Webdo-Tunisie_168377.jpg","contentUrl":"https:\/\/www.webdo.tn\/fr\/wp-content\/uploads\/2025\/06\/Webdo-Tunisie_168377.jpg","width":301,"height":301,"caption":"Webdo"},"image":{"@id":"https:\/\/www.webdo.tn\/fr\/#\/schema\/logo\/image\/"},"sameAs":["https:\/\/www.facebook.com\/webdotn","https:\/\/x.com\/webdo_tn"],"description":"Webdo est un m\u00e9dia num\u00e9rique tunisien fond\u00e9 en 2010, sp\u00e9cialis\u00e9 dans l\u2019actualit\u00e9 nationale et internationale, l\u2019\u00e9conomie, la soci\u00e9t\u00e9 et les analyses politiques. Le site s\u2019adresse \u00e0 un large public francophone et couvre l\u2019information tunisienne en temps r\u00e9el.","email":"redac@webdo.tn","legalName":"YNJ SARL","foundingDate":"2010-09-06","numberOfEmployees":{"@type":"QuantitativeValue","minValue":"11","maxValue":"50"}},{"@type":"Person","@id":"https:\/\/www.webdo.tn\/fr\/#\/schema\/person\/9a9c6118d687c117df8ef3cc36a4d175","name":"webdo.tn","image":{"@type":"ImageObject","inLanguage":"fr-FR","@id":"https:\/\/secure.gravatar.com\/avatar\/7ce1f28c0c3bbac99ff550b85ef8e44a6950c6ee24514fb6a5489e51d06f0298?s=96&d=mm&r=g","url":"https:\/\/secure.gravatar.com\/avatar\/7ce1f28c0c3bbac99ff550b85ef8e44a6950c6ee24514fb6a5489e51d06f0298?s=96&d=mm&r=g","contentUrl":"https:\/\/secure.gravatar.com\/avatar\/7ce1f28c0c3bbac99ff550b85ef8e44a6950c6ee24514fb6a5489e51d06f0298?s=96&d=mm&r=g","caption":"webdo.tn"},"url":"https:\/\/www.webdo.tn\/fr\/actualite\/author\/webdotn\/"}]}},"_links":{"self":[{"href":"https:\/\/www.webdo.tn\/fr\/wp-json\/wp\/v2\/posts\/185383","targetHints":{"allow":["GET"]}}],"collection":[{"href":"https:\/\/www.webdo.tn\/fr\/wp-json\/wp\/v2\/posts"}],"about":[{"href":"https:\/\/www.webdo.tn\/fr\/wp-json\/wp\/v2\/types\/post"}],"author":[{"embeddable":true,"href":"https:\/\/www.webdo.tn\/fr\/wp-json\/wp\/v2\/users\/3222"}],"replies":[{"embeddable":true,"href":"https:\/\/www.webdo.tn\/fr\/wp-json\/wp\/v2\/comments?post=185383"}],"version-history":[{"count":0,"href":"https:\/\/www.webdo.tn\/fr\/wp-json\/wp\/v2\/posts\/185383\/revisions"}],"wp:featuredmedia":[{"embeddable":true,"href":"https:\/\/www.webdo.tn\/fr\/wp-json\/wp\/v2\/media\/335774"}],"wp:attachment":[{"href":"https:\/\/www.webdo.tn\/fr\/wp-json\/wp\/v2\/media?parent=185383"}],"wp:term":[{"taxonomy":"category","embeddable":true,"href":"https:\/\/www.webdo.tn\/fr\/wp-json\/wp\/v2\/categories?post=185383"},{"taxonomy":"post_tag","embeddable":true,"href":"https:\/\/www.webdo.tn\/fr\/wp-json\/wp\/v2\/tags?post=185383"}],"curies":[{"name":"wp","href":"https:\/\/api.w.org\/{rel}","templated":true}]}}