{"id":185380,"date":"2015-05-27T17:08:00","date_gmt":"2015-05-27T17:08:00","guid":{"rendered":"https:\/\/www.webdo.tn\/fr\/blog\/tunisie-la-greve-dans-la-sante-publique-coute-500-a-600-mille-dinars-par-jours-selon-le-ministre-de-la-sante\/185380\/"},"modified":"2015-05-27T17:08:00","modified_gmt":"2015-05-27T17:08:00","slug":"tunisie-la-greve-dans-la-sante-publique-coute-500-a-600-mille-dinars-par-jours-selon-le-ministre-de-la-sante","status":"publish","type":"post","link":"https:\/\/www.webdo.tn\/fr\/actualite\/sante\/tunisie-la-greve-dans-la-sante-publique-coute-500-a-600-mille-dinars-par-jours-selon-le-ministre-de-la-sante\/185380\/","title":{"rendered":"La gr\u00e8ve dans la sant\u00e9 publique co\u00fbte 500 \u00e0 600 mille dinars par jours, selon le ministre de la Sant\u00e9"},"content":{"rendered":"<p>Sa\u00efd Aydi, ministre de la Sant\u00e9 a d\u00e9clar\u00e9, ce mercredi 27 mai, sur Mosa\u00efque FM\u00a0que la gr\u00e8ve administrative du\u00a0secteur sanitaire engendre un manque \u00e0 gagner quotidien de 500 \u00e0 600 mille dinars.<\/p>\n<p>Il a ajout\u00e9 que cette gr\u00e8ve aggrave encore la situation financi\u00e8re des institutions sanitaires dont\u00a0certaines connaissent d\u00e9j\u00e0 des difficult\u00e9s.<\/p>\n<p>Le d\u00e9ficit de la pharmacie centrale s&rsquo;\u00e9l\u00e8verait ainsi actuellement \u00e0 200 millions de dinars et celui de l&rsquo;h\u00f4pital Charles Nicolle \u00e0 43 millions de dinars.<br \/>\nRien de nouveau<br \/>\nSi l&rsquo;on prend en compte la premi\u00e8re gr\u00e8ve administrative du secteur de sant\u00e9 en septembre\u00a02014, les chiffres sont les m\u00eames, tout comme les revendications : le personnel de sant\u00e9 r\u00e9clamant l&rsquo;amendement de l&rsquo;article 2 de la loi sur la fonction publique et cela depuis deux ans.<\/p>\n<p>Sa\u00efd Aydi a mentionn\u00e9 les sanctions pr\u00e9vues (pr\u00e9l\u00e8vements sur salaires, mesures disciplinaires) qui devraient \u00eatre appliqu\u00e9es aux gr\u00e9vistes mais a pr\u00e9cis\u00e9 que seule le Gouvernement pouvait les appliquer.<\/p>\n<p>Il a aussi d\u00e9clar\u00e9 qu&rsquo;il n&rsquo;a pas pu prendre part \u00e0 toutes les sessions de dialogue \u00e9tant donn\u00e9 ses engagements avec\u00a0l&rsquo;Organisation Mondiale de la Sant\u00e9.<br \/>\nElodie Potente<\/p>\n","protected":false},"excerpt":{"rendered":"<p>La gr\u00e8ve dans la sant\u00e9 publique co\u00fbte 500 \u00e0 600 mille dinars par jours, selon le ministre de la Sant\u00e9<\/p>\n","protected":false},"author":3222,"featured_media":330021,"comment_status":"open","ping_status":"closed","sticky":false,"template":"","format":"standard","meta":{"footnotes":""},"categories":[11341],"tags":[2600],"class_list":["post-185380","post","type-post","status-publish","format-standard","has-post-thumbnail","hentry","category-sante","tag-guerre"],"yoast_head":"<!-- This site is optimized with the Yoast SEO Premium plugin v27.5 (Yoast SEO v27.5) - https:\/\/yoast.com\/product\/yoast-seo-premium-wordpress\/ -->\n<title>La gr\u00e8ve dans la sant\u00e9 publique co\u00fbte 500 \u00e0 600 mille dinars par jours, selon le ministre de la Sant\u00e9<\/title>\n<meta name=\"description\" content=\"La gr\u00e8ve dans la sant\u00e9 publique co\u00fbte 500 \u00e0 600 mille dinars par jours, selon le ministre de la Sant\u00e9\" \/>\n<link rel=\"canonical\" href=\"https:\/\/www.webdo.tn\/fr\/actualite\/sante\/tunisie-la-greve-dans-la-sante-publique-coute-500-a-600-mille-dinars-par-jours-selon-le-ministre-de-la-sante\/185380\/\" \/>\n<meta property=\"og:locale\" content=\"fr_FR\" \/>\n<meta property=\"og:type\" content=\"article\" \/>\n<meta property=\"og:title\" content=\"La gr\u00e8ve dans la sant\u00e9 publique co\u00fbte 500 \u00e0 600 mille dinars par jours, selon le ministre de la Sant\u00e9\" \/>\n<meta property=\"og:description\" content=\"La gr\u00e8ve dans la sant\u00e9 publique co\u00fbte 500 \u00e0 600 mille dinars par jours, selon le ministre de la Sant\u00e9\" \/>\n<meta property=\"og:url\" content=\"https:\/\/www.webdo.tn\/fr\/actualite\/sante\/tunisie-la-greve-dans-la-sante-publique-coute-500-a-600-mille-dinars-par-jours-selon-le-ministre-de-la-sante\/185380\/\" \/>\n<meta property=\"og:site_name\" content=\"webdo\" \/>\n<meta property=\"article:publisher\" content=\"https:\/\/www.facebook.com\/webdotn\" \/>\n<meta property=\"article:published_time\" content=\"2015-05-27T17:08:00+00:00\" \/>\n<meta property=\"og:image\" content=\"https:\/\/www.webdo.tn\/fr\/wp-content\/uploads\/2015\/05\/Said-Aydi-hopital-M-Sante-300x200-1.jpg\" \/>\n\t<meta property=\"og:image:width\" content=\"300\" \/>\n\t<meta property=\"og:image:height\" content=\"200\" \/>\n\t<meta property=\"og:image:type\" content=\"image\/jpeg\" \/>\n<meta name=\"author\" content=\"webdo.tn\" \/>\n<meta name=\"twitter:card\" content=\"summary_large_image\" \/>\n<meta name=\"twitter:creator\" content=\"@webdo_tn\" \/>\n<meta name=\"twitter:site\" content=\"@webdo_tn\" \/>\n<meta name=\"twitter:label1\" content=\"\u00c9crit par\" \/>\n\t<meta name=\"twitter:data1\" content=\"webdo.tn\" \/>\n\t<meta name=\"twitter:label2\" content=\"Dur\u00e9e de lecture estim\u00e9e\" \/>\n\t<meta name=\"twitter:data2\" content=\"1 minute\" \/>\n<script type=\"application\/ld+json\" class=\"yoast-schema-graph\">{\"@context\":\"https:\\\/\\\/schema.org\",\"@graph\":[{\"@type\":\"NewsArticle\",\"@id\":\"https:\\\/\\\/www.webdo.tn\\\/fr\\\/actualite\\\/sante\\\/tunisie-la-greve-dans-la-sante-publique-coute-500-a-600-mille-dinars-par-jours-selon-le-ministre-de-la-sante\\\/185380\\\/#article\",\"isPartOf\":{\"@id\":\"https:\\\/\\\/www.webdo.tn\\\/fr\\\/actualite\\\/sante\\\/tunisie-la-greve-dans-la-sante-publique-coute-500-a-600-mille-dinars-par-jours-selon-le-ministre-de-la-sante\\\/185380\\\/\"},\"author\":{\"name\":\"webdo.tn\",\"@id\":\"https:\\\/\\\/www.webdo.tn\\\/fr\\\/#\\\/schema\\\/person\\\/9a9c6118d687c117df8ef3cc36a4d175\"},\"headline\":\"La gr\u00e8ve dans la sant\u00e9 publique co\u00fbte 500 \u00e0 600 mille dinars par jours, selon le ministre de la Sant\u00e9\",\"datePublished\":\"2015-05-27T17:08:00+00:00\",\"mainEntityOfPage\":{\"@id\":\"https:\\\/\\\/www.webdo.tn\\\/fr\\\/actualite\\\/sante\\\/tunisie-la-greve-dans-la-sante-publique-coute-500-a-600-mille-dinars-par-jours-selon-le-ministre-de-la-sante\\\/185380\\\/\"},\"wordCount\":222,\"commentCount\":0,\"publisher\":{\"@id\":\"https:\\\/\\\/www.webdo.tn\\\/fr\\\/#organization\"},\"image\":{\"@id\":\"https:\\\/\\\/www.webdo.tn\\\/fr\\\/actualite\\\/sante\\\/tunisie-la-greve-dans-la-sante-publique-coute-500-a-600-mille-dinars-par-jours-selon-le-ministre-de-la-sante\\\/185380\\\/#primaryimage\"},\"thumbnailUrl\":\"https:\\\/\\\/www.webdo.tn\\\/fr\\\/wp-content\\\/uploads\\\/2015\\\/05\\\/Said-Aydi-hopital-M-Sante-300x200-1.jpg\",\"keywords\":[\"guerre\"],\"articleSection\":[\"Sant\u00e9\"],\"inLanguage\":\"fr-FR\"},{\"@type\":\"WebPage\",\"@id\":\"https:\\\/\\\/www.webdo.tn\\\/fr\\\/actualite\\\/sante\\\/tunisie-la-greve-dans-la-sante-publique-coute-500-a-600-mille-dinars-par-jours-selon-le-ministre-de-la-sante\\\/185380\\\/\",\"url\":\"https:\\\/\\\/www.webdo.tn\\\/fr\\\/actualite\\\/sante\\\/tunisie-la-greve-dans-la-sante-publique-coute-500-a-600-mille-dinars-par-jours-selon-le-ministre-de-la-sante\\\/185380\\\/\",\"name\":\"La gr\u00e8ve dans la sant\u00e9 publique co\u00fbte 500 \u00e0 600 mille dinars par jours, selon le ministre de la Sant\u00e9\",\"isPartOf\":{\"@id\":\"https:\\\/\\\/www.webdo.tn\\\/fr\\\/#website\"},\"primaryImageOfPage\":{\"@id\":\"https:\\\/\\\/www.webdo.tn\\\/fr\\\/actualite\\\/sante\\\/tunisie-la-greve-dans-la-sante-publique-coute-500-a-600-mille-dinars-par-jours-selon-le-ministre-de-la-sante\\\/185380\\\/#primaryimage\"},\"image\":{\"@id\":\"https:\\\/\\\/www.webdo.tn\\\/fr\\\/actualite\\\/sante\\\/tunisie-la-greve-dans-la-sante-publique-coute-500-a-600-mille-dinars-par-jours-selon-le-ministre-de-la-sante\\\/185380\\\/#primaryimage\"},\"thumbnailUrl\":\"https:\\\/\\\/www.webdo.tn\\\/fr\\\/wp-content\\\/uploads\\\/2015\\\/05\\\/Said-Aydi-hopital-M-Sante-300x200-1.jpg\",\"datePublished\":\"2015-05-27T17:08:00+00:00\",\"description\":\"La gr\u00e8ve dans la sant\u00e9 publique co\u00fbte 500 \u00e0 600 mille dinars par jours, selon le ministre de la Sant\u00e9\",\"breadcrumb\":{\"@id\":\"https:\\\/\\\/www.webdo.tn\\\/fr\\\/actualite\\\/sante\\\/tunisie-la-greve-dans-la-sante-publique-coute-500-a-600-mille-dinars-par-jours-selon-le-ministre-de-la-sante\\\/185380\\\/#breadcrumb\"},\"inLanguage\":\"fr-FR\",\"potentialAction\":[{\"@type\":\"ReadAction\",\"target\":[\"https:\\\/\\\/www.webdo.tn\\\/fr\\\/actualite\\\/sante\\\/tunisie-la-greve-dans-la-sante-publique-coute-500-a-600-mille-dinars-par-jours-selon-le-ministre-de-la-sante\\\/185380\\\/\"]}]},{\"@type\":\"ImageObject\",\"inLanguage\":\"fr-FR\",\"@id\":\"https:\\\/\\\/www.webdo.tn\\\/fr\\\/actualite\\\/sante\\\/tunisie-la-greve-dans-la-sante-publique-coute-500-a-600-mille-dinars-par-jours-selon-le-ministre-de-la-sante\\\/185380\\\/#primaryimage\",\"url\":\"https:\\\/\\\/www.webdo.tn\\\/fr\\\/wp-content\\\/uploads\\\/2015\\\/05\\\/Said-Aydi-hopital-M-Sante-300x200-1.jpg\",\"contentUrl\":\"https:\\\/\\\/www.webdo.tn\\\/fr\\\/wp-content\\\/uploads\\\/2015\\\/05\\\/Said-Aydi-hopital-M-Sante-300x200-1.jpg\",\"width\":300,\"height\":200,\"caption\":\"La gr\u00e8ve dans la sant\u00e9 publique co\u00fbte 500 \u00e0 600 mille dinars par jours, selon le ministre de la Sant\u00e9\"},{\"@type\":\"BreadcrumbList\",\"@id\":\"https:\\\/\\\/www.webdo.tn\\\/fr\\\/actualite\\\/sante\\\/tunisie-la-greve-dans-la-sante-publique-coute-500-a-600-mille-dinars-par-jours-selon-le-ministre-de-la-sante\\\/185380\\\/#breadcrumb\",\"itemListElement\":[{\"@type\":\"ListItem\",\"position\":1,\"name\":\"Accueil\",\"item\":\"https:\\\/\\\/www.webdo.tn\\\/fr\\\/\"},{\"@type\":\"ListItem\",\"position\":2,\"name\":\"La gr\u00e8ve dans la sant\u00e9 publique co\u00fbte 500 \u00e0 600 mille dinars par jours, selon le ministre de la Sant\u00e9\"}]},{\"@type\":\"WebSite\",\"@id\":\"https:\\\/\\\/www.webdo.tn\\\/fr\\\/#website\",\"url\":\"https:\\\/\\\/www.webdo.tn\\\/fr\\\/\",\"name\":\"webdo\",\"description\":\"Tunisie - News en Tunisie et \u00e0 l&#039;international sur Webdo.tn\",\"publisher\":{\"@id\":\"https:\\\/\\\/www.webdo.tn\\\/fr\\\/#organization\"},\"potentialAction\":[{\"@type\":\"SearchAction\",\"target\":{\"@type\":\"EntryPoint\",\"urlTemplate\":\"https:\\\/\\\/www.webdo.tn\\\/fr\\\/?s={search_term_string}\"},\"query-input\":{\"@type\":\"PropertyValueSpecification\",\"valueRequired\":true,\"valueName\":\"search_term_string\"}}],\"inLanguage\":\"fr-FR\"},{\"@type\":\"Organization\",\"@id\":\"https:\\\/\\\/www.webdo.tn\\\/fr\\\/#organization\",\"name\":\"Webdo\",\"alternateName\":\"Webdo.tn\",\"url\":\"https:\\\/\\\/www.webdo.tn\\\/fr\\\/\",\"logo\":{\"@type\":\"ImageObject\",\"inLanguage\":\"fr-FR\",\"@id\":\"https:\\\/\\\/www.webdo.tn\\\/fr\\\/#\\\/schema\\\/logo\\\/image\\\/\",\"url\":\"https:\\\/\\\/www.webdo.tn\\\/fr\\\/wp-content\\\/uploads\\\/2025\\\/06\\\/Webdo-Tunisie_168377.jpg\",\"contentUrl\":\"https:\\\/\\\/www.webdo.tn\\\/fr\\\/wp-content\\\/uploads\\\/2025\\\/06\\\/Webdo-Tunisie_168377.jpg\",\"width\":301,\"height\":301,\"caption\":\"Webdo\"},\"image\":{\"@id\":\"https:\\\/\\\/www.webdo.tn\\\/fr\\\/#\\\/schema\\\/logo\\\/image\\\/\"},\"sameAs\":[\"https:\\\/\\\/www.facebook.com\\\/webdotn\",\"https:\\\/\\\/x.com\\\/webdo_tn\"],\"description\":\"Webdo est un m\u00e9dia num\u00e9rique tunisien fond\u00e9 en 2010, sp\u00e9cialis\u00e9 dans l\u2019actualit\u00e9 nationale et internationale, l\u2019\u00e9conomie, la soci\u00e9t\u00e9 et les analyses politiques. Le site s\u2019adresse \u00e0 un large public francophone et couvre l\u2019information tunisienne en temps r\u00e9el.\",\"email\":\"redac@webdo.tn\",\"legalName\":\"YNJ SARL\",\"foundingDate\":\"2010-09-06\",\"numberOfEmployees\":{\"@type\":\"QuantitativeValue\",\"minValue\":\"11\",\"maxValue\":\"50\"}},{\"@type\":\"Person\",\"@id\":\"https:\\\/\\\/www.webdo.tn\\\/fr\\\/#\\\/schema\\\/person\\\/9a9c6118d687c117df8ef3cc36a4d175\",\"name\":\"webdo.tn\",\"image\":{\"@type\":\"ImageObject\",\"inLanguage\":\"fr-FR\",\"@id\":\"https:\\\/\\\/secure.gravatar.com\\\/avatar\\\/7ce1f28c0c3bbac99ff550b85ef8e44a6950c6ee24514fb6a5489e51d06f0298?s=96&d=mm&r=g\",\"url\":\"https:\\\/\\\/secure.gravatar.com\\\/avatar\\\/7ce1f28c0c3bbac99ff550b85ef8e44a6950c6ee24514fb6a5489e51d06f0298?s=96&d=mm&r=g\",\"contentUrl\":\"https:\\\/\\\/secure.gravatar.com\\\/avatar\\\/7ce1f28c0c3bbac99ff550b85ef8e44a6950c6ee24514fb6a5489e51d06f0298?s=96&d=mm&r=g\",\"caption\":\"webdo.tn\"},\"url\":\"https:\\\/\\\/www.webdo.tn\\\/fr\\\/actualite\\\/author\\\/webdotn\\\/\"}]}<\/script>\n<!-- \/ Yoast SEO Premium plugin. -->","yoast_head_json":{"title":"La gr\u00e8ve dans la sant\u00e9 publique co\u00fbte 500 \u00e0 600 mille dinars par jours, selon le ministre de la Sant\u00e9","description":"La gr\u00e8ve dans la sant\u00e9 publique co\u00fbte 500 \u00e0 600 mille dinars par jours, selon le ministre de la Sant\u00e9","canonical":"https:\/\/www.webdo.tn\/fr\/actualite\/sante\/tunisie-la-greve-dans-la-sante-publique-coute-500-a-600-mille-dinars-par-jours-selon-le-ministre-de-la-sante\/185380\/","og_locale":"fr_FR","og_type":"article","og_title":"La gr\u00e8ve dans la sant\u00e9 publique co\u00fbte 500 \u00e0 600 mille dinars par jours, selon le ministre de la Sant\u00e9","og_description":"La gr\u00e8ve dans la sant\u00e9 publique co\u00fbte 500 \u00e0 600 mille dinars par jours, selon le ministre de la Sant\u00e9","og_url":"https:\/\/www.webdo.tn\/fr\/actualite\/sante\/tunisie-la-greve-dans-la-sante-publique-coute-500-a-600-mille-dinars-par-jours-selon-le-ministre-de-la-sante\/185380\/","og_site_name":"webdo","article_publisher":"https:\/\/www.facebook.com\/webdotn","article_published_time":"2015-05-27T17:08:00+00:00","og_image":[{"width":300,"height":200,"url":"https:\/\/www.webdo.tn\/fr\/wp-content\/uploads\/2015\/05\/Said-Aydi-hopital-M-Sante-300x200-1.jpg","type":"image\/jpeg"}],"author":"webdo.tn","twitter_card":"summary_large_image","twitter_creator":"@webdo_tn","twitter_site":"@webdo_tn","twitter_misc":{"\u00c9crit par":"webdo.tn","Dur\u00e9e de lecture estim\u00e9e":"1 minute"},"schema":{"@context":"https:\/\/schema.org","@graph":[{"@type":"NewsArticle","@id":"https:\/\/www.webdo.tn\/fr\/actualite\/sante\/tunisie-la-greve-dans-la-sante-publique-coute-500-a-600-mille-dinars-par-jours-selon-le-ministre-de-la-sante\/185380\/#article","isPartOf":{"@id":"https:\/\/www.webdo.tn\/fr\/actualite\/sante\/tunisie-la-greve-dans-la-sante-publique-coute-500-a-600-mille-dinars-par-jours-selon-le-ministre-de-la-sante\/185380\/"},"author":{"name":"webdo.tn","@id":"https:\/\/www.webdo.tn\/fr\/#\/schema\/person\/9a9c6118d687c117df8ef3cc36a4d175"},"headline":"La gr\u00e8ve dans la sant\u00e9 publique co\u00fbte 500 \u00e0 600 mille dinars par jours, selon le ministre de la Sant\u00e9","datePublished":"2015-05-27T17:08:00+00:00","mainEntityOfPage":{"@id":"https:\/\/www.webdo.tn\/fr\/actualite\/sante\/tunisie-la-greve-dans-la-sante-publique-coute-500-a-600-mille-dinars-par-jours-selon-le-ministre-de-la-sante\/185380\/"},"wordCount":222,"commentCount":0,"publisher":{"@id":"https:\/\/www.webdo.tn\/fr\/#organization"},"image":{"@id":"https:\/\/www.webdo.tn\/fr\/actualite\/sante\/tunisie-la-greve-dans-la-sante-publique-coute-500-a-600-mille-dinars-par-jours-selon-le-ministre-de-la-sante\/185380\/#primaryimage"},"thumbnailUrl":"https:\/\/www.webdo.tn\/fr\/wp-content\/uploads\/2015\/05\/Said-Aydi-hopital-M-Sante-300x200-1.jpg","keywords":["guerre"],"articleSection":["Sant\u00e9"],"inLanguage":"fr-FR"},{"@type":"WebPage","@id":"https:\/\/www.webdo.tn\/fr\/actualite\/sante\/tunisie-la-greve-dans-la-sante-publique-coute-500-a-600-mille-dinars-par-jours-selon-le-ministre-de-la-sante\/185380\/","url":"https:\/\/www.webdo.tn\/fr\/actualite\/sante\/tunisie-la-greve-dans-la-sante-publique-coute-500-a-600-mille-dinars-par-jours-selon-le-ministre-de-la-sante\/185380\/","name":"La gr\u00e8ve dans la sant\u00e9 publique co\u00fbte 500 \u00e0 600 mille dinars par jours, selon le ministre de la Sant\u00e9","isPartOf":{"@id":"https:\/\/www.webdo.tn\/fr\/#website"},"primaryImageOfPage":{"@id":"https:\/\/www.webdo.tn\/fr\/actualite\/sante\/tunisie-la-greve-dans-la-sante-publique-coute-500-a-600-mille-dinars-par-jours-selon-le-ministre-de-la-sante\/185380\/#primaryimage"},"image":{"@id":"https:\/\/www.webdo.tn\/fr\/actualite\/sante\/tunisie-la-greve-dans-la-sante-publique-coute-500-a-600-mille-dinars-par-jours-selon-le-ministre-de-la-sante\/185380\/#primaryimage"},"thumbnailUrl":"https:\/\/www.webdo.tn\/fr\/wp-content\/uploads\/2015\/05\/Said-Aydi-hopital-M-Sante-300x200-1.jpg","datePublished":"2015-05-27T17:08:00+00:00","description":"La gr\u00e8ve dans la sant\u00e9 publique co\u00fbte 500 \u00e0 600 mille dinars par jours, selon le ministre de la Sant\u00e9","breadcrumb":{"@id":"https:\/\/www.webdo.tn\/fr\/actualite\/sante\/tunisie-la-greve-dans-la-sante-publique-coute-500-a-600-mille-dinars-par-jours-selon-le-ministre-de-la-sante\/185380\/#breadcrumb"},"inLanguage":"fr-FR","potentialAction":[{"@type":"ReadAction","target":["https:\/\/www.webdo.tn\/fr\/actualite\/sante\/tunisie-la-greve-dans-la-sante-publique-coute-500-a-600-mille-dinars-par-jours-selon-le-ministre-de-la-sante\/185380\/"]}]},{"@type":"ImageObject","inLanguage":"fr-FR","@id":"https:\/\/www.webdo.tn\/fr\/actualite\/sante\/tunisie-la-greve-dans-la-sante-publique-coute-500-a-600-mille-dinars-par-jours-selon-le-ministre-de-la-sante\/185380\/#primaryimage","url":"https:\/\/www.webdo.tn\/fr\/wp-content\/uploads\/2015\/05\/Said-Aydi-hopital-M-Sante-300x200-1.jpg","contentUrl":"https:\/\/www.webdo.tn\/fr\/wp-content\/uploads\/2015\/05\/Said-Aydi-hopital-M-Sante-300x200-1.jpg","width":300,"height":200,"caption":"La gr\u00e8ve dans la sant\u00e9 publique co\u00fbte 500 \u00e0 600 mille dinars par jours, selon le ministre de la Sant\u00e9"},{"@type":"BreadcrumbList","@id":"https:\/\/www.webdo.tn\/fr\/actualite\/sante\/tunisie-la-greve-dans-la-sante-publique-coute-500-a-600-mille-dinars-par-jours-selon-le-ministre-de-la-sante\/185380\/#breadcrumb","itemListElement":[{"@type":"ListItem","position":1,"name":"Accueil","item":"https:\/\/www.webdo.tn\/fr\/"},{"@type":"ListItem","position":2,"name":"La gr\u00e8ve dans la sant\u00e9 publique co\u00fbte 500 \u00e0 600 mille dinars par jours, selon le ministre de la Sant\u00e9"}]},{"@type":"WebSite","@id":"https:\/\/www.webdo.tn\/fr\/#website","url":"https:\/\/www.webdo.tn\/fr\/","name":"webdo","description":"Tunisie - News en Tunisie et \u00e0 l&#039;international sur Webdo.tn","publisher":{"@id":"https:\/\/www.webdo.tn\/fr\/#organization"},"potentialAction":[{"@type":"SearchAction","target":{"@type":"EntryPoint","urlTemplate":"https:\/\/www.webdo.tn\/fr\/?s={search_term_string}"},"query-input":{"@type":"PropertyValueSpecification","valueRequired":true,"valueName":"search_term_string"}}],"inLanguage":"fr-FR"},{"@type":"Organization","@id":"https:\/\/www.webdo.tn\/fr\/#organization","name":"Webdo","alternateName":"Webdo.tn","url":"https:\/\/www.webdo.tn\/fr\/","logo":{"@type":"ImageObject","inLanguage":"fr-FR","@id":"https:\/\/www.webdo.tn\/fr\/#\/schema\/logo\/image\/","url":"https:\/\/www.webdo.tn\/fr\/wp-content\/uploads\/2025\/06\/Webdo-Tunisie_168377.jpg","contentUrl":"https:\/\/www.webdo.tn\/fr\/wp-content\/uploads\/2025\/06\/Webdo-Tunisie_168377.jpg","width":301,"height":301,"caption":"Webdo"},"image":{"@id":"https:\/\/www.webdo.tn\/fr\/#\/schema\/logo\/image\/"},"sameAs":["https:\/\/www.facebook.com\/webdotn","https:\/\/x.com\/webdo_tn"],"description":"Webdo est un m\u00e9dia num\u00e9rique tunisien fond\u00e9 en 2010, sp\u00e9cialis\u00e9 dans l\u2019actualit\u00e9 nationale et internationale, l\u2019\u00e9conomie, la soci\u00e9t\u00e9 et les analyses politiques. Le site s\u2019adresse \u00e0 un large public francophone et couvre l\u2019information tunisienne en temps r\u00e9el.","email":"redac@webdo.tn","legalName":"YNJ SARL","foundingDate":"2010-09-06","numberOfEmployees":{"@type":"QuantitativeValue","minValue":"11","maxValue":"50"}},{"@type":"Person","@id":"https:\/\/www.webdo.tn\/fr\/#\/schema\/person\/9a9c6118d687c117df8ef3cc36a4d175","name":"webdo.tn","image":{"@type":"ImageObject","inLanguage":"fr-FR","@id":"https:\/\/secure.gravatar.com\/avatar\/7ce1f28c0c3bbac99ff550b85ef8e44a6950c6ee24514fb6a5489e51d06f0298?s=96&d=mm&r=g","url":"https:\/\/secure.gravatar.com\/avatar\/7ce1f28c0c3bbac99ff550b85ef8e44a6950c6ee24514fb6a5489e51d06f0298?s=96&d=mm&r=g","contentUrl":"https:\/\/secure.gravatar.com\/avatar\/7ce1f28c0c3bbac99ff550b85ef8e44a6950c6ee24514fb6a5489e51d06f0298?s=96&d=mm&r=g","caption":"webdo.tn"},"url":"https:\/\/www.webdo.tn\/fr\/actualite\/author\/webdotn\/"}]}},"_links":{"self":[{"href":"https:\/\/www.webdo.tn\/fr\/wp-json\/wp\/v2\/posts\/185380","targetHints":{"allow":["GET"]}}],"collection":[{"href":"https:\/\/www.webdo.tn\/fr\/wp-json\/wp\/v2\/posts"}],"about":[{"href":"https:\/\/www.webdo.tn\/fr\/wp-json\/wp\/v2\/types\/post"}],"author":[{"embeddable":true,"href":"https:\/\/www.webdo.tn\/fr\/wp-json\/wp\/v2\/users\/3222"}],"replies":[{"embeddable":true,"href":"https:\/\/www.webdo.tn\/fr\/wp-json\/wp\/v2\/comments?post=185380"}],"version-history":[{"count":0,"href":"https:\/\/www.webdo.tn\/fr\/wp-json\/wp\/v2\/posts\/185380\/revisions"}],"wp:featuredmedia":[{"embeddable":true,"href":"https:\/\/www.webdo.tn\/fr\/wp-json\/wp\/v2\/media\/330021"}],"wp:attachment":[{"href":"https:\/\/www.webdo.tn\/fr\/wp-json\/wp\/v2\/media?parent=185380"}],"wp:term":[{"taxonomy":"category","embeddable":true,"href":"https:\/\/www.webdo.tn\/fr\/wp-json\/wp\/v2\/categories?post=185380"},{"taxonomy":"post_tag","embeddable":true,"href":"https:\/\/www.webdo.tn\/fr\/wp-json\/wp\/v2\/tags?post=185380"}],"curies":[{"name":"wp","href":"https:\/\/api.w.org\/{rel}","templated":true}]}}