{"id":185379,"date":"2015-08-17T13:55:00","date_gmt":"2015-08-17T13:55:00","guid":{"rendered":"https:\/\/www.webdo.tn\/fr\/blog\/tunisie-signature-dun-accord-entre-la-cnam-et-le-syndicat-des-pharmaciens-pour-la-reprise-du-regime-du-tiers-payant\/185379\/"},"modified":"2015-08-17T13:55:00","modified_gmt":"2015-08-17T13:55:00","slug":"tunisie-signature-dun-accord-entre-la-cnam-et-le-syndicat-des-pharmaciens-pour-la-reprise-du-regime-du-tiers-payant","status":"publish","type":"post","link":"https:\/\/www.webdo.tn\/fr\/actualite\/sante\/tunisie-signature-dun-accord-entre-la-cnam-et-le-syndicat-des-pharmaciens-pour-la-reprise-du-regime-du-tiers-payant\/185379\/","title":{"rendered":"Signature d&rsquo;un accord entre la CNAM et le Syndicat des pharmaciens pour la reprise du r\u00e9gime du tiers payant"},"content":{"rendered":"<p>Un accord entre la CNAM et le Syndicat des pharmaciens pour la reprise du r\u00e9gime du tiers payant a \u00e9t\u00e9 sign\u00e9 ce lundi 17 ao\u00fbt.<\/p>\n<p>Le syndicat des pharmaciens d\u2019officine de Tunisie (SPOT) a mis fin le 8 juillet 2015 au r\u00e9gime du tiers payant comme il l\u2019avait annonc\u00e9 auparavant via son site internet et ce apr\u00e8s de longues n\u00e9gociations avec la CNAM en raison du non-respect par la caisse de ses obligations conventionnelles envers les pharmaciens.<\/p>\n<p>Ce nouvel accord qui s&rsquo;\u00e9talera sur les trois prochaines ann\u00e9es portera essentiellement sur les modalit\u00e9s de\u00a0paiement de 30% du prix des m\u00e9dicaments achet\u00e9s des\u00a0affili\u00e9s de la CNAM aupr\u00e8s des pharmacies priv\u00e9es.<\/p>\n","protected":false},"excerpt":{"rendered":"<p>Signature d&rsquo;un accord entre la CNAM et le Syndicat des pharmaciens pour la reprise du r\u00e9gime du tiers payant<\/p>\n","protected":false},"author":3222,"featured_media":336177,"comment_status":"open","ping_status":"closed","sticky":false,"template":"","format":"standard","meta":{"footnotes":""},"categories":[11341],"tags":[2600],"class_list":["post-185379","post","type-post","status-publish","format-standard","has-post-thumbnail","hentry","category-sante","tag-guerre"],"yoast_head":"<!-- This site is optimized with the Yoast SEO Premium plugin v27.5 (Yoast SEO v27.5) - https:\/\/yoast.com\/product\/yoast-seo-premium-wordpress\/ -->\n<title>Signature d&#039;un accord entre la CNAM et le Syndicat des pharmaciens pour la reprise du r\u00e9gime du tiers payant<\/title>\n<meta name=\"description\" content=\"Signature d&#039;un accord entre la CNAM et le Syndicat des pharmaciens pour la reprise du r\u00e9gime du tiers payant\" \/>\n<link rel=\"canonical\" href=\"https:\/\/www.webdo.tn\/fr\/actualite\/sante\/tunisie-signature-dun-accord-entre-la-cnam-et-le-syndicat-des-pharmaciens-pour-la-reprise-du-regime-du-tiers-payant\/185379\/\" \/>\n<meta property=\"og:locale\" content=\"fr_FR\" \/>\n<meta property=\"og:type\" content=\"article\" \/>\n<meta property=\"og:title\" content=\"Signature d&#039;un accord entre la CNAM et le Syndicat des pharmaciens pour la reprise du r\u00e9gime du tiers payant\" \/>\n<meta property=\"og:description\" content=\"Signature d&#039;un accord entre la CNAM et le Syndicat des pharmaciens pour la reprise du r\u00e9gime du tiers payant\" \/>\n<meta property=\"og:url\" content=\"https:\/\/www.webdo.tn\/fr\/actualite\/sante\/tunisie-signature-dun-accord-entre-la-cnam-et-le-syndicat-des-pharmaciens-pour-la-reprise-du-regime-du-tiers-payant\/185379\/\" \/>\n<meta property=\"og:site_name\" content=\"webdo\" \/>\n<meta property=\"article:publisher\" content=\"https:\/\/www.facebook.com\/webdotn\" \/>\n<meta property=\"article:published_time\" content=\"2015-08-17T13:55:00+00:00\" \/>\n<meta property=\"og:image\" content=\"https:\/\/www.webdo.tn\/fr\/wp-content\/uploads\/2015\/08\/CNAM-e1439815923734.jpg\" \/>\n\t<meta property=\"og:image:width\" content=\"600\" \/>\n\t<meta property=\"og:image:height\" content=\"360\" \/>\n\t<meta property=\"og:image:type\" content=\"image\/jpeg\" \/>\n<meta name=\"author\" content=\"webdo.tn\" \/>\n<meta name=\"twitter:card\" content=\"summary_large_image\" \/>\n<meta name=\"twitter:creator\" content=\"@webdo_tn\" \/>\n<meta name=\"twitter:site\" content=\"@webdo_tn\" \/>\n<meta name=\"twitter:label1\" content=\"\u00c9crit par\" \/>\n\t<meta name=\"twitter:data1\" content=\"webdo.tn\" \/>\n\t<meta name=\"twitter:label2\" content=\"Dur\u00e9e de lecture estim\u00e9e\" \/>\n\t<meta name=\"twitter:data2\" content=\"1 minute\" \/>\n<script type=\"application\/ld+json\" class=\"yoast-schema-graph\">{\"@context\":\"https:\\\/\\\/schema.org\",\"@graph\":[{\"@type\":\"NewsArticle\",\"@id\":\"https:\\\/\\\/www.webdo.tn\\\/fr\\\/actualite\\\/sante\\\/tunisie-signature-dun-accord-entre-la-cnam-et-le-syndicat-des-pharmaciens-pour-la-reprise-du-regime-du-tiers-payant\\\/185379\\\/#article\",\"isPartOf\":{\"@id\":\"https:\\\/\\\/www.webdo.tn\\\/fr\\\/actualite\\\/sante\\\/tunisie-signature-dun-accord-entre-la-cnam-et-le-syndicat-des-pharmaciens-pour-la-reprise-du-regime-du-tiers-payant\\\/185379\\\/\"},\"author\":{\"name\":\"webdo.tn\",\"@id\":\"https:\\\/\\\/www.webdo.tn\\\/fr\\\/#\\\/schema\\\/person\\\/9a9c6118d687c117df8ef3cc36a4d175\"},\"headline\":\"Signature d&rsquo;un accord entre la CNAM et le Syndicat des pharmaciens pour la reprise du r\u00e9gime du tiers payant\",\"datePublished\":\"2015-08-17T13:55:00+00:00\",\"mainEntityOfPage\":{\"@id\":\"https:\\\/\\\/www.webdo.tn\\\/fr\\\/actualite\\\/sante\\\/tunisie-signature-dun-accord-entre-la-cnam-et-le-syndicat-des-pharmaciens-pour-la-reprise-du-regime-du-tiers-payant\\\/185379\\\/\"},\"wordCount\":142,\"commentCount\":0,\"publisher\":{\"@id\":\"https:\\\/\\\/www.webdo.tn\\\/fr\\\/#organization\"},\"image\":{\"@id\":\"https:\\\/\\\/www.webdo.tn\\\/fr\\\/actualite\\\/sante\\\/tunisie-signature-dun-accord-entre-la-cnam-et-le-syndicat-des-pharmaciens-pour-la-reprise-du-regime-du-tiers-payant\\\/185379\\\/#primaryimage\"},\"thumbnailUrl\":\"https:\\\/\\\/www.webdo.tn\\\/fr\\\/wp-content\\\/uploads\\\/2015\\\/08\\\/CNAM-e1439815923734.jpg\",\"keywords\":[\"guerre\"],\"articleSection\":[\"Sant\u00e9\"],\"inLanguage\":\"fr-FR\"},{\"@type\":\"WebPage\",\"@id\":\"https:\\\/\\\/www.webdo.tn\\\/fr\\\/actualite\\\/sante\\\/tunisie-signature-dun-accord-entre-la-cnam-et-le-syndicat-des-pharmaciens-pour-la-reprise-du-regime-du-tiers-payant\\\/185379\\\/\",\"url\":\"https:\\\/\\\/www.webdo.tn\\\/fr\\\/actualite\\\/sante\\\/tunisie-signature-dun-accord-entre-la-cnam-et-le-syndicat-des-pharmaciens-pour-la-reprise-du-regime-du-tiers-payant\\\/185379\\\/\",\"name\":\"Signature d'un accord entre la CNAM et le Syndicat des pharmaciens pour la reprise du r\u00e9gime du tiers payant\",\"isPartOf\":{\"@id\":\"https:\\\/\\\/www.webdo.tn\\\/fr\\\/#website\"},\"primaryImageOfPage\":{\"@id\":\"https:\\\/\\\/www.webdo.tn\\\/fr\\\/actualite\\\/sante\\\/tunisie-signature-dun-accord-entre-la-cnam-et-le-syndicat-des-pharmaciens-pour-la-reprise-du-regime-du-tiers-payant\\\/185379\\\/#primaryimage\"},\"image\":{\"@id\":\"https:\\\/\\\/www.webdo.tn\\\/fr\\\/actualite\\\/sante\\\/tunisie-signature-dun-accord-entre-la-cnam-et-le-syndicat-des-pharmaciens-pour-la-reprise-du-regime-du-tiers-payant\\\/185379\\\/#primaryimage\"},\"thumbnailUrl\":\"https:\\\/\\\/www.webdo.tn\\\/fr\\\/wp-content\\\/uploads\\\/2015\\\/08\\\/CNAM-e1439815923734.jpg\",\"datePublished\":\"2015-08-17T13:55:00+00:00\",\"description\":\"Signature d'un accord entre la CNAM et le Syndicat des pharmaciens pour la reprise du r\u00e9gime du tiers payant\",\"breadcrumb\":{\"@id\":\"https:\\\/\\\/www.webdo.tn\\\/fr\\\/actualite\\\/sante\\\/tunisie-signature-dun-accord-entre-la-cnam-et-le-syndicat-des-pharmaciens-pour-la-reprise-du-regime-du-tiers-payant\\\/185379\\\/#breadcrumb\"},\"inLanguage\":\"fr-FR\",\"potentialAction\":[{\"@type\":\"ReadAction\",\"target\":[\"https:\\\/\\\/www.webdo.tn\\\/fr\\\/actualite\\\/sante\\\/tunisie-signature-dun-accord-entre-la-cnam-et-le-syndicat-des-pharmaciens-pour-la-reprise-du-regime-du-tiers-payant\\\/185379\\\/\"]}]},{\"@type\":\"ImageObject\",\"inLanguage\":\"fr-FR\",\"@id\":\"https:\\\/\\\/www.webdo.tn\\\/fr\\\/actualite\\\/sante\\\/tunisie-signature-dun-accord-entre-la-cnam-et-le-syndicat-des-pharmaciens-pour-la-reprise-du-regime-du-tiers-payant\\\/185379\\\/#primaryimage\",\"url\":\"https:\\\/\\\/www.webdo.tn\\\/fr\\\/wp-content\\\/uploads\\\/2015\\\/08\\\/CNAM-e1439815923734.jpg\",\"contentUrl\":\"https:\\\/\\\/www.webdo.tn\\\/fr\\\/wp-content\\\/uploads\\\/2015\\\/08\\\/CNAM-e1439815923734.jpg\",\"width\":600,\"height\":360,\"caption\":\"Signature d'un accord entre la CNAM et le Syndicat des pharmaciens pour la reprise du r\u00e9gime du tiers payant\"},{\"@type\":\"BreadcrumbList\",\"@id\":\"https:\\\/\\\/www.webdo.tn\\\/fr\\\/actualite\\\/sante\\\/tunisie-signature-dun-accord-entre-la-cnam-et-le-syndicat-des-pharmaciens-pour-la-reprise-du-regime-du-tiers-payant\\\/185379\\\/#breadcrumb\",\"itemListElement\":[{\"@type\":\"ListItem\",\"position\":1,\"name\":\"Accueil\",\"item\":\"https:\\\/\\\/www.webdo.tn\\\/fr\\\/\"},{\"@type\":\"ListItem\",\"position\":2,\"name\":\"Signature d&rsquo;un accord entre la CNAM et le Syndicat des pharmaciens pour la reprise du r\u00e9gime du tiers payant\"}]},{\"@type\":\"WebSite\",\"@id\":\"https:\\\/\\\/www.webdo.tn\\\/fr\\\/#website\",\"url\":\"https:\\\/\\\/www.webdo.tn\\\/fr\\\/\",\"name\":\"webdo\",\"description\":\"Tunisie - News en Tunisie et \u00e0 l&#039;international sur Webdo.tn\",\"publisher\":{\"@id\":\"https:\\\/\\\/www.webdo.tn\\\/fr\\\/#organization\"},\"potentialAction\":[{\"@type\":\"SearchAction\",\"target\":{\"@type\":\"EntryPoint\",\"urlTemplate\":\"https:\\\/\\\/www.webdo.tn\\\/fr\\\/?s={search_term_string}\"},\"query-input\":{\"@type\":\"PropertyValueSpecification\",\"valueRequired\":true,\"valueName\":\"search_term_string\"}}],\"inLanguage\":\"fr-FR\"},{\"@type\":\"Organization\",\"@id\":\"https:\\\/\\\/www.webdo.tn\\\/fr\\\/#organization\",\"name\":\"Webdo\",\"alternateName\":\"Webdo.tn\",\"url\":\"https:\\\/\\\/www.webdo.tn\\\/fr\\\/\",\"logo\":{\"@type\":\"ImageObject\",\"inLanguage\":\"fr-FR\",\"@id\":\"https:\\\/\\\/www.webdo.tn\\\/fr\\\/#\\\/schema\\\/logo\\\/image\\\/\",\"url\":\"https:\\\/\\\/www.webdo.tn\\\/fr\\\/wp-content\\\/uploads\\\/2025\\\/06\\\/Webdo-Tunisie_168377.jpg\",\"contentUrl\":\"https:\\\/\\\/www.webdo.tn\\\/fr\\\/wp-content\\\/uploads\\\/2025\\\/06\\\/Webdo-Tunisie_168377.jpg\",\"width\":301,\"height\":301,\"caption\":\"Webdo\"},\"image\":{\"@id\":\"https:\\\/\\\/www.webdo.tn\\\/fr\\\/#\\\/schema\\\/logo\\\/image\\\/\"},\"sameAs\":[\"https:\\\/\\\/www.facebook.com\\\/webdotn\",\"https:\\\/\\\/x.com\\\/webdo_tn\"],\"description\":\"Webdo est un m\u00e9dia num\u00e9rique tunisien fond\u00e9 en 2010, sp\u00e9cialis\u00e9 dans l\u2019actualit\u00e9 nationale et internationale, l\u2019\u00e9conomie, la soci\u00e9t\u00e9 et les analyses politiques. Le site s\u2019adresse \u00e0 un large public francophone et couvre l\u2019information tunisienne en temps r\u00e9el.\",\"email\":\"redac@webdo.tn\",\"legalName\":\"YNJ SARL\",\"foundingDate\":\"2010-09-06\",\"numberOfEmployees\":{\"@type\":\"QuantitativeValue\",\"minValue\":\"11\",\"maxValue\":\"50\"}},{\"@type\":\"Person\",\"@id\":\"https:\\\/\\\/www.webdo.tn\\\/fr\\\/#\\\/schema\\\/person\\\/9a9c6118d687c117df8ef3cc36a4d175\",\"name\":\"webdo.tn\",\"image\":{\"@type\":\"ImageObject\",\"inLanguage\":\"fr-FR\",\"@id\":\"https:\\\/\\\/secure.gravatar.com\\\/avatar\\\/7ce1f28c0c3bbac99ff550b85ef8e44a6950c6ee24514fb6a5489e51d06f0298?s=96&d=mm&r=g\",\"url\":\"https:\\\/\\\/secure.gravatar.com\\\/avatar\\\/7ce1f28c0c3bbac99ff550b85ef8e44a6950c6ee24514fb6a5489e51d06f0298?s=96&d=mm&r=g\",\"contentUrl\":\"https:\\\/\\\/secure.gravatar.com\\\/avatar\\\/7ce1f28c0c3bbac99ff550b85ef8e44a6950c6ee24514fb6a5489e51d06f0298?s=96&d=mm&r=g\",\"caption\":\"webdo.tn\"},\"url\":\"https:\\\/\\\/www.webdo.tn\\\/fr\\\/actualite\\\/author\\\/webdotn\\\/\"}]}<\/script>\n<!-- \/ Yoast SEO Premium plugin. -->","yoast_head_json":{"title":"Signature d'un accord entre la CNAM et le Syndicat des pharmaciens pour la reprise du r\u00e9gime du tiers payant","description":"Signature d'un accord entre la CNAM et le Syndicat des pharmaciens pour la reprise du r\u00e9gime du tiers payant","canonical":"https:\/\/www.webdo.tn\/fr\/actualite\/sante\/tunisie-signature-dun-accord-entre-la-cnam-et-le-syndicat-des-pharmaciens-pour-la-reprise-du-regime-du-tiers-payant\/185379\/","og_locale":"fr_FR","og_type":"article","og_title":"Signature d'un accord entre la CNAM et le Syndicat des pharmaciens pour la reprise du r\u00e9gime du tiers payant","og_description":"Signature d'un accord entre la CNAM et le Syndicat des pharmaciens pour la reprise du r\u00e9gime du tiers payant","og_url":"https:\/\/www.webdo.tn\/fr\/actualite\/sante\/tunisie-signature-dun-accord-entre-la-cnam-et-le-syndicat-des-pharmaciens-pour-la-reprise-du-regime-du-tiers-payant\/185379\/","og_site_name":"webdo","article_publisher":"https:\/\/www.facebook.com\/webdotn","article_published_time":"2015-08-17T13:55:00+00:00","og_image":[{"width":600,"height":360,"url":"https:\/\/www.webdo.tn\/fr\/wp-content\/uploads\/2015\/08\/CNAM-e1439815923734.jpg","type":"image\/jpeg"}],"author":"webdo.tn","twitter_card":"summary_large_image","twitter_creator":"@webdo_tn","twitter_site":"@webdo_tn","twitter_misc":{"\u00c9crit par":"webdo.tn","Dur\u00e9e de lecture estim\u00e9e":"1 minute"},"schema":{"@context":"https:\/\/schema.org","@graph":[{"@type":"NewsArticle","@id":"https:\/\/www.webdo.tn\/fr\/actualite\/sante\/tunisie-signature-dun-accord-entre-la-cnam-et-le-syndicat-des-pharmaciens-pour-la-reprise-du-regime-du-tiers-payant\/185379\/#article","isPartOf":{"@id":"https:\/\/www.webdo.tn\/fr\/actualite\/sante\/tunisie-signature-dun-accord-entre-la-cnam-et-le-syndicat-des-pharmaciens-pour-la-reprise-du-regime-du-tiers-payant\/185379\/"},"author":{"name":"webdo.tn","@id":"https:\/\/www.webdo.tn\/fr\/#\/schema\/person\/9a9c6118d687c117df8ef3cc36a4d175"},"headline":"Signature d&rsquo;un accord entre la CNAM et le Syndicat des pharmaciens pour la reprise du r\u00e9gime du tiers payant","datePublished":"2015-08-17T13:55:00+00:00","mainEntityOfPage":{"@id":"https:\/\/www.webdo.tn\/fr\/actualite\/sante\/tunisie-signature-dun-accord-entre-la-cnam-et-le-syndicat-des-pharmaciens-pour-la-reprise-du-regime-du-tiers-payant\/185379\/"},"wordCount":142,"commentCount":0,"publisher":{"@id":"https:\/\/www.webdo.tn\/fr\/#organization"},"image":{"@id":"https:\/\/www.webdo.tn\/fr\/actualite\/sante\/tunisie-signature-dun-accord-entre-la-cnam-et-le-syndicat-des-pharmaciens-pour-la-reprise-du-regime-du-tiers-payant\/185379\/#primaryimage"},"thumbnailUrl":"https:\/\/www.webdo.tn\/fr\/wp-content\/uploads\/2015\/08\/CNAM-e1439815923734.jpg","keywords":["guerre"],"articleSection":["Sant\u00e9"],"inLanguage":"fr-FR"},{"@type":"WebPage","@id":"https:\/\/www.webdo.tn\/fr\/actualite\/sante\/tunisie-signature-dun-accord-entre-la-cnam-et-le-syndicat-des-pharmaciens-pour-la-reprise-du-regime-du-tiers-payant\/185379\/","url":"https:\/\/www.webdo.tn\/fr\/actualite\/sante\/tunisie-signature-dun-accord-entre-la-cnam-et-le-syndicat-des-pharmaciens-pour-la-reprise-du-regime-du-tiers-payant\/185379\/","name":"Signature d'un accord entre la CNAM et le Syndicat des pharmaciens pour la reprise du r\u00e9gime du tiers payant","isPartOf":{"@id":"https:\/\/www.webdo.tn\/fr\/#website"},"primaryImageOfPage":{"@id":"https:\/\/www.webdo.tn\/fr\/actualite\/sante\/tunisie-signature-dun-accord-entre-la-cnam-et-le-syndicat-des-pharmaciens-pour-la-reprise-du-regime-du-tiers-payant\/185379\/#primaryimage"},"image":{"@id":"https:\/\/www.webdo.tn\/fr\/actualite\/sante\/tunisie-signature-dun-accord-entre-la-cnam-et-le-syndicat-des-pharmaciens-pour-la-reprise-du-regime-du-tiers-payant\/185379\/#primaryimage"},"thumbnailUrl":"https:\/\/www.webdo.tn\/fr\/wp-content\/uploads\/2015\/08\/CNAM-e1439815923734.jpg","datePublished":"2015-08-17T13:55:00+00:00","description":"Signature d'un accord entre la CNAM et le Syndicat des pharmaciens pour la reprise du r\u00e9gime du tiers payant","breadcrumb":{"@id":"https:\/\/www.webdo.tn\/fr\/actualite\/sante\/tunisie-signature-dun-accord-entre-la-cnam-et-le-syndicat-des-pharmaciens-pour-la-reprise-du-regime-du-tiers-payant\/185379\/#breadcrumb"},"inLanguage":"fr-FR","potentialAction":[{"@type":"ReadAction","target":["https:\/\/www.webdo.tn\/fr\/actualite\/sante\/tunisie-signature-dun-accord-entre-la-cnam-et-le-syndicat-des-pharmaciens-pour-la-reprise-du-regime-du-tiers-payant\/185379\/"]}]},{"@type":"ImageObject","inLanguage":"fr-FR","@id":"https:\/\/www.webdo.tn\/fr\/actualite\/sante\/tunisie-signature-dun-accord-entre-la-cnam-et-le-syndicat-des-pharmaciens-pour-la-reprise-du-regime-du-tiers-payant\/185379\/#primaryimage","url":"https:\/\/www.webdo.tn\/fr\/wp-content\/uploads\/2015\/08\/CNAM-e1439815923734.jpg","contentUrl":"https:\/\/www.webdo.tn\/fr\/wp-content\/uploads\/2015\/08\/CNAM-e1439815923734.jpg","width":600,"height":360,"caption":"Signature d'un accord entre la CNAM et le Syndicat des pharmaciens pour la reprise du r\u00e9gime du tiers payant"},{"@type":"BreadcrumbList","@id":"https:\/\/www.webdo.tn\/fr\/actualite\/sante\/tunisie-signature-dun-accord-entre-la-cnam-et-le-syndicat-des-pharmaciens-pour-la-reprise-du-regime-du-tiers-payant\/185379\/#breadcrumb","itemListElement":[{"@type":"ListItem","position":1,"name":"Accueil","item":"https:\/\/www.webdo.tn\/fr\/"},{"@type":"ListItem","position":2,"name":"Signature d&rsquo;un accord entre la CNAM et le Syndicat des pharmaciens pour la reprise du r\u00e9gime du tiers payant"}]},{"@type":"WebSite","@id":"https:\/\/www.webdo.tn\/fr\/#website","url":"https:\/\/www.webdo.tn\/fr\/","name":"webdo","description":"Tunisie - News en Tunisie et \u00e0 l&#039;international sur Webdo.tn","publisher":{"@id":"https:\/\/www.webdo.tn\/fr\/#organization"},"potentialAction":[{"@type":"SearchAction","target":{"@type":"EntryPoint","urlTemplate":"https:\/\/www.webdo.tn\/fr\/?s={search_term_string}"},"query-input":{"@type":"PropertyValueSpecification","valueRequired":true,"valueName":"search_term_string"}}],"inLanguage":"fr-FR"},{"@type":"Organization","@id":"https:\/\/www.webdo.tn\/fr\/#organization","name":"Webdo","alternateName":"Webdo.tn","url":"https:\/\/www.webdo.tn\/fr\/","logo":{"@type":"ImageObject","inLanguage":"fr-FR","@id":"https:\/\/www.webdo.tn\/fr\/#\/schema\/logo\/image\/","url":"https:\/\/www.webdo.tn\/fr\/wp-content\/uploads\/2025\/06\/Webdo-Tunisie_168377.jpg","contentUrl":"https:\/\/www.webdo.tn\/fr\/wp-content\/uploads\/2025\/06\/Webdo-Tunisie_168377.jpg","width":301,"height":301,"caption":"Webdo"},"image":{"@id":"https:\/\/www.webdo.tn\/fr\/#\/schema\/logo\/image\/"},"sameAs":["https:\/\/www.facebook.com\/webdotn","https:\/\/x.com\/webdo_tn"],"description":"Webdo est un m\u00e9dia num\u00e9rique tunisien fond\u00e9 en 2010, sp\u00e9cialis\u00e9 dans l\u2019actualit\u00e9 nationale et internationale, l\u2019\u00e9conomie, la soci\u00e9t\u00e9 et les analyses politiques. Le site s\u2019adresse \u00e0 un large public francophone et couvre l\u2019information tunisienne en temps r\u00e9el.","email":"redac@webdo.tn","legalName":"YNJ SARL","foundingDate":"2010-09-06","numberOfEmployees":{"@type":"QuantitativeValue","minValue":"11","maxValue":"50"}},{"@type":"Person","@id":"https:\/\/www.webdo.tn\/fr\/#\/schema\/person\/9a9c6118d687c117df8ef3cc36a4d175","name":"webdo.tn","image":{"@type":"ImageObject","inLanguage":"fr-FR","@id":"https:\/\/secure.gravatar.com\/avatar\/7ce1f28c0c3bbac99ff550b85ef8e44a6950c6ee24514fb6a5489e51d06f0298?s=96&d=mm&r=g","url":"https:\/\/secure.gravatar.com\/avatar\/7ce1f28c0c3bbac99ff550b85ef8e44a6950c6ee24514fb6a5489e51d06f0298?s=96&d=mm&r=g","contentUrl":"https:\/\/secure.gravatar.com\/avatar\/7ce1f28c0c3bbac99ff550b85ef8e44a6950c6ee24514fb6a5489e51d06f0298?s=96&d=mm&r=g","caption":"webdo.tn"},"url":"https:\/\/www.webdo.tn\/fr\/actualite\/author\/webdotn\/"}]}},"_links":{"self":[{"href":"https:\/\/www.webdo.tn\/fr\/wp-json\/wp\/v2\/posts\/185379","targetHints":{"allow":["GET"]}}],"collection":[{"href":"https:\/\/www.webdo.tn\/fr\/wp-json\/wp\/v2\/posts"}],"about":[{"href":"https:\/\/www.webdo.tn\/fr\/wp-json\/wp\/v2\/types\/post"}],"author":[{"embeddable":true,"href":"https:\/\/www.webdo.tn\/fr\/wp-json\/wp\/v2\/users\/3222"}],"replies":[{"embeddable":true,"href":"https:\/\/www.webdo.tn\/fr\/wp-json\/wp\/v2\/comments?post=185379"}],"version-history":[{"count":0,"href":"https:\/\/www.webdo.tn\/fr\/wp-json\/wp\/v2\/posts\/185379\/revisions"}],"wp:featuredmedia":[{"embeddable":true,"href":"https:\/\/www.webdo.tn\/fr\/wp-json\/wp\/v2\/media\/336177"}],"wp:attachment":[{"href":"https:\/\/www.webdo.tn\/fr\/wp-json\/wp\/v2\/media?parent=185379"}],"wp:term":[{"taxonomy":"category","embeddable":true,"href":"https:\/\/www.webdo.tn\/fr\/wp-json\/wp\/v2\/categories?post=185379"},{"taxonomy":"post_tag","embeddable":true,"href":"https:\/\/www.webdo.tn\/fr\/wp-json\/wp\/v2\/tags?post=185379"}],"curies":[{"name":"wp","href":"https:\/\/api.w.org\/{rel}","templated":true}]}}