{"id":185348,"date":"2011-04-17T09:59:00","date_gmt":"2011-04-17T09:59:00","guid":{"rendered":"https:\/\/www.webdo.tn\/fr\/actualite\/blog\/fermeture-prochaine-de-la-mediatheque-francaise\/117043\/"},"modified":"2025-06-04T21:25:49","modified_gmt":"2025-06-04T21:25:49","slug":"fermeture-prochaine-de-la-mediatheque-francaise","status":"publish","type":"post","link":"https:\/\/www.webdo.tn\/fr\/actualite\/culture\/fermeture-prochaine-de-la-mediatheque-francaise\/185348\/","title":{"rendered":"Fermeture prochaine de la M\u00e9diath\u00e8que fran\u00e7aise"},"content":{"rendered":"<p>Importante centre culturel en plein c\u0153ur de la capitale, la M\u00e9diath\u00e8que Charles-de-Gaulle devrait fermer ses portes \u00e0 la fin du mois de juin 2011.<\/p>\n<p>Install\u00e9e depuis plus d\u2019un demi-si\u00e8cle dans une aile de l\u2019ancien lyc\u00e9e fran\u00e7aise de la capitale (le lyc\u00e9e Carnot), cette m\u00e9diath\u00e8que comprend des espaces d\u2019animation et deux biblioth\u00e8ques tr\u00e8s pris\u00e9es du public de la capitale.  En outre, un centre de ressources \u00e0 l\u2019usage des enseignants compl\u00e8te cet ensemble de services.<\/p>\n<p>Toutefois, cette fermeture n\u2019est que provisoire.  En effet, devant la v\u00e9tust\u00e9 de l\u2019immeuble et la n\u00e9cessit\u00e9 d\u2019une modernisation des services, les responsables culturels de l\u2019ambassade de France en Tunisie ont pris une s\u00e9rie de d\u00e9cisions qui seront bient\u00f4t concr\u00e9tis\u00e9es.<\/p>\n<p>En premier lieu, la m\u00e9diath\u00e8que Charles-de-Gaulle devrait \u00eatre transf\u00e9r\u00e9e \u00e0 la rue d\u2019Ath\u00e8nes dans les anciens locaux d\u2019Air France.  L\u2019immeuble qui abritait la compagnie a\u00e9rienne hexagonale accueillera ainsi les services de pr\u00eat et d\u2019animation de la m\u00e9diath\u00e8que.<\/p>\n<p>En second lieu, des travaux seront engag\u00e9s en vue d\u2019une refondation de la m\u00e9diath\u00e8que dans ses locaux actuels de l\u2019avenue de Paris.  Ces travaux devraient durer deux ann\u00e9es et, au final, un ensemble moderne, au standard des meilleurs centres culturels fran\u00e7ais \u00e0 l\u2019\u00e9tranger, devrait voir le jour.<\/p>\n<p>En troisi\u00e8me lieu, l\u2019immeuble abritant les services de l\u2019Institut fran\u00e7ais de coop\u00e9ration au 87, avenue de la libert\u00e9 devrait \u00eatre mis en vente prochainement.  En effet, il serait pr\u00e9vu que le produit de cette vente contribue \u00e0 hauteur de cinquante pour cent dans les r\u00e9am\u00e9nagements futures de la m\u00e9diath\u00e8que.<\/p>\n<p>Enfin, l\u2019ann\u00e9e 2013 devrait consacrer l\u2019inauguration sur les locaux actuels de la m\u00e9diath\u00e8que d\u2019un nouveau centre culturel fran\u00e7ais qui r\u00e9unira l\u2019ensemble des services de l\u2019Institut fran\u00e7ais de coop\u00e9ration et offrira au public plusieurs biblioth\u00e8ques, une salle de cin\u00e9ma, des espaces d\u2019exposition, un centre d\u2019animation et aussi un restaurant.<\/p>\n<p>Il est \u00e0 souligner que ce centre culturel fran\u00e7ais sera d\u00e8s lors un outil central de promotion culturelle aux c\u00f4t\u00e9s du Quatri\u00e8me Art, de la Maison Ibn Rachiq et du Th\u00e9\u00e2tre municipal.<\/p>\n<p>Last but not least, un centre de langues renou\u00e9 et moderne offrira un espace tr\u00e8s attendu \u2013 pour l\u2019apprentissage de la langue fran\u00e7aise.<\/p>\n","protected":false},"excerpt":{"rendered":"<p>Fermeture prochaine de la M\u00e9diath\u00e8que fran\u00e7aise <\/p>\n","protected":false},"author":3222,"featured_media":376290,"comment_status":"open","ping_status":"closed","sticky":false,"template":"","format":"standard","meta":{"footnotes":""},"categories":[2594],"tags":[],"class_list":["post-185348","post","type-post","status-publish","format-standard","has-post-thumbnail","hentry","category-culture"],"yoast_head":"<!-- This site is optimized with the Yoast SEO Premium plugin v27.4 (Yoast SEO v27.4) - https:\/\/yoast.com\/product\/yoast-seo-premium-wordpress\/ -->\n<title>Fermeture prochaine de la M\u00e9diath\u00e8que fran\u00e7aise<\/title>\n<meta name=\"description\" content=\"Fermeture prochaine de la M\u00e9diath\u00e8que fran\u00e7aise\" \/>\n<link rel=\"canonical\" href=\"https:\/\/www.webdo.tn\/fr\/actualite\/culture\/fermeture-prochaine-de-la-mediatheque-francaise\/185348\/\" \/>\n<meta property=\"og:locale\" content=\"fr_FR\" \/>\n<meta property=\"og:type\" content=\"article\" \/>\n<meta property=\"og:title\" content=\"Fermeture prochaine de la M\u00e9diath\u00e8que fran\u00e7aise\" \/>\n<meta property=\"og:description\" content=\"Fermeture prochaine de la M\u00e9diath\u00e8que fran\u00e7aise\" \/>\n<meta property=\"og:url\" content=\"https:\/\/www.webdo.tn\/fr\/actualite\/culture\/fermeture-prochaine-de-la-mediatheque-francaise\/185348\/\" \/>\n<meta property=\"og:site_name\" content=\"webdo\" \/>\n<meta property=\"article:publisher\" content=\"https:\/\/www.facebook.com\/webdotn\" \/>\n<meta property=\"article:published_time\" content=\"2011-04-17T09:59:00+00:00\" \/>\n<meta property=\"article:modified_time\" content=\"2025-06-04T21:25:49+00:00\" \/>\n<meta name=\"author\" content=\"webdo.tn\" \/>\n<meta name=\"twitter:card\" content=\"summary_large_image\" \/>\n<meta name=\"twitter:creator\" content=\"@webdo_tn\" \/>\n<meta name=\"twitter:site\" content=\"@webdo_tn\" \/>\n<meta name=\"twitter:label1\" content=\"\u00c9crit par\" \/>\n\t<meta name=\"twitter:data1\" content=\"webdo.tn\" \/>\n\t<meta name=\"twitter:label2\" content=\"Dur\u00e9e de lecture estim\u00e9e\" \/>\n\t<meta name=\"twitter:data2\" content=\"2 minutes\" \/>\n<script type=\"application\/ld+json\" class=\"yoast-schema-graph\">{\"@context\":\"https:\\\/\\\/schema.org\",\"@graph\":[{\"@type\":\"NewsArticle\",\"@id\":\"https:\\\/\\\/www.webdo.tn\\\/fr\\\/actualite\\\/culture\\\/fermeture-prochaine-de-la-mediatheque-francaise\\\/185348\\\/#article\",\"isPartOf\":{\"@id\":\"https:\\\/\\\/www.webdo.tn\\\/fr\\\/actualite\\\/culture\\\/fermeture-prochaine-de-la-mediatheque-francaise\\\/185348\\\/\"},\"author\":{\"name\":\"webdo.tn\",\"@id\":\"https:\\\/\\\/www.webdo.tn\\\/fr\\\/#\\\/schema\\\/person\\\/9a9c6118d687c117df8ef3cc36a4d175\"},\"headline\":\"Fermeture prochaine de la M\u00e9diath\u00e8que fran\u00e7aise\",\"datePublished\":\"2011-04-17T09:59:00+00:00\",\"dateModified\":\"2025-06-04T21:25:49+00:00\",\"mainEntityOfPage\":{\"@id\":\"https:\\\/\\\/www.webdo.tn\\\/fr\\\/actualite\\\/culture\\\/fermeture-prochaine-de-la-mediatheque-francaise\\\/185348\\\/\"},\"wordCount\":432,\"commentCount\":0,\"publisher\":{\"@id\":\"https:\\\/\\\/www.webdo.tn\\\/fr\\\/#organization\"},\"image\":{\"@id\":\"https:\\\/\\\/www.webdo.tn\\\/fr\\\/actualite\\\/culture\\\/fermeture-prochaine-de-la-mediatheque-francaise\\\/185348\\\/#primaryimage\"},\"thumbnailUrl\":\"https:\\\/\\\/www.webdo.tn\\\/fr\\\/wp-content\\\/uploads\\\/2025\\\/06\\\/FireShot-Capture-1063-webdo_default-53-750x375.jpg-750\u00d7375-www.webdo_.tn_.png\",\"articleSection\":[\"Culture\"],\"inLanguage\":\"fr-FR\"},{\"@type\":\"WebPage\",\"@id\":\"https:\\\/\\\/www.webdo.tn\\\/fr\\\/actualite\\\/culture\\\/fermeture-prochaine-de-la-mediatheque-francaise\\\/185348\\\/\",\"url\":\"https:\\\/\\\/www.webdo.tn\\\/fr\\\/actualite\\\/culture\\\/fermeture-prochaine-de-la-mediatheque-francaise\\\/185348\\\/\",\"name\":\"Fermeture prochaine de la M\u00e9diath\u00e8que fran\u00e7aise\",\"isPartOf\":{\"@id\":\"https:\\\/\\\/www.webdo.tn\\\/fr\\\/#website\"},\"primaryImageOfPage\":{\"@id\":\"https:\\\/\\\/www.webdo.tn\\\/fr\\\/actualite\\\/culture\\\/fermeture-prochaine-de-la-mediatheque-francaise\\\/185348\\\/#primaryimage\"},\"image\":{\"@id\":\"https:\\\/\\\/www.webdo.tn\\\/fr\\\/actualite\\\/culture\\\/fermeture-prochaine-de-la-mediatheque-francaise\\\/185348\\\/#primaryimage\"},\"thumbnailUrl\":\"https:\\\/\\\/www.webdo.tn\\\/fr\\\/wp-content\\\/uploads\\\/2025\\\/06\\\/FireShot-Capture-1063-webdo_default-53-750x375.jpg-750\u00d7375-www.webdo_.tn_.png\",\"datePublished\":\"2011-04-17T09:59:00+00:00\",\"dateModified\":\"2025-06-04T21:25:49+00:00\",\"description\":\"Fermeture prochaine de la M\u00e9diath\u00e8que fran\u00e7aise\",\"breadcrumb\":{\"@id\":\"https:\\\/\\\/www.webdo.tn\\\/fr\\\/actualite\\\/culture\\\/fermeture-prochaine-de-la-mediatheque-francaise\\\/185348\\\/#breadcrumb\"},\"inLanguage\":\"fr-FR\",\"potentialAction\":[{\"@type\":\"ReadAction\",\"target\":[\"https:\\\/\\\/www.webdo.tn\\\/fr\\\/actualite\\\/culture\\\/fermeture-prochaine-de-la-mediatheque-francaise\\\/185348\\\/\"]}]},{\"@type\":\"ImageObject\",\"inLanguage\":\"fr-FR\",\"@id\":\"https:\\\/\\\/www.webdo.tn\\\/fr\\\/actualite\\\/culture\\\/fermeture-prochaine-de-la-mediatheque-francaise\\\/185348\\\/#primaryimage\",\"url\":\"https:\\\/\\\/www.webdo.tn\\\/fr\\\/wp-content\\\/uploads\\\/2025\\\/06\\\/FireShot-Capture-1063-webdo_default-53-750x375.jpg-750\u00d7375-www.webdo_.tn_.png\",\"contentUrl\":\"https:\\\/\\\/www.webdo.tn\\\/fr\\\/wp-content\\\/uploads\\\/2025\\\/06\\\/FireShot-Capture-1063-webdo_default-53-750x375.jpg-750\u00d7375-www.webdo_.tn_.png\",\"width\":746,\"height\":371},{\"@type\":\"BreadcrumbList\",\"@id\":\"https:\\\/\\\/www.webdo.tn\\\/fr\\\/actualite\\\/culture\\\/fermeture-prochaine-de-la-mediatheque-francaise\\\/185348\\\/#breadcrumb\",\"itemListElement\":[{\"@type\":\"ListItem\",\"position\":1,\"name\":\"Accueil\",\"item\":\"https:\\\/\\\/www.webdo.tn\\\/fr\\\/\"},{\"@type\":\"ListItem\",\"position\":2,\"name\":\"Fermeture prochaine de la M\u00e9diath\u00e8que fran\u00e7aise\"}]},{\"@type\":\"WebSite\",\"@id\":\"https:\\\/\\\/www.webdo.tn\\\/fr\\\/#website\",\"url\":\"https:\\\/\\\/www.webdo.tn\\\/fr\\\/\",\"name\":\"webdo\",\"description\":\"Tunisie - News en Tunisie et \u00e0 l&#039;international sur Webdo.tn\",\"publisher\":{\"@id\":\"https:\\\/\\\/www.webdo.tn\\\/fr\\\/#organization\"},\"potentialAction\":[{\"@type\":\"SearchAction\",\"target\":{\"@type\":\"EntryPoint\",\"urlTemplate\":\"https:\\\/\\\/www.webdo.tn\\\/fr\\\/?s={search_term_string}\"},\"query-input\":{\"@type\":\"PropertyValueSpecification\",\"valueRequired\":true,\"valueName\":\"search_term_string\"}}],\"inLanguage\":\"fr-FR\"},{\"@type\":\"Organization\",\"@id\":\"https:\\\/\\\/www.webdo.tn\\\/fr\\\/#organization\",\"name\":\"Webdo\",\"alternateName\":\"Webdo.tn\",\"url\":\"https:\\\/\\\/www.webdo.tn\\\/fr\\\/\",\"logo\":{\"@type\":\"ImageObject\",\"inLanguage\":\"fr-FR\",\"@id\":\"https:\\\/\\\/www.webdo.tn\\\/fr\\\/#\\\/schema\\\/logo\\\/image\\\/\",\"url\":\"https:\\\/\\\/www.webdo.tn\\\/fr\\\/wp-content\\\/uploads\\\/2025\\\/06\\\/Webdo-Tunisie_168377.jpg\",\"contentUrl\":\"https:\\\/\\\/www.webdo.tn\\\/fr\\\/wp-content\\\/uploads\\\/2025\\\/06\\\/Webdo-Tunisie_168377.jpg\",\"width\":301,\"height\":301,\"caption\":\"Webdo\"},\"image\":{\"@id\":\"https:\\\/\\\/www.webdo.tn\\\/fr\\\/#\\\/schema\\\/logo\\\/image\\\/\"},\"sameAs\":[\"https:\\\/\\\/www.facebook.com\\\/webdotn\",\"https:\\\/\\\/x.com\\\/webdo_tn\"],\"description\":\"Webdo est un m\u00e9dia num\u00e9rique tunisien fond\u00e9 en 2010, sp\u00e9cialis\u00e9 dans l\u2019actualit\u00e9 nationale et internationale, l\u2019\u00e9conomie, la soci\u00e9t\u00e9 et les analyses politiques. Le site s\u2019adresse \u00e0 un large public francophone et couvre l\u2019information tunisienne en temps r\u00e9el.\",\"email\":\"redac@webdo.tn\",\"legalName\":\"YNJ SARL\",\"foundingDate\":\"2010-09-06\",\"numberOfEmployees\":{\"@type\":\"QuantitativeValue\",\"minValue\":\"11\",\"maxValue\":\"50\"}},{\"@type\":\"Person\",\"@id\":\"https:\\\/\\\/www.webdo.tn\\\/fr\\\/#\\\/schema\\\/person\\\/9a9c6118d687c117df8ef3cc36a4d175\",\"name\":\"webdo.tn\",\"image\":{\"@type\":\"ImageObject\",\"inLanguage\":\"fr-FR\",\"@id\":\"https:\\\/\\\/secure.gravatar.com\\\/avatar\\\/7ce1f28c0c3bbac99ff550b85ef8e44a6950c6ee24514fb6a5489e51d06f0298?s=96&d=mm&r=g\",\"url\":\"https:\\\/\\\/secure.gravatar.com\\\/avatar\\\/7ce1f28c0c3bbac99ff550b85ef8e44a6950c6ee24514fb6a5489e51d06f0298?s=96&d=mm&r=g\",\"contentUrl\":\"https:\\\/\\\/secure.gravatar.com\\\/avatar\\\/7ce1f28c0c3bbac99ff550b85ef8e44a6950c6ee24514fb6a5489e51d06f0298?s=96&d=mm&r=g\",\"caption\":\"webdo.tn\"},\"url\":\"https:\\\/\\\/www.webdo.tn\\\/fr\\\/actualite\\\/author\\\/webdotn\\\/\"}]}<\/script>\n<!-- \/ Yoast SEO Premium plugin. -->","yoast_head_json":{"title":"Fermeture prochaine de la M\u00e9diath\u00e8que fran\u00e7aise","description":"Fermeture prochaine de la M\u00e9diath\u00e8que fran\u00e7aise","canonical":"https:\/\/www.webdo.tn\/fr\/actualite\/culture\/fermeture-prochaine-de-la-mediatheque-francaise\/185348\/","og_locale":"fr_FR","og_type":"article","og_title":"Fermeture prochaine de la M\u00e9diath\u00e8que fran\u00e7aise","og_description":"Fermeture prochaine de la M\u00e9diath\u00e8que fran\u00e7aise","og_url":"https:\/\/www.webdo.tn\/fr\/actualite\/culture\/fermeture-prochaine-de-la-mediatheque-francaise\/185348\/","og_site_name":"webdo","article_publisher":"https:\/\/www.facebook.com\/webdotn","article_published_time":"2011-04-17T09:59:00+00:00","article_modified_time":"2025-06-04T21:25:49+00:00","author":"webdo.tn","twitter_card":"summary_large_image","twitter_creator":"@webdo_tn","twitter_site":"@webdo_tn","twitter_misc":{"\u00c9crit par":"webdo.tn","Dur\u00e9e de lecture estim\u00e9e":"2 minutes"},"schema":{"@context":"https:\/\/schema.org","@graph":[{"@type":"NewsArticle","@id":"https:\/\/www.webdo.tn\/fr\/actualite\/culture\/fermeture-prochaine-de-la-mediatheque-francaise\/185348\/#article","isPartOf":{"@id":"https:\/\/www.webdo.tn\/fr\/actualite\/culture\/fermeture-prochaine-de-la-mediatheque-francaise\/185348\/"},"author":{"name":"webdo.tn","@id":"https:\/\/www.webdo.tn\/fr\/#\/schema\/person\/9a9c6118d687c117df8ef3cc36a4d175"},"headline":"Fermeture prochaine de la M\u00e9diath\u00e8que fran\u00e7aise","datePublished":"2011-04-17T09:59:00+00:00","dateModified":"2025-06-04T21:25:49+00:00","mainEntityOfPage":{"@id":"https:\/\/www.webdo.tn\/fr\/actualite\/culture\/fermeture-prochaine-de-la-mediatheque-francaise\/185348\/"},"wordCount":432,"commentCount":0,"publisher":{"@id":"https:\/\/www.webdo.tn\/fr\/#organization"},"image":{"@id":"https:\/\/www.webdo.tn\/fr\/actualite\/culture\/fermeture-prochaine-de-la-mediatheque-francaise\/185348\/#primaryimage"},"thumbnailUrl":"https:\/\/www.webdo.tn\/fr\/wp-content\/uploads\/2025\/06\/FireShot-Capture-1063-webdo_default-53-750x375.jpg-750\u00d7375-www.webdo_.tn_.png","articleSection":["Culture"],"inLanguage":"fr-FR"},{"@type":"WebPage","@id":"https:\/\/www.webdo.tn\/fr\/actualite\/culture\/fermeture-prochaine-de-la-mediatheque-francaise\/185348\/","url":"https:\/\/www.webdo.tn\/fr\/actualite\/culture\/fermeture-prochaine-de-la-mediatheque-francaise\/185348\/","name":"Fermeture prochaine de la M\u00e9diath\u00e8que fran\u00e7aise","isPartOf":{"@id":"https:\/\/www.webdo.tn\/fr\/#website"},"primaryImageOfPage":{"@id":"https:\/\/www.webdo.tn\/fr\/actualite\/culture\/fermeture-prochaine-de-la-mediatheque-francaise\/185348\/#primaryimage"},"image":{"@id":"https:\/\/www.webdo.tn\/fr\/actualite\/culture\/fermeture-prochaine-de-la-mediatheque-francaise\/185348\/#primaryimage"},"thumbnailUrl":"https:\/\/www.webdo.tn\/fr\/wp-content\/uploads\/2025\/06\/FireShot-Capture-1063-webdo_default-53-750x375.jpg-750\u00d7375-www.webdo_.tn_.png","datePublished":"2011-04-17T09:59:00+00:00","dateModified":"2025-06-04T21:25:49+00:00","description":"Fermeture prochaine de la M\u00e9diath\u00e8que fran\u00e7aise","breadcrumb":{"@id":"https:\/\/www.webdo.tn\/fr\/actualite\/culture\/fermeture-prochaine-de-la-mediatheque-francaise\/185348\/#breadcrumb"},"inLanguage":"fr-FR","potentialAction":[{"@type":"ReadAction","target":["https:\/\/www.webdo.tn\/fr\/actualite\/culture\/fermeture-prochaine-de-la-mediatheque-francaise\/185348\/"]}]},{"@type":"ImageObject","inLanguage":"fr-FR","@id":"https:\/\/www.webdo.tn\/fr\/actualite\/culture\/fermeture-prochaine-de-la-mediatheque-francaise\/185348\/#primaryimage","url":"https:\/\/www.webdo.tn\/fr\/wp-content\/uploads\/2025\/06\/FireShot-Capture-1063-webdo_default-53-750x375.jpg-750\u00d7375-www.webdo_.tn_.png","contentUrl":"https:\/\/www.webdo.tn\/fr\/wp-content\/uploads\/2025\/06\/FireShot-Capture-1063-webdo_default-53-750x375.jpg-750\u00d7375-www.webdo_.tn_.png","width":746,"height":371},{"@type":"BreadcrumbList","@id":"https:\/\/www.webdo.tn\/fr\/actualite\/culture\/fermeture-prochaine-de-la-mediatheque-francaise\/185348\/#breadcrumb","itemListElement":[{"@type":"ListItem","position":1,"name":"Accueil","item":"https:\/\/www.webdo.tn\/fr\/"},{"@type":"ListItem","position":2,"name":"Fermeture prochaine de la M\u00e9diath\u00e8que fran\u00e7aise"}]},{"@type":"WebSite","@id":"https:\/\/www.webdo.tn\/fr\/#website","url":"https:\/\/www.webdo.tn\/fr\/","name":"webdo","description":"Tunisie - News en Tunisie et \u00e0 l&#039;international sur Webdo.tn","publisher":{"@id":"https:\/\/www.webdo.tn\/fr\/#organization"},"potentialAction":[{"@type":"SearchAction","target":{"@type":"EntryPoint","urlTemplate":"https:\/\/www.webdo.tn\/fr\/?s={search_term_string}"},"query-input":{"@type":"PropertyValueSpecification","valueRequired":true,"valueName":"search_term_string"}}],"inLanguage":"fr-FR"},{"@type":"Organization","@id":"https:\/\/www.webdo.tn\/fr\/#organization","name":"Webdo","alternateName":"Webdo.tn","url":"https:\/\/www.webdo.tn\/fr\/","logo":{"@type":"ImageObject","inLanguage":"fr-FR","@id":"https:\/\/www.webdo.tn\/fr\/#\/schema\/logo\/image\/","url":"https:\/\/www.webdo.tn\/fr\/wp-content\/uploads\/2025\/06\/Webdo-Tunisie_168377.jpg","contentUrl":"https:\/\/www.webdo.tn\/fr\/wp-content\/uploads\/2025\/06\/Webdo-Tunisie_168377.jpg","width":301,"height":301,"caption":"Webdo"},"image":{"@id":"https:\/\/www.webdo.tn\/fr\/#\/schema\/logo\/image\/"},"sameAs":["https:\/\/www.facebook.com\/webdotn","https:\/\/x.com\/webdo_tn"],"description":"Webdo est un m\u00e9dia num\u00e9rique tunisien fond\u00e9 en 2010, sp\u00e9cialis\u00e9 dans l\u2019actualit\u00e9 nationale et internationale, l\u2019\u00e9conomie, la soci\u00e9t\u00e9 et les analyses politiques. Le site s\u2019adresse \u00e0 un large public francophone et couvre l\u2019information tunisienne en temps r\u00e9el.","email":"redac@webdo.tn","legalName":"YNJ SARL","foundingDate":"2010-09-06","numberOfEmployees":{"@type":"QuantitativeValue","minValue":"11","maxValue":"50"}},{"@type":"Person","@id":"https:\/\/www.webdo.tn\/fr\/#\/schema\/person\/9a9c6118d687c117df8ef3cc36a4d175","name":"webdo.tn","image":{"@type":"ImageObject","inLanguage":"fr-FR","@id":"https:\/\/secure.gravatar.com\/avatar\/7ce1f28c0c3bbac99ff550b85ef8e44a6950c6ee24514fb6a5489e51d06f0298?s=96&d=mm&r=g","url":"https:\/\/secure.gravatar.com\/avatar\/7ce1f28c0c3bbac99ff550b85ef8e44a6950c6ee24514fb6a5489e51d06f0298?s=96&d=mm&r=g","contentUrl":"https:\/\/secure.gravatar.com\/avatar\/7ce1f28c0c3bbac99ff550b85ef8e44a6950c6ee24514fb6a5489e51d06f0298?s=96&d=mm&r=g","caption":"webdo.tn"},"url":"https:\/\/www.webdo.tn\/fr\/actualite\/author\/webdotn\/"}]}},"_links":{"self":[{"href":"https:\/\/www.webdo.tn\/fr\/wp-json\/wp\/v2\/posts\/185348","targetHints":{"allow":["GET"]}}],"collection":[{"href":"https:\/\/www.webdo.tn\/fr\/wp-json\/wp\/v2\/posts"}],"about":[{"href":"https:\/\/www.webdo.tn\/fr\/wp-json\/wp\/v2\/types\/post"}],"author":[{"embeddable":true,"href":"https:\/\/www.webdo.tn\/fr\/wp-json\/wp\/v2\/users\/3222"}],"replies":[{"embeddable":true,"href":"https:\/\/www.webdo.tn\/fr\/wp-json\/wp\/v2\/comments?post=185348"}],"version-history":[{"count":0,"href":"https:\/\/www.webdo.tn\/fr\/wp-json\/wp\/v2\/posts\/185348\/revisions"}],"wp:featuredmedia":[{"embeddable":true,"href":"https:\/\/www.webdo.tn\/fr\/wp-json\/wp\/v2\/media\/376290"}],"wp:attachment":[{"href":"https:\/\/www.webdo.tn\/fr\/wp-json\/wp\/v2\/media?parent=185348"}],"wp:term":[{"taxonomy":"category","embeddable":true,"href":"https:\/\/www.webdo.tn\/fr\/wp-json\/wp\/v2\/categories?post=185348"},{"taxonomy":"post_tag","embeddable":true,"href":"https:\/\/www.webdo.tn\/fr\/wp-json\/wp\/v2\/tags?post=185348"}],"curies":[{"name":"wp","href":"https:\/\/api.w.org\/{rel}","templated":true}]}}