{"id":185342,"date":"2011-05-03T12:13:00","date_gmt":"2011-05-03T12:13:00","guid":{"rendered":"https:\/\/www.webdo.tn\/fr\/actualite\/blog\/quand-la-tulipe-fete-le-jasmin\/117037\/"},"modified":"2025-06-04T20:35:16","modified_gmt":"2025-06-04T20:35:16","slug":"quand-la-tulipe-fete-le-jasmin","status":"publish","type":"post","link":"https:\/\/www.webdo.tn\/fr\/actualite\/culture\/quand-la-tulipe-fete-le-jasmin\/185342\/","title":{"rendered":"Quand la Tulipe f\u00eate le Jasmin"},"content":{"rendered":"<p>Une dynamique nouvelle caract\u00e9rise les relations tuniso-n\u00e9erlandaises.  En effet, la culture et l\u2019\u00e9conomie sont plus que jamais \u00e0 l\u2019ordre du jour avec de nombreux projets et \u2013 d\u00e9j\u00e0 \u2013 plusieurs r\u00e9alisations post-r\u00e9volution.<\/p>\n<p>Parmi les projets culturels qui viennent de voir le jour, une s\u00e9rie d\u2019\u00e9v\u00e8nements intitul\u00e9e \u00ab\u00a0La Tulipe f\u00eate le Jasmin\u00a0\u00bb devrait \u00eatre organis\u00e9e avec et pour les jeunes.  Le programme de cette manifestation devrait \u00eatre d\u00e9voil\u00e9 prochainement.<\/p>\n<p>D\u2019autre part, une importante visite se d\u00e9roule actuellement.  Il s\u2019agit de celle de Cees de Graff, directeur du centre n\u00e9erlandais pour les activit\u00e9s culturelles internationales qui sera en Tunisie jusqu\u2019au 5 mai dans le cadre d\u2019une mission exploratoire ayant pour but d\u2019identifier les actions bilat\u00e9rales potentielles dans le domaine culturel.<\/p>\n<p>En outre, il convient de rappeler l\u2019organisation r\u00e9cente d\u2019un festival du cin\u00e9ma n\u00e9erlandais et celle d\u2019un congr\u00e8s international sur la bonne gouvernance entre autres initiatives de Caroline Weijers, ambassadeur des Pays-Bas en Tunisie (photo).<\/p>\n<p>Pour le volet \u00e9conomique, il est important de souligner que plus de 70 entreprises (parmi lesquelles Shell ou Heineken) n\u00e9erlandaises op\u00e8rent en Tunisie dans divers domaines.  En ce sens, une d\u00e9l\u00e9gation n\u00e9erlandaise dans le secteur de l\u2019horticulture vient d\u2019effectuer une visite officielle (la premi\u00e8re dans ce secteur depuis les ann\u00e9es 80).<\/p>\n<p>Cette mission a permis de discuter avec le ministre tunisien de l\u2019Agriculture et l\u2019Environnement du futur de la coop\u00e9ration dans ces domaines.  Plusieurs visites de terrain (projets, march\u00e9 de gros, port de Rad\u00e8s, p\u00e9pini\u00e8res) ont permis \u00e0 la d\u00e9l\u00e9gation n\u00e9erlandaise de constater les atouts tunisiens.<\/p>\n<p>\u00ab\u00a0Symbole des relations douces entre nos deux pays\u00a0\u00bb selon l\u2019Ambassadeur Weijers, un jeune entrepreneur tuniso-n\u00e9erlandais, Firma Birheno, vient de lancer un projet de miel produit biologiquement.  D&rsquo;autres initiatives encore sont en cours de pr\u00e9paration et t\u00e9moignent d\u2019une embellie des relations entre la Tunisie et les Pays-Bas.<\/p>\n","protected":false},"excerpt":{"rendered":"<p>Quand la Tulipe f\u00eate le Jasmin  <\/p>\n","protected":false},"author":3222,"featured_media":365406,"comment_status":"open","ping_status":"closed","sticky":false,"template":"","format":"standard","meta":{"footnotes":""},"categories":[2594],"tags":[],"class_list":["post-185342","post","type-post","status-publish","format-standard","has-post-thumbnail","hentry","category-culture"],"yoast_head":"<!-- This site is optimized with the Yoast SEO Premium plugin v27.4 (Yoast SEO v27.4) - https:\/\/yoast.com\/product\/yoast-seo-premium-wordpress\/ -->\n<title>Quand la Tulipe f\u00eate le Jasmin<\/title>\n<meta name=\"description\" content=\"Quand la Tulipe f\u00eate le Jasmin\" \/>\n<link rel=\"canonical\" href=\"https:\/\/www.webdo.tn\/fr\/actualite\/culture\/quand-la-tulipe-fete-le-jasmin\/185342\/\" \/>\n<meta property=\"og:locale\" content=\"fr_FR\" \/>\n<meta property=\"og:type\" content=\"article\" \/>\n<meta property=\"og:title\" content=\"Quand la Tulipe f\u00eate le Jasmin\" \/>\n<meta property=\"og:description\" content=\"Quand la Tulipe f\u00eate le Jasmin\" \/>\n<meta property=\"og:url\" content=\"https:\/\/www.webdo.tn\/fr\/actualite\/culture\/quand-la-tulipe-fete-le-jasmin\/185342\/\" \/>\n<meta property=\"og:site_name\" content=\"webdo\" \/>\n<meta property=\"article:publisher\" content=\"https:\/\/www.facebook.com\/webdotn\" \/>\n<meta property=\"article:published_time\" content=\"2011-05-03T12:13:00+00:00\" \/>\n<meta property=\"article:modified_time\" content=\"2025-06-04T20:35:16+00:00\" \/>\n<meta property=\"og:image\" content=\"https:\/\/www.webdo.tn\/fr\/wp-content\/uploads\/2011\/05\/Ambassadeur-Weijers-Pays-Bas.jpg\" \/>\n\t<meta property=\"og:image:width\" content=\"180\" \/>\n\t<meta property=\"og:image:height\" content=\"206\" \/>\n\t<meta property=\"og:image:type\" content=\"image\/jpeg\" \/>\n<meta name=\"author\" content=\"webdo.tn\" \/>\n<meta name=\"twitter:card\" content=\"summary_large_image\" \/>\n<meta name=\"twitter:creator\" content=\"@webdo_tn\" \/>\n<meta name=\"twitter:site\" content=\"@webdo_tn\" \/>\n<meta name=\"twitter:label1\" content=\"\u00c9crit par\" \/>\n\t<meta name=\"twitter:data1\" content=\"webdo.tn\" \/>\n\t<meta name=\"twitter:label2\" content=\"Dur\u00e9e de lecture estim\u00e9e\" \/>\n\t<meta name=\"twitter:data2\" content=\"2 minutes\" \/>\n<script type=\"application\/ld+json\" class=\"yoast-schema-graph\">{\"@context\":\"https:\\\/\\\/schema.org\",\"@graph\":[{\"@type\":\"NewsArticle\",\"@id\":\"https:\\\/\\\/www.webdo.tn\\\/fr\\\/actualite\\\/culture\\\/quand-la-tulipe-fete-le-jasmin\\\/185342\\\/#article\",\"isPartOf\":{\"@id\":\"https:\\\/\\\/www.webdo.tn\\\/fr\\\/actualite\\\/culture\\\/quand-la-tulipe-fete-le-jasmin\\\/185342\\\/\"},\"author\":{\"name\":\"webdo.tn\",\"@id\":\"https:\\\/\\\/www.webdo.tn\\\/fr\\\/#\\\/schema\\\/person\\\/9a9c6118d687c117df8ef3cc36a4d175\"},\"headline\":\"Quand la Tulipe f\u00eate le Jasmin\",\"datePublished\":\"2011-05-03T12:13:00+00:00\",\"dateModified\":\"2025-06-04T20:35:16+00:00\",\"mainEntityOfPage\":{\"@id\":\"https:\\\/\\\/www.webdo.tn\\\/fr\\\/actualite\\\/culture\\\/quand-la-tulipe-fete-le-jasmin\\\/185342\\\/\"},\"wordCount\":348,\"commentCount\":0,\"publisher\":{\"@id\":\"https:\\\/\\\/www.webdo.tn\\\/fr\\\/#organization\"},\"image\":{\"@id\":\"https:\\\/\\\/www.webdo.tn\\\/fr\\\/actualite\\\/culture\\\/quand-la-tulipe-fete-le-jasmin\\\/185342\\\/#primaryimage\"},\"thumbnailUrl\":\"https:\\\/\\\/www.webdo.tn\\\/fr\\\/wp-content\\\/uploads\\\/2011\\\/05\\\/Ambassadeur-Weijers-Pays-Bas.jpg\",\"articleSection\":[\"Culture\"],\"inLanguage\":\"fr-FR\"},{\"@type\":\"WebPage\",\"@id\":\"https:\\\/\\\/www.webdo.tn\\\/fr\\\/actualite\\\/culture\\\/quand-la-tulipe-fete-le-jasmin\\\/185342\\\/\",\"url\":\"https:\\\/\\\/www.webdo.tn\\\/fr\\\/actualite\\\/culture\\\/quand-la-tulipe-fete-le-jasmin\\\/185342\\\/\",\"name\":\"Quand la Tulipe f\u00eate le Jasmin\",\"isPartOf\":{\"@id\":\"https:\\\/\\\/www.webdo.tn\\\/fr\\\/#website\"},\"primaryImageOfPage\":{\"@id\":\"https:\\\/\\\/www.webdo.tn\\\/fr\\\/actualite\\\/culture\\\/quand-la-tulipe-fete-le-jasmin\\\/185342\\\/#primaryimage\"},\"image\":{\"@id\":\"https:\\\/\\\/www.webdo.tn\\\/fr\\\/actualite\\\/culture\\\/quand-la-tulipe-fete-le-jasmin\\\/185342\\\/#primaryimage\"},\"thumbnailUrl\":\"https:\\\/\\\/www.webdo.tn\\\/fr\\\/wp-content\\\/uploads\\\/2011\\\/05\\\/Ambassadeur-Weijers-Pays-Bas.jpg\",\"datePublished\":\"2011-05-03T12:13:00+00:00\",\"dateModified\":\"2025-06-04T20:35:16+00:00\",\"description\":\"Quand la Tulipe f\u00eate le Jasmin\",\"breadcrumb\":{\"@id\":\"https:\\\/\\\/www.webdo.tn\\\/fr\\\/actualite\\\/culture\\\/quand-la-tulipe-fete-le-jasmin\\\/185342\\\/#breadcrumb\"},\"inLanguage\":\"fr-FR\",\"potentialAction\":[{\"@type\":\"ReadAction\",\"target\":[\"https:\\\/\\\/www.webdo.tn\\\/fr\\\/actualite\\\/culture\\\/quand-la-tulipe-fete-le-jasmin\\\/185342\\\/\"]}]},{\"@type\":\"ImageObject\",\"inLanguage\":\"fr-FR\",\"@id\":\"https:\\\/\\\/www.webdo.tn\\\/fr\\\/actualite\\\/culture\\\/quand-la-tulipe-fete-le-jasmin\\\/185342\\\/#primaryimage\",\"url\":\"https:\\\/\\\/www.webdo.tn\\\/fr\\\/wp-content\\\/uploads\\\/2011\\\/05\\\/Ambassadeur-Weijers-Pays-Bas.jpg\",\"contentUrl\":\"https:\\\/\\\/www.webdo.tn\\\/fr\\\/wp-content\\\/uploads\\\/2011\\\/05\\\/Ambassadeur-Weijers-Pays-Bas.jpg\",\"width\":180,\"height\":206,\"caption\":\"Quand la Tulipe f\u00eate le Jasmin\"},{\"@type\":\"BreadcrumbList\",\"@id\":\"https:\\\/\\\/www.webdo.tn\\\/fr\\\/actualite\\\/culture\\\/quand-la-tulipe-fete-le-jasmin\\\/185342\\\/#breadcrumb\",\"itemListElement\":[{\"@type\":\"ListItem\",\"position\":1,\"name\":\"Accueil\",\"item\":\"https:\\\/\\\/www.webdo.tn\\\/fr\\\/\"},{\"@type\":\"ListItem\",\"position\":2,\"name\":\"Quand la Tulipe f\u00eate le Jasmin\"}]},{\"@type\":\"WebSite\",\"@id\":\"https:\\\/\\\/www.webdo.tn\\\/fr\\\/#website\",\"url\":\"https:\\\/\\\/www.webdo.tn\\\/fr\\\/\",\"name\":\"webdo\",\"description\":\"Tunisie - News en Tunisie et \u00e0 l&#039;international sur Webdo.tn\",\"publisher\":{\"@id\":\"https:\\\/\\\/www.webdo.tn\\\/fr\\\/#organization\"},\"potentialAction\":[{\"@type\":\"SearchAction\",\"target\":{\"@type\":\"EntryPoint\",\"urlTemplate\":\"https:\\\/\\\/www.webdo.tn\\\/fr\\\/?s={search_term_string}\"},\"query-input\":{\"@type\":\"PropertyValueSpecification\",\"valueRequired\":true,\"valueName\":\"search_term_string\"}}],\"inLanguage\":\"fr-FR\"},{\"@type\":\"Organization\",\"@id\":\"https:\\\/\\\/www.webdo.tn\\\/fr\\\/#organization\",\"name\":\"Webdo\",\"alternateName\":\"Webdo.tn\",\"url\":\"https:\\\/\\\/www.webdo.tn\\\/fr\\\/\",\"logo\":{\"@type\":\"ImageObject\",\"inLanguage\":\"fr-FR\",\"@id\":\"https:\\\/\\\/www.webdo.tn\\\/fr\\\/#\\\/schema\\\/logo\\\/image\\\/\",\"url\":\"https:\\\/\\\/www.webdo.tn\\\/fr\\\/wp-content\\\/uploads\\\/2025\\\/06\\\/Webdo-Tunisie_168377.jpg\",\"contentUrl\":\"https:\\\/\\\/www.webdo.tn\\\/fr\\\/wp-content\\\/uploads\\\/2025\\\/06\\\/Webdo-Tunisie_168377.jpg\",\"width\":301,\"height\":301,\"caption\":\"Webdo\"},\"image\":{\"@id\":\"https:\\\/\\\/www.webdo.tn\\\/fr\\\/#\\\/schema\\\/logo\\\/image\\\/\"},\"sameAs\":[\"https:\\\/\\\/www.facebook.com\\\/webdotn\",\"https:\\\/\\\/x.com\\\/webdo_tn\"],\"description\":\"Webdo est un m\u00e9dia num\u00e9rique tunisien fond\u00e9 en 2010, sp\u00e9cialis\u00e9 dans l\u2019actualit\u00e9 nationale et internationale, l\u2019\u00e9conomie, la soci\u00e9t\u00e9 et les analyses politiques. Le site s\u2019adresse \u00e0 un large public francophone et couvre l\u2019information tunisienne en temps r\u00e9el.\",\"email\":\"redac@webdo.tn\",\"legalName\":\"YNJ SARL\",\"foundingDate\":\"2010-09-06\",\"numberOfEmployees\":{\"@type\":\"QuantitativeValue\",\"minValue\":\"11\",\"maxValue\":\"50\"}},{\"@type\":\"Person\",\"@id\":\"https:\\\/\\\/www.webdo.tn\\\/fr\\\/#\\\/schema\\\/person\\\/9a9c6118d687c117df8ef3cc36a4d175\",\"name\":\"webdo.tn\",\"image\":{\"@type\":\"ImageObject\",\"inLanguage\":\"fr-FR\",\"@id\":\"https:\\\/\\\/secure.gravatar.com\\\/avatar\\\/7ce1f28c0c3bbac99ff550b85ef8e44a6950c6ee24514fb6a5489e51d06f0298?s=96&d=mm&r=g\",\"url\":\"https:\\\/\\\/secure.gravatar.com\\\/avatar\\\/7ce1f28c0c3bbac99ff550b85ef8e44a6950c6ee24514fb6a5489e51d06f0298?s=96&d=mm&r=g\",\"contentUrl\":\"https:\\\/\\\/secure.gravatar.com\\\/avatar\\\/7ce1f28c0c3bbac99ff550b85ef8e44a6950c6ee24514fb6a5489e51d06f0298?s=96&d=mm&r=g\",\"caption\":\"webdo.tn\"},\"url\":\"https:\\\/\\\/www.webdo.tn\\\/fr\\\/actualite\\\/author\\\/webdotn\\\/\"}]}<\/script>\n<!-- \/ Yoast SEO Premium plugin. -->","yoast_head_json":{"title":"Quand la Tulipe f\u00eate le Jasmin","description":"Quand la Tulipe f\u00eate le Jasmin","canonical":"https:\/\/www.webdo.tn\/fr\/actualite\/culture\/quand-la-tulipe-fete-le-jasmin\/185342\/","og_locale":"fr_FR","og_type":"article","og_title":"Quand la Tulipe f\u00eate le Jasmin","og_description":"Quand la Tulipe f\u00eate le Jasmin","og_url":"https:\/\/www.webdo.tn\/fr\/actualite\/culture\/quand-la-tulipe-fete-le-jasmin\/185342\/","og_site_name":"webdo","article_publisher":"https:\/\/www.facebook.com\/webdotn","article_published_time":"2011-05-03T12:13:00+00:00","article_modified_time":"2025-06-04T20:35:16+00:00","og_image":[{"width":180,"height":206,"url":"https:\/\/www.webdo.tn\/fr\/wp-content\/uploads\/2011\/05\/Ambassadeur-Weijers-Pays-Bas.jpg","type":"image\/jpeg"}],"author":"webdo.tn","twitter_card":"summary_large_image","twitter_creator":"@webdo_tn","twitter_site":"@webdo_tn","twitter_misc":{"\u00c9crit par":"webdo.tn","Dur\u00e9e de lecture estim\u00e9e":"2 minutes"},"schema":{"@context":"https:\/\/schema.org","@graph":[{"@type":"NewsArticle","@id":"https:\/\/www.webdo.tn\/fr\/actualite\/culture\/quand-la-tulipe-fete-le-jasmin\/185342\/#article","isPartOf":{"@id":"https:\/\/www.webdo.tn\/fr\/actualite\/culture\/quand-la-tulipe-fete-le-jasmin\/185342\/"},"author":{"name":"webdo.tn","@id":"https:\/\/www.webdo.tn\/fr\/#\/schema\/person\/9a9c6118d687c117df8ef3cc36a4d175"},"headline":"Quand la Tulipe f\u00eate le Jasmin","datePublished":"2011-05-03T12:13:00+00:00","dateModified":"2025-06-04T20:35:16+00:00","mainEntityOfPage":{"@id":"https:\/\/www.webdo.tn\/fr\/actualite\/culture\/quand-la-tulipe-fete-le-jasmin\/185342\/"},"wordCount":348,"commentCount":0,"publisher":{"@id":"https:\/\/www.webdo.tn\/fr\/#organization"},"image":{"@id":"https:\/\/www.webdo.tn\/fr\/actualite\/culture\/quand-la-tulipe-fete-le-jasmin\/185342\/#primaryimage"},"thumbnailUrl":"https:\/\/www.webdo.tn\/fr\/wp-content\/uploads\/2011\/05\/Ambassadeur-Weijers-Pays-Bas.jpg","articleSection":["Culture"],"inLanguage":"fr-FR"},{"@type":"WebPage","@id":"https:\/\/www.webdo.tn\/fr\/actualite\/culture\/quand-la-tulipe-fete-le-jasmin\/185342\/","url":"https:\/\/www.webdo.tn\/fr\/actualite\/culture\/quand-la-tulipe-fete-le-jasmin\/185342\/","name":"Quand la Tulipe f\u00eate le Jasmin","isPartOf":{"@id":"https:\/\/www.webdo.tn\/fr\/#website"},"primaryImageOfPage":{"@id":"https:\/\/www.webdo.tn\/fr\/actualite\/culture\/quand-la-tulipe-fete-le-jasmin\/185342\/#primaryimage"},"image":{"@id":"https:\/\/www.webdo.tn\/fr\/actualite\/culture\/quand-la-tulipe-fete-le-jasmin\/185342\/#primaryimage"},"thumbnailUrl":"https:\/\/www.webdo.tn\/fr\/wp-content\/uploads\/2011\/05\/Ambassadeur-Weijers-Pays-Bas.jpg","datePublished":"2011-05-03T12:13:00+00:00","dateModified":"2025-06-04T20:35:16+00:00","description":"Quand la Tulipe f\u00eate le Jasmin","breadcrumb":{"@id":"https:\/\/www.webdo.tn\/fr\/actualite\/culture\/quand-la-tulipe-fete-le-jasmin\/185342\/#breadcrumb"},"inLanguage":"fr-FR","potentialAction":[{"@type":"ReadAction","target":["https:\/\/www.webdo.tn\/fr\/actualite\/culture\/quand-la-tulipe-fete-le-jasmin\/185342\/"]}]},{"@type":"ImageObject","inLanguage":"fr-FR","@id":"https:\/\/www.webdo.tn\/fr\/actualite\/culture\/quand-la-tulipe-fete-le-jasmin\/185342\/#primaryimage","url":"https:\/\/www.webdo.tn\/fr\/wp-content\/uploads\/2011\/05\/Ambassadeur-Weijers-Pays-Bas.jpg","contentUrl":"https:\/\/www.webdo.tn\/fr\/wp-content\/uploads\/2011\/05\/Ambassadeur-Weijers-Pays-Bas.jpg","width":180,"height":206,"caption":"Quand la Tulipe f\u00eate le Jasmin"},{"@type":"BreadcrumbList","@id":"https:\/\/www.webdo.tn\/fr\/actualite\/culture\/quand-la-tulipe-fete-le-jasmin\/185342\/#breadcrumb","itemListElement":[{"@type":"ListItem","position":1,"name":"Accueil","item":"https:\/\/www.webdo.tn\/fr\/"},{"@type":"ListItem","position":2,"name":"Quand la Tulipe f\u00eate le Jasmin"}]},{"@type":"WebSite","@id":"https:\/\/www.webdo.tn\/fr\/#website","url":"https:\/\/www.webdo.tn\/fr\/","name":"webdo","description":"Tunisie - News en Tunisie et \u00e0 l&#039;international sur Webdo.tn","publisher":{"@id":"https:\/\/www.webdo.tn\/fr\/#organization"},"potentialAction":[{"@type":"SearchAction","target":{"@type":"EntryPoint","urlTemplate":"https:\/\/www.webdo.tn\/fr\/?s={search_term_string}"},"query-input":{"@type":"PropertyValueSpecification","valueRequired":true,"valueName":"search_term_string"}}],"inLanguage":"fr-FR"},{"@type":"Organization","@id":"https:\/\/www.webdo.tn\/fr\/#organization","name":"Webdo","alternateName":"Webdo.tn","url":"https:\/\/www.webdo.tn\/fr\/","logo":{"@type":"ImageObject","inLanguage":"fr-FR","@id":"https:\/\/www.webdo.tn\/fr\/#\/schema\/logo\/image\/","url":"https:\/\/www.webdo.tn\/fr\/wp-content\/uploads\/2025\/06\/Webdo-Tunisie_168377.jpg","contentUrl":"https:\/\/www.webdo.tn\/fr\/wp-content\/uploads\/2025\/06\/Webdo-Tunisie_168377.jpg","width":301,"height":301,"caption":"Webdo"},"image":{"@id":"https:\/\/www.webdo.tn\/fr\/#\/schema\/logo\/image\/"},"sameAs":["https:\/\/www.facebook.com\/webdotn","https:\/\/x.com\/webdo_tn"],"description":"Webdo est un m\u00e9dia num\u00e9rique tunisien fond\u00e9 en 2010, sp\u00e9cialis\u00e9 dans l\u2019actualit\u00e9 nationale et internationale, l\u2019\u00e9conomie, la soci\u00e9t\u00e9 et les analyses politiques. Le site s\u2019adresse \u00e0 un large public francophone et couvre l\u2019information tunisienne en temps r\u00e9el.","email":"redac@webdo.tn","legalName":"YNJ SARL","foundingDate":"2010-09-06","numberOfEmployees":{"@type":"QuantitativeValue","minValue":"11","maxValue":"50"}},{"@type":"Person","@id":"https:\/\/www.webdo.tn\/fr\/#\/schema\/person\/9a9c6118d687c117df8ef3cc36a4d175","name":"webdo.tn","image":{"@type":"ImageObject","inLanguage":"fr-FR","@id":"https:\/\/secure.gravatar.com\/avatar\/7ce1f28c0c3bbac99ff550b85ef8e44a6950c6ee24514fb6a5489e51d06f0298?s=96&d=mm&r=g","url":"https:\/\/secure.gravatar.com\/avatar\/7ce1f28c0c3bbac99ff550b85ef8e44a6950c6ee24514fb6a5489e51d06f0298?s=96&d=mm&r=g","contentUrl":"https:\/\/secure.gravatar.com\/avatar\/7ce1f28c0c3bbac99ff550b85ef8e44a6950c6ee24514fb6a5489e51d06f0298?s=96&d=mm&r=g","caption":"webdo.tn"},"url":"https:\/\/www.webdo.tn\/fr\/actualite\/author\/webdotn\/"}]}},"_links":{"self":[{"href":"https:\/\/www.webdo.tn\/fr\/wp-json\/wp\/v2\/posts\/185342","targetHints":{"allow":["GET"]}}],"collection":[{"href":"https:\/\/www.webdo.tn\/fr\/wp-json\/wp\/v2\/posts"}],"about":[{"href":"https:\/\/www.webdo.tn\/fr\/wp-json\/wp\/v2\/types\/post"}],"author":[{"embeddable":true,"href":"https:\/\/www.webdo.tn\/fr\/wp-json\/wp\/v2\/users\/3222"}],"replies":[{"embeddable":true,"href":"https:\/\/www.webdo.tn\/fr\/wp-json\/wp\/v2\/comments?post=185342"}],"version-history":[{"count":0,"href":"https:\/\/www.webdo.tn\/fr\/wp-json\/wp\/v2\/posts\/185342\/revisions"}],"wp:featuredmedia":[{"embeddable":true,"href":"https:\/\/www.webdo.tn\/fr\/wp-json\/wp\/v2\/media\/365406"}],"wp:attachment":[{"href":"https:\/\/www.webdo.tn\/fr\/wp-json\/wp\/v2\/media?parent=185342"}],"wp:term":[{"taxonomy":"category","embeddable":true,"href":"https:\/\/www.webdo.tn\/fr\/wp-json\/wp\/v2\/categories?post=185342"},{"taxonomy":"post_tag","embeddable":true,"href":"https:\/\/www.webdo.tn\/fr\/wp-json\/wp\/v2\/tags?post=185342"}],"curies":[{"name":"wp","href":"https:\/\/api.w.org\/{rel}","templated":true}]}}