{"id":185341,"date":"2011-05-04T15:16:00","date_gmt":"2011-05-04T15:16:00","guid":{"rendered":"https:\/\/www.webdo.tn\/fr\/actualite\/blog\/complot-au-ministere-de-la-culture-demissions-en-cascade\/117036\/"},"modified":"2025-06-04T20:35:39","modified_gmt":"2025-06-04T20:35:39","slug":"complot-au-ministere-de-la-culture-demissions-en-cascade","status":"publish","type":"post","link":"https:\/\/www.webdo.tn\/fr\/actualite\/culture\/complot-au-ministere-de-la-culture-demissions-en-cascade\/185341\/","title":{"rendered":"Complot au minist\u00e8re de la Culture\u00a0: \u00ab\u00a0D\u00e9missions\u00a0\u00bb en cascade"},"content":{"rendered":"<p>Selon des sources concordantes, une grave op\u00e9ration de d\u00e9stabilisation serait en cours au minist\u00e8re de la Culture.  En effet, depuis hier, de faux documents circuleraient avec la signature du ministre et seraient des intoxs selon nos informations.<\/p>\n<p>Ces documents, se basant sur la d\u00e9mission de cadres du minist\u00e8re, diligentent des inspections qui seraient d\u00e9cid\u00e9es par le ministre Azeddine Beschaouch.  Sont vis\u00e9s par ces faux plus que probables\u00a0: Olfa Youssef, Lassaad Ben Abdallah et Mohamed Zine El abidine, respectivement directeurs de la Biblioth\u00e8que nationale, du centre culturel international de Hammamet et du projet en cours de la Cit\u00e9 de la Culture.<\/p>\n<p>Ainsi, des inspecteurs du minist\u00e8re se seraient pr\u00e9sent\u00e9s pour inviter ces trois responsables et artistes r\u00e9put\u00e9s \u00e0 vider les lieux et mettre fin \u00e0 leurs fonctions.<\/p>\n<p>Selon nos sources, ces trois directeurs n\u2019auraient pas d\u00e9missionn\u00e9.  Et, plus grave, le ministre n\u2019aurait nullement dans son collimateur ces deux artistes et cette intellectuelle irr\u00e9prochables.<\/p>\n<p>Y\u2019aurait-il un complot en cours au minist\u00e8re de la Culture\u00a0? Qui a int\u00e9r\u00eat \u00e0 mettre sur le m\u00eame pied que les pr\u00e9dateurs d\u00e9chus un des meilleurs luthistes du monde arabe (Mohamed Zine El abidine), une intellectuelle critique du salafisme (Olfa Youssef) et un artiste censur\u00e9 par l\u2019ancien r\u00e9gime (Lassaad Ben Abdallah)\u00a0?<\/p>\n<p>Des faux portant la signature du ministre circuleraient-ils en toute \u00ab\u00a0l\u00e9galit\u00e9\u00a0\u00bb r\u00e9volutionnaire\u00a0?  Tout porte \u00e0 le croire car ce sont des gens exemplaires qui sont vis\u00e9s par cette purge qui n\u2019a pas lieu d\u2019\u00eatre.  Tout se passe comme si on voulait cr\u00e9er le vide dans un minist\u00e8re qui reste le havre de la pens\u00e9e libre, de la cr\u00e9ation et de la modernit\u00e9 agissante.<\/p>\n<p>Qui cherche \u00e0 nous plonger dans un nouveau Moyen-\u00e2ge\u00a0? Vite, un sursaut r\u00e9publicain\u00a0!<\/p>\n","protected":false},"excerpt":{"rendered":"<p>Complot au minist\u00e8re de la Culture\u00a0: \u00ab\u00a0D\u00e9missions\u00a0\u00bb en cascade <\/p>\n","protected":false},"author":3222,"featured_media":365411,"comment_status":"open","ping_status":"closed","sticky":false,"template":"","format":"standard","meta":{"footnotes":""},"categories":[2594],"tags":[],"class_list":["post-185341","post","type-post","status-publish","format-standard","has-post-thumbnail","hentry","category-culture"],"yoast_head":"<!-- This site is optimized with the Yoast SEO Premium plugin v27.4 (Yoast SEO v27.4) - https:\/\/yoast.com\/product\/yoast-seo-premium-wordpress\/ -->\n<title>Complot au minist\u00e8re de la Culture\u00a0: \u00ab\u00a0D\u00e9missions\u00a0\u00bb en cascade<\/title>\n<meta name=\"description\" content=\"Complot au minist\u00e8re de la Culture\u00a0: \u00ab\u00a0D\u00e9missions\u00a0\u00bb en cascade\" \/>\n<link rel=\"canonical\" href=\"https:\/\/www.webdo.tn\/fr\/actualite\/culture\/complot-au-ministere-de-la-culture-demissions-en-cascade\/185341\/\" \/>\n<meta property=\"og:locale\" content=\"fr_FR\" \/>\n<meta property=\"og:type\" content=\"article\" \/>\n<meta property=\"og:title\" content=\"Complot au minist\u00e8re de la Culture\u00a0: \u00ab\u00a0D\u00e9missions\u00a0\u00bb en cascade\" \/>\n<meta property=\"og:description\" content=\"Complot au minist\u00e8re de la Culture\u00a0: \u00ab\u00a0D\u00e9missions\u00a0\u00bb en cascade\" \/>\n<meta property=\"og:url\" content=\"https:\/\/www.webdo.tn\/fr\/actualite\/culture\/complot-au-ministere-de-la-culture-demissions-en-cascade\/185341\/\" \/>\n<meta property=\"og:site_name\" content=\"webdo\" \/>\n<meta property=\"article:publisher\" content=\"https:\/\/www.facebook.com\/webdotn\" \/>\n<meta property=\"article:published_time\" content=\"2011-05-04T15:16:00+00:00\" \/>\n<meta property=\"article:modified_time\" content=\"2025-06-04T20:35:39+00:00\" \/>\n<meta property=\"og:image\" content=\"https:\/\/www.webdo.tn\/fr\/wp-content\/uploads\/2011\/05\/Drapeau-tunisien.jpg\" \/>\n\t<meta property=\"og:image:width\" content=\"272\" \/>\n\t<meta property=\"og:image:height\" content=\"185\" \/>\n\t<meta property=\"og:image:type\" content=\"image\/jpeg\" \/>\n<meta name=\"author\" content=\"webdo.tn\" \/>\n<meta name=\"twitter:card\" content=\"summary_large_image\" \/>\n<meta name=\"twitter:creator\" content=\"@webdo_tn\" \/>\n<meta name=\"twitter:site\" content=\"@webdo_tn\" \/>\n<meta name=\"twitter:label1\" content=\"\u00c9crit par\" \/>\n\t<meta name=\"twitter:data1\" content=\"webdo.tn\" \/>\n\t<meta name=\"twitter:label2\" content=\"Dur\u00e9e de lecture estim\u00e9e\" \/>\n\t<meta name=\"twitter:data2\" content=\"2 minutes\" \/>\n<script type=\"application\/ld+json\" class=\"yoast-schema-graph\">{\"@context\":\"https:\\\/\\\/schema.org\",\"@graph\":[{\"@type\":\"NewsArticle\",\"@id\":\"https:\\\/\\\/www.webdo.tn\\\/fr\\\/actualite\\\/culture\\\/complot-au-ministere-de-la-culture-demissions-en-cascade\\\/185341\\\/#article\",\"isPartOf\":{\"@id\":\"https:\\\/\\\/www.webdo.tn\\\/fr\\\/actualite\\\/culture\\\/complot-au-ministere-de-la-culture-demissions-en-cascade\\\/185341\\\/\"},\"author\":{\"name\":\"webdo.tn\",\"@id\":\"https:\\\/\\\/www.webdo.tn\\\/fr\\\/#\\\/schema\\\/person\\\/9a9c6118d687c117df8ef3cc36a4d175\"},\"headline\":\"Complot au minist\u00e8re de la Culture\u00a0: \u00ab\u00a0D\u00e9missions\u00a0\u00bb en cascade\",\"datePublished\":\"2011-05-04T15:16:00+00:00\",\"dateModified\":\"2025-06-04T20:35:39+00:00\",\"mainEntityOfPage\":{\"@id\":\"https:\\\/\\\/www.webdo.tn\\\/fr\\\/actualite\\\/culture\\\/complot-au-ministere-de-la-culture-demissions-en-cascade\\\/185341\\\/\"},\"wordCount\":323,\"commentCount\":0,\"publisher\":{\"@id\":\"https:\\\/\\\/www.webdo.tn\\\/fr\\\/#organization\"},\"image\":{\"@id\":\"https:\\\/\\\/www.webdo.tn\\\/fr\\\/actualite\\\/culture\\\/complot-au-ministere-de-la-culture-demissions-en-cascade\\\/185341\\\/#primaryimage\"},\"thumbnailUrl\":\"https:\\\/\\\/www.webdo.tn\\\/fr\\\/wp-content\\\/uploads\\\/2011\\\/05\\\/Drapeau-tunisien.jpg\",\"articleSection\":[\"Culture\"],\"inLanguage\":\"fr-FR\"},{\"@type\":\"WebPage\",\"@id\":\"https:\\\/\\\/www.webdo.tn\\\/fr\\\/actualite\\\/culture\\\/complot-au-ministere-de-la-culture-demissions-en-cascade\\\/185341\\\/\",\"url\":\"https:\\\/\\\/www.webdo.tn\\\/fr\\\/actualite\\\/culture\\\/complot-au-ministere-de-la-culture-demissions-en-cascade\\\/185341\\\/\",\"name\":\"Complot au minist\u00e8re de la Culture\u00a0: \u00ab\u00a0D\u00e9missions\u00a0\u00bb en cascade\",\"isPartOf\":{\"@id\":\"https:\\\/\\\/www.webdo.tn\\\/fr\\\/#website\"},\"primaryImageOfPage\":{\"@id\":\"https:\\\/\\\/www.webdo.tn\\\/fr\\\/actualite\\\/culture\\\/complot-au-ministere-de-la-culture-demissions-en-cascade\\\/185341\\\/#primaryimage\"},\"image\":{\"@id\":\"https:\\\/\\\/www.webdo.tn\\\/fr\\\/actualite\\\/culture\\\/complot-au-ministere-de-la-culture-demissions-en-cascade\\\/185341\\\/#primaryimage\"},\"thumbnailUrl\":\"https:\\\/\\\/www.webdo.tn\\\/fr\\\/wp-content\\\/uploads\\\/2011\\\/05\\\/Drapeau-tunisien.jpg\",\"datePublished\":\"2011-05-04T15:16:00+00:00\",\"dateModified\":\"2025-06-04T20:35:39+00:00\",\"description\":\"Complot au minist\u00e8re de la Culture\u00a0: \u00ab\u00a0D\u00e9missions\u00a0\u00bb en cascade\",\"breadcrumb\":{\"@id\":\"https:\\\/\\\/www.webdo.tn\\\/fr\\\/actualite\\\/culture\\\/complot-au-ministere-de-la-culture-demissions-en-cascade\\\/185341\\\/#breadcrumb\"},\"inLanguage\":\"fr-FR\",\"potentialAction\":[{\"@type\":\"ReadAction\",\"target\":[\"https:\\\/\\\/www.webdo.tn\\\/fr\\\/actualite\\\/culture\\\/complot-au-ministere-de-la-culture-demissions-en-cascade\\\/185341\\\/\"]}]},{\"@type\":\"ImageObject\",\"inLanguage\":\"fr-FR\",\"@id\":\"https:\\\/\\\/www.webdo.tn\\\/fr\\\/actualite\\\/culture\\\/complot-au-ministere-de-la-culture-demissions-en-cascade\\\/185341\\\/#primaryimage\",\"url\":\"https:\\\/\\\/www.webdo.tn\\\/fr\\\/wp-content\\\/uploads\\\/2011\\\/05\\\/Drapeau-tunisien.jpg\",\"contentUrl\":\"https:\\\/\\\/www.webdo.tn\\\/fr\\\/wp-content\\\/uploads\\\/2011\\\/05\\\/Drapeau-tunisien.jpg\",\"width\":272,\"height\":185,\"caption\":\"Complot au minist\u00e8re de la Culture\u00a0: \u00ab\u00a0D\u00e9missions\u00a0\u00bb en cascade\"},{\"@type\":\"BreadcrumbList\",\"@id\":\"https:\\\/\\\/www.webdo.tn\\\/fr\\\/actualite\\\/culture\\\/complot-au-ministere-de-la-culture-demissions-en-cascade\\\/185341\\\/#breadcrumb\",\"itemListElement\":[{\"@type\":\"ListItem\",\"position\":1,\"name\":\"Accueil\",\"item\":\"https:\\\/\\\/www.webdo.tn\\\/fr\\\/\"},{\"@type\":\"ListItem\",\"position\":2,\"name\":\"Complot au minist\u00e8re de la Culture\u00a0: \u00ab\u00a0D\u00e9missions\u00a0\u00bb en cascade\"}]},{\"@type\":\"WebSite\",\"@id\":\"https:\\\/\\\/www.webdo.tn\\\/fr\\\/#website\",\"url\":\"https:\\\/\\\/www.webdo.tn\\\/fr\\\/\",\"name\":\"webdo\",\"description\":\"Tunisie - News en Tunisie et \u00e0 l&#039;international sur Webdo.tn\",\"publisher\":{\"@id\":\"https:\\\/\\\/www.webdo.tn\\\/fr\\\/#organization\"},\"potentialAction\":[{\"@type\":\"SearchAction\",\"target\":{\"@type\":\"EntryPoint\",\"urlTemplate\":\"https:\\\/\\\/www.webdo.tn\\\/fr\\\/?s={search_term_string}\"},\"query-input\":{\"@type\":\"PropertyValueSpecification\",\"valueRequired\":true,\"valueName\":\"search_term_string\"}}],\"inLanguage\":\"fr-FR\"},{\"@type\":\"Organization\",\"@id\":\"https:\\\/\\\/www.webdo.tn\\\/fr\\\/#organization\",\"name\":\"Webdo\",\"alternateName\":\"Webdo.tn\",\"url\":\"https:\\\/\\\/www.webdo.tn\\\/fr\\\/\",\"logo\":{\"@type\":\"ImageObject\",\"inLanguage\":\"fr-FR\",\"@id\":\"https:\\\/\\\/www.webdo.tn\\\/fr\\\/#\\\/schema\\\/logo\\\/image\\\/\",\"url\":\"https:\\\/\\\/www.webdo.tn\\\/fr\\\/wp-content\\\/uploads\\\/2025\\\/06\\\/Webdo-Tunisie_168377.jpg\",\"contentUrl\":\"https:\\\/\\\/www.webdo.tn\\\/fr\\\/wp-content\\\/uploads\\\/2025\\\/06\\\/Webdo-Tunisie_168377.jpg\",\"width\":301,\"height\":301,\"caption\":\"Webdo\"},\"image\":{\"@id\":\"https:\\\/\\\/www.webdo.tn\\\/fr\\\/#\\\/schema\\\/logo\\\/image\\\/\"},\"sameAs\":[\"https:\\\/\\\/www.facebook.com\\\/webdotn\",\"https:\\\/\\\/x.com\\\/webdo_tn\"],\"description\":\"Webdo est un m\u00e9dia num\u00e9rique tunisien fond\u00e9 en 2010, sp\u00e9cialis\u00e9 dans l\u2019actualit\u00e9 nationale et internationale, l\u2019\u00e9conomie, la soci\u00e9t\u00e9 et les analyses politiques. Le site s\u2019adresse \u00e0 un large public francophone et couvre l\u2019information tunisienne en temps r\u00e9el.\",\"email\":\"redac@webdo.tn\",\"legalName\":\"YNJ SARL\",\"foundingDate\":\"2010-09-06\",\"numberOfEmployees\":{\"@type\":\"QuantitativeValue\",\"minValue\":\"11\",\"maxValue\":\"50\"}},{\"@type\":\"Person\",\"@id\":\"https:\\\/\\\/www.webdo.tn\\\/fr\\\/#\\\/schema\\\/person\\\/9a9c6118d687c117df8ef3cc36a4d175\",\"name\":\"webdo.tn\",\"image\":{\"@type\":\"ImageObject\",\"inLanguage\":\"fr-FR\",\"@id\":\"https:\\\/\\\/secure.gravatar.com\\\/avatar\\\/7ce1f28c0c3bbac99ff550b85ef8e44a6950c6ee24514fb6a5489e51d06f0298?s=96&d=mm&r=g\",\"url\":\"https:\\\/\\\/secure.gravatar.com\\\/avatar\\\/7ce1f28c0c3bbac99ff550b85ef8e44a6950c6ee24514fb6a5489e51d06f0298?s=96&d=mm&r=g\",\"contentUrl\":\"https:\\\/\\\/secure.gravatar.com\\\/avatar\\\/7ce1f28c0c3bbac99ff550b85ef8e44a6950c6ee24514fb6a5489e51d06f0298?s=96&d=mm&r=g\",\"caption\":\"webdo.tn\"},\"url\":\"https:\\\/\\\/www.webdo.tn\\\/fr\\\/actualite\\\/author\\\/webdotn\\\/\"}]}<\/script>\n<!-- \/ Yoast SEO Premium plugin. -->","yoast_head_json":{"title":"Complot au minist\u00e8re de la Culture\u00a0: \u00ab\u00a0D\u00e9missions\u00a0\u00bb en cascade","description":"Complot au minist\u00e8re de la Culture\u00a0: \u00ab\u00a0D\u00e9missions\u00a0\u00bb en cascade","canonical":"https:\/\/www.webdo.tn\/fr\/actualite\/culture\/complot-au-ministere-de-la-culture-demissions-en-cascade\/185341\/","og_locale":"fr_FR","og_type":"article","og_title":"Complot au minist\u00e8re de la Culture\u00a0: \u00ab\u00a0D\u00e9missions\u00a0\u00bb en cascade","og_description":"Complot au minist\u00e8re de la Culture\u00a0: \u00ab\u00a0D\u00e9missions\u00a0\u00bb en cascade","og_url":"https:\/\/www.webdo.tn\/fr\/actualite\/culture\/complot-au-ministere-de-la-culture-demissions-en-cascade\/185341\/","og_site_name":"webdo","article_publisher":"https:\/\/www.facebook.com\/webdotn","article_published_time":"2011-05-04T15:16:00+00:00","article_modified_time":"2025-06-04T20:35:39+00:00","og_image":[{"width":272,"height":185,"url":"https:\/\/www.webdo.tn\/fr\/wp-content\/uploads\/2011\/05\/Drapeau-tunisien.jpg","type":"image\/jpeg"}],"author":"webdo.tn","twitter_card":"summary_large_image","twitter_creator":"@webdo_tn","twitter_site":"@webdo_tn","twitter_misc":{"\u00c9crit par":"webdo.tn","Dur\u00e9e de lecture estim\u00e9e":"2 minutes"},"schema":{"@context":"https:\/\/schema.org","@graph":[{"@type":"NewsArticle","@id":"https:\/\/www.webdo.tn\/fr\/actualite\/culture\/complot-au-ministere-de-la-culture-demissions-en-cascade\/185341\/#article","isPartOf":{"@id":"https:\/\/www.webdo.tn\/fr\/actualite\/culture\/complot-au-ministere-de-la-culture-demissions-en-cascade\/185341\/"},"author":{"name":"webdo.tn","@id":"https:\/\/www.webdo.tn\/fr\/#\/schema\/person\/9a9c6118d687c117df8ef3cc36a4d175"},"headline":"Complot au minist\u00e8re de la Culture\u00a0: \u00ab\u00a0D\u00e9missions\u00a0\u00bb en cascade","datePublished":"2011-05-04T15:16:00+00:00","dateModified":"2025-06-04T20:35:39+00:00","mainEntityOfPage":{"@id":"https:\/\/www.webdo.tn\/fr\/actualite\/culture\/complot-au-ministere-de-la-culture-demissions-en-cascade\/185341\/"},"wordCount":323,"commentCount":0,"publisher":{"@id":"https:\/\/www.webdo.tn\/fr\/#organization"},"image":{"@id":"https:\/\/www.webdo.tn\/fr\/actualite\/culture\/complot-au-ministere-de-la-culture-demissions-en-cascade\/185341\/#primaryimage"},"thumbnailUrl":"https:\/\/www.webdo.tn\/fr\/wp-content\/uploads\/2011\/05\/Drapeau-tunisien.jpg","articleSection":["Culture"],"inLanguage":"fr-FR"},{"@type":"WebPage","@id":"https:\/\/www.webdo.tn\/fr\/actualite\/culture\/complot-au-ministere-de-la-culture-demissions-en-cascade\/185341\/","url":"https:\/\/www.webdo.tn\/fr\/actualite\/culture\/complot-au-ministere-de-la-culture-demissions-en-cascade\/185341\/","name":"Complot au minist\u00e8re de la Culture\u00a0: \u00ab\u00a0D\u00e9missions\u00a0\u00bb en cascade","isPartOf":{"@id":"https:\/\/www.webdo.tn\/fr\/#website"},"primaryImageOfPage":{"@id":"https:\/\/www.webdo.tn\/fr\/actualite\/culture\/complot-au-ministere-de-la-culture-demissions-en-cascade\/185341\/#primaryimage"},"image":{"@id":"https:\/\/www.webdo.tn\/fr\/actualite\/culture\/complot-au-ministere-de-la-culture-demissions-en-cascade\/185341\/#primaryimage"},"thumbnailUrl":"https:\/\/www.webdo.tn\/fr\/wp-content\/uploads\/2011\/05\/Drapeau-tunisien.jpg","datePublished":"2011-05-04T15:16:00+00:00","dateModified":"2025-06-04T20:35:39+00:00","description":"Complot au minist\u00e8re de la Culture\u00a0: \u00ab\u00a0D\u00e9missions\u00a0\u00bb en cascade","breadcrumb":{"@id":"https:\/\/www.webdo.tn\/fr\/actualite\/culture\/complot-au-ministere-de-la-culture-demissions-en-cascade\/185341\/#breadcrumb"},"inLanguage":"fr-FR","potentialAction":[{"@type":"ReadAction","target":["https:\/\/www.webdo.tn\/fr\/actualite\/culture\/complot-au-ministere-de-la-culture-demissions-en-cascade\/185341\/"]}]},{"@type":"ImageObject","inLanguage":"fr-FR","@id":"https:\/\/www.webdo.tn\/fr\/actualite\/culture\/complot-au-ministere-de-la-culture-demissions-en-cascade\/185341\/#primaryimage","url":"https:\/\/www.webdo.tn\/fr\/wp-content\/uploads\/2011\/05\/Drapeau-tunisien.jpg","contentUrl":"https:\/\/www.webdo.tn\/fr\/wp-content\/uploads\/2011\/05\/Drapeau-tunisien.jpg","width":272,"height":185,"caption":"Complot au minist\u00e8re de la Culture\u00a0: \u00ab\u00a0D\u00e9missions\u00a0\u00bb en cascade"},{"@type":"BreadcrumbList","@id":"https:\/\/www.webdo.tn\/fr\/actualite\/culture\/complot-au-ministere-de-la-culture-demissions-en-cascade\/185341\/#breadcrumb","itemListElement":[{"@type":"ListItem","position":1,"name":"Accueil","item":"https:\/\/www.webdo.tn\/fr\/"},{"@type":"ListItem","position":2,"name":"Complot au minist\u00e8re de la Culture\u00a0: \u00ab\u00a0D\u00e9missions\u00a0\u00bb en cascade"}]},{"@type":"WebSite","@id":"https:\/\/www.webdo.tn\/fr\/#website","url":"https:\/\/www.webdo.tn\/fr\/","name":"webdo","description":"Tunisie - News en Tunisie et \u00e0 l&#039;international sur Webdo.tn","publisher":{"@id":"https:\/\/www.webdo.tn\/fr\/#organization"},"potentialAction":[{"@type":"SearchAction","target":{"@type":"EntryPoint","urlTemplate":"https:\/\/www.webdo.tn\/fr\/?s={search_term_string}"},"query-input":{"@type":"PropertyValueSpecification","valueRequired":true,"valueName":"search_term_string"}}],"inLanguage":"fr-FR"},{"@type":"Organization","@id":"https:\/\/www.webdo.tn\/fr\/#organization","name":"Webdo","alternateName":"Webdo.tn","url":"https:\/\/www.webdo.tn\/fr\/","logo":{"@type":"ImageObject","inLanguage":"fr-FR","@id":"https:\/\/www.webdo.tn\/fr\/#\/schema\/logo\/image\/","url":"https:\/\/www.webdo.tn\/fr\/wp-content\/uploads\/2025\/06\/Webdo-Tunisie_168377.jpg","contentUrl":"https:\/\/www.webdo.tn\/fr\/wp-content\/uploads\/2025\/06\/Webdo-Tunisie_168377.jpg","width":301,"height":301,"caption":"Webdo"},"image":{"@id":"https:\/\/www.webdo.tn\/fr\/#\/schema\/logo\/image\/"},"sameAs":["https:\/\/www.facebook.com\/webdotn","https:\/\/x.com\/webdo_tn"],"description":"Webdo est un m\u00e9dia num\u00e9rique tunisien fond\u00e9 en 2010, sp\u00e9cialis\u00e9 dans l\u2019actualit\u00e9 nationale et internationale, l\u2019\u00e9conomie, la soci\u00e9t\u00e9 et les analyses politiques. Le site s\u2019adresse \u00e0 un large public francophone et couvre l\u2019information tunisienne en temps r\u00e9el.","email":"redac@webdo.tn","legalName":"YNJ SARL","foundingDate":"2010-09-06","numberOfEmployees":{"@type":"QuantitativeValue","minValue":"11","maxValue":"50"}},{"@type":"Person","@id":"https:\/\/www.webdo.tn\/fr\/#\/schema\/person\/9a9c6118d687c117df8ef3cc36a4d175","name":"webdo.tn","image":{"@type":"ImageObject","inLanguage":"fr-FR","@id":"https:\/\/secure.gravatar.com\/avatar\/7ce1f28c0c3bbac99ff550b85ef8e44a6950c6ee24514fb6a5489e51d06f0298?s=96&d=mm&r=g","url":"https:\/\/secure.gravatar.com\/avatar\/7ce1f28c0c3bbac99ff550b85ef8e44a6950c6ee24514fb6a5489e51d06f0298?s=96&d=mm&r=g","contentUrl":"https:\/\/secure.gravatar.com\/avatar\/7ce1f28c0c3bbac99ff550b85ef8e44a6950c6ee24514fb6a5489e51d06f0298?s=96&d=mm&r=g","caption":"webdo.tn"},"url":"https:\/\/www.webdo.tn\/fr\/actualite\/author\/webdotn\/"}]}},"_links":{"self":[{"href":"https:\/\/www.webdo.tn\/fr\/wp-json\/wp\/v2\/posts\/185341","targetHints":{"allow":["GET"]}}],"collection":[{"href":"https:\/\/www.webdo.tn\/fr\/wp-json\/wp\/v2\/posts"}],"about":[{"href":"https:\/\/www.webdo.tn\/fr\/wp-json\/wp\/v2\/types\/post"}],"author":[{"embeddable":true,"href":"https:\/\/www.webdo.tn\/fr\/wp-json\/wp\/v2\/users\/3222"}],"replies":[{"embeddable":true,"href":"https:\/\/www.webdo.tn\/fr\/wp-json\/wp\/v2\/comments?post=185341"}],"version-history":[{"count":0,"href":"https:\/\/www.webdo.tn\/fr\/wp-json\/wp\/v2\/posts\/185341\/revisions"}],"wp:featuredmedia":[{"embeddable":true,"href":"https:\/\/www.webdo.tn\/fr\/wp-json\/wp\/v2\/media\/365411"}],"wp:attachment":[{"href":"https:\/\/www.webdo.tn\/fr\/wp-json\/wp\/v2\/media?parent=185341"}],"wp:term":[{"taxonomy":"category","embeddable":true,"href":"https:\/\/www.webdo.tn\/fr\/wp-json\/wp\/v2\/categories?post=185341"},{"taxonomy":"post_tag","embeddable":true,"href":"https:\/\/www.webdo.tn\/fr\/wp-json\/wp\/v2\/tags?post=185341"}],"curies":[{"name":"wp","href":"https:\/\/api.w.org\/{rel}","templated":true}]}}