{"id":185334,"date":"2011-07-10T12:54:00","date_gmt":"2011-07-10T12:54:00","guid":{"rendered":"https:\/\/www.webdo.tn\/fr\/actualite\/blog\/concert-bendirman-de-la-musique-de-lhumour-et-de-lengage-en-commencant-par-ba3eth-al-kanet-sans-oublier-feriani\/185334\/"},"modified":"2025-06-04T19:09:23","modified_gmt":"2025-06-04T19:09:23","slug":"concert-bendirman-de-la-musique-de-lhumour-et-de-lengage-en-commencant-par-ba3eth-al-kanet-sans-oublier-feriani","status":"publish","type":"post","link":"https:\/\/www.webdo.tn\/fr\/actualite\/culture\/concert-bendirman-de-la-musique-de-lhumour-et-de-lengage-en-commencant-par-ba3eth-al-kanet-sans-oublier-feriani\/185334\/","title":{"rendered":"Concert Bendir Man\u00a0: de la musique\u00a0et de l&rsquo;humour en commen\u00e7ant par \u00ab\u00a0Ba3eth Al Kanet\u00a0\u00bb sans oublier \u00ab\u00a0Feriani\u00a0\u00bb"},"content":{"rendered":"<p>Hier soir, le 9 juillet, Bayrem Ben Kilani (alias Bendir Man) a donn\u00e9 un concert \u00e0 l\u2019Acropolium de Carthage, en duo avec le chanteur alg\u00e9rien Baaziz.<\/p>\n<p>C&rsquo;est en remerciant \u00ab\u00a0Ba3eth Al Kanet\u00a0\u00bb et arborant un T-shirt avec l&rsquo;inscription \u00ab\u00a0Ba3eth Al Kanet 2014\u00a0\u00bb que Bendir Man a fait son entr\u00e9e fracassante sur sc\u00e8ne. Chose qui manifestement n&rsquo;a pas plu aux journalistes de la chaine Hannibal. Ces derniers se sont excus\u00e9s aupr\u00e8s de l&rsquo;artiste et ont quitt\u00e9 le festival avant m\u00eame que celui-ci ne commence.<\/p>\n<p>Les deux chanteurs engag\u00e9s n&rsquo;ont pas manqu\u00e9 \u00e0 leur r\u00e9putation.<\/p>\n<p>Tout le monde y est pass\u00e9, du premier ministre, B\u00e9ji Ca\u00efd Essebsi \u00e0 Soufia Sadek (dont le mari s&rsquo;est d\u00e9j\u00e0 plaint aupr\u00e8s du manager de Bendir Man, a avanc\u00e9 ce dernier) , sans omettre Nabil Karoui et le parti Ennahdha. Baaziz, de son c\u00f4t\u00e9\u00a0, s&rsquo;est attaqu\u00e9 \u00e0 \u00ab\u00a0Bouteflika\u00a0\u00bb alias \u00ab\u00a0Super Mario\u00a0\u00bb et ses g\u00e9n\u00e9raux&#8230;<\/p>\n<p>Parmi les quelques tirades de l&rsquo;artiste, on note celle o\u00f9 il dit que l&rsquo;on a gagn\u00e9 trois choses de la r\u00e9volution : \u00a0\u00bb Bendirman est mont\u00e9 sur la sc\u00e8ne de Carthage, une augmentation sur les salaires des policiers et BCE est sorti du tiroir \u00ab\u00a0BCE kharjouh mel kjar\u00a0\u00bb\u00a0\u00bb. Suite \u00e0 quoi, le public a r\u00e9pondu \u00ab\u00a0mel kbar pas mel kjar\u00a0\u00bb (de la tombe pas du tiroir).<br \/>\nBendirman a \u00e9galement chant\u00e9 \u00ab\u00a0ya bouna lahnin\u00a0\u00bb \u00e0 propos de Nabil Karoui, en critiquant \u00ab\u00a0le retournement de veste\u00a0\u00bb de ce dernier entre avant et apr\u00e8s la r\u00e9volution.<\/p>\n<p>Le concert, qui a drain\u00e9 une foule de tout \u00e2ge, a eu un r\u00e9el succ\u00e8s. Le r\u00e9pertoire musical oscillait entre cr\u00e9ations propres et hommages aux anciennes g\u00e9n\u00e9rations de la chanson engag\u00e9e. Les artistes ont fait preuve de beaucoup d&rsquo;humour, ce qui n&rsquo;a laiss\u00e9 personne indiff\u00e9rent.<\/p>\n<p>Mai il y a un temps pour chaque chose&#8230; Un temps pour rire, un temps pour pleurer&#8230;<br \/>\nUn temps pour se r\u00e9jouir, un autre pour critiquer&#8230;<\/p>\n<p>Avant la fin du concert, Bendir Man, a troqu\u00e9 son t-shirt \u00ab\u00a0Ba3eth al Kanet 2014\u00a0\u00bb contre un \u00ab\u00a0Free Feriani\u00a0\u00bb, le policier dont l&rsquo;artiste d\u00e9fend la cause, d\u00e9nonce les conditions d&rsquo;incarc\u00e9ration et appelle \u00e0 un proc\u00e8s \u00e9quitable&#8230;<\/p>\n<p>Webdo lui a demand\u00e9 si tout son engagement politique n&rsquo;\u00e9tait pas lui aussi du \u00ab\u00a0dbandir\u00a0\u00bb, si finalement il n&rsquo;\u00e9tait pas entrain de caresser au sens du poil. Ne fait-il pas que dire ce que tous les tunisiens veulent entendre ? Est-ce\u00a0 qu&rsquo;on peut dire que Bendirman aussi \u00ab\u00a0rkeb 3athawra\u00a0\u00bb?<\/p>\n<p>Il nous a r\u00e9pondu : \u00ab\u00a0oui je dis ce que tout le monde dit, mais avec une petite diff\u00e9rence : ce que la majorit\u00e9 dit tout bas, moi je le dis tout haut.<br \/>\nMoi je ne me targue ni d&rsquo;\u00eatre avant gardiste, ni rien. Je suis un simple citoyen. Si je dis ce que tout le monde pense, c&rsquo;est parce que je pense comme eux. Je ne peux pas parler de probl\u00e8mes existentiels alors que les choses basiques de la vie quotidienne vont aussi mal, alors que Arbi Nassra nous emmerde. Et sinon, comme je l&rsquo;ai dit lors du concert, je suis celui qui est le plus \u00ab\u00a0mont\u00e9 sur la r\u00e9volution\u00a0\u00bb apr\u00e8s la police !!! j&rsquo;ai fait du surf r\u00e9volutionnaire !!! j&rsquo;\u00e9tais interdit de sc\u00e8ne, je suis sur la sc\u00e8ne de\u00a0Carthage\u00a0\u00bb.<\/p>\n<p>D&rsquo;autres concerts de Bendir Man sont pr\u00e9vus\u00a0: le 19 juillet \u00e0 Monastir, le 22 \u00e0 Siliana, le 24 \u00e0 Sousse, le 26 \u00e0 Mahdia et le 30 \u00e0 Bizerte.<\/p>\n","protected":false},"excerpt":{"rendered":"<p>Concert Bendir Man\u00a0: de la musique\u00a0et de l&rsquo;humour en commen\u00e7ant par  Ba3eth Al Kanet  sans oublier  Feriani <\/p>\n","protected":false},"author":3222,"featured_media":365250,"comment_status":"open","ping_status":"closed","sticky":false,"template":"","format":"standard","meta":{"footnotes":""},"categories":[2594],"tags":[],"class_list":["post-185334","post","type-post","status-publish","format-standard","has-post-thumbnail","hentry","category-culture"],"yoast_head":"<!-- This site is optimized with the Yoast SEO Premium plugin v27.4 (Yoast SEO v27.5) - https:\/\/yoast.com\/product\/yoast-seo-premium-wordpress\/ -->\n<title>Concert Bendir Man\u00a0: de la musique\u00a0et de l&#039;humour en commen\u00e7ant par Ba3eth Al Kanet sans oublier Feriani<\/title>\n<meta name=\"description\" content=\"Concert Bendir Man\u00a0: de la musique\u00a0et de l&#039;humour en commen\u00e7ant par Ba3eth Al Kanet sans oublier Feriani\" \/>\n<link rel=\"canonical\" href=\"https:\/\/www.webdo.tn\/fr\/actualite\/culture\/concert-bendirman-de-la-musique-de-lhumour-et-de-lengage-en-commencant-par-ba3eth-al-kanet-sans-oublier-feriani\/185334\/\" \/>\n<meta property=\"og:locale\" content=\"fr_FR\" \/>\n<meta property=\"og:type\" content=\"article\" \/>\n<meta property=\"og:title\" content=\"Concert Bendir Man\u00a0: de la musique\u00a0et de l&#039;humour en commen\u00e7ant par &quot;Ba3eth Al Kanet&quot; sans oublier &quot;Feriani&quot;\" \/>\n<meta property=\"og:description\" content=\"Concert Bendir Man\u00a0: de la musique\u00a0et de l&#039;humour en commen\u00e7ant par Ba3eth Al Kanet sans oublier Feriani\" \/>\n<meta property=\"og:url\" content=\"https:\/\/www.webdo.tn\/fr\/actualite\/culture\/concert-bendirman-de-la-musique-de-lhumour-et-de-lengage-en-commencant-par-ba3eth-al-kanet-sans-oublier-feriani\/185334\/\" \/>\n<meta property=\"og:site_name\" content=\"webdo\" \/>\n<meta property=\"article:publisher\" content=\"https:\/\/www.facebook.com\/webdotn\" \/>\n<meta property=\"article:published_time\" content=\"2011-07-10T12:54:00+00:00\" \/>\n<meta property=\"article:modified_time\" content=\"2025-06-04T19:09:23+00:00\" \/>\n<meta property=\"og:image\" content=\"https:\/\/www.webdo.tn\/fr\/wp-content\/uploads\/2011\/07\/Concert-Bendirman-9-juillet-20111.jpg\" \/>\n\t<meta property=\"og:image:width\" content=\"243\" \/>\n\t<meta property=\"og:image:height\" content=\"360\" \/>\n\t<meta property=\"og:image:type\" content=\"image\/jpeg\" \/>\n<meta name=\"author\" content=\"webdo.tn\" \/>\n<meta name=\"twitter:card\" content=\"summary_large_image\" \/>\n<meta name=\"twitter:creator\" content=\"@webdo_tn\" \/>\n<meta name=\"twitter:site\" content=\"@webdo_tn\" \/>\n<meta name=\"twitter:label1\" content=\"\u00c9crit par\" \/>\n\t<meta name=\"twitter:data1\" content=\"webdo.tn\" \/>\n\t<meta name=\"twitter:label2\" content=\"Dur\u00e9e de lecture estim\u00e9e\" \/>\n\t<meta name=\"twitter:data2\" content=\"3 minutes\" \/>\n<script type=\"application\/ld+json\" class=\"yoast-schema-graph\">{\"@context\":\"https:\\\/\\\/schema.org\",\"@graph\":[{\"@type\":\"NewsArticle\",\"@id\":\"https:\\\/\\\/www.webdo.tn\\\/fr\\\/actualite\\\/culture\\\/concert-bendirman-de-la-musique-de-lhumour-et-de-lengage-en-commencant-par-ba3eth-al-kanet-sans-oublier-feriani\\\/185334\\\/#article\",\"isPartOf\":{\"@id\":\"https:\\\/\\\/www.webdo.tn\\\/fr\\\/actualite\\\/culture\\\/concert-bendirman-de-la-musique-de-lhumour-et-de-lengage-en-commencant-par-ba3eth-al-kanet-sans-oublier-feriani\\\/185334\\\/\"},\"author\":{\"name\":\"webdo.tn\",\"@id\":\"https:\\\/\\\/www.webdo.tn\\\/fr\\\/#\\\/schema\\\/person\\\/9a9c6118d687c117df8ef3cc36a4d175\"},\"headline\":\"Concert Bendir Man\u00a0: de la musique\u00a0et de l&rsquo;humour en commen\u00e7ant par \u00ab\u00a0Ba3eth Al Kanet\u00a0\u00bb sans oublier \u00ab\u00a0Feriani\u00a0\u00bb\",\"datePublished\":\"2011-07-10T12:54:00+00:00\",\"dateModified\":\"2025-06-04T19:09:23+00:00\",\"mainEntityOfPage\":{\"@id\":\"https:\\\/\\\/www.webdo.tn\\\/fr\\\/actualite\\\/culture\\\/concert-bendirman-de-la-musique-de-lhumour-et-de-lengage-en-commencant-par-ba3eth-al-kanet-sans-oublier-feriani\\\/185334\\\/\"},\"wordCount\":618,\"commentCount\":0,\"publisher\":{\"@id\":\"https:\\\/\\\/www.webdo.tn\\\/fr\\\/#organization\"},\"image\":{\"@id\":\"https:\\\/\\\/www.webdo.tn\\\/fr\\\/actualite\\\/culture\\\/concert-bendirman-de-la-musique-de-lhumour-et-de-lengage-en-commencant-par-ba3eth-al-kanet-sans-oublier-feriani\\\/185334\\\/#primaryimage\"},\"thumbnailUrl\":\"https:\\\/\\\/www.webdo.tn\\\/fr\\\/wp-content\\\/uploads\\\/2011\\\/07\\\/Concert-Bendirman-9-juillet-20111.jpg\",\"articleSection\":[\"Culture\"],\"inLanguage\":\"fr-FR\"},{\"@type\":\"WebPage\",\"@id\":\"https:\\\/\\\/www.webdo.tn\\\/fr\\\/actualite\\\/culture\\\/concert-bendirman-de-la-musique-de-lhumour-et-de-lengage-en-commencant-par-ba3eth-al-kanet-sans-oublier-feriani\\\/185334\\\/\",\"url\":\"https:\\\/\\\/www.webdo.tn\\\/fr\\\/actualite\\\/culture\\\/concert-bendirman-de-la-musique-de-lhumour-et-de-lengage-en-commencant-par-ba3eth-al-kanet-sans-oublier-feriani\\\/185334\\\/\",\"name\":\"Concert Bendir Man\u00a0: de la musique\u00a0et de l'humour en commen\u00e7ant par Ba3eth Al Kanet sans oublier Feriani\",\"isPartOf\":{\"@id\":\"https:\\\/\\\/www.webdo.tn\\\/fr\\\/#website\"},\"primaryImageOfPage\":{\"@id\":\"https:\\\/\\\/www.webdo.tn\\\/fr\\\/actualite\\\/culture\\\/concert-bendirman-de-la-musique-de-lhumour-et-de-lengage-en-commencant-par-ba3eth-al-kanet-sans-oublier-feriani\\\/185334\\\/#primaryimage\"},\"image\":{\"@id\":\"https:\\\/\\\/www.webdo.tn\\\/fr\\\/actualite\\\/culture\\\/concert-bendirman-de-la-musique-de-lhumour-et-de-lengage-en-commencant-par-ba3eth-al-kanet-sans-oublier-feriani\\\/185334\\\/#primaryimage\"},\"thumbnailUrl\":\"https:\\\/\\\/www.webdo.tn\\\/fr\\\/wp-content\\\/uploads\\\/2011\\\/07\\\/Concert-Bendirman-9-juillet-20111.jpg\",\"datePublished\":\"2011-07-10T12:54:00+00:00\",\"dateModified\":\"2025-06-04T19:09:23+00:00\",\"description\":\"Concert Bendir Man\u00a0: de la musique\u00a0et de l'humour en commen\u00e7ant par Ba3eth Al Kanet sans oublier Feriani\",\"breadcrumb\":{\"@id\":\"https:\\\/\\\/www.webdo.tn\\\/fr\\\/actualite\\\/culture\\\/concert-bendirman-de-la-musique-de-lhumour-et-de-lengage-en-commencant-par-ba3eth-al-kanet-sans-oublier-feriani\\\/185334\\\/#breadcrumb\"},\"inLanguage\":\"fr-FR\",\"potentialAction\":[{\"@type\":\"ReadAction\",\"target\":[\"https:\\\/\\\/www.webdo.tn\\\/fr\\\/actualite\\\/culture\\\/concert-bendirman-de-la-musique-de-lhumour-et-de-lengage-en-commencant-par-ba3eth-al-kanet-sans-oublier-feriani\\\/185334\\\/\"]}]},{\"@type\":\"ImageObject\",\"inLanguage\":\"fr-FR\",\"@id\":\"https:\\\/\\\/www.webdo.tn\\\/fr\\\/actualite\\\/culture\\\/concert-bendirman-de-la-musique-de-lhumour-et-de-lengage-en-commencant-par-ba3eth-al-kanet-sans-oublier-feriani\\\/185334\\\/#primaryimage\",\"url\":\"https:\\\/\\\/www.webdo.tn\\\/fr\\\/wp-content\\\/uploads\\\/2011\\\/07\\\/Concert-Bendirman-9-juillet-20111.jpg\",\"contentUrl\":\"https:\\\/\\\/www.webdo.tn\\\/fr\\\/wp-content\\\/uploads\\\/2011\\\/07\\\/Concert-Bendirman-9-juillet-20111.jpg\",\"width\":243,\"height\":360,\"caption\":\"Concert Bendir Man\u00a0: de la musique\u00a0et de l'humour en commen\u00e7ant par \\\"Ba3eth Al Kanet\\\" sans oublier \\\"Feriani\\\"\"},{\"@type\":\"BreadcrumbList\",\"@id\":\"https:\\\/\\\/www.webdo.tn\\\/fr\\\/actualite\\\/culture\\\/concert-bendirman-de-la-musique-de-lhumour-et-de-lengage-en-commencant-par-ba3eth-al-kanet-sans-oublier-feriani\\\/185334\\\/#breadcrumb\",\"itemListElement\":[{\"@type\":\"ListItem\",\"position\":1,\"name\":\"Accueil\",\"item\":\"https:\\\/\\\/www.webdo.tn\\\/fr\\\/\"},{\"@type\":\"ListItem\",\"position\":2,\"name\":\"Concert Bendir Man\u00a0: de la musique\u00a0et de l&rsquo;humour en commen\u00e7ant par \u00ab\u00a0Ba3eth Al Kanet\u00a0\u00bb sans oublier \u00ab\u00a0Feriani\u00a0\u00bb\"}]},{\"@type\":\"WebSite\",\"@id\":\"https:\\\/\\\/www.webdo.tn\\\/fr\\\/#website\",\"url\":\"https:\\\/\\\/www.webdo.tn\\\/fr\\\/\",\"name\":\"webdo\",\"description\":\"Tunisie - News en Tunisie et \u00e0 l&#039;international sur Webdo.tn\",\"publisher\":{\"@id\":\"https:\\\/\\\/www.webdo.tn\\\/fr\\\/#organization\"},\"potentialAction\":[{\"@type\":\"SearchAction\",\"target\":{\"@type\":\"EntryPoint\",\"urlTemplate\":\"https:\\\/\\\/www.webdo.tn\\\/fr\\\/?s={search_term_string}\"},\"query-input\":{\"@type\":\"PropertyValueSpecification\",\"valueRequired\":true,\"valueName\":\"search_term_string\"}}],\"inLanguage\":\"fr-FR\"},{\"@type\":\"Organization\",\"@id\":\"https:\\\/\\\/www.webdo.tn\\\/fr\\\/#organization\",\"name\":\"Webdo\",\"alternateName\":\"Webdo.tn\",\"url\":\"https:\\\/\\\/www.webdo.tn\\\/fr\\\/\",\"logo\":{\"@type\":\"ImageObject\",\"inLanguage\":\"fr-FR\",\"@id\":\"https:\\\/\\\/www.webdo.tn\\\/fr\\\/#\\\/schema\\\/logo\\\/image\\\/\",\"url\":\"https:\\\/\\\/www.webdo.tn\\\/fr\\\/wp-content\\\/uploads\\\/2025\\\/06\\\/Webdo-Tunisie_168377.jpg\",\"contentUrl\":\"https:\\\/\\\/www.webdo.tn\\\/fr\\\/wp-content\\\/uploads\\\/2025\\\/06\\\/Webdo-Tunisie_168377.jpg\",\"width\":301,\"height\":301,\"caption\":\"Webdo\"},\"image\":{\"@id\":\"https:\\\/\\\/www.webdo.tn\\\/fr\\\/#\\\/schema\\\/logo\\\/image\\\/\"},\"sameAs\":[\"https:\\\/\\\/www.facebook.com\\\/webdotn\",\"https:\\\/\\\/x.com\\\/webdo_tn\"],\"description\":\"Webdo est un m\u00e9dia num\u00e9rique tunisien fond\u00e9 en 2010, sp\u00e9cialis\u00e9 dans l\u2019actualit\u00e9 nationale et internationale, l\u2019\u00e9conomie, la soci\u00e9t\u00e9 et les analyses politiques. Le site s\u2019adresse \u00e0 un large public francophone et couvre l\u2019information tunisienne en temps r\u00e9el.\",\"email\":\"redac@webdo.tn\",\"legalName\":\"YNJ SARL\",\"foundingDate\":\"2010-09-06\",\"numberOfEmployees\":{\"@type\":\"QuantitativeValue\",\"minValue\":\"11\",\"maxValue\":\"50\"}},{\"@type\":\"Person\",\"@id\":\"https:\\\/\\\/www.webdo.tn\\\/fr\\\/#\\\/schema\\\/person\\\/9a9c6118d687c117df8ef3cc36a4d175\",\"name\":\"webdo.tn\",\"image\":{\"@type\":\"ImageObject\",\"inLanguage\":\"fr-FR\",\"@id\":\"https:\\\/\\\/secure.gravatar.com\\\/avatar\\\/7ce1f28c0c3bbac99ff550b85ef8e44a6950c6ee24514fb6a5489e51d06f0298?s=96&d=mm&r=g\",\"url\":\"https:\\\/\\\/secure.gravatar.com\\\/avatar\\\/7ce1f28c0c3bbac99ff550b85ef8e44a6950c6ee24514fb6a5489e51d06f0298?s=96&d=mm&r=g\",\"contentUrl\":\"https:\\\/\\\/secure.gravatar.com\\\/avatar\\\/7ce1f28c0c3bbac99ff550b85ef8e44a6950c6ee24514fb6a5489e51d06f0298?s=96&d=mm&r=g\",\"caption\":\"webdo.tn\"},\"url\":\"https:\\\/\\\/www.webdo.tn\\\/fr\\\/actualite\\\/author\\\/webdotn\\\/\"}]}<\/script>\n<!-- \/ Yoast SEO Premium plugin. -->","yoast_head_json":{"title":"Concert Bendir Man\u00a0: de la musique\u00a0et de l'humour en commen\u00e7ant par Ba3eth Al Kanet sans oublier Feriani","description":"Concert Bendir Man\u00a0: de la musique\u00a0et de l'humour en commen\u00e7ant par Ba3eth Al Kanet sans oublier Feriani","canonical":"https:\/\/www.webdo.tn\/fr\/actualite\/culture\/concert-bendirman-de-la-musique-de-lhumour-et-de-lengage-en-commencant-par-ba3eth-al-kanet-sans-oublier-feriani\/185334\/","og_locale":"fr_FR","og_type":"article","og_title":"Concert Bendir Man\u00a0: de la musique\u00a0et de l'humour en commen\u00e7ant par \"Ba3eth Al Kanet\" sans oublier \"Feriani\"","og_description":"Concert Bendir Man\u00a0: de la musique\u00a0et de l'humour en commen\u00e7ant par Ba3eth Al Kanet sans oublier Feriani","og_url":"https:\/\/www.webdo.tn\/fr\/actualite\/culture\/concert-bendirman-de-la-musique-de-lhumour-et-de-lengage-en-commencant-par-ba3eth-al-kanet-sans-oublier-feriani\/185334\/","og_site_name":"webdo","article_publisher":"https:\/\/www.facebook.com\/webdotn","article_published_time":"2011-07-10T12:54:00+00:00","article_modified_time":"2025-06-04T19:09:23+00:00","og_image":[{"width":243,"height":360,"url":"https:\/\/www.webdo.tn\/fr\/wp-content\/uploads\/2011\/07\/Concert-Bendirman-9-juillet-20111.jpg","type":"image\/jpeg"}],"author":"webdo.tn","twitter_card":"summary_large_image","twitter_creator":"@webdo_tn","twitter_site":"@webdo_tn","twitter_misc":{"\u00c9crit par":"webdo.tn","Dur\u00e9e de lecture estim\u00e9e":"3 minutes"},"schema":{"@context":"https:\/\/schema.org","@graph":[{"@type":"NewsArticle","@id":"https:\/\/www.webdo.tn\/fr\/actualite\/culture\/concert-bendirman-de-la-musique-de-lhumour-et-de-lengage-en-commencant-par-ba3eth-al-kanet-sans-oublier-feriani\/185334\/#article","isPartOf":{"@id":"https:\/\/www.webdo.tn\/fr\/actualite\/culture\/concert-bendirman-de-la-musique-de-lhumour-et-de-lengage-en-commencant-par-ba3eth-al-kanet-sans-oublier-feriani\/185334\/"},"author":{"name":"webdo.tn","@id":"https:\/\/www.webdo.tn\/fr\/#\/schema\/person\/9a9c6118d687c117df8ef3cc36a4d175"},"headline":"Concert Bendir Man\u00a0: de la musique\u00a0et de l&rsquo;humour en commen\u00e7ant par \u00ab\u00a0Ba3eth Al Kanet\u00a0\u00bb sans oublier \u00ab\u00a0Feriani\u00a0\u00bb","datePublished":"2011-07-10T12:54:00+00:00","dateModified":"2025-06-04T19:09:23+00:00","mainEntityOfPage":{"@id":"https:\/\/www.webdo.tn\/fr\/actualite\/culture\/concert-bendirman-de-la-musique-de-lhumour-et-de-lengage-en-commencant-par-ba3eth-al-kanet-sans-oublier-feriani\/185334\/"},"wordCount":618,"commentCount":0,"publisher":{"@id":"https:\/\/www.webdo.tn\/fr\/#organization"},"image":{"@id":"https:\/\/www.webdo.tn\/fr\/actualite\/culture\/concert-bendirman-de-la-musique-de-lhumour-et-de-lengage-en-commencant-par-ba3eth-al-kanet-sans-oublier-feriani\/185334\/#primaryimage"},"thumbnailUrl":"https:\/\/www.webdo.tn\/fr\/wp-content\/uploads\/2011\/07\/Concert-Bendirman-9-juillet-20111.jpg","articleSection":["Culture"],"inLanguage":"fr-FR"},{"@type":"WebPage","@id":"https:\/\/www.webdo.tn\/fr\/actualite\/culture\/concert-bendirman-de-la-musique-de-lhumour-et-de-lengage-en-commencant-par-ba3eth-al-kanet-sans-oublier-feriani\/185334\/","url":"https:\/\/www.webdo.tn\/fr\/actualite\/culture\/concert-bendirman-de-la-musique-de-lhumour-et-de-lengage-en-commencant-par-ba3eth-al-kanet-sans-oublier-feriani\/185334\/","name":"Concert Bendir Man\u00a0: de la musique\u00a0et de l'humour en commen\u00e7ant par Ba3eth Al Kanet sans oublier Feriani","isPartOf":{"@id":"https:\/\/www.webdo.tn\/fr\/#website"},"primaryImageOfPage":{"@id":"https:\/\/www.webdo.tn\/fr\/actualite\/culture\/concert-bendirman-de-la-musique-de-lhumour-et-de-lengage-en-commencant-par-ba3eth-al-kanet-sans-oublier-feriani\/185334\/#primaryimage"},"image":{"@id":"https:\/\/www.webdo.tn\/fr\/actualite\/culture\/concert-bendirman-de-la-musique-de-lhumour-et-de-lengage-en-commencant-par-ba3eth-al-kanet-sans-oublier-feriani\/185334\/#primaryimage"},"thumbnailUrl":"https:\/\/www.webdo.tn\/fr\/wp-content\/uploads\/2011\/07\/Concert-Bendirman-9-juillet-20111.jpg","datePublished":"2011-07-10T12:54:00+00:00","dateModified":"2025-06-04T19:09:23+00:00","description":"Concert Bendir Man\u00a0: de la musique\u00a0et de l'humour en commen\u00e7ant par Ba3eth Al Kanet sans oublier Feriani","breadcrumb":{"@id":"https:\/\/www.webdo.tn\/fr\/actualite\/culture\/concert-bendirman-de-la-musique-de-lhumour-et-de-lengage-en-commencant-par-ba3eth-al-kanet-sans-oublier-feriani\/185334\/#breadcrumb"},"inLanguage":"fr-FR","potentialAction":[{"@type":"ReadAction","target":["https:\/\/www.webdo.tn\/fr\/actualite\/culture\/concert-bendirman-de-la-musique-de-lhumour-et-de-lengage-en-commencant-par-ba3eth-al-kanet-sans-oublier-feriani\/185334\/"]}]},{"@type":"ImageObject","inLanguage":"fr-FR","@id":"https:\/\/www.webdo.tn\/fr\/actualite\/culture\/concert-bendirman-de-la-musique-de-lhumour-et-de-lengage-en-commencant-par-ba3eth-al-kanet-sans-oublier-feriani\/185334\/#primaryimage","url":"https:\/\/www.webdo.tn\/fr\/wp-content\/uploads\/2011\/07\/Concert-Bendirman-9-juillet-20111.jpg","contentUrl":"https:\/\/www.webdo.tn\/fr\/wp-content\/uploads\/2011\/07\/Concert-Bendirman-9-juillet-20111.jpg","width":243,"height":360,"caption":"Concert Bendir Man\u00a0: de la musique\u00a0et de l'humour en commen\u00e7ant par \"Ba3eth Al Kanet\" sans oublier \"Feriani\""},{"@type":"BreadcrumbList","@id":"https:\/\/www.webdo.tn\/fr\/actualite\/culture\/concert-bendirman-de-la-musique-de-lhumour-et-de-lengage-en-commencant-par-ba3eth-al-kanet-sans-oublier-feriani\/185334\/#breadcrumb","itemListElement":[{"@type":"ListItem","position":1,"name":"Accueil","item":"https:\/\/www.webdo.tn\/fr\/"},{"@type":"ListItem","position":2,"name":"Concert Bendir Man\u00a0: de la musique\u00a0et de l&rsquo;humour en commen\u00e7ant par \u00ab\u00a0Ba3eth Al Kanet\u00a0\u00bb sans oublier \u00ab\u00a0Feriani\u00a0\u00bb"}]},{"@type":"WebSite","@id":"https:\/\/www.webdo.tn\/fr\/#website","url":"https:\/\/www.webdo.tn\/fr\/","name":"webdo","description":"Tunisie - News en Tunisie et \u00e0 l&#039;international sur Webdo.tn","publisher":{"@id":"https:\/\/www.webdo.tn\/fr\/#organization"},"potentialAction":[{"@type":"SearchAction","target":{"@type":"EntryPoint","urlTemplate":"https:\/\/www.webdo.tn\/fr\/?s={search_term_string}"},"query-input":{"@type":"PropertyValueSpecification","valueRequired":true,"valueName":"search_term_string"}}],"inLanguage":"fr-FR"},{"@type":"Organization","@id":"https:\/\/www.webdo.tn\/fr\/#organization","name":"Webdo","alternateName":"Webdo.tn","url":"https:\/\/www.webdo.tn\/fr\/","logo":{"@type":"ImageObject","inLanguage":"fr-FR","@id":"https:\/\/www.webdo.tn\/fr\/#\/schema\/logo\/image\/","url":"https:\/\/www.webdo.tn\/fr\/wp-content\/uploads\/2025\/06\/Webdo-Tunisie_168377.jpg","contentUrl":"https:\/\/www.webdo.tn\/fr\/wp-content\/uploads\/2025\/06\/Webdo-Tunisie_168377.jpg","width":301,"height":301,"caption":"Webdo"},"image":{"@id":"https:\/\/www.webdo.tn\/fr\/#\/schema\/logo\/image\/"},"sameAs":["https:\/\/www.facebook.com\/webdotn","https:\/\/x.com\/webdo_tn"],"description":"Webdo est un m\u00e9dia num\u00e9rique tunisien fond\u00e9 en 2010, sp\u00e9cialis\u00e9 dans l\u2019actualit\u00e9 nationale et internationale, l\u2019\u00e9conomie, la soci\u00e9t\u00e9 et les analyses politiques. Le site s\u2019adresse \u00e0 un large public francophone et couvre l\u2019information tunisienne en temps r\u00e9el.","email":"redac@webdo.tn","legalName":"YNJ SARL","foundingDate":"2010-09-06","numberOfEmployees":{"@type":"QuantitativeValue","minValue":"11","maxValue":"50"}},{"@type":"Person","@id":"https:\/\/www.webdo.tn\/fr\/#\/schema\/person\/9a9c6118d687c117df8ef3cc36a4d175","name":"webdo.tn","image":{"@type":"ImageObject","inLanguage":"fr-FR","@id":"https:\/\/secure.gravatar.com\/avatar\/7ce1f28c0c3bbac99ff550b85ef8e44a6950c6ee24514fb6a5489e51d06f0298?s=96&d=mm&r=g","url":"https:\/\/secure.gravatar.com\/avatar\/7ce1f28c0c3bbac99ff550b85ef8e44a6950c6ee24514fb6a5489e51d06f0298?s=96&d=mm&r=g","contentUrl":"https:\/\/secure.gravatar.com\/avatar\/7ce1f28c0c3bbac99ff550b85ef8e44a6950c6ee24514fb6a5489e51d06f0298?s=96&d=mm&r=g","caption":"webdo.tn"},"url":"https:\/\/www.webdo.tn\/fr\/actualite\/author\/webdotn\/"}]}},"_links":{"self":[{"href":"https:\/\/www.webdo.tn\/fr\/wp-json\/wp\/v2\/posts\/185334","targetHints":{"allow":["GET"]}}],"collection":[{"href":"https:\/\/www.webdo.tn\/fr\/wp-json\/wp\/v2\/posts"}],"about":[{"href":"https:\/\/www.webdo.tn\/fr\/wp-json\/wp\/v2\/types\/post"}],"author":[{"embeddable":true,"href":"https:\/\/www.webdo.tn\/fr\/wp-json\/wp\/v2\/users\/3222"}],"replies":[{"embeddable":true,"href":"https:\/\/www.webdo.tn\/fr\/wp-json\/wp\/v2\/comments?post=185334"}],"version-history":[{"count":0,"href":"https:\/\/www.webdo.tn\/fr\/wp-json\/wp\/v2\/posts\/185334\/revisions"}],"wp:featuredmedia":[{"embeddable":true,"href":"https:\/\/www.webdo.tn\/fr\/wp-json\/wp\/v2\/media\/365250"}],"wp:attachment":[{"href":"https:\/\/www.webdo.tn\/fr\/wp-json\/wp\/v2\/media?parent=185334"}],"wp:term":[{"taxonomy":"category","embeddable":true,"href":"https:\/\/www.webdo.tn\/fr\/wp-json\/wp\/v2\/categories?post=185334"},{"taxonomy":"post_tag","embeddable":true,"href":"https:\/\/www.webdo.tn\/fr\/wp-json\/wp\/v2\/tags?post=185334"}],"curies":[{"name":"wp","href":"https:\/\/api.w.org\/{rel}","templated":true}]}}