{"id":185331,"date":"2011-09-03T10:43:00","date_gmt":"2011-09-03T10:43:00","guid":{"rendered":""},"modified":"2025-06-04T19:07:31","modified_gmt":"2025-06-04T19:07:31","slug":"grand-concert-a-carthage-solidarite-avec-la-revolution","status":"publish","type":"post","link":"https:\/\/www.webdo.tn\/fr\/actualite\/culture\/grand-concert-a-carthage-solidarite-avec-la-revolution\/185331\/","title":{"rendered":"Grand concert \u00e0 Carthage &#8211; Solidarit\u00e9 avec la R\u00e9volution (mise \u00e0 jour)"},"content":{"rendered":"<p>L\u2019amphith\u00e9\u00e2tre antique de Carthage accueille vendredi 9 septembre \u00e0 20h00 un grand concert en hommage \u00e0 la R\u00e9volution tunisienne.<\/p>\n<p>Un grand nombre d\u2019artistes seront sur la sc\u00e8ne de Carthage pour un plateau exceptionnel auquel participeront Patrick Fiori, Rachid Taha, Passi, Jane Birkin, Faudel, Claudia Cardinale, Arielle Dombasle, Lotfi Bouchnak, Mounir Troudi, El G\u00e9n\u00e9ral, Magic System, Bendirman, Emel Methlouthi, Trio Joubrane et Angn\u00e8s Jaoui.<\/p>\n<p>La f\u00eate promet d\u2019\u00eatre totale et&#8230; r\u00e9volutionnaire ! Elle sera anim\u00e9e par Laurent Boyer et Lotfi Abdelli. Ce grand concert intitul\u00e9 \u00abHymne \u00e0 la libert\u00e9\u00bb sera diffus\u00e9 le 10 septembre sur la cha\u00eene nationale tunisienne et la cha\u00eene fran\u00e7aise France 3.<\/p>\n<p>Cerise sur le g\u00e2teau, c&rsquo;est un amphith\u00e9\u00e2tre de Carthage totalement r\u00e9nov\u00e9 qui accueillera cette soir\u00e9e qui promet.<\/p>\n<p>Mise \u00e0 jour: organis\u00e9 par le minist\u00e8re de la Culture et plac\u00e9 sous l&rsquo;\u00e9gide du ministre Azedine Beschaouch, ce concert devrait \u00eatre suivi par 10 000 spectateurs parmi lesquels de nombreux invit\u00e9s prestigieux.<\/p>\n<p>Les billets d\u2019acc\u00e8s seront mis en circulation incessamment et permettront au public d&rsquo;obtenir les pr\u00e9cieux s\u00e9sames pour cette f\u00eate. Notons qu&rsquo;une tenue \u00e9l\u00e9gante (de ville) est de rigueur pour cette soir\u00e9e qui sera relay\u00e9e d\u00e8s le lendemain par Tunisie 1, France 3 et ainsi TV5.<\/p>\n","protected":false},"excerpt":{"rendered":"<p>Grand concert \u00e0 Carthage &#8211; Solidarit\u00e9 avec la R\u00e9volution (mise \u00e0 jour)<\/p>\n","protected":false},"author":3222,"featured_media":376290,"comment_status":"open","ping_status":"closed","sticky":false,"template":"","format":"standard","meta":{"footnotes":""},"categories":[2594],"tags":[],"class_list":["post-185331","post","type-post","status-publish","format-standard","has-post-thumbnail","hentry","category-culture"],"yoast_head":"<!-- This site is optimized with the Yoast SEO Premium plugin v27.4 (Yoast SEO v27.5) - https:\/\/yoast.com\/product\/yoast-seo-premium-wordpress\/ -->\n<title>Grand concert \u00e0 Carthage - Solidarit\u00e9 avec la R\u00e9volution (mise \u00e0 jour)<\/title>\n<meta name=\"description\" content=\"Grand concert \u00e0 Carthage - Solidarit\u00e9 avec la R\u00e9volution (mise \u00e0 jour)\" \/>\n<link rel=\"canonical\" href=\"https:\/\/www.webdo.tn\/fr\/actualite\/culture\/grand-concert-a-carthage-solidarite-avec-la-revolution\/185331\/\" \/>\n<meta property=\"og:locale\" content=\"fr_FR\" \/>\n<meta property=\"og:type\" content=\"article\" \/>\n<meta property=\"og:title\" content=\"Grand concert \u00e0 Carthage - Solidarit\u00e9 avec la R\u00e9volution (mise \u00e0 jour)\" \/>\n<meta property=\"og:description\" content=\"Grand concert \u00e0 Carthage - Solidarit\u00e9 avec la R\u00e9volution (mise \u00e0 jour)\" \/>\n<meta property=\"og:url\" content=\"https:\/\/www.webdo.tn\/fr\/actualite\/culture\/grand-concert-a-carthage-solidarite-avec-la-revolution\/185331\/\" \/>\n<meta property=\"og:site_name\" content=\"webdo\" \/>\n<meta property=\"article:publisher\" content=\"https:\/\/www.facebook.com\/webdotn\" \/>\n<meta property=\"article:published_time\" content=\"2011-09-03T10:43:00+00:00\" \/>\n<meta property=\"article:modified_time\" content=\"2025-06-04T19:07:31+00:00\" \/>\n<meta name=\"author\" content=\"webdo.tn\" \/>\n<meta name=\"twitter:card\" content=\"summary_large_image\" \/>\n<meta name=\"twitter:creator\" content=\"@webdo_tn\" \/>\n<meta name=\"twitter:site\" content=\"@webdo_tn\" \/>\n<meta name=\"twitter:label1\" content=\"\u00c9crit par\" \/>\n\t<meta name=\"twitter:data1\" content=\"webdo.tn\" \/>\n\t<meta name=\"twitter:label2\" content=\"Dur\u00e9e de lecture estim\u00e9e\" \/>\n\t<meta name=\"twitter:data2\" content=\"1 minute\" \/>\n<script type=\"application\/ld+json\" class=\"yoast-schema-graph\">{\"@context\":\"https:\\\/\\\/schema.org\",\"@graph\":[{\"@type\":\"NewsArticle\",\"@id\":\"https:\\\/\\\/www.webdo.tn\\\/fr\\\/actualite\\\/culture\\\/grand-concert-a-carthage-solidarite-avec-la-revolution\\\/185331\\\/#article\",\"isPartOf\":{\"@id\":\"https:\\\/\\\/www.webdo.tn\\\/fr\\\/actualite\\\/culture\\\/grand-concert-a-carthage-solidarite-avec-la-revolution\\\/185331\\\/\"},\"author\":{\"name\":\"webdo.tn\",\"@id\":\"https:\\\/\\\/www.webdo.tn\\\/fr\\\/#\\\/schema\\\/person\\\/9a9c6118d687c117df8ef3cc36a4d175\"},\"headline\":\"Grand concert \u00e0 Carthage &#8211; Solidarit\u00e9 avec la R\u00e9volution (mise \u00e0 jour)\",\"datePublished\":\"2011-09-03T10:43:00+00:00\",\"dateModified\":\"2025-06-04T19:07:31+00:00\",\"mainEntityOfPage\":{\"@id\":\"https:\\\/\\\/www.webdo.tn\\\/fr\\\/actualite\\\/culture\\\/grand-concert-a-carthage-solidarite-avec-la-revolution\\\/185331\\\/\"},\"wordCount\":232,\"commentCount\":0,\"publisher\":{\"@id\":\"https:\\\/\\\/www.webdo.tn\\\/fr\\\/#organization\"},\"image\":{\"@id\":\"https:\\\/\\\/www.webdo.tn\\\/fr\\\/actualite\\\/culture\\\/grand-concert-a-carthage-solidarite-avec-la-revolution\\\/185331\\\/#primaryimage\"},\"thumbnailUrl\":\"https:\\\/\\\/www.webdo.tn\\\/fr\\\/wp-content\\\/uploads\\\/2025\\\/06\\\/FireShot-Capture-1063-webdo_default-53-750x375.jpg-750\u00d7375-www.webdo_.tn_.png\",\"articleSection\":[\"Culture\"],\"inLanguage\":\"fr-FR\"},{\"@type\":\"WebPage\",\"@id\":\"https:\\\/\\\/www.webdo.tn\\\/fr\\\/actualite\\\/culture\\\/grand-concert-a-carthage-solidarite-avec-la-revolution\\\/185331\\\/\",\"url\":\"https:\\\/\\\/www.webdo.tn\\\/fr\\\/actualite\\\/culture\\\/grand-concert-a-carthage-solidarite-avec-la-revolution\\\/185331\\\/\",\"name\":\"Grand concert \u00e0 Carthage - Solidarit\u00e9 avec la R\u00e9volution (mise \u00e0 jour)\",\"isPartOf\":{\"@id\":\"https:\\\/\\\/www.webdo.tn\\\/fr\\\/#website\"},\"primaryImageOfPage\":{\"@id\":\"https:\\\/\\\/www.webdo.tn\\\/fr\\\/actualite\\\/culture\\\/grand-concert-a-carthage-solidarite-avec-la-revolution\\\/185331\\\/#primaryimage\"},\"image\":{\"@id\":\"https:\\\/\\\/www.webdo.tn\\\/fr\\\/actualite\\\/culture\\\/grand-concert-a-carthage-solidarite-avec-la-revolution\\\/185331\\\/#primaryimage\"},\"thumbnailUrl\":\"https:\\\/\\\/www.webdo.tn\\\/fr\\\/wp-content\\\/uploads\\\/2025\\\/06\\\/FireShot-Capture-1063-webdo_default-53-750x375.jpg-750\u00d7375-www.webdo_.tn_.png\",\"datePublished\":\"2011-09-03T10:43:00+00:00\",\"dateModified\":\"2025-06-04T19:07:31+00:00\",\"description\":\"Grand concert \u00e0 Carthage - Solidarit\u00e9 avec la R\u00e9volution (mise \u00e0 jour)\",\"breadcrumb\":{\"@id\":\"https:\\\/\\\/www.webdo.tn\\\/fr\\\/actualite\\\/culture\\\/grand-concert-a-carthage-solidarite-avec-la-revolution\\\/185331\\\/#breadcrumb\"},\"inLanguage\":\"fr-FR\",\"potentialAction\":[{\"@type\":\"ReadAction\",\"target\":[\"https:\\\/\\\/www.webdo.tn\\\/fr\\\/actualite\\\/culture\\\/grand-concert-a-carthage-solidarite-avec-la-revolution\\\/185331\\\/\"]}]},{\"@type\":\"ImageObject\",\"inLanguage\":\"fr-FR\",\"@id\":\"https:\\\/\\\/www.webdo.tn\\\/fr\\\/actualite\\\/culture\\\/grand-concert-a-carthage-solidarite-avec-la-revolution\\\/185331\\\/#primaryimage\",\"url\":\"https:\\\/\\\/www.webdo.tn\\\/fr\\\/wp-content\\\/uploads\\\/2025\\\/06\\\/FireShot-Capture-1063-webdo_default-53-750x375.jpg-750\u00d7375-www.webdo_.tn_.png\",\"contentUrl\":\"https:\\\/\\\/www.webdo.tn\\\/fr\\\/wp-content\\\/uploads\\\/2025\\\/06\\\/FireShot-Capture-1063-webdo_default-53-750x375.jpg-750\u00d7375-www.webdo_.tn_.png\",\"width\":746,\"height\":371},{\"@type\":\"BreadcrumbList\",\"@id\":\"https:\\\/\\\/www.webdo.tn\\\/fr\\\/actualite\\\/culture\\\/grand-concert-a-carthage-solidarite-avec-la-revolution\\\/185331\\\/#breadcrumb\",\"itemListElement\":[{\"@type\":\"ListItem\",\"position\":1,\"name\":\"Accueil\",\"item\":\"https:\\\/\\\/www.webdo.tn\\\/fr\\\/\"},{\"@type\":\"ListItem\",\"position\":2,\"name\":\"Grand concert \u00e0 Carthage &#8211; Solidarit\u00e9 avec la R\u00e9volution (mise \u00e0 jour)\"}]},{\"@type\":\"WebSite\",\"@id\":\"https:\\\/\\\/www.webdo.tn\\\/fr\\\/#website\",\"url\":\"https:\\\/\\\/www.webdo.tn\\\/fr\\\/\",\"name\":\"webdo\",\"description\":\"Tunisie - News en Tunisie et \u00e0 l&#039;international sur Webdo.tn\",\"publisher\":{\"@id\":\"https:\\\/\\\/www.webdo.tn\\\/fr\\\/#organization\"},\"potentialAction\":[{\"@type\":\"SearchAction\",\"target\":{\"@type\":\"EntryPoint\",\"urlTemplate\":\"https:\\\/\\\/www.webdo.tn\\\/fr\\\/?s={search_term_string}\"},\"query-input\":{\"@type\":\"PropertyValueSpecification\",\"valueRequired\":true,\"valueName\":\"search_term_string\"}}],\"inLanguage\":\"fr-FR\"},{\"@type\":\"Organization\",\"@id\":\"https:\\\/\\\/www.webdo.tn\\\/fr\\\/#organization\",\"name\":\"Webdo\",\"alternateName\":\"Webdo.tn\",\"url\":\"https:\\\/\\\/www.webdo.tn\\\/fr\\\/\",\"logo\":{\"@type\":\"ImageObject\",\"inLanguage\":\"fr-FR\",\"@id\":\"https:\\\/\\\/www.webdo.tn\\\/fr\\\/#\\\/schema\\\/logo\\\/image\\\/\",\"url\":\"https:\\\/\\\/www.webdo.tn\\\/fr\\\/wp-content\\\/uploads\\\/2025\\\/06\\\/Webdo-Tunisie_168377.jpg\",\"contentUrl\":\"https:\\\/\\\/www.webdo.tn\\\/fr\\\/wp-content\\\/uploads\\\/2025\\\/06\\\/Webdo-Tunisie_168377.jpg\",\"width\":301,\"height\":301,\"caption\":\"Webdo\"},\"image\":{\"@id\":\"https:\\\/\\\/www.webdo.tn\\\/fr\\\/#\\\/schema\\\/logo\\\/image\\\/\"},\"sameAs\":[\"https:\\\/\\\/www.facebook.com\\\/webdotn\",\"https:\\\/\\\/x.com\\\/webdo_tn\"],\"description\":\"Webdo est un m\u00e9dia num\u00e9rique tunisien fond\u00e9 en 2010, sp\u00e9cialis\u00e9 dans l\u2019actualit\u00e9 nationale et internationale, l\u2019\u00e9conomie, la soci\u00e9t\u00e9 et les analyses politiques. Le site s\u2019adresse \u00e0 un large public francophone et couvre l\u2019information tunisienne en temps r\u00e9el.\",\"email\":\"redac@webdo.tn\",\"legalName\":\"YNJ SARL\",\"foundingDate\":\"2010-09-06\",\"numberOfEmployees\":{\"@type\":\"QuantitativeValue\",\"minValue\":\"11\",\"maxValue\":\"50\"}},{\"@type\":\"Person\",\"@id\":\"https:\\\/\\\/www.webdo.tn\\\/fr\\\/#\\\/schema\\\/person\\\/9a9c6118d687c117df8ef3cc36a4d175\",\"name\":\"webdo.tn\",\"image\":{\"@type\":\"ImageObject\",\"inLanguage\":\"fr-FR\",\"@id\":\"https:\\\/\\\/secure.gravatar.com\\\/avatar\\\/7ce1f28c0c3bbac99ff550b85ef8e44a6950c6ee24514fb6a5489e51d06f0298?s=96&d=mm&r=g\",\"url\":\"https:\\\/\\\/secure.gravatar.com\\\/avatar\\\/7ce1f28c0c3bbac99ff550b85ef8e44a6950c6ee24514fb6a5489e51d06f0298?s=96&d=mm&r=g\",\"contentUrl\":\"https:\\\/\\\/secure.gravatar.com\\\/avatar\\\/7ce1f28c0c3bbac99ff550b85ef8e44a6950c6ee24514fb6a5489e51d06f0298?s=96&d=mm&r=g\",\"caption\":\"webdo.tn\"},\"url\":\"https:\\\/\\\/www.webdo.tn\\\/fr\\\/actualite\\\/author\\\/webdotn\\\/\"}]}<\/script>\n<!-- \/ Yoast SEO Premium plugin. -->","yoast_head_json":{"title":"Grand concert \u00e0 Carthage - Solidarit\u00e9 avec la R\u00e9volution (mise \u00e0 jour)","description":"Grand concert \u00e0 Carthage - Solidarit\u00e9 avec la R\u00e9volution (mise \u00e0 jour)","canonical":"https:\/\/www.webdo.tn\/fr\/actualite\/culture\/grand-concert-a-carthage-solidarite-avec-la-revolution\/185331\/","og_locale":"fr_FR","og_type":"article","og_title":"Grand concert \u00e0 Carthage - Solidarit\u00e9 avec la R\u00e9volution (mise \u00e0 jour)","og_description":"Grand concert \u00e0 Carthage - Solidarit\u00e9 avec la R\u00e9volution (mise \u00e0 jour)","og_url":"https:\/\/www.webdo.tn\/fr\/actualite\/culture\/grand-concert-a-carthage-solidarite-avec-la-revolution\/185331\/","og_site_name":"webdo","article_publisher":"https:\/\/www.facebook.com\/webdotn","article_published_time":"2011-09-03T10:43:00+00:00","article_modified_time":"2025-06-04T19:07:31+00:00","author":"webdo.tn","twitter_card":"summary_large_image","twitter_creator":"@webdo_tn","twitter_site":"@webdo_tn","twitter_misc":{"\u00c9crit par":"webdo.tn","Dur\u00e9e de lecture estim\u00e9e":"1 minute"},"schema":{"@context":"https:\/\/schema.org","@graph":[{"@type":"NewsArticle","@id":"https:\/\/www.webdo.tn\/fr\/actualite\/culture\/grand-concert-a-carthage-solidarite-avec-la-revolution\/185331\/#article","isPartOf":{"@id":"https:\/\/www.webdo.tn\/fr\/actualite\/culture\/grand-concert-a-carthage-solidarite-avec-la-revolution\/185331\/"},"author":{"name":"webdo.tn","@id":"https:\/\/www.webdo.tn\/fr\/#\/schema\/person\/9a9c6118d687c117df8ef3cc36a4d175"},"headline":"Grand concert \u00e0 Carthage &#8211; Solidarit\u00e9 avec la R\u00e9volution (mise \u00e0 jour)","datePublished":"2011-09-03T10:43:00+00:00","dateModified":"2025-06-04T19:07:31+00:00","mainEntityOfPage":{"@id":"https:\/\/www.webdo.tn\/fr\/actualite\/culture\/grand-concert-a-carthage-solidarite-avec-la-revolution\/185331\/"},"wordCount":232,"commentCount":0,"publisher":{"@id":"https:\/\/www.webdo.tn\/fr\/#organization"},"image":{"@id":"https:\/\/www.webdo.tn\/fr\/actualite\/culture\/grand-concert-a-carthage-solidarite-avec-la-revolution\/185331\/#primaryimage"},"thumbnailUrl":"https:\/\/www.webdo.tn\/fr\/wp-content\/uploads\/2025\/06\/FireShot-Capture-1063-webdo_default-53-750x375.jpg-750\u00d7375-www.webdo_.tn_.png","articleSection":["Culture"],"inLanguage":"fr-FR"},{"@type":"WebPage","@id":"https:\/\/www.webdo.tn\/fr\/actualite\/culture\/grand-concert-a-carthage-solidarite-avec-la-revolution\/185331\/","url":"https:\/\/www.webdo.tn\/fr\/actualite\/culture\/grand-concert-a-carthage-solidarite-avec-la-revolution\/185331\/","name":"Grand concert \u00e0 Carthage - Solidarit\u00e9 avec la R\u00e9volution (mise \u00e0 jour)","isPartOf":{"@id":"https:\/\/www.webdo.tn\/fr\/#website"},"primaryImageOfPage":{"@id":"https:\/\/www.webdo.tn\/fr\/actualite\/culture\/grand-concert-a-carthage-solidarite-avec-la-revolution\/185331\/#primaryimage"},"image":{"@id":"https:\/\/www.webdo.tn\/fr\/actualite\/culture\/grand-concert-a-carthage-solidarite-avec-la-revolution\/185331\/#primaryimage"},"thumbnailUrl":"https:\/\/www.webdo.tn\/fr\/wp-content\/uploads\/2025\/06\/FireShot-Capture-1063-webdo_default-53-750x375.jpg-750\u00d7375-www.webdo_.tn_.png","datePublished":"2011-09-03T10:43:00+00:00","dateModified":"2025-06-04T19:07:31+00:00","description":"Grand concert \u00e0 Carthage - Solidarit\u00e9 avec la R\u00e9volution (mise \u00e0 jour)","breadcrumb":{"@id":"https:\/\/www.webdo.tn\/fr\/actualite\/culture\/grand-concert-a-carthage-solidarite-avec-la-revolution\/185331\/#breadcrumb"},"inLanguage":"fr-FR","potentialAction":[{"@type":"ReadAction","target":["https:\/\/www.webdo.tn\/fr\/actualite\/culture\/grand-concert-a-carthage-solidarite-avec-la-revolution\/185331\/"]}]},{"@type":"ImageObject","inLanguage":"fr-FR","@id":"https:\/\/www.webdo.tn\/fr\/actualite\/culture\/grand-concert-a-carthage-solidarite-avec-la-revolution\/185331\/#primaryimage","url":"https:\/\/www.webdo.tn\/fr\/wp-content\/uploads\/2025\/06\/FireShot-Capture-1063-webdo_default-53-750x375.jpg-750\u00d7375-www.webdo_.tn_.png","contentUrl":"https:\/\/www.webdo.tn\/fr\/wp-content\/uploads\/2025\/06\/FireShot-Capture-1063-webdo_default-53-750x375.jpg-750\u00d7375-www.webdo_.tn_.png","width":746,"height":371},{"@type":"BreadcrumbList","@id":"https:\/\/www.webdo.tn\/fr\/actualite\/culture\/grand-concert-a-carthage-solidarite-avec-la-revolution\/185331\/#breadcrumb","itemListElement":[{"@type":"ListItem","position":1,"name":"Accueil","item":"https:\/\/www.webdo.tn\/fr\/"},{"@type":"ListItem","position":2,"name":"Grand concert \u00e0 Carthage &#8211; Solidarit\u00e9 avec la R\u00e9volution (mise \u00e0 jour)"}]},{"@type":"WebSite","@id":"https:\/\/www.webdo.tn\/fr\/#website","url":"https:\/\/www.webdo.tn\/fr\/","name":"webdo","description":"Tunisie - News en Tunisie et \u00e0 l&#039;international sur Webdo.tn","publisher":{"@id":"https:\/\/www.webdo.tn\/fr\/#organization"},"potentialAction":[{"@type":"SearchAction","target":{"@type":"EntryPoint","urlTemplate":"https:\/\/www.webdo.tn\/fr\/?s={search_term_string}"},"query-input":{"@type":"PropertyValueSpecification","valueRequired":true,"valueName":"search_term_string"}}],"inLanguage":"fr-FR"},{"@type":"Organization","@id":"https:\/\/www.webdo.tn\/fr\/#organization","name":"Webdo","alternateName":"Webdo.tn","url":"https:\/\/www.webdo.tn\/fr\/","logo":{"@type":"ImageObject","inLanguage":"fr-FR","@id":"https:\/\/www.webdo.tn\/fr\/#\/schema\/logo\/image\/","url":"https:\/\/www.webdo.tn\/fr\/wp-content\/uploads\/2025\/06\/Webdo-Tunisie_168377.jpg","contentUrl":"https:\/\/www.webdo.tn\/fr\/wp-content\/uploads\/2025\/06\/Webdo-Tunisie_168377.jpg","width":301,"height":301,"caption":"Webdo"},"image":{"@id":"https:\/\/www.webdo.tn\/fr\/#\/schema\/logo\/image\/"},"sameAs":["https:\/\/www.facebook.com\/webdotn","https:\/\/x.com\/webdo_tn"],"description":"Webdo est un m\u00e9dia num\u00e9rique tunisien fond\u00e9 en 2010, sp\u00e9cialis\u00e9 dans l\u2019actualit\u00e9 nationale et internationale, l\u2019\u00e9conomie, la soci\u00e9t\u00e9 et les analyses politiques. Le site s\u2019adresse \u00e0 un large public francophone et couvre l\u2019information tunisienne en temps r\u00e9el.","email":"redac@webdo.tn","legalName":"YNJ SARL","foundingDate":"2010-09-06","numberOfEmployees":{"@type":"QuantitativeValue","minValue":"11","maxValue":"50"}},{"@type":"Person","@id":"https:\/\/www.webdo.tn\/fr\/#\/schema\/person\/9a9c6118d687c117df8ef3cc36a4d175","name":"webdo.tn","image":{"@type":"ImageObject","inLanguage":"fr-FR","@id":"https:\/\/secure.gravatar.com\/avatar\/7ce1f28c0c3bbac99ff550b85ef8e44a6950c6ee24514fb6a5489e51d06f0298?s=96&d=mm&r=g","url":"https:\/\/secure.gravatar.com\/avatar\/7ce1f28c0c3bbac99ff550b85ef8e44a6950c6ee24514fb6a5489e51d06f0298?s=96&d=mm&r=g","contentUrl":"https:\/\/secure.gravatar.com\/avatar\/7ce1f28c0c3bbac99ff550b85ef8e44a6950c6ee24514fb6a5489e51d06f0298?s=96&d=mm&r=g","caption":"webdo.tn"},"url":"https:\/\/www.webdo.tn\/fr\/actualite\/author\/webdotn\/"}]}},"_links":{"self":[{"href":"https:\/\/www.webdo.tn\/fr\/wp-json\/wp\/v2\/posts\/185331","targetHints":{"allow":["GET"]}}],"collection":[{"href":"https:\/\/www.webdo.tn\/fr\/wp-json\/wp\/v2\/posts"}],"about":[{"href":"https:\/\/www.webdo.tn\/fr\/wp-json\/wp\/v2\/types\/post"}],"author":[{"embeddable":true,"href":"https:\/\/www.webdo.tn\/fr\/wp-json\/wp\/v2\/users\/3222"}],"replies":[{"embeddable":true,"href":"https:\/\/www.webdo.tn\/fr\/wp-json\/wp\/v2\/comments?post=185331"}],"version-history":[{"count":0,"href":"https:\/\/www.webdo.tn\/fr\/wp-json\/wp\/v2\/posts\/185331\/revisions"}],"wp:featuredmedia":[{"embeddable":true,"href":"https:\/\/www.webdo.tn\/fr\/wp-json\/wp\/v2\/media\/376290"}],"wp:attachment":[{"href":"https:\/\/www.webdo.tn\/fr\/wp-json\/wp\/v2\/media?parent=185331"}],"wp:term":[{"taxonomy":"category","embeddable":true,"href":"https:\/\/www.webdo.tn\/fr\/wp-json\/wp\/v2\/categories?post=185331"},{"taxonomy":"post_tag","embeddable":true,"href":"https:\/\/www.webdo.tn\/fr\/wp-json\/wp\/v2\/tags?post=185331"}],"curies":[{"name":"wp","href":"https:\/\/api.w.org\/{rel}","templated":true}]}}