{"id":185326,"date":"2011-10-04T13:14:00","date_gmt":"2011-10-04T11:14:00","guid":{"rendered":"https:\/\/www.webdo.tn\/fr\/actualite\/culture-national\/le-printemps-arabe-se-degage-du-festival-international-du-film-de-beyrouth\/185326"},"modified":"2011-10-04T13:14:00","modified_gmt":"2011-10-04T11:14:00","slug":"le-printemps-arabe-se-degage-du-festival-international-du-film-de-beyrouth","status":"publish","type":"post","link":"https:\/\/www.webdo.tn\/fr\/actualite\/culture\/le-printemps-arabe-se-degage-du-festival-international-du-film-de-beyrouth\/185326\/","title":{"rendered":"Le \u00abPrintemps arabe\u00bb se \u00abd\u00e9gage\u00bb du Festival International du film de Beyrouth !"},"content":{"rendered":"<p>Que se passe-t-il avec le Festival international du film de Beyrouth, dont la onzi\u00e8me \u00e9dition se tient du 5 au 13 octobre ? Aucun film sur le \u00abPrintemps arabe\u00bb et, donc, la \u00abR\u00e9volution\u00bb n\u2019y a \u00e9t\u00e9 programm\u00e9 ! Le seul film tunisien \u00e0 y \u00eatre en comp\u00e9tition est le court m\u00e9trage de Malick Amara \u00abLinge sage\u00bb, alors que pr\u00e8s de 67 films de r\u00e9alisateurs de 29 pays seront projet\u00e9s.<\/p>\n<p>Rappelons que \u00abLinge sage\u00bb parle, \u00e0 travers l\u2019histoire de Si Radhi, d\u2019hommes qui souffrent, en silence, de l&rsquo;autorit\u00e9 exag\u00e9r\u00e9e de leurs partenaires.<\/p>\n<p>Selon France 24, Colette Naufal, directrice du festival, avait \u00abdemand\u00e9 tous les films qui traitaient de ces r\u00e9volutions. Les r\u00e9alisateurs ont d\u2019abord accept\u00e9 de venir, avant de d\u00e9cider finalement de participer aux festivals du Golfe\u00bb. Ce qui est assez \u00e9trange, du moins pour les documentaires tunisiens, puisque seul le film \u00abRouge Parole\u00bb d\u2019Elyes Baccar, relatant les manifestations populaires \u00e0 l&rsquo;origine de la chute de Ben Ali, sera projet\u00e9 au Festival du cin\u00e9ma de \u00a0\u00bbDoha Tribeca\u00a0\u00bb (Qatar, du 25 au 29 octobre), et ce, en premi\u00e8re mondial, et aucun ne sera au festival d\u2019Abou Dhabi (\u00c9mirats arabes unis, du 13 au 22 octobre).<\/p>\n<p>En tout cas, la directrice du Festival international du film de Beyrouth s\u2019est dite tr\u00e8s \u00abd\u00e9\u00e7ue de n&rsquo;avoir aucun de ces films\u00bb (sur les r\u00e9volutions) dans sa programmation. Suite \u00e0 cela, Colette Naufal a d\u00e9cid\u00e9 d\u2019organiser la prochaine \u00e9dition du Festival international du film de Beyrouth \u00e0 la fin d&rsquo;octobre, apr\u00e8s la tenue des festivals de Doha et d\u2019Abou Dhabi, afin d\u2019\u00e9viter toute d\u00e9convenue de ce genre.<\/p>\n","protected":false},"excerpt":{"rendered":"<p>Que se passe-t-il avec le Festival international du film de Beyrouth, dont la onzi\u00e8me \u00e9dition se tient du 5 au 13 octobre ? Aucun film sur le \u00abPrintemps<\/p>\n","protected":false},"author":3222,"featured_media":374647,"comment_status":"open","ping_status":"open","sticky":false,"template":"","format":"standard","meta":{"footnotes":""},"categories":[2594],"tags":[],"class_list":["post-185326","post","type-post","status-publish","format-standard","has-post-thumbnail","hentry","category-culture"],"yoast_head":"<!-- This site is optimized with the Yoast SEO Premium plugin v27.4 (Yoast SEO v27.5) - https:\/\/yoast.com\/product\/yoast-seo-premium-wordpress\/ -->\n<title>Le \u00abPrintemps arabe\u00bb se \u00abd\u00e9gage\u00bb du Festival International du film de Beyrouth !<\/title>\n<meta name=\"description\" content=\"Le \u00abPrintemps arabe\u00bb se \u00abd\u00e9gage\u00bb du Festival International du film de Beyrouth !\" \/>\n<link rel=\"canonical\" href=\"https:\/\/www.webdo.tn\/fr\/actualite\/culture\/le-printemps-arabe-se-degage-du-festival-international-du-film-de-beyrouth\/185326\/\" \/>\n<meta property=\"og:locale\" content=\"fr_FR\" \/>\n<meta property=\"og:type\" content=\"article\" \/>\n<meta property=\"og:title\" content=\"Le \u00abPrintemps arabe\u00bb se \u00abd\u00e9gage\u00bb du Festival International du film de Beyrouth !\" \/>\n<meta property=\"og:description\" content=\"Le \u00abPrintemps arabe\u00bb se \u00abd\u00e9gage\u00bb du Festival International du film de Beyrouth !\" \/>\n<meta property=\"og:url\" content=\"https:\/\/www.webdo.tn\/fr\/actualite\/culture\/le-printemps-arabe-se-degage-du-festival-international-du-film-de-beyrouth\/185326\/\" \/>\n<meta property=\"og:site_name\" content=\"webdo\" \/>\n<meta property=\"article:publisher\" content=\"https:\/\/www.facebook.com\/webdotn\" \/>\n<meta property=\"article:published_time\" content=\"2011-10-04T11:14:00+00:00\" \/>\n<meta name=\"author\" content=\"webdo.tn\" \/>\n<meta name=\"twitter:card\" content=\"summary_large_image\" \/>\n<meta name=\"twitter:creator\" content=\"@webdo_tn\" \/>\n<meta name=\"twitter:site\" content=\"@webdo_tn\" \/>\n<meta name=\"twitter:label1\" content=\"\u00c9crit par\" \/>\n\t<meta name=\"twitter:data1\" content=\"webdo.tn\" \/>\n\t<meta name=\"twitter:label2\" content=\"Dur\u00e9e de lecture estim\u00e9e\" \/>\n\t<meta name=\"twitter:data2\" content=\"1 minute\" \/>\n<script type=\"application\/ld+json\" class=\"yoast-schema-graph\">{\"@context\":\"https:\\\/\\\/schema.org\",\"@graph\":[{\"@type\":\"NewsArticle\",\"@id\":\"https:\\\/\\\/www.webdo.tn\\\/fr\\\/actualite\\\/culture\\\/le-printemps-arabe-se-degage-du-festival-international-du-film-de-beyrouth\\\/185326\\\/#article\",\"isPartOf\":{\"@id\":\"https:\\\/\\\/www.webdo.tn\\\/fr\\\/actualite\\\/culture\\\/le-printemps-arabe-se-degage-du-festival-international-du-film-de-beyrouth\\\/185326\\\/\"},\"author\":{\"name\":\"webdo.tn\",\"@id\":\"https:\\\/\\\/www.webdo.tn\\\/fr\\\/#\\\/schema\\\/person\\\/9a9c6118d687c117df8ef3cc36a4d175\"},\"headline\":\"Le \u00abPrintemps arabe\u00bb se \u00abd\u00e9gage\u00bb du Festival International du film de Beyrouth !\",\"datePublished\":\"2011-10-04T11:14:00+00:00\",\"mainEntityOfPage\":{\"@id\":\"https:\\\/\\\/www.webdo.tn\\\/fr\\\/actualite\\\/culture\\\/le-printemps-arabe-se-degage-du-festival-international-du-film-de-beyrouth\\\/185326\\\/\"},\"wordCount\":291,\"commentCount\":0,\"publisher\":{\"@id\":\"https:\\\/\\\/www.webdo.tn\\\/fr\\\/#organization\"},\"image\":{\"@id\":\"https:\\\/\\\/www.webdo.tn\\\/fr\\\/actualite\\\/culture\\\/le-printemps-arabe-se-degage-du-festival-international-du-film-de-beyrouth\\\/185326\\\/#primaryimage\"},\"thumbnailUrl\":\"https:\\\/\\\/www.webdo.tn\\\/fr\\\/wp-content\\\/uploads\\\/2025\\\/06\\\/Beirut-International-Film-Festival_185326.jpg\",\"articleSection\":[\"Culture\"],\"inLanguage\":\"fr-FR\"},{\"@type\":\"WebPage\",\"@id\":\"https:\\\/\\\/www.webdo.tn\\\/fr\\\/actualite\\\/culture\\\/le-printemps-arabe-se-degage-du-festival-international-du-film-de-beyrouth\\\/185326\\\/\",\"url\":\"https:\\\/\\\/www.webdo.tn\\\/fr\\\/actualite\\\/culture\\\/le-printemps-arabe-se-degage-du-festival-international-du-film-de-beyrouth\\\/185326\\\/\",\"name\":\"Le \u00abPrintemps arabe\u00bb se \u00abd\u00e9gage\u00bb du Festival International du film de Beyrouth !\",\"isPartOf\":{\"@id\":\"https:\\\/\\\/www.webdo.tn\\\/fr\\\/#website\"},\"primaryImageOfPage\":{\"@id\":\"https:\\\/\\\/www.webdo.tn\\\/fr\\\/actualite\\\/culture\\\/le-printemps-arabe-se-degage-du-festival-international-du-film-de-beyrouth\\\/185326\\\/#primaryimage\"},\"image\":{\"@id\":\"https:\\\/\\\/www.webdo.tn\\\/fr\\\/actualite\\\/culture\\\/le-printemps-arabe-se-degage-du-festival-international-du-film-de-beyrouth\\\/185326\\\/#primaryimage\"},\"thumbnailUrl\":\"https:\\\/\\\/www.webdo.tn\\\/fr\\\/wp-content\\\/uploads\\\/2025\\\/06\\\/Beirut-International-Film-Festival_185326.jpg\",\"datePublished\":\"2011-10-04T11:14:00+00:00\",\"description\":\"Le \u00abPrintemps arabe\u00bb se \u00abd\u00e9gage\u00bb du Festival International du film de Beyrouth !\",\"breadcrumb\":{\"@id\":\"https:\\\/\\\/www.webdo.tn\\\/fr\\\/actualite\\\/culture\\\/le-printemps-arabe-se-degage-du-festival-international-du-film-de-beyrouth\\\/185326\\\/#breadcrumb\"},\"inLanguage\":\"fr-FR\",\"potentialAction\":[{\"@type\":\"ReadAction\",\"target\":[\"https:\\\/\\\/www.webdo.tn\\\/fr\\\/actualite\\\/culture\\\/le-printemps-arabe-se-degage-du-festival-international-du-film-de-beyrouth\\\/185326\\\/\"]}]},{\"@type\":\"ImageObject\",\"inLanguage\":\"fr-FR\",\"@id\":\"https:\\\/\\\/www.webdo.tn\\\/fr\\\/actualite\\\/culture\\\/le-printemps-arabe-se-degage-du-festival-international-du-film-de-beyrouth\\\/185326\\\/#primaryimage\",\"url\":\"https:\\\/\\\/www.webdo.tn\\\/fr\\\/wp-content\\\/uploads\\\/2025\\\/06\\\/Beirut-International-Film-Festival_185326.jpg\",\"contentUrl\":\"https:\\\/\\\/www.webdo.tn\\\/fr\\\/wp-content\\\/uploads\\\/2025\\\/06\\\/Beirut-International-Film-Festival_185326.jpg\",\"width\":298,\"height\":255,\"caption\":\"Le \u00abPrintemps arabe\u00bb se \u00abd\u00e9gage\u00bb du Festival International du film de Beyrouth !\"},{\"@type\":\"BreadcrumbList\",\"@id\":\"https:\\\/\\\/www.webdo.tn\\\/fr\\\/actualite\\\/culture\\\/le-printemps-arabe-se-degage-du-festival-international-du-film-de-beyrouth\\\/185326\\\/#breadcrumb\",\"itemListElement\":[{\"@type\":\"ListItem\",\"position\":1,\"name\":\"Accueil\",\"item\":\"https:\\\/\\\/www.webdo.tn\\\/fr\\\/\"},{\"@type\":\"ListItem\",\"position\":2,\"name\":\"Le \u00abPrintemps arabe\u00bb se \u00abd\u00e9gage\u00bb du Festival International du film de Beyrouth !\"}]},{\"@type\":\"WebSite\",\"@id\":\"https:\\\/\\\/www.webdo.tn\\\/fr\\\/#website\",\"url\":\"https:\\\/\\\/www.webdo.tn\\\/fr\\\/\",\"name\":\"webdo\",\"description\":\"Tunisie - News en Tunisie et \u00e0 l&#039;international sur Webdo.tn\",\"publisher\":{\"@id\":\"https:\\\/\\\/www.webdo.tn\\\/fr\\\/#organization\"},\"potentialAction\":[{\"@type\":\"SearchAction\",\"target\":{\"@type\":\"EntryPoint\",\"urlTemplate\":\"https:\\\/\\\/www.webdo.tn\\\/fr\\\/?s={search_term_string}\"},\"query-input\":{\"@type\":\"PropertyValueSpecification\",\"valueRequired\":true,\"valueName\":\"search_term_string\"}}],\"inLanguage\":\"fr-FR\"},{\"@type\":\"Organization\",\"@id\":\"https:\\\/\\\/www.webdo.tn\\\/fr\\\/#organization\",\"name\":\"Webdo\",\"alternateName\":\"Webdo.tn\",\"url\":\"https:\\\/\\\/www.webdo.tn\\\/fr\\\/\",\"logo\":{\"@type\":\"ImageObject\",\"inLanguage\":\"fr-FR\",\"@id\":\"https:\\\/\\\/www.webdo.tn\\\/fr\\\/#\\\/schema\\\/logo\\\/image\\\/\",\"url\":\"https:\\\/\\\/www.webdo.tn\\\/fr\\\/wp-content\\\/uploads\\\/2025\\\/06\\\/Webdo-Tunisie_168377.jpg\",\"contentUrl\":\"https:\\\/\\\/www.webdo.tn\\\/fr\\\/wp-content\\\/uploads\\\/2025\\\/06\\\/Webdo-Tunisie_168377.jpg\",\"width\":301,\"height\":301,\"caption\":\"Webdo\"},\"image\":{\"@id\":\"https:\\\/\\\/www.webdo.tn\\\/fr\\\/#\\\/schema\\\/logo\\\/image\\\/\"},\"sameAs\":[\"https:\\\/\\\/www.facebook.com\\\/webdotn\",\"https:\\\/\\\/x.com\\\/webdo_tn\"],\"description\":\"Webdo est un m\u00e9dia num\u00e9rique tunisien fond\u00e9 en 2010, sp\u00e9cialis\u00e9 dans l\u2019actualit\u00e9 nationale et internationale, l\u2019\u00e9conomie, la soci\u00e9t\u00e9 et les analyses politiques. Le site s\u2019adresse \u00e0 un large public francophone et couvre l\u2019information tunisienne en temps r\u00e9el.\",\"email\":\"redac@webdo.tn\",\"legalName\":\"YNJ SARL\",\"foundingDate\":\"2010-09-06\",\"numberOfEmployees\":{\"@type\":\"QuantitativeValue\",\"minValue\":\"11\",\"maxValue\":\"50\"}},{\"@type\":\"Person\",\"@id\":\"https:\\\/\\\/www.webdo.tn\\\/fr\\\/#\\\/schema\\\/person\\\/9a9c6118d687c117df8ef3cc36a4d175\",\"name\":\"webdo.tn\",\"image\":{\"@type\":\"ImageObject\",\"inLanguage\":\"fr-FR\",\"@id\":\"https:\\\/\\\/secure.gravatar.com\\\/avatar\\\/7ce1f28c0c3bbac99ff550b85ef8e44a6950c6ee24514fb6a5489e51d06f0298?s=96&d=mm&r=g\",\"url\":\"https:\\\/\\\/secure.gravatar.com\\\/avatar\\\/7ce1f28c0c3bbac99ff550b85ef8e44a6950c6ee24514fb6a5489e51d06f0298?s=96&d=mm&r=g\",\"contentUrl\":\"https:\\\/\\\/secure.gravatar.com\\\/avatar\\\/7ce1f28c0c3bbac99ff550b85ef8e44a6950c6ee24514fb6a5489e51d06f0298?s=96&d=mm&r=g\",\"caption\":\"webdo.tn\"},\"url\":\"https:\\\/\\\/www.webdo.tn\\\/fr\\\/actualite\\\/author\\\/webdotn\\\/\"}]}<\/script>\n<!-- \/ Yoast SEO Premium plugin. -->","yoast_head_json":{"title":"Le \u00abPrintemps arabe\u00bb se \u00abd\u00e9gage\u00bb du Festival International du film de Beyrouth !","description":"Le \u00abPrintemps arabe\u00bb se \u00abd\u00e9gage\u00bb du Festival International du film de Beyrouth !","canonical":"https:\/\/www.webdo.tn\/fr\/actualite\/culture\/le-printemps-arabe-se-degage-du-festival-international-du-film-de-beyrouth\/185326\/","og_locale":"fr_FR","og_type":"article","og_title":"Le \u00abPrintemps arabe\u00bb se \u00abd\u00e9gage\u00bb du Festival International du film de Beyrouth !","og_description":"Le \u00abPrintemps arabe\u00bb se \u00abd\u00e9gage\u00bb du Festival International du film de Beyrouth !","og_url":"https:\/\/www.webdo.tn\/fr\/actualite\/culture\/le-printemps-arabe-se-degage-du-festival-international-du-film-de-beyrouth\/185326\/","og_site_name":"webdo","article_publisher":"https:\/\/www.facebook.com\/webdotn","article_published_time":"2011-10-04T11:14:00+00:00","author":"webdo.tn","twitter_card":"summary_large_image","twitter_creator":"@webdo_tn","twitter_site":"@webdo_tn","twitter_misc":{"\u00c9crit par":"webdo.tn","Dur\u00e9e de lecture estim\u00e9e":"1 minute"},"schema":{"@context":"https:\/\/schema.org","@graph":[{"@type":"NewsArticle","@id":"https:\/\/www.webdo.tn\/fr\/actualite\/culture\/le-printemps-arabe-se-degage-du-festival-international-du-film-de-beyrouth\/185326\/#article","isPartOf":{"@id":"https:\/\/www.webdo.tn\/fr\/actualite\/culture\/le-printemps-arabe-se-degage-du-festival-international-du-film-de-beyrouth\/185326\/"},"author":{"name":"webdo.tn","@id":"https:\/\/www.webdo.tn\/fr\/#\/schema\/person\/9a9c6118d687c117df8ef3cc36a4d175"},"headline":"Le \u00abPrintemps arabe\u00bb se \u00abd\u00e9gage\u00bb du Festival International du film de Beyrouth !","datePublished":"2011-10-04T11:14:00+00:00","mainEntityOfPage":{"@id":"https:\/\/www.webdo.tn\/fr\/actualite\/culture\/le-printemps-arabe-se-degage-du-festival-international-du-film-de-beyrouth\/185326\/"},"wordCount":291,"commentCount":0,"publisher":{"@id":"https:\/\/www.webdo.tn\/fr\/#organization"},"image":{"@id":"https:\/\/www.webdo.tn\/fr\/actualite\/culture\/le-printemps-arabe-se-degage-du-festival-international-du-film-de-beyrouth\/185326\/#primaryimage"},"thumbnailUrl":"https:\/\/www.webdo.tn\/fr\/wp-content\/uploads\/2025\/06\/Beirut-International-Film-Festival_185326.jpg","articleSection":["Culture"],"inLanguage":"fr-FR"},{"@type":"WebPage","@id":"https:\/\/www.webdo.tn\/fr\/actualite\/culture\/le-printemps-arabe-se-degage-du-festival-international-du-film-de-beyrouth\/185326\/","url":"https:\/\/www.webdo.tn\/fr\/actualite\/culture\/le-printemps-arabe-se-degage-du-festival-international-du-film-de-beyrouth\/185326\/","name":"Le \u00abPrintemps arabe\u00bb se \u00abd\u00e9gage\u00bb du Festival International du film de Beyrouth !","isPartOf":{"@id":"https:\/\/www.webdo.tn\/fr\/#website"},"primaryImageOfPage":{"@id":"https:\/\/www.webdo.tn\/fr\/actualite\/culture\/le-printemps-arabe-se-degage-du-festival-international-du-film-de-beyrouth\/185326\/#primaryimage"},"image":{"@id":"https:\/\/www.webdo.tn\/fr\/actualite\/culture\/le-printemps-arabe-se-degage-du-festival-international-du-film-de-beyrouth\/185326\/#primaryimage"},"thumbnailUrl":"https:\/\/www.webdo.tn\/fr\/wp-content\/uploads\/2025\/06\/Beirut-International-Film-Festival_185326.jpg","datePublished":"2011-10-04T11:14:00+00:00","description":"Le \u00abPrintemps arabe\u00bb se \u00abd\u00e9gage\u00bb du Festival International du film de Beyrouth !","breadcrumb":{"@id":"https:\/\/www.webdo.tn\/fr\/actualite\/culture\/le-printemps-arabe-se-degage-du-festival-international-du-film-de-beyrouth\/185326\/#breadcrumb"},"inLanguage":"fr-FR","potentialAction":[{"@type":"ReadAction","target":["https:\/\/www.webdo.tn\/fr\/actualite\/culture\/le-printemps-arabe-se-degage-du-festival-international-du-film-de-beyrouth\/185326\/"]}]},{"@type":"ImageObject","inLanguage":"fr-FR","@id":"https:\/\/www.webdo.tn\/fr\/actualite\/culture\/le-printemps-arabe-se-degage-du-festival-international-du-film-de-beyrouth\/185326\/#primaryimage","url":"https:\/\/www.webdo.tn\/fr\/wp-content\/uploads\/2025\/06\/Beirut-International-Film-Festival_185326.jpg","contentUrl":"https:\/\/www.webdo.tn\/fr\/wp-content\/uploads\/2025\/06\/Beirut-International-Film-Festival_185326.jpg","width":298,"height":255,"caption":"Le \u00abPrintemps arabe\u00bb se \u00abd\u00e9gage\u00bb du Festival International du film de Beyrouth !"},{"@type":"BreadcrumbList","@id":"https:\/\/www.webdo.tn\/fr\/actualite\/culture\/le-printemps-arabe-se-degage-du-festival-international-du-film-de-beyrouth\/185326\/#breadcrumb","itemListElement":[{"@type":"ListItem","position":1,"name":"Accueil","item":"https:\/\/www.webdo.tn\/fr\/"},{"@type":"ListItem","position":2,"name":"Le \u00abPrintemps arabe\u00bb se \u00abd\u00e9gage\u00bb du Festival International du film de Beyrouth !"}]},{"@type":"WebSite","@id":"https:\/\/www.webdo.tn\/fr\/#website","url":"https:\/\/www.webdo.tn\/fr\/","name":"webdo","description":"Tunisie - News en Tunisie et \u00e0 l&#039;international sur Webdo.tn","publisher":{"@id":"https:\/\/www.webdo.tn\/fr\/#organization"},"potentialAction":[{"@type":"SearchAction","target":{"@type":"EntryPoint","urlTemplate":"https:\/\/www.webdo.tn\/fr\/?s={search_term_string}"},"query-input":{"@type":"PropertyValueSpecification","valueRequired":true,"valueName":"search_term_string"}}],"inLanguage":"fr-FR"},{"@type":"Organization","@id":"https:\/\/www.webdo.tn\/fr\/#organization","name":"Webdo","alternateName":"Webdo.tn","url":"https:\/\/www.webdo.tn\/fr\/","logo":{"@type":"ImageObject","inLanguage":"fr-FR","@id":"https:\/\/www.webdo.tn\/fr\/#\/schema\/logo\/image\/","url":"https:\/\/www.webdo.tn\/fr\/wp-content\/uploads\/2025\/06\/Webdo-Tunisie_168377.jpg","contentUrl":"https:\/\/www.webdo.tn\/fr\/wp-content\/uploads\/2025\/06\/Webdo-Tunisie_168377.jpg","width":301,"height":301,"caption":"Webdo"},"image":{"@id":"https:\/\/www.webdo.tn\/fr\/#\/schema\/logo\/image\/"},"sameAs":["https:\/\/www.facebook.com\/webdotn","https:\/\/x.com\/webdo_tn"],"description":"Webdo est un m\u00e9dia num\u00e9rique tunisien fond\u00e9 en 2010, sp\u00e9cialis\u00e9 dans l\u2019actualit\u00e9 nationale et internationale, l\u2019\u00e9conomie, la soci\u00e9t\u00e9 et les analyses politiques. Le site s\u2019adresse \u00e0 un large public francophone et couvre l\u2019information tunisienne en temps r\u00e9el.","email":"redac@webdo.tn","legalName":"YNJ SARL","foundingDate":"2010-09-06","numberOfEmployees":{"@type":"QuantitativeValue","minValue":"11","maxValue":"50"}},{"@type":"Person","@id":"https:\/\/www.webdo.tn\/fr\/#\/schema\/person\/9a9c6118d687c117df8ef3cc36a4d175","name":"webdo.tn","image":{"@type":"ImageObject","inLanguage":"fr-FR","@id":"https:\/\/secure.gravatar.com\/avatar\/7ce1f28c0c3bbac99ff550b85ef8e44a6950c6ee24514fb6a5489e51d06f0298?s=96&d=mm&r=g","url":"https:\/\/secure.gravatar.com\/avatar\/7ce1f28c0c3bbac99ff550b85ef8e44a6950c6ee24514fb6a5489e51d06f0298?s=96&d=mm&r=g","contentUrl":"https:\/\/secure.gravatar.com\/avatar\/7ce1f28c0c3bbac99ff550b85ef8e44a6950c6ee24514fb6a5489e51d06f0298?s=96&d=mm&r=g","caption":"webdo.tn"},"url":"https:\/\/www.webdo.tn\/fr\/actualite\/author\/webdotn\/"}]}},"_links":{"self":[{"href":"https:\/\/www.webdo.tn\/fr\/wp-json\/wp\/v2\/posts\/185326","targetHints":{"allow":["GET"]}}],"collection":[{"href":"https:\/\/www.webdo.tn\/fr\/wp-json\/wp\/v2\/posts"}],"about":[{"href":"https:\/\/www.webdo.tn\/fr\/wp-json\/wp\/v2\/types\/post"}],"author":[{"embeddable":true,"href":"https:\/\/www.webdo.tn\/fr\/wp-json\/wp\/v2\/users\/3222"}],"replies":[{"embeddable":true,"href":"https:\/\/www.webdo.tn\/fr\/wp-json\/wp\/v2\/comments?post=185326"}],"version-history":[{"count":0,"href":"https:\/\/www.webdo.tn\/fr\/wp-json\/wp\/v2\/posts\/185326\/revisions"}],"wp:featuredmedia":[{"embeddable":true,"href":"https:\/\/www.webdo.tn\/fr\/wp-json\/wp\/v2\/media\/374647"}],"wp:attachment":[{"href":"https:\/\/www.webdo.tn\/fr\/wp-json\/wp\/v2\/media?parent=185326"}],"wp:term":[{"taxonomy":"category","embeddable":true,"href":"https:\/\/www.webdo.tn\/fr\/wp-json\/wp\/v2\/categories?post=185326"},{"taxonomy":"post_tag","embeddable":true,"href":"https:\/\/www.webdo.tn\/fr\/wp-json\/wp\/v2\/tags?post=185326"}],"curies":[{"name":"wp","href":"https:\/\/api.w.org\/{rel}","templated":true}]}}