{"id":185324,"date":"2011-10-10T11:29:00","date_gmt":"2011-10-10T09:29:00","guid":{"rendered":"https:\/\/www.webdo.tn\/fr\/actualite\/culture-national\/tozeur-le-musee-dar-cherait-ferme-ses-portes\/185324"},"modified":"2011-10-10T11:29:00","modified_gmt":"2011-10-10T09:29:00","slug":"tozeur-le-musee-dar-cherait-ferme-ses-portes","status":"publish","type":"post","link":"https:\/\/www.webdo.tn\/fr\/actualite\/culture\/tozeur-le-musee-dar-cherait-ferme-ses-portes\/185324\/","title":{"rendered":"Tozeur : le mus\u00e9e Dar Chera\u00eft ferme ses portes"},"content":{"rendered":"<p>Fleuron du tourisme dans le sud-ouest de la Tunisie, le mus\u00e9e Dar Chera\u00eft vient de fermer ses portes.<\/p>\n<p>Cette fermeture intervient apr\u00e8s une longue p\u00e9riode de conflit professionnel entre les employ\u00e9s et la direction. Cette crise avait, rappelons-le, entrain\u00e9 la fermeture de l&rsquo;h\u00f4tel Dar Chera\u00eft, un quatre \u00e9toiles embl\u00e9matique du d\u00e9veloppement du tourisme dans la r\u00e9gion.<\/p>\n<p>Ces fermetures successives ont lieu dans un contexte social troubl\u00e9 marqu\u00e9 dans la r\u00e9gion de Tozuer par la mise en ch\u00f4mage de pr\u00e9s de 300 employ\u00e9s dans le secteur de l&rsquo;h\u00f4tellerie.<\/p>\n<p>Un rassemblement avait lieu samedi dernier au si\u00e8ge de l&rsquo;Union r\u00e9gionale du Travail (UGTT) afin de trouver une solution \u00e0 la situation des personnels mis en ch\u00f4mage technique.<\/p>\n<p>Selon nos sources \u00e0 Tozeur, les collections du mus\u00e9e Dar Chera\u00eft seraient en voie d\u2019\u00eatre transf\u00e9r\u00e9es vers la capitale. Cela signifierait-il une fermeture d\u00e9finitive de ce qui a \u00e9t\u00e9 le premier mus\u00e9e priv\u00e9 dans la r\u00e9gion et, probablement, dans toute la Tunisie ?<\/p>\n<p>Affaire \u00e0 suivre.<\/p>\n","protected":false},"excerpt":{"rendered":"<p>Fleuron du tourisme dans le sud-ouest de la Tunisie, le mus\u00e9e Dar Chera\u00eft vient de fermer ses portes.<\/p>\n<p>Cette fermeture intervient apr\u00e8s une longue p\u00e9<\/p>\n","protected":false},"author":3222,"featured_media":374641,"comment_status":"open","ping_status":"open","sticky":false,"template":"","format":"standard","meta":{"footnotes":""},"categories":[2594],"tags":[],"class_list":["post-185324","post","type-post","status-publish","format-standard","has-post-thumbnail","hentry","category-culture"],"yoast_head":"<!-- This site is optimized with the Yoast SEO Premium plugin v27.4 (Yoast SEO v27.5) - https:\/\/yoast.com\/product\/yoast-seo-premium-wordpress\/ -->\n<title>Tozeur : le mus\u00e9e Dar Chera\u00eft ferme ses portes<\/title>\n<meta name=\"description\" content=\"Tozeur : le mus\u00e9e Dar Chera\u00eft ferme ses portes\" \/>\n<link rel=\"canonical\" href=\"https:\/\/www.webdo.tn\/fr\/actualite\/culture\/tozeur-le-musee-dar-cherait-ferme-ses-portes\/185324\/\" \/>\n<meta property=\"og:locale\" content=\"fr_FR\" \/>\n<meta property=\"og:type\" content=\"article\" \/>\n<meta property=\"og:title\" content=\"Tozeur : le mus\u00e9e Dar Chera\u00eft ferme ses portes\" \/>\n<meta property=\"og:description\" content=\"Tozeur : le mus\u00e9e Dar Chera\u00eft ferme ses portes\" \/>\n<meta property=\"og:url\" content=\"https:\/\/www.webdo.tn\/fr\/actualite\/culture\/tozeur-le-musee-dar-cherait-ferme-ses-portes\/185324\/\" \/>\n<meta property=\"og:site_name\" content=\"webdo\" \/>\n<meta property=\"article:publisher\" content=\"https:\/\/www.facebook.com\/webdotn\" \/>\n<meta property=\"article:published_time\" content=\"2011-10-10T09:29:00+00:00\" \/>\n<meta name=\"author\" content=\"webdo.tn\" \/>\n<meta name=\"twitter:card\" content=\"summary_large_image\" \/>\n<meta name=\"twitter:creator\" content=\"@webdo_tn\" \/>\n<meta name=\"twitter:site\" content=\"@webdo_tn\" \/>\n<meta name=\"twitter:label1\" content=\"\u00c9crit par\" \/>\n\t<meta name=\"twitter:data1\" content=\"webdo.tn\" \/>\n\t<meta name=\"twitter:label2\" content=\"Dur\u00e9e de lecture estim\u00e9e\" \/>\n\t<meta name=\"twitter:data2\" content=\"1 minute\" \/>\n<script type=\"application\/ld+json\" class=\"yoast-schema-graph\">{\"@context\":\"https:\\\/\\\/schema.org\",\"@graph\":[{\"@type\":\"NewsArticle\",\"@id\":\"https:\\\/\\\/www.webdo.tn\\\/fr\\\/actualite\\\/culture\\\/tozeur-le-musee-dar-cherait-ferme-ses-portes\\\/185324\\\/#article\",\"isPartOf\":{\"@id\":\"https:\\\/\\\/www.webdo.tn\\\/fr\\\/actualite\\\/culture\\\/tozeur-le-musee-dar-cherait-ferme-ses-portes\\\/185324\\\/\"},\"author\":{\"name\":\"webdo.tn\",\"@id\":\"https:\\\/\\\/www.webdo.tn\\\/fr\\\/#\\\/schema\\\/person\\\/9a9c6118d687c117df8ef3cc36a4d175\"},\"headline\":\"Tozeur : le mus\u00e9e Dar Chera\u00eft ferme ses portes\",\"datePublished\":\"2011-10-10T09:29:00+00:00\",\"mainEntityOfPage\":{\"@id\":\"https:\\\/\\\/www.webdo.tn\\\/fr\\\/actualite\\\/culture\\\/tozeur-le-musee-dar-cherait-ferme-ses-portes\\\/185324\\\/\"},\"wordCount\":195,\"commentCount\":0,\"publisher\":{\"@id\":\"https:\\\/\\\/www.webdo.tn\\\/fr\\\/#organization\"},\"image\":{\"@id\":\"https:\\\/\\\/www.webdo.tn\\\/fr\\\/actualite\\\/culture\\\/tozeur-le-musee-dar-cherait-ferme-ses-portes\\\/185324\\\/#primaryimage\"},\"thumbnailUrl\":\"https:\\\/\\\/www.webdo.tn\\\/fr\\\/wp-content\\\/uploads\\\/2025\\\/06\\\/Activites-quotidiennes-de-femmes-musee-Dar-Cherait-Tozeur-photo-tunisientunisie.com__185324.jpg\",\"articleSection\":[\"Culture\"],\"inLanguage\":\"fr-FR\"},{\"@type\":\"WebPage\",\"@id\":\"https:\\\/\\\/www.webdo.tn\\\/fr\\\/actualite\\\/culture\\\/tozeur-le-musee-dar-cherait-ferme-ses-portes\\\/185324\\\/\",\"url\":\"https:\\\/\\\/www.webdo.tn\\\/fr\\\/actualite\\\/culture\\\/tozeur-le-musee-dar-cherait-ferme-ses-portes\\\/185324\\\/\",\"name\":\"Tozeur : le mus\u00e9e Dar Chera\u00eft ferme ses portes\",\"isPartOf\":{\"@id\":\"https:\\\/\\\/www.webdo.tn\\\/fr\\\/#website\"},\"primaryImageOfPage\":{\"@id\":\"https:\\\/\\\/www.webdo.tn\\\/fr\\\/actualite\\\/culture\\\/tozeur-le-musee-dar-cherait-ferme-ses-portes\\\/185324\\\/#primaryimage\"},\"image\":{\"@id\":\"https:\\\/\\\/www.webdo.tn\\\/fr\\\/actualite\\\/culture\\\/tozeur-le-musee-dar-cherait-ferme-ses-portes\\\/185324\\\/#primaryimage\"},\"thumbnailUrl\":\"https:\\\/\\\/www.webdo.tn\\\/fr\\\/wp-content\\\/uploads\\\/2025\\\/06\\\/Activites-quotidiennes-de-femmes-musee-Dar-Cherait-Tozeur-photo-tunisientunisie.com__185324.jpg\",\"datePublished\":\"2011-10-10T09:29:00+00:00\",\"description\":\"Tozeur : le mus\u00e9e Dar Chera\u00eft ferme ses portes\",\"breadcrumb\":{\"@id\":\"https:\\\/\\\/www.webdo.tn\\\/fr\\\/actualite\\\/culture\\\/tozeur-le-musee-dar-cherait-ferme-ses-portes\\\/185324\\\/#breadcrumb\"},\"inLanguage\":\"fr-FR\",\"potentialAction\":[{\"@type\":\"ReadAction\",\"target\":[\"https:\\\/\\\/www.webdo.tn\\\/fr\\\/actualite\\\/culture\\\/tozeur-le-musee-dar-cherait-ferme-ses-portes\\\/185324\\\/\"]}]},{\"@type\":\"ImageObject\",\"inLanguage\":\"fr-FR\",\"@id\":\"https:\\\/\\\/www.webdo.tn\\\/fr\\\/actualite\\\/culture\\\/tozeur-le-musee-dar-cherait-ferme-ses-portes\\\/185324\\\/#primaryimage\",\"url\":\"https:\\\/\\\/www.webdo.tn\\\/fr\\\/wp-content\\\/uploads\\\/2025\\\/06\\\/Activites-quotidiennes-de-femmes-musee-Dar-Cherait-Tozeur-photo-tunisientunisie.com__185324.jpg\",\"contentUrl\":\"https:\\\/\\\/www.webdo.tn\\\/fr\\\/wp-content\\\/uploads\\\/2025\\\/06\\\/Activites-quotidiennes-de-femmes-musee-Dar-Cherait-Tozeur-photo-tunisientunisie.com__185324.jpg\",\"width\":320,\"height\":240,\"caption\":\"Tozeur : le mus\u00e9e Dar Chera\u00eft ferme ses portes\"},{\"@type\":\"BreadcrumbList\",\"@id\":\"https:\\\/\\\/www.webdo.tn\\\/fr\\\/actualite\\\/culture\\\/tozeur-le-musee-dar-cherait-ferme-ses-portes\\\/185324\\\/#breadcrumb\",\"itemListElement\":[{\"@type\":\"ListItem\",\"position\":1,\"name\":\"Accueil\",\"item\":\"https:\\\/\\\/www.webdo.tn\\\/fr\\\/\"},{\"@type\":\"ListItem\",\"position\":2,\"name\":\"Tozeur : le mus\u00e9e Dar Chera\u00eft ferme ses portes\"}]},{\"@type\":\"WebSite\",\"@id\":\"https:\\\/\\\/www.webdo.tn\\\/fr\\\/#website\",\"url\":\"https:\\\/\\\/www.webdo.tn\\\/fr\\\/\",\"name\":\"webdo\",\"description\":\"Tunisie - News en Tunisie et \u00e0 l&#039;international sur Webdo.tn\",\"publisher\":{\"@id\":\"https:\\\/\\\/www.webdo.tn\\\/fr\\\/#organization\"},\"potentialAction\":[{\"@type\":\"SearchAction\",\"target\":{\"@type\":\"EntryPoint\",\"urlTemplate\":\"https:\\\/\\\/www.webdo.tn\\\/fr\\\/?s={search_term_string}\"},\"query-input\":{\"@type\":\"PropertyValueSpecification\",\"valueRequired\":true,\"valueName\":\"search_term_string\"}}],\"inLanguage\":\"fr-FR\"},{\"@type\":\"Organization\",\"@id\":\"https:\\\/\\\/www.webdo.tn\\\/fr\\\/#organization\",\"name\":\"Webdo\",\"alternateName\":\"Webdo.tn\",\"url\":\"https:\\\/\\\/www.webdo.tn\\\/fr\\\/\",\"logo\":{\"@type\":\"ImageObject\",\"inLanguage\":\"fr-FR\",\"@id\":\"https:\\\/\\\/www.webdo.tn\\\/fr\\\/#\\\/schema\\\/logo\\\/image\\\/\",\"url\":\"https:\\\/\\\/www.webdo.tn\\\/fr\\\/wp-content\\\/uploads\\\/2025\\\/06\\\/Webdo-Tunisie_168377.jpg\",\"contentUrl\":\"https:\\\/\\\/www.webdo.tn\\\/fr\\\/wp-content\\\/uploads\\\/2025\\\/06\\\/Webdo-Tunisie_168377.jpg\",\"width\":301,\"height\":301,\"caption\":\"Webdo\"},\"image\":{\"@id\":\"https:\\\/\\\/www.webdo.tn\\\/fr\\\/#\\\/schema\\\/logo\\\/image\\\/\"},\"sameAs\":[\"https:\\\/\\\/www.facebook.com\\\/webdotn\",\"https:\\\/\\\/x.com\\\/webdo_tn\"],\"description\":\"Webdo est un m\u00e9dia num\u00e9rique tunisien fond\u00e9 en 2010, sp\u00e9cialis\u00e9 dans l\u2019actualit\u00e9 nationale et internationale, l\u2019\u00e9conomie, la soci\u00e9t\u00e9 et les analyses politiques. Le site s\u2019adresse \u00e0 un large public francophone et couvre l\u2019information tunisienne en temps r\u00e9el.\",\"email\":\"redac@webdo.tn\",\"legalName\":\"YNJ SARL\",\"foundingDate\":\"2010-09-06\",\"numberOfEmployees\":{\"@type\":\"QuantitativeValue\",\"minValue\":\"11\",\"maxValue\":\"50\"}},{\"@type\":\"Person\",\"@id\":\"https:\\\/\\\/www.webdo.tn\\\/fr\\\/#\\\/schema\\\/person\\\/9a9c6118d687c117df8ef3cc36a4d175\",\"name\":\"webdo.tn\",\"image\":{\"@type\":\"ImageObject\",\"inLanguage\":\"fr-FR\",\"@id\":\"https:\\\/\\\/secure.gravatar.com\\\/avatar\\\/7ce1f28c0c3bbac99ff550b85ef8e44a6950c6ee24514fb6a5489e51d06f0298?s=96&d=mm&r=g\",\"url\":\"https:\\\/\\\/secure.gravatar.com\\\/avatar\\\/7ce1f28c0c3bbac99ff550b85ef8e44a6950c6ee24514fb6a5489e51d06f0298?s=96&d=mm&r=g\",\"contentUrl\":\"https:\\\/\\\/secure.gravatar.com\\\/avatar\\\/7ce1f28c0c3bbac99ff550b85ef8e44a6950c6ee24514fb6a5489e51d06f0298?s=96&d=mm&r=g\",\"caption\":\"webdo.tn\"},\"url\":\"https:\\\/\\\/www.webdo.tn\\\/fr\\\/actualite\\\/author\\\/webdotn\\\/\"}]}<\/script>\n<!-- \/ Yoast SEO Premium plugin. -->","yoast_head_json":{"title":"Tozeur : le mus\u00e9e Dar Chera\u00eft ferme ses portes","description":"Tozeur : le mus\u00e9e Dar Chera\u00eft ferme ses portes","canonical":"https:\/\/www.webdo.tn\/fr\/actualite\/culture\/tozeur-le-musee-dar-cherait-ferme-ses-portes\/185324\/","og_locale":"fr_FR","og_type":"article","og_title":"Tozeur : le mus\u00e9e Dar Chera\u00eft ferme ses portes","og_description":"Tozeur : le mus\u00e9e Dar Chera\u00eft ferme ses portes","og_url":"https:\/\/www.webdo.tn\/fr\/actualite\/culture\/tozeur-le-musee-dar-cherait-ferme-ses-portes\/185324\/","og_site_name":"webdo","article_publisher":"https:\/\/www.facebook.com\/webdotn","article_published_time":"2011-10-10T09:29:00+00:00","author":"webdo.tn","twitter_card":"summary_large_image","twitter_creator":"@webdo_tn","twitter_site":"@webdo_tn","twitter_misc":{"\u00c9crit par":"webdo.tn","Dur\u00e9e de lecture estim\u00e9e":"1 minute"},"schema":{"@context":"https:\/\/schema.org","@graph":[{"@type":"NewsArticle","@id":"https:\/\/www.webdo.tn\/fr\/actualite\/culture\/tozeur-le-musee-dar-cherait-ferme-ses-portes\/185324\/#article","isPartOf":{"@id":"https:\/\/www.webdo.tn\/fr\/actualite\/culture\/tozeur-le-musee-dar-cherait-ferme-ses-portes\/185324\/"},"author":{"name":"webdo.tn","@id":"https:\/\/www.webdo.tn\/fr\/#\/schema\/person\/9a9c6118d687c117df8ef3cc36a4d175"},"headline":"Tozeur : le mus\u00e9e Dar Chera\u00eft ferme ses portes","datePublished":"2011-10-10T09:29:00+00:00","mainEntityOfPage":{"@id":"https:\/\/www.webdo.tn\/fr\/actualite\/culture\/tozeur-le-musee-dar-cherait-ferme-ses-portes\/185324\/"},"wordCount":195,"commentCount":0,"publisher":{"@id":"https:\/\/www.webdo.tn\/fr\/#organization"},"image":{"@id":"https:\/\/www.webdo.tn\/fr\/actualite\/culture\/tozeur-le-musee-dar-cherait-ferme-ses-portes\/185324\/#primaryimage"},"thumbnailUrl":"https:\/\/www.webdo.tn\/fr\/wp-content\/uploads\/2025\/06\/Activites-quotidiennes-de-femmes-musee-Dar-Cherait-Tozeur-photo-tunisientunisie.com__185324.jpg","articleSection":["Culture"],"inLanguage":"fr-FR"},{"@type":"WebPage","@id":"https:\/\/www.webdo.tn\/fr\/actualite\/culture\/tozeur-le-musee-dar-cherait-ferme-ses-portes\/185324\/","url":"https:\/\/www.webdo.tn\/fr\/actualite\/culture\/tozeur-le-musee-dar-cherait-ferme-ses-portes\/185324\/","name":"Tozeur : le mus\u00e9e Dar Chera\u00eft ferme ses portes","isPartOf":{"@id":"https:\/\/www.webdo.tn\/fr\/#website"},"primaryImageOfPage":{"@id":"https:\/\/www.webdo.tn\/fr\/actualite\/culture\/tozeur-le-musee-dar-cherait-ferme-ses-portes\/185324\/#primaryimage"},"image":{"@id":"https:\/\/www.webdo.tn\/fr\/actualite\/culture\/tozeur-le-musee-dar-cherait-ferme-ses-portes\/185324\/#primaryimage"},"thumbnailUrl":"https:\/\/www.webdo.tn\/fr\/wp-content\/uploads\/2025\/06\/Activites-quotidiennes-de-femmes-musee-Dar-Cherait-Tozeur-photo-tunisientunisie.com__185324.jpg","datePublished":"2011-10-10T09:29:00+00:00","description":"Tozeur : le mus\u00e9e Dar Chera\u00eft ferme ses portes","breadcrumb":{"@id":"https:\/\/www.webdo.tn\/fr\/actualite\/culture\/tozeur-le-musee-dar-cherait-ferme-ses-portes\/185324\/#breadcrumb"},"inLanguage":"fr-FR","potentialAction":[{"@type":"ReadAction","target":["https:\/\/www.webdo.tn\/fr\/actualite\/culture\/tozeur-le-musee-dar-cherait-ferme-ses-portes\/185324\/"]}]},{"@type":"ImageObject","inLanguage":"fr-FR","@id":"https:\/\/www.webdo.tn\/fr\/actualite\/culture\/tozeur-le-musee-dar-cherait-ferme-ses-portes\/185324\/#primaryimage","url":"https:\/\/www.webdo.tn\/fr\/wp-content\/uploads\/2025\/06\/Activites-quotidiennes-de-femmes-musee-Dar-Cherait-Tozeur-photo-tunisientunisie.com__185324.jpg","contentUrl":"https:\/\/www.webdo.tn\/fr\/wp-content\/uploads\/2025\/06\/Activites-quotidiennes-de-femmes-musee-Dar-Cherait-Tozeur-photo-tunisientunisie.com__185324.jpg","width":320,"height":240,"caption":"Tozeur : le mus\u00e9e Dar Chera\u00eft ferme ses portes"},{"@type":"BreadcrumbList","@id":"https:\/\/www.webdo.tn\/fr\/actualite\/culture\/tozeur-le-musee-dar-cherait-ferme-ses-portes\/185324\/#breadcrumb","itemListElement":[{"@type":"ListItem","position":1,"name":"Accueil","item":"https:\/\/www.webdo.tn\/fr\/"},{"@type":"ListItem","position":2,"name":"Tozeur : le mus\u00e9e Dar Chera\u00eft ferme ses portes"}]},{"@type":"WebSite","@id":"https:\/\/www.webdo.tn\/fr\/#website","url":"https:\/\/www.webdo.tn\/fr\/","name":"webdo","description":"Tunisie - News en Tunisie et \u00e0 l&#039;international sur Webdo.tn","publisher":{"@id":"https:\/\/www.webdo.tn\/fr\/#organization"},"potentialAction":[{"@type":"SearchAction","target":{"@type":"EntryPoint","urlTemplate":"https:\/\/www.webdo.tn\/fr\/?s={search_term_string}"},"query-input":{"@type":"PropertyValueSpecification","valueRequired":true,"valueName":"search_term_string"}}],"inLanguage":"fr-FR"},{"@type":"Organization","@id":"https:\/\/www.webdo.tn\/fr\/#organization","name":"Webdo","alternateName":"Webdo.tn","url":"https:\/\/www.webdo.tn\/fr\/","logo":{"@type":"ImageObject","inLanguage":"fr-FR","@id":"https:\/\/www.webdo.tn\/fr\/#\/schema\/logo\/image\/","url":"https:\/\/www.webdo.tn\/fr\/wp-content\/uploads\/2025\/06\/Webdo-Tunisie_168377.jpg","contentUrl":"https:\/\/www.webdo.tn\/fr\/wp-content\/uploads\/2025\/06\/Webdo-Tunisie_168377.jpg","width":301,"height":301,"caption":"Webdo"},"image":{"@id":"https:\/\/www.webdo.tn\/fr\/#\/schema\/logo\/image\/"},"sameAs":["https:\/\/www.facebook.com\/webdotn","https:\/\/x.com\/webdo_tn"],"description":"Webdo est un m\u00e9dia num\u00e9rique tunisien fond\u00e9 en 2010, sp\u00e9cialis\u00e9 dans l\u2019actualit\u00e9 nationale et internationale, l\u2019\u00e9conomie, la soci\u00e9t\u00e9 et les analyses politiques. Le site s\u2019adresse \u00e0 un large public francophone et couvre l\u2019information tunisienne en temps r\u00e9el.","email":"redac@webdo.tn","legalName":"YNJ SARL","foundingDate":"2010-09-06","numberOfEmployees":{"@type":"QuantitativeValue","minValue":"11","maxValue":"50"}},{"@type":"Person","@id":"https:\/\/www.webdo.tn\/fr\/#\/schema\/person\/9a9c6118d687c117df8ef3cc36a4d175","name":"webdo.tn","image":{"@type":"ImageObject","inLanguage":"fr-FR","@id":"https:\/\/secure.gravatar.com\/avatar\/7ce1f28c0c3bbac99ff550b85ef8e44a6950c6ee24514fb6a5489e51d06f0298?s=96&d=mm&r=g","url":"https:\/\/secure.gravatar.com\/avatar\/7ce1f28c0c3bbac99ff550b85ef8e44a6950c6ee24514fb6a5489e51d06f0298?s=96&d=mm&r=g","contentUrl":"https:\/\/secure.gravatar.com\/avatar\/7ce1f28c0c3bbac99ff550b85ef8e44a6950c6ee24514fb6a5489e51d06f0298?s=96&d=mm&r=g","caption":"webdo.tn"},"url":"https:\/\/www.webdo.tn\/fr\/actualite\/author\/webdotn\/"}]}},"_links":{"self":[{"href":"https:\/\/www.webdo.tn\/fr\/wp-json\/wp\/v2\/posts\/185324","targetHints":{"allow":["GET"]}}],"collection":[{"href":"https:\/\/www.webdo.tn\/fr\/wp-json\/wp\/v2\/posts"}],"about":[{"href":"https:\/\/www.webdo.tn\/fr\/wp-json\/wp\/v2\/types\/post"}],"author":[{"embeddable":true,"href":"https:\/\/www.webdo.tn\/fr\/wp-json\/wp\/v2\/users\/3222"}],"replies":[{"embeddable":true,"href":"https:\/\/www.webdo.tn\/fr\/wp-json\/wp\/v2\/comments?post=185324"}],"version-history":[{"count":0,"href":"https:\/\/www.webdo.tn\/fr\/wp-json\/wp\/v2\/posts\/185324\/revisions"}],"wp:featuredmedia":[{"embeddable":true,"href":"https:\/\/www.webdo.tn\/fr\/wp-json\/wp\/v2\/media\/374641"}],"wp:attachment":[{"href":"https:\/\/www.webdo.tn\/fr\/wp-json\/wp\/v2\/media?parent=185324"}],"wp:term":[{"taxonomy":"category","embeddable":true,"href":"https:\/\/www.webdo.tn\/fr\/wp-json\/wp\/v2\/categories?post=185324"},{"taxonomy":"post_tag","embeddable":true,"href":"https:\/\/www.webdo.tn\/fr\/wp-json\/wp\/v2\/tags?post=185324"}],"curies":[{"name":"wp","href":"https:\/\/api.w.org\/{rel}","templated":true}]}}