{"id":185315,"date":"2012-02-14T09:49:00","date_gmt":"2012-02-14T09:49:00","guid":{"rendered":"https:\/\/www.webdo.tn\/fr\/blog\/photo-de-lannee-2012-on-attendait-la-tunisie-ce-fut-le-yemen\/185315\/"},"modified":"2025-05-22T13:12:24","modified_gmt":"2025-05-22T13:12:24","slug":"photo-de-lannee-2012-on-attendait-la-tunisie-ce-fut-le-yemen","status":"publish","type":"post","link":"https:\/\/www.webdo.tn\/fr\/actualite\/culture\/photo-de-lannee-2012-on-attendait-la-tunisie-ce-fut-le-yemen\/185315\/","title":{"rendered":"Photo de l\u2019ann\u00e9e 2012 \u2013 On attendait la Tunisie, ce fut le Y\u00e9men\u2026"},"content":{"rendered":"<p>Pour le concours international World Press Photo de l\u2019ann\u00e9e 2012, ils ont \u00e9t\u00e9 plus de 5000 photographes professionnels \u00e0 travers le monde \u00e0 participer.<\/p>\n<p>Le palmar\u00e8s a \u00e9t\u00e9 annonc\u00e9 le 10 f\u00e9vrier 2012 \u00e0 Amsterdam et, sans surprise, selon les observateurs, la photo de l\u2019ann\u00e9e provient du monde arabe, \u00e9mane des soubresauts du printemps arabe.<\/p>\n<p>Il s\u2019agit d\u2019une photo de l\u2019Espagnol Samuel Aranda prise au Y\u00e9men en octobre dernier et publi\u00e9e par le New York Times.<\/p>\n<p>Cette photo montre une femme tenant un proche bless\u00e9 dans ses bras \u00e0 l\u2019int\u00e9rieur d\u2019une mosqu\u00e9e utilis\u00e9e comme un h\u00f4pital de campagne par les manifestants \u00e0 Sanaa.<\/p>\n<p>Laur\u00e9ate du concours, cette photo est appel\u00e9e \u00e0 connaitre une diffusion mondiale.<\/p>\n<p>Alors que les observateurs attendaient une photo \u00e9gyptienne ou tunisienne, c\u2019est le Y\u00e9men qui sera en 2012 l\u2019ic\u00f4ne photographique.<\/p>\n<p>Rappelons par ailleurs que l\u2019exposition World Press Photo pour l\u2019ann\u00e9e \u00e9coul\u00e9e est actuellement en Tunisie.<\/p>\n<p>Avec le soutien de l\u2019ambassade des Pays-Bas en Tunisie, cette exposition a en effet \u00e9t\u00e9 montr\u00e9e \u00e0 Tunis (Cherif Fine Art) puis se trouve au centre culturel international de Djerba jusqu\u2019au 24 f\u00e9vrier.<\/p>\n<p>Par ailleurs, le club culturel Tahar Haddad organise lundi 27 f\u00e9vrier \u00e0 15 h un d\u00e9bat sur l\u2019impact de l\u2019exp\u00e9rience World Press Photo en Tunisie, apr\u00e8s cinq ans de pr\u00e9sence.<\/p>\n","protected":false},"excerpt":{"rendered":"<p>Photo de l\u2019ann\u00e9e 2012 \u2013 On attendait la Tunisie, ce fut le Y\u00e9men\u2026 <\/p>\n","protected":false},"author":3222,"featured_media":374506,"comment_status":"open","ping_status":"closed","sticky":false,"template":"","format":"standard","meta":{"footnotes":""},"categories":[2594],"tags":[],"class_list":["post-185315","post","type-post","status-publish","format-standard","has-post-thumbnail","hentry","category-culture"],"yoast_head":"<!-- This site is optimized with the Yoast SEO Premium plugin v27.5 (Yoast SEO v27.5) - https:\/\/yoast.com\/product\/yoast-seo-premium-wordpress\/ -->\n<title>Photo de l\u2019ann\u00e9e 2012 \u2013 On attendait la Tunisie, ce fut le Y\u00e9men\u2026<\/title>\n<meta name=\"description\" content=\"Photo de l\u2019ann\u00e9e 2012 \u2013 On attendait la Tunisie, ce fut le Y\u00e9men\u2026\" \/>\n<link rel=\"canonical\" href=\"https:\/\/www.webdo.tn\/fr\/actualite\/culture\/photo-de-lannee-2012-on-attendait-la-tunisie-ce-fut-le-yemen\/185315\/\" \/>\n<meta property=\"og:locale\" content=\"fr_FR\" \/>\n<meta property=\"og:type\" content=\"article\" \/>\n<meta property=\"og:title\" content=\"Photo de l\u2019ann\u00e9e 2012 \u2013 On attendait la Tunisie, ce fut le Y\u00e9men\u2026\" \/>\n<meta property=\"og:description\" content=\"Photo de l\u2019ann\u00e9e 2012 \u2013 On attendait la Tunisie, ce fut le Y\u00e9men\u2026\" \/>\n<meta property=\"og:url\" content=\"https:\/\/www.webdo.tn\/fr\/actualite\/culture\/photo-de-lannee-2012-on-attendait-la-tunisie-ce-fut-le-yemen\/185315\/\" \/>\n<meta property=\"og:site_name\" content=\"webdo\" \/>\n<meta property=\"article:publisher\" content=\"https:\/\/www.facebook.com\/webdotn\" \/>\n<meta property=\"article:published_time\" content=\"2012-02-14T09:49:00+00:00\" \/>\n<meta property=\"article:modified_time\" content=\"2025-05-22T13:12:24+00:00\" \/>\n<meta name=\"author\" content=\"webdo.tn\" \/>\n<meta name=\"twitter:card\" content=\"summary_large_image\" \/>\n<meta name=\"twitter:creator\" content=\"@webdo_tn\" \/>\n<meta name=\"twitter:site\" content=\"@webdo_tn\" \/>\n<meta name=\"twitter:label1\" content=\"\u00c9crit par\" \/>\n\t<meta name=\"twitter:data1\" content=\"webdo.tn\" \/>\n\t<meta name=\"twitter:label2\" content=\"Dur\u00e9e de lecture estim\u00e9e\" \/>\n\t<meta name=\"twitter:data2\" content=\"1 minute\" \/>\n<script type=\"application\/ld+json\" class=\"yoast-schema-graph\">{\"@context\":\"https:\\\/\\\/schema.org\",\"@graph\":[{\"@type\":\"NewsArticle\",\"@id\":\"https:\\\/\\\/www.webdo.tn\\\/fr\\\/actualite\\\/culture\\\/photo-de-lannee-2012-on-attendait-la-tunisie-ce-fut-le-yemen\\\/185315\\\/#article\",\"isPartOf\":{\"@id\":\"https:\\\/\\\/www.webdo.tn\\\/fr\\\/actualite\\\/culture\\\/photo-de-lannee-2012-on-attendait-la-tunisie-ce-fut-le-yemen\\\/185315\\\/\"},\"author\":{\"name\":\"webdo.tn\",\"@id\":\"https:\\\/\\\/www.webdo.tn\\\/fr\\\/#\\\/schema\\\/person\\\/9a9c6118d687c117df8ef3cc36a4d175\"},\"headline\":\"Photo de l\u2019ann\u00e9e 2012 \u2013 On attendait la Tunisie, ce fut le Y\u00e9men\u2026\",\"datePublished\":\"2012-02-14T09:49:00+00:00\",\"dateModified\":\"2025-05-22T13:12:24+00:00\",\"mainEntityOfPage\":{\"@id\":\"https:\\\/\\\/www.webdo.tn\\\/fr\\\/actualite\\\/culture\\\/photo-de-lannee-2012-on-attendait-la-tunisie-ce-fut-le-yemen\\\/185315\\\/\"},\"wordCount\":248,\"commentCount\":0,\"publisher\":{\"@id\":\"https:\\\/\\\/www.webdo.tn\\\/fr\\\/#organization\"},\"image\":{\"@id\":\"https:\\\/\\\/www.webdo.tn\\\/fr\\\/actualite\\\/culture\\\/photo-de-lannee-2012-on-attendait-la-tunisie-ce-fut-le-yemen\\\/185315\\\/#primaryimage\"},\"thumbnailUrl\":\"https:\\\/\\\/www.webdo.tn\\\/fr\\\/wp-content\\\/uploads\\\/2025\\\/06\\\/World-press-photo-winner-2012-prise-au-Yemen-Samuel-Aranda-pour-le-New-York-Times_185315.jpg\",\"articleSection\":[\"Culture\"],\"inLanguage\":\"fr-FR\"},{\"@type\":\"WebPage\",\"@id\":\"https:\\\/\\\/www.webdo.tn\\\/fr\\\/actualite\\\/culture\\\/photo-de-lannee-2012-on-attendait-la-tunisie-ce-fut-le-yemen\\\/185315\\\/\",\"url\":\"https:\\\/\\\/www.webdo.tn\\\/fr\\\/actualite\\\/culture\\\/photo-de-lannee-2012-on-attendait-la-tunisie-ce-fut-le-yemen\\\/185315\\\/\",\"name\":\"Photo de l\u2019ann\u00e9e 2012 \u2013 On attendait la Tunisie, ce fut le Y\u00e9men\u2026\",\"isPartOf\":{\"@id\":\"https:\\\/\\\/www.webdo.tn\\\/fr\\\/#website\"},\"primaryImageOfPage\":{\"@id\":\"https:\\\/\\\/www.webdo.tn\\\/fr\\\/actualite\\\/culture\\\/photo-de-lannee-2012-on-attendait-la-tunisie-ce-fut-le-yemen\\\/185315\\\/#primaryimage\"},\"image\":{\"@id\":\"https:\\\/\\\/www.webdo.tn\\\/fr\\\/actualite\\\/culture\\\/photo-de-lannee-2012-on-attendait-la-tunisie-ce-fut-le-yemen\\\/185315\\\/#primaryimage\"},\"thumbnailUrl\":\"https:\\\/\\\/www.webdo.tn\\\/fr\\\/wp-content\\\/uploads\\\/2025\\\/06\\\/World-press-photo-winner-2012-prise-au-Yemen-Samuel-Aranda-pour-le-New-York-Times_185315.jpg\",\"datePublished\":\"2012-02-14T09:49:00+00:00\",\"dateModified\":\"2025-05-22T13:12:24+00:00\",\"description\":\"Photo de l\u2019ann\u00e9e 2012 \u2013 On attendait la Tunisie, ce fut le Y\u00e9men\u2026\",\"breadcrumb\":{\"@id\":\"https:\\\/\\\/www.webdo.tn\\\/fr\\\/actualite\\\/culture\\\/photo-de-lannee-2012-on-attendait-la-tunisie-ce-fut-le-yemen\\\/185315\\\/#breadcrumb\"},\"inLanguage\":\"fr-FR\",\"potentialAction\":[{\"@type\":\"ReadAction\",\"target\":[\"https:\\\/\\\/www.webdo.tn\\\/fr\\\/actualite\\\/culture\\\/photo-de-lannee-2012-on-attendait-la-tunisie-ce-fut-le-yemen\\\/185315\\\/\"]}]},{\"@type\":\"ImageObject\",\"inLanguage\":\"fr-FR\",\"@id\":\"https:\\\/\\\/www.webdo.tn\\\/fr\\\/actualite\\\/culture\\\/photo-de-lannee-2012-on-attendait-la-tunisie-ce-fut-le-yemen\\\/185315\\\/#primaryimage\",\"url\":\"https:\\\/\\\/www.webdo.tn\\\/fr\\\/wp-content\\\/uploads\\\/2025\\\/06\\\/World-press-photo-winner-2012-prise-au-Yemen-Samuel-Aranda-pour-le-New-York-Times_185315.jpg\",\"contentUrl\":\"https:\\\/\\\/www.webdo.tn\\\/fr\\\/wp-content\\\/uploads\\\/2025\\\/06\\\/World-press-photo-winner-2012-prise-au-Yemen-Samuel-Aranda-pour-le-New-York-Times_185315.jpg\",\"width\":475,\"height\":317,\"caption\":\"Photo de l\u2019ann\u00e9e 2012 \u2013 On attendait la Tunisie, ce fut le Y\u00e9men\u2026\"},{\"@type\":\"BreadcrumbList\",\"@id\":\"https:\\\/\\\/www.webdo.tn\\\/fr\\\/actualite\\\/culture\\\/photo-de-lannee-2012-on-attendait-la-tunisie-ce-fut-le-yemen\\\/185315\\\/#breadcrumb\",\"itemListElement\":[{\"@type\":\"ListItem\",\"position\":1,\"name\":\"Accueil\",\"item\":\"https:\\\/\\\/www.webdo.tn\\\/fr\\\/\"},{\"@type\":\"ListItem\",\"position\":2,\"name\":\"Photo de l\u2019ann\u00e9e 2012 \u2013 On attendait la Tunisie, ce fut le Y\u00e9men\u2026\"}]},{\"@type\":\"WebSite\",\"@id\":\"https:\\\/\\\/www.webdo.tn\\\/fr\\\/#website\",\"url\":\"https:\\\/\\\/www.webdo.tn\\\/fr\\\/\",\"name\":\"webdo\",\"description\":\"Tunisie - News en Tunisie et \u00e0 l&#039;international sur Webdo.tn\",\"publisher\":{\"@id\":\"https:\\\/\\\/www.webdo.tn\\\/fr\\\/#organization\"},\"potentialAction\":[{\"@type\":\"SearchAction\",\"target\":{\"@type\":\"EntryPoint\",\"urlTemplate\":\"https:\\\/\\\/www.webdo.tn\\\/fr\\\/?s={search_term_string}\"},\"query-input\":{\"@type\":\"PropertyValueSpecification\",\"valueRequired\":true,\"valueName\":\"search_term_string\"}}],\"inLanguage\":\"fr-FR\"},{\"@type\":\"Organization\",\"@id\":\"https:\\\/\\\/www.webdo.tn\\\/fr\\\/#organization\",\"name\":\"Webdo\",\"alternateName\":\"Webdo.tn\",\"url\":\"https:\\\/\\\/www.webdo.tn\\\/fr\\\/\",\"logo\":{\"@type\":\"ImageObject\",\"inLanguage\":\"fr-FR\",\"@id\":\"https:\\\/\\\/www.webdo.tn\\\/fr\\\/#\\\/schema\\\/logo\\\/image\\\/\",\"url\":\"https:\\\/\\\/www.webdo.tn\\\/fr\\\/wp-content\\\/uploads\\\/2025\\\/06\\\/Webdo-Tunisie_168377.jpg\",\"contentUrl\":\"https:\\\/\\\/www.webdo.tn\\\/fr\\\/wp-content\\\/uploads\\\/2025\\\/06\\\/Webdo-Tunisie_168377.jpg\",\"width\":301,\"height\":301,\"caption\":\"Webdo\"},\"image\":{\"@id\":\"https:\\\/\\\/www.webdo.tn\\\/fr\\\/#\\\/schema\\\/logo\\\/image\\\/\"},\"sameAs\":[\"https:\\\/\\\/www.facebook.com\\\/webdotn\",\"https:\\\/\\\/x.com\\\/webdo_tn\"],\"description\":\"Webdo est un m\u00e9dia num\u00e9rique tunisien fond\u00e9 en 2010, sp\u00e9cialis\u00e9 dans l\u2019actualit\u00e9 nationale et internationale, l\u2019\u00e9conomie, la soci\u00e9t\u00e9 et les analyses politiques. Le site s\u2019adresse \u00e0 un large public francophone et couvre l\u2019information tunisienne en temps r\u00e9el.\",\"email\":\"redac@webdo.tn\",\"legalName\":\"YNJ SARL\",\"foundingDate\":\"2010-09-06\",\"numberOfEmployees\":{\"@type\":\"QuantitativeValue\",\"minValue\":\"11\",\"maxValue\":\"50\"}},{\"@type\":\"Person\",\"@id\":\"https:\\\/\\\/www.webdo.tn\\\/fr\\\/#\\\/schema\\\/person\\\/9a9c6118d687c117df8ef3cc36a4d175\",\"name\":\"webdo.tn\",\"image\":{\"@type\":\"ImageObject\",\"inLanguage\":\"fr-FR\",\"@id\":\"https:\\\/\\\/secure.gravatar.com\\\/avatar\\\/7ce1f28c0c3bbac99ff550b85ef8e44a6950c6ee24514fb6a5489e51d06f0298?s=96&d=mm&r=g\",\"url\":\"https:\\\/\\\/secure.gravatar.com\\\/avatar\\\/7ce1f28c0c3bbac99ff550b85ef8e44a6950c6ee24514fb6a5489e51d06f0298?s=96&d=mm&r=g\",\"contentUrl\":\"https:\\\/\\\/secure.gravatar.com\\\/avatar\\\/7ce1f28c0c3bbac99ff550b85ef8e44a6950c6ee24514fb6a5489e51d06f0298?s=96&d=mm&r=g\",\"caption\":\"webdo.tn\"},\"url\":\"https:\\\/\\\/www.webdo.tn\\\/fr\\\/actualite\\\/author\\\/webdotn\\\/\"}]}<\/script>\n<!-- \/ Yoast SEO Premium plugin. -->","yoast_head_json":{"title":"Photo de l\u2019ann\u00e9e 2012 \u2013 On attendait la Tunisie, ce fut le Y\u00e9men\u2026","description":"Photo de l\u2019ann\u00e9e 2012 \u2013 On attendait la Tunisie, ce fut le Y\u00e9men\u2026","canonical":"https:\/\/www.webdo.tn\/fr\/actualite\/culture\/photo-de-lannee-2012-on-attendait-la-tunisie-ce-fut-le-yemen\/185315\/","og_locale":"fr_FR","og_type":"article","og_title":"Photo de l\u2019ann\u00e9e 2012 \u2013 On attendait la Tunisie, ce fut le Y\u00e9men\u2026","og_description":"Photo de l\u2019ann\u00e9e 2012 \u2013 On attendait la Tunisie, ce fut le Y\u00e9men\u2026","og_url":"https:\/\/www.webdo.tn\/fr\/actualite\/culture\/photo-de-lannee-2012-on-attendait-la-tunisie-ce-fut-le-yemen\/185315\/","og_site_name":"webdo","article_publisher":"https:\/\/www.facebook.com\/webdotn","article_published_time":"2012-02-14T09:49:00+00:00","article_modified_time":"2025-05-22T13:12:24+00:00","author":"webdo.tn","twitter_card":"summary_large_image","twitter_creator":"@webdo_tn","twitter_site":"@webdo_tn","twitter_misc":{"\u00c9crit par":"webdo.tn","Dur\u00e9e de lecture estim\u00e9e":"1 minute"},"schema":{"@context":"https:\/\/schema.org","@graph":[{"@type":"NewsArticle","@id":"https:\/\/www.webdo.tn\/fr\/actualite\/culture\/photo-de-lannee-2012-on-attendait-la-tunisie-ce-fut-le-yemen\/185315\/#article","isPartOf":{"@id":"https:\/\/www.webdo.tn\/fr\/actualite\/culture\/photo-de-lannee-2012-on-attendait-la-tunisie-ce-fut-le-yemen\/185315\/"},"author":{"name":"webdo.tn","@id":"https:\/\/www.webdo.tn\/fr\/#\/schema\/person\/9a9c6118d687c117df8ef3cc36a4d175"},"headline":"Photo de l\u2019ann\u00e9e 2012 \u2013 On attendait la Tunisie, ce fut le Y\u00e9men\u2026","datePublished":"2012-02-14T09:49:00+00:00","dateModified":"2025-05-22T13:12:24+00:00","mainEntityOfPage":{"@id":"https:\/\/www.webdo.tn\/fr\/actualite\/culture\/photo-de-lannee-2012-on-attendait-la-tunisie-ce-fut-le-yemen\/185315\/"},"wordCount":248,"commentCount":0,"publisher":{"@id":"https:\/\/www.webdo.tn\/fr\/#organization"},"image":{"@id":"https:\/\/www.webdo.tn\/fr\/actualite\/culture\/photo-de-lannee-2012-on-attendait-la-tunisie-ce-fut-le-yemen\/185315\/#primaryimage"},"thumbnailUrl":"https:\/\/www.webdo.tn\/fr\/wp-content\/uploads\/2025\/06\/World-press-photo-winner-2012-prise-au-Yemen-Samuel-Aranda-pour-le-New-York-Times_185315.jpg","articleSection":["Culture"],"inLanguage":"fr-FR"},{"@type":"WebPage","@id":"https:\/\/www.webdo.tn\/fr\/actualite\/culture\/photo-de-lannee-2012-on-attendait-la-tunisie-ce-fut-le-yemen\/185315\/","url":"https:\/\/www.webdo.tn\/fr\/actualite\/culture\/photo-de-lannee-2012-on-attendait-la-tunisie-ce-fut-le-yemen\/185315\/","name":"Photo de l\u2019ann\u00e9e 2012 \u2013 On attendait la Tunisie, ce fut le Y\u00e9men\u2026","isPartOf":{"@id":"https:\/\/www.webdo.tn\/fr\/#website"},"primaryImageOfPage":{"@id":"https:\/\/www.webdo.tn\/fr\/actualite\/culture\/photo-de-lannee-2012-on-attendait-la-tunisie-ce-fut-le-yemen\/185315\/#primaryimage"},"image":{"@id":"https:\/\/www.webdo.tn\/fr\/actualite\/culture\/photo-de-lannee-2012-on-attendait-la-tunisie-ce-fut-le-yemen\/185315\/#primaryimage"},"thumbnailUrl":"https:\/\/www.webdo.tn\/fr\/wp-content\/uploads\/2025\/06\/World-press-photo-winner-2012-prise-au-Yemen-Samuel-Aranda-pour-le-New-York-Times_185315.jpg","datePublished":"2012-02-14T09:49:00+00:00","dateModified":"2025-05-22T13:12:24+00:00","description":"Photo de l\u2019ann\u00e9e 2012 \u2013 On attendait la Tunisie, ce fut le Y\u00e9men\u2026","breadcrumb":{"@id":"https:\/\/www.webdo.tn\/fr\/actualite\/culture\/photo-de-lannee-2012-on-attendait-la-tunisie-ce-fut-le-yemen\/185315\/#breadcrumb"},"inLanguage":"fr-FR","potentialAction":[{"@type":"ReadAction","target":["https:\/\/www.webdo.tn\/fr\/actualite\/culture\/photo-de-lannee-2012-on-attendait-la-tunisie-ce-fut-le-yemen\/185315\/"]}]},{"@type":"ImageObject","inLanguage":"fr-FR","@id":"https:\/\/www.webdo.tn\/fr\/actualite\/culture\/photo-de-lannee-2012-on-attendait-la-tunisie-ce-fut-le-yemen\/185315\/#primaryimage","url":"https:\/\/www.webdo.tn\/fr\/wp-content\/uploads\/2025\/06\/World-press-photo-winner-2012-prise-au-Yemen-Samuel-Aranda-pour-le-New-York-Times_185315.jpg","contentUrl":"https:\/\/www.webdo.tn\/fr\/wp-content\/uploads\/2025\/06\/World-press-photo-winner-2012-prise-au-Yemen-Samuel-Aranda-pour-le-New-York-Times_185315.jpg","width":475,"height":317,"caption":"Photo de l\u2019ann\u00e9e 2012 \u2013 On attendait la Tunisie, ce fut le Y\u00e9men\u2026"},{"@type":"BreadcrumbList","@id":"https:\/\/www.webdo.tn\/fr\/actualite\/culture\/photo-de-lannee-2012-on-attendait-la-tunisie-ce-fut-le-yemen\/185315\/#breadcrumb","itemListElement":[{"@type":"ListItem","position":1,"name":"Accueil","item":"https:\/\/www.webdo.tn\/fr\/"},{"@type":"ListItem","position":2,"name":"Photo de l\u2019ann\u00e9e 2012 \u2013 On attendait la Tunisie, ce fut le Y\u00e9men\u2026"}]},{"@type":"WebSite","@id":"https:\/\/www.webdo.tn\/fr\/#website","url":"https:\/\/www.webdo.tn\/fr\/","name":"webdo","description":"Tunisie - News en Tunisie et \u00e0 l&#039;international sur Webdo.tn","publisher":{"@id":"https:\/\/www.webdo.tn\/fr\/#organization"},"potentialAction":[{"@type":"SearchAction","target":{"@type":"EntryPoint","urlTemplate":"https:\/\/www.webdo.tn\/fr\/?s={search_term_string}"},"query-input":{"@type":"PropertyValueSpecification","valueRequired":true,"valueName":"search_term_string"}}],"inLanguage":"fr-FR"},{"@type":"Organization","@id":"https:\/\/www.webdo.tn\/fr\/#organization","name":"Webdo","alternateName":"Webdo.tn","url":"https:\/\/www.webdo.tn\/fr\/","logo":{"@type":"ImageObject","inLanguage":"fr-FR","@id":"https:\/\/www.webdo.tn\/fr\/#\/schema\/logo\/image\/","url":"https:\/\/www.webdo.tn\/fr\/wp-content\/uploads\/2025\/06\/Webdo-Tunisie_168377.jpg","contentUrl":"https:\/\/www.webdo.tn\/fr\/wp-content\/uploads\/2025\/06\/Webdo-Tunisie_168377.jpg","width":301,"height":301,"caption":"Webdo"},"image":{"@id":"https:\/\/www.webdo.tn\/fr\/#\/schema\/logo\/image\/"},"sameAs":["https:\/\/www.facebook.com\/webdotn","https:\/\/x.com\/webdo_tn"],"description":"Webdo est un m\u00e9dia num\u00e9rique tunisien fond\u00e9 en 2010, sp\u00e9cialis\u00e9 dans l\u2019actualit\u00e9 nationale et internationale, l\u2019\u00e9conomie, la soci\u00e9t\u00e9 et les analyses politiques. Le site s\u2019adresse \u00e0 un large public francophone et couvre l\u2019information tunisienne en temps r\u00e9el.","email":"redac@webdo.tn","legalName":"YNJ SARL","foundingDate":"2010-09-06","numberOfEmployees":{"@type":"QuantitativeValue","minValue":"11","maxValue":"50"}},{"@type":"Person","@id":"https:\/\/www.webdo.tn\/fr\/#\/schema\/person\/9a9c6118d687c117df8ef3cc36a4d175","name":"webdo.tn","image":{"@type":"ImageObject","inLanguage":"fr-FR","@id":"https:\/\/secure.gravatar.com\/avatar\/7ce1f28c0c3bbac99ff550b85ef8e44a6950c6ee24514fb6a5489e51d06f0298?s=96&d=mm&r=g","url":"https:\/\/secure.gravatar.com\/avatar\/7ce1f28c0c3bbac99ff550b85ef8e44a6950c6ee24514fb6a5489e51d06f0298?s=96&d=mm&r=g","contentUrl":"https:\/\/secure.gravatar.com\/avatar\/7ce1f28c0c3bbac99ff550b85ef8e44a6950c6ee24514fb6a5489e51d06f0298?s=96&d=mm&r=g","caption":"webdo.tn"},"url":"https:\/\/www.webdo.tn\/fr\/actualite\/author\/webdotn\/"}]}},"_links":{"self":[{"href":"https:\/\/www.webdo.tn\/fr\/wp-json\/wp\/v2\/posts\/185315","targetHints":{"allow":["GET"]}}],"collection":[{"href":"https:\/\/www.webdo.tn\/fr\/wp-json\/wp\/v2\/posts"}],"about":[{"href":"https:\/\/www.webdo.tn\/fr\/wp-json\/wp\/v2\/types\/post"}],"author":[{"embeddable":true,"href":"https:\/\/www.webdo.tn\/fr\/wp-json\/wp\/v2\/users\/3222"}],"replies":[{"embeddable":true,"href":"https:\/\/www.webdo.tn\/fr\/wp-json\/wp\/v2\/comments?post=185315"}],"version-history":[{"count":0,"href":"https:\/\/www.webdo.tn\/fr\/wp-json\/wp\/v2\/posts\/185315\/revisions"}],"wp:featuredmedia":[{"embeddable":true,"href":"https:\/\/www.webdo.tn\/fr\/wp-json\/wp\/v2\/media\/374506"}],"wp:attachment":[{"href":"https:\/\/www.webdo.tn\/fr\/wp-json\/wp\/v2\/media?parent=185315"}],"wp:term":[{"taxonomy":"category","embeddable":true,"href":"https:\/\/www.webdo.tn\/fr\/wp-json\/wp\/v2\/categories?post=185315"},{"taxonomy":"post_tag","embeddable":true,"href":"https:\/\/www.webdo.tn\/fr\/wp-json\/wp\/v2\/tags?post=185315"}],"curies":[{"name":"wp","href":"https:\/\/api.w.org\/{rel}","templated":true}]}}