{"id":185298,"date":"2012-05-10T09:10:00","date_gmt":"2012-05-10T09:10:00","guid":{"rendered":"https:\/\/www.webdo.tn\/fr\/blog\/journees-nationales-du-patrimoine-judeo-tunisien\/185298\/"},"modified":"2025-06-04T18:57:10","modified_gmt":"2025-06-04T18:57:10","slug":"journees-nationales-du-patrimoine-judeo-tunisien","status":"publish","type":"post","link":"https:\/\/www.webdo.tn\/fr\/actualite\/culture\/journees-nationales-du-patrimoine-judeo-tunisien\/185298\/","title":{"rendered":"Journ\u00e9es nationales du patrimoine jud\u00e9o-tunisien"},"content":{"rendered":"<p>Les premi\u00e8res journ\u00e9es du patrimoine jud\u00e9o-tunisien se tiendront les 11,12 et 13 mai au club Tahar Haddaa, \u00e0 la M\u00e9dina, Tunis, en collaboration avec l&rsquo;association Dar Edhekra, la maison de la m\u00e9moire. Elles auront pour but de pr\u00e9senter la culture et l&rsquo;art juifs de Tunisie comme partie int\u00e9grante du patrimoine national.<\/p>\n<p>Il y aura au programme une exposition de photographies, d&rsquo;objets artisanaux quotidiens, d&rsquo;objets artisanaux provenant de l&rsquo;artisanat local, des oeuvres d&rsquo;art, de musique et de litt\u00e9rature. Cette exposition vise \u00e0 faire conna\u00eetre aux visiteurs cette culture plusieurs fois mill\u00e9naire, mise \u00e0 l&rsquo;honneur pour la toute premi\u00e8re fois en Tunisie.<\/p>\n<p>Une table ronde cl\u00f4turera les journ\u00e9es. Elle aura pour sujet \u00ab\u00a0L&rsquo;art et la culture en Tunisie, histoire d&rsquo;un pluriel interne\u00a0\u00bb et sera anim\u00e9e par d&rsquo;\u00e9minentes figures du monde de la litt\u00e9rature, de la sociologie, du journalisme et du cin\u00e9ma, telles que Albert Memi, Colette Felous, Serge Moati, Nouri Bouzid et bien d&rsquo;autres.<\/p>\n","protected":false},"excerpt":{"rendered":"<p>Journ\u00e9es nationales du patrimoine jud\u00e9o-tunisien  <\/p>\n","protected":false},"author":3222,"featured_media":374729,"comment_status":"open","ping_status":"closed","sticky":false,"template":"","format":"standard","meta":{"footnotes":""},"categories":[2594],"tags":[],"class_list":["post-185298","post","type-post","status-publish","format-standard","has-post-thumbnail","hentry","category-culture"],"yoast_head":"<!-- This site is optimized with the Yoast SEO Premium plugin v27.5 (Yoast SEO v27.5) - https:\/\/yoast.com\/product\/yoast-seo-premium-wordpress\/ -->\n<title>Journ\u00e9es nationales du patrimoine jud\u00e9o-tunisien<\/title>\n<meta name=\"description\" content=\"Journ\u00e9es nationales du patrimoine jud\u00e9o-tunisien\" \/>\n<link rel=\"canonical\" href=\"https:\/\/www.webdo.tn\/fr\/actualite\/culture\/journees-nationales-du-patrimoine-judeo-tunisien\/185298\/\" \/>\n<meta property=\"og:locale\" content=\"fr_FR\" \/>\n<meta property=\"og:type\" content=\"article\" \/>\n<meta property=\"og:title\" content=\"Journ\u00e9es nationales du patrimoine jud\u00e9o-tunisien\" \/>\n<meta property=\"og:description\" content=\"Journ\u00e9es nationales du patrimoine jud\u00e9o-tunisien\" \/>\n<meta property=\"og:url\" content=\"https:\/\/www.webdo.tn\/fr\/actualite\/culture\/journees-nationales-du-patrimoine-judeo-tunisien\/185298\/\" \/>\n<meta property=\"og:site_name\" content=\"webdo\" \/>\n<meta property=\"article:publisher\" content=\"https:\/\/www.facebook.com\/webdotn\" \/>\n<meta property=\"article:published_time\" content=\"2012-05-10T09:10:00+00:00\" \/>\n<meta property=\"article:modified_time\" content=\"2025-06-04T18:57:10+00:00\" \/>\n<meta name=\"author\" content=\"webdo.tn\" \/>\n<meta name=\"twitter:card\" content=\"summary_large_image\" \/>\n<meta name=\"twitter:creator\" content=\"@webdo_tn\" \/>\n<meta name=\"twitter:site\" content=\"@webdo_tn\" \/>\n<meta name=\"twitter:label1\" content=\"\u00c9crit par\" \/>\n\t<meta name=\"twitter:data1\" content=\"webdo.tn\" \/>\n\t<meta name=\"twitter:label2\" content=\"Dur\u00e9e de lecture estim\u00e9e\" \/>\n\t<meta name=\"twitter:data2\" content=\"1 minute\" \/>\n<script type=\"application\/ld+json\" class=\"yoast-schema-graph\">{\"@context\":\"https:\\\/\\\/schema.org\",\"@graph\":[{\"@type\":\"NewsArticle\",\"@id\":\"https:\\\/\\\/www.webdo.tn\\\/fr\\\/actualite\\\/culture\\\/journees-nationales-du-patrimoine-judeo-tunisien\\\/185298\\\/#article\",\"isPartOf\":{\"@id\":\"https:\\\/\\\/www.webdo.tn\\\/fr\\\/actualite\\\/culture\\\/journees-nationales-du-patrimoine-judeo-tunisien\\\/185298\\\/\"},\"author\":{\"name\":\"webdo.tn\",\"@id\":\"https:\\\/\\\/www.webdo.tn\\\/fr\\\/#\\\/schema\\\/person\\\/9a9c6118d687c117df8ef3cc36a4d175\"},\"headline\":\"Journ\u00e9es nationales du patrimoine jud\u00e9o-tunisien\",\"datePublished\":\"2012-05-10T09:10:00+00:00\",\"dateModified\":\"2025-06-04T18:57:10+00:00\",\"mainEntityOfPage\":{\"@id\":\"https:\\\/\\\/www.webdo.tn\\\/fr\\\/actualite\\\/culture\\\/journees-nationales-du-patrimoine-judeo-tunisien\\\/185298\\\/\"},\"wordCount\":181,\"commentCount\":0,\"publisher\":{\"@id\":\"https:\\\/\\\/www.webdo.tn\\\/fr\\\/#organization\"},\"image\":{\"@id\":\"https:\\\/\\\/www.webdo.tn\\\/fr\\\/actualite\\\/culture\\\/journees-nationales-du-patrimoine-judeo-tunisien\\\/185298\\\/#primaryimage\"},\"thumbnailUrl\":\"https:\\\/\\\/www.webdo.tn\\\/fr\\\/wp-content\\\/uploads\\\/2025\\\/06\\\/Journees-nationales-du-patrimoine-judeo-tunisien_185298.jpg\",\"articleSection\":[\"Culture\"],\"inLanguage\":\"fr-FR\"},{\"@type\":\"WebPage\",\"@id\":\"https:\\\/\\\/www.webdo.tn\\\/fr\\\/actualite\\\/culture\\\/journees-nationales-du-patrimoine-judeo-tunisien\\\/185298\\\/\",\"url\":\"https:\\\/\\\/www.webdo.tn\\\/fr\\\/actualite\\\/culture\\\/journees-nationales-du-patrimoine-judeo-tunisien\\\/185298\\\/\",\"name\":\"Journ\u00e9es nationales du patrimoine jud\u00e9o-tunisien\",\"isPartOf\":{\"@id\":\"https:\\\/\\\/www.webdo.tn\\\/fr\\\/#website\"},\"primaryImageOfPage\":{\"@id\":\"https:\\\/\\\/www.webdo.tn\\\/fr\\\/actualite\\\/culture\\\/journees-nationales-du-patrimoine-judeo-tunisien\\\/185298\\\/#primaryimage\"},\"image\":{\"@id\":\"https:\\\/\\\/www.webdo.tn\\\/fr\\\/actualite\\\/culture\\\/journees-nationales-du-patrimoine-judeo-tunisien\\\/185298\\\/#primaryimage\"},\"thumbnailUrl\":\"https:\\\/\\\/www.webdo.tn\\\/fr\\\/wp-content\\\/uploads\\\/2025\\\/06\\\/Journees-nationales-du-patrimoine-judeo-tunisien_185298.jpg\",\"datePublished\":\"2012-05-10T09:10:00+00:00\",\"dateModified\":\"2025-06-04T18:57:10+00:00\",\"description\":\"Journ\u00e9es nationales du patrimoine jud\u00e9o-tunisien\",\"breadcrumb\":{\"@id\":\"https:\\\/\\\/www.webdo.tn\\\/fr\\\/actualite\\\/culture\\\/journees-nationales-du-patrimoine-judeo-tunisien\\\/185298\\\/#breadcrumb\"},\"inLanguage\":\"fr-FR\",\"potentialAction\":[{\"@type\":\"ReadAction\",\"target\":[\"https:\\\/\\\/www.webdo.tn\\\/fr\\\/actualite\\\/culture\\\/journees-nationales-du-patrimoine-judeo-tunisien\\\/185298\\\/\"]}]},{\"@type\":\"ImageObject\",\"inLanguage\":\"fr-FR\",\"@id\":\"https:\\\/\\\/www.webdo.tn\\\/fr\\\/actualite\\\/culture\\\/journees-nationales-du-patrimoine-judeo-tunisien\\\/185298\\\/#primaryimage\",\"url\":\"https:\\\/\\\/www.webdo.tn\\\/fr\\\/wp-content\\\/uploads\\\/2025\\\/06\\\/Journees-nationales-du-patrimoine-judeo-tunisien_185298.jpg\",\"contentUrl\":\"https:\\\/\\\/www.webdo.tn\\\/fr\\\/wp-content\\\/uploads\\\/2025\\\/06\\\/Journees-nationales-du-patrimoine-judeo-tunisien_185298.jpg\",\"width\":180,\"height\":218,\"caption\":\"Journ\u00e9es nationales du patrimoine jud\u00e9o-tunisien\"},{\"@type\":\"BreadcrumbList\",\"@id\":\"https:\\\/\\\/www.webdo.tn\\\/fr\\\/actualite\\\/culture\\\/journees-nationales-du-patrimoine-judeo-tunisien\\\/185298\\\/#breadcrumb\",\"itemListElement\":[{\"@type\":\"ListItem\",\"position\":1,\"name\":\"Accueil\",\"item\":\"https:\\\/\\\/www.webdo.tn\\\/fr\\\/\"},{\"@type\":\"ListItem\",\"position\":2,\"name\":\"Journ\u00e9es nationales du patrimoine jud\u00e9o-tunisien\"}]},{\"@type\":\"WebSite\",\"@id\":\"https:\\\/\\\/www.webdo.tn\\\/fr\\\/#website\",\"url\":\"https:\\\/\\\/www.webdo.tn\\\/fr\\\/\",\"name\":\"webdo\",\"description\":\"Tunisie - News en Tunisie et \u00e0 l&#039;international sur Webdo.tn\",\"publisher\":{\"@id\":\"https:\\\/\\\/www.webdo.tn\\\/fr\\\/#organization\"},\"potentialAction\":[{\"@type\":\"SearchAction\",\"target\":{\"@type\":\"EntryPoint\",\"urlTemplate\":\"https:\\\/\\\/www.webdo.tn\\\/fr\\\/?s={search_term_string}\"},\"query-input\":{\"@type\":\"PropertyValueSpecification\",\"valueRequired\":true,\"valueName\":\"search_term_string\"}}],\"inLanguage\":\"fr-FR\"},{\"@type\":\"Organization\",\"@id\":\"https:\\\/\\\/www.webdo.tn\\\/fr\\\/#organization\",\"name\":\"Webdo\",\"alternateName\":\"Webdo.tn\",\"url\":\"https:\\\/\\\/www.webdo.tn\\\/fr\\\/\",\"logo\":{\"@type\":\"ImageObject\",\"inLanguage\":\"fr-FR\",\"@id\":\"https:\\\/\\\/www.webdo.tn\\\/fr\\\/#\\\/schema\\\/logo\\\/image\\\/\",\"url\":\"https:\\\/\\\/www.webdo.tn\\\/fr\\\/wp-content\\\/uploads\\\/2025\\\/06\\\/Webdo-Tunisie_168377.jpg\",\"contentUrl\":\"https:\\\/\\\/www.webdo.tn\\\/fr\\\/wp-content\\\/uploads\\\/2025\\\/06\\\/Webdo-Tunisie_168377.jpg\",\"width\":301,\"height\":301,\"caption\":\"Webdo\"},\"image\":{\"@id\":\"https:\\\/\\\/www.webdo.tn\\\/fr\\\/#\\\/schema\\\/logo\\\/image\\\/\"},\"sameAs\":[\"https:\\\/\\\/www.facebook.com\\\/webdotn\",\"https:\\\/\\\/x.com\\\/webdo_tn\"],\"description\":\"Webdo est un m\u00e9dia num\u00e9rique tunisien fond\u00e9 en 2010, sp\u00e9cialis\u00e9 dans l\u2019actualit\u00e9 nationale et internationale, l\u2019\u00e9conomie, la soci\u00e9t\u00e9 et les analyses politiques. Le site s\u2019adresse \u00e0 un large public francophone et couvre l\u2019information tunisienne en temps r\u00e9el.\",\"email\":\"redac@webdo.tn\",\"legalName\":\"YNJ SARL\",\"foundingDate\":\"2010-09-06\",\"numberOfEmployees\":{\"@type\":\"QuantitativeValue\",\"minValue\":\"11\",\"maxValue\":\"50\"}},{\"@type\":\"Person\",\"@id\":\"https:\\\/\\\/www.webdo.tn\\\/fr\\\/#\\\/schema\\\/person\\\/9a9c6118d687c117df8ef3cc36a4d175\",\"name\":\"webdo.tn\",\"image\":{\"@type\":\"ImageObject\",\"inLanguage\":\"fr-FR\",\"@id\":\"https:\\\/\\\/secure.gravatar.com\\\/avatar\\\/7ce1f28c0c3bbac99ff550b85ef8e44a6950c6ee24514fb6a5489e51d06f0298?s=96&d=mm&r=g\",\"url\":\"https:\\\/\\\/secure.gravatar.com\\\/avatar\\\/7ce1f28c0c3bbac99ff550b85ef8e44a6950c6ee24514fb6a5489e51d06f0298?s=96&d=mm&r=g\",\"contentUrl\":\"https:\\\/\\\/secure.gravatar.com\\\/avatar\\\/7ce1f28c0c3bbac99ff550b85ef8e44a6950c6ee24514fb6a5489e51d06f0298?s=96&d=mm&r=g\",\"caption\":\"webdo.tn\"},\"url\":\"https:\\\/\\\/www.webdo.tn\\\/fr\\\/actualite\\\/author\\\/webdotn\\\/\"}]}<\/script>\n<!-- \/ Yoast SEO Premium plugin. -->","yoast_head_json":{"title":"Journ\u00e9es nationales du patrimoine jud\u00e9o-tunisien","description":"Journ\u00e9es nationales du patrimoine jud\u00e9o-tunisien","canonical":"https:\/\/www.webdo.tn\/fr\/actualite\/culture\/journees-nationales-du-patrimoine-judeo-tunisien\/185298\/","og_locale":"fr_FR","og_type":"article","og_title":"Journ\u00e9es nationales du patrimoine jud\u00e9o-tunisien","og_description":"Journ\u00e9es nationales du patrimoine jud\u00e9o-tunisien","og_url":"https:\/\/www.webdo.tn\/fr\/actualite\/culture\/journees-nationales-du-patrimoine-judeo-tunisien\/185298\/","og_site_name":"webdo","article_publisher":"https:\/\/www.facebook.com\/webdotn","article_published_time":"2012-05-10T09:10:00+00:00","article_modified_time":"2025-06-04T18:57:10+00:00","author":"webdo.tn","twitter_card":"summary_large_image","twitter_creator":"@webdo_tn","twitter_site":"@webdo_tn","twitter_misc":{"\u00c9crit par":"webdo.tn","Dur\u00e9e de lecture estim\u00e9e":"1 minute"},"schema":{"@context":"https:\/\/schema.org","@graph":[{"@type":"NewsArticle","@id":"https:\/\/www.webdo.tn\/fr\/actualite\/culture\/journees-nationales-du-patrimoine-judeo-tunisien\/185298\/#article","isPartOf":{"@id":"https:\/\/www.webdo.tn\/fr\/actualite\/culture\/journees-nationales-du-patrimoine-judeo-tunisien\/185298\/"},"author":{"name":"webdo.tn","@id":"https:\/\/www.webdo.tn\/fr\/#\/schema\/person\/9a9c6118d687c117df8ef3cc36a4d175"},"headline":"Journ\u00e9es nationales du patrimoine jud\u00e9o-tunisien","datePublished":"2012-05-10T09:10:00+00:00","dateModified":"2025-06-04T18:57:10+00:00","mainEntityOfPage":{"@id":"https:\/\/www.webdo.tn\/fr\/actualite\/culture\/journees-nationales-du-patrimoine-judeo-tunisien\/185298\/"},"wordCount":181,"commentCount":0,"publisher":{"@id":"https:\/\/www.webdo.tn\/fr\/#organization"},"image":{"@id":"https:\/\/www.webdo.tn\/fr\/actualite\/culture\/journees-nationales-du-patrimoine-judeo-tunisien\/185298\/#primaryimage"},"thumbnailUrl":"https:\/\/www.webdo.tn\/fr\/wp-content\/uploads\/2025\/06\/Journees-nationales-du-patrimoine-judeo-tunisien_185298.jpg","articleSection":["Culture"],"inLanguage":"fr-FR"},{"@type":"WebPage","@id":"https:\/\/www.webdo.tn\/fr\/actualite\/culture\/journees-nationales-du-patrimoine-judeo-tunisien\/185298\/","url":"https:\/\/www.webdo.tn\/fr\/actualite\/culture\/journees-nationales-du-patrimoine-judeo-tunisien\/185298\/","name":"Journ\u00e9es nationales du patrimoine jud\u00e9o-tunisien","isPartOf":{"@id":"https:\/\/www.webdo.tn\/fr\/#website"},"primaryImageOfPage":{"@id":"https:\/\/www.webdo.tn\/fr\/actualite\/culture\/journees-nationales-du-patrimoine-judeo-tunisien\/185298\/#primaryimage"},"image":{"@id":"https:\/\/www.webdo.tn\/fr\/actualite\/culture\/journees-nationales-du-patrimoine-judeo-tunisien\/185298\/#primaryimage"},"thumbnailUrl":"https:\/\/www.webdo.tn\/fr\/wp-content\/uploads\/2025\/06\/Journees-nationales-du-patrimoine-judeo-tunisien_185298.jpg","datePublished":"2012-05-10T09:10:00+00:00","dateModified":"2025-06-04T18:57:10+00:00","description":"Journ\u00e9es nationales du patrimoine jud\u00e9o-tunisien","breadcrumb":{"@id":"https:\/\/www.webdo.tn\/fr\/actualite\/culture\/journees-nationales-du-patrimoine-judeo-tunisien\/185298\/#breadcrumb"},"inLanguage":"fr-FR","potentialAction":[{"@type":"ReadAction","target":["https:\/\/www.webdo.tn\/fr\/actualite\/culture\/journees-nationales-du-patrimoine-judeo-tunisien\/185298\/"]}]},{"@type":"ImageObject","inLanguage":"fr-FR","@id":"https:\/\/www.webdo.tn\/fr\/actualite\/culture\/journees-nationales-du-patrimoine-judeo-tunisien\/185298\/#primaryimage","url":"https:\/\/www.webdo.tn\/fr\/wp-content\/uploads\/2025\/06\/Journees-nationales-du-patrimoine-judeo-tunisien_185298.jpg","contentUrl":"https:\/\/www.webdo.tn\/fr\/wp-content\/uploads\/2025\/06\/Journees-nationales-du-patrimoine-judeo-tunisien_185298.jpg","width":180,"height":218,"caption":"Journ\u00e9es nationales du patrimoine jud\u00e9o-tunisien"},{"@type":"BreadcrumbList","@id":"https:\/\/www.webdo.tn\/fr\/actualite\/culture\/journees-nationales-du-patrimoine-judeo-tunisien\/185298\/#breadcrumb","itemListElement":[{"@type":"ListItem","position":1,"name":"Accueil","item":"https:\/\/www.webdo.tn\/fr\/"},{"@type":"ListItem","position":2,"name":"Journ\u00e9es nationales du patrimoine jud\u00e9o-tunisien"}]},{"@type":"WebSite","@id":"https:\/\/www.webdo.tn\/fr\/#website","url":"https:\/\/www.webdo.tn\/fr\/","name":"webdo","description":"Tunisie - News en Tunisie et \u00e0 l&#039;international sur Webdo.tn","publisher":{"@id":"https:\/\/www.webdo.tn\/fr\/#organization"},"potentialAction":[{"@type":"SearchAction","target":{"@type":"EntryPoint","urlTemplate":"https:\/\/www.webdo.tn\/fr\/?s={search_term_string}"},"query-input":{"@type":"PropertyValueSpecification","valueRequired":true,"valueName":"search_term_string"}}],"inLanguage":"fr-FR"},{"@type":"Organization","@id":"https:\/\/www.webdo.tn\/fr\/#organization","name":"Webdo","alternateName":"Webdo.tn","url":"https:\/\/www.webdo.tn\/fr\/","logo":{"@type":"ImageObject","inLanguage":"fr-FR","@id":"https:\/\/www.webdo.tn\/fr\/#\/schema\/logo\/image\/","url":"https:\/\/www.webdo.tn\/fr\/wp-content\/uploads\/2025\/06\/Webdo-Tunisie_168377.jpg","contentUrl":"https:\/\/www.webdo.tn\/fr\/wp-content\/uploads\/2025\/06\/Webdo-Tunisie_168377.jpg","width":301,"height":301,"caption":"Webdo"},"image":{"@id":"https:\/\/www.webdo.tn\/fr\/#\/schema\/logo\/image\/"},"sameAs":["https:\/\/www.facebook.com\/webdotn","https:\/\/x.com\/webdo_tn"],"description":"Webdo est un m\u00e9dia num\u00e9rique tunisien fond\u00e9 en 2010, sp\u00e9cialis\u00e9 dans l\u2019actualit\u00e9 nationale et internationale, l\u2019\u00e9conomie, la soci\u00e9t\u00e9 et les analyses politiques. Le site s\u2019adresse \u00e0 un large public francophone et couvre l\u2019information tunisienne en temps r\u00e9el.","email":"redac@webdo.tn","legalName":"YNJ SARL","foundingDate":"2010-09-06","numberOfEmployees":{"@type":"QuantitativeValue","minValue":"11","maxValue":"50"}},{"@type":"Person","@id":"https:\/\/www.webdo.tn\/fr\/#\/schema\/person\/9a9c6118d687c117df8ef3cc36a4d175","name":"webdo.tn","image":{"@type":"ImageObject","inLanguage":"fr-FR","@id":"https:\/\/secure.gravatar.com\/avatar\/7ce1f28c0c3bbac99ff550b85ef8e44a6950c6ee24514fb6a5489e51d06f0298?s=96&d=mm&r=g","url":"https:\/\/secure.gravatar.com\/avatar\/7ce1f28c0c3bbac99ff550b85ef8e44a6950c6ee24514fb6a5489e51d06f0298?s=96&d=mm&r=g","contentUrl":"https:\/\/secure.gravatar.com\/avatar\/7ce1f28c0c3bbac99ff550b85ef8e44a6950c6ee24514fb6a5489e51d06f0298?s=96&d=mm&r=g","caption":"webdo.tn"},"url":"https:\/\/www.webdo.tn\/fr\/actualite\/author\/webdotn\/"}]}},"_links":{"self":[{"href":"https:\/\/www.webdo.tn\/fr\/wp-json\/wp\/v2\/posts\/185298","targetHints":{"allow":["GET"]}}],"collection":[{"href":"https:\/\/www.webdo.tn\/fr\/wp-json\/wp\/v2\/posts"}],"about":[{"href":"https:\/\/www.webdo.tn\/fr\/wp-json\/wp\/v2\/types\/post"}],"author":[{"embeddable":true,"href":"https:\/\/www.webdo.tn\/fr\/wp-json\/wp\/v2\/users\/3222"}],"replies":[{"embeddable":true,"href":"https:\/\/www.webdo.tn\/fr\/wp-json\/wp\/v2\/comments?post=185298"}],"version-history":[{"count":0,"href":"https:\/\/www.webdo.tn\/fr\/wp-json\/wp\/v2\/posts\/185298\/revisions"}],"wp:featuredmedia":[{"embeddable":true,"href":"https:\/\/www.webdo.tn\/fr\/wp-json\/wp\/v2\/media\/374729"}],"wp:attachment":[{"href":"https:\/\/www.webdo.tn\/fr\/wp-json\/wp\/v2\/media?parent=185298"}],"wp:term":[{"taxonomy":"category","embeddable":true,"href":"https:\/\/www.webdo.tn\/fr\/wp-json\/wp\/v2\/categories?post=185298"},{"taxonomy":"post_tag","embeddable":true,"href":"https:\/\/www.webdo.tn\/fr\/wp-json\/wp\/v2\/tags?post=185298"}],"curies":[{"name":"wp","href":"https:\/\/api.w.org\/{rel}","templated":true}]}}