{"id":184608,"date":"2014-08-02T12:16:00","date_gmt":"2014-08-02T10:16:00","guid":{"rendered":"https:\/\/www.webdo.tn\/fr\/actualite\/regions\/grande-affluence-libyens-reouverture-du-poste-frontalier-ras-jedir\/184608"},"modified":"2014-08-02T12:16:00","modified_gmt":"2014-08-02T10:16:00","slug":"grande-affluence-libyens-reouverture-du-poste-frontalier-ras-jedir","status":"publish","type":"post","link":"https:\/\/www.webdo.tn\/fr\/actualite\/regions\/grande-affluence-libyens-reouverture-du-poste-frontalier-ras-jedir\/184608\/","title":{"rendered":"Grande affluence de Libyens \u00e0 la r\u00e9ouverture du poste frontalier de Ras Jedir"},"content":{"rendered":"<p>Une grande affluence de r\u00e9fugi\u00e9s, notamment libyens a \u00e9t\u00e9 constat\u00e9e au poste frontalier de Ras Jedir qui a \u00e9t\u00e9 rouvert ce samedi matin apr\u00e8s un vendredi marqu\u00e9 par le chaos.Le poste frontalier a \u00e9t\u00e9 rouvert ce matin aux r\u00e9fugi\u00e9s fuyant la Libye, apr\u00e8s avoir \u00e9t\u00e9 ferm\u00e9, hier \u00e0 cause du \u00ab\u00a0chaos\u00a0\u00bb r\u00e9gnant \u00e0 la fronti\u00e8re tuniso-libyenne. Une mesure s\u00e9curitaire pr\u00e9ventive pour faire face au chaos et aux tensions extr\u00eames caus\u00e9es par le flux massif de r\u00e9fugi\u00e9s voulant franchir le point de passage par la force.<\/p>\n<p>Selon le correspondant de l\u2019agence TAP, le poste frontalier a repris ses activit\u00e9s connaissant une tr\u00e8s grande affluence de libyens rest\u00e9s sur place depuis la veille, alors que des ressortissants \u00e9gyptiens attendaient de finaliser les proc\u00e9dures douani\u00e8res pour acc\u00e9der au sol tunisien.<\/p>\n<p>Hier, les services de s\u00e9curit\u00e9 libyens ont du proc\u00e9der \u00e0 des tirs de sommation, blessant le chef du district de la s\u00fbret\u00e9 nationale de Ben Guerdane \u00e0 la jambe avant que la situation ne d\u00e9g\u00e9n\u00e8re.<\/p>\n","protected":false},"excerpt":{"rendered":"<p>Une grande affluence de r\u00e9fugi\u00e9s, notamment libyens a \u00e9t\u00e9 constat\u00e9e au poste frontalier de Ras Jedir qui a \u00e9t\u00e9 rouvert ce samedi matin apr\u00e8s un ven<\/p>\n","protected":false},"author":3222,"featured_media":373768,"comment_status":"open","ping_status":"open","sticky":false,"template":"","format":"standard","meta":{"footnotes":""},"categories":[2595],"tags":[],"class_list":["post-184608","post","type-post","status-publish","format-standard","has-post-thumbnail","hentry","category-regions"],"yoast_head":"<!-- This site is optimized with the Yoast SEO Premium plugin v27.5 (Yoast SEO v27.5) - https:\/\/yoast.com\/product\/yoast-seo-premium-wordpress\/ -->\n<title>Grande affluence de Libyens \u00e0 la r\u00e9ouverture du poste frontalier de Ras Jedir<\/title>\n<meta name=\"description\" content=\"Grande affluence de Libyens \u00e0 la r\u00e9ouverture du poste frontalier de Ras Jedir\" \/>\n<link rel=\"canonical\" href=\"https:\/\/www.webdo.tn\/fr\/actualite\/regions\/grande-affluence-libyens-reouverture-du-poste-frontalier-ras-jedir\/184608\/\" \/>\n<meta property=\"og:locale\" content=\"fr_FR\" \/>\n<meta property=\"og:type\" content=\"article\" \/>\n<meta property=\"og:title\" content=\"Grande affluence de Libyens \u00e0 la r\u00e9ouverture du poste frontalier de Ras Jedir\" \/>\n<meta property=\"og:description\" content=\"Grande affluence de Libyens \u00e0 la r\u00e9ouverture du poste frontalier de Ras Jedir\" \/>\n<meta property=\"og:url\" content=\"https:\/\/www.webdo.tn\/fr\/actualite\/regions\/grande-affluence-libyens-reouverture-du-poste-frontalier-ras-jedir\/184608\/\" \/>\n<meta property=\"og:site_name\" content=\"webdo\" \/>\n<meta property=\"article:publisher\" content=\"https:\/\/www.facebook.com\/webdotn\" \/>\n<meta property=\"article:published_time\" content=\"2014-08-02T10:16:00+00:00\" \/>\n<meta name=\"author\" content=\"webdo.tn\" \/>\n<meta name=\"twitter:card\" content=\"summary_large_image\" \/>\n<meta name=\"twitter:creator\" content=\"@webdo_tn\" \/>\n<meta name=\"twitter:site\" content=\"@webdo_tn\" \/>\n<meta name=\"twitter:label1\" content=\"\u00c9crit par\" \/>\n\t<meta name=\"twitter:data1\" content=\"webdo.tn\" \/>\n\t<meta name=\"twitter:label2\" content=\"Dur\u00e9e de lecture estim\u00e9e\" \/>\n\t<meta name=\"twitter:data2\" content=\"1 minute\" \/>\n<script type=\"application\/ld+json\" class=\"yoast-schema-graph\">{\"@context\":\"https:\\\/\\\/schema.org\",\"@graph\":[{\"@type\":\"NewsArticle\",\"@id\":\"https:\\\/\\\/www.webdo.tn\\\/fr\\\/actualite\\\/regions\\\/grande-affluence-libyens-reouverture-du-poste-frontalier-ras-jedir\\\/184608\\\/#article\",\"isPartOf\":{\"@id\":\"https:\\\/\\\/www.webdo.tn\\\/fr\\\/actualite\\\/regions\\\/grande-affluence-libyens-reouverture-du-poste-frontalier-ras-jedir\\\/184608\\\/\"},\"author\":{\"name\":\"webdo.tn\",\"@id\":\"https:\\\/\\\/www.webdo.tn\\\/fr\\\/#\\\/schema\\\/person\\\/9a9c6118d687c117df8ef3cc36a4d175\"},\"headline\":\"Grande affluence de Libyens \u00e0 la r\u00e9ouverture du poste frontalier de Ras Jedir\",\"datePublished\":\"2014-08-02T10:16:00+00:00\",\"mainEntityOfPage\":{\"@id\":\"https:\\\/\\\/www.webdo.tn\\\/fr\\\/actualite\\\/regions\\\/grande-affluence-libyens-reouverture-du-poste-frontalier-ras-jedir\\\/184608\\\/\"},\"wordCount\":200,\"commentCount\":0,\"publisher\":{\"@id\":\"https:\\\/\\\/www.webdo.tn\\\/fr\\\/#organization\"},\"image\":{\"@id\":\"https:\\\/\\\/www.webdo.tn\\\/fr\\\/actualite\\\/regions\\\/grande-affluence-libyens-reouverture-du-poste-frontalier-ras-jedir\\\/184608\\\/#primaryimage\"},\"thumbnailUrl\":\"https:\\\/\\\/www.webdo.tn\\\/fr\\\/wp-content\\\/uploads\\\/2025\\\/06\\\/ras_jedir_poste_frontiere_184608.jpg\",\"articleSection\":[\"regions\"],\"inLanguage\":\"fr-FR\"},{\"@type\":\"WebPage\",\"@id\":\"https:\\\/\\\/www.webdo.tn\\\/fr\\\/actualite\\\/regions\\\/grande-affluence-libyens-reouverture-du-poste-frontalier-ras-jedir\\\/184608\\\/\",\"url\":\"https:\\\/\\\/www.webdo.tn\\\/fr\\\/actualite\\\/regions\\\/grande-affluence-libyens-reouverture-du-poste-frontalier-ras-jedir\\\/184608\\\/\",\"name\":\"Grande affluence de Libyens \u00e0 la r\u00e9ouverture du poste frontalier de Ras Jedir\",\"isPartOf\":{\"@id\":\"https:\\\/\\\/www.webdo.tn\\\/fr\\\/#website\"},\"primaryImageOfPage\":{\"@id\":\"https:\\\/\\\/www.webdo.tn\\\/fr\\\/actualite\\\/regions\\\/grande-affluence-libyens-reouverture-du-poste-frontalier-ras-jedir\\\/184608\\\/#primaryimage\"},\"image\":{\"@id\":\"https:\\\/\\\/www.webdo.tn\\\/fr\\\/actualite\\\/regions\\\/grande-affluence-libyens-reouverture-du-poste-frontalier-ras-jedir\\\/184608\\\/#primaryimage\"},\"thumbnailUrl\":\"https:\\\/\\\/www.webdo.tn\\\/fr\\\/wp-content\\\/uploads\\\/2025\\\/06\\\/ras_jedir_poste_frontiere_184608.jpg\",\"datePublished\":\"2014-08-02T10:16:00+00:00\",\"description\":\"Grande affluence de Libyens \u00e0 la r\u00e9ouverture du poste frontalier de Ras Jedir\",\"breadcrumb\":{\"@id\":\"https:\\\/\\\/www.webdo.tn\\\/fr\\\/actualite\\\/regions\\\/grande-affluence-libyens-reouverture-du-poste-frontalier-ras-jedir\\\/184608\\\/#breadcrumb\"},\"inLanguage\":\"fr-FR\",\"potentialAction\":[{\"@type\":\"ReadAction\",\"target\":[\"https:\\\/\\\/www.webdo.tn\\\/fr\\\/actualite\\\/regions\\\/grande-affluence-libyens-reouverture-du-poste-frontalier-ras-jedir\\\/184608\\\/\"]}]},{\"@type\":\"ImageObject\",\"inLanguage\":\"fr-FR\",\"@id\":\"https:\\\/\\\/www.webdo.tn\\\/fr\\\/actualite\\\/regions\\\/grande-affluence-libyens-reouverture-du-poste-frontalier-ras-jedir\\\/184608\\\/#primaryimage\",\"url\":\"https:\\\/\\\/www.webdo.tn\\\/fr\\\/wp-content\\\/uploads\\\/2025\\\/06\\\/ras_jedir_poste_frontiere_184608.jpg\",\"contentUrl\":\"https:\\\/\\\/www.webdo.tn\\\/fr\\\/wp-content\\\/uploads\\\/2025\\\/06\\\/ras_jedir_poste_frontiere_184608.jpg\",\"width\":370,\"height\":250,\"caption\":\"Grande affluence de Libyens \u00e0 la r\u00e9ouverture du poste frontalier de Ras Jedir\"},{\"@type\":\"BreadcrumbList\",\"@id\":\"https:\\\/\\\/www.webdo.tn\\\/fr\\\/actualite\\\/regions\\\/grande-affluence-libyens-reouverture-du-poste-frontalier-ras-jedir\\\/184608\\\/#breadcrumb\",\"itemListElement\":[{\"@type\":\"ListItem\",\"position\":1,\"name\":\"Accueil\",\"item\":\"https:\\\/\\\/www.webdo.tn\\\/fr\\\/\"},{\"@type\":\"ListItem\",\"position\":2,\"name\":\"Grande affluence de Libyens \u00e0 la r\u00e9ouverture du poste frontalier de Ras Jedir\"}]},{\"@type\":\"WebSite\",\"@id\":\"https:\\\/\\\/www.webdo.tn\\\/fr\\\/#website\",\"url\":\"https:\\\/\\\/www.webdo.tn\\\/fr\\\/\",\"name\":\"webdo\",\"description\":\"Tunisie - News en Tunisie et \u00e0 l&#039;international sur Webdo.tn\",\"publisher\":{\"@id\":\"https:\\\/\\\/www.webdo.tn\\\/fr\\\/#organization\"},\"potentialAction\":[{\"@type\":\"SearchAction\",\"target\":{\"@type\":\"EntryPoint\",\"urlTemplate\":\"https:\\\/\\\/www.webdo.tn\\\/fr\\\/?s={search_term_string}\"},\"query-input\":{\"@type\":\"PropertyValueSpecification\",\"valueRequired\":true,\"valueName\":\"search_term_string\"}}],\"inLanguage\":\"fr-FR\"},{\"@type\":\"Organization\",\"@id\":\"https:\\\/\\\/www.webdo.tn\\\/fr\\\/#organization\",\"name\":\"Webdo\",\"alternateName\":\"Webdo.tn\",\"url\":\"https:\\\/\\\/www.webdo.tn\\\/fr\\\/\",\"logo\":{\"@type\":\"ImageObject\",\"inLanguage\":\"fr-FR\",\"@id\":\"https:\\\/\\\/www.webdo.tn\\\/fr\\\/#\\\/schema\\\/logo\\\/image\\\/\",\"url\":\"https:\\\/\\\/www.webdo.tn\\\/fr\\\/wp-content\\\/uploads\\\/2025\\\/06\\\/Webdo-Tunisie_168377.jpg\",\"contentUrl\":\"https:\\\/\\\/www.webdo.tn\\\/fr\\\/wp-content\\\/uploads\\\/2025\\\/06\\\/Webdo-Tunisie_168377.jpg\",\"width\":301,\"height\":301,\"caption\":\"Webdo\"},\"image\":{\"@id\":\"https:\\\/\\\/www.webdo.tn\\\/fr\\\/#\\\/schema\\\/logo\\\/image\\\/\"},\"sameAs\":[\"https:\\\/\\\/www.facebook.com\\\/webdotn\",\"https:\\\/\\\/x.com\\\/webdo_tn\"],\"description\":\"Webdo est un m\u00e9dia num\u00e9rique tunisien fond\u00e9 en 2010, sp\u00e9cialis\u00e9 dans l\u2019actualit\u00e9 nationale et internationale, l\u2019\u00e9conomie, la soci\u00e9t\u00e9 et les analyses politiques. Le site s\u2019adresse \u00e0 un large public francophone et couvre l\u2019information tunisienne en temps r\u00e9el.\",\"email\":\"redac@webdo.tn\",\"legalName\":\"YNJ SARL\",\"foundingDate\":\"2010-09-06\",\"numberOfEmployees\":{\"@type\":\"QuantitativeValue\",\"minValue\":\"11\",\"maxValue\":\"50\"}},{\"@type\":\"Person\",\"@id\":\"https:\\\/\\\/www.webdo.tn\\\/fr\\\/#\\\/schema\\\/person\\\/9a9c6118d687c117df8ef3cc36a4d175\",\"name\":\"webdo.tn\",\"image\":{\"@type\":\"ImageObject\",\"inLanguage\":\"fr-FR\",\"@id\":\"https:\\\/\\\/secure.gravatar.com\\\/avatar\\\/7ce1f28c0c3bbac99ff550b85ef8e44a6950c6ee24514fb6a5489e51d06f0298?s=96&d=mm&r=g\",\"url\":\"https:\\\/\\\/secure.gravatar.com\\\/avatar\\\/7ce1f28c0c3bbac99ff550b85ef8e44a6950c6ee24514fb6a5489e51d06f0298?s=96&d=mm&r=g\",\"contentUrl\":\"https:\\\/\\\/secure.gravatar.com\\\/avatar\\\/7ce1f28c0c3bbac99ff550b85ef8e44a6950c6ee24514fb6a5489e51d06f0298?s=96&d=mm&r=g\",\"caption\":\"webdo.tn\"},\"url\":\"https:\\\/\\\/www.webdo.tn\\\/fr\\\/actualite\\\/author\\\/webdotn\\\/\"}]}<\/script>\n<!-- \/ Yoast SEO Premium plugin. -->","yoast_head_json":{"title":"Grande affluence de Libyens \u00e0 la r\u00e9ouverture du poste frontalier de Ras Jedir","description":"Grande affluence de Libyens \u00e0 la r\u00e9ouverture du poste frontalier de Ras Jedir","canonical":"https:\/\/www.webdo.tn\/fr\/actualite\/regions\/grande-affluence-libyens-reouverture-du-poste-frontalier-ras-jedir\/184608\/","og_locale":"fr_FR","og_type":"article","og_title":"Grande affluence de Libyens \u00e0 la r\u00e9ouverture du poste frontalier de Ras Jedir","og_description":"Grande affluence de Libyens \u00e0 la r\u00e9ouverture du poste frontalier de Ras Jedir","og_url":"https:\/\/www.webdo.tn\/fr\/actualite\/regions\/grande-affluence-libyens-reouverture-du-poste-frontalier-ras-jedir\/184608\/","og_site_name":"webdo","article_publisher":"https:\/\/www.facebook.com\/webdotn","article_published_time":"2014-08-02T10:16:00+00:00","author":"webdo.tn","twitter_card":"summary_large_image","twitter_creator":"@webdo_tn","twitter_site":"@webdo_tn","twitter_misc":{"\u00c9crit par":"webdo.tn","Dur\u00e9e de lecture estim\u00e9e":"1 minute"},"schema":{"@context":"https:\/\/schema.org","@graph":[{"@type":"NewsArticle","@id":"https:\/\/www.webdo.tn\/fr\/actualite\/regions\/grande-affluence-libyens-reouverture-du-poste-frontalier-ras-jedir\/184608\/#article","isPartOf":{"@id":"https:\/\/www.webdo.tn\/fr\/actualite\/regions\/grande-affluence-libyens-reouverture-du-poste-frontalier-ras-jedir\/184608\/"},"author":{"name":"webdo.tn","@id":"https:\/\/www.webdo.tn\/fr\/#\/schema\/person\/9a9c6118d687c117df8ef3cc36a4d175"},"headline":"Grande affluence de Libyens \u00e0 la r\u00e9ouverture du poste frontalier de Ras Jedir","datePublished":"2014-08-02T10:16:00+00:00","mainEntityOfPage":{"@id":"https:\/\/www.webdo.tn\/fr\/actualite\/regions\/grande-affluence-libyens-reouverture-du-poste-frontalier-ras-jedir\/184608\/"},"wordCount":200,"commentCount":0,"publisher":{"@id":"https:\/\/www.webdo.tn\/fr\/#organization"},"image":{"@id":"https:\/\/www.webdo.tn\/fr\/actualite\/regions\/grande-affluence-libyens-reouverture-du-poste-frontalier-ras-jedir\/184608\/#primaryimage"},"thumbnailUrl":"https:\/\/www.webdo.tn\/fr\/wp-content\/uploads\/2025\/06\/ras_jedir_poste_frontiere_184608.jpg","articleSection":["regions"],"inLanguage":"fr-FR"},{"@type":"WebPage","@id":"https:\/\/www.webdo.tn\/fr\/actualite\/regions\/grande-affluence-libyens-reouverture-du-poste-frontalier-ras-jedir\/184608\/","url":"https:\/\/www.webdo.tn\/fr\/actualite\/regions\/grande-affluence-libyens-reouverture-du-poste-frontalier-ras-jedir\/184608\/","name":"Grande affluence de Libyens \u00e0 la r\u00e9ouverture du poste frontalier de Ras Jedir","isPartOf":{"@id":"https:\/\/www.webdo.tn\/fr\/#website"},"primaryImageOfPage":{"@id":"https:\/\/www.webdo.tn\/fr\/actualite\/regions\/grande-affluence-libyens-reouverture-du-poste-frontalier-ras-jedir\/184608\/#primaryimage"},"image":{"@id":"https:\/\/www.webdo.tn\/fr\/actualite\/regions\/grande-affluence-libyens-reouverture-du-poste-frontalier-ras-jedir\/184608\/#primaryimage"},"thumbnailUrl":"https:\/\/www.webdo.tn\/fr\/wp-content\/uploads\/2025\/06\/ras_jedir_poste_frontiere_184608.jpg","datePublished":"2014-08-02T10:16:00+00:00","description":"Grande affluence de Libyens \u00e0 la r\u00e9ouverture du poste frontalier de Ras Jedir","breadcrumb":{"@id":"https:\/\/www.webdo.tn\/fr\/actualite\/regions\/grande-affluence-libyens-reouverture-du-poste-frontalier-ras-jedir\/184608\/#breadcrumb"},"inLanguage":"fr-FR","potentialAction":[{"@type":"ReadAction","target":["https:\/\/www.webdo.tn\/fr\/actualite\/regions\/grande-affluence-libyens-reouverture-du-poste-frontalier-ras-jedir\/184608\/"]}]},{"@type":"ImageObject","inLanguage":"fr-FR","@id":"https:\/\/www.webdo.tn\/fr\/actualite\/regions\/grande-affluence-libyens-reouverture-du-poste-frontalier-ras-jedir\/184608\/#primaryimage","url":"https:\/\/www.webdo.tn\/fr\/wp-content\/uploads\/2025\/06\/ras_jedir_poste_frontiere_184608.jpg","contentUrl":"https:\/\/www.webdo.tn\/fr\/wp-content\/uploads\/2025\/06\/ras_jedir_poste_frontiere_184608.jpg","width":370,"height":250,"caption":"Grande affluence de Libyens \u00e0 la r\u00e9ouverture du poste frontalier de Ras Jedir"},{"@type":"BreadcrumbList","@id":"https:\/\/www.webdo.tn\/fr\/actualite\/regions\/grande-affluence-libyens-reouverture-du-poste-frontalier-ras-jedir\/184608\/#breadcrumb","itemListElement":[{"@type":"ListItem","position":1,"name":"Accueil","item":"https:\/\/www.webdo.tn\/fr\/"},{"@type":"ListItem","position":2,"name":"Grande affluence de Libyens \u00e0 la r\u00e9ouverture du poste frontalier de Ras Jedir"}]},{"@type":"WebSite","@id":"https:\/\/www.webdo.tn\/fr\/#website","url":"https:\/\/www.webdo.tn\/fr\/","name":"webdo","description":"Tunisie - News en Tunisie et \u00e0 l&#039;international sur Webdo.tn","publisher":{"@id":"https:\/\/www.webdo.tn\/fr\/#organization"},"potentialAction":[{"@type":"SearchAction","target":{"@type":"EntryPoint","urlTemplate":"https:\/\/www.webdo.tn\/fr\/?s={search_term_string}"},"query-input":{"@type":"PropertyValueSpecification","valueRequired":true,"valueName":"search_term_string"}}],"inLanguage":"fr-FR"},{"@type":"Organization","@id":"https:\/\/www.webdo.tn\/fr\/#organization","name":"Webdo","alternateName":"Webdo.tn","url":"https:\/\/www.webdo.tn\/fr\/","logo":{"@type":"ImageObject","inLanguage":"fr-FR","@id":"https:\/\/www.webdo.tn\/fr\/#\/schema\/logo\/image\/","url":"https:\/\/www.webdo.tn\/fr\/wp-content\/uploads\/2025\/06\/Webdo-Tunisie_168377.jpg","contentUrl":"https:\/\/www.webdo.tn\/fr\/wp-content\/uploads\/2025\/06\/Webdo-Tunisie_168377.jpg","width":301,"height":301,"caption":"Webdo"},"image":{"@id":"https:\/\/www.webdo.tn\/fr\/#\/schema\/logo\/image\/"},"sameAs":["https:\/\/www.facebook.com\/webdotn","https:\/\/x.com\/webdo_tn"],"description":"Webdo est un m\u00e9dia num\u00e9rique tunisien fond\u00e9 en 2010, sp\u00e9cialis\u00e9 dans l\u2019actualit\u00e9 nationale et internationale, l\u2019\u00e9conomie, la soci\u00e9t\u00e9 et les analyses politiques. Le site s\u2019adresse \u00e0 un large public francophone et couvre l\u2019information tunisienne en temps r\u00e9el.","email":"redac@webdo.tn","legalName":"YNJ SARL","foundingDate":"2010-09-06","numberOfEmployees":{"@type":"QuantitativeValue","minValue":"11","maxValue":"50"}},{"@type":"Person","@id":"https:\/\/www.webdo.tn\/fr\/#\/schema\/person\/9a9c6118d687c117df8ef3cc36a4d175","name":"webdo.tn","image":{"@type":"ImageObject","inLanguage":"fr-FR","@id":"https:\/\/secure.gravatar.com\/avatar\/7ce1f28c0c3bbac99ff550b85ef8e44a6950c6ee24514fb6a5489e51d06f0298?s=96&d=mm&r=g","url":"https:\/\/secure.gravatar.com\/avatar\/7ce1f28c0c3bbac99ff550b85ef8e44a6950c6ee24514fb6a5489e51d06f0298?s=96&d=mm&r=g","contentUrl":"https:\/\/secure.gravatar.com\/avatar\/7ce1f28c0c3bbac99ff550b85ef8e44a6950c6ee24514fb6a5489e51d06f0298?s=96&d=mm&r=g","caption":"webdo.tn"},"url":"https:\/\/www.webdo.tn\/fr\/actualite\/author\/webdotn\/"}]}},"_links":{"self":[{"href":"https:\/\/www.webdo.tn\/fr\/wp-json\/wp\/v2\/posts\/184608","targetHints":{"allow":["GET"]}}],"collection":[{"href":"https:\/\/www.webdo.tn\/fr\/wp-json\/wp\/v2\/posts"}],"about":[{"href":"https:\/\/www.webdo.tn\/fr\/wp-json\/wp\/v2\/types\/post"}],"author":[{"embeddable":true,"href":"https:\/\/www.webdo.tn\/fr\/wp-json\/wp\/v2\/users\/3222"}],"replies":[{"embeddable":true,"href":"https:\/\/www.webdo.tn\/fr\/wp-json\/wp\/v2\/comments?post=184608"}],"version-history":[{"count":0,"href":"https:\/\/www.webdo.tn\/fr\/wp-json\/wp\/v2\/posts\/184608\/revisions"}],"wp:featuredmedia":[{"embeddable":true,"href":"https:\/\/www.webdo.tn\/fr\/wp-json\/wp\/v2\/media\/373768"}],"wp:attachment":[{"href":"https:\/\/www.webdo.tn\/fr\/wp-json\/wp\/v2\/media?parent=184608"}],"wp:term":[{"taxonomy":"category","embeddable":true,"href":"https:\/\/www.webdo.tn\/fr\/wp-json\/wp\/v2\/categories?post=184608"},{"taxonomy":"post_tag","embeddable":true,"href":"https:\/\/www.webdo.tn\/fr\/wp-json\/wp\/v2\/tags?post=184608"}],"curies":[{"name":"wp","href":"https:\/\/api.w.org\/{rel}","templated":true}]}}