{"id":184607,"date":"2014-08-18T13:32:00","date_gmt":"2014-08-18T11:32:00","guid":{"rendered":"https:\/\/www.webdo.tn\/fr\/actualite\/regions\/tunisie-elections-legislatives-nidaa-tounes-devoile-ses-tetes-de-liste\/184607"},"modified":"2014-08-18T13:32:00","modified_gmt":"2014-08-18T11:32:00","slug":"tunisie-elections-legislatives-nidaa-tounes-devoile-ses-tetes-de-liste","status":"publish","type":"post","link":"https:\/\/www.webdo.tn\/fr\/actualite\/regions\/tunisie-elections-legislatives-nidaa-tounes-devoile-ses-tetes-de-liste\/184607\/","title":{"rendered":"Elections l\u00e9gislatives : Nidaa Tounes d\u00e9voile ses t\u00eates de listes"},"content":{"rendered":"<p>On connait d\u00e9sormais les noms des candidats t\u00eates de liste qui repr\u00e9senteront le mouvement Nidaa Tounes lors des prochaines \u00e9lections l\u00e9gislatives. Cette liste a \u00e9t\u00e9 d\u00e9voil\u00e9e ce lundi 18 ao\u00fbt par Nidaa Tounes.<\/p>\n<p>Hafedh B\u00e9ji Caid Essebssi : Tunis 1<br \/>\nSaid Ayedi : Tunis 2<br \/>\nAbdelaziz Kotti : Ariana<br \/>\nLazhar Akermi : Ben Arous<br \/>\nMondher Bel Haj Ali : Manouba<br \/>\nAli Ben Salem : Bizerte<br \/>\nSelma Loumi Rekik : Nabeul 1<br \/>\nKhema\u00efs Ksila : Nabeul 2<br \/>\nMohamed Khamis : Zahgouan<br \/>\nSlah Bargaoui : Siliana<br \/>\nBelgacem Dkhili : Jendouba<br \/>\nMounir Hamdi : Beja<br \/>\nAbeda El Kefi : Le Kef<br \/>\nRida Charfeddine : Sousse<br \/>\nJalel Ghdrira : Monastir<br \/>\nMohamed Ennaceur : Mahdia<br \/>\nAbdallah Khalif : Kairouan<br \/>\nKamel Hamzaoui: Kasserine<br \/>\nHedi Gueddiche : Sfax 1<br \/>\nMoncef Sallami : Sfax 2<br \/>\nSalem Hamdi : Sidi Bouzid<br \/>\nSofiene Toubel : Gafsa<br \/>\nAbderaouf Mohamed Cherif : Tozeur<br \/>\nHassouna Nassfi : Gabes<br \/>\nBechir Ben Amor : Mednine<br \/>\nTaieb Medeni : Tatatouine<br \/>\nFadhel Ben Omrane : Kebili<\/p>\n","protected":false},"excerpt":{"rendered":"<p>On connait d\u00e9sormais les noms des candidats t\u00eates de liste qui repr\u00e9senteront le mouvement Nidaa Tounes lors des prochaines \u00e9lections l\u00e9gislatives. Ce<\/p>\n","protected":false},"author":3222,"featured_media":373661,"comment_status":"open","ping_status":"open","sticky":false,"template":"","format":"standard","meta":{"footnotes":""},"categories":[2595],"tags":[],"class_list":["post-184607","post","type-post","status-publish","format-standard","has-post-thumbnail","hentry","category-regions"],"yoast_head":"<!-- This site is optimized with the Yoast SEO Premium plugin v27.5 (Yoast SEO v27.5) - https:\/\/yoast.com\/product\/yoast-seo-premium-wordpress\/ -->\n<title>Elections l\u00e9gislatives : Nidaa Tounes d\u00e9voile ses t\u00eates de listes<\/title>\n<meta name=\"description\" content=\"Elections l\u00e9gislatives : Nidaa Tounes d\u00e9voile ses t\u00eates de listes\" \/>\n<link rel=\"canonical\" href=\"https:\/\/www.webdo.tn\/fr\/actualite\/regions\/tunisie-elections-legislatives-nidaa-tounes-devoile-ses-tetes-de-liste\/184607\/\" \/>\n<meta property=\"og:locale\" content=\"fr_FR\" \/>\n<meta property=\"og:type\" content=\"article\" \/>\n<meta property=\"og:title\" content=\"Elections l\u00e9gislatives : Nidaa Tounes d\u00e9voile ses t\u00eates de listes\" \/>\n<meta property=\"og:description\" content=\"Elections l\u00e9gislatives : Nidaa Tounes d\u00e9voile ses t\u00eates de listes\" \/>\n<meta property=\"og:url\" content=\"https:\/\/www.webdo.tn\/fr\/actualite\/regions\/tunisie-elections-legislatives-nidaa-tounes-devoile-ses-tetes-de-liste\/184607\/\" \/>\n<meta property=\"og:site_name\" content=\"webdo\" \/>\n<meta property=\"article:publisher\" content=\"https:\/\/www.facebook.com\/webdotn\" \/>\n<meta property=\"article:published_time\" content=\"2014-08-18T11:32:00+00:00\" \/>\n<meta name=\"author\" content=\"webdo.tn\" \/>\n<meta name=\"twitter:card\" content=\"summary_large_image\" \/>\n<meta name=\"twitter:creator\" content=\"@webdo_tn\" \/>\n<meta name=\"twitter:site\" content=\"@webdo_tn\" \/>\n<meta name=\"twitter:label1\" content=\"\u00c9crit par\" \/>\n\t<meta name=\"twitter:data1\" content=\"webdo.tn\" \/>\n\t<meta name=\"twitter:label2\" content=\"Dur\u00e9e de lecture estim\u00e9e\" \/>\n\t<meta name=\"twitter:data2\" content=\"1 minute\" \/>\n<script type=\"application\/ld+json\" class=\"yoast-schema-graph\">{\"@context\":\"https:\\\/\\\/schema.org\",\"@graph\":[{\"@type\":\"NewsArticle\",\"@id\":\"https:\\\/\\\/www.webdo.tn\\\/fr\\\/actualite\\\/regions\\\/tunisie-elections-legislatives-nidaa-tounes-devoile-ses-tetes-de-liste\\\/184607\\\/#article\",\"isPartOf\":{\"@id\":\"https:\\\/\\\/www.webdo.tn\\\/fr\\\/actualite\\\/regions\\\/tunisie-elections-legislatives-nidaa-tounes-devoile-ses-tetes-de-liste\\\/184607\\\/\"},\"author\":{\"name\":\"webdo.tn\",\"@id\":\"https:\\\/\\\/www.webdo.tn\\\/fr\\\/#\\\/schema\\\/person\\\/9a9c6118d687c117df8ef3cc36a4d175\"},\"headline\":\"Elections l\u00e9gislatives : Nidaa Tounes d\u00e9voile ses t\u00eates de listes\",\"datePublished\":\"2014-08-18T11:32:00+00:00\",\"mainEntityOfPage\":{\"@id\":\"https:\\\/\\\/www.webdo.tn\\\/fr\\\/actualite\\\/regions\\\/tunisie-elections-legislatives-nidaa-tounes-devoile-ses-tetes-de-liste\\\/184607\\\/\"},\"wordCount\":147,\"commentCount\":0,\"publisher\":{\"@id\":\"https:\\\/\\\/www.webdo.tn\\\/fr\\\/#organization\"},\"image\":{\"@id\":\"https:\\\/\\\/www.webdo.tn\\\/fr\\\/actualite\\\/regions\\\/tunisie-elections-legislatives-nidaa-tounes-devoile-ses-tetes-de-liste\\\/184607\\\/#primaryimage\"},\"thumbnailUrl\":\"https:\\\/\\\/www.webdo.tn\\\/fr\\\/wp-content\\\/uploads\\\/2025\\\/06\\\/Nidaa-Tounes_184607.jpg\",\"articleSection\":[\"regions\"],\"inLanguage\":\"fr-FR\"},{\"@type\":\"WebPage\",\"@id\":\"https:\\\/\\\/www.webdo.tn\\\/fr\\\/actualite\\\/regions\\\/tunisie-elections-legislatives-nidaa-tounes-devoile-ses-tetes-de-liste\\\/184607\\\/\",\"url\":\"https:\\\/\\\/www.webdo.tn\\\/fr\\\/actualite\\\/regions\\\/tunisie-elections-legislatives-nidaa-tounes-devoile-ses-tetes-de-liste\\\/184607\\\/\",\"name\":\"Elections l\u00e9gislatives : Nidaa Tounes d\u00e9voile ses t\u00eates de listes\",\"isPartOf\":{\"@id\":\"https:\\\/\\\/www.webdo.tn\\\/fr\\\/#website\"},\"primaryImageOfPage\":{\"@id\":\"https:\\\/\\\/www.webdo.tn\\\/fr\\\/actualite\\\/regions\\\/tunisie-elections-legislatives-nidaa-tounes-devoile-ses-tetes-de-liste\\\/184607\\\/#primaryimage\"},\"image\":{\"@id\":\"https:\\\/\\\/www.webdo.tn\\\/fr\\\/actualite\\\/regions\\\/tunisie-elections-legislatives-nidaa-tounes-devoile-ses-tetes-de-liste\\\/184607\\\/#primaryimage\"},\"thumbnailUrl\":\"https:\\\/\\\/www.webdo.tn\\\/fr\\\/wp-content\\\/uploads\\\/2025\\\/06\\\/Nidaa-Tounes_184607.jpg\",\"datePublished\":\"2014-08-18T11:32:00+00:00\",\"description\":\"Elections l\u00e9gislatives : Nidaa Tounes d\u00e9voile ses t\u00eates de listes\",\"breadcrumb\":{\"@id\":\"https:\\\/\\\/www.webdo.tn\\\/fr\\\/actualite\\\/regions\\\/tunisie-elections-legislatives-nidaa-tounes-devoile-ses-tetes-de-liste\\\/184607\\\/#breadcrumb\"},\"inLanguage\":\"fr-FR\",\"potentialAction\":[{\"@type\":\"ReadAction\",\"target\":[\"https:\\\/\\\/www.webdo.tn\\\/fr\\\/actualite\\\/regions\\\/tunisie-elections-legislatives-nidaa-tounes-devoile-ses-tetes-de-liste\\\/184607\\\/\"]}]},{\"@type\":\"ImageObject\",\"inLanguage\":\"fr-FR\",\"@id\":\"https:\\\/\\\/www.webdo.tn\\\/fr\\\/actualite\\\/regions\\\/tunisie-elections-legislatives-nidaa-tounes-devoile-ses-tetes-de-liste\\\/184607\\\/#primaryimage\",\"url\":\"https:\\\/\\\/www.webdo.tn\\\/fr\\\/wp-content\\\/uploads\\\/2025\\\/06\\\/Nidaa-Tounes_184607.jpg\",\"contentUrl\":\"https:\\\/\\\/www.webdo.tn\\\/fr\\\/wp-content\\\/uploads\\\/2025\\\/06\\\/Nidaa-Tounes_184607.jpg\",\"width\":200,\"height\":200,\"caption\":\"Elections l\u00e9gislatives : Nidaa Tounes d\u00e9voile ses t\u00eates de listes\"},{\"@type\":\"BreadcrumbList\",\"@id\":\"https:\\\/\\\/www.webdo.tn\\\/fr\\\/actualite\\\/regions\\\/tunisie-elections-legislatives-nidaa-tounes-devoile-ses-tetes-de-liste\\\/184607\\\/#breadcrumb\",\"itemListElement\":[{\"@type\":\"ListItem\",\"position\":1,\"name\":\"Accueil\",\"item\":\"https:\\\/\\\/www.webdo.tn\\\/fr\\\/\"},{\"@type\":\"ListItem\",\"position\":2,\"name\":\"Elections l\u00e9gislatives : Nidaa Tounes d\u00e9voile ses t\u00eates de listes\"}]},{\"@type\":\"WebSite\",\"@id\":\"https:\\\/\\\/www.webdo.tn\\\/fr\\\/#website\",\"url\":\"https:\\\/\\\/www.webdo.tn\\\/fr\\\/\",\"name\":\"webdo\",\"description\":\"Tunisie - News en Tunisie et \u00e0 l&#039;international sur Webdo.tn\",\"publisher\":{\"@id\":\"https:\\\/\\\/www.webdo.tn\\\/fr\\\/#organization\"},\"potentialAction\":[{\"@type\":\"SearchAction\",\"target\":{\"@type\":\"EntryPoint\",\"urlTemplate\":\"https:\\\/\\\/www.webdo.tn\\\/fr\\\/?s={search_term_string}\"},\"query-input\":{\"@type\":\"PropertyValueSpecification\",\"valueRequired\":true,\"valueName\":\"search_term_string\"}}],\"inLanguage\":\"fr-FR\"},{\"@type\":\"Organization\",\"@id\":\"https:\\\/\\\/www.webdo.tn\\\/fr\\\/#organization\",\"name\":\"Webdo\",\"alternateName\":\"Webdo.tn\",\"url\":\"https:\\\/\\\/www.webdo.tn\\\/fr\\\/\",\"logo\":{\"@type\":\"ImageObject\",\"inLanguage\":\"fr-FR\",\"@id\":\"https:\\\/\\\/www.webdo.tn\\\/fr\\\/#\\\/schema\\\/logo\\\/image\\\/\",\"url\":\"https:\\\/\\\/www.webdo.tn\\\/fr\\\/wp-content\\\/uploads\\\/2025\\\/06\\\/Webdo-Tunisie_168377.jpg\",\"contentUrl\":\"https:\\\/\\\/www.webdo.tn\\\/fr\\\/wp-content\\\/uploads\\\/2025\\\/06\\\/Webdo-Tunisie_168377.jpg\",\"width\":301,\"height\":301,\"caption\":\"Webdo\"},\"image\":{\"@id\":\"https:\\\/\\\/www.webdo.tn\\\/fr\\\/#\\\/schema\\\/logo\\\/image\\\/\"},\"sameAs\":[\"https:\\\/\\\/www.facebook.com\\\/webdotn\",\"https:\\\/\\\/x.com\\\/webdo_tn\"],\"description\":\"Webdo est un m\u00e9dia num\u00e9rique tunisien fond\u00e9 en 2010, sp\u00e9cialis\u00e9 dans l\u2019actualit\u00e9 nationale et internationale, l\u2019\u00e9conomie, la soci\u00e9t\u00e9 et les analyses politiques. Le site s\u2019adresse \u00e0 un large public francophone et couvre l\u2019information tunisienne en temps r\u00e9el.\",\"email\":\"redac@webdo.tn\",\"legalName\":\"YNJ SARL\",\"foundingDate\":\"2010-09-06\",\"numberOfEmployees\":{\"@type\":\"QuantitativeValue\",\"minValue\":\"11\",\"maxValue\":\"50\"}},{\"@type\":\"Person\",\"@id\":\"https:\\\/\\\/www.webdo.tn\\\/fr\\\/#\\\/schema\\\/person\\\/9a9c6118d687c117df8ef3cc36a4d175\",\"name\":\"webdo.tn\",\"image\":{\"@type\":\"ImageObject\",\"inLanguage\":\"fr-FR\",\"@id\":\"https:\\\/\\\/secure.gravatar.com\\\/avatar\\\/7ce1f28c0c3bbac99ff550b85ef8e44a6950c6ee24514fb6a5489e51d06f0298?s=96&d=mm&r=g\",\"url\":\"https:\\\/\\\/secure.gravatar.com\\\/avatar\\\/7ce1f28c0c3bbac99ff550b85ef8e44a6950c6ee24514fb6a5489e51d06f0298?s=96&d=mm&r=g\",\"contentUrl\":\"https:\\\/\\\/secure.gravatar.com\\\/avatar\\\/7ce1f28c0c3bbac99ff550b85ef8e44a6950c6ee24514fb6a5489e51d06f0298?s=96&d=mm&r=g\",\"caption\":\"webdo.tn\"},\"url\":\"https:\\\/\\\/www.webdo.tn\\\/fr\\\/actualite\\\/author\\\/webdotn\\\/\"}]}<\/script>\n<!-- \/ Yoast SEO Premium plugin. -->","yoast_head_json":{"title":"Elections l\u00e9gislatives : Nidaa Tounes d\u00e9voile ses t\u00eates de listes","description":"Elections l\u00e9gislatives : Nidaa Tounes d\u00e9voile ses t\u00eates de listes","canonical":"https:\/\/www.webdo.tn\/fr\/actualite\/regions\/tunisie-elections-legislatives-nidaa-tounes-devoile-ses-tetes-de-liste\/184607\/","og_locale":"fr_FR","og_type":"article","og_title":"Elections l\u00e9gislatives : Nidaa Tounes d\u00e9voile ses t\u00eates de listes","og_description":"Elections l\u00e9gislatives : Nidaa Tounes d\u00e9voile ses t\u00eates de listes","og_url":"https:\/\/www.webdo.tn\/fr\/actualite\/regions\/tunisie-elections-legislatives-nidaa-tounes-devoile-ses-tetes-de-liste\/184607\/","og_site_name":"webdo","article_publisher":"https:\/\/www.facebook.com\/webdotn","article_published_time":"2014-08-18T11:32:00+00:00","author":"webdo.tn","twitter_card":"summary_large_image","twitter_creator":"@webdo_tn","twitter_site":"@webdo_tn","twitter_misc":{"\u00c9crit par":"webdo.tn","Dur\u00e9e de lecture estim\u00e9e":"1 minute"},"schema":{"@context":"https:\/\/schema.org","@graph":[{"@type":"NewsArticle","@id":"https:\/\/www.webdo.tn\/fr\/actualite\/regions\/tunisie-elections-legislatives-nidaa-tounes-devoile-ses-tetes-de-liste\/184607\/#article","isPartOf":{"@id":"https:\/\/www.webdo.tn\/fr\/actualite\/regions\/tunisie-elections-legislatives-nidaa-tounes-devoile-ses-tetes-de-liste\/184607\/"},"author":{"name":"webdo.tn","@id":"https:\/\/www.webdo.tn\/fr\/#\/schema\/person\/9a9c6118d687c117df8ef3cc36a4d175"},"headline":"Elections l\u00e9gislatives : Nidaa Tounes d\u00e9voile ses t\u00eates de listes","datePublished":"2014-08-18T11:32:00+00:00","mainEntityOfPage":{"@id":"https:\/\/www.webdo.tn\/fr\/actualite\/regions\/tunisie-elections-legislatives-nidaa-tounes-devoile-ses-tetes-de-liste\/184607\/"},"wordCount":147,"commentCount":0,"publisher":{"@id":"https:\/\/www.webdo.tn\/fr\/#organization"},"image":{"@id":"https:\/\/www.webdo.tn\/fr\/actualite\/regions\/tunisie-elections-legislatives-nidaa-tounes-devoile-ses-tetes-de-liste\/184607\/#primaryimage"},"thumbnailUrl":"https:\/\/www.webdo.tn\/fr\/wp-content\/uploads\/2025\/06\/Nidaa-Tounes_184607.jpg","articleSection":["regions"],"inLanguage":"fr-FR"},{"@type":"WebPage","@id":"https:\/\/www.webdo.tn\/fr\/actualite\/regions\/tunisie-elections-legislatives-nidaa-tounes-devoile-ses-tetes-de-liste\/184607\/","url":"https:\/\/www.webdo.tn\/fr\/actualite\/regions\/tunisie-elections-legislatives-nidaa-tounes-devoile-ses-tetes-de-liste\/184607\/","name":"Elections l\u00e9gislatives : Nidaa Tounes d\u00e9voile ses t\u00eates de listes","isPartOf":{"@id":"https:\/\/www.webdo.tn\/fr\/#website"},"primaryImageOfPage":{"@id":"https:\/\/www.webdo.tn\/fr\/actualite\/regions\/tunisie-elections-legislatives-nidaa-tounes-devoile-ses-tetes-de-liste\/184607\/#primaryimage"},"image":{"@id":"https:\/\/www.webdo.tn\/fr\/actualite\/regions\/tunisie-elections-legislatives-nidaa-tounes-devoile-ses-tetes-de-liste\/184607\/#primaryimage"},"thumbnailUrl":"https:\/\/www.webdo.tn\/fr\/wp-content\/uploads\/2025\/06\/Nidaa-Tounes_184607.jpg","datePublished":"2014-08-18T11:32:00+00:00","description":"Elections l\u00e9gislatives : Nidaa Tounes d\u00e9voile ses t\u00eates de listes","breadcrumb":{"@id":"https:\/\/www.webdo.tn\/fr\/actualite\/regions\/tunisie-elections-legislatives-nidaa-tounes-devoile-ses-tetes-de-liste\/184607\/#breadcrumb"},"inLanguage":"fr-FR","potentialAction":[{"@type":"ReadAction","target":["https:\/\/www.webdo.tn\/fr\/actualite\/regions\/tunisie-elections-legislatives-nidaa-tounes-devoile-ses-tetes-de-liste\/184607\/"]}]},{"@type":"ImageObject","inLanguage":"fr-FR","@id":"https:\/\/www.webdo.tn\/fr\/actualite\/regions\/tunisie-elections-legislatives-nidaa-tounes-devoile-ses-tetes-de-liste\/184607\/#primaryimage","url":"https:\/\/www.webdo.tn\/fr\/wp-content\/uploads\/2025\/06\/Nidaa-Tounes_184607.jpg","contentUrl":"https:\/\/www.webdo.tn\/fr\/wp-content\/uploads\/2025\/06\/Nidaa-Tounes_184607.jpg","width":200,"height":200,"caption":"Elections l\u00e9gislatives : Nidaa Tounes d\u00e9voile ses t\u00eates de listes"},{"@type":"BreadcrumbList","@id":"https:\/\/www.webdo.tn\/fr\/actualite\/regions\/tunisie-elections-legislatives-nidaa-tounes-devoile-ses-tetes-de-liste\/184607\/#breadcrumb","itemListElement":[{"@type":"ListItem","position":1,"name":"Accueil","item":"https:\/\/www.webdo.tn\/fr\/"},{"@type":"ListItem","position":2,"name":"Elections l\u00e9gislatives : Nidaa Tounes d\u00e9voile ses t\u00eates de listes"}]},{"@type":"WebSite","@id":"https:\/\/www.webdo.tn\/fr\/#website","url":"https:\/\/www.webdo.tn\/fr\/","name":"webdo","description":"Tunisie - News en Tunisie et \u00e0 l&#039;international sur Webdo.tn","publisher":{"@id":"https:\/\/www.webdo.tn\/fr\/#organization"},"potentialAction":[{"@type":"SearchAction","target":{"@type":"EntryPoint","urlTemplate":"https:\/\/www.webdo.tn\/fr\/?s={search_term_string}"},"query-input":{"@type":"PropertyValueSpecification","valueRequired":true,"valueName":"search_term_string"}}],"inLanguage":"fr-FR"},{"@type":"Organization","@id":"https:\/\/www.webdo.tn\/fr\/#organization","name":"Webdo","alternateName":"Webdo.tn","url":"https:\/\/www.webdo.tn\/fr\/","logo":{"@type":"ImageObject","inLanguage":"fr-FR","@id":"https:\/\/www.webdo.tn\/fr\/#\/schema\/logo\/image\/","url":"https:\/\/www.webdo.tn\/fr\/wp-content\/uploads\/2025\/06\/Webdo-Tunisie_168377.jpg","contentUrl":"https:\/\/www.webdo.tn\/fr\/wp-content\/uploads\/2025\/06\/Webdo-Tunisie_168377.jpg","width":301,"height":301,"caption":"Webdo"},"image":{"@id":"https:\/\/www.webdo.tn\/fr\/#\/schema\/logo\/image\/"},"sameAs":["https:\/\/www.facebook.com\/webdotn","https:\/\/x.com\/webdo_tn"],"description":"Webdo est un m\u00e9dia num\u00e9rique tunisien fond\u00e9 en 2010, sp\u00e9cialis\u00e9 dans l\u2019actualit\u00e9 nationale et internationale, l\u2019\u00e9conomie, la soci\u00e9t\u00e9 et les analyses politiques. Le site s\u2019adresse \u00e0 un large public francophone et couvre l\u2019information tunisienne en temps r\u00e9el.","email":"redac@webdo.tn","legalName":"YNJ SARL","foundingDate":"2010-09-06","numberOfEmployees":{"@type":"QuantitativeValue","minValue":"11","maxValue":"50"}},{"@type":"Person","@id":"https:\/\/www.webdo.tn\/fr\/#\/schema\/person\/9a9c6118d687c117df8ef3cc36a4d175","name":"webdo.tn","image":{"@type":"ImageObject","inLanguage":"fr-FR","@id":"https:\/\/secure.gravatar.com\/avatar\/7ce1f28c0c3bbac99ff550b85ef8e44a6950c6ee24514fb6a5489e51d06f0298?s=96&d=mm&r=g","url":"https:\/\/secure.gravatar.com\/avatar\/7ce1f28c0c3bbac99ff550b85ef8e44a6950c6ee24514fb6a5489e51d06f0298?s=96&d=mm&r=g","contentUrl":"https:\/\/secure.gravatar.com\/avatar\/7ce1f28c0c3bbac99ff550b85ef8e44a6950c6ee24514fb6a5489e51d06f0298?s=96&d=mm&r=g","caption":"webdo.tn"},"url":"https:\/\/www.webdo.tn\/fr\/actualite\/author\/webdotn\/"}]}},"_links":{"self":[{"href":"https:\/\/www.webdo.tn\/fr\/wp-json\/wp\/v2\/posts\/184607","targetHints":{"allow":["GET"]}}],"collection":[{"href":"https:\/\/www.webdo.tn\/fr\/wp-json\/wp\/v2\/posts"}],"about":[{"href":"https:\/\/www.webdo.tn\/fr\/wp-json\/wp\/v2\/types\/post"}],"author":[{"embeddable":true,"href":"https:\/\/www.webdo.tn\/fr\/wp-json\/wp\/v2\/users\/3222"}],"replies":[{"embeddable":true,"href":"https:\/\/www.webdo.tn\/fr\/wp-json\/wp\/v2\/comments?post=184607"}],"version-history":[{"count":0,"href":"https:\/\/www.webdo.tn\/fr\/wp-json\/wp\/v2\/posts\/184607\/revisions"}],"wp:featuredmedia":[{"embeddable":true,"href":"https:\/\/www.webdo.tn\/fr\/wp-json\/wp\/v2\/media\/373661"}],"wp:attachment":[{"href":"https:\/\/www.webdo.tn\/fr\/wp-json\/wp\/v2\/media?parent=184607"}],"wp:term":[{"taxonomy":"category","embeddable":true,"href":"https:\/\/www.webdo.tn\/fr\/wp-json\/wp\/v2\/categories?post=184607"},{"taxonomy":"post_tag","embeddable":true,"href":"https:\/\/www.webdo.tn\/fr\/wp-json\/wp\/v2\/tags?post=184607"}],"curies":[{"name":"wp","href":"https:\/\/api.w.org\/{rel}","templated":true}]}}