{"id":184606,"date":"2014-08-18T21:42:00","date_gmt":"2014-08-18T21:42:00","guid":{"rendered":"https:\/\/www.webdo.tn\/fr\/blog\/absenteisme-lanc-les-deputes-sinsurgent-contre-les-retenues-les-indemnites\/184606\/"},"modified":"2025-05-22T13:06:50","modified_gmt":"2025-05-22T13:06:50","slug":"absenteisme-lanc-les-deputes-sinsurgent-contre-les-retenues-les-indemnites","status":"publish","type":"post","link":"https:\/\/www.webdo.tn\/fr\/actualite\/regions\/absenteisme-lanc-les-deputes-sinsurgent-contre-les-retenues-les-indemnites\/184606\/","title":{"rendered":"Absent\u00e9isme \u00e0 l\u2019ANC : Les d\u00e9put\u00e9s s\u2019insurgent contre les retenues sur les indemnit\u00e9s"},"content":{"rendered":"<p>Le bureau de l\u2019Assembl\u00e9e nationale Constituante a d\u00e9cid\u00e9, ce lundi 18 ao\u00fbt d\u2019appliquer le r\u00e8glement en op\u00e9rant des retenues sur les indemnit\u00e9s des d\u00e9put\u00e9s au prorata du nombre d\u2019absences aux s\u00e9ances pl\u00e9ni\u00e8res. De quoi faire r\u00e9agir les d\u00e9put\u00e9s vis\u00e9s par cette d\u00e9cision.<\/p>\n<p> L\u2019agence TAP rapporte, en effet, que la plupart des d\u00e9put\u00e9s intervenus \u00e0 l\u2019ouverture de la s\u00e9ance de discussion de la loi sur la lutte contre le terrorisme se sont insurg\u00e9s contre cette d\u00e9cision. Pour eux, cette d\u00e9cision n\u2019est \u00abqu\u2019une campagne \u00e9lectorale avant l\u2019heure\u00bb et \u00abune mesure destin\u00e9e \u00e0 p\u00e9naliser les d\u00e9put\u00e9s des r\u00e9gions \u00e9loign\u00e9es\u00bb.<\/p>\n<p>Si la question de l\u2019absent\u00e9isme des d\u00e9put\u00e9s est remise sur le tapis, c\u2019est toutefois l\u2019application du r\u00e8glement int\u00e9rieur, aujourd\u2019hui qui suscite des interrogations comme le d\u00e9put\u00e9 Mahmoud El-May (Al-Joumhouri) qui \u00abs\u2019est interrog\u00e9 sur le fait de savoir si cette r\u00e9action tardive ne proc\u00e9dait pas d\u2019une campagne \u00e9lectorale\u00bb.<\/p>\n<p>Pour d\u2019autres d\u00e9put\u00e9s comme Hichem Hosni (groupe d\u00e9mocrate), il fallait appliquer int\u00e9gralement le r\u00e8glement int\u00e9rieur et sans aucune d\u00e9rogation, faisant valoir que les d\u00e9put\u00e9s n\u2019avaient pas pu b\u00e9n\u00e9ficier de certains droits \u00e9nonc\u00e9s par le r\u00e8glement int\u00e9rieur, comme celui de disposer \u00e0 leur guise d\u2019une semaine par mois pour les contacts dans leurs r\u00e9gions respectives.<\/p>\n","protected":false},"excerpt":{"rendered":"<p>Absent\u00e9isme \u00e0 l\u2019ANC : Les d\u00e9put\u00e9s s\u2019insurgent contre les retenues sur les indemnit\u00e9s<\/p>\n","protected":false},"author":3222,"featured_media":373664,"comment_status":"open","ping_status":"closed","sticky":false,"template":"","format":"standard","meta":{"footnotes":""},"categories":[2595],"tags":[],"class_list":["post-184606","post","type-post","status-publish","format-standard","has-post-thumbnail","hentry","category-regions"],"yoast_head":"<!-- This site is optimized with the Yoast SEO Premium plugin v27.5 (Yoast SEO v27.5) - https:\/\/yoast.com\/product\/yoast-seo-premium-wordpress\/ -->\n<title>Absent\u00e9isme \u00e0 l\u2019ANC : Les d\u00e9put\u00e9s s\u2019insurgent contre les retenues sur les indemnit\u00e9s<\/title>\n<meta name=\"description\" content=\"Absent\u00e9isme \u00e0 l\u2019ANC : Les d\u00e9put\u00e9s s\u2019insurgent contre les retenues sur les indemnit\u00e9s\" \/>\n<link rel=\"canonical\" href=\"https:\/\/www.webdo.tn\/fr\/actualite\/regions\/absenteisme-lanc-les-deputes-sinsurgent-contre-les-retenues-les-indemnites\/184606\/\" \/>\n<meta property=\"og:locale\" content=\"fr_FR\" \/>\n<meta property=\"og:type\" content=\"article\" \/>\n<meta property=\"og:title\" content=\"Absent\u00e9isme \u00e0 l\u2019ANC : Les d\u00e9put\u00e9s s\u2019insurgent contre les retenues sur les indemnit\u00e9s\" \/>\n<meta property=\"og:description\" content=\"Absent\u00e9isme \u00e0 l\u2019ANC : Les d\u00e9put\u00e9s s\u2019insurgent contre les retenues sur les indemnit\u00e9s\" \/>\n<meta property=\"og:url\" content=\"https:\/\/www.webdo.tn\/fr\/actualite\/regions\/absenteisme-lanc-les-deputes-sinsurgent-contre-les-retenues-les-indemnites\/184606\/\" \/>\n<meta property=\"og:site_name\" content=\"webdo\" \/>\n<meta property=\"article:publisher\" content=\"https:\/\/www.facebook.com\/webdotn\" \/>\n<meta property=\"article:published_time\" content=\"2014-08-18T21:42:00+00:00\" \/>\n<meta property=\"article:modified_time\" content=\"2025-05-22T13:06:50+00:00\" \/>\n<meta name=\"author\" content=\"webdo.tn\" \/>\n<meta name=\"twitter:card\" content=\"summary_large_image\" \/>\n<meta name=\"twitter:creator\" content=\"@webdo_tn\" \/>\n<meta name=\"twitter:site\" content=\"@webdo_tn\" \/>\n<meta name=\"twitter:label1\" content=\"\u00c9crit par\" \/>\n\t<meta name=\"twitter:data1\" content=\"webdo.tn\" \/>\n\t<meta name=\"twitter:label2\" content=\"Dur\u00e9e de lecture estim\u00e9e\" \/>\n\t<meta name=\"twitter:data2\" content=\"1 minute\" \/>\n<script type=\"application\/ld+json\" class=\"yoast-schema-graph\">{\"@context\":\"https:\\\/\\\/schema.org\",\"@graph\":[{\"@type\":\"NewsArticle\",\"@id\":\"https:\\\/\\\/www.webdo.tn\\\/fr\\\/actualite\\\/regions\\\/absenteisme-lanc-les-deputes-sinsurgent-contre-les-retenues-les-indemnites\\\/184606\\\/#article\",\"isPartOf\":{\"@id\":\"https:\\\/\\\/www.webdo.tn\\\/fr\\\/actualite\\\/regions\\\/absenteisme-lanc-les-deputes-sinsurgent-contre-les-retenues-les-indemnites\\\/184606\\\/\"},\"author\":{\"name\":\"webdo.tn\",\"@id\":\"https:\\\/\\\/www.webdo.tn\\\/fr\\\/#\\\/schema\\\/person\\\/9a9c6118d687c117df8ef3cc36a4d175\"},\"headline\":\"Absent\u00e9isme \u00e0 l\u2019ANC : Les d\u00e9put\u00e9s s\u2019insurgent contre les retenues sur les indemnit\u00e9s\",\"datePublished\":\"2014-08-18T21:42:00+00:00\",\"dateModified\":\"2025-05-22T13:06:50+00:00\",\"mainEntityOfPage\":{\"@id\":\"https:\\\/\\\/www.webdo.tn\\\/fr\\\/actualite\\\/regions\\\/absenteisme-lanc-les-deputes-sinsurgent-contre-les-retenues-les-indemnites\\\/184606\\\/\"},\"wordCount\":278,\"commentCount\":0,\"publisher\":{\"@id\":\"https:\\\/\\\/www.webdo.tn\\\/fr\\\/#organization\"},\"image\":{\"@id\":\"https:\\\/\\\/www.webdo.tn\\\/fr\\\/actualite\\\/regions\\\/absenteisme-lanc-les-deputes-sinsurgent-contre-les-retenues-les-indemnites\\\/184606\\\/#primaryimage\"},\"thumbnailUrl\":\"https:\\\/\\\/www.webdo.tn\\\/fr\\\/wp-content\\\/uploads\\\/2025\\\/06\\\/Assemblee-du-peuple_184606.jpg\",\"articleSection\":[\"regions\"],\"inLanguage\":\"fr-FR\"},{\"@type\":\"WebPage\",\"@id\":\"https:\\\/\\\/www.webdo.tn\\\/fr\\\/actualite\\\/regions\\\/absenteisme-lanc-les-deputes-sinsurgent-contre-les-retenues-les-indemnites\\\/184606\\\/\",\"url\":\"https:\\\/\\\/www.webdo.tn\\\/fr\\\/actualite\\\/regions\\\/absenteisme-lanc-les-deputes-sinsurgent-contre-les-retenues-les-indemnites\\\/184606\\\/\",\"name\":\"Absent\u00e9isme \u00e0 l\u2019ANC : Les d\u00e9put\u00e9s s\u2019insurgent contre les retenues sur les indemnit\u00e9s\",\"isPartOf\":{\"@id\":\"https:\\\/\\\/www.webdo.tn\\\/fr\\\/#website\"},\"primaryImageOfPage\":{\"@id\":\"https:\\\/\\\/www.webdo.tn\\\/fr\\\/actualite\\\/regions\\\/absenteisme-lanc-les-deputes-sinsurgent-contre-les-retenues-les-indemnites\\\/184606\\\/#primaryimage\"},\"image\":{\"@id\":\"https:\\\/\\\/www.webdo.tn\\\/fr\\\/actualite\\\/regions\\\/absenteisme-lanc-les-deputes-sinsurgent-contre-les-retenues-les-indemnites\\\/184606\\\/#primaryimage\"},\"thumbnailUrl\":\"https:\\\/\\\/www.webdo.tn\\\/fr\\\/wp-content\\\/uploads\\\/2025\\\/06\\\/Assemblee-du-peuple_184606.jpg\",\"datePublished\":\"2014-08-18T21:42:00+00:00\",\"dateModified\":\"2025-05-22T13:06:50+00:00\",\"description\":\"Absent\u00e9isme \u00e0 l\u2019ANC : Les d\u00e9put\u00e9s s\u2019insurgent contre les retenues sur les indemnit\u00e9s\",\"breadcrumb\":{\"@id\":\"https:\\\/\\\/www.webdo.tn\\\/fr\\\/actualite\\\/regions\\\/absenteisme-lanc-les-deputes-sinsurgent-contre-les-retenues-les-indemnites\\\/184606\\\/#breadcrumb\"},\"inLanguage\":\"fr-FR\",\"potentialAction\":[{\"@type\":\"ReadAction\",\"target\":[\"https:\\\/\\\/www.webdo.tn\\\/fr\\\/actualite\\\/regions\\\/absenteisme-lanc-les-deputes-sinsurgent-contre-les-retenues-les-indemnites\\\/184606\\\/\"]}]},{\"@type\":\"ImageObject\",\"inLanguage\":\"fr-FR\",\"@id\":\"https:\\\/\\\/www.webdo.tn\\\/fr\\\/actualite\\\/regions\\\/absenteisme-lanc-les-deputes-sinsurgent-contre-les-retenues-les-indemnites\\\/184606\\\/#primaryimage\",\"url\":\"https:\\\/\\\/www.webdo.tn\\\/fr\\\/wp-content\\\/uploads\\\/2025\\\/06\\\/Assemblee-du-peuple_184606.jpg\",\"contentUrl\":\"https:\\\/\\\/www.webdo.tn\\\/fr\\\/wp-content\\\/uploads\\\/2025\\\/06\\\/Assemblee-du-peuple_184606.jpg\",\"width\":300,\"height\":250,\"caption\":\"Absent\u00e9isme \u00e0 l\u2019ANC : Les d\u00e9put\u00e9s s\u2019insurgent contre les retenues sur les indemnit\u00e9s\"},{\"@type\":\"BreadcrumbList\",\"@id\":\"https:\\\/\\\/www.webdo.tn\\\/fr\\\/actualite\\\/regions\\\/absenteisme-lanc-les-deputes-sinsurgent-contre-les-retenues-les-indemnites\\\/184606\\\/#breadcrumb\",\"itemListElement\":[{\"@type\":\"ListItem\",\"position\":1,\"name\":\"Accueil\",\"item\":\"https:\\\/\\\/www.webdo.tn\\\/fr\\\/\"},{\"@type\":\"ListItem\",\"position\":2,\"name\":\"Absent\u00e9isme \u00e0 l\u2019ANC : Les d\u00e9put\u00e9s s\u2019insurgent contre les retenues sur les indemnit\u00e9s\"}]},{\"@type\":\"WebSite\",\"@id\":\"https:\\\/\\\/www.webdo.tn\\\/fr\\\/#website\",\"url\":\"https:\\\/\\\/www.webdo.tn\\\/fr\\\/\",\"name\":\"webdo\",\"description\":\"Tunisie - News en Tunisie et \u00e0 l&#039;international sur Webdo.tn\",\"publisher\":{\"@id\":\"https:\\\/\\\/www.webdo.tn\\\/fr\\\/#organization\"},\"potentialAction\":[{\"@type\":\"SearchAction\",\"target\":{\"@type\":\"EntryPoint\",\"urlTemplate\":\"https:\\\/\\\/www.webdo.tn\\\/fr\\\/?s={search_term_string}\"},\"query-input\":{\"@type\":\"PropertyValueSpecification\",\"valueRequired\":true,\"valueName\":\"search_term_string\"}}],\"inLanguage\":\"fr-FR\"},{\"@type\":\"Organization\",\"@id\":\"https:\\\/\\\/www.webdo.tn\\\/fr\\\/#organization\",\"name\":\"Webdo\",\"alternateName\":\"Webdo.tn\",\"url\":\"https:\\\/\\\/www.webdo.tn\\\/fr\\\/\",\"logo\":{\"@type\":\"ImageObject\",\"inLanguage\":\"fr-FR\",\"@id\":\"https:\\\/\\\/www.webdo.tn\\\/fr\\\/#\\\/schema\\\/logo\\\/image\\\/\",\"url\":\"https:\\\/\\\/www.webdo.tn\\\/fr\\\/wp-content\\\/uploads\\\/2025\\\/06\\\/Webdo-Tunisie_168377.jpg\",\"contentUrl\":\"https:\\\/\\\/www.webdo.tn\\\/fr\\\/wp-content\\\/uploads\\\/2025\\\/06\\\/Webdo-Tunisie_168377.jpg\",\"width\":301,\"height\":301,\"caption\":\"Webdo\"},\"image\":{\"@id\":\"https:\\\/\\\/www.webdo.tn\\\/fr\\\/#\\\/schema\\\/logo\\\/image\\\/\"},\"sameAs\":[\"https:\\\/\\\/www.facebook.com\\\/webdotn\",\"https:\\\/\\\/x.com\\\/webdo_tn\"],\"description\":\"Webdo est un m\u00e9dia num\u00e9rique tunisien fond\u00e9 en 2010, sp\u00e9cialis\u00e9 dans l\u2019actualit\u00e9 nationale et internationale, l\u2019\u00e9conomie, la soci\u00e9t\u00e9 et les analyses politiques. Le site s\u2019adresse \u00e0 un large public francophone et couvre l\u2019information tunisienne en temps r\u00e9el.\",\"email\":\"redac@webdo.tn\",\"legalName\":\"YNJ SARL\",\"foundingDate\":\"2010-09-06\",\"numberOfEmployees\":{\"@type\":\"QuantitativeValue\",\"minValue\":\"11\",\"maxValue\":\"50\"}},{\"@type\":\"Person\",\"@id\":\"https:\\\/\\\/www.webdo.tn\\\/fr\\\/#\\\/schema\\\/person\\\/9a9c6118d687c117df8ef3cc36a4d175\",\"name\":\"webdo.tn\",\"image\":{\"@type\":\"ImageObject\",\"inLanguage\":\"fr-FR\",\"@id\":\"https:\\\/\\\/secure.gravatar.com\\\/avatar\\\/7ce1f28c0c3bbac99ff550b85ef8e44a6950c6ee24514fb6a5489e51d06f0298?s=96&d=mm&r=g\",\"url\":\"https:\\\/\\\/secure.gravatar.com\\\/avatar\\\/7ce1f28c0c3bbac99ff550b85ef8e44a6950c6ee24514fb6a5489e51d06f0298?s=96&d=mm&r=g\",\"contentUrl\":\"https:\\\/\\\/secure.gravatar.com\\\/avatar\\\/7ce1f28c0c3bbac99ff550b85ef8e44a6950c6ee24514fb6a5489e51d06f0298?s=96&d=mm&r=g\",\"caption\":\"webdo.tn\"},\"url\":\"https:\\\/\\\/www.webdo.tn\\\/fr\\\/actualite\\\/author\\\/webdotn\\\/\"}]}<\/script>\n<!-- \/ Yoast SEO Premium plugin. -->","yoast_head_json":{"title":"Absent\u00e9isme \u00e0 l\u2019ANC : Les d\u00e9put\u00e9s s\u2019insurgent contre les retenues sur les indemnit\u00e9s","description":"Absent\u00e9isme \u00e0 l\u2019ANC : Les d\u00e9put\u00e9s s\u2019insurgent contre les retenues sur les indemnit\u00e9s","canonical":"https:\/\/www.webdo.tn\/fr\/actualite\/regions\/absenteisme-lanc-les-deputes-sinsurgent-contre-les-retenues-les-indemnites\/184606\/","og_locale":"fr_FR","og_type":"article","og_title":"Absent\u00e9isme \u00e0 l\u2019ANC : Les d\u00e9put\u00e9s s\u2019insurgent contre les retenues sur les indemnit\u00e9s","og_description":"Absent\u00e9isme \u00e0 l\u2019ANC : Les d\u00e9put\u00e9s s\u2019insurgent contre les retenues sur les indemnit\u00e9s","og_url":"https:\/\/www.webdo.tn\/fr\/actualite\/regions\/absenteisme-lanc-les-deputes-sinsurgent-contre-les-retenues-les-indemnites\/184606\/","og_site_name":"webdo","article_publisher":"https:\/\/www.facebook.com\/webdotn","article_published_time":"2014-08-18T21:42:00+00:00","article_modified_time":"2025-05-22T13:06:50+00:00","author":"webdo.tn","twitter_card":"summary_large_image","twitter_creator":"@webdo_tn","twitter_site":"@webdo_tn","twitter_misc":{"\u00c9crit par":"webdo.tn","Dur\u00e9e de lecture estim\u00e9e":"1 minute"},"schema":{"@context":"https:\/\/schema.org","@graph":[{"@type":"NewsArticle","@id":"https:\/\/www.webdo.tn\/fr\/actualite\/regions\/absenteisme-lanc-les-deputes-sinsurgent-contre-les-retenues-les-indemnites\/184606\/#article","isPartOf":{"@id":"https:\/\/www.webdo.tn\/fr\/actualite\/regions\/absenteisme-lanc-les-deputes-sinsurgent-contre-les-retenues-les-indemnites\/184606\/"},"author":{"name":"webdo.tn","@id":"https:\/\/www.webdo.tn\/fr\/#\/schema\/person\/9a9c6118d687c117df8ef3cc36a4d175"},"headline":"Absent\u00e9isme \u00e0 l\u2019ANC : Les d\u00e9put\u00e9s s\u2019insurgent contre les retenues sur les indemnit\u00e9s","datePublished":"2014-08-18T21:42:00+00:00","dateModified":"2025-05-22T13:06:50+00:00","mainEntityOfPage":{"@id":"https:\/\/www.webdo.tn\/fr\/actualite\/regions\/absenteisme-lanc-les-deputes-sinsurgent-contre-les-retenues-les-indemnites\/184606\/"},"wordCount":278,"commentCount":0,"publisher":{"@id":"https:\/\/www.webdo.tn\/fr\/#organization"},"image":{"@id":"https:\/\/www.webdo.tn\/fr\/actualite\/regions\/absenteisme-lanc-les-deputes-sinsurgent-contre-les-retenues-les-indemnites\/184606\/#primaryimage"},"thumbnailUrl":"https:\/\/www.webdo.tn\/fr\/wp-content\/uploads\/2025\/06\/Assemblee-du-peuple_184606.jpg","articleSection":["regions"],"inLanguage":"fr-FR"},{"@type":"WebPage","@id":"https:\/\/www.webdo.tn\/fr\/actualite\/regions\/absenteisme-lanc-les-deputes-sinsurgent-contre-les-retenues-les-indemnites\/184606\/","url":"https:\/\/www.webdo.tn\/fr\/actualite\/regions\/absenteisme-lanc-les-deputes-sinsurgent-contre-les-retenues-les-indemnites\/184606\/","name":"Absent\u00e9isme \u00e0 l\u2019ANC : Les d\u00e9put\u00e9s s\u2019insurgent contre les retenues sur les indemnit\u00e9s","isPartOf":{"@id":"https:\/\/www.webdo.tn\/fr\/#website"},"primaryImageOfPage":{"@id":"https:\/\/www.webdo.tn\/fr\/actualite\/regions\/absenteisme-lanc-les-deputes-sinsurgent-contre-les-retenues-les-indemnites\/184606\/#primaryimage"},"image":{"@id":"https:\/\/www.webdo.tn\/fr\/actualite\/regions\/absenteisme-lanc-les-deputes-sinsurgent-contre-les-retenues-les-indemnites\/184606\/#primaryimage"},"thumbnailUrl":"https:\/\/www.webdo.tn\/fr\/wp-content\/uploads\/2025\/06\/Assemblee-du-peuple_184606.jpg","datePublished":"2014-08-18T21:42:00+00:00","dateModified":"2025-05-22T13:06:50+00:00","description":"Absent\u00e9isme \u00e0 l\u2019ANC : Les d\u00e9put\u00e9s s\u2019insurgent contre les retenues sur les indemnit\u00e9s","breadcrumb":{"@id":"https:\/\/www.webdo.tn\/fr\/actualite\/regions\/absenteisme-lanc-les-deputes-sinsurgent-contre-les-retenues-les-indemnites\/184606\/#breadcrumb"},"inLanguage":"fr-FR","potentialAction":[{"@type":"ReadAction","target":["https:\/\/www.webdo.tn\/fr\/actualite\/regions\/absenteisme-lanc-les-deputes-sinsurgent-contre-les-retenues-les-indemnites\/184606\/"]}]},{"@type":"ImageObject","inLanguage":"fr-FR","@id":"https:\/\/www.webdo.tn\/fr\/actualite\/regions\/absenteisme-lanc-les-deputes-sinsurgent-contre-les-retenues-les-indemnites\/184606\/#primaryimage","url":"https:\/\/www.webdo.tn\/fr\/wp-content\/uploads\/2025\/06\/Assemblee-du-peuple_184606.jpg","contentUrl":"https:\/\/www.webdo.tn\/fr\/wp-content\/uploads\/2025\/06\/Assemblee-du-peuple_184606.jpg","width":300,"height":250,"caption":"Absent\u00e9isme \u00e0 l\u2019ANC : Les d\u00e9put\u00e9s s\u2019insurgent contre les retenues sur les indemnit\u00e9s"},{"@type":"BreadcrumbList","@id":"https:\/\/www.webdo.tn\/fr\/actualite\/regions\/absenteisme-lanc-les-deputes-sinsurgent-contre-les-retenues-les-indemnites\/184606\/#breadcrumb","itemListElement":[{"@type":"ListItem","position":1,"name":"Accueil","item":"https:\/\/www.webdo.tn\/fr\/"},{"@type":"ListItem","position":2,"name":"Absent\u00e9isme \u00e0 l\u2019ANC : Les d\u00e9put\u00e9s s\u2019insurgent contre les retenues sur les indemnit\u00e9s"}]},{"@type":"WebSite","@id":"https:\/\/www.webdo.tn\/fr\/#website","url":"https:\/\/www.webdo.tn\/fr\/","name":"webdo","description":"Tunisie - News en Tunisie et \u00e0 l&#039;international sur Webdo.tn","publisher":{"@id":"https:\/\/www.webdo.tn\/fr\/#organization"},"potentialAction":[{"@type":"SearchAction","target":{"@type":"EntryPoint","urlTemplate":"https:\/\/www.webdo.tn\/fr\/?s={search_term_string}"},"query-input":{"@type":"PropertyValueSpecification","valueRequired":true,"valueName":"search_term_string"}}],"inLanguage":"fr-FR"},{"@type":"Organization","@id":"https:\/\/www.webdo.tn\/fr\/#organization","name":"Webdo","alternateName":"Webdo.tn","url":"https:\/\/www.webdo.tn\/fr\/","logo":{"@type":"ImageObject","inLanguage":"fr-FR","@id":"https:\/\/www.webdo.tn\/fr\/#\/schema\/logo\/image\/","url":"https:\/\/www.webdo.tn\/fr\/wp-content\/uploads\/2025\/06\/Webdo-Tunisie_168377.jpg","contentUrl":"https:\/\/www.webdo.tn\/fr\/wp-content\/uploads\/2025\/06\/Webdo-Tunisie_168377.jpg","width":301,"height":301,"caption":"Webdo"},"image":{"@id":"https:\/\/www.webdo.tn\/fr\/#\/schema\/logo\/image\/"},"sameAs":["https:\/\/www.facebook.com\/webdotn","https:\/\/x.com\/webdo_tn"],"description":"Webdo est un m\u00e9dia num\u00e9rique tunisien fond\u00e9 en 2010, sp\u00e9cialis\u00e9 dans l\u2019actualit\u00e9 nationale et internationale, l\u2019\u00e9conomie, la soci\u00e9t\u00e9 et les analyses politiques. Le site s\u2019adresse \u00e0 un large public francophone et couvre l\u2019information tunisienne en temps r\u00e9el.","email":"redac@webdo.tn","legalName":"YNJ SARL","foundingDate":"2010-09-06","numberOfEmployees":{"@type":"QuantitativeValue","minValue":"11","maxValue":"50"}},{"@type":"Person","@id":"https:\/\/www.webdo.tn\/fr\/#\/schema\/person\/9a9c6118d687c117df8ef3cc36a4d175","name":"webdo.tn","image":{"@type":"ImageObject","inLanguage":"fr-FR","@id":"https:\/\/secure.gravatar.com\/avatar\/7ce1f28c0c3bbac99ff550b85ef8e44a6950c6ee24514fb6a5489e51d06f0298?s=96&d=mm&r=g","url":"https:\/\/secure.gravatar.com\/avatar\/7ce1f28c0c3bbac99ff550b85ef8e44a6950c6ee24514fb6a5489e51d06f0298?s=96&d=mm&r=g","contentUrl":"https:\/\/secure.gravatar.com\/avatar\/7ce1f28c0c3bbac99ff550b85ef8e44a6950c6ee24514fb6a5489e51d06f0298?s=96&d=mm&r=g","caption":"webdo.tn"},"url":"https:\/\/www.webdo.tn\/fr\/actualite\/author\/webdotn\/"}]}},"_links":{"self":[{"href":"https:\/\/www.webdo.tn\/fr\/wp-json\/wp\/v2\/posts\/184606","targetHints":{"allow":["GET"]}}],"collection":[{"href":"https:\/\/www.webdo.tn\/fr\/wp-json\/wp\/v2\/posts"}],"about":[{"href":"https:\/\/www.webdo.tn\/fr\/wp-json\/wp\/v2\/types\/post"}],"author":[{"embeddable":true,"href":"https:\/\/www.webdo.tn\/fr\/wp-json\/wp\/v2\/users\/3222"}],"replies":[{"embeddable":true,"href":"https:\/\/www.webdo.tn\/fr\/wp-json\/wp\/v2\/comments?post=184606"}],"version-history":[{"count":0,"href":"https:\/\/www.webdo.tn\/fr\/wp-json\/wp\/v2\/posts\/184606\/revisions"}],"wp:featuredmedia":[{"embeddable":true,"href":"https:\/\/www.webdo.tn\/fr\/wp-json\/wp\/v2\/media\/373664"}],"wp:attachment":[{"href":"https:\/\/www.webdo.tn\/fr\/wp-json\/wp\/v2\/media?parent=184606"}],"wp:term":[{"taxonomy":"category","embeddable":true,"href":"https:\/\/www.webdo.tn\/fr\/wp-json\/wp\/v2\/categories?post=184606"},{"taxonomy":"post_tag","embeddable":true,"href":"https:\/\/www.webdo.tn\/fr\/wp-json\/wp\/v2\/tags?post=184606"}],"curies":[{"name":"wp","href":"https:\/\/api.w.org\/{rel}","templated":true}]}}