{"id":184605,"date":"2014-08-19T00:01:00","date_gmt":"2014-08-18T22:01:00","guid":{"rendered":"https:\/\/www.webdo.tn\/fr\/actualite\/regions\/tunisie-sous-la-banniere-de-nidaa-tounes-letoile-et-le-cs-sfaxien-sinvitent-aux-legislatives\/184605"},"modified":"2014-08-19T00:01:00","modified_gmt":"2014-08-18T22:01:00","slug":"tunisie-sous-la-banniere-de-nidaa-tounes-letoile-et-le-cs-sfaxien-sinvitent-aux-legislatives","status":"publish","type":"post","link":"https:\/\/www.webdo.tn\/fr\/actualite\/regions\/tunisie-sous-la-banniere-de-nidaa-tounes-letoile-et-le-cs-sfaxien-sinvitent-aux-legislatives\/184605\/","title":{"rendered":"Sous la banni\u00e8re de Nidaa Tounes, l\u2019Etoile et le CS Sfaxien \u00abs\u2019invitent\u00bb aux l\u00e9gislatives"},"content":{"rendered":"<p>Le foot et la politique sont-ils compatibles, du moins dans la Tunisie d\u2019aujourd\u2019hui ? Il est encore trop t\u00f4t pour se prononcer bien que le sport roi et la politique ont toujours \u00e9t\u00e9 intimement li\u00e9s.<\/p>\n<p>Les nominations de Ridha Charfeddine, pr\u00e9sident de l\u2019Etoile Sportive du Sahel, t\u00eate de liste de Nidaa Tounes \u00e0 Sousse, et de Moncef Sellami, ancien pr\u00e9sident du Club Sportif Sfaxien \u00e0 Sfax 2 sous la m\u00eame banni\u00e8re montrent \u00e0 quel point les partis politiques ont bien l\u2019intention de miser sur les bases populaires des clubs pour r\u00e9colter des voix.Votez \u00ab\u00a0foot\u00a0\u00bb ?<\/p>\n<p>En misant sur deux candidats populaires dans leurs villes et au sein de leurs clubs, Nidaa Tounes esp\u00e8re bien tirer le gros lot en s\u2019assurant les voix des jeunes et des inconditionnels fans \u00e9toil\u00e9s et clubistes sfaxiens.<\/p>\n<p>Football et politique ont toujours \u00e9t\u00e9 intimement li\u00e9s et cette relation n\u2019est pas pr\u00eate de s\u2019arr\u00eater. Le d\u00e9put\u00e9 de l\u2019Alliance d\u00e9mocratique, Mehdi Ben Gharbia est lui aussi pr\u00e9sident du Club Athl\u00e9tique Bizertin. Son coll\u00e8gue \u00e0 l\u2019ANC, Mahmoud Baroudi est porte-parole de Grombalia Sport.<\/p>\n<p>Apr\u00e8s les \u00e9lections de 2011, Slim Riahi (Union Patriotique Libre) est devenu pr\u00e9sident du Club Africain. Quant \u00e0 Slaheddine Zahaf, \u00e9tranger \u00e0 la politique avant le 14 Janvier 2011 est devenu, depuis, d\u00e9put\u00e9 \u00e0 l&rsquo;ANC&#8230;<\/p>\n<p>Flirt politique<\/p>\n<p>Sous Bourguiba, les exemples \u00e9taient \u00e9galement nombreux. Azzouz Lasram (Club Africain), Hassen Belkhouja (Esp\u00e9rance de Tunis) ou Hamed Karoui (Etoile du Sahel) ont \u00e9t\u00e9 pr\u00e9sidents de leur club et ministres. Mais c\u2019\u00e9tait une autre \u00e9poque o\u00f9 tout \u00e9tait dict\u00e9 par les d\u00e9signations.<\/p>\n<p>Le football, sport populaire par excellence en Tunisie, a toujours flirt\u00e9 avec la politique et vice-versa. Une mani\u00e8re, pour le pouvoir, de garder la main sur les clubs disposant d\u2019une base populaire impressionnante.<\/p>\n<p>Aujourd\u2019hui, la donne est invers\u00e9e puisque les partis politiques y voient une opportunit\u00e9 qui peut les mener vers les cimes du pouvoir.<\/p>\n","protected":false},"excerpt":{"rendered":"<p>Le foot et la politique sont-ils compatibles, du moins dans la Tunisie d\u2019aujourd\u2019hui ? Il est encore trop t\u00f4t pour se prononcer bien que le sport roi <\/p>\n","protected":false},"author":3222,"featured_media":373667,"comment_status":"open","ping_status":"open","sticky":false,"template":"","format":"standard","meta":{"footnotes":""},"categories":[2595],"tags":[],"class_list":["post-184605","post","type-post","status-publish","format-standard","has-post-thumbnail","hentry","category-regions"],"yoast_head":"<!-- This site is optimized with the Yoast SEO Premium plugin v27.5 (Yoast SEO v27.5) - https:\/\/yoast.com\/product\/yoast-seo-premium-wordpress\/ -->\n<title>Sous la banni\u00e8re de Nidaa Tounes, l\u2019Etoile et le CS Sfaxien \u00abs\u2019invitent\u00bb aux l\u00e9gislatives<\/title>\n<meta name=\"description\" content=\"Sous la banni\u00e8re de Nidaa Tounes, l\u2019Etoile et le CS Sfaxien \u00abs\u2019invitent\u00bb aux l\u00e9gislatives\" \/>\n<link rel=\"canonical\" href=\"https:\/\/www.webdo.tn\/fr\/actualite\/regions\/tunisie-sous-la-banniere-de-nidaa-tounes-letoile-et-le-cs-sfaxien-sinvitent-aux-legislatives\/184605\/\" \/>\n<meta property=\"og:locale\" content=\"fr_FR\" \/>\n<meta property=\"og:type\" content=\"article\" \/>\n<meta property=\"og:title\" content=\"Sous la banni\u00e8re de Nidaa Tounes, l\u2019Etoile et le CS Sfaxien \u00abs\u2019invitent\u00bb aux l\u00e9gislatives\" \/>\n<meta property=\"og:description\" content=\"Sous la banni\u00e8re de Nidaa Tounes, l\u2019Etoile et le CS Sfaxien \u00abs\u2019invitent\u00bb aux l\u00e9gislatives\" \/>\n<meta property=\"og:url\" content=\"https:\/\/www.webdo.tn\/fr\/actualite\/regions\/tunisie-sous-la-banniere-de-nidaa-tounes-letoile-et-le-cs-sfaxien-sinvitent-aux-legislatives\/184605\/\" \/>\n<meta property=\"og:site_name\" content=\"webdo\" \/>\n<meta property=\"article:publisher\" content=\"https:\/\/www.facebook.com\/webdotn\" \/>\n<meta property=\"article:published_time\" content=\"2014-08-18T22:01:00+00:00\" \/>\n<meta name=\"author\" content=\"webdo.tn\" \/>\n<meta name=\"twitter:card\" content=\"summary_large_image\" \/>\n<meta name=\"twitter:creator\" content=\"@webdo_tn\" \/>\n<meta name=\"twitter:site\" content=\"@webdo_tn\" \/>\n<meta name=\"twitter:label1\" content=\"\u00c9crit par\" \/>\n\t<meta name=\"twitter:data1\" content=\"webdo.tn\" \/>\n\t<meta name=\"twitter:label2\" content=\"Dur\u00e9e de lecture estim\u00e9e\" \/>\n\t<meta name=\"twitter:data2\" content=\"2 minutes\" \/>\n<script type=\"application\/ld+json\" class=\"yoast-schema-graph\">{\"@context\":\"https:\\\/\\\/schema.org\",\"@graph\":[{\"@type\":\"NewsArticle\",\"@id\":\"https:\\\/\\\/www.webdo.tn\\\/fr\\\/actualite\\\/regions\\\/tunisie-sous-la-banniere-de-nidaa-tounes-letoile-et-le-cs-sfaxien-sinvitent-aux-legislatives\\\/184605\\\/#article\",\"isPartOf\":{\"@id\":\"https:\\\/\\\/www.webdo.tn\\\/fr\\\/actualite\\\/regions\\\/tunisie-sous-la-banniere-de-nidaa-tounes-letoile-et-le-cs-sfaxien-sinvitent-aux-legislatives\\\/184605\\\/\"},\"author\":{\"name\":\"webdo.tn\",\"@id\":\"https:\\\/\\\/www.webdo.tn\\\/fr\\\/#\\\/schema\\\/person\\\/9a9c6118d687c117df8ef3cc36a4d175\"},\"headline\":\"Sous la banni\u00e8re de Nidaa Tounes, l\u2019Etoile et le CS Sfaxien \u00abs\u2019invitent\u00bb aux l\u00e9gislatives\",\"datePublished\":\"2014-08-18T22:01:00+00:00\",\"mainEntityOfPage\":{\"@id\":\"https:\\\/\\\/www.webdo.tn\\\/fr\\\/actualite\\\/regions\\\/tunisie-sous-la-banniere-de-nidaa-tounes-letoile-et-le-cs-sfaxien-sinvitent-aux-legislatives\\\/184605\\\/\"},\"wordCount\":354,\"commentCount\":0,\"publisher\":{\"@id\":\"https:\\\/\\\/www.webdo.tn\\\/fr\\\/#organization\"},\"image\":{\"@id\":\"https:\\\/\\\/www.webdo.tn\\\/fr\\\/actualite\\\/regions\\\/tunisie-sous-la-banniere-de-nidaa-tounes-letoile-et-le-cs-sfaxien-sinvitent-aux-legislatives\\\/184605\\\/#primaryimage\"},\"thumbnailUrl\":\"https:\\\/\\\/www.webdo.tn\\\/fr\\\/wp-content\\\/uploads\\\/2025\\\/06\\\/Moncef-Sellami-Ridha-Charfeddine_184605.jpg\",\"articleSection\":[\"regions\"],\"inLanguage\":\"fr-FR\"},{\"@type\":\"WebPage\",\"@id\":\"https:\\\/\\\/www.webdo.tn\\\/fr\\\/actualite\\\/regions\\\/tunisie-sous-la-banniere-de-nidaa-tounes-letoile-et-le-cs-sfaxien-sinvitent-aux-legislatives\\\/184605\\\/\",\"url\":\"https:\\\/\\\/www.webdo.tn\\\/fr\\\/actualite\\\/regions\\\/tunisie-sous-la-banniere-de-nidaa-tounes-letoile-et-le-cs-sfaxien-sinvitent-aux-legislatives\\\/184605\\\/\",\"name\":\"Sous la banni\u00e8re de Nidaa Tounes, l\u2019Etoile et le CS Sfaxien \u00abs\u2019invitent\u00bb aux l\u00e9gislatives\",\"isPartOf\":{\"@id\":\"https:\\\/\\\/www.webdo.tn\\\/fr\\\/#website\"},\"primaryImageOfPage\":{\"@id\":\"https:\\\/\\\/www.webdo.tn\\\/fr\\\/actualite\\\/regions\\\/tunisie-sous-la-banniere-de-nidaa-tounes-letoile-et-le-cs-sfaxien-sinvitent-aux-legislatives\\\/184605\\\/#primaryimage\"},\"image\":{\"@id\":\"https:\\\/\\\/www.webdo.tn\\\/fr\\\/actualite\\\/regions\\\/tunisie-sous-la-banniere-de-nidaa-tounes-letoile-et-le-cs-sfaxien-sinvitent-aux-legislatives\\\/184605\\\/#primaryimage\"},\"thumbnailUrl\":\"https:\\\/\\\/www.webdo.tn\\\/fr\\\/wp-content\\\/uploads\\\/2025\\\/06\\\/Moncef-Sellami-Ridha-Charfeddine_184605.jpg\",\"datePublished\":\"2014-08-18T22:01:00+00:00\",\"description\":\"Sous la banni\u00e8re de Nidaa Tounes, l\u2019Etoile et le CS Sfaxien \u00abs\u2019invitent\u00bb aux l\u00e9gislatives\",\"breadcrumb\":{\"@id\":\"https:\\\/\\\/www.webdo.tn\\\/fr\\\/actualite\\\/regions\\\/tunisie-sous-la-banniere-de-nidaa-tounes-letoile-et-le-cs-sfaxien-sinvitent-aux-legislatives\\\/184605\\\/#breadcrumb\"},\"inLanguage\":\"fr-FR\",\"potentialAction\":[{\"@type\":\"ReadAction\",\"target\":[\"https:\\\/\\\/www.webdo.tn\\\/fr\\\/actualite\\\/regions\\\/tunisie-sous-la-banniere-de-nidaa-tounes-letoile-et-le-cs-sfaxien-sinvitent-aux-legislatives\\\/184605\\\/\"]}]},{\"@type\":\"ImageObject\",\"inLanguage\":\"fr-FR\",\"@id\":\"https:\\\/\\\/www.webdo.tn\\\/fr\\\/actualite\\\/regions\\\/tunisie-sous-la-banniere-de-nidaa-tounes-letoile-et-le-cs-sfaxien-sinvitent-aux-legislatives\\\/184605\\\/#primaryimage\",\"url\":\"https:\\\/\\\/www.webdo.tn\\\/fr\\\/wp-content\\\/uploads\\\/2025\\\/06\\\/Moncef-Sellami-Ridha-Charfeddine_184605.jpg\",\"contentUrl\":\"https:\\\/\\\/www.webdo.tn\\\/fr\\\/wp-content\\\/uploads\\\/2025\\\/06\\\/Moncef-Sellami-Ridha-Charfeddine_184605.jpg\",\"width\":585,\"height\":211,\"caption\":\"Sous la banni\u00e8re de Nidaa Tounes, l\u2019Etoile et le CS Sfaxien \u00abs\u2019invitent\u00bb aux l\u00e9gislatives\"},{\"@type\":\"BreadcrumbList\",\"@id\":\"https:\\\/\\\/www.webdo.tn\\\/fr\\\/actualite\\\/regions\\\/tunisie-sous-la-banniere-de-nidaa-tounes-letoile-et-le-cs-sfaxien-sinvitent-aux-legislatives\\\/184605\\\/#breadcrumb\",\"itemListElement\":[{\"@type\":\"ListItem\",\"position\":1,\"name\":\"Accueil\",\"item\":\"https:\\\/\\\/www.webdo.tn\\\/fr\\\/\"},{\"@type\":\"ListItem\",\"position\":2,\"name\":\"Sous la banni\u00e8re de Nidaa Tounes, l\u2019Etoile et le CS Sfaxien \u00abs\u2019invitent\u00bb aux l\u00e9gislatives\"}]},{\"@type\":\"WebSite\",\"@id\":\"https:\\\/\\\/www.webdo.tn\\\/fr\\\/#website\",\"url\":\"https:\\\/\\\/www.webdo.tn\\\/fr\\\/\",\"name\":\"webdo\",\"description\":\"Tunisie - News en Tunisie et \u00e0 l&#039;international sur Webdo.tn\",\"publisher\":{\"@id\":\"https:\\\/\\\/www.webdo.tn\\\/fr\\\/#organization\"},\"potentialAction\":[{\"@type\":\"SearchAction\",\"target\":{\"@type\":\"EntryPoint\",\"urlTemplate\":\"https:\\\/\\\/www.webdo.tn\\\/fr\\\/?s={search_term_string}\"},\"query-input\":{\"@type\":\"PropertyValueSpecification\",\"valueRequired\":true,\"valueName\":\"search_term_string\"}}],\"inLanguage\":\"fr-FR\"},{\"@type\":\"Organization\",\"@id\":\"https:\\\/\\\/www.webdo.tn\\\/fr\\\/#organization\",\"name\":\"Webdo\",\"alternateName\":\"Webdo.tn\",\"url\":\"https:\\\/\\\/www.webdo.tn\\\/fr\\\/\",\"logo\":{\"@type\":\"ImageObject\",\"inLanguage\":\"fr-FR\",\"@id\":\"https:\\\/\\\/www.webdo.tn\\\/fr\\\/#\\\/schema\\\/logo\\\/image\\\/\",\"url\":\"https:\\\/\\\/www.webdo.tn\\\/fr\\\/wp-content\\\/uploads\\\/2025\\\/06\\\/Webdo-Tunisie_168377.jpg\",\"contentUrl\":\"https:\\\/\\\/www.webdo.tn\\\/fr\\\/wp-content\\\/uploads\\\/2025\\\/06\\\/Webdo-Tunisie_168377.jpg\",\"width\":301,\"height\":301,\"caption\":\"Webdo\"},\"image\":{\"@id\":\"https:\\\/\\\/www.webdo.tn\\\/fr\\\/#\\\/schema\\\/logo\\\/image\\\/\"},\"sameAs\":[\"https:\\\/\\\/www.facebook.com\\\/webdotn\",\"https:\\\/\\\/x.com\\\/webdo_tn\"],\"description\":\"Webdo est un m\u00e9dia num\u00e9rique tunisien fond\u00e9 en 2010, sp\u00e9cialis\u00e9 dans l\u2019actualit\u00e9 nationale et internationale, l\u2019\u00e9conomie, la soci\u00e9t\u00e9 et les analyses politiques. Le site s\u2019adresse \u00e0 un large public francophone et couvre l\u2019information tunisienne en temps r\u00e9el.\",\"email\":\"redac@webdo.tn\",\"legalName\":\"YNJ SARL\",\"foundingDate\":\"2010-09-06\",\"numberOfEmployees\":{\"@type\":\"QuantitativeValue\",\"minValue\":\"11\",\"maxValue\":\"50\"}},{\"@type\":\"Person\",\"@id\":\"https:\\\/\\\/www.webdo.tn\\\/fr\\\/#\\\/schema\\\/person\\\/9a9c6118d687c117df8ef3cc36a4d175\",\"name\":\"webdo.tn\",\"image\":{\"@type\":\"ImageObject\",\"inLanguage\":\"fr-FR\",\"@id\":\"https:\\\/\\\/secure.gravatar.com\\\/avatar\\\/7ce1f28c0c3bbac99ff550b85ef8e44a6950c6ee24514fb6a5489e51d06f0298?s=96&d=mm&r=g\",\"url\":\"https:\\\/\\\/secure.gravatar.com\\\/avatar\\\/7ce1f28c0c3bbac99ff550b85ef8e44a6950c6ee24514fb6a5489e51d06f0298?s=96&d=mm&r=g\",\"contentUrl\":\"https:\\\/\\\/secure.gravatar.com\\\/avatar\\\/7ce1f28c0c3bbac99ff550b85ef8e44a6950c6ee24514fb6a5489e51d06f0298?s=96&d=mm&r=g\",\"caption\":\"webdo.tn\"},\"url\":\"https:\\\/\\\/www.webdo.tn\\\/fr\\\/actualite\\\/author\\\/webdotn\\\/\"}]}<\/script>\n<!-- \/ Yoast SEO Premium plugin. -->","yoast_head_json":{"title":"Sous la banni\u00e8re de Nidaa Tounes, l\u2019Etoile et le CS Sfaxien \u00abs\u2019invitent\u00bb aux l\u00e9gislatives","description":"Sous la banni\u00e8re de Nidaa Tounes, l\u2019Etoile et le CS Sfaxien \u00abs\u2019invitent\u00bb aux l\u00e9gislatives","canonical":"https:\/\/www.webdo.tn\/fr\/actualite\/regions\/tunisie-sous-la-banniere-de-nidaa-tounes-letoile-et-le-cs-sfaxien-sinvitent-aux-legislatives\/184605\/","og_locale":"fr_FR","og_type":"article","og_title":"Sous la banni\u00e8re de Nidaa Tounes, l\u2019Etoile et le CS Sfaxien \u00abs\u2019invitent\u00bb aux l\u00e9gislatives","og_description":"Sous la banni\u00e8re de Nidaa Tounes, l\u2019Etoile et le CS Sfaxien \u00abs\u2019invitent\u00bb aux l\u00e9gislatives","og_url":"https:\/\/www.webdo.tn\/fr\/actualite\/regions\/tunisie-sous-la-banniere-de-nidaa-tounes-letoile-et-le-cs-sfaxien-sinvitent-aux-legislatives\/184605\/","og_site_name":"webdo","article_publisher":"https:\/\/www.facebook.com\/webdotn","article_published_time":"2014-08-18T22:01:00+00:00","author":"webdo.tn","twitter_card":"summary_large_image","twitter_creator":"@webdo_tn","twitter_site":"@webdo_tn","twitter_misc":{"\u00c9crit par":"webdo.tn","Dur\u00e9e de lecture estim\u00e9e":"2 minutes"},"schema":{"@context":"https:\/\/schema.org","@graph":[{"@type":"NewsArticle","@id":"https:\/\/www.webdo.tn\/fr\/actualite\/regions\/tunisie-sous-la-banniere-de-nidaa-tounes-letoile-et-le-cs-sfaxien-sinvitent-aux-legislatives\/184605\/#article","isPartOf":{"@id":"https:\/\/www.webdo.tn\/fr\/actualite\/regions\/tunisie-sous-la-banniere-de-nidaa-tounes-letoile-et-le-cs-sfaxien-sinvitent-aux-legislatives\/184605\/"},"author":{"name":"webdo.tn","@id":"https:\/\/www.webdo.tn\/fr\/#\/schema\/person\/9a9c6118d687c117df8ef3cc36a4d175"},"headline":"Sous la banni\u00e8re de Nidaa Tounes, l\u2019Etoile et le CS Sfaxien \u00abs\u2019invitent\u00bb aux l\u00e9gislatives","datePublished":"2014-08-18T22:01:00+00:00","mainEntityOfPage":{"@id":"https:\/\/www.webdo.tn\/fr\/actualite\/regions\/tunisie-sous-la-banniere-de-nidaa-tounes-letoile-et-le-cs-sfaxien-sinvitent-aux-legislatives\/184605\/"},"wordCount":354,"commentCount":0,"publisher":{"@id":"https:\/\/www.webdo.tn\/fr\/#organization"},"image":{"@id":"https:\/\/www.webdo.tn\/fr\/actualite\/regions\/tunisie-sous-la-banniere-de-nidaa-tounes-letoile-et-le-cs-sfaxien-sinvitent-aux-legislatives\/184605\/#primaryimage"},"thumbnailUrl":"https:\/\/www.webdo.tn\/fr\/wp-content\/uploads\/2025\/06\/Moncef-Sellami-Ridha-Charfeddine_184605.jpg","articleSection":["regions"],"inLanguage":"fr-FR"},{"@type":"WebPage","@id":"https:\/\/www.webdo.tn\/fr\/actualite\/regions\/tunisie-sous-la-banniere-de-nidaa-tounes-letoile-et-le-cs-sfaxien-sinvitent-aux-legislatives\/184605\/","url":"https:\/\/www.webdo.tn\/fr\/actualite\/regions\/tunisie-sous-la-banniere-de-nidaa-tounes-letoile-et-le-cs-sfaxien-sinvitent-aux-legislatives\/184605\/","name":"Sous la banni\u00e8re de Nidaa Tounes, l\u2019Etoile et le CS Sfaxien \u00abs\u2019invitent\u00bb aux l\u00e9gislatives","isPartOf":{"@id":"https:\/\/www.webdo.tn\/fr\/#website"},"primaryImageOfPage":{"@id":"https:\/\/www.webdo.tn\/fr\/actualite\/regions\/tunisie-sous-la-banniere-de-nidaa-tounes-letoile-et-le-cs-sfaxien-sinvitent-aux-legislatives\/184605\/#primaryimage"},"image":{"@id":"https:\/\/www.webdo.tn\/fr\/actualite\/regions\/tunisie-sous-la-banniere-de-nidaa-tounes-letoile-et-le-cs-sfaxien-sinvitent-aux-legislatives\/184605\/#primaryimage"},"thumbnailUrl":"https:\/\/www.webdo.tn\/fr\/wp-content\/uploads\/2025\/06\/Moncef-Sellami-Ridha-Charfeddine_184605.jpg","datePublished":"2014-08-18T22:01:00+00:00","description":"Sous la banni\u00e8re de Nidaa Tounes, l\u2019Etoile et le CS Sfaxien \u00abs\u2019invitent\u00bb aux l\u00e9gislatives","breadcrumb":{"@id":"https:\/\/www.webdo.tn\/fr\/actualite\/regions\/tunisie-sous-la-banniere-de-nidaa-tounes-letoile-et-le-cs-sfaxien-sinvitent-aux-legislatives\/184605\/#breadcrumb"},"inLanguage":"fr-FR","potentialAction":[{"@type":"ReadAction","target":["https:\/\/www.webdo.tn\/fr\/actualite\/regions\/tunisie-sous-la-banniere-de-nidaa-tounes-letoile-et-le-cs-sfaxien-sinvitent-aux-legislatives\/184605\/"]}]},{"@type":"ImageObject","inLanguage":"fr-FR","@id":"https:\/\/www.webdo.tn\/fr\/actualite\/regions\/tunisie-sous-la-banniere-de-nidaa-tounes-letoile-et-le-cs-sfaxien-sinvitent-aux-legislatives\/184605\/#primaryimage","url":"https:\/\/www.webdo.tn\/fr\/wp-content\/uploads\/2025\/06\/Moncef-Sellami-Ridha-Charfeddine_184605.jpg","contentUrl":"https:\/\/www.webdo.tn\/fr\/wp-content\/uploads\/2025\/06\/Moncef-Sellami-Ridha-Charfeddine_184605.jpg","width":585,"height":211,"caption":"Sous la banni\u00e8re de Nidaa Tounes, l\u2019Etoile et le CS Sfaxien \u00abs\u2019invitent\u00bb aux l\u00e9gislatives"},{"@type":"BreadcrumbList","@id":"https:\/\/www.webdo.tn\/fr\/actualite\/regions\/tunisie-sous-la-banniere-de-nidaa-tounes-letoile-et-le-cs-sfaxien-sinvitent-aux-legislatives\/184605\/#breadcrumb","itemListElement":[{"@type":"ListItem","position":1,"name":"Accueil","item":"https:\/\/www.webdo.tn\/fr\/"},{"@type":"ListItem","position":2,"name":"Sous la banni\u00e8re de Nidaa Tounes, l\u2019Etoile et le CS Sfaxien \u00abs\u2019invitent\u00bb aux l\u00e9gislatives"}]},{"@type":"WebSite","@id":"https:\/\/www.webdo.tn\/fr\/#website","url":"https:\/\/www.webdo.tn\/fr\/","name":"webdo","description":"Tunisie - News en Tunisie et \u00e0 l&#039;international sur Webdo.tn","publisher":{"@id":"https:\/\/www.webdo.tn\/fr\/#organization"},"potentialAction":[{"@type":"SearchAction","target":{"@type":"EntryPoint","urlTemplate":"https:\/\/www.webdo.tn\/fr\/?s={search_term_string}"},"query-input":{"@type":"PropertyValueSpecification","valueRequired":true,"valueName":"search_term_string"}}],"inLanguage":"fr-FR"},{"@type":"Organization","@id":"https:\/\/www.webdo.tn\/fr\/#organization","name":"Webdo","alternateName":"Webdo.tn","url":"https:\/\/www.webdo.tn\/fr\/","logo":{"@type":"ImageObject","inLanguage":"fr-FR","@id":"https:\/\/www.webdo.tn\/fr\/#\/schema\/logo\/image\/","url":"https:\/\/www.webdo.tn\/fr\/wp-content\/uploads\/2025\/06\/Webdo-Tunisie_168377.jpg","contentUrl":"https:\/\/www.webdo.tn\/fr\/wp-content\/uploads\/2025\/06\/Webdo-Tunisie_168377.jpg","width":301,"height":301,"caption":"Webdo"},"image":{"@id":"https:\/\/www.webdo.tn\/fr\/#\/schema\/logo\/image\/"},"sameAs":["https:\/\/www.facebook.com\/webdotn","https:\/\/x.com\/webdo_tn"],"description":"Webdo est un m\u00e9dia num\u00e9rique tunisien fond\u00e9 en 2010, sp\u00e9cialis\u00e9 dans l\u2019actualit\u00e9 nationale et internationale, l\u2019\u00e9conomie, la soci\u00e9t\u00e9 et les analyses politiques. Le site s\u2019adresse \u00e0 un large public francophone et couvre l\u2019information tunisienne en temps r\u00e9el.","email":"redac@webdo.tn","legalName":"YNJ SARL","foundingDate":"2010-09-06","numberOfEmployees":{"@type":"QuantitativeValue","minValue":"11","maxValue":"50"}},{"@type":"Person","@id":"https:\/\/www.webdo.tn\/fr\/#\/schema\/person\/9a9c6118d687c117df8ef3cc36a4d175","name":"webdo.tn","image":{"@type":"ImageObject","inLanguage":"fr-FR","@id":"https:\/\/secure.gravatar.com\/avatar\/7ce1f28c0c3bbac99ff550b85ef8e44a6950c6ee24514fb6a5489e51d06f0298?s=96&d=mm&r=g","url":"https:\/\/secure.gravatar.com\/avatar\/7ce1f28c0c3bbac99ff550b85ef8e44a6950c6ee24514fb6a5489e51d06f0298?s=96&d=mm&r=g","contentUrl":"https:\/\/secure.gravatar.com\/avatar\/7ce1f28c0c3bbac99ff550b85ef8e44a6950c6ee24514fb6a5489e51d06f0298?s=96&d=mm&r=g","caption":"webdo.tn"},"url":"https:\/\/www.webdo.tn\/fr\/actualite\/author\/webdotn\/"}]}},"_links":{"self":[{"href":"https:\/\/www.webdo.tn\/fr\/wp-json\/wp\/v2\/posts\/184605","targetHints":{"allow":["GET"]}}],"collection":[{"href":"https:\/\/www.webdo.tn\/fr\/wp-json\/wp\/v2\/posts"}],"about":[{"href":"https:\/\/www.webdo.tn\/fr\/wp-json\/wp\/v2\/types\/post"}],"author":[{"embeddable":true,"href":"https:\/\/www.webdo.tn\/fr\/wp-json\/wp\/v2\/users\/3222"}],"replies":[{"embeddable":true,"href":"https:\/\/www.webdo.tn\/fr\/wp-json\/wp\/v2\/comments?post=184605"}],"version-history":[{"count":0,"href":"https:\/\/www.webdo.tn\/fr\/wp-json\/wp\/v2\/posts\/184605\/revisions"}],"wp:featuredmedia":[{"embeddable":true,"href":"https:\/\/www.webdo.tn\/fr\/wp-json\/wp\/v2\/media\/373667"}],"wp:attachment":[{"href":"https:\/\/www.webdo.tn\/fr\/wp-json\/wp\/v2\/media?parent=184605"}],"wp:term":[{"taxonomy":"category","embeddable":true,"href":"https:\/\/www.webdo.tn\/fr\/wp-json\/wp\/v2\/categories?post=184605"},{"taxonomy":"post_tag","embeddable":true,"href":"https:\/\/www.webdo.tn\/fr\/wp-json\/wp\/v2\/tags?post=184605"}],"curies":[{"name":"wp","href":"https:\/\/api.w.org\/{rel}","templated":true}]}}