{"id":184604,"date":"2014-08-19T12:01:00","date_gmt":"2014-08-19T10:01:00","guid":{"rendered":"https:\/\/www.webdo.tn\/fr\/actualite\/regions\/tunisie-legislatives-mbarka-brahmi-tete-liste-sidi-bouzid\/184604"},"modified":"2014-08-19T12:01:00","modified_gmt":"2014-08-19T10:01:00","slug":"tunisie-legislatives-mbarka-brahmi-tete-liste-sidi-bouzid","status":"publish","type":"post","link":"https:\/\/www.webdo.tn\/fr\/actualite\/regions\/tunisie-legislatives-mbarka-brahmi-tete-liste-sidi-bouzid\/184604\/","title":{"rendered":"L\u00e9gislatives : Mbarka Brahmi, veuve du d\u00e9put\u00e9 assassin\u00e9, en t\u00eate de liste du Front populaire \u00e0 Sidi Bouzid"},"content":{"rendered":"<p>Mbarka Brahmi,\u00a0veuve du d\u00e9put\u00e9e assassin\u00e9 l&rsquo;ann\u00e9e derni\u00e8re\u00a0Mohamed Brahmi, sera en t\u00eate de liste du Front populaire (FP) \u00e0 Sidi Bouzid pour les \u00e9lections l\u00e9gislatives qui auront lieu le 26 octobre prochain.<\/p>\n<p>D&rsquo;apr\u00e8s le communiqu\u00e9 du parti de ce lundi 18 ao\u00fbt, le\u00a0Courant Populaire dont Mohamed Brahmi \u00e9tait le secr\u00e9taire g\u00e9n\u00e9ral (apr\u00e8s avoir quitt\u00e9 le Mouvement populaire une semaine avant son assassinat), n&rsquo;a aucunement l&rsquo;intention de quitter le FP.<\/p>\n<p>Khelifa Chouchane, membre du Courant Populaire a d\u00e9menti les rumeurs d&rsquo;une scission avec le FP et la d\u00e9signation d\u2019un autre candidat, Sa\u00e2di Brahmi, fr\u00e8re de d\u00e9funt d\u00e9put\u00e9 Brahmi, qui est r\u00e9sident en Italie.<\/p>\n<p>Toujours d&rsquo;apr\u00e8s Khelifa Chouchane, le Courant Populaire et ses candidats seront repr\u00e9sent\u00e9s aux l\u00e9gislatives sous la banni\u00e8re du FP et aucune liste ind\u00e9pendante au FP n&rsquo;existe.<\/p>\n","protected":false},"excerpt":{"rendered":"<p>Mbarka Brahmi,\u00a0veuve du d\u00e9put\u00e9e assassin\u00e9 l&rsquo;ann\u00e9e derni\u00e8re\u00a0Mohamed Brahmi, sera en t\u00eate de liste du Front populaire (FP) \u00e0 Sidi Bouzid pour les \u00e9<\/p>\n","protected":false},"author":3222,"featured_media":373653,"comment_status":"open","ping_status":"open","sticky":false,"template":"","format":"standard","meta":{"footnotes":""},"categories":[2595],"tags":[],"class_list":["post-184604","post","type-post","status-publish","format-standard","has-post-thumbnail","hentry","category-regions"],"yoast_head":"<!-- This site is optimized with the Yoast SEO Premium plugin v27.5 (Yoast SEO v27.5) - https:\/\/yoast.com\/product\/yoast-seo-premium-wordpress\/ -->\n<title>L\u00e9gislatives : Mbarka Brahmi, veuve du d\u00e9put\u00e9 assassin\u00e9, en t\u00eate de liste du Front populaire \u00e0 Sidi Bouzid<\/title>\n<meta name=\"description\" content=\"L\u00e9gislatives : Mbarka Brahmi, veuve du d\u00e9put\u00e9 assassin\u00e9, en t\u00eate de liste du Front populaire \u00e0 Sidi Bouzid\" \/>\n<link rel=\"canonical\" href=\"https:\/\/www.webdo.tn\/fr\/actualite\/regions\/tunisie-legislatives-mbarka-brahmi-tete-liste-sidi-bouzid\/184604\/\" \/>\n<meta property=\"og:locale\" content=\"fr_FR\" \/>\n<meta property=\"og:type\" content=\"article\" \/>\n<meta property=\"og:title\" content=\"L\u00e9gislatives : Mbarka Brahmi, veuve du d\u00e9put\u00e9 assassin\u00e9, en t\u00eate de liste du Front populaire \u00e0 Sidi Bouzid\" \/>\n<meta property=\"og:description\" content=\"L\u00e9gislatives : Mbarka Brahmi, veuve du d\u00e9put\u00e9 assassin\u00e9, en t\u00eate de liste du Front populaire \u00e0 Sidi Bouzid\" \/>\n<meta property=\"og:url\" content=\"https:\/\/www.webdo.tn\/fr\/actualite\/regions\/tunisie-legislatives-mbarka-brahmi-tete-liste-sidi-bouzid\/184604\/\" \/>\n<meta property=\"og:site_name\" content=\"webdo\" \/>\n<meta property=\"article:publisher\" content=\"https:\/\/www.facebook.com\/webdotn\" \/>\n<meta property=\"article:published_time\" content=\"2014-08-19T10:01:00+00:00\" \/>\n<meta name=\"author\" content=\"webdo.tn\" \/>\n<meta name=\"twitter:card\" content=\"summary_large_image\" \/>\n<meta name=\"twitter:creator\" content=\"@webdo_tn\" \/>\n<meta name=\"twitter:site\" content=\"@webdo_tn\" \/>\n<meta name=\"twitter:label1\" content=\"\u00c9crit par\" \/>\n\t<meta name=\"twitter:data1\" content=\"webdo.tn\" \/>\n\t<meta name=\"twitter:label2\" content=\"Dur\u00e9e de lecture estim\u00e9e\" \/>\n\t<meta name=\"twitter:data2\" content=\"1 minute\" \/>\n<script type=\"application\/ld+json\" class=\"yoast-schema-graph\">{\"@context\":\"https:\\\/\\\/schema.org\",\"@graph\":[{\"@type\":\"NewsArticle\",\"@id\":\"https:\\\/\\\/www.webdo.tn\\\/fr\\\/actualite\\\/regions\\\/tunisie-legislatives-mbarka-brahmi-tete-liste-sidi-bouzid\\\/184604\\\/#article\",\"isPartOf\":{\"@id\":\"https:\\\/\\\/www.webdo.tn\\\/fr\\\/actualite\\\/regions\\\/tunisie-legislatives-mbarka-brahmi-tete-liste-sidi-bouzid\\\/184604\\\/\"},\"author\":{\"name\":\"webdo.tn\",\"@id\":\"https:\\\/\\\/www.webdo.tn\\\/fr\\\/#\\\/schema\\\/person\\\/9a9c6118d687c117df8ef3cc36a4d175\"},\"headline\":\"L\u00e9gislatives : Mbarka Brahmi, veuve du d\u00e9put\u00e9 assassin\u00e9, en t\u00eate de liste du Front populaire \u00e0 Sidi Bouzid\",\"datePublished\":\"2014-08-19T10:01:00+00:00\",\"mainEntityOfPage\":{\"@id\":\"https:\\\/\\\/www.webdo.tn\\\/fr\\\/actualite\\\/regions\\\/tunisie-legislatives-mbarka-brahmi-tete-liste-sidi-bouzid\\\/184604\\\/\"},\"wordCount\":179,\"commentCount\":0,\"publisher\":{\"@id\":\"https:\\\/\\\/www.webdo.tn\\\/fr\\\/#organization\"},\"image\":{\"@id\":\"https:\\\/\\\/www.webdo.tn\\\/fr\\\/actualite\\\/regions\\\/tunisie-legislatives-mbarka-brahmi-tete-liste-sidi-bouzid\\\/184604\\\/#primaryimage\"},\"thumbnailUrl\":\"https:\\\/\\\/www.webdo.tn\\\/fr\\\/wp-content\\\/uploads\\\/2025\\\/06\\\/Mbarka-Brahmi-photo-Actualites-a-La-Une_184604.jpg\",\"articleSection\":[\"regions\"],\"inLanguage\":\"fr-FR\"},{\"@type\":\"WebPage\",\"@id\":\"https:\\\/\\\/www.webdo.tn\\\/fr\\\/actualite\\\/regions\\\/tunisie-legislatives-mbarka-brahmi-tete-liste-sidi-bouzid\\\/184604\\\/\",\"url\":\"https:\\\/\\\/www.webdo.tn\\\/fr\\\/actualite\\\/regions\\\/tunisie-legislatives-mbarka-brahmi-tete-liste-sidi-bouzid\\\/184604\\\/\",\"name\":\"L\u00e9gislatives : Mbarka Brahmi, veuve du d\u00e9put\u00e9 assassin\u00e9, en t\u00eate de liste du Front populaire \u00e0 Sidi Bouzid\",\"isPartOf\":{\"@id\":\"https:\\\/\\\/www.webdo.tn\\\/fr\\\/#website\"},\"primaryImageOfPage\":{\"@id\":\"https:\\\/\\\/www.webdo.tn\\\/fr\\\/actualite\\\/regions\\\/tunisie-legislatives-mbarka-brahmi-tete-liste-sidi-bouzid\\\/184604\\\/#primaryimage\"},\"image\":{\"@id\":\"https:\\\/\\\/www.webdo.tn\\\/fr\\\/actualite\\\/regions\\\/tunisie-legislatives-mbarka-brahmi-tete-liste-sidi-bouzid\\\/184604\\\/#primaryimage\"},\"thumbnailUrl\":\"https:\\\/\\\/www.webdo.tn\\\/fr\\\/wp-content\\\/uploads\\\/2025\\\/06\\\/Mbarka-Brahmi-photo-Actualites-a-La-Une_184604.jpg\",\"datePublished\":\"2014-08-19T10:01:00+00:00\",\"description\":\"L\u00e9gislatives : Mbarka Brahmi, veuve du d\u00e9put\u00e9 assassin\u00e9, en t\u00eate de liste du Front populaire \u00e0 Sidi Bouzid\",\"breadcrumb\":{\"@id\":\"https:\\\/\\\/www.webdo.tn\\\/fr\\\/actualite\\\/regions\\\/tunisie-legislatives-mbarka-brahmi-tete-liste-sidi-bouzid\\\/184604\\\/#breadcrumb\"},\"inLanguage\":\"fr-FR\",\"potentialAction\":[{\"@type\":\"ReadAction\",\"target\":[\"https:\\\/\\\/www.webdo.tn\\\/fr\\\/actualite\\\/regions\\\/tunisie-legislatives-mbarka-brahmi-tete-liste-sidi-bouzid\\\/184604\\\/\"]}]},{\"@type\":\"ImageObject\",\"inLanguage\":\"fr-FR\",\"@id\":\"https:\\\/\\\/www.webdo.tn\\\/fr\\\/actualite\\\/regions\\\/tunisie-legislatives-mbarka-brahmi-tete-liste-sidi-bouzid\\\/184604\\\/#primaryimage\",\"url\":\"https:\\\/\\\/www.webdo.tn\\\/fr\\\/wp-content\\\/uploads\\\/2025\\\/06\\\/Mbarka-Brahmi-photo-Actualites-a-La-Une_184604.jpg\",\"contentUrl\":\"https:\\\/\\\/www.webdo.tn\\\/fr\\\/wp-content\\\/uploads\\\/2025\\\/06\\\/Mbarka-Brahmi-photo-Actualites-a-La-Une_184604.jpg\",\"width\":203,\"height\":278,\"caption\":\"L\u00e9gislatives : Mbarka Brahmi, veuve du d\u00e9put\u00e9 assassin\u00e9, en t\u00eate de liste du Front populaire \u00e0 Sidi Bouzid\"},{\"@type\":\"BreadcrumbList\",\"@id\":\"https:\\\/\\\/www.webdo.tn\\\/fr\\\/actualite\\\/regions\\\/tunisie-legislatives-mbarka-brahmi-tete-liste-sidi-bouzid\\\/184604\\\/#breadcrumb\",\"itemListElement\":[{\"@type\":\"ListItem\",\"position\":1,\"name\":\"Accueil\",\"item\":\"https:\\\/\\\/www.webdo.tn\\\/fr\\\/\"},{\"@type\":\"ListItem\",\"position\":2,\"name\":\"L\u00e9gislatives : Mbarka Brahmi, veuve du d\u00e9put\u00e9 assassin\u00e9, en t\u00eate de liste du Front populaire \u00e0 Sidi Bouzid\"}]},{\"@type\":\"WebSite\",\"@id\":\"https:\\\/\\\/www.webdo.tn\\\/fr\\\/#website\",\"url\":\"https:\\\/\\\/www.webdo.tn\\\/fr\\\/\",\"name\":\"webdo\",\"description\":\"Tunisie - News en Tunisie et \u00e0 l&#039;international sur Webdo.tn\",\"publisher\":{\"@id\":\"https:\\\/\\\/www.webdo.tn\\\/fr\\\/#organization\"},\"potentialAction\":[{\"@type\":\"SearchAction\",\"target\":{\"@type\":\"EntryPoint\",\"urlTemplate\":\"https:\\\/\\\/www.webdo.tn\\\/fr\\\/?s={search_term_string}\"},\"query-input\":{\"@type\":\"PropertyValueSpecification\",\"valueRequired\":true,\"valueName\":\"search_term_string\"}}],\"inLanguage\":\"fr-FR\"},{\"@type\":\"Organization\",\"@id\":\"https:\\\/\\\/www.webdo.tn\\\/fr\\\/#organization\",\"name\":\"Webdo\",\"alternateName\":\"Webdo.tn\",\"url\":\"https:\\\/\\\/www.webdo.tn\\\/fr\\\/\",\"logo\":{\"@type\":\"ImageObject\",\"inLanguage\":\"fr-FR\",\"@id\":\"https:\\\/\\\/www.webdo.tn\\\/fr\\\/#\\\/schema\\\/logo\\\/image\\\/\",\"url\":\"https:\\\/\\\/www.webdo.tn\\\/fr\\\/wp-content\\\/uploads\\\/2025\\\/06\\\/Webdo-Tunisie_168377.jpg\",\"contentUrl\":\"https:\\\/\\\/www.webdo.tn\\\/fr\\\/wp-content\\\/uploads\\\/2025\\\/06\\\/Webdo-Tunisie_168377.jpg\",\"width\":301,\"height\":301,\"caption\":\"Webdo\"},\"image\":{\"@id\":\"https:\\\/\\\/www.webdo.tn\\\/fr\\\/#\\\/schema\\\/logo\\\/image\\\/\"},\"sameAs\":[\"https:\\\/\\\/www.facebook.com\\\/webdotn\",\"https:\\\/\\\/x.com\\\/webdo_tn\"],\"description\":\"Webdo est un m\u00e9dia num\u00e9rique tunisien fond\u00e9 en 2010, sp\u00e9cialis\u00e9 dans l\u2019actualit\u00e9 nationale et internationale, l\u2019\u00e9conomie, la soci\u00e9t\u00e9 et les analyses politiques. Le site s\u2019adresse \u00e0 un large public francophone et couvre l\u2019information tunisienne en temps r\u00e9el.\",\"email\":\"redac@webdo.tn\",\"legalName\":\"YNJ SARL\",\"foundingDate\":\"2010-09-06\",\"numberOfEmployees\":{\"@type\":\"QuantitativeValue\",\"minValue\":\"11\",\"maxValue\":\"50\"}},{\"@type\":\"Person\",\"@id\":\"https:\\\/\\\/www.webdo.tn\\\/fr\\\/#\\\/schema\\\/person\\\/9a9c6118d687c117df8ef3cc36a4d175\",\"name\":\"webdo.tn\",\"image\":{\"@type\":\"ImageObject\",\"inLanguage\":\"fr-FR\",\"@id\":\"https:\\\/\\\/secure.gravatar.com\\\/avatar\\\/7ce1f28c0c3bbac99ff550b85ef8e44a6950c6ee24514fb6a5489e51d06f0298?s=96&d=mm&r=g\",\"url\":\"https:\\\/\\\/secure.gravatar.com\\\/avatar\\\/7ce1f28c0c3bbac99ff550b85ef8e44a6950c6ee24514fb6a5489e51d06f0298?s=96&d=mm&r=g\",\"contentUrl\":\"https:\\\/\\\/secure.gravatar.com\\\/avatar\\\/7ce1f28c0c3bbac99ff550b85ef8e44a6950c6ee24514fb6a5489e51d06f0298?s=96&d=mm&r=g\",\"caption\":\"webdo.tn\"},\"url\":\"https:\\\/\\\/www.webdo.tn\\\/fr\\\/actualite\\\/author\\\/webdotn\\\/\"}]}<\/script>\n<!-- \/ Yoast SEO Premium plugin. -->","yoast_head_json":{"title":"L\u00e9gislatives : Mbarka Brahmi, veuve du d\u00e9put\u00e9 assassin\u00e9, en t\u00eate de liste du Front populaire \u00e0 Sidi Bouzid","description":"L\u00e9gislatives : Mbarka Brahmi, veuve du d\u00e9put\u00e9 assassin\u00e9, en t\u00eate de liste du Front populaire \u00e0 Sidi Bouzid","canonical":"https:\/\/www.webdo.tn\/fr\/actualite\/regions\/tunisie-legislatives-mbarka-brahmi-tete-liste-sidi-bouzid\/184604\/","og_locale":"fr_FR","og_type":"article","og_title":"L\u00e9gislatives : Mbarka Brahmi, veuve du d\u00e9put\u00e9 assassin\u00e9, en t\u00eate de liste du Front populaire \u00e0 Sidi Bouzid","og_description":"L\u00e9gislatives : Mbarka Brahmi, veuve du d\u00e9put\u00e9 assassin\u00e9, en t\u00eate de liste du Front populaire \u00e0 Sidi Bouzid","og_url":"https:\/\/www.webdo.tn\/fr\/actualite\/regions\/tunisie-legislatives-mbarka-brahmi-tete-liste-sidi-bouzid\/184604\/","og_site_name":"webdo","article_publisher":"https:\/\/www.facebook.com\/webdotn","article_published_time":"2014-08-19T10:01:00+00:00","author":"webdo.tn","twitter_card":"summary_large_image","twitter_creator":"@webdo_tn","twitter_site":"@webdo_tn","twitter_misc":{"\u00c9crit par":"webdo.tn","Dur\u00e9e de lecture estim\u00e9e":"1 minute"},"schema":{"@context":"https:\/\/schema.org","@graph":[{"@type":"NewsArticle","@id":"https:\/\/www.webdo.tn\/fr\/actualite\/regions\/tunisie-legislatives-mbarka-brahmi-tete-liste-sidi-bouzid\/184604\/#article","isPartOf":{"@id":"https:\/\/www.webdo.tn\/fr\/actualite\/regions\/tunisie-legislatives-mbarka-brahmi-tete-liste-sidi-bouzid\/184604\/"},"author":{"name":"webdo.tn","@id":"https:\/\/www.webdo.tn\/fr\/#\/schema\/person\/9a9c6118d687c117df8ef3cc36a4d175"},"headline":"L\u00e9gislatives : Mbarka Brahmi, veuve du d\u00e9put\u00e9 assassin\u00e9, en t\u00eate de liste du Front populaire \u00e0 Sidi Bouzid","datePublished":"2014-08-19T10:01:00+00:00","mainEntityOfPage":{"@id":"https:\/\/www.webdo.tn\/fr\/actualite\/regions\/tunisie-legislatives-mbarka-brahmi-tete-liste-sidi-bouzid\/184604\/"},"wordCount":179,"commentCount":0,"publisher":{"@id":"https:\/\/www.webdo.tn\/fr\/#organization"},"image":{"@id":"https:\/\/www.webdo.tn\/fr\/actualite\/regions\/tunisie-legislatives-mbarka-brahmi-tete-liste-sidi-bouzid\/184604\/#primaryimage"},"thumbnailUrl":"https:\/\/www.webdo.tn\/fr\/wp-content\/uploads\/2025\/06\/Mbarka-Brahmi-photo-Actualites-a-La-Une_184604.jpg","articleSection":["regions"],"inLanguage":"fr-FR"},{"@type":"WebPage","@id":"https:\/\/www.webdo.tn\/fr\/actualite\/regions\/tunisie-legislatives-mbarka-brahmi-tete-liste-sidi-bouzid\/184604\/","url":"https:\/\/www.webdo.tn\/fr\/actualite\/regions\/tunisie-legislatives-mbarka-brahmi-tete-liste-sidi-bouzid\/184604\/","name":"L\u00e9gislatives : Mbarka Brahmi, veuve du d\u00e9put\u00e9 assassin\u00e9, en t\u00eate de liste du Front populaire \u00e0 Sidi Bouzid","isPartOf":{"@id":"https:\/\/www.webdo.tn\/fr\/#website"},"primaryImageOfPage":{"@id":"https:\/\/www.webdo.tn\/fr\/actualite\/regions\/tunisie-legislatives-mbarka-brahmi-tete-liste-sidi-bouzid\/184604\/#primaryimage"},"image":{"@id":"https:\/\/www.webdo.tn\/fr\/actualite\/regions\/tunisie-legislatives-mbarka-brahmi-tete-liste-sidi-bouzid\/184604\/#primaryimage"},"thumbnailUrl":"https:\/\/www.webdo.tn\/fr\/wp-content\/uploads\/2025\/06\/Mbarka-Brahmi-photo-Actualites-a-La-Une_184604.jpg","datePublished":"2014-08-19T10:01:00+00:00","description":"L\u00e9gislatives : Mbarka Brahmi, veuve du d\u00e9put\u00e9 assassin\u00e9, en t\u00eate de liste du Front populaire \u00e0 Sidi Bouzid","breadcrumb":{"@id":"https:\/\/www.webdo.tn\/fr\/actualite\/regions\/tunisie-legislatives-mbarka-brahmi-tete-liste-sidi-bouzid\/184604\/#breadcrumb"},"inLanguage":"fr-FR","potentialAction":[{"@type":"ReadAction","target":["https:\/\/www.webdo.tn\/fr\/actualite\/regions\/tunisie-legislatives-mbarka-brahmi-tete-liste-sidi-bouzid\/184604\/"]}]},{"@type":"ImageObject","inLanguage":"fr-FR","@id":"https:\/\/www.webdo.tn\/fr\/actualite\/regions\/tunisie-legislatives-mbarka-brahmi-tete-liste-sidi-bouzid\/184604\/#primaryimage","url":"https:\/\/www.webdo.tn\/fr\/wp-content\/uploads\/2025\/06\/Mbarka-Brahmi-photo-Actualites-a-La-Une_184604.jpg","contentUrl":"https:\/\/www.webdo.tn\/fr\/wp-content\/uploads\/2025\/06\/Mbarka-Brahmi-photo-Actualites-a-La-Une_184604.jpg","width":203,"height":278,"caption":"L\u00e9gislatives : Mbarka Brahmi, veuve du d\u00e9put\u00e9 assassin\u00e9, en t\u00eate de liste du Front populaire \u00e0 Sidi Bouzid"},{"@type":"BreadcrumbList","@id":"https:\/\/www.webdo.tn\/fr\/actualite\/regions\/tunisie-legislatives-mbarka-brahmi-tete-liste-sidi-bouzid\/184604\/#breadcrumb","itemListElement":[{"@type":"ListItem","position":1,"name":"Accueil","item":"https:\/\/www.webdo.tn\/fr\/"},{"@type":"ListItem","position":2,"name":"L\u00e9gislatives : Mbarka Brahmi, veuve du d\u00e9put\u00e9 assassin\u00e9, en t\u00eate de liste du Front populaire \u00e0 Sidi Bouzid"}]},{"@type":"WebSite","@id":"https:\/\/www.webdo.tn\/fr\/#website","url":"https:\/\/www.webdo.tn\/fr\/","name":"webdo","description":"Tunisie - News en Tunisie et \u00e0 l&#039;international sur Webdo.tn","publisher":{"@id":"https:\/\/www.webdo.tn\/fr\/#organization"},"potentialAction":[{"@type":"SearchAction","target":{"@type":"EntryPoint","urlTemplate":"https:\/\/www.webdo.tn\/fr\/?s={search_term_string}"},"query-input":{"@type":"PropertyValueSpecification","valueRequired":true,"valueName":"search_term_string"}}],"inLanguage":"fr-FR"},{"@type":"Organization","@id":"https:\/\/www.webdo.tn\/fr\/#organization","name":"Webdo","alternateName":"Webdo.tn","url":"https:\/\/www.webdo.tn\/fr\/","logo":{"@type":"ImageObject","inLanguage":"fr-FR","@id":"https:\/\/www.webdo.tn\/fr\/#\/schema\/logo\/image\/","url":"https:\/\/www.webdo.tn\/fr\/wp-content\/uploads\/2025\/06\/Webdo-Tunisie_168377.jpg","contentUrl":"https:\/\/www.webdo.tn\/fr\/wp-content\/uploads\/2025\/06\/Webdo-Tunisie_168377.jpg","width":301,"height":301,"caption":"Webdo"},"image":{"@id":"https:\/\/www.webdo.tn\/fr\/#\/schema\/logo\/image\/"},"sameAs":["https:\/\/www.facebook.com\/webdotn","https:\/\/x.com\/webdo_tn"],"description":"Webdo est un m\u00e9dia num\u00e9rique tunisien fond\u00e9 en 2010, sp\u00e9cialis\u00e9 dans l\u2019actualit\u00e9 nationale et internationale, l\u2019\u00e9conomie, la soci\u00e9t\u00e9 et les analyses politiques. Le site s\u2019adresse \u00e0 un large public francophone et couvre l\u2019information tunisienne en temps r\u00e9el.","email":"redac@webdo.tn","legalName":"YNJ SARL","foundingDate":"2010-09-06","numberOfEmployees":{"@type":"QuantitativeValue","minValue":"11","maxValue":"50"}},{"@type":"Person","@id":"https:\/\/www.webdo.tn\/fr\/#\/schema\/person\/9a9c6118d687c117df8ef3cc36a4d175","name":"webdo.tn","image":{"@type":"ImageObject","inLanguage":"fr-FR","@id":"https:\/\/secure.gravatar.com\/avatar\/7ce1f28c0c3bbac99ff550b85ef8e44a6950c6ee24514fb6a5489e51d06f0298?s=96&d=mm&r=g","url":"https:\/\/secure.gravatar.com\/avatar\/7ce1f28c0c3bbac99ff550b85ef8e44a6950c6ee24514fb6a5489e51d06f0298?s=96&d=mm&r=g","contentUrl":"https:\/\/secure.gravatar.com\/avatar\/7ce1f28c0c3bbac99ff550b85ef8e44a6950c6ee24514fb6a5489e51d06f0298?s=96&d=mm&r=g","caption":"webdo.tn"},"url":"https:\/\/www.webdo.tn\/fr\/actualite\/author\/webdotn\/"}]}},"_links":{"self":[{"href":"https:\/\/www.webdo.tn\/fr\/wp-json\/wp\/v2\/posts\/184604","targetHints":{"allow":["GET"]}}],"collection":[{"href":"https:\/\/www.webdo.tn\/fr\/wp-json\/wp\/v2\/posts"}],"about":[{"href":"https:\/\/www.webdo.tn\/fr\/wp-json\/wp\/v2\/types\/post"}],"author":[{"embeddable":true,"href":"https:\/\/www.webdo.tn\/fr\/wp-json\/wp\/v2\/users\/3222"}],"replies":[{"embeddable":true,"href":"https:\/\/www.webdo.tn\/fr\/wp-json\/wp\/v2\/comments?post=184604"}],"version-history":[{"count":0,"href":"https:\/\/www.webdo.tn\/fr\/wp-json\/wp\/v2\/posts\/184604\/revisions"}],"wp:featuredmedia":[{"embeddable":true,"href":"https:\/\/www.webdo.tn\/fr\/wp-json\/wp\/v2\/media\/373653"}],"wp:attachment":[{"href":"https:\/\/www.webdo.tn\/fr\/wp-json\/wp\/v2\/media?parent=184604"}],"wp:term":[{"taxonomy":"category","embeddable":true,"href":"https:\/\/www.webdo.tn\/fr\/wp-json\/wp\/v2\/categories?post=184604"},{"taxonomy":"post_tag","embeddable":true,"href":"https:\/\/www.webdo.tn\/fr\/wp-json\/wp\/v2\/tags?post=184604"}],"curies":[{"name":"wp","href":"https:\/\/api.w.org\/{rel}","templated":true}]}}