{"id":184601,"date":"2014-08-22T14:38:00","date_gmt":"2014-08-22T12:38:00","guid":{"rendered":"https:\/\/www.webdo.tn\/fr\/actualite\/regions\/tunisie-nidaa-tounes-frappe-demissions-au-sein-bureau-regional-kalaa-kebira\/184601"},"modified":"2014-08-22T14:38:00","modified_gmt":"2014-08-22T12:38:00","slug":"tunisie-nidaa-tounes-frappe-demissions-au-sein-bureau-regional-kalaa-kebira","status":"publish","type":"post","link":"https:\/\/www.webdo.tn\/fr\/actualite\/regions\/tunisie-nidaa-tounes-frappe-demissions-au-sein-bureau-regional-kalaa-kebira\/184601\/","title":{"rendered":"Nidaa Tounes \u00ab frapp\u00e9 \u00bb par des d\u00e9missions au sein de son bureau r\u00e9gional de Kala\u00e2 Kebira"},"content":{"rendered":"<p>Apr\u00e8s l\u2019\u00ab affaire \u00bb Faouzi Elloumi, Nidaa Tounes se voit confront\u00e9 \u00e0 une autre pol\u00e9mique, celle concernant la d\u00e9mission de cert ains membres du bureau r\u00e9gional du parti \u00e0 Kala\u00e2 Kebira dans le gouvernorat de Sousse.<\/p>\n<p>D\u00e9mission partielle et non collective selon Ahmed Achour<\/p>\n<p>Ahmed Achour, membre de la coordination r\u00e9gionale de Nidaa Tounes, est intervenu, ce vendredi 22 ao\u00fbt, sur les ondes de la radio Jawhara FM afin de donner des pr\u00e9cisions sur ces d\u00e9missions \u00e0 Kal\u00e2a Kebira.<\/p>\n<p>\u00ab Certains membres ont bien d\u00e9cid\u00e9 de quitter Nidaa Tounes, mais c\u2019est erron\u00e9 d\u2019affirmer qu\u2019il s\u2019agit d\u2019une d\u00e9mission collective. Parmi les 32 membres du bureau r\u00e9gional, le quorum reste insuffisant et le nombre des d\u00e9missionnaires n\u2019est pas assez \u00e9lev\u00e9 pour consid\u00e9rer l\u2019acte comme une d\u00e9mission collective \u00bb, a-t-il notamment d\u00e9clar\u00e9 sans pr\u00e9ciser le nombre de d\u00e9missionnaires.<\/p>\n<p>Nous avons tent\u00e9 de contacter plusieurs membres du parti afin de faire la lumi\u00e8re sur cette nouvelle affaire.<\/p>\n<p>M. Ridha Charfeddine, t\u00eate de liste de Nidaa Tounes \u00e0 Sousse, s&rsquo;est av\u00e9r\u00e9 \u00eatre en d\u00e9placement en \u00c9gypte avec l\u2019Etoile du Sahel, club qu\u2019il pr\u00e9side et qui doit jouer en comp\u00e9tition africaine ce samedi. Il \u00e9tait injoignable.<\/p>\n<p>Nous avons contact\u00e9 le si\u00e8ge du parti pour conna\u00eetre le nom de la personne suppl\u00e9ant M. Charfeddine. Toutes les personnes contact\u00e9es et appartenant au parti n\u2019\u00e9taient pas joignables, sauf une qui a bien voulu nous pr\u00e9ciser que la femme d&rsquo;affaires Zohra Driss rempla\u00e7ait M. Charfeddine. Contact\u00e9e \u00e0 son tour, Mme Driss \u00e9tait injoignable.<\/p>\n<p>Les motifs des d\u00e9missions sont inconnus<\/p>\n<p>Par ailleurs, Mohsen Marzouk, \u00e0 Tunis, n&rsquo;\u00e9tait pas encore au courant des d\u00e9missions. \u00ab Nous sommes en train de collecter les informations et je ne peux pas, \u00e0 l\u2019heure actuelle, me prononcer sur une d\u00e9mission collective ou non. Il se pourrait qu\u2019il ne s\u2019agisse que de quelques d\u00e9missions \u00bb, a-t-il indiqu\u00e9.<\/p>\n<p>Dans cette nouvelle pol\u00e9mique, les raisons invoqu\u00e9es ne sont pas claires. Les membres d\u00e9missionnaires auraient exprim\u00e9 leur m\u00e9contentement face \u00e0 leur \u00ab marginalisation par la direction du parti \u00bb.<\/p>\n","protected":false},"excerpt":{"rendered":"<p>Apr\u00e8s l\u2019\u00ab affaire \u00bb Faouzi Elloumi, Nidaa Tounes se voit confront\u00e9 \u00e0 une autre pol\u00e9mique, celle concernant la d\u00e9mission de cert ains membres du bu<\/p>\n","protected":false},"author":3222,"featured_media":373623,"comment_status":"open","ping_status":"open","sticky":false,"template":"","format":"standard","meta":{"footnotes":""},"categories":[2595],"tags":[],"class_list":["post-184601","post","type-post","status-publish","format-standard","has-post-thumbnail","hentry","category-regions"],"yoast_head":"<!-- This site is optimized with the Yoast SEO Premium plugin v27.5 (Yoast SEO v27.5) - https:\/\/yoast.com\/product\/yoast-seo-premium-wordpress\/ -->\n<title>Nidaa Tounes \u00ab frapp\u00e9 \u00bb par des d\u00e9missions au sein de son bureau r\u00e9gional de Kala\u00e2 Kebira<\/title>\n<meta name=\"description\" content=\"Nidaa Tounes \u00ab frapp\u00e9 \u00bb par des d\u00e9missions au sein de son bureau r\u00e9gional de Kala\u00e2 Kebira\" \/>\n<link rel=\"canonical\" href=\"https:\/\/www.webdo.tn\/fr\/actualite\/regions\/tunisie-nidaa-tounes-frappe-demissions-au-sein-bureau-regional-kalaa-kebira\/184601\/\" \/>\n<meta property=\"og:locale\" content=\"fr_FR\" \/>\n<meta property=\"og:type\" content=\"article\" \/>\n<meta property=\"og:title\" content=\"Nidaa Tounes \u00ab frapp\u00e9 \u00bb par des d\u00e9missions au sein de son bureau r\u00e9gional de Kala\u00e2 Kebira\" \/>\n<meta property=\"og:description\" content=\"Nidaa Tounes \u00ab frapp\u00e9 \u00bb par des d\u00e9missions au sein de son bureau r\u00e9gional de Kala\u00e2 Kebira\" \/>\n<meta property=\"og:url\" content=\"https:\/\/www.webdo.tn\/fr\/actualite\/regions\/tunisie-nidaa-tounes-frappe-demissions-au-sein-bureau-regional-kalaa-kebira\/184601\/\" \/>\n<meta property=\"og:site_name\" content=\"webdo\" \/>\n<meta property=\"article:publisher\" content=\"https:\/\/www.facebook.com\/webdotn\" \/>\n<meta property=\"article:published_time\" content=\"2014-08-22T12:38:00+00:00\" \/>\n<meta name=\"author\" content=\"webdo.tn\" \/>\n<meta name=\"twitter:card\" content=\"summary_large_image\" \/>\n<meta name=\"twitter:creator\" content=\"@webdo_tn\" \/>\n<meta name=\"twitter:site\" content=\"@webdo_tn\" \/>\n<meta name=\"twitter:label1\" content=\"\u00c9crit par\" \/>\n\t<meta name=\"twitter:data1\" content=\"webdo.tn\" \/>\n\t<meta name=\"twitter:label2\" content=\"Dur\u00e9e de lecture estim\u00e9e\" \/>\n\t<meta name=\"twitter:data2\" content=\"2 minutes\" \/>\n<script type=\"application\/ld+json\" class=\"yoast-schema-graph\">{\"@context\":\"https:\\\/\\\/schema.org\",\"@graph\":[{\"@type\":\"NewsArticle\",\"@id\":\"https:\\\/\\\/www.webdo.tn\\\/fr\\\/actualite\\\/regions\\\/tunisie-nidaa-tounes-frappe-demissions-au-sein-bureau-regional-kalaa-kebira\\\/184601\\\/#article\",\"isPartOf\":{\"@id\":\"https:\\\/\\\/www.webdo.tn\\\/fr\\\/actualite\\\/regions\\\/tunisie-nidaa-tounes-frappe-demissions-au-sein-bureau-regional-kalaa-kebira\\\/184601\\\/\"},\"author\":{\"name\":\"webdo.tn\",\"@id\":\"https:\\\/\\\/www.webdo.tn\\\/fr\\\/#\\\/schema\\\/person\\\/9a9c6118d687c117df8ef3cc36a4d175\"},\"headline\":\"Nidaa Tounes \u00ab frapp\u00e9 \u00bb par des d\u00e9missions au sein de son bureau r\u00e9gional de Kala\u00e2 Kebira\",\"datePublished\":\"2014-08-22T12:38:00+00:00\",\"mainEntityOfPage\":{\"@id\":\"https:\\\/\\\/www.webdo.tn\\\/fr\\\/actualite\\\/regions\\\/tunisie-nidaa-tounes-frappe-demissions-au-sein-bureau-regional-kalaa-kebira\\\/184601\\\/\"},\"wordCount\":385,\"commentCount\":0,\"publisher\":{\"@id\":\"https:\\\/\\\/www.webdo.tn\\\/fr\\\/#organization\"},\"image\":{\"@id\":\"https:\\\/\\\/www.webdo.tn\\\/fr\\\/actualite\\\/regions\\\/tunisie-nidaa-tounes-frappe-demissions-au-sein-bureau-regional-kalaa-kebira\\\/184601\\\/#primaryimage\"},\"thumbnailUrl\":\"https:\\\/\\\/www.webdo.tn\\\/fr\\\/wp-content\\\/uploads\\\/2025\\\/06\\\/Nidaa-Tounes_184601.jpg\",\"articleSection\":[\"regions\"],\"inLanguage\":\"fr-FR\"},{\"@type\":\"WebPage\",\"@id\":\"https:\\\/\\\/www.webdo.tn\\\/fr\\\/actualite\\\/regions\\\/tunisie-nidaa-tounes-frappe-demissions-au-sein-bureau-regional-kalaa-kebira\\\/184601\\\/\",\"url\":\"https:\\\/\\\/www.webdo.tn\\\/fr\\\/actualite\\\/regions\\\/tunisie-nidaa-tounes-frappe-demissions-au-sein-bureau-regional-kalaa-kebira\\\/184601\\\/\",\"name\":\"Nidaa Tounes \u00ab frapp\u00e9 \u00bb par des d\u00e9missions au sein de son bureau r\u00e9gional de Kala\u00e2 Kebira\",\"isPartOf\":{\"@id\":\"https:\\\/\\\/www.webdo.tn\\\/fr\\\/#website\"},\"primaryImageOfPage\":{\"@id\":\"https:\\\/\\\/www.webdo.tn\\\/fr\\\/actualite\\\/regions\\\/tunisie-nidaa-tounes-frappe-demissions-au-sein-bureau-regional-kalaa-kebira\\\/184601\\\/#primaryimage\"},\"image\":{\"@id\":\"https:\\\/\\\/www.webdo.tn\\\/fr\\\/actualite\\\/regions\\\/tunisie-nidaa-tounes-frappe-demissions-au-sein-bureau-regional-kalaa-kebira\\\/184601\\\/#primaryimage\"},\"thumbnailUrl\":\"https:\\\/\\\/www.webdo.tn\\\/fr\\\/wp-content\\\/uploads\\\/2025\\\/06\\\/Nidaa-Tounes_184601.jpg\",\"datePublished\":\"2014-08-22T12:38:00+00:00\",\"description\":\"Nidaa Tounes \u00ab frapp\u00e9 \u00bb par des d\u00e9missions au sein de son bureau r\u00e9gional de Kala\u00e2 Kebira\",\"breadcrumb\":{\"@id\":\"https:\\\/\\\/www.webdo.tn\\\/fr\\\/actualite\\\/regions\\\/tunisie-nidaa-tounes-frappe-demissions-au-sein-bureau-regional-kalaa-kebira\\\/184601\\\/#breadcrumb\"},\"inLanguage\":\"fr-FR\",\"potentialAction\":[{\"@type\":\"ReadAction\",\"target\":[\"https:\\\/\\\/www.webdo.tn\\\/fr\\\/actualite\\\/regions\\\/tunisie-nidaa-tounes-frappe-demissions-au-sein-bureau-regional-kalaa-kebira\\\/184601\\\/\"]}]},{\"@type\":\"ImageObject\",\"inLanguage\":\"fr-FR\",\"@id\":\"https:\\\/\\\/www.webdo.tn\\\/fr\\\/actualite\\\/regions\\\/tunisie-nidaa-tounes-frappe-demissions-au-sein-bureau-regional-kalaa-kebira\\\/184601\\\/#primaryimage\",\"url\":\"https:\\\/\\\/www.webdo.tn\\\/fr\\\/wp-content\\\/uploads\\\/2025\\\/06\\\/Nidaa-Tounes_184601.jpg\",\"contentUrl\":\"https:\\\/\\\/www.webdo.tn\\\/fr\\\/wp-content\\\/uploads\\\/2025\\\/06\\\/Nidaa-Tounes_184601.jpg\",\"width\":200,\"height\":200,\"caption\":\"Nidaa Tounes \u00ab frapp\u00e9 \u00bb par des d\u00e9missions au sein de son bureau r\u00e9gional de Kala\u00e2 Kebira\"},{\"@type\":\"BreadcrumbList\",\"@id\":\"https:\\\/\\\/www.webdo.tn\\\/fr\\\/actualite\\\/regions\\\/tunisie-nidaa-tounes-frappe-demissions-au-sein-bureau-regional-kalaa-kebira\\\/184601\\\/#breadcrumb\",\"itemListElement\":[{\"@type\":\"ListItem\",\"position\":1,\"name\":\"Accueil\",\"item\":\"https:\\\/\\\/www.webdo.tn\\\/fr\\\/\"},{\"@type\":\"ListItem\",\"position\":2,\"name\":\"Nidaa Tounes \u00ab frapp\u00e9 \u00bb par des d\u00e9missions au sein de son bureau r\u00e9gional de Kala\u00e2 Kebira\"}]},{\"@type\":\"WebSite\",\"@id\":\"https:\\\/\\\/www.webdo.tn\\\/fr\\\/#website\",\"url\":\"https:\\\/\\\/www.webdo.tn\\\/fr\\\/\",\"name\":\"webdo\",\"description\":\"Tunisie - News en Tunisie et \u00e0 l&#039;international sur Webdo.tn\",\"publisher\":{\"@id\":\"https:\\\/\\\/www.webdo.tn\\\/fr\\\/#organization\"},\"potentialAction\":[{\"@type\":\"SearchAction\",\"target\":{\"@type\":\"EntryPoint\",\"urlTemplate\":\"https:\\\/\\\/www.webdo.tn\\\/fr\\\/?s={search_term_string}\"},\"query-input\":{\"@type\":\"PropertyValueSpecification\",\"valueRequired\":true,\"valueName\":\"search_term_string\"}}],\"inLanguage\":\"fr-FR\"},{\"@type\":\"Organization\",\"@id\":\"https:\\\/\\\/www.webdo.tn\\\/fr\\\/#organization\",\"name\":\"Webdo\",\"alternateName\":\"Webdo.tn\",\"url\":\"https:\\\/\\\/www.webdo.tn\\\/fr\\\/\",\"logo\":{\"@type\":\"ImageObject\",\"inLanguage\":\"fr-FR\",\"@id\":\"https:\\\/\\\/www.webdo.tn\\\/fr\\\/#\\\/schema\\\/logo\\\/image\\\/\",\"url\":\"https:\\\/\\\/www.webdo.tn\\\/fr\\\/wp-content\\\/uploads\\\/2025\\\/06\\\/Webdo-Tunisie_168377.jpg\",\"contentUrl\":\"https:\\\/\\\/www.webdo.tn\\\/fr\\\/wp-content\\\/uploads\\\/2025\\\/06\\\/Webdo-Tunisie_168377.jpg\",\"width\":301,\"height\":301,\"caption\":\"Webdo\"},\"image\":{\"@id\":\"https:\\\/\\\/www.webdo.tn\\\/fr\\\/#\\\/schema\\\/logo\\\/image\\\/\"},\"sameAs\":[\"https:\\\/\\\/www.facebook.com\\\/webdotn\",\"https:\\\/\\\/x.com\\\/webdo_tn\"],\"description\":\"Webdo est un m\u00e9dia num\u00e9rique tunisien fond\u00e9 en 2010, sp\u00e9cialis\u00e9 dans l\u2019actualit\u00e9 nationale et internationale, l\u2019\u00e9conomie, la soci\u00e9t\u00e9 et les analyses politiques. Le site s\u2019adresse \u00e0 un large public francophone et couvre l\u2019information tunisienne en temps r\u00e9el.\",\"email\":\"redac@webdo.tn\",\"legalName\":\"YNJ SARL\",\"foundingDate\":\"2010-09-06\",\"numberOfEmployees\":{\"@type\":\"QuantitativeValue\",\"minValue\":\"11\",\"maxValue\":\"50\"}},{\"@type\":\"Person\",\"@id\":\"https:\\\/\\\/www.webdo.tn\\\/fr\\\/#\\\/schema\\\/person\\\/9a9c6118d687c117df8ef3cc36a4d175\",\"name\":\"webdo.tn\",\"image\":{\"@type\":\"ImageObject\",\"inLanguage\":\"fr-FR\",\"@id\":\"https:\\\/\\\/secure.gravatar.com\\\/avatar\\\/7ce1f28c0c3bbac99ff550b85ef8e44a6950c6ee24514fb6a5489e51d06f0298?s=96&d=mm&r=g\",\"url\":\"https:\\\/\\\/secure.gravatar.com\\\/avatar\\\/7ce1f28c0c3bbac99ff550b85ef8e44a6950c6ee24514fb6a5489e51d06f0298?s=96&d=mm&r=g\",\"contentUrl\":\"https:\\\/\\\/secure.gravatar.com\\\/avatar\\\/7ce1f28c0c3bbac99ff550b85ef8e44a6950c6ee24514fb6a5489e51d06f0298?s=96&d=mm&r=g\",\"caption\":\"webdo.tn\"},\"url\":\"https:\\\/\\\/www.webdo.tn\\\/fr\\\/actualite\\\/author\\\/webdotn\\\/\"}]}<\/script>\n<!-- \/ Yoast SEO Premium plugin. -->","yoast_head_json":{"title":"Nidaa Tounes \u00ab frapp\u00e9 \u00bb par des d\u00e9missions au sein de son bureau r\u00e9gional de Kala\u00e2 Kebira","description":"Nidaa Tounes \u00ab frapp\u00e9 \u00bb par des d\u00e9missions au sein de son bureau r\u00e9gional de Kala\u00e2 Kebira","canonical":"https:\/\/www.webdo.tn\/fr\/actualite\/regions\/tunisie-nidaa-tounes-frappe-demissions-au-sein-bureau-regional-kalaa-kebira\/184601\/","og_locale":"fr_FR","og_type":"article","og_title":"Nidaa Tounes \u00ab frapp\u00e9 \u00bb par des d\u00e9missions au sein de son bureau r\u00e9gional de Kala\u00e2 Kebira","og_description":"Nidaa Tounes \u00ab frapp\u00e9 \u00bb par des d\u00e9missions au sein de son bureau r\u00e9gional de Kala\u00e2 Kebira","og_url":"https:\/\/www.webdo.tn\/fr\/actualite\/regions\/tunisie-nidaa-tounes-frappe-demissions-au-sein-bureau-regional-kalaa-kebira\/184601\/","og_site_name":"webdo","article_publisher":"https:\/\/www.facebook.com\/webdotn","article_published_time":"2014-08-22T12:38:00+00:00","author":"webdo.tn","twitter_card":"summary_large_image","twitter_creator":"@webdo_tn","twitter_site":"@webdo_tn","twitter_misc":{"\u00c9crit par":"webdo.tn","Dur\u00e9e de lecture estim\u00e9e":"2 minutes"},"schema":{"@context":"https:\/\/schema.org","@graph":[{"@type":"NewsArticle","@id":"https:\/\/www.webdo.tn\/fr\/actualite\/regions\/tunisie-nidaa-tounes-frappe-demissions-au-sein-bureau-regional-kalaa-kebira\/184601\/#article","isPartOf":{"@id":"https:\/\/www.webdo.tn\/fr\/actualite\/regions\/tunisie-nidaa-tounes-frappe-demissions-au-sein-bureau-regional-kalaa-kebira\/184601\/"},"author":{"name":"webdo.tn","@id":"https:\/\/www.webdo.tn\/fr\/#\/schema\/person\/9a9c6118d687c117df8ef3cc36a4d175"},"headline":"Nidaa Tounes \u00ab frapp\u00e9 \u00bb par des d\u00e9missions au sein de son bureau r\u00e9gional de Kala\u00e2 Kebira","datePublished":"2014-08-22T12:38:00+00:00","mainEntityOfPage":{"@id":"https:\/\/www.webdo.tn\/fr\/actualite\/regions\/tunisie-nidaa-tounes-frappe-demissions-au-sein-bureau-regional-kalaa-kebira\/184601\/"},"wordCount":385,"commentCount":0,"publisher":{"@id":"https:\/\/www.webdo.tn\/fr\/#organization"},"image":{"@id":"https:\/\/www.webdo.tn\/fr\/actualite\/regions\/tunisie-nidaa-tounes-frappe-demissions-au-sein-bureau-regional-kalaa-kebira\/184601\/#primaryimage"},"thumbnailUrl":"https:\/\/www.webdo.tn\/fr\/wp-content\/uploads\/2025\/06\/Nidaa-Tounes_184601.jpg","articleSection":["regions"],"inLanguage":"fr-FR"},{"@type":"WebPage","@id":"https:\/\/www.webdo.tn\/fr\/actualite\/regions\/tunisie-nidaa-tounes-frappe-demissions-au-sein-bureau-regional-kalaa-kebira\/184601\/","url":"https:\/\/www.webdo.tn\/fr\/actualite\/regions\/tunisie-nidaa-tounes-frappe-demissions-au-sein-bureau-regional-kalaa-kebira\/184601\/","name":"Nidaa Tounes \u00ab frapp\u00e9 \u00bb par des d\u00e9missions au sein de son bureau r\u00e9gional de Kala\u00e2 Kebira","isPartOf":{"@id":"https:\/\/www.webdo.tn\/fr\/#website"},"primaryImageOfPage":{"@id":"https:\/\/www.webdo.tn\/fr\/actualite\/regions\/tunisie-nidaa-tounes-frappe-demissions-au-sein-bureau-regional-kalaa-kebira\/184601\/#primaryimage"},"image":{"@id":"https:\/\/www.webdo.tn\/fr\/actualite\/regions\/tunisie-nidaa-tounes-frappe-demissions-au-sein-bureau-regional-kalaa-kebira\/184601\/#primaryimage"},"thumbnailUrl":"https:\/\/www.webdo.tn\/fr\/wp-content\/uploads\/2025\/06\/Nidaa-Tounes_184601.jpg","datePublished":"2014-08-22T12:38:00+00:00","description":"Nidaa Tounes \u00ab frapp\u00e9 \u00bb par des d\u00e9missions au sein de son bureau r\u00e9gional de Kala\u00e2 Kebira","breadcrumb":{"@id":"https:\/\/www.webdo.tn\/fr\/actualite\/regions\/tunisie-nidaa-tounes-frappe-demissions-au-sein-bureau-regional-kalaa-kebira\/184601\/#breadcrumb"},"inLanguage":"fr-FR","potentialAction":[{"@type":"ReadAction","target":["https:\/\/www.webdo.tn\/fr\/actualite\/regions\/tunisie-nidaa-tounes-frappe-demissions-au-sein-bureau-regional-kalaa-kebira\/184601\/"]}]},{"@type":"ImageObject","inLanguage":"fr-FR","@id":"https:\/\/www.webdo.tn\/fr\/actualite\/regions\/tunisie-nidaa-tounes-frappe-demissions-au-sein-bureau-regional-kalaa-kebira\/184601\/#primaryimage","url":"https:\/\/www.webdo.tn\/fr\/wp-content\/uploads\/2025\/06\/Nidaa-Tounes_184601.jpg","contentUrl":"https:\/\/www.webdo.tn\/fr\/wp-content\/uploads\/2025\/06\/Nidaa-Tounes_184601.jpg","width":200,"height":200,"caption":"Nidaa Tounes \u00ab frapp\u00e9 \u00bb par des d\u00e9missions au sein de son bureau r\u00e9gional de Kala\u00e2 Kebira"},{"@type":"BreadcrumbList","@id":"https:\/\/www.webdo.tn\/fr\/actualite\/regions\/tunisie-nidaa-tounes-frappe-demissions-au-sein-bureau-regional-kalaa-kebira\/184601\/#breadcrumb","itemListElement":[{"@type":"ListItem","position":1,"name":"Accueil","item":"https:\/\/www.webdo.tn\/fr\/"},{"@type":"ListItem","position":2,"name":"Nidaa Tounes \u00ab frapp\u00e9 \u00bb par des d\u00e9missions au sein de son bureau r\u00e9gional de Kala\u00e2 Kebira"}]},{"@type":"WebSite","@id":"https:\/\/www.webdo.tn\/fr\/#website","url":"https:\/\/www.webdo.tn\/fr\/","name":"webdo","description":"Tunisie - News en Tunisie et \u00e0 l&#039;international sur Webdo.tn","publisher":{"@id":"https:\/\/www.webdo.tn\/fr\/#organization"},"potentialAction":[{"@type":"SearchAction","target":{"@type":"EntryPoint","urlTemplate":"https:\/\/www.webdo.tn\/fr\/?s={search_term_string}"},"query-input":{"@type":"PropertyValueSpecification","valueRequired":true,"valueName":"search_term_string"}}],"inLanguage":"fr-FR"},{"@type":"Organization","@id":"https:\/\/www.webdo.tn\/fr\/#organization","name":"Webdo","alternateName":"Webdo.tn","url":"https:\/\/www.webdo.tn\/fr\/","logo":{"@type":"ImageObject","inLanguage":"fr-FR","@id":"https:\/\/www.webdo.tn\/fr\/#\/schema\/logo\/image\/","url":"https:\/\/www.webdo.tn\/fr\/wp-content\/uploads\/2025\/06\/Webdo-Tunisie_168377.jpg","contentUrl":"https:\/\/www.webdo.tn\/fr\/wp-content\/uploads\/2025\/06\/Webdo-Tunisie_168377.jpg","width":301,"height":301,"caption":"Webdo"},"image":{"@id":"https:\/\/www.webdo.tn\/fr\/#\/schema\/logo\/image\/"},"sameAs":["https:\/\/www.facebook.com\/webdotn","https:\/\/x.com\/webdo_tn"],"description":"Webdo est un m\u00e9dia num\u00e9rique tunisien fond\u00e9 en 2010, sp\u00e9cialis\u00e9 dans l\u2019actualit\u00e9 nationale et internationale, l\u2019\u00e9conomie, la soci\u00e9t\u00e9 et les analyses politiques. Le site s\u2019adresse \u00e0 un large public francophone et couvre l\u2019information tunisienne en temps r\u00e9el.","email":"redac@webdo.tn","legalName":"YNJ SARL","foundingDate":"2010-09-06","numberOfEmployees":{"@type":"QuantitativeValue","minValue":"11","maxValue":"50"}},{"@type":"Person","@id":"https:\/\/www.webdo.tn\/fr\/#\/schema\/person\/9a9c6118d687c117df8ef3cc36a4d175","name":"webdo.tn","image":{"@type":"ImageObject","inLanguage":"fr-FR","@id":"https:\/\/secure.gravatar.com\/avatar\/7ce1f28c0c3bbac99ff550b85ef8e44a6950c6ee24514fb6a5489e51d06f0298?s=96&d=mm&r=g","url":"https:\/\/secure.gravatar.com\/avatar\/7ce1f28c0c3bbac99ff550b85ef8e44a6950c6ee24514fb6a5489e51d06f0298?s=96&d=mm&r=g","contentUrl":"https:\/\/secure.gravatar.com\/avatar\/7ce1f28c0c3bbac99ff550b85ef8e44a6950c6ee24514fb6a5489e51d06f0298?s=96&d=mm&r=g","caption":"webdo.tn"},"url":"https:\/\/www.webdo.tn\/fr\/actualite\/author\/webdotn\/"}]}},"_links":{"self":[{"href":"https:\/\/www.webdo.tn\/fr\/wp-json\/wp\/v2\/posts\/184601","targetHints":{"allow":["GET"]}}],"collection":[{"href":"https:\/\/www.webdo.tn\/fr\/wp-json\/wp\/v2\/posts"}],"about":[{"href":"https:\/\/www.webdo.tn\/fr\/wp-json\/wp\/v2\/types\/post"}],"author":[{"embeddable":true,"href":"https:\/\/www.webdo.tn\/fr\/wp-json\/wp\/v2\/users\/3222"}],"replies":[{"embeddable":true,"href":"https:\/\/www.webdo.tn\/fr\/wp-json\/wp\/v2\/comments?post=184601"}],"version-history":[{"count":0,"href":"https:\/\/www.webdo.tn\/fr\/wp-json\/wp\/v2\/posts\/184601\/revisions"}],"wp:featuredmedia":[{"embeddable":true,"href":"https:\/\/www.webdo.tn\/fr\/wp-json\/wp\/v2\/media\/373623"}],"wp:attachment":[{"href":"https:\/\/www.webdo.tn\/fr\/wp-json\/wp\/v2\/media?parent=184601"}],"wp:term":[{"taxonomy":"category","embeddable":true,"href":"https:\/\/www.webdo.tn\/fr\/wp-json\/wp\/v2\/categories?post=184601"},{"taxonomy":"post_tag","embeddable":true,"href":"https:\/\/www.webdo.tn\/fr\/wp-json\/wp\/v2\/tags?post=184601"}],"curies":[{"name":"wp","href":"https:\/\/api.w.org\/{rel}","templated":true}]}}