{"id":184394,"date":"2014-07-29T16:47:00","date_gmt":"2014-07-29T16:47:00","guid":{"rendered":"https:\/\/www.webdo.tn\/fr\/blog\/gaza-une-deputee-arabe-hanin-zoabi-au-parlement-israelien-suspendue-pour-son-soutien-a-hamas\/184394\/"},"modified":"2025-06-04T18:19:31","modified_gmt":"2025-06-04T18:19:31","slug":"gaza-une-deputee-arabe-hanin-zoabi-au-parlement-israelien-suspendue-pour-son-soutien-a-hamas","status":"publish","type":"post","link":"https:\/\/www.webdo.tn\/fr\/actualite\/international\/gaza-une-deputee-arabe-hanin-zoabi-au-parlement-israelien-suspendue-pour-son-soutien-a-hamas\/184394\/","title":{"rendered":"Une d\u00e9put\u00e9e arabe au Parlement isra\u00e9lien suspendue pour son soutien \u00e0 Hamas"},"content":{"rendered":"<p>Hanin Zoabi, d\u00e9put\u00e9e arabe au Parlement isra\u00e9lien, a \u00e9t\u00e9 suspendue ce mardi 29 juillet pour une p\u00e9riode de 6 mois de toute participation aux commissions parlementaires et aux s\u00e9ances pl\u00e9ni\u00e8res de la Knesset.<br \/>\nKnesset Ethics Committee bans MK Zoabi from plenum, committees for 6 months http:\/\/t.co\/SmY55TGGNT<\/p>\n<p>\u2014 \u05d4\u05db\u05e0\u05e1\u05ea (@KnessetIL) 29 Juillet 2014<\/p>\n<p>D\u2019apr\u00e8s le jugement de la commission d\u2019Ethique de la Knesset, elle a \u00e9t\u00e9 sanctionn\u00e9e \u00ab\u00a0pour ses commentaires sur le meurtre des 3 adolescents juifs et sur sa l&rsquo;op\u00e9ration actuellement en cours \u00e0 Gaza.\u00a0\u00bb<\/p>\n<p>Mme Zoabi du parti nationaliste arabe Balad, \u00e9lue en 2009, avait d\u00e9clar\u00e9 au mois de juin dernier que le kidnapping des trois isra\u00e9liens n\u2019\u00e9tait pas un acte terroriste.<\/p>\n<p>De son c\u00f4t\u00e9, Hamas avait ni\u00e9, avant l&rsquo;enqu\u00eate m\u00eame, toute implication dans cette affaire, chose qui a \u00e9t\u00e9 confirm\u00e9e trois semaines apr\u00e8s le d\u00e9but des hostilit\u00e9s dans la bande de Gaza. En effet, l&rsquo;attach\u00e9 de presse de la police isra\u00e9lienne a d\u00e9clar\u00e9 que les jeunes avaient \u00e9t\u00e9 kidnap\u00e9s et tu\u00e9s par une cellule ind\u00e9pendante, confirmant ainsi l&rsquo;innocence de Hamas.<\/p>\n<p>La d\u00e9put\u00e9e s&rsquo;est d\u00e9fendue en accusant la commission de racisme :<\/p>\n<p>\u00abJe rejette compl\u00e8tement la plainte , ceci \u00a0d\u00e9montre une culture dominante du racisme, de la n\u00e9cessit\u00e9 de contr\u00f4ler l&rsquo;autre et \u00e0 r\u00e9primer ses opinions politiques.\u00bb<\/p>\n<p>La Knesset compte actuellement 12 d\u00e9put\u00e9s arabes.<\/p>\n","protected":false},"excerpt":{"rendered":"<p>Une d\u00e9put\u00e9e arabe au Parlement isra\u00e9lien suspendue pour son soutien \u00e0 Hamas<\/p>\n","protected":false},"author":3222,"featured_media":334793,"comment_status":"open","ping_status":"closed","sticky":false,"template":"","format":"standard","meta":{"footnotes":""},"categories":[2598],"tags":[],"class_list":["post-184394","post","type-post","status-publish","format-standard","has-post-thumbnail","hentry","category-international"],"yoast_head":"<!-- This site is optimized with the Yoast SEO Premium plugin v27.5 (Yoast SEO v27.5) - https:\/\/yoast.com\/product\/yoast-seo-premium-wordpress\/ -->\n<title>Une d\u00e9put\u00e9e arabe au Parlement isra\u00e9lien suspendue pour son soutien \u00e0 Hamas<\/title>\n<meta name=\"description\" content=\"Une d\u00e9put\u00e9e arabe au Parlement isra\u00e9lien suspendue pour son soutien \u00e0 Hamas\" \/>\n<link rel=\"canonical\" href=\"https:\/\/www.webdo.tn\/fr\/actualite\/international\/gaza-une-deputee-arabe-hanin-zoabi-au-parlement-israelien-suspendue-pour-son-soutien-a-hamas\/184394\/\" \/>\n<meta property=\"og:locale\" content=\"fr_FR\" \/>\n<meta property=\"og:type\" content=\"article\" \/>\n<meta property=\"og:title\" content=\"Une d\u00e9put\u00e9e arabe au Parlement isra\u00e9lien suspendue pour son soutien \u00e0 Hamas\" \/>\n<meta property=\"og:description\" content=\"Une d\u00e9put\u00e9e arabe au Parlement isra\u00e9lien suspendue pour son soutien \u00e0 Hamas\" \/>\n<meta property=\"og:url\" content=\"https:\/\/www.webdo.tn\/fr\/actualite\/international\/gaza-une-deputee-arabe-hanin-zoabi-au-parlement-israelien-suspendue-pour-son-soutien-a-hamas\/184394\/\" \/>\n<meta property=\"og:site_name\" content=\"webdo\" \/>\n<meta property=\"article:publisher\" content=\"https:\/\/www.facebook.com\/webdotn\" \/>\n<meta property=\"article:published_time\" content=\"2014-07-29T16:47:00+00:00\" \/>\n<meta property=\"article:modified_time\" content=\"2025-06-04T18:19:31+00:00\" \/>\n<meta property=\"og:image\" content=\"https:\/\/www.webdo.tn\/fr\/wp-content\/uploads\/2014\/07\/Hanin-Zoabi.jpg\" \/>\n\t<meta property=\"og:image:width\" content=\"450\" \/>\n\t<meta property=\"og:image:height\" content=\"288\" \/>\n\t<meta property=\"og:image:type\" content=\"image\/jpeg\" \/>\n<meta name=\"author\" content=\"webdo.tn\" \/>\n<meta name=\"twitter:card\" content=\"summary_large_image\" \/>\n<meta name=\"twitter:creator\" content=\"@webdo_tn\" \/>\n<meta name=\"twitter:site\" content=\"@webdo_tn\" \/>\n<meta name=\"twitter:label1\" content=\"\u00c9crit par\" \/>\n\t<meta name=\"twitter:data1\" content=\"webdo.tn\" \/>\n\t<meta name=\"twitter:label2\" content=\"Dur\u00e9e de lecture estim\u00e9e\" \/>\n\t<meta name=\"twitter:data2\" content=\"1 minute\" \/>\n<script type=\"application\/ld+json\" class=\"yoast-schema-graph\">{\"@context\":\"https:\\\/\\\/schema.org\",\"@graph\":[{\"@type\":\"NewsArticle\",\"@id\":\"https:\\\/\\\/www.webdo.tn\\\/fr\\\/actualite\\\/international\\\/gaza-une-deputee-arabe-hanin-zoabi-au-parlement-israelien-suspendue-pour-son-soutien-a-hamas\\\/184394\\\/#article\",\"isPartOf\":{\"@id\":\"https:\\\/\\\/www.webdo.tn\\\/fr\\\/actualite\\\/international\\\/gaza-une-deputee-arabe-hanin-zoabi-au-parlement-israelien-suspendue-pour-son-soutien-a-hamas\\\/184394\\\/\"},\"author\":{\"name\":\"webdo.tn\",\"@id\":\"https:\\\/\\\/www.webdo.tn\\\/fr\\\/#\\\/schema\\\/person\\\/9a9c6118d687c117df8ef3cc36a4d175\"},\"headline\":\"Une d\u00e9put\u00e9e arabe au Parlement isra\u00e9lien suspendue pour son soutien \u00e0 Hamas\",\"datePublished\":\"2014-07-29T16:47:00+00:00\",\"dateModified\":\"2025-06-04T18:19:31+00:00\",\"mainEntityOfPage\":{\"@id\":\"https:\\\/\\\/www.webdo.tn\\\/fr\\\/actualite\\\/international\\\/gaza-une-deputee-arabe-hanin-zoabi-au-parlement-israelien-suspendue-pour-son-soutien-a-hamas\\\/184394\\\/\"},\"wordCount\":262,\"commentCount\":0,\"publisher\":{\"@id\":\"https:\\\/\\\/www.webdo.tn\\\/fr\\\/#organization\"},\"image\":{\"@id\":\"https:\\\/\\\/www.webdo.tn\\\/fr\\\/actualite\\\/international\\\/gaza-une-deputee-arabe-hanin-zoabi-au-parlement-israelien-suspendue-pour-son-soutien-a-hamas\\\/184394\\\/#primaryimage\"},\"thumbnailUrl\":\"https:\\\/\\\/www.webdo.tn\\\/fr\\\/wp-content\\\/uploads\\\/2014\\\/07\\\/Hanin-Zoabi.jpg\",\"articleSection\":[\"International\"],\"inLanguage\":\"fr-FR\"},{\"@type\":\"WebPage\",\"@id\":\"https:\\\/\\\/www.webdo.tn\\\/fr\\\/actualite\\\/international\\\/gaza-une-deputee-arabe-hanin-zoabi-au-parlement-israelien-suspendue-pour-son-soutien-a-hamas\\\/184394\\\/\",\"url\":\"https:\\\/\\\/www.webdo.tn\\\/fr\\\/actualite\\\/international\\\/gaza-une-deputee-arabe-hanin-zoabi-au-parlement-israelien-suspendue-pour-son-soutien-a-hamas\\\/184394\\\/\",\"name\":\"Une d\u00e9put\u00e9e arabe au Parlement isra\u00e9lien suspendue pour son soutien \u00e0 Hamas\",\"isPartOf\":{\"@id\":\"https:\\\/\\\/www.webdo.tn\\\/fr\\\/#website\"},\"primaryImageOfPage\":{\"@id\":\"https:\\\/\\\/www.webdo.tn\\\/fr\\\/actualite\\\/international\\\/gaza-une-deputee-arabe-hanin-zoabi-au-parlement-israelien-suspendue-pour-son-soutien-a-hamas\\\/184394\\\/#primaryimage\"},\"image\":{\"@id\":\"https:\\\/\\\/www.webdo.tn\\\/fr\\\/actualite\\\/international\\\/gaza-une-deputee-arabe-hanin-zoabi-au-parlement-israelien-suspendue-pour-son-soutien-a-hamas\\\/184394\\\/#primaryimage\"},\"thumbnailUrl\":\"https:\\\/\\\/www.webdo.tn\\\/fr\\\/wp-content\\\/uploads\\\/2014\\\/07\\\/Hanin-Zoabi.jpg\",\"datePublished\":\"2014-07-29T16:47:00+00:00\",\"dateModified\":\"2025-06-04T18:19:31+00:00\",\"description\":\"Une d\u00e9put\u00e9e arabe au Parlement isra\u00e9lien suspendue pour son soutien \u00e0 Hamas\",\"breadcrumb\":{\"@id\":\"https:\\\/\\\/www.webdo.tn\\\/fr\\\/actualite\\\/international\\\/gaza-une-deputee-arabe-hanin-zoabi-au-parlement-israelien-suspendue-pour-son-soutien-a-hamas\\\/184394\\\/#breadcrumb\"},\"inLanguage\":\"fr-FR\",\"potentialAction\":[{\"@type\":\"ReadAction\",\"target\":[\"https:\\\/\\\/www.webdo.tn\\\/fr\\\/actualite\\\/international\\\/gaza-une-deputee-arabe-hanin-zoabi-au-parlement-israelien-suspendue-pour-son-soutien-a-hamas\\\/184394\\\/\"]}]},{\"@type\":\"ImageObject\",\"inLanguage\":\"fr-FR\",\"@id\":\"https:\\\/\\\/www.webdo.tn\\\/fr\\\/actualite\\\/international\\\/gaza-une-deputee-arabe-hanin-zoabi-au-parlement-israelien-suspendue-pour-son-soutien-a-hamas\\\/184394\\\/#primaryimage\",\"url\":\"https:\\\/\\\/www.webdo.tn\\\/fr\\\/wp-content\\\/uploads\\\/2014\\\/07\\\/Hanin-Zoabi.jpg\",\"contentUrl\":\"https:\\\/\\\/www.webdo.tn\\\/fr\\\/wp-content\\\/uploads\\\/2014\\\/07\\\/Hanin-Zoabi.jpg\",\"width\":450,\"height\":288,\"caption\":\"Une d\u00e9put\u00e9e arabe au Parlement isra\u00e9lien suspendue pour son soutien \u00e0 Hamas\"},{\"@type\":\"BreadcrumbList\",\"@id\":\"https:\\\/\\\/www.webdo.tn\\\/fr\\\/actualite\\\/international\\\/gaza-une-deputee-arabe-hanin-zoabi-au-parlement-israelien-suspendue-pour-son-soutien-a-hamas\\\/184394\\\/#breadcrumb\",\"itemListElement\":[{\"@type\":\"ListItem\",\"position\":1,\"name\":\"Accueil\",\"item\":\"https:\\\/\\\/www.webdo.tn\\\/fr\\\/\"},{\"@type\":\"ListItem\",\"position\":2,\"name\":\"Une d\u00e9put\u00e9e arabe au Parlement isra\u00e9lien suspendue pour son soutien \u00e0 Hamas\"}]},{\"@type\":\"WebSite\",\"@id\":\"https:\\\/\\\/www.webdo.tn\\\/fr\\\/#website\",\"url\":\"https:\\\/\\\/www.webdo.tn\\\/fr\\\/\",\"name\":\"webdo\",\"description\":\"Tunisie - News en Tunisie et \u00e0 l&#039;international sur Webdo.tn\",\"publisher\":{\"@id\":\"https:\\\/\\\/www.webdo.tn\\\/fr\\\/#organization\"},\"potentialAction\":[{\"@type\":\"SearchAction\",\"target\":{\"@type\":\"EntryPoint\",\"urlTemplate\":\"https:\\\/\\\/www.webdo.tn\\\/fr\\\/?s={search_term_string}\"},\"query-input\":{\"@type\":\"PropertyValueSpecification\",\"valueRequired\":true,\"valueName\":\"search_term_string\"}}],\"inLanguage\":\"fr-FR\"},{\"@type\":\"Organization\",\"@id\":\"https:\\\/\\\/www.webdo.tn\\\/fr\\\/#organization\",\"name\":\"Webdo\",\"alternateName\":\"Webdo.tn\",\"url\":\"https:\\\/\\\/www.webdo.tn\\\/fr\\\/\",\"logo\":{\"@type\":\"ImageObject\",\"inLanguage\":\"fr-FR\",\"@id\":\"https:\\\/\\\/www.webdo.tn\\\/fr\\\/#\\\/schema\\\/logo\\\/image\\\/\",\"url\":\"https:\\\/\\\/www.webdo.tn\\\/fr\\\/wp-content\\\/uploads\\\/2025\\\/06\\\/Webdo-Tunisie_168377.jpg\",\"contentUrl\":\"https:\\\/\\\/www.webdo.tn\\\/fr\\\/wp-content\\\/uploads\\\/2025\\\/06\\\/Webdo-Tunisie_168377.jpg\",\"width\":301,\"height\":301,\"caption\":\"Webdo\"},\"image\":{\"@id\":\"https:\\\/\\\/www.webdo.tn\\\/fr\\\/#\\\/schema\\\/logo\\\/image\\\/\"},\"sameAs\":[\"https:\\\/\\\/www.facebook.com\\\/webdotn\",\"https:\\\/\\\/x.com\\\/webdo_tn\"],\"description\":\"Webdo est un m\u00e9dia num\u00e9rique tunisien fond\u00e9 en 2010, sp\u00e9cialis\u00e9 dans l\u2019actualit\u00e9 nationale et internationale, l\u2019\u00e9conomie, la soci\u00e9t\u00e9 et les analyses politiques. Le site s\u2019adresse \u00e0 un large public francophone et couvre l\u2019information tunisienne en temps r\u00e9el.\",\"email\":\"redac@webdo.tn\",\"legalName\":\"YNJ SARL\",\"foundingDate\":\"2010-09-06\",\"numberOfEmployees\":{\"@type\":\"QuantitativeValue\",\"minValue\":\"11\",\"maxValue\":\"50\"}},{\"@type\":\"Person\",\"@id\":\"https:\\\/\\\/www.webdo.tn\\\/fr\\\/#\\\/schema\\\/person\\\/9a9c6118d687c117df8ef3cc36a4d175\",\"name\":\"webdo.tn\",\"image\":{\"@type\":\"ImageObject\",\"inLanguage\":\"fr-FR\",\"@id\":\"https:\\\/\\\/secure.gravatar.com\\\/avatar\\\/7ce1f28c0c3bbac99ff550b85ef8e44a6950c6ee24514fb6a5489e51d06f0298?s=96&d=mm&r=g\",\"url\":\"https:\\\/\\\/secure.gravatar.com\\\/avatar\\\/7ce1f28c0c3bbac99ff550b85ef8e44a6950c6ee24514fb6a5489e51d06f0298?s=96&d=mm&r=g\",\"contentUrl\":\"https:\\\/\\\/secure.gravatar.com\\\/avatar\\\/7ce1f28c0c3bbac99ff550b85ef8e44a6950c6ee24514fb6a5489e51d06f0298?s=96&d=mm&r=g\",\"caption\":\"webdo.tn\"},\"url\":\"https:\\\/\\\/www.webdo.tn\\\/fr\\\/actualite\\\/author\\\/webdotn\\\/\"}]}<\/script>\n<!-- \/ Yoast SEO Premium plugin. -->","yoast_head_json":{"title":"Une d\u00e9put\u00e9e arabe au Parlement isra\u00e9lien suspendue pour son soutien \u00e0 Hamas","description":"Une d\u00e9put\u00e9e arabe au Parlement isra\u00e9lien suspendue pour son soutien \u00e0 Hamas","canonical":"https:\/\/www.webdo.tn\/fr\/actualite\/international\/gaza-une-deputee-arabe-hanin-zoabi-au-parlement-israelien-suspendue-pour-son-soutien-a-hamas\/184394\/","og_locale":"fr_FR","og_type":"article","og_title":"Une d\u00e9put\u00e9e arabe au Parlement isra\u00e9lien suspendue pour son soutien \u00e0 Hamas","og_description":"Une d\u00e9put\u00e9e arabe au Parlement isra\u00e9lien suspendue pour son soutien \u00e0 Hamas","og_url":"https:\/\/www.webdo.tn\/fr\/actualite\/international\/gaza-une-deputee-arabe-hanin-zoabi-au-parlement-israelien-suspendue-pour-son-soutien-a-hamas\/184394\/","og_site_name":"webdo","article_publisher":"https:\/\/www.facebook.com\/webdotn","article_published_time":"2014-07-29T16:47:00+00:00","article_modified_time":"2025-06-04T18:19:31+00:00","og_image":[{"width":450,"height":288,"url":"https:\/\/www.webdo.tn\/fr\/wp-content\/uploads\/2014\/07\/Hanin-Zoabi.jpg","type":"image\/jpeg"}],"author":"webdo.tn","twitter_card":"summary_large_image","twitter_creator":"@webdo_tn","twitter_site":"@webdo_tn","twitter_misc":{"\u00c9crit par":"webdo.tn","Dur\u00e9e de lecture estim\u00e9e":"1 minute"},"schema":{"@context":"https:\/\/schema.org","@graph":[{"@type":"NewsArticle","@id":"https:\/\/www.webdo.tn\/fr\/actualite\/international\/gaza-une-deputee-arabe-hanin-zoabi-au-parlement-israelien-suspendue-pour-son-soutien-a-hamas\/184394\/#article","isPartOf":{"@id":"https:\/\/www.webdo.tn\/fr\/actualite\/international\/gaza-une-deputee-arabe-hanin-zoabi-au-parlement-israelien-suspendue-pour-son-soutien-a-hamas\/184394\/"},"author":{"name":"webdo.tn","@id":"https:\/\/www.webdo.tn\/fr\/#\/schema\/person\/9a9c6118d687c117df8ef3cc36a4d175"},"headline":"Une d\u00e9put\u00e9e arabe au Parlement isra\u00e9lien suspendue pour son soutien \u00e0 Hamas","datePublished":"2014-07-29T16:47:00+00:00","dateModified":"2025-06-04T18:19:31+00:00","mainEntityOfPage":{"@id":"https:\/\/www.webdo.tn\/fr\/actualite\/international\/gaza-une-deputee-arabe-hanin-zoabi-au-parlement-israelien-suspendue-pour-son-soutien-a-hamas\/184394\/"},"wordCount":262,"commentCount":0,"publisher":{"@id":"https:\/\/www.webdo.tn\/fr\/#organization"},"image":{"@id":"https:\/\/www.webdo.tn\/fr\/actualite\/international\/gaza-une-deputee-arabe-hanin-zoabi-au-parlement-israelien-suspendue-pour-son-soutien-a-hamas\/184394\/#primaryimage"},"thumbnailUrl":"https:\/\/www.webdo.tn\/fr\/wp-content\/uploads\/2014\/07\/Hanin-Zoabi.jpg","articleSection":["International"],"inLanguage":"fr-FR"},{"@type":"WebPage","@id":"https:\/\/www.webdo.tn\/fr\/actualite\/international\/gaza-une-deputee-arabe-hanin-zoabi-au-parlement-israelien-suspendue-pour-son-soutien-a-hamas\/184394\/","url":"https:\/\/www.webdo.tn\/fr\/actualite\/international\/gaza-une-deputee-arabe-hanin-zoabi-au-parlement-israelien-suspendue-pour-son-soutien-a-hamas\/184394\/","name":"Une d\u00e9put\u00e9e arabe au Parlement isra\u00e9lien suspendue pour son soutien \u00e0 Hamas","isPartOf":{"@id":"https:\/\/www.webdo.tn\/fr\/#website"},"primaryImageOfPage":{"@id":"https:\/\/www.webdo.tn\/fr\/actualite\/international\/gaza-une-deputee-arabe-hanin-zoabi-au-parlement-israelien-suspendue-pour-son-soutien-a-hamas\/184394\/#primaryimage"},"image":{"@id":"https:\/\/www.webdo.tn\/fr\/actualite\/international\/gaza-une-deputee-arabe-hanin-zoabi-au-parlement-israelien-suspendue-pour-son-soutien-a-hamas\/184394\/#primaryimage"},"thumbnailUrl":"https:\/\/www.webdo.tn\/fr\/wp-content\/uploads\/2014\/07\/Hanin-Zoabi.jpg","datePublished":"2014-07-29T16:47:00+00:00","dateModified":"2025-06-04T18:19:31+00:00","description":"Une d\u00e9put\u00e9e arabe au Parlement isra\u00e9lien suspendue pour son soutien \u00e0 Hamas","breadcrumb":{"@id":"https:\/\/www.webdo.tn\/fr\/actualite\/international\/gaza-une-deputee-arabe-hanin-zoabi-au-parlement-israelien-suspendue-pour-son-soutien-a-hamas\/184394\/#breadcrumb"},"inLanguage":"fr-FR","potentialAction":[{"@type":"ReadAction","target":["https:\/\/www.webdo.tn\/fr\/actualite\/international\/gaza-une-deputee-arabe-hanin-zoabi-au-parlement-israelien-suspendue-pour-son-soutien-a-hamas\/184394\/"]}]},{"@type":"ImageObject","inLanguage":"fr-FR","@id":"https:\/\/www.webdo.tn\/fr\/actualite\/international\/gaza-une-deputee-arabe-hanin-zoabi-au-parlement-israelien-suspendue-pour-son-soutien-a-hamas\/184394\/#primaryimage","url":"https:\/\/www.webdo.tn\/fr\/wp-content\/uploads\/2014\/07\/Hanin-Zoabi.jpg","contentUrl":"https:\/\/www.webdo.tn\/fr\/wp-content\/uploads\/2014\/07\/Hanin-Zoabi.jpg","width":450,"height":288,"caption":"Une d\u00e9put\u00e9e arabe au Parlement isra\u00e9lien suspendue pour son soutien \u00e0 Hamas"},{"@type":"BreadcrumbList","@id":"https:\/\/www.webdo.tn\/fr\/actualite\/international\/gaza-une-deputee-arabe-hanin-zoabi-au-parlement-israelien-suspendue-pour-son-soutien-a-hamas\/184394\/#breadcrumb","itemListElement":[{"@type":"ListItem","position":1,"name":"Accueil","item":"https:\/\/www.webdo.tn\/fr\/"},{"@type":"ListItem","position":2,"name":"Une d\u00e9put\u00e9e arabe au Parlement isra\u00e9lien suspendue pour son soutien \u00e0 Hamas"}]},{"@type":"WebSite","@id":"https:\/\/www.webdo.tn\/fr\/#website","url":"https:\/\/www.webdo.tn\/fr\/","name":"webdo","description":"Tunisie - News en Tunisie et \u00e0 l&#039;international sur Webdo.tn","publisher":{"@id":"https:\/\/www.webdo.tn\/fr\/#organization"},"potentialAction":[{"@type":"SearchAction","target":{"@type":"EntryPoint","urlTemplate":"https:\/\/www.webdo.tn\/fr\/?s={search_term_string}"},"query-input":{"@type":"PropertyValueSpecification","valueRequired":true,"valueName":"search_term_string"}}],"inLanguage":"fr-FR"},{"@type":"Organization","@id":"https:\/\/www.webdo.tn\/fr\/#organization","name":"Webdo","alternateName":"Webdo.tn","url":"https:\/\/www.webdo.tn\/fr\/","logo":{"@type":"ImageObject","inLanguage":"fr-FR","@id":"https:\/\/www.webdo.tn\/fr\/#\/schema\/logo\/image\/","url":"https:\/\/www.webdo.tn\/fr\/wp-content\/uploads\/2025\/06\/Webdo-Tunisie_168377.jpg","contentUrl":"https:\/\/www.webdo.tn\/fr\/wp-content\/uploads\/2025\/06\/Webdo-Tunisie_168377.jpg","width":301,"height":301,"caption":"Webdo"},"image":{"@id":"https:\/\/www.webdo.tn\/fr\/#\/schema\/logo\/image\/"},"sameAs":["https:\/\/www.facebook.com\/webdotn","https:\/\/x.com\/webdo_tn"],"description":"Webdo est un m\u00e9dia num\u00e9rique tunisien fond\u00e9 en 2010, sp\u00e9cialis\u00e9 dans l\u2019actualit\u00e9 nationale et internationale, l\u2019\u00e9conomie, la soci\u00e9t\u00e9 et les analyses politiques. Le site s\u2019adresse \u00e0 un large public francophone et couvre l\u2019information tunisienne en temps r\u00e9el.","email":"redac@webdo.tn","legalName":"YNJ SARL","foundingDate":"2010-09-06","numberOfEmployees":{"@type":"QuantitativeValue","minValue":"11","maxValue":"50"}},{"@type":"Person","@id":"https:\/\/www.webdo.tn\/fr\/#\/schema\/person\/9a9c6118d687c117df8ef3cc36a4d175","name":"webdo.tn","image":{"@type":"ImageObject","inLanguage":"fr-FR","@id":"https:\/\/secure.gravatar.com\/avatar\/7ce1f28c0c3bbac99ff550b85ef8e44a6950c6ee24514fb6a5489e51d06f0298?s=96&d=mm&r=g","url":"https:\/\/secure.gravatar.com\/avatar\/7ce1f28c0c3bbac99ff550b85ef8e44a6950c6ee24514fb6a5489e51d06f0298?s=96&d=mm&r=g","contentUrl":"https:\/\/secure.gravatar.com\/avatar\/7ce1f28c0c3bbac99ff550b85ef8e44a6950c6ee24514fb6a5489e51d06f0298?s=96&d=mm&r=g","caption":"webdo.tn"},"url":"https:\/\/www.webdo.tn\/fr\/actualite\/author\/webdotn\/"}]}},"_links":{"self":[{"href":"https:\/\/www.webdo.tn\/fr\/wp-json\/wp\/v2\/posts\/184394","targetHints":{"allow":["GET"]}}],"collection":[{"href":"https:\/\/www.webdo.tn\/fr\/wp-json\/wp\/v2\/posts"}],"about":[{"href":"https:\/\/www.webdo.tn\/fr\/wp-json\/wp\/v2\/types\/post"}],"author":[{"embeddable":true,"href":"https:\/\/www.webdo.tn\/fr\/wp-json\/wp\/v2\/users\/3222"}],"replies":[{"embeddable":true,"href":"https:\/\/www.webdo.tn\/fr\/wp-json\/wp\/v2\/comments?post=184394"}],"version-history":[{"count":0,"href":"https:\/\/www.webdo.tn\/fr\/wp-json\/wp\/v2\/posts\/184394\/revisions"}],"wp:featuredmedia":[{"embeddable":true,"href":"https:\/\/www.webdo.tn\/fr\/wp-json\/wp\/v2\/media\/334793"}],"wp:attachment":[{"href":"https:\/\/www.webdo.tn\/fr\/wp-json\/wp\/v2\/media?parent=184394"}],"wp:term":[{"taxonomy":"category","embeddable":true,"href":"https:\/\/www.webdo.tn\/fr\/wp-json\/wp\/v2\/categories?post=184394"},{"taxonomy":"post_tag","embeddable":true,"href":"https:\/\/www.webdo.tn\/fr\/wp-json\/wp\/v2\/tags?post=184394"}],"curies":[{"name":"wp","href":"https:\/\/api.w.org\/{rel}","templated":true}]}}