{"id":184393,"date":"2014-07-30T00:35:00","date_gmt":"2014-07-30T00:35:00","guid":{"rendered":"https:\/\/www.webdo.tn\/fr\/blog\/20-morts-dizaines-disparus-suite-naufrage-au-large-libye\/178475\/"},"modified":"2025-06-04T18:19:35","modified_gmt":"2025-06-04T18:19:35","slug":"20-morts-dizaines-disparus-suite-naufrage-au-large-libye","status":"publish","type":"post","link":"https:\/\/www.webdo.tn\/fr\/actualite\/international\/20-morts-dizaines-disparus-suite-naufrage-au-large-libye\/184393\/","title":{"rendered":"Plus de 20 morts et des dizaines de disparus suite \u00e0 un naufrage au large de la Libye"},"content":{"rendered":"<p>Plus de 20 migrants sont morts et des dizaines d&rsquo;autres disparus dans le naufrage d&rsquo;une embarcation de fortune qui a coul\u00e9 au large de la Libye, a indiqu\u00e9 mardi soir \u00e0 l&rsquo;AFP le porte-parole de la marine libyenne.Une patrouille de la marine a secouru lundi 22 migrants clandestins qui \u00e9taient accroch\u00e9s aux d\u00e9bris de leur embarcation, a indiqu\u00e9 le colonel Ayoub Kassem, pr\u00e9cisant que plus de vingt corps ont \u00e9t\u00e9 rep\u00each\u00e9s.<\/p>\n<p>Selon les rescap\u00e9s, quelque 150 migrants \u00e9taient \u00e0 bord de l&#8217;embarcation qui a coul\u00e9 au large d&rsquo;Al-Khoms, \u00e0 100 km \u00e0 l&rsquo;est de Tripoli, a-t-il dit. M. Ayoub a ajout\u00e9 que des op\u00e9rations de recherches de corps ou d&rsquo;\u00e9ventuels autres rescap\u00e9s \u00e9taient en cours.<\/p>\n<p>Les migrants, originaires d&rsquo;Afrique subsaharienne, tentaient de rallier les c\u00f4tes italiennes proches.<br \/>\nEn raison d&rsquo;une m\u00e9t\u00e9o cl\u00e9mente et de la situation anarchique r\u00e9gnant en Libye, les d\u00e9parts depuis les c\u00f4tes de ce pays se sont multipli\u00e9s ces derni\u00e8res semaines.<\/p>\n","protected":false},"excerpt":{"rendered":"<p>Plus de 20 morts et des dizaines de disparus suite \u00e0 un naufrage au large de la Libye<\/p>\n","protected":false},"author":3222,"featured_media":320815,"comment_status":"open","ping_status":"closed","sticky":false,"template":"","format":"standard","meta":{"footnotes":""},"categories":[2598],"tags":[],"class_list":["post-184393","post","type-post","status-publish","format-standard","has-post-thumbnail","hentry","category-international"],"yoast_head":"<!-- This site is optimized with the Yoast SEO Premium plugin v27.5 (Yoast SEO v27.5) - https:\/\/yoast.com\/product\/yoast-seo-premium-wordpress\/ -->\n<title>Plus de 20 morts et des dizaines de disparus suite \u00e0 un naufrage au large de la Libye<\/title>\n<meta name=\"description\" content=\"Plus de 20 morts et des dizaines de disparus suite \u00e0 un naufrage au large de la Libye\" \/>\n<link rel=\"canonical\" href=\"https:\/\/www.webdo.tn\/fr\/actualite\/international\/20-morts-dizaines-disparus-suite-naufrage-au-large-libye\/184393\/\" \/>\n<meta property=\"og:locale\" content=\"fr_FR\" \/>\n<meta property=\"og:type\" content=\"article\" \/>\n<meta property=\"og:title\" content=\"Plus de 20 morts et des dizaines de disparus suite \u00e0 un naufrage au large de la Libye\" \/>\n<meta property=\"og:description\" content=\"Plus de 20 morts et des dizaines de disparus suite \u00e0 un naufrage au large de la Libye\" \/>\n<meta property=\"og:url\" content=\"https:\/\/www.webdo.tn\/fr\/actualite\/international\/20-morts-dizaines-disparus-suite-naufrage-au-large-libye\/184393\/\" \/>\n<meta property=\"og:site_name\" content=\"webdo\" \/>\n<meta property=\"article:publisher\" content=\"https:\/\/www.facebook.com\/webdotn\" \/>\n<meta property=\"article:published_time\" content=\"2014-07-30T00:35:00+00:00\" \/>\n<meta property=\"article:modified_time\" content=\"2025-06-04T18:19:35+00:00\" \/>\n<meta property=\"og:image\" content=\"https:\/\/www.webdo.tn\/fr\/wp-content\/uploads\/2014\/07\/Naufrage-Lampedusa-03-10-2013-Credit-photo-Le-Monde.jpg\" \/>\n\t<meta property=\"og:image:width\" content=\"534\" \/>\n\t<meta property=\"og:image:height\" content=\"267\" \/>\n\t<meta property=\"og:image:type\" content=\"image\/jpeg\" \/>\n<meta name=\"author\" content=\"webdo.tn\" \/>\n<meta name=\"twitter:card\" content=\"summary_large_image\" \/>\n<meta name=\"twitter:creator\" content=\"@webdo_tn\" \/>\n<meta name=\"twitter:site\" content=\"@webdo_tn\" \/>\n<meta name=\"twitter:label1\" content=\"\u00c9crit par\" \/>\n\t<meta name=\"twitter:data1\" content=\"webdo.tn\" \/>\n\t<meta name=\"twitter:label2\" content=\"Dur\u00e9e de lecture estim\u00e9e\" \/>\n\t<meta name=\"twitter:data2\" content=\"1 minute\" \/>\n<script type=\"application\/ld+json\" class=\"yoast-schema-graph\">{\"@context\":\"https:\\\/\\\/schema.org\",\"@graph\":[{\"@type\":\"NewsArticle\",\"@id\":\"https:\\\/\\\/www.webdo.tn\\\/fr\\\/actualite\\\/international\\\/20-morts-dizaines-disparus-suite-naufrage-au-large-libye\\\/184393\\\/#article\",\"isPartOf\":{\"@id\":\"https:\\\/\\\/www.webdo.tn\\\/fr\\\/actualite\\\/international\\\/20-morts-dizaines-disparus-suite-naufrage-au-large-libye\\\/184393\\\/\"},\"author\":{\"name\":\"webdo.tn\",\"@id\":\"https:\\\/\\\/www.webdo.tn\\\/fr\\\/#\\\/schema\\\/person\\\/9a9c6118d687c117df8ef3cc36a4d175\"},\"headline\":\"Plus de 20 morts et des dizaines de disparus suite \u00e0 un naufrage au large de la Libye\",\"datePublished\":\"2014-07-30T00:35:00+00:00\",\"dateModified\":\"2025-06-04T18:19:35+00:00\",\"mainEntityOfPage\":{\"@id\":\"https:\\\/\\\/www.webdo.tn\\\/fr\\\/actualite\\\/international\\\/20-morts-dizaines-disparus-suite-naufrage-au-large-libye\\\/184393\\\/\"},\"wordCount\":189,\"commentCount\":0,\"publisher\":{\"@id\":\"https:\\\/\\\/www.webdo.tn\\\/fr\\\/#organization\"},\"image\":{\"@id\":\"https:\\\/\\\/www.webdo.tn\\\/fr\\\/actualite\\\/international\\\/20-morts-dizaines-disparus-suite-naufrage-au-large-libye\\\/184393\\\/#primaryimage\"},\"thumbnailUrl\":\"https:\\\/\\\/www.webdo.tn\\\/fr\\\/wp-content\\\/uploads\\\/2014\\\/07\\\/Naufrage-Lampedusa-03-10-2013-Credit-photo-Le-Monde.jpg\",\"articleSection\":[\"International\"],\"inLanguage\":\"fr-FR\"},{\"@type\":\"WebPage\",\"@id\":\"https:\\\/\\\/www.webdo.tn\\\/fr\\\/actualite\\\/international\\\/20-morts-dizaines-disparus-suite-naufrage-au-large-libye\\\/184393\\\/\",\"url\":\"https:\\\/\\\/www.webdo.tn\\\/fr\\\/actualite\\\/international\\\/20-morts-dizaines-disparus-suite-naufrage-au-large-libye\\\/184393\\\/\",\"name\":\"Plus de 20 morts et des dizaines de disparus suite \u00e0 un naufrage au large de la Libye\",\"isPartOf\":{\"@id\":\"https:\\\/\\\/www.webdo.tn\\\/fr\\\/#website\"},\"primaryImageOfPage\":{\"@id\":\"https:\\\/\\\/www.webdo.tn\\\/fr\\\/actualite\\\/international\\\/20-morts-dizaines-disparus-suite-naufrage-au-large-libye\\\/184393\\\/#primaryimage\"},\"image\":{\"@id\":\"https:\\\/\\\/www.webdo.tn\\\/fr\\\/actualite\\\/international\\\/20-morts-dizaines-disparus-suite-naufrage-au-large-libye\\\/184393\\\/#primaryimage\"},\"thumbnailUrl\":\"https:\\\/\\\/www.webdo.tn\\\/fr\\\/wp-content\\\/uploads\\\/2014\\\/07\\\/Naufrage-Lampedusa-03-10-2013-Credit-photo-Le-Monde.jpg\",\"datePublished\":\"2014-07-30T00:35:00+00:00\",\"dateModified\":\"2025-06-04T18:19:35+00:00\",\"description\":\"Plus de 20 morts et des dizaines de disparus suite \u00e0 un naufrage au large de la Libye\",\"breadcrumb\":{\"@id\":\"https:\\\/\\\/www.webdo.tn\\\/fr\\\/actualite\\\/international\\\/20-morts-dizaines-disparus-suite-naufrage-au-large-libye\\\/184393\\\/#breadcrumb\"},\"inLanguage\":\"fr-FR\",\"potentialAction\":[{\"@type\":\"ReadAction\",\"target\":[\"https:\\\/\\\/www.webdo.tn\\\/fr\\\/actualite\\\/international\\\/20-morts-dizaines-disparus-suite-naufrage-au-large-libye\\\/184393\\\/\"]}]},{\"@type\":\"ImageObject\",\"inLanguage\":\"fr-FR\",\"@id\":\"https:\\\/\\\/www.webdo.tn\\\/fr\\\/actualite\\\/international\\\/20-morts-dizaines-disparus-suite-naufrage-au-large-libye\\\/184393\\\/#primaryimage\",\"url\":\"https:\\\/\\\/www.webdo.tn\\\/fr\\\/wp-content\\\/uploads\\\/2014\\\/07\\\/Naufrage-Lampedusa-03-10-2013-Credit-photo-Le-Monde.jpg\",\"contentUrl\":\"https:\\\/\\\/www.webdo.tn\\\/fr\\\/wp-content\\\/uploads\\\/2014\\\/07\\\/Naufrage-Lampedusa-03-10-2013-Credit-photo-Le-Monde.jpg\",\"width\":534,\"height\":267,\"caption\":\"Plus de 20 morts et des dizaines de disparus suite \u00e0 un naufrage au large de la Libye\"},{\"@type\":\"BreadcrumbList\",\"@id\":\"https:\\\/\\\/www.webdo.tn\\\/fr\\\/actualite\\\/international\\\/20-morts-dizaines-disparus-suite-naufrage-au-large-libye\\\/184393\\\/#breadcrumb\",\"itemListElement\":[{\"@type\":\"ListItem\",\"position\":1,\"name\":\"Accueil\",\"item\":\"https:\\\/\\\/www.webdo.tn\\\/fr\\\/\"},{\"@type\":\"ListItem\",\"position\":2,\"name\":\"Plus de 20 morts et des dizaines de disparus suite \u00e0 un naufrage au large de la Libye\"}]},{\"@type\":\"WebSite\",\"@id\":\"https:\\\/\\\/www.webdo.tn\\\/fr\\\/#website\",\"url\":\"https:\\\/\\\/www.webdo.tn\\\/fr\\\/\",\"name\":\"webdo\",\"description\":\"Tunisie - News en Tunisie et \u00e0 l&#039;international sur Webdo.tn\",\"publisher\":{\"@id\":\"https:\\\/\\\/www.webdo.tn\\\/fr\\\/#organization\"},\"potentialAction\":[{\"@type\":\"SearchAction\",\"target\":{\"@type\":\"EntryPoint\",\"urlTemplate\":\"https:\\\/\\\/www.webdo.tn\\\/fr\\\/?s={search_term_string}\"},\"query-input\":{\"@type\":\"PropertyValueSpecification\",\"valueRequired\":true,\"valueName\":\"search_term_string\"}}],\"inLanguage\":\"fr-FR\"},{\"@type\":\"Organization\",\"@id\":\"https:\\\/\\\/www.webdo.tn\\\/fr\\\/#organization\",\"name\":\"Webdo\",\"alternateName\":\"Webdo.tn\",\"url\":\"https:\\\/\\\/www.webdo.tn\\\/fr\\\/\",\"logo\":{\"@type\":\"ImageObject\",\"inLanguage\":\"fr-FR\",\"@id\":\"https:\\\/\\\/www.webdo.tn\\\/fr\\\/#\\\/schema\\\/logo\\\/image\\\/\",\"url\":\"https:\\\/\\\/www.webdo.tn\\\/fr\\\/wp-content\\\/uploads\\\/2025\\\/06\\\/Webdo-Tunisie_168377.jpg\",\"contentUrl\":\"https:\\\/\\\/www.webdo.tn\\\/fr\\\/wp-content\\\/uploads\\\/2025\\\/06\\\/Webdo-Tunisie_168377.jpg\",\"width\":301,\"height\":301,\"caption\":\"Webdo\"},\"image\":{\"@id\":\"https:\\\/\\\/www.webdo.tn\\\/fr\\\/#\\\/schema\\\/logo\\\/image\\\/\"},\"sameAs\":[\"https:\\\/\\\/www.facebook.com\\\/webdotn\",\"https:\\\/\\\/x.com\\\/webdo_tn\"],\"description\":\"Webdo est un m\u00e9dia num\u00e9rique tunisien fond\u00e9 en 2010, sp\u00e9cialis\u00e9 dans l\u2019actualit\u00e9 nationale et internationale, l\u2019\u00e9conomie, la soci\u00e9t\u00e9 et les analyses politiques. Le site s\u2019adresse \u00e0 un large public francophone et couvre l\u2019information tunisienne en temps r\u00e9el.\",\"email\":\"redac@webdo.tn\",\"legalName\":\"YNJ SARL\",\"foundingDate\":\"2010-09-06\",\"numberOfEmployees\":{\"@type\":\"QuantitativeValue\",\"minValue\":\"11\",\"maxValue\":\"50\"}},{\"@type\":\"Person\",\"@id\":\"https:\\\/\\\/www.webdo.tn\\\/fr\\\/#\\\/schema\\\/person\\\/9a9c6118d687c117df8ef3cc36a4d175\",\"name\":\"webdo.tn\",\"image\":{\"@type\":\"ImageObject\",\"inLanguage\":\"fr-FR\",\"@id\":\"https:\\\/\\\/secure.gravatar.com\\\/avatar\\\/7ce1f28c0c3bbac99ff550b85ef8e44a6950c6ee24514fb6a5489e51d06f0298?s=96&d=mm&r=g\",\"url\":\"https:\\\/\\\/secure.gravatar.com\\\/avatar\\\/7ce1f28c0c3bbac99ff550b85ef8e44a6950c6ee24514fb6a5489e51d06f0298?s=96&d=mm&r=g\",\"contentUrl\":\"https:\\\/\\\/secure.gravatar.com\\\/avatar\\\/7ce1f28c0c3bbac99ff550b85ef8e44a6950c6ee24514fb6a5489e51d06f0298?s=96&d=mm&r=g\",\"caption\":\"webdo.tn\"},\"url\":\"https:\\\/\\\/www.webdo.tn\\\/fr\\\/actualite\\\/author\\\/webdotn\\\/\"}]}<\/script>\n<!-- \/ Yoast SEO Premium plugin. -->","yoast_head_json":{"title":"Plus de 20 morts et des dizaines de disparus suite \u00e0 un naufrage au large de la Libye","description":"Plus de 20 morts et des dizaines de disparus suite \u00e0 un naufrage au large de la Libye","canonical":"https:\/\/www.webdo.tn\/fr\/actualite\/international\/20-morts-dizaines-disparus-suite-naufrage-au-large-libye\/184393\/","og_locale":"fr_FR","og_type":"article","og_title":"Plus de 20 morts et des dizaines de disparus suite \u00e0 un naufrage au large de la Libye","og_description":"Plus de 20 morts et des dizaines de disparus suite \u00e0 un naufrage au large de la Libye","og_url":"https:\/\/www.webdo.tn\/fr\/actualite\/international\/20-morts-dizaines-disparus-suite-naufrage-au-large-libye\/184393\/","og_site_name":"webdo","article_publisher":"https:\/\/www.facebook.com\/webdotn","article_published_time":"2014-07-30T00:35:00+00:00","article_modified_time":"2025-06-04T18:19:35+00:00","og_image":[{"width":534,"height":267,"url":"https:\/\/www.webdo.tn\/fr\/wp-content\/uploads\/2014\/07\/Naufrage-Lampedusa-03-10-2013-Credit-photo-Le-Monde.jpg","type":"image\/jpeg"}],"author":"webdo.tn","twitter_card":"summary_large_image","twitter_creator":"@webdo_tn","twitter_site":"@webdo_tn","twitter_misc":{"\u00c9crit par":"webdo.tn","Dur\u00e9e de lecture estim\u00e9e":"1 minute"},"schema":{"@context":"https:\/\/schema.org","@graph":[{"@type":"NewsArticle","@id":"https:\/\/www.webdo.tn\/fr\/actualite\/international\/20-morts-dizaines-disparus-suite-naufrage-au-large-libye\/184393\/#article","isPartOf":{"@id":"https:\/\/www.webdo.tn\/fr\/actualite\/international\/20-morts-dizaines-disparus-suite-naufrage-au-large-libye\/184393\/"},"author":{"name":"webdo.tn","@id":"https:\/\/www.webdo.tn\/fr\/#\/schema\/person\/9a9c6118d687c117df8ef3cc36a4d175"},"headline":"Plus de 20 morts et des dizaines de disparus suite \u00e0 un naufrage au large de la Libye","datePublished":"2014-07-30T00:35:00+00:00","dateModified":"2025-06-04T18:19:35+00:00","mainEntityOfPage":{"@id":"https:\/\/www.webdo.tn\/fr\/actualite\/international\/20-morts-dizaines-disparus-suite-naufrage-au-large-libye\/184393\/"},"wordCount":189,"commentCount":0,"publisher":{"@id":"https:\/\/www.webdo.tn\/fr\/#organization"},"image":{"@id":"https:\/\/www.webdo.tn\/fr\/actualite\/international\/20-morts-dizaines-disparus-suite-naufrage-au-large-libye\/184393\/#primaryimage"},"thumbnailUrl":"https:\/\/www.webdo.tn\/fr\/wp-content\/uploads\/2014\/07\/Naufrage-Lampedusa-03-10-2013-Credit-photo-Le-Monde.jpg","articleSection":["International"],"inLanguage":"fr-FR"},{"@type":"WebPage","@id":"https:\/\/www.webdo.tn\/fr\/actualite\/international\/20-morts-dizaines-disparus-suite-naufrage-au-large-libye\/184393\/","url":"https:\/\/www.webdo.tn\/fr\/actualite\/international\/20-morts-dizaines-disparus-suite-naufrage-au-large-libye\/184393\/","name":"Plus de 20 morts et des dizaines de disparus suite \u00e0 un naufrage au large de la Libye","isPartOf":{"@id":"https:\/\/www.webdo.tn\/fr\/#website"},"primaryImageOfPage":{"@id":"https:\/\/www.webdo.tn\/fr\/actualite\/international\/20-morts-dizaines-disparus-suite-naufrage-au-large-libye\/184393\/#primaryimage"},"image":{"@id":"https:\/\/www.webdo.tn\/fr\/actualite\/international\/20-morts-dizaines-disparus-suite-naufrage-au-large-libye\/184393\/#primaryimage"},"thumbnailUrl":"https:\/\/www.webdo.tn\/fr\/wp-content\/uploads\/2014\/07\/Naufrage-Lampedusa-03-10-2013-Credit-photo-Le-Monde.jpg","datePublished":"2014-07-30T00:35:00+00:00","dateModified":"2025-06-04T18:19:35+00:00","description":"Plus de 20 morts et des dizaines de disparus suite \u00e0 un naufrage au large de la Libye","breadcrumb":{"@id":"https:\/\/www.webdo.tn\/fr\/actualite\/international\/20-morts-dizaines-disparus-suite-naufrage-au-large-libye\/184393\/#breadcrumb"},"inLanguage":"fr-FR","potentialAction":[{"@type":"ReadAction","target":["https:\/\/www.webdo.tn\/fr\/actualite\/international\/20-morts-dizaines-disparus-suite-naufrage-au-large-libye\/184393\/"]}]},{"@type":"ImageObject","inLanguage":"fr-FR","@id":"https:\/\/www.webdo.tn\/fr\/actualite\/international\/20-morts-dizaines-disparus-suite-naufrage-au-large-libye\/184393\/#primaryimage","url":"https:\/\/www.webdo.tn\/fr\/wp-content\/uploads\/2014\/07\/Naufrage-Lampedusa-03-10-2013-Credit-photo-Le-Monde.jpg","contentUrl":"https:\/\/www.webdo.tn\/fr\/wp-content\/uploads\/2014\/07\/Naufrage-Lampedusa-03-10-2013-Credit-photo-Le-Monde.jpg","width":534,"height":267,"caption":"Plus de 20 morts et des dizaines de disparus suite \u00e0 un naufrage au large de la Libye"},{"@type":"BreadcrumbList","@id":"https:\/\/www.webdo.tn\/fr\/actualite\/international\/20-morts-dizaines-disparus-suite-naufrage-au-large-libye\/184393\/#breadcrumb","itemListElement":[{"@type":"ListItem","position":1,"name":"Accueil","item":"https:\/\/www.webdo.tn\/fr\/"},{"@type":"ListItem","position":2,"name":"Plus de 20 morts et des dizaines de disparus suite \u00e0 un naufrage au large de la Libye"}]},{"@type":"WebSite","@id":"https:\/\/www.webdo.tn\/fr\/#website","url":"https:\/\/www.webdo.tn\/fr\/","name":"webdo","description":"Tunisie - News en Tunisie et \u00e0 l&#039;international sur Webdo.tn","publisher":{"@id":"https:\/\/www.webdo.tn\/fr\/#organization"},"potentialAction":[{"@type":"SearchAction","target":{"@type":"EntryPoint","urlTemplate":"https:\/\/www.webdo.tn\/fr\/?s={search_term_string}"},"query-input":{"@type":"PropertyValueSpecification","valueRequired":true,"valueName":"search_term_string"}}],"inLanguage":"fr-FR"},{"@type":"Organization","@id":"https:\/\/www.webdo.tn\/fr\/#organization","name":"Webdo","alternateName":"Webdo.tn","url":"https:\/\/www.webdo.tn\/fr\/","logo":{"@type":"ImageObject","inLanguage":"fr-FR","@id":"https:\/\/www.webdo.tn\/fr\/#\/schema\/logo\/image\/","url":"https:\/\/www.webdo.tn\/fr\/wp-content\/uploads\/2025\/06\/Webdo-Tunisie_168377.jpg","contentUrl":"https:\/\/www.webdo.tn\/fr\/wp-content\/uploads\/2025\/06\/Webdo-Tunisie_168377.jpg","width":301,"height":301,"caption":"Webdo"},"image":{"@id":"https:\/\/www.webdo.tn\/fr\/#\/schema\/logo\/image\/"},"sameAs":["https:\/\/www.facebook.com\/webdotn","https:\/\/x.com\/webdo_tn"],"description":"Webdo est un m\u00e9dia num\u00e9rique tunisien fond\u00e9 en 2010, sp\u00e9cialis\u00e9 dans l\u2019actualit\u00e9 nationale et internationale, l\u2019\u00e9conomie, la soci\u00e9t\u00e9 et les analyses politiques. Le site s\u2019adresse \u00e0 un large public francophone et couvre l\u2019information tunisienne en temps r\u00e9el.","email":"redac@webdo.tn","legalName":"YNJ SARL","foundingDate":"2010-09-06","numberOfEmployees":{"@type":"QuantitativeValue","minValue":"11","maxValue":"50"}},{"@type":"Person","@id":"https:\/\/www.webdo.tn\/fr\/#\/schema\/person\/9a9c6118d687c117df8ef3cc36a4d175","name":"webdo.tn","image":{"@type":"ImageObject","inLanguage":"fr-FR","@id":"https:\/\/secure.gravatar.com\/avatar\/7ce1f28c0c3bbac99ff550b85ef8e44a6950c6ee24514fb6a5489e51d06f0298?s=96&d=mm&r=g","url":"https:\/\/secure.gravatar.com\/avatar\/7ce1f28c0c3bbac99ff550b85ef8e44a6950c6ee24514fb6a5489e51d06f0298?s=96&d=mm&r=g","contentUrl":"https:\/\/secure.gravatar.com\/avatar\/7ce1f28c0c3bbac99ff550b85ef8e44a6950c6ee24514fb6a5489e51d06f0298?s=96&d=mm&r=g","caption":"webdo.tn"},"url":"https:\/\/www.webdo.tn\/fr\/actualite\/author\/webdotn\/"}]}},"_links":{"self":[{"href":"https:\/\/www.webdo.tn\/fr\/wp-json\/wp\/v2\/posts\/184393","targetHints":{"allow":["GET"]}}],"collection":[{"href":"https:\/\/www.webdo.tn\/fr\/wp-json\/wp\/v2\/posts"}],"about":[{"href":"https:\/\/www.webdo.tn\/fr\/wp-json\/wp\/v2\/types\/post"}],"author":[{"embeddable":true,"href":"https:\/\/www.webdo.tn\/fr\/wp-json\/wp\/v2\/users\/3222"}],"replies":[{"embeddable":true,"href":"https:\/\/www.webdo.tn\/fr\/wp-json\/wp\/v2\/comments?post=184393"}],"version-history":[{"count":0,"href":"https:\/\/www.webdo.tn\/fr\/wp-json\/wp\/v2\/posts\/184393\/revisions"}],"wp:featuredmedia":[{"embeddable":true,"href":"https:\/\/www.webdo.tn\/fr\/wp-json\/wp\/v2\/media\/320815"}],"wp:attachment":[{"href":"https:\/\/www.webdo.tn\/fr\/wp-json\/wp\/v2\/media?parent=184393"}],"wp:term":[{"taxonomy":"category","embeddable":true,"href":"https:\/\/www.webdo.tn\/fr\/wp-json\/wp\/v2\/categories?post=184393"},{"taxonomy":"post_tag","embeddable":true,"href":"https:\/\/www.webdo.tn\/fr\/wp-json\/wp\/v2\/tags?post=184393"}],"curies":[{"name":"wp","href":"https:\/\/api.w.org\/{rel}","templated":true}]}}