{"id":184391,"date":"2014-07-30T02:00:00","date_gmt":"2014-07-30T02:00:00","guid":{"rendered":"https:\/\/www.webdo.tn\/fr\/blog\/libye-principale-base-militaire-benghazi-tombe-aux-mains-islamistes\/184391\/"},"modified":"2025-05-22T13:08:25","modified_gmt":"2025-05-22T13:08:25","slug":"libye-principale-base-militaire-benghazi-tombe-aux-mains-islamistes","status":"publish","type":"post","link":"https:\/\/www.webdo.tn\/fr\/actualite\/international\/libye-principale-base-militaire-benghazi-tombe-aux-mains-islamistes\/184391\/","title":{"rendered":"Libye : la principale base militaire \u00e0 Benghazi tombe aux mains des islamistes"},"content":{"rendered":"<p>Le quartier g\u00e9n\u00e9ral de l&rsquo;unit\u00e9 des Forces sp\u00e9ciales de l&rsquo;arm\u00e9e libyenne, principale base militaire \u00e0 Benghazi, est tomb\u00e9, ce mardi 29 juillet, aux mains de groupes islamistes apr\u00e8s plusieurs jours de combats meurtriers, rapporte l&rsquo;AFP selon des sources militaire et islamiste.<\/p>\n<p> Le Conseil de Choura des r\u00e9volutionnaires de Benghazi, une alliance de groupes islamistes et jihadistes, a annonc\u00e9 dans un communiqu\u00e9 avoir pris le contr\u00f4le du quartier g\u00e9n\u00e9ral des forces sp\u00e9ciales.<\/p>\n<p>Une source militaire a confirm\u00e9 que la base principale des forces sp\u00e9ciales est tomb\u00e9e mardi aux mains de ces groupes dont celui d&rsquo;Ansar Asharia, class\u00e9 comme organisation terroriste par Washington.<\/p>\n<p>Les combats font rage depuis une semaine \u00e0 Benghazi, faisant une soixantaine de morts depuis samedi, selon des sources m\u00e9dicales.<\/p>\n<p>Les forces sp\u00e9ciales sous le commandement du (colonel) Wanis Abou Khamada se sont retir\u00e9es suite \u00e0 plusieurs attaques, a ajout\u00e9 la m\u00eame source.<\/p>\n<p>Il s&rsquo;agit de la plus grande perte pour l&rsquo;arm\u00e9e libyenne, qui peine \u00e0 se reconstruire depuis la chute du r\u00e9gime de Mouammar Kadhafi.<\/p>\n<p>L&rsquo;unit\u00e9 des Forces sp\u00e9ciales est une des rares brigades de l&rsquo;arm\u00e9e r\u00e9guli\u00e8re en Libye. Elle a toutefois annonc\u00e9 son soutien aux op\u00e9rations du g\u00e9n\u00e9ral dissident Khalifa Haftar, sans toutefois se placer sous son commandement.<\/p>\n<p>Ce g\u00e9n\u00e9ral dissident m\u00e8ne depuis le 16 mai une op\u00e9ration contre les groupes terroristes \u00e0 Benghazi. Accus\u00e9 par ses d\u00e9tracteurs de mener un coup d&rsquo;Etat, il b\u00e9n\u00e9ficie du soutien de plusieurs unit\u00e9s de l&rsquo;arm\u00e9e r\u00e9guli\u00e8re, dont les forces de l&rsquo;arm\u00e9e de l&rsquo;air.<br \/>\nAFP<\/p>\n","protected":false},"excerpt":{"rendered":"<p>Libye : la principale base militaire \u00e0 Benghazi tombe aux mains des islamistes<\/p>\n","protected":false},"author":3222,"featured_media":320821,"comment_status":"open","ping_status":"closed","sticky":false,"template":"","format":"standard","meta":{"footnotes":""},"categories":[2598],"tags":[],"class_list":["post-184391","post","type-post","status-publish","format-standard","has-post-thumbnail","hentry","category-international"],"yoast_head":"<!-- This site is optimized with the Yoast SEO Premium plugin v27.5 (Yoast SEO v27.5) - https:\/\/yoast.com\/product\/yoast-seo-premium-wordpress\/ -->\n<title>Libye : la principale base militaire \u00e0 Benghazi tombe aux mains des islamistes<\/title>\n<meta name=\"description\" content=\"Libye : la principale base militaire \u00e0 Benghazi tombe aux mains des islamistes\" \/>\n<link rel=\"canonical\" href=\"https:\/\/www.webdo.tn\/fr\/actualite\/international\/libye-principale-base-militaire-benghazi-tombe-aux-mains-islamistes\/184391\/\" \/>\n<meta property=\"og:locale\" content=\"fr_FR\" \/>\n<meta property=\"og:type\" content=\"article\" \/>\n<meta property=\"og:title\" content=\"Libye : la principale base militaire \u00e0 Benghazi tombe aux mains des islamistes\" \/>\n<meta property=\"og:description\" content=\"Libye : la principale base militaire \u00e0 Benghazi tombe aux mains des islamistes\" \/>\n<meta property=\"og:url\" content=\"https:\/\/www.webdo.tn\/fr\/actualite\/international\/libye-principale-base-militaire-benghazi-tombe-aux-mains-islamistes\/184391\/\" \/>\n<meta property=\"og:site_name\" content=\"webdo\" \/>\n<meta property=\"article:publisher\" content=\"https:\/\/www.facebook.com\/webdotn\" \/>\n<meta property=\"article:published_time\" content=\"2014-07-30T02:00:00+00:00\" \/>\n<meta property=\"article:modified_time\" content=\"2025-05-22T13:08:25+00:00\" \/>\n<meta property=\"og:image\" content=\"https:\/\/www.webdo.tn\/fr\/wp-content\/uploads\/2014\/07\/carte-de-benghazi-libye.jpg\" \/>\n\t<meta property=\"og:image:width\" content=\"465\" \/>\n\t<meta property=\"og:image:height\" content=\"295\" \/>\n\t<meta property=\"og:image:type\" content=\"image\/jpeg\" \/>\n<meta name=\"author\" content=\"webdo.tn\" \/>\n<meta name=\"twitter:card\" content=\"summary_large_image\" \/>\n<meta name=\"twitter:creator\" content=\"@webdo_tn\" \/>\n<meta name=\"twitter:site\" content=\"@webdo_tn\" \/>\n<meta name=\"twitter:label1\" content=\"\u00c9crit par\" \/>\n\t<meta name=\"twitter:data1\" content=\"webdo.tn\" \/>\n\t<meta name=\"twitter:label2\" content=\"Dur\u00e9e de lecture estim\u00e9e\" \/>\n\t<meta name=\"twitter:data2\" content=\"1 minute\" \/>\n<script type=\"application\/ld+json\" class=\"yoast-schema-graph\">{\"@context\":\"https:\\\/\\\/schema.org\",\"@graph\":[{\"@type\":\"NewsArticle\",\"@id\":\"https:\\\/\\\/www.webdo.tn\\\/fr\\\/actualite\\\/international\\\/libye-principale-base-militaire-benghazi-tombe-aux-mains-islamistes\\\/184391\\\/#article\",\"isPartOf\":{\"@id\":\"https:\\\/\\\/www.webdo.tn\\\/fr\\\/actualite\\\/international\\\/libye-principale-base-militaire-benghazi-tombe-aux-mains-islamistes\\\/184391\\\/\"},\"author\":{\"name\":\"webdo.tn\",\"@id\":\"https:\\\/\\\/www.webdo.tn\\\/fr\\\/#\\\/schema\\\/person\\\/9a9c6118d687c117df8ef3cc36a4d175\"},\"headline\":\"Libye : la principale base militaire \u00e0 Benghazi tombe aux mains des islamistes\",\"datePublished\":\"2014-07-30T02:00:00+00:00\",\"dateModified\":\"2025-05-22T13:08:25+00:00\",\"mainEntityOfPage\":{\"@id\":\"https:\\\/\\\/www.webdo.tn\\\/fr\\\/actualite\\\/international\\\/libye-principale-base-militaire-benghazi-tombe-aux-mains-islamistes\\\/184391\\\/\"},\"wordCount\":297,\"commentCount\":0,\"publisher\":{\"@id\":\"https:\\\/\\\/www.webdo.tn\\\/fr\\\/#organization\"},\"image\":{\"@id\":\"https:\\\/\\\/www.webdo.tn\\\/fr\\\/actualite\\\/international\\\/libye-principale-base-militaire-benghazi-tombe-aux-mains-islamistes\\\/184391\\\/#primaryimage\"},\"thumbnailUrl\":\"https:\\\/\\\/www.webdo.tn\\\/fr\\\/wp-content\\\/uploads\\\/2014\\\/07\\\/carte-de-benghazi-libye.jpg\",\"articleSection\":[\"International\"],\"inLanguage\":\"fr-FR\"},{\"@type\":\"WebPage\",\"@id\":\"https:\\\/\\\/www.webdo.tn\\\/fr\\\/actualite\\\/international\\\/libye-principale-base-militaire-benghazi-tombe-aux-mains-islamistes\\\/184391\\\/\",\"url\":\"https:\\\/\\\/www.webdo.tn\\\/fr\\\/actualite\\\/international\\\/libye-principale-base-militaire-benghazi-tombe-aux-mains-islamistes\\\/184391\\\/\",\"name\":\"Libye : la principale base militaire \u00e0 Benghazi tombe aux mains des islamistes\",\"isPartOf\":{\"@id\":\"https:\\\/\\\/www.webdo.tn\\\/fr\\\/#website\"},\"primaryImageOfPage\":{\"@id\":\"https:\\\/\\\/www.webdo.tn\\\/fr\\\/actualite\\\/international\\\/libye-principale-base-militaire-benghazi-tombe-aux-mains-islamistes\\\/184391\\\/#primaryimage\"},\"image\":{\"@id\":\"https:\\\/\\\/www.webdo.tn\\\/fr\\\/actualite\\\/international\\\/libye-principale-base-militaire-benghazi-tombe-aux-mains-islamistes\\\/184391\\\/#primaryimage\"},\"thumbnailUrl\":\"https:\\\/\\\/www.webdo.tn\\\/fr\\\/wp-content\\\/uploads\\\/2014\\\/07\\\/carte-de-benghazi-libye.jpg\",\"datePublished\":\"2014-07-30T02:00:00+00:00\",\"dateModified\":\"2025-05-22T13:08:25+00:00\",\"description\":\"Libye : la principale base militaire \u00e0 Benghazi tombe aux mains des islamistes\",\"breadcrumb\":{\"@id\":\"https:\\\/\\\/www.webdo.tn\\\/fr\\\/actualite\\\/international\\\/libye-principale-base-militaire-benghazi-tombe-aux-mains-islamistes\\\/184391\\\/#breadcrumb\"},\"inLanguage\":\"fr-FR\",\"potentialAction\":[{\"@type\":\"ReadAction\",\"target\":[\"https:\\\/\\\/www.webdo.tn\\\/fr\\\/actualite\\\/international\\\/libye-principale-base-militaire-benghazi-tombe-aux-mains-islamistes\\\/184391\\\/\"]}]},{\"@type\":\"ImageObject\",\"inLanguage\":\"fr-FR\",\"@id\":\"https:\\\/\\\/www.webdo.tn\\\/fr\\\/actualite\\\/international\\\/libye-principale-base-militaire-benghazi-tombe-aux-mains-islamistes\\\/184391\\\/#primaryimage\",\"url\":\"https:\\\/\\\/www.webdo.tn\\\/fr\\\/wp-content\\\/uploads\\\/2014\\\/07\\\/carte-de-benghazi-libye.jpg\",\"contentUrl\":\"https:\\\/\\\/www.webdo.tn\\\/fr\\\/wp-content\\\/uploads\\\/2014\\\/07\\\/carte-de-benghazi-libye.jpg\",\"width\":465,\"height\":295,\"caption\":\"Libye : la principale base militaire \u00e0 Benghazi tombe aux mains des islamistes\"},{\"@type\":\"BreadcrumbList\",\"@id\":\"https:\\\/\\\/www.webdo.tn\\\/fr\\\/actualite\\\/international\\\/libye-principale-base-militaire-benghazi-tombe-aux-mains-islamistes\\\/184391\\\/#breadcrumb\",\"itemListElement\":[{\"@type\":\"ListItem\",\"position\":1,\"name\":\"Accueil\",\"item\":\"https:\\\/\\\/www.webdo.tn\\\/fr\\\/\"},{\"@type\":\"ListItem\",\"position\":2,\"name\":\"Libye : la principale base militaire \u00e0 Benghazi tombe aux mains des islamistes\"}]},{\"@type\":\"WebSite\",\"@id\":\"https:\\\/\\\/www.webdo.tn\\\/fr\\\/#website\",\"url\":\"https:\\\/\\\/www.webdo.tn\\\/fr\\\/\",\"name\":\"webdo\",\"description\":\"Tunisie - News en Tunisie et \u00e0 l&#039;international sur Webdo.tn\",\"publisher\":{\"@id\":\"https:\\\/\\\/www.webdo.tn\\\/fr\\\/#organization\"},\"potentialAction\":[{\"@type\":\"SearchAction\",\"target\":{\"@type\":\"EntryPoint\",\"urlTemplate\":\"https:\\\/\\\/www.webdo.tn\\\/fr\\\/?s={search_term_string}\"},\"query-input\":{\"@type\":\"PropertyValueSpecification\",\"valueRequired\":true,\"valueName\":\"search_term_string\"}}],\"inLanguage\":\"fr-FR\"},{\"@type\":\"Organization\",\"@id\":\"https:\\\/\\\/www.webdo.tn\\\/fr\\\/#organization\",\"name\":\"Webdo\",\"alternateName\":\"Webdo.tn\",\"url\":\"https:\\\/\\\/www.webdo.tn\\\/fr\\\/\",\"logo\":{\"@type\":\"ImageObject\",\"inLanguage\":\"fr-FR\",\"@id\":\"https:\\\/\\\/www.webdo.tn\\\/fr\\\/#\\\/schema\\\/logo\\\/image\\\/\",\"url\":\"https:\\\/\\\/www.webdo.tn\\\/fr\\\/wp-content\\\/uploads\\\/2025\\\/06\\\/Webdo-Tunisie_168377.jpg\",\"contentUrl\":\"https:\\\/\\\/www.webdo.tn\\\/fr\\\/wp-content\\\/uploads\\\/2025\\\/06\\\/Webdo-Tunisie_168377.jpg\",\"width\":301,\"height\":301,\"caption\":\"Webdo\"},\"image\":{\"@id\":\"https:\\\/\\\/www.webdo.tn\\\/fr\\\/#\\\/schema\\\/logo\\\/image\\\/\"},\"sameAs\":[\"https:\\\/\\\/www.facebook.com\\\/webdotn\",\"https:\\\/\\\/x.com\\\/webdo_tn\"],\"description\":\"Webdo est un m\u00e9dia num\u00e9rique tunisien fond\u00e9 en 2010, sp\u00e9cialis\u00e9 dans l\u2019actualit\u00e9 nationale et internationale, l\u2019\u00e9conomie, la soci\u00e9t\u00e9 et les analyses politiques. Le site s\u2019adresse \u00e0 un large public francophone et couvre l\u2019information tunisienne en temps r\u00e9el.\",\"email\":\"redac@webdo.tn\",\"legalName\":\"YNJ SARL\",\"foundingDate\":\"2010-09-06\",\"numberOfEmployees\":{\"@type\":\"QuantitativeValue\",\"minValue\":\"11\",\"maxValue\":\"50\"}},{\"@type\":\"Person\",\"@id\":\"https:\\\/\\\/www.webdo.tn\\\/fr\\\/#\\\/schema\\\/person\\\/9a9c6118d687c117df8ef3cc36a4d175\",\"name\":\"webdo.tn\",\"image\":{\"@type\":\"ImageObject\",\"inLanguage\":\"fr-FR\",\"@id\":\"https:\\\/\\\/secure.gravatar.com\\\/avatar\\\/7ce1f28c0c3bbac99ff550b85ef8e44a6950c6ee24514fb6a5489e51d06f0298?s=96&d=mm&r=g\",\"url\":\"https:\\\/\\\/secure.gravatar.com\\\/avatar\\\/7ce1f28c0c3bbac99ff550b85ef8e44a6950c6ee24514fb6a5489e51d06f0298?s=96&d=mm&r=g\",\"contentUrl\":\"https:\\\/\\\/secure.gravatar.com\\\/avatar\\\/7ce1f28c0c3bbac99ff550b85ef8e44a6950c6ee24514fb6a5489e51d06f0298?s=96&d=mm&r=g\",\"caption\":\"webdo.tn\"},\"url\":\"https:\\\/\\\/www.webdo.tn\\\/fr\\\/actualite\\\/author\\\/webdotn\\\/\"}]}<\/script>\n<!-- \/ Yoast SEO Premium plugin. -->","yoast_head_json":{"title":"Libye : la principale base militaire \u00e0 Benghazi tombe aux mains des islamistes","description":"Libye : la principale base militaire \u00e0 Benghazi tombe aux mains des islamistes","canonical":"https:\/\/www.webdo.tn\/fr\/actualite\/international\/libye-principale-base-militaire-benghazi-tombe-aux-mains-islamistes\/184391\/","og_locale":"fr_FR","og_type":"article","og_title":"Libye : la principale base militaire \u00e0 Benghazi tombe aux mains des islamistes","og_description":"Libye : la principale base militaire \u00e0 Benghazi tombe aux mains des islamistes","og_url":"https:\/\/www.webdo.tn\/fr\/actualite\/international\/libye-principale-base-militaire-benghazi-tombe-aux-mains-islamistes\/184391\/","og_site_name":"webdo","article_publisher":"https:\/\/www.facebook.com\/webdotn","article_published_time":"2014-07-30T02:00:00+00:00","article_modified_time":"2025-05-22T13:08:25+00:00","og_image":[{"width":465,"height":295,"url":"https:\/\/www.webdo.tn\/fr\/wp-content\/uploads\/2014\/07\/carte-de-benghazi-libye.jpg","type":"image\/jpeg"}],"author":"webdo.tn","twitter_card":"summary_large_image","twitter_creator":"@webdo_tn","twitter_site":"@webdo_tn","twitter_misc":{"\u00c9crit par":"webdo.tn","Dur\u00e9e de lecture estim\u00e9e":"1 minute"},"schema":{"@context":"https:\/\/schema.org","@graph":[{"@type":"NewsArticle","@id":"https:\/\/www.webdo.tn\/fr\/actualite\/international\/libye-principale-base-militaire-benghazi-tombe-aux-mains-islamistes\/184391\/#article","isPartOf":{"@id":"https:\/\/www.webdo.tn\/fr\/actualite\/international\/libye-principale-base-militaire-benghazi-tombe-aux-mains-islamistes\/184391\/"},"author":{"name":"webdo.tn","@id":"https:\/\/www.webdo.tn\/fr\/#\/schema\/person\/9a9c6118d687c117df8ef3cc36a4d175"},"headline":"Libye : la principale base militaire \u00e0 Benghazi tombe aux mains des islamistes","datePublished":"2014-07-30T02:00:00+00:00","dateModified":"2025-05-22T13:08:25+00:00","mainEntityOfPage":{"@id":"https:\/\/www.webdo.tn\/fr\/actualite\/international\/libye-principale-base-militaire-benghazi-tombe-aux-mains-islamistes\/184391\/"},"wordCount":297,"commentCount":0,"publisher":{"@id":"https:\/\/www.webdo.tn\/fr\/#organization"},"image":{"@id":"https:\/\/www.webdo.tn\/fr\/actualite\/international\/libye-principale-base-militaire-benghazi-tombe-aux-mains-islamistes\/184391\/#primaryimage"},"thumbnailUrl":"https:\/\/www.webdo.tn\/fr\/wp-content\/uploads\/2014\/07\/carte-de-benghazi-libye.jpg","articleSection":["International"],"inLanguage":"fr-FR"},{"@type":"WebPage","@id":"https:\/\/www.webdo.tn\/fr\/actualite\/international\/libye-principale-base-militaire-benghazi-tombe-aux-mains-islamistes\/184391\/","url":"https:\/\/www.webdo.tn\/fr\/actualite\/international\/libye-principale-base-militaire-benghazi-tombe-aux-mains-islamistes\/184391\/","name":"Libye : la principale base militaire \u00e0 Benghazi tombe aux mains des islamistes","isPartOf":{"@id":"https:\/\/www.webdo.tn\/fr\/#website"},"primaryImageOfPage":{"@id":"https:\/\/www.webdo.tn\/fr\/actualite\/international\/libye-principale-base-militaire-benghazi-tombe-aux-mains-islamistes\/184391\/#primaryimage"},"image":{"@id":"https:\/\/www.webdo.tn\/fr\/actualite\/international\/libye-principale-base-militaire-benghazi-tombe-aux-mains-islamistes\/184391\/#primaryimage"},"thumbnailUrl":"https:\/\/www.webdo.tn\/fr\/wp-content\/uploads\/2014\/07\/carte-de-benghazi-libye.jpg","datePublished":"2014-07-30T02:00:00+00:00","dateModified":"2025-05-22T13:08:25+00:00","description":"Libye : la principale base militaire \u00e0 Benghazi tombe aux mains des islamistes","breadcrumb":{"@id":"https:\/\/www.webdo.tn\/fr\/actualite\/international\/libye-principale-base-militaire-benghazi-tombe-aux-mains-islamistes\/184391\/#breadcrumb"},"inLanguage":"fr-FR","potentialAction":[{"@type":"ReadAction","target":["https:\/\/www.webdo.tn\/fr\/actualite\/international\/libye-principale-base-militaire-benghazi-tombe-aux-mains-islamistes\/184391\/"]}]},{"@type":"ImageObject","inLanguage":"fr-FR","@id":"https:\/\/www.webdo.tn\/fr\/actualite\/international\/libye-principale-base-militaire-benghazi-tombe-aux-mains-islamistes\/184391\/#primaryimage","url":"https:\/\/www.webdo.tn\/fr\/wp-content\/uploads\/2014\/07\/carte-de-benghazi-libye.jpg","contentUrl":"https:\/\/www.webdo.tn\/fr\/wp-content\/uploads\/2014\/07\/carte-de-benghazi-libye.jpg","width":465,"height":295,"caption":"Libye : la principale base militaire \u00e0 Benghazi tombe aux mains des islamistes"},{"@type":"BreadcrumbList","@id":"https:\/\/www.webdo.tn\/fr\/actualite\/international\/libye-principale-base-militaire-benghazi-tombe-aux-mains-islamistes\/184391\/#breadcrumb","itemListElement":[{"@type":"ListItem","position":1,"name":"Accueil","item":"https:\/\/www.webdo.tn\/fr\/"},{"@type":"ListItem","position":2,"name":"Libye : la principale base militaire \u00e0 Benghazi tombe aux mains des islamistes"}]},{"@type":"WebSite","@id":"https:\/\/www.webdo.tn\/fr\/#website","url":"https:\/\/www.webdo.tn\/fr\/","name":"webdo","description":"Tunisie - News en Tunisie et \u00e0 l&#039;international sur Webdo.tn","publisher":{"@id":"https:\/\/www.webdo.tn\/fr\/#organization"},"potentialAction":[{"@type":"SearchAction","target":{"@type":"EntryPoint","urlTemplate":"https:\/\/www.webdo.tn\/fr\/?s={search_term_string}"},"query-input":{"@type":"PropertyValueSpecification","valueRequired":true,"valueName":"search_term_string"}}],"inLanguage":"fr-FR"},{"@type":"Organization","@id":"https:\/\/www.webdo.tn\/fr\/#organization","name":"Webdo","alternateName":"Webdo.tn","url":"https:\/\/www.webdo.tn\/fr\/","logo":{"@type":"ImageObject","inLanguage":"fr-FR","@id":"https:\/\/www.webdo.tn\/fr\/#\/schema\/logo\/image\/","url":"https:\/\/www.webdo.tn\/fr\/wp-content\/uploads\/2025\/06\/Webdo-Tunisie_168377.jpg","contentUrl":"https:\/\/www.webdo.tn\/fr\/wp-content\/uploads\/2025\/06\/Webdo-Tunisie_168377.jpg","width":301,"height":301,"caption":"Webdo"},"image":{"@id":"https:\/\/www.webdo.tn\/fr\/#\/schema\/logo\/image\/"},"sameAs":["https:\/\/www.facebook.com\/webdotn","https:\/\/x.com\/webdo_tn"],"description":"Webdo est un m\u00e9dia num\u00e9rique tunisien fond\u00e9 en 2010, sp\u00e9cialis\u00e9 dans l\u2019actualit\u00e9 nationale et internationale, l\u2019\u00e9conomie, la soci\u00e9t\u00e9 et les analyses politiques. Le site s\u2019adresse \u00e0 un large public francophone et couvre l\u2019information tunisienne en temps r\u00e9el.","email":"redac@webdo.tn","legalName":"YNJ SARL","foundingDate":"2010-09-06","numberOfEmployees":{"@type":"QuantitativeValue","minValue":"11","maxValue":"50"}},{"@type":"Person","@id":"https:\/\/www.webdo.tn\/fr\/#\/schema\/person\/9a9c6118d687c117df8ef3cc36a4d175","name":"webdo.tn","image":{"@type":"ImageObject","inLanguage":"fr-FR","@id":"https:\/\/secure.gravatar.com\/avatar\/7ce1f28c0c3bbac99ff550b85ef8e44a6950c6ee24514fb6a5489e51d06f0298?s=96&d=mm&r=g","url":"https:\/\/secure.gravatar.com\/avatar\/7ce1f28c0c3bbac99ff550b85ef8e44a6950c6ee24514fb6a5489e51d06f0298?s=96&d=mm&r=g","contentUrl":"https:\/\/secure.gravatar.com\/avatar\/7ce1f28c0c3bbac99ff550b85ef8e44a6950c6ee24514fb6a5489e51d06f0298?s=96&d=mm&r=g","caption":"webdo.tn"},"url":"https:\/\/www.webdo.tn\/fr\/actualite\/author\/webdotn\/"}]}},"_links":{"self":[{"href":"https:\/\/www.webdo.tn\/fr\/wp-json\/wp\/v2\/posts\/184391","targetHints":{"allow":["GET"]}}],"collection":[{"href":"https:\/\/www.webdo.tn\/fr\/wp-json\/wp\/v2\/posts"}],"about":[{"href":"https:\/\/www.webdo.tn\/fr\/wp-json\/wp\/v2\/types\/post"}],"author":[{"embeddable":true,"href":"https:\/\/www.webdo.tn\/fr\/wp-json\/wp\/v2\/users\/3222"}],"replies":[{"embeddable":true,"href":"https:\/\/www.webdo.tn\/fr\/wp-json\/wp\/v2\/comments?post=184391"}],"version-history":[{"count":0,"href":"https:\/\/www.webdo.tn\/fr\/wp-json\/wp\/v2\/posts\/184391\/revisions"}],"wp:featuredmedia":[{"embeddable":true,"href":"https:\/\/www.webdo.tn\/fr\/wp-json\/wp\/v2\/media\/320821"}],"wp:attachment":[{"href":"https:\/\/www.webdo.tn\/fr\/wp-json\/wp\/v2\/media?parent=184391"}],"wp:term":[{"taxonomy":"category","embeddable":true,"href":"https:\/\/www.webdo.tn\/fr\/wp-json\/wp\/v2\/categories?post=184391"},{"taxonomy":"post_tag","embeddable":true,"href":"https:\/\/www.webdo.tn\/fr\/wp-json\/wp\/v2\/tags?post=184391"}],"curies":[{"name":"wp","href":"https:\/\/api.w.org\/{rel}","templated":true}]}}