{"id":184390,"date":"2014-07-30T12:05:00","date_gmt":"2014-07-30T10:05:00","guid":{"rendered":"https:\/\/www.webdo.tn\/fr\/actualite\/international\/mongi-hamdi-moment-situation-ras-jdir-nest-pas-mauvaise\/184390"},"modified":"2014-07-30T12:05:00","modified_gmt":"2014-07-30T10:05:00","slug":"mongi-hamdi-moment-situation-ras-jdir-nest-pas-mauvaise","status":"publish","type":"post","link":"https:\/\/www.webdo.tn\/fr\/actualite\/international\/mongi-hamdi-moment-situation-ras-jdir-nest-pas-mauvaise\/184390\/","title":{"rendered":"Mongi Hamdi : \u00ab Pour le moment la situation \u00e0 Ras Jdir n&rsquo;est pas mauvaise \u00bb"},"content":{"rendered":"<p>Les \u00e9v\u00e9nements critiques qui secouent actuellement la Libye provoquent la fuite de Libyens, de ressortissants tunisiens et \u00e9trangers vers la Tunisie. Afin d\u2019\u00e9chapper aux violences arm\u00e9es \u00e0 Tripoli, des milliers de r\u00e9fugi\u00e9s traversent le poste frontalier de Ras Jdir.<\/p>\n<p>Lors de la conf\u00e9rence de presse de ce mercredi 30 juillet, le ministre des Affaires \u00e9trang\u00e8res, Mongi Hamdi, a fait le point sur la situation.<\/p>\n<p>M. Hamdi a confirm\u00e9 l&rsquo;ouverture d&rsquo;\u00a0un bureau consulaire \u00e0 Ras Jedir afin de fournir des services aux Tunisiens qui reviennent de Libye.<\/p>\n<p>Le ministre \u00a0a \u00e9galement fait appel au Haut Commissariat des\u00a0Nations unies\u00a0pour les r\u00e9fugi\u00e9s\u00a0( HCR\u00a0) pour g\u00e9rer les\u00a0 flux de migrants venus de Libye.<\/p>\n<p>L&rsquo;organisation avait \u00a0g\u00e9r\u00e9 le camp de r\u00e9fugi\u00e9s de Choucha en 2011.<\/p>\n<p>\u00a0<\/p>\n<p>Par ailleurs, le ministre a affirm\u00e9 que l&rsquo;option de la fermeture du passage de Ras Jdir reste possible dans le\u00a0cas extr\u00eame de probl\u00e8mes s\u00e9curitaires. \u00abPour le moment la situation s\u00e9curitaire n&rsquo;est pas mauvaise, il n&rsquo;y a que quelques milliers, 5 000, 6 000 r\u00e9fugi\u00e9s&#8230; et nous agissons avec professionnalisme\u00bb, a-t-il d\u00e9clar\u00e9. \u00abElle le deviendra \u00a0lorsque le nombre atteindra les 50 000 ou les 100 000 \u00bb.<\/p>\n","protected":false},"excerpt":{"rendered":"<p>Les \u00e9v\u00e9nements critiques qui secouent actuellement la Libye provoquent la fuite de Libyens, de ressortissants tunisiens et \u00e9trangers vers la Tunisie. Af<\/p>\n","protected":false},"author":3222,"featured_media":373789,"comment_status":"open","ping_status":"open","sticky":false,"template":"","format":"standard","meta":{"footnotes":""},"categories":[2598],"tags":[],"class_list":["post-184390","post","type-post","status-publish","format-standard","has-post-thumbnail","hentry","category-international"],"yoast_head":"<!-- This site is optimized with the Yoast SEO Premium plugin v27.5 (Yoast SEO v27.5) - https:\/\/yoast.com\/product\/yoast-seo-premium-wordpress\/ -->\n<title>Mongi Hamdi : \u00ab Pour le moment la situation \u00e0 Ras Jdir n&#039;est pas mauvaise \u00bb<\/title>\n<meta name=\"description\" content=\"Mongi Hamdi : \u00ab Pour le moment la situation \u00e0 Ras Jdir n&#039;est pas mauvaise \u00bb\" \/>\n<link rel=\"canonical\" href=\"https:\/\/www.webdo.tn\/fr\/actualite\/international\/mongi-hamdi-moment-situation-ras-jdir-nest-pas-mauvaise\/184390\/\" \/>\n<meta property=\"og:locale\" content=\"fr_FR\" \/>\n<meta property=\"og:type\" content=\"article\" \/>\n<meta property=\"og:title\" content=\"Mongi Hamdi : \u00ab Pour le moment la situation \u00e0 Ras Jdir n&#039;est pas mauvaise \u00bb\" \/>\n<meta property=\"og:description\" content=\"Mongi Hamdi : \u00ab Pour le moment la situation \u00e0 Ras Jdir n&#039;est pas mauvaise \u00bb\" \/>\n<meta property=\"og:url\" content=\"https:\/\/www.webdo.tn\/fr\/actualite\/international\/mongi-hamdi-moment-situation-ras-jdir-nest-pas-mauvaise\/184390\/\" \/>\n<meta property=\"og:site_name\" content=\"webdo\" \/>\n<meta property=\"article:publisher\" content=\"https:\/\/www.facebook.com\/webdotn\" \/>\n<meta property=\"article:published_time\" content=\"2014-07-30T10:05:00+00:00\" \/>\n<meta name=\"author\" content=\"webdo.tn\" \/>\n<meta name=\"twitter:card\" content=\"summary_large_image\" \/>\n<meta name=\"twitter:creator\" content=\"@webdo_tn\" \/>\n<meta name=\"twitter:site\" content=\"@webdo_tn\" \/>\n<meta name=\"twitter:label1\" content=\"\u00c9crit par\" \/>\n\t<meta name=\"twitter:data1\" content=\"webdo.tn\" \/>\n\t<meta name=\"twitter:label2\" content=\"Dur\u00e9e de lecture estim\u00e9e\" \/>\n\t<meta name=\"twitter:data2\" content=\"1 minute\" \/>\n<script type=\"application\/ld+json\" class=\"yoast-schema-graph\">{\"@context\":\"https:\\\/\\\/schema.org\",\"@graph\":[{\"@type\":\"NewsArticle\",\"@id\":\"https:\\\/\\\/www.webdo.tn\\\/fr\\\/actualite\\\/international\\\/mongi-hamdi-moment-situation-ras-jdir-nest-pas-mauvaise\\\/184390\\\/#article\",\"isPartOf\":{\"@id\":\"https:\\\/\\\/www.webdo.tn\\\/fr\\\/actualite\\\/international\\\/mongi-hamdi-moment-situation-ras-jdir-nest-pas-mauvaise\\\/184390\\\/\"},\"author\":{\"name\":\"webdo.tn\",\"@id\":\"https:\\\/\\\/www.webdo.tn\\\/fr\\\/#\\\/schema\\\/person\\\/9a9c6118d687c117df8ef3cc36a4d175\"},\"headline\":\"Mongi Hamdi : \u00ab Pour le moment la situation \u00e0 Ras Jdir n&rsquo;est pas mauvaise \u00bb\",\"datePublished\":\"2014-07-30T10:05:00+00:00\",\"mainEntityOfPage\":{\"@id\":\"https:\\\/\\\/www.webdo.tn\\\/fr\\\/actualite\\\/international\\\/mongi-hamdi-moment-situation-ras-jdir-nest-pas-mauvaise\\\/184390\\\/\"},\"wordCount\":215,\"commentCount\":0,\"publisher\":{\"@id\":\"https:\\\/\\\/www.webdo.tn\\\/fr\\\/#organization\"},\"image\":{\"@id\":\"https:\\\/\\\/www.webdo.tn\\\/fr\\\/actualite\\\/international\\\/mongi-hamdi-moment-situation-ras-jdir-nest-pas-mauvaise\\\/184390\\\/#primaryimage\"},\"thumbnailUrl\":\"https:\\\/\\\/www.webdo.tn\\\/fr\\\/wp-content\\\/uploads\\\/2025\\\/06\\\/Mongi-Hamdi_184390.jpg\",\"articleSection\":[\"International\"],\"inLanguage\":\"fr-FR\"},{\"@type\":\"WebPage\",\"@id\":\"https:\\\/\\\/www.webdo.tn\\\/fr\\\/actualite\\\/international\\\/mongi-hamdi-moment-situation-ras-jdir-nest-pas-mauvaise\\\/184390\\\/\",\"url\":\"https:\\\/\\\/www.webdo.tn\\\/fr\\\/actualite\\\/international\\\/mongi-hamdi-moment-situation-ras-jdir-nest-pas-mauvaise\\\/184390\\\/\",\"name\":\"Mongi Hamdi : \u00ab Pour le moment la situation \u00e0 Ras Jdir n'est pas mauvaise \u00bb\",\"isPartOf\":{\"@id\":\"https:\\\/\\\/www.webdo.tn\\\/fr\\\/#website\"},\"primaryImageOfPage\":{\"@id\":\"https:\\\/\\\/www.webdo.tn\\\/fr\\\/actualite\\\/international\\\/mongi-hamdi-moment-situation-ras-jdir-nest-pas-mauvaise\\\/184390\\\/#primaryimage\"},\"image\":{\"@id\":\"https:\\\/\\\/www.webdo.tn\\\/fr\\\/actualite\\\/international\\\/mongi-hamdi-moment-situation-ras-jdir-nest-pas-mauvaise\\\/184390\\\/#primaryimage\"},\"thumbnailUrl\":\"https:\\\/\\\/www.webdo.tn\\\/fr\\\/wp-content\\\/uploads\\\/2025\\\/06\\\/Mongi-Hamdi_184390.jpg\",\"datePublished\":\"2014-07-30T10:05:00+00:00\",\"description\":\"Mongi Hamdi : \u00ab Pour le moment la situation \u00e0 Ras Jdir n'est pas mauvaise \u00bb\",\"breadcrumb\":{\"@id\":\"https:\\\/\\\/www.webdo.tn\\\/fr\\\/actualite\\\/international\\\/mongi-hamdi-moment-situation-ras-jdir-nest-pas-mauvaise\\\/184390\\\/#breadcrumb\"},\"inLanguage\":\"fr-FR\",\"potentialAction\":[{\"@type\":\"ReadAction\",\"target\":[\"https:\\\/\\\/www.webdo.tn\\\/fr\\\/actualite\\\/international\\\/mongi-hamdi-moment-situation-ras-jdir-nest-pas-mauvaise\\\/184390\\\/\"]}]},{\"@type\":\"ImageObject\",\"inLanguage\":\"fr-FR\",\"@id\":\"https:\\\/\\\/www.webdo.tn\\\/fr\\\/actualite\\\/international\\\/mongi-hamdi-moment-situation-ras-jdir-nest-pas-mauvaise\\\/184390\\\/#primaryimage\",\"url\":\"https:\\\/\\\/www.webdo.tn\\\/fr\\\/wp-content\\\/uploads\\\/2025\\\/06\\\/Mongi-Hamdi_184390.jpg\",\"contentUrl\":\"https:\\\/\\\/www.webdo.tn\\\/fr\\\/wp-content\\\/uploads\\\/2025\\\/06\\\/Mongi-Hamdi_184390.jpg\",\"width\":376,\"height\":472,\"caption\":\"Mongi Hamdi : \u00ab Pour le moment la situation \u00e0 Ras Jdir n'est pas mauvaise \u00bb\"},{\"@type\":\"BreadcrumbList\",\"@id\":\"https:\\\/\\\/www.webdo.tn\\\/fr\\\/actualite\\\/international\\\/mongi-hamdi-moment-situation-ras-jdir-nest-pas-mauvaise\\\/184390\\\/#breadcrumb\",\"itemListElement\":[{\"@type\":\"ListItem\",\"position\":1,\"name\":\"Accueil\",\"item\":\"https:\\\/\\\/www.webdo.tn\\\/fr\\\/\"},{\"@type\":\"ListItem\",\"position\":2,\"name\":\"Mongi Hamdi : \u00ab Pour le moment la situation \u00e0 Ras Jdir n&rsquo;est pas mauvaise \u00bb\"}]},{\"@type\":\"WebSite\",\"@id\":\"https:\\\/\\\/www.webdo.tn\\\/fr\\\/#website\",\"url\":\"https:\\\/\\\/www.webdo.tn\\\/fr\\\/\",\"name\":\"webdo\",\"description\":\"Tunisie - News en Tunisie et \u00e0 l&#039;international sur Webdo.tn\",\"publisher\":{\"@id\":\"https:\\\/\\\/www.webdo.tn\\\/fr\\\/#organization\"},\"potentialAction\":[{\"@type\":\"SearchAction\",\"target\":{\"@type\":\"EntryPoint\",\"urlTemplate\":\"https:\\\/\\\/www.webdo.tn\\\/fr\\\/?s={search_term_string}\"},\"query-input\":{\"@type\":\"PropertyValueSpecification\",\"valueRequired\":true,\"valueName\":\"search_term_string\"}}],\"inLanguage\":\"fr-FR\"},{\"@type\":\"Organization\",\"@id\":\"https:\\\/\\\/www.webdo.tn\\\/fr\\\/#organization\",\"name\":\"Webdo\",\"alternateName\":\"Webdo.tn\",\"url\":\"https:\\\/\\\/www.webdo.tn\\\/fr\\\/\",\"logo\":{\"@type\":\"ImageObject\",\"inLanguage\":\"fr-FR\",\"@id\":\"https:\\\/\\\/www.webdo.tn\\\/fr\\\/#\\\/schema\\\/logo\\\/image\\\/\",\"url\":\"https:\\\/\\\/www.webdo.tn\\\/fr\\\/wp-content\\\/uploads\\\/2025\\\/06\\\/Webdo-Tunisie_168377.jpg\",\"contentUrl\":\"https:\\\/\\\/www.webdo.tn\\\/fr\\\/wp-content\\\/uploads\\\/2025\\\/06\\\/Webdo-Tunisie_168377.jpg\",\"width\":301,\"height\":301,\"caption\":\"Webdo\"},\"image\":{\"@id\":\"https:\\\/\\\/www.webdo.tn\\\/fr\\\/#\\\/schema\\\/logo\\\/image\\\/\"},\"sameAs\":[\"https:\\\/\\\/www.facebook.com\\\/webdotn\",\"https:\\\/\\\/x.com\\\/webdo_tn\"],\"description\":\"Webdo est un m\u00e9dia num\u00e9rique tunisien fond\u00e9 en 2010, sp\u00e9cialis\u00e9 dans l\u2019actualit\u00e9 nationale et internationale, l\u2019\u00e9conomie, la soci\u00e9t\u00e9 et les analyses politiques. Le site s\u2019adresse \u00e0 un large public francophone et couvre l\u2019information tunisienne en temps r\u00e9el.\",\"email\":\"redac@webdo.tn\",\"legalName\":\"YNJ SARL\",\"foundingDate\":\"2010-09-06\",\"numberOfEmployees\":{\"@type\":\"QuantitativeValue\",\"minValue\":\"11\",\"maxValue\":\"50\"}},{\"@type\":\"Person\",\"@id\":\"https:\\\/\\\/www.webdo.tn\\\/fr\\\/#\\\/schema\\\/person\\\/9a9c6118d687c117df8ef3cc36a4d175\",\"name\":\"webdo.tn\",\"image\":{\"@type\":\"ImageObject\",\"inLanguage\":\"fr-FR\",\"@id\":\"https:\\\/\\\/secure.gravatar.com\\\/avatar\\\/7ce1f28c0c3bbac99ff550b85ef8e44a6950c6ee24514fb6a5489e51d06f0298?s=96&d=mm&r=g\",\"url\":\"https:\\\/\\\/secure.gravatar.com\\\/avatar\\\/7ce1f28c0c3bbac99ff550b85ef8e44a6950c6ee24514fb6a5489e51d06f0298?s=96&d=mm&r=g\",\"contentUrl\":\"https:\\\/\\\/secure.gravatar.com\\\/avatar\\\/7ce1f28c0c3bbac99ff550b85ef8e44a6950c6ee24514fb6a5489e51d06f0298?s=96&d=mm&r=g\",\"caption\":\"webdo.tn\"},\"url\":\"https:\\\/\\\/www.webdo.tn\\\/fr\\\/actualite\\\/author\\\/webdotn\\\/\"}]}<\/script>\n<!-- \/ Yoast SEO Premium plugin. -->","yoast_head_json":{"title":"Mongi Hamdi : \u00ab Pour le moment la situation \u00e0 Ras Jdir n'est pas mauvaise \u00bb","description":"Mongi Hamdi : \u00ab Pour le moment la situation \u00e0 Ras Jdir n'est pas mauvaise \u00bb","canonical":"https:\/\/www.webdo.tn\/fr\/actualite\/international\/mongi-hamdi-moment-situation-ras-jdir-nest-pas-mauvaise\/184390\/","og_locale":"fr_FR","og_type":"article","og_title":"Mongi Hamdi : \u00ab Pour le moment la situation \u00e0 Ras Jdir n'est pas mauvaise \u00bb","og_description":"Mongi Hamdi : \u00ab Pour le moment la situation \u00e0 Ras Jdir n'est pas mauvaise \u00bb","og_url":"https:\/\/www.webdo.tn\/fr\/actualite\/international\/mongi-hamdi-moment-situation-ras-jdir-nest-pas-mauvaise\/184390\/","og_site_name":"webdo","article_publisher":"https:\/\/www.facebook.com\/webdotn","article_published_time":"2014-07-30T10:05:00+00:00","author":"webdo.tn","twitter_card":"summary_large_image","twitter_creator":"@webdo_tn","twitter_site":"@webdo_tn","twitter_misc":{"\u00c9crit par":"webdo.tn","Dur\u00e9e de lecture estim\u00e9e":"1 minute"},"schema":{"@context":"https:\/\/schema.org","@graph":[{"@type":"NewsArticle","@id":"https:\/\/www.webdo.tn\/fr\/actualite\/international\/mongi-hamdi-moment-situation-ras-jdir-nest-pas-mauvaise\/184390\/#article","isPartOf":{"@id":"https:\/\/www.webdo.tn\/fr\/actualite\/international\/mongi-hamdi-moment-situation-ras-jdir-nest-pas-mauvaise\/184390\/"},"author":{"name":"webdo.tn","@id":"https:\/\/www.webdo.tn\/fr\/#\/schema\/person\/9a9c6118d687c117df8ef3cc36a4d175"},"headline":"Mongi Hamdi : \u00ab Pour le moment la situation \u00e0 Ras Jdir n&rsquo;est pas mauvaise \u00bb","datePublished":"2014-07-30T10:05:00+00:00","mainEntityOfPage":{"@id":"https:\/\/www.webdo.tn\/fr\/actualite\/international\/mongi-hamdi-moment-situation-ras-jdir-nest-pas-mauvaise\/184390\/"},"wordCount":215,"commentCount":0,"publisher":{"@id":"https:\/\/www.webdo.tn\/fr\/#organization"},"image":{"@id":"https:\/\/www.webdo.tn\/fr\/actualite\/international\/mongi-hamdi-moment-situation-ras-jdir-nest-pas-mauvaise\/184390\/#primaryimage"},"thumbnailUrl":"https:\/\/www.webdo.tn\/fr\/wp-content\/uploads\/2025\/06\/Mongi-Hamdi_184390.jpg","articleSection":["International"],"inLanguage":"fr-FR"},{"@type":"WebPage","@id":"https:\/\/www.webdo.tn\/fr\/actualite\/international\/mongi-hamdi-moment-situation-ras-jdir-nest-pas-mauvaise\/184390\/","url":"https:\/\/www.webdo.tn\/fr\/actualite\/international\/mongi-hamdi-moment-situation-ras-jdir-nest-pas-mauvaise\/184390\/","name":"Mongi Hamdi : \u00ab Pour le moment la situation \u00e0 Ras Jdir n'est pas mauvaise \u00bb","isPartOf":{"@id":"https:\/\/www.webdo.tn\/fr\/#website"},"primaryImageOfPage":{"@id":"https:\/\/www.webdo.tn\/fr\/actualite\/international\/mongi-hamdi-moment-situation-ras-jdir-nest-pas-mauvaise\/184390\/#primaryimage"},"image":{"@id":"https:\/\/www.webdo.tn\/fr\/actualite\/international\/mongi-hamdi-moment-situation-ras-jdir-nest-pas-mauvaise\/184390\/#primaryimage"},"thumbnailUrl":"https:\/\/www.webdo.tn\/fr\/wp-content\/uploads\/2025\/06\/Mongi-Hamdi_184390.jpg","datePublished":"2014-07-30T10:05:00+00:00","description":"Mongi Hamdi : \u00ab Pour le moment la situation \u00e0 Ras Jdir n'est pas mauvaise \u00bb","breadcrumb":{"@id":"https:\/\/www.webdo.tn\/fr\/actualite\/international\/mongi-hamdi-moment-situation-ras-jdir-nest-pas-mauvaise\/184390\/#breadcrumb"},"inLanguage":"fr-FR","potentialAction":[{"@type":"ReadAction","target":["https:\/\/www.webdo.tn\/fr\/actualite\/international\/mongi-hamdi-moment-situation-ras-jdir-nest-pas-mauvaise\/184390\/"]}]},{"@type":"ImageObject","inLanguage":"fr-FR","@id":"https:\/\/www.webdo.tn\/fr\/actualite\/international\/mongi-hamdi-moment-situation-ras-jdir-nest-pas-mauvaise\/184390\/#primaryimage","url":"https:\/\/www.webdo.tn\/fr\/wp-content\/uploads\/2025\/06\/Mongi-Hamdi_184390.jpg","contentUrl":"https:\/\/www.webdo.tn\/fr\/wp-content\/uploads\/2025\/06\/Mongi-Hamdi_184390.jpg","width":376,"height":472,"caption":"Mongi Hamdi : \u00ab Pour le moment la situation \u00e0 Ras Jdir n'est pas mauvaise \u00bb"},{"@type":"BreadcrumbList","@id":"https:\/\/www.webdo.tn\/fr\/actualite\/international\/mongi-hamdi-moment-situation-ras-jdir-nest-pas-mauvaise\/184390\/#breadcrumb","itemListElement":[{"@type":"ListItem","position":1,"name":"Accueil","item":"https:\/\/www.webdo.tn\/fr\/"},{"@type":"ListItem","position":2,"name":"Mongi Hamdi : \u00ab Pour le moment la situation \u00e0 Ras Jdir n&rsquo;est pas mauvaise \u00bb"}]},{"@type":"WebSite","@id":"https:\/\/www.webdo.tn\/fr\/#website","url":"https:\/\/www.webdo.tn\/fr\/","name":"webdo","description":"Tunisie - News en Tunisie et \u00e0 l&#039;international sur Webdo.tn","publisher":{"@id":"https:\/\/www.webdo.tn\/fr\/#organization"},"potentialAction":[{"@type":"SearchAction","target":{"@type":"EntryPoint","urlTemplate":"https:\/\/www.webdo.tn\/fr\/?s={search_term_string}"},"query-input":{"@type":"PropertyValueSpecification","valueRequired":true,"valueName":"search_term_string"}}],"inLanguage":"fr-FR"},{"@type":"Organization","@id":"https:\/\/www.webdo.tn\/fr\/#organization","name":"Webdo","alternateName":"Webdo.tn","url":"https:\/\/www.webdo.tn\/fr\/","logo":{"@type":"ImageObject","inLanguage":"fr-FR","@id":"https:\/\/www.webdo.tn\/fr\/#\/schema\/logo\/image\/","url":"https:\/\/www.webdo.tn\/fr\/wp-content\/uploads\/2025\/06\/Webdo-Tunisie_168377.jpg","contentUrl":"https:\/\/www.webdo.tn\/fr\/wp-content\/uploads\/2025\/06\/Webdo-Tunisie_168377.jpg","width":301,"height":301,"caption":"Webdo"},"image":{"@id":"https:\/\/www.webdo.tn\/fr\/#\/schema\/logo\/image\/"},"sameAs":["https:\/\/www.facebook.com\/webdotn","https:\/\/x.com\/webdo_tn"],"description":"Webdo est un m\u00e9dia num\u00e9rique tunisien fond\u00e9 en 2010, sp\u00e9cialis\u00e9 dans l\u2019actualit\u00e9 nationale et internationale, l\u2019\u00e9conomie, la soci\u00e9t\u00e9 et les analyses politiques. Le site s\u2019adresse \u00e0 un large public francophone et couvre l\u2019information tunisienne en temps r\u00e9el.","email":"redac@webdo.tn","legalName":"YNJ SARL","foundingDate":"2010-09-06","numberOfEmployees":{"@type":"QuantitativeValue","minValue":"11","maxValue":"50"}},{"@type":"Person","@id":"https:\/\/www.webdo.tn\/fr\/#\/schema\/person\/9a9c6118d687c117df8ef3cc36a4d175","name":"webdo.tn","image":{"@type":"ImageObject","inLanguage":"fr-FR","@id":"https:\/\/secure.gravatar.com\/avatar\/7ce1f28c0c3bbac99ff550b85ef8e44a6950c6ee24514fb6a5489e51d06f0298?s=96&d=mm&r=g","url":"https:\/\/secure.gravatar.com\/avatar\/7ce1f28c0c3bbac99ff550b85ef8e44a6950c6ee24514fb6a5489e51d06f0298?s=96&d=mm&r=g","contentUrl":"https:\/\/secure.gravatar.com\/avatar\/7ce1f28c0c3bbac99ff550b85ef8e44a6950c6ee24514fb6a5489e51d06f0298?s=96&d=mm&r=g","caption":"webdo.tn"},"url":"https:\/\/www.webdo.tn\/fr\/actualite\/author\/webdotn\/"}]}},"_links":{"self":[{"href":"https:\/\/www.webdo.tn\/fr\/wp-json\/wp\/v2\/posts\/184390","targetHints":{"allow":["GET"]}}],"collection":[{"href":"https:\/\/www.webdo.tn\/fr\/wp-json\/wp\/v2\/posts"}],"about":[{"href":"https:\/\/www.webdo.tn\/fr\/wp-json\/wp\/v2\/types\/post"}],"author":[{"embeddable":true,"href":"https:\/\/www.webdo.tn\/fr\/wp-json\/wp\/v2\/users\/3222"}],"replies":[{"embeddable":true,"href":"https:\/\/www.webdo.tn\/fr\/wp-json\/wp\/v2\/comments?post=184390"}],"version-history":[{"count":0,"href":"https:\/\/www.webdo.tn\/fr\/wp-json\/wp\/v2\/posts\/184390\/revisions"}],"wp:featuredmedia":[{"embeddable":true,"href":"https:\/\/www.webdo.tn\/fr\/wp-json\/wp\/v2\/media\/373789"}],"wp:attachment":[{"href":"https:\/\/www.webdo.tn\/fr\/wp-json\/wp\/v2\/media?parent=184390"}],"wp:term":[{"taxonomy":"category","embeddable":true,"href":"https:\/\/www.webdo.tn\/fr\/wp-json\/wp\/v2\/categories?post=184390"},{"taxonomy":"post_tag","embeddable":true,"href":"https:\/\/www.webdo.tn\/fr\/wp-json\/wp\/v2\/tags?post=184390"}],"curies":[{"name":"wp","href":"https:\/\/api.w.org\/{rel}","templated":true}]}}