{"id":184389,"date":"2014-07-30T13:33:00","date_gmt":"2014-07-30T11:33:00","guid":{"rendered":"https:\/\/www.webdo.tn\/fr\/actualite\/international\/gaza-treve-humanitaire-4-heures\/184389"},"modified":"2025-06-04T18:19:16","modified_gmt":"2025-06-04T18:19:16","slug":"gaza-treve-humanitaire-4-heures","status":"publish","type":"post","link":"https:\/\/www.webdo.tn\/fr\/actualite\/international\/gaza-treve-humanitaire-4-heures\/184389\/","title":{"rendered":"Gaza : Sixi\u00e8me bombardement pr\u00e8s d&rsquo;une \u00e9cole de l&rsquo;ONU puis tr\u00eave de 4 heures !"},"content":{"rendered":"<p>\u00abAu moins 16 Palestiniens qui s&rsquo;\u00e9taient r\u00e9fugi\u00e9s dans une \u00e9cole de l&rsquo;ONU ont \u00e9t\u00e9 tu\u00e9s ce mercredi 30 juillet \u00e0 l&rsquo;aube par des bombardements isra\u00e9liens dans le nord de la bande de Gaza, selon un bilan revu \u00e0 la baisse par les services de secours\u00bb rapporte AFP. Apr\u00e8s ces bombardement, l&rsquo;arm\u00e9e isra\u00e9lienne a annonc\u00e9 une tr\u00eave humanitaire qui devrait commencer \u00e0 13h, heure tunisienne (12h GMT), selon\u00a0le quotidien isra\u00e9lien Haaretz sur son site. La tr\u00eave devrait durer quatre heures.La tr\u00eave survient en plein carnage alors que 1296 Palestiniens ont \u00e9t\u00e9 tu\u00e9s et 7200 bless\u00e9s dans les raids isra\u00e9liens lanc\u00e9s depuis le 8 juillet contre la bande de Gaza.<\/p>\n<p>Ce mercredi 30 juillet, 67 personnes ont \u00e9t\u00e9 tu\u00e9es dont 16 dans le camp de r\u00e9fugi\u00e9s de Jabaliya, quand deux obus de char ont frapp\u00e9 de plein fouet deux salles de classe d&rsquo;une \u00e9cole de l&rsquo;ONU o\u00f9 s&rsquo;\u00e9taient r\u00e9fugi\u00e9s des habitants chass\u00e9s de chez eux par les combats, selon l\u2019AFP.<\/p>\n<p>C&rsquo;est la sixi\u00e8me fois qu&rsquo;une \u00e9cole de l&rsquo;ONU est atteinte par les bombardements. \u00a0Cette fois-ci, il y avait\u00a0\u00a03300 personnes qui y avaient trouv\u00e9 refuge.<\/p>\n<p>L&rsquo;Agence de l&rsquo;ONU pour l&rsquo;Aide aux r\u00e9fugi\u00e9s palestiniens (UNWRA) a d\u2019ailleurs accus\u00e9 l&rsquo;arm\u00e9e isra\u00e9lienne de grave violation du droit international, apr\u00e8s ce raid et a appel\u00e9 dans un communiqu\u00e9 la communaut\u00e9 internationale \u00e0 agir rapidement pour mettre un terme imm\u00e9diat au carnage en cours.<\/p>\n<p>L\u2019UNWRA d\u00e9nonce un carnage<\/p>\n<p>\u00abJe condamne dans les termes les plus fermes possibles cette grave violation du droit international par les forces isra\u00e9liennes\u00bb, a d\u00e9clar\u00e9 Pierre Kr\u00e4henb\u00fchl, chef de l&rsquo;UNWRA.<\/p>\n<p>\u00abLa nuit derni\u00e8re, des enfants ont \u00e9t\u00e9 tu\u00e9s alors qu&rsquo;ils dormaient \u00e0 c\u00f4t\u00e9 de leurs parents sur le sol d&rsquo;une salle de classe, dans un refuge d\u00e9sign\u00e9 comme tel \u00e0 Gaza. C&rsquo;est un affront pour chacun d&rsquo;entre nous, une source de honte internationale\u00bb, a-t-il d\u00e9plor\u00e9.<\/p>\n<p>\u00abNos employ\u00e9s, ces gens qui m\u00e8nent l&rsquo;action humanitaire sont tu\u00e9s. Nos refuges sont surpeupl\u00e9s [&#8230;]\u00a0Nous ne sommes plus uniquement dans le domaine de l&rsquo;action humanitaire. Nous sommes arriv\u00e9s au point o\u00f9 il faut que des comptes soient rendus\u00bb, a r\u00e9clam\u00e9 Pierre Kr\u00e4henb\u00fchl.<\/p>\n<p>\u00a0<\/p>\n<p>Communiqu\u00e9 en int\u00e9gralit\u00e9 de l&rsquo;UNWRA<\/p>\n<p>\/\/ <\/p>\n<p>Post by UNRWA.<\/p>\n<p>\u00a0<\/p>\n<p>Septi\u00e8me bombardement \u00e0 10h50 heure locale<\/p>\n<p>MAJ 3 ao\u00fbt :\u00a0<\/p>\n<p>L&rsquo;arm\u00e9e isra\u00e9lienne a bombard\u00e9 ce dimanche 3 ao\u00fbt, pour la 7\u00e9me fois, les environs d&rsquo;une \u00e9cole de l&rsquo;ONU. L&rsquo;\u00e9cole de l&rsquo;UNRWA \u00e0 Rafah abrite pr\u00e8s de 3000 personnes d\u00e9plac\u00e9es. Les premiers rapports font \u00e9tat de multiples d\u00e9c\u00e8s et bless\u00e9s d&rsquo;apr\u00e8s le porte-parole de l&rsquo;organisation.<br \/>\nShelling incident in vicinity of UNRWA school in Rafah sheltering almost 3,000 IDP. Initial reports say multimple deaths and injury<\/p>\n<p>\u2014 Chris Gunness (@ChrisGunness) 3 Ao\u00fbt 2014<\/p>\n","protected":false},"excerpt":{"rendered":"<p>Gaza : Sixi\u00e8me bombardement pr\u00e8s d&rsquo;une \u00e9cole de l&rsquo;ONU puis tr\u00eave de 4 heures !<\/p>\n","protected":false},"author":3222,"featured_media":374997,"comment_status":"open","ping_status":"open","sticky":false,"template":"","format":"standard","meta":{"footnotes":""},"categories":[2598],"tags":[],"class_list":["post-184389","post","type-post","status-publish","format-standard","has-post-thumbnail","hentry","category-international"],"yoast_head":"<!-- This site is optimized with the Yoast SEO Premium plugin v27.5 (Yoast SEO v27.5) - https:\/\/yoast.com\/product\/yoast-seo-premium-wordpress\/ -->\n<title>Gaza : Sixi\u00e8me bombardement pr\u00e8s d&#039;une \u00e9cole de l&#039;ONU puis tr\u00eave de 4 heures !<\/title>\n<meta name=\"description\" content=\"Gaza : Sixi\u00e8me bombardement pr\u00e8s d&#039;une \u00e9cole de l&#039;ONU puis tr\u00eave de 4 heures !\" \/>\n<link rel=\"canonical\" href=\"https:\/\/www.webdo.tn\/fr\/actualite\/international\/gaza-treve-humanitaire-4-heures\/184389\/\" \/>\n<meta property=\"og:locale\" content=\"fr_FR\" \/>\n<meta property=\"og:type\" content=\"article\" \/>\n<meta property=\"og:title\" content=\"Gaza : Sixi\u00e8me bombardement pr\u00e8s d&#039;une \u00e9cole de l&#039;ONU puis tr\u00eave de 4 heures !\" \/>\n<meta property=\"og:description\" content=\"Gaza : Sixi\u00e8me bombardement pr\u00e8s d&#039;une \u00e9cole de l&#039;ONU puis tr\u00eave de 4 heures !\" \/>\n<meta property=\"og:url\" content=\"https:\/\/www.webdo.tn\/fr\/actualite\/international\/gaza-treve-humanitaire-4-heures\/184389\/\" \/>\n<meta property=\"og:site_name\" content=\"webdo\" \/>\n<meta property=\"article:publisher\" content=\"https:\/\/www.facebook.com\/webdotn\" \/>\n<meta property=\"article:published_time\" content=\"2014-07-30T11:33:00+00:00\" \/>\n<meta property=\"article:modified_time\" content=\"2025-06-04T18:19:16+00:00\" \/>\n<meta name=\"author\" content=\"webdo.tn\" \/>\n<meta name=\"twitter:card\" content=\"summary_large_image\" \/>\n<meta name=\"twitter:creator\" content=\"@webdo_tn\" \/>\n<meta name=\"twitter:site\" content=\"@webdo_tn\" \/>\n<meta name=\"twitter:label1\" content=\"\u00c9crit par\" \/>\n\t<meta name=\"twitter:data1\" content=\"webdo.tn\" \/>\n\t<meta name=\"twitter:label2\" content=\"Dur\u00e9e de lecture estim\u00e9e\" \/>\n\t<meta name=\"twitter:data2\" content=\"2 minutes\" \/>\n<script type=\"application\/ld+json\" class=\"yoast-schema-graph\">{\"@context\":\"https:\\\/\\\/schema.org\",\"@graph\":[{\"@type\":\"NewsArticle\",\"@id\":\"https:\\\/\\\/www.webdo.tn\\\/fr\\\/actualite\\\/international\\\/gaza-treve-humanitaire-4-heures\\\/184389\\\/#article\",\"isPartOf\":{\"@id\":\"https:\\\/\\\/www.webdo.tn\\\/fr\\\/actualite\\\/international\\\/gaza-treve-humanitaire-4-heures\\\/184389\\\/\"},\"author\":{\"name\":\"webdo.tn\",\"@id\":\"https:\\\/\\\/www.webdo.tn\\\/fr\\\/#\\\/schema\\\/person\\\/9a9c6118d687c117df8ef3cc36a4d175\"},\"headline\":\"Gaza : Sixi\u00e8me bombardement pr\u00e8s d&rsquo;une \u00e9cole de l&rsquo;ONU puis tr\u00eave de 4 heures !\",\"datePublished\":\"2014-07-30T11:33:00+00:00\",\"dateModified\":\"2025-06-04T18:19:16+00:00\",\"mainEntityOfPage\":{\"@id\":\"https:\\\/\\\/www.webdo.tn\\\/fr\\\/actualite\\\/international\\\/gaza-treve-humanitaire-4-heures\\\/184389\\\/\"},\"wordCount\":519,\"commentCount\":0,\"publisher\":{\"@id\":\"https:\\\/\\\/www.webdo.tn\\\/fr\\\/#organization\"},\"image\":{\"@id\":\"https:\\\/\\\/www.webdo.tn\\\/fr\\\/actualite\\\/international\\\/gaza-treve-humanitaire-4-heures\\\/184389\\\/#primaryimage\"},\"thumbnailUrl\":\"https:\\\/\\\/www.webdo.tn\\\/fr\\\/wp-content\\\/uploads\\\/2025\\\/06\\\/UNRWA-enfants_184389.jpg\",\"articleSection\":[\"International\"],\"inLanguage\":\"fr-FR\"},{\"@type\":\"WebPage\",\"@id\":\"https:\\\/\\\/www.webdo.tn\\\/fr\\\/actualite\\\/international\\\/gaza-treve-humanitaire-4-heures\\\/184389\\\/\",\"url\":\"https:\\\/\\\/www.webdo.tn\\\/fr\\\/actualite\\\/international\\\/gaza-treve-humanitaire-4-heures\\\/184389\\\/\",\"name\":\"Gaza : Sixi\u00e8me bombardement pr\u00e8s d'une \u00e9cole de l'ONU puis tr\u00eave de 4 heures !\",\"isPartOf\":{\"@id\":\"https:\\\/\\\/www.webdo.tn\\\/fr\\\/#website\"},\"primaryImageOfPage\":{\"@id\":\"https:\\\/\\\/www.webdo.tn\\\/fr\\\/actualite\\\/international\\\/gaza-treve-humanitaire-4-heures\\\/184389\\\/#primaryimage\"},\"image\":{\"@id\":\"https:\\\/\\\/www.webdo.tn\\\/fr\\\/actualite\\\/international\\\/gaza-treve-humanitaire-4-heures\\\/184389\\\/#primaryimage\"},\"thumbnailUrl\":\"https:\\\/\\\/www.webdo.tn\\\/fr\\\/wp-content\\\/uploads\\\/2025\\\/06\\\/UNRWA-enfants_184389.jpg\",\"datePublished\":\"2014-07-30T11:33:00+00:00\",\"dateModified\":\"2025-06-04T18:19:16+00:00\",\"description\":\"Gaza : Sixi\u00e8me bombardement pr\u00e8s d'une \u00e9cole de l'ONU puis tr\u00eave de 4 heures !\",\"breadcrumb\":{\"@id\":\"https:\\\/\\\/www.webdo.tn\\\/fr\\\/actualite\\\/international\\\/gaza-treve-humanitaire-4-heures\\\/184389\\\/#breadcrumb\"},\"inLanguage\":\"fr-FR\",\"potentialAction\":[{\"@type\":\"ReadAction\",\"target\":[\"https:\\\/\\\/www.webdo.tn\\\/fr\\\/actualite\\\/international\\\/gaza-treve-humanitaire-4-heures\\\/184389\\\/\"]}]},{\"@type\":\"ImageObject\",\"inLanguage\":\"fr-FR\",\"@id\":\"https:\\\/\\\/www.webdo.tn\\\/fr\\\/actualite\\\/international\\\/gaza-treve-humanitaire-4-heures\\\/184389\\\/#primaryimage\",\"url\":\"https:\\\/\\\/www.webdo.tn\\\/fr\\\/wp-content\\\/uploads\\\/2025\\\/06\\\/UNRWA-enfants_184389.jpg\",\"contentUrl\":\"https:\\\/\\\/www.webdo.tn\\\/fr\\\/wp-content\\\/uploads\\\/2025\\\/06\\\/UNRWA-enfants_184389.jpg\",\"width\":480,\"height\":480,\"caption\":\"Gaza : Sixi\u00e8me bombardement pr\u00e8s d'une \u00e9cole de l'ONU puis tr\u00eave de 4 heures !\"},{\"@type\":\"BreadcrumbList\",\"@id\":\"https:\\\/\\\/www.webdo.tn\\\/fr\\\/actualite\\\/international\\\/gaza-treve-humanitaire-4-heures\\\/184389\\\/#breadcrumb\",\"itemListElement\":[{\"@type\":\"ListItem\",\"position\":1,\"name\":\"Accueil\",\"item\":\"https:\\\/\\\/www.webdo.tn\\\/fr\\\/\"},{\"@type\":\"ListItem\",\"position\":2,\"name\":\"Gaza : Sixi\u00e8me bombardement pr\u00e8s d&rsquo;une \u00e9cole de l&rsquo;ONU puis tr\u00eave de 4 heures !\"}]},{\"@type\":\"WebSite\",\"@id\":\"https:\\\/\\\/www.webdo.tn\\\/fr\\\/#website\",\"url\":\"https:\\\/\\\/www.webdo.tn\\\/fr\\\/\",\"name\":\"webdo\",\"description\":\"Tunisie - News en Tunisie et \u00e0 l&#039;international sur Webdo.tn\",\"publisher\":{\"@id\":\"https:\\\/\\\/www.webdo.tn\\\/fr\\\/#organization\"},\"potentialAction\":[{\"@type\":\"SearchAction\",\"target\":{\"@type\":\"EntryPoint\",\"urlTemplate\":\"https:\\\/\\\/www.webdo.tn\\\/fr\\\/?s={search_term_string}\"},\"query-input\":{\"@type\":\"PropertyValueSpecification\",\"valueRequired\":true,\"valueName\":\"search_term_string\"}}],\"inLanguage\":\"fr-FR\"},{\"@type\":\"Organization\",\"@id\":\"https:\\\/\\\/www.webdo.tn\\\/fr\\\/#organization\",\"name\":\"Webdo\",\"alternateName\":\"Webdo.tn\",\"url\":\"https:\\\/\\\/www.webdo.tn\\\/fr\\\/\",\"logo\":{\"@type\":\"ImageObject\",\"inLanguage\":\"fr-FR\",\"@id\":\"https:\\\/\\\/www.webdo.tn\\\/fr\\\/#\\\/schema\\\/logo\\\/image\\\/\",\"url\":\"https:\\\/\\\/www.webdo.tn\\\/fr\\\/wp-content\\\/uploads\\\/2025\\\/06\\\/Webdo-Tunisie_168377.jpg\",\"contentUrl\":\"https:\\\/\\\/www.webdo.tn\\\/fr\\\/wp-content\\\/uploads\\\/2025\\\/06\\\/Webdo-Tunisie_168377.jpg\",\"width\":301,\"height\":301,\"caption\":\"Webdo\"},\"image\":{\"@id\":\"https:\\\/\\\/www.webdo.tn\\\/fr\\\/#\\\/schema\\\/logo\\\/image\\\/\"},\"sameAs\":[\"https:\\\/\\\/www.facebook.com\\\/webdotn\",\"https:\\\/\\\/x.com\\\/webdo_tn\"],\"description\":\"Webdo est un m\u00e9dia num\u00e9rique tunisien fond\u00e9 en 2010, sp\u00e9cialis\u00e9 dans l\u2019actualit\u00e9 nationale et internationale, l\u2019\u00e9conomie, la soci\u00e9t\u00e9 et les analyses politiques. Le site s\u2019adresse \u00e0 un large public francophone et couvre l\u2019information tunisienne en temps r\u00e9el.\",\"email\":\"redac@webdo.tn\",\"legalName\":\"YNJ SARL\",\"foundingDate\":\"2010-09-06\",\"numberOfEmployees\":{\"@type\":\"QuantitativeValue\",\"minValue\":\"11\",\"maxValue\":\"50\"}},{\"@type\":\"Person\",\"@id\":\"https:\\\/\\\/www.webdo.tn\\\/fr\\\/#\\\/schema\\\/person\\\/9a9c6118d687c117df8ef3cc36a4d175\",\"name\":\"webdo.tn\",\"image\":{\"@type\":\"ImageObject\",\"inLanguage\":\"fr-FR\",\"@id\":\"https:\\\/\\\/secure.gravatar.com\\\/avatar\\\/7ce1f28c0c3bbac99ff550b85ef8e44a6950c6ee24514fb6a5489e51d06f0298?s=96&d=mm&r=g\",\"url\":\"https:\\\/\\\/secure.gravatar.com\\\/avatar\\\/7ce1f28c0c3bbac99ff550b85ef8e44a6950c6ee24514fb6a5489e51d06f0298?s=96&d=mm&r=g\",\"contentUrl\":\"https:\\\/\\\/secure.gravatar.com\\\/avatar\\\/7ce1f28c0c3bbac99ff550b85ef8e44a6950c6ee24514fb6a5489e51d06f0298?s=96&d=mm&r=g\",\"caption\":\"webdo.tn\"},\"url\":\"https:\\\/\\\/www.webdo.tn\\\/fr\\\/actualite\\\/author\\\/webdotn\\\/\"}]}<\/script>\n<!-- \/ Yoast SEO Premium plugin. -->","yoast_head_json":{"title":"Gaza : Sixi\u00e8me bombardement pr\u00e8s d'une \u00e9cole de l'ONU puis tr\u00eave de 4 heures !","description":"Gaza : Sixi\u00e8me bombardement pr\u00e8s d'une \u00e9cole de l'ONU puis tr\u00eave de 4 heures !","canonical":"https:\/\/www.webdo.tn\/fr\/actualite\/international\/gaza-treve-humanitaire-4-heures\/184389\/","og_locale":"fr_FR","og_type":"article","og_title":"Gaza : Sixi\u00e8me bombardement pr\u00e8s d'une \u00e9cole de l'ONU puis tr\u00eave de 4 heures !","og_description":"Gaza : Sixi\u00e8me bombardement pr\u00e8s d'une \u00e9cole de l'ONU puis tr\u00eave de 4 heures !","og_url":"https:\/\/www.webdo.tn\/fr\/actualite\/international\/gaza-treve-humanitaire-4-heures\/184389\/","og_site_name":"webdo","article_publisher":"https:\/\/www.facebook.com\/webdotn","article_published_time":"2014-07-30T11:33:00+00:00","article_modified_time":"2025-06-04T18:19:16+00:00","author":"webdo.tn","twitter_card":"summary_large_image","twitter_creator":"@webdo_tn","twitter_site":"@webdo_tn","twitter_misc":{"\u00c9crit par":"webdo.tn","Dur\u00e9e de lecture estim\u00e9e":"2 minutes"},"schema":{"@context":"https:\/\/schema.org","@graph":[{"@type":"NewsArticle","@id":"https:\/\/www.webdo.tn\/fr\/actualite\/international\/gaza-treve-humanitaire-4-heures\/184389\/#article","isPartOf":{"@id":"https:\/\/www.webdo.tn\/fr\/actualite\/international\/gaza-treve-humanitaire-4-heures\/184389\/"},"author":{"name":"webdo.tn","@id":"https:\/\/www.webdo.tn\/fr\/#\/schema\/person\/9a9c6118d687c117df8ef3cc36a4d175"},"headline":"Gaza : Sixi\u00e8me bombardement pr\u00e8s d&rsquo;une \u00e9cole de l&rsquo;ONU puis tr\u00eave de 4 heures !","datePublished":"2014-07-30T11:33:00+00:00","dateModified":"2025-06-04T18:19:16+00:00","mainEntityOfPage":{"@id":"https:\/\/www.webdo.tn\/fr\/actualite\/international\/gaza-treve-humanitaire-4-heures\/184389\/"},"wordCount":519,"commentCount":0,"publisher":{"@id":"https:\/\/www.webdo.tn\/fr\/#organization"},"image":{"@id":"https:\/\/www.webdo.tn\/fr\/actualite\/international\/gaza-treve-humanitaire-4-heures\/184389\/#primaryimage"},"thumbnailUrl":"https:\/\/www.webdo.tn\/fr\/wp-content\/uploads\/2025\/06\/UNRWA-enfants_184389.jpg","articleSection":["International"],"inLanguage":"fr-FR"},{"@type":"WebPage","@id":"https:\/\/www.webdo.tn\/fr\/actualite\/international\/gaza-treve-humanitaire-4-heures\/184389\/","url":"https:\/\/www.webdo.tn\/fr\/actualite\/international\/gaza-treve-humanitaire-4-heures\/184389\/","name":"Gaza : Sixi\u00e8me bombardement pr\u00e8s d'une \u00e9cole de l'ONU puis tr\u00eave de 4 heures !","isPartOf":{"@id":"https:\/\/www.webdo.tn\/fr\/#website"},"primaryImageOfPage":{"@id":"https:\/\/www.webdo.tn\/fr\/actualite\/international\/gaza-treve-humanitaire-4-heures\/184389\/#primaryimage"},"image":{"@id":"https:\/\/www.webdo.tn\/fr\/actualite\/international\/gaza-treve-humanitaire-4-heures\/184389\/#primaryimage"},"thumbnailUrl":"https:\/\/www.webdo.tn\/fr\/wp-content\/uploads\/2025\/06\/UNRWA-enfants_184389.jpg","datePublished":"2014-07-30T11:33:00+00:00","dateModified":"2025-06-04T18:19:16+00:00","description":"Gaza : Sixi\u00e8me bombardement pr\u00e8s d'une \u00e9cole de l'ONU puis tr\u00eave de 4 heures !","breadcrumb":{"@id":"https:\/\/www.webdo.tn\/fr\/actualite\/international\/gaza-treve-humanitaire-4-heures\/184389\/#breadcrumb"},"inLanguage":"fr-FR","potentialAction":[{"@type":"ReadAction","target":["https:\/\/www.webdo.tn\/fr\/actualite\/international\/gaza-treve-humanitaire-4-heures\/184389\/"]}]},{"@type":"ImageObject","inLanguage":"fr-FR","@id":"https:\/\/www.webdo.tn\/fr\/actualite\/international\/gaza-treve-humanitaire-4-heures\/184389\/#primaryimage","url":"https:\/\/www.webdo.tn\/fr\/wp-content\/uploads\/2025\/06\/UNRWA-enfants_184389.jpg","contentUrl":"https:\/\/www.webdo.tn\/fr\/wp-content\/uploads\/2025\/06\/UNRWA-enfants_184389.jpg","width":480,"height":480,"caption":"Gaza : Sixi\u00e8me bombardement pr\u00e8s d'une \u00e9cole de l'ONU puis tr\u00eave de 4 heures !"},{"@type":"BreadcrumbList","@id":"https:\/\/www.webdo.tn\/fr\/actualite\/international\/gaza-treve-humanitaire-4-heures\/184389\/#breadcrumb","itemListElement":[{"@type":"ListItem","position":1,"name":"Accueil","item":"https:\/\/www.webdo.tn\/fr\/"},{"@type":"ListItem","position":2,"name":"Gaza : Sixi\u00e8me bombardement pr\u00e8s d&rsquo;une \u00e9cole de l&rsquo;ONU puis tr\u00eave de 4 heures !"}]},{"@type":"WebSite","@id":"https:\/\/www.webdo.tn\/fr\/#website","url":"https:\/\/www.webdo.tn\/fr\/","name":"webdo","description":"Tunisie - News en Tunisie et \u00e0 l&#039;international sur Webdo.tn","publisher":{"@id":"https:\/\/www.webdo.tn\/fr\/#organization"},"potentialAction":[{"@type":"SearchAction","target":{"@type":"EntryPoint","urlTemplate":"https:\/\/www.webdo.tn\/fr\/?s={search_term_string}"},"query-input":{"@type":"PropertyValueSpecification","valueRequired":true,"valueName":"search_term_string"}}],"inLanguage":"fr-FR"},{"@type":"Organization","@id":"https:\/\/www.webdo.tn\/fr\/#organization","name":"Webdo","alternateName":"Webdo.tn","url":"https:\/\/www.webdo.tn\/fr\/","logo":{"@type":"ImageObject","inLanguage":"fr-FR","@id":"https:\/\/www.webdo.tn\/fr\/#\/schema\/logo\/image\/","url":"https:\/\/www.webdo.tn\/fr\/wp-content\/uploads\/2025\/06\/Webdo-Tunisie_168377.jpg","contentUrl":"https:\/\/www.webdo.tn\/fr\/wp-content\/uploads\/2025\/06\/Webdo-Tunisie_168377.jpg","width":301,"height":301,"caption":"Webdo"},"image":{"@id":"https:\/\/www.webdo.tn\/fr\/#\/schema\/logo\/image\/"},"sameAs":["https:\/\/www.facebook.com\/webdotn","https:\/\/x.com\/webdo_tn"],"description":"Webdo est un m\u00e9dia num\u00e9rique tunisien fond\u00e9 en 2010, sp\u00e9cialis\u00e9 dans l\u2019actualit\u00e9 nationale et internationale, l\u2019\u00e9conomie, la soci\u00e9t\u00e9 et les analyses politiques. Le site s\u2019adresse \u00e0 un large public francophone et couvre l\u2019information tunisienne en temps r\u00e9el.","email":"redac@webdo.tn","legalName":"YNJ SARL","foundingDate":"2010-09-06","numberOfEmployees":{"@type":"QuantitativeValue","minValue":"11","maxValue":"50"}},{"@type":"Person","@id":"https:\/\/www.webdo.tn\/fr\/#\/schema\/person\/9a9c6118d687c117df8ef3cc36a4d175","name":"webdo.tn","image":{"@type":"ImageObject","inLanguage":"fr-FR","@id":"https:\/\/secure.gravatar.com\/avatar\/7ce1f28c0c3bbac99ff550b85ef8e44a6950c6ee24514fb6a5489e51d06f0298?s=96&d=mm&r=g","url":"https:\/\/secure.gravatar.com\/avatar\/7ce1f28c0c3bbac99ff550b85ef8e44a6950c6ee24514fb6a5489e51d06f0298?s=96&d=mm&r=g","contentUrl":"https:\/\/secure.gravatar.com\/avatar\/7ce1f28c0c3bbac99ff550b85ef8e44a6950c6ee24514fb6a5489e51d06f0298?s=96&d=mm&r=g","caption":"webdo.tn"},"url":"https:\/\/www.webdo.tn\/fr\/actualite\/author\/webdotn\/"}]}},"_links":{"self":[{"href":"https:\/\/www.webdo.tn\/fr\/wp-json\/wp\/v2\/posts\/184389","targetHints":{"allow":["GET"]}}],"collection":[{"href":"https:\/\/www.webdo.tn\/fr\/wp-json\/wp\/v2\/posts"}],"about":[{"href":"https:\/\/www.webdo.tn\/fr\/wp-json\/wp\/v2\/types\/post"}],"author":[{"embeddable":true,"href":"https:\/\/www.webdo.tn\/fr\/wp-json\/wp\/v2\/users\/3222"}],"replies":[{"embeddable":true,"href":"https:\/\/www.webdo.tn\/fr\/wp-json\/wp\/v2\/comments?post=184389"}],"version-history":[{"count":0,"href":"https:\/\/www.webdo.tn\/fr\/wp-json\/wp\/v2\/posts\/184389\/revisions"}],"wp:featuredmedia":[{"embeddable":true,"href":"https:\/\/www.webdo.tn\/fr\/wp-json\/wp\/v2\/media\/374997"}],"wp:attachment":[{"href":"https:\/\/www.webdo.tn\/fr\/wp-json\/wp\/v2\/media?parent=184389"}],"wp:term":[{"taxonomy":"category","embeddable":true,"href":"https:\/\/www.webdo.tn\/fr\/wp-json\/wp\/v2\/categories?post=184389"},{"taxonomy":"post_tag","embeddable":true,"href":"https:\/\/www.webdo.tn\/fr\/wp-json\/wp\/v2\/tags?post=184389"}],"curies":[{"name":"wp","href":"https:\/\/api.w.org\/{rel}","templated":true}]}}