{"id":184387,"date":"2014-07-30T16:02:00","date_gmt":"2014-07-30T16:02:00","guid":{"rendered":"https:\/\/www.webdo.tn\/fr\/blog\/appel-liberation-du-soldat-revele-les-violations-larmee-americaine\/184387\/"},"modified":"2025-06-04T18:19:20","modified_gmt":"2025-06-04T18:19:20","slug":"appel-liberation-du-soldat-revele-les-violations-larmee-americaine","status":"publish","type":"post","link":"https:\/\/www.webdo.tn\/fr\/actualite\/international\/appel-liberation-du-soldat-revele-les-violations-larmee-americaine\/184387\/","title":{"rendered":"Appel \u00e0 la lib\u00e9ration du soldat qui a r\u00e9v\u00e9l\u00e9 les violations de l&rsquo;arm\u00e9e am\u00e9ricaine"},"content":{"rendered":"<p>\u00ab Chelsea Manning vient de passer un an en prison, condamn\u00e9e comme une criminelle pour avoir r\u00e9v\u00e9l\u00e9 des informations contenant des preuves de possibles violations des droits humains et du droit international. En diffusant des informations class\u00e9es \u00ab secret d\u00e9fense \u00bb via Wikileaks, elle a r\u00e9v\u00e9l\u00e9 au monde les exactions commises par l\u2019arm\u00e9e des \u00c9tats-Unis, certains de ses prestataires et des soldats irakiens et afghans pr\u00e9sents aux c\u00f4t\u00e9s des forces am\u00e9ricaines \u00bb, rappelle l&rsquo;organisation Amnesty international dans son communiqu\u00e9.\u00a0<br \/>\n#\u00c9tats-Unis. Un an apr\u00e8s sa condamnation, Chelsea Manning doit \u00eatre lib\u00e9r\u00e9e: http:\/\/t.co\/0V9vpMKOJL via @amnistieca<\/p>\n<p>\u2014 Amnistie Canada fr (@AmnistieCA) 30 Juillet 2014<\/p>\n<p>Ce 29 juillet, Amnesty demande<\/p>\n<p> une gr\u00e2ce pour Chelsea Manning,<br \/>\n \u00e0 ce que le gouvernement am\u00e9ricain ordonne sa lib\u00e9ration imm\u00e9diate,<br \/>\n l&rsquo;ouverture d&rsquo;une enqu\u00eate exhaustive et impartiale sur les crimes r\u00e9v\u00e9l\u00e9s.<\/p>\n<p>Erika Guevara Rosas, directrice du programme Am\u00e9riques d\u2019Amnesty International, a mis \u00e0 l&rsquo;index le syst\u00e8me d&rsquo;impunit\u00e9 aux Etats-Unies o\u00f9 ceux qui sont peut-\u00eatre coupables de violations des droits humains sont en libert\u00e9.<\/p>\n<p>Rappel des r\u00e9v\u00e9lations de Manning sur les exactions de l&rsquo;arm\u00e9e am\u00e9ricaine\u00a0<\/p>\n<p>Chelsea Manning,\u00a0analyste sur une base am\u00e9ricaine \u00e0 Bagdad,\u00a0a\u00a0\u00a0r\u00e9v\u00e9l\u00e9, par le biais de Wikileaks, les exactions commises par l\u2019arm\u00e9e des \u00c9tats-Unis, certains de ses prestataires et des soldats irakiens et afghans pr\u00e9sents aux c\u00f4t\u00e9s des forces am\u00e9ricaines. Il a t\u00e9l\u00e9charg\u00e9 700 000 documents class\u00e9s confidentiels de l&rsquo;arm\u00e9e am\u00e9ricaine.\u00a0<\/p>\n<p>Parmi ces r\u00e9v\u00e9lations, il a d\u00e9clar\u00e9 dans un\u00a0enregistrement clandestin d&rsquo;une audition pr\u00e9liminaire datant du mois de mars 2013 qu&rsquo;il a \u00e9t\u00e9 surtout\u00a0\u00a0choqu\u00e9 par une vid\u00e9o de juillet 2007 montrant une attaque par un h\u00e9licopt\u00e8re Apache contre des civils non arm\u00e9s \u00e0 Bagdad :\u00a0\u00bbOn aurait dit des enfants torturant des fourmis avec une loupe.\u00a0\u00bb Le m\u00eame enregistrement montrait\u00a0un photographe de Reuters et son chauffeur sciemment tu\u00e9s lors de l&rsquo;attaque.<\/p>\n<p>Le fondateur de Wikileaks, Julian Assange qui a publi\u00e9\u00a0les informations transmises par Manning, est lui-m\u00eame actuellement poursuivi en justice pour \u00ab\u00a0viol\u00a0\u00bb. Ce mercredi 16 juillet, le tribunal de Stockholm a maintenu le mandat d&rsquo;arr\u00eat europ\u00e9en contre lui.\u00a0Depuis\u00a0deux ans, il a eu l&rsquo;asile politique, vivant dans l&rsquo;ambassade de l&rsquo;Equateur \u00e0 Londres pour \u00e9viter son arrestation.<\/p>\n","protected":false},"excerpt":{"rendered":"<p>Appel \u00e0 la lib\u00e9ration du soldat qui a r\u00e9v\u00e9l\u00e9 les violations de l&rsquo;arm\u00e9e am\u00e9ricaine <\/p>\n","protected":false},"author":3222,"featured_media":334805,"comment_status":"open","ping_status":"closed","sticky":false,"template":"","format":"standard","meta":{"footnotes":""},"categories":[2598],"tags":[],"class_list":["post-184387","post","type-post","status-publish","format-standard","has-post-thumbnail","hentry","category-international"],"yoast_head":"<!-- This site is optimized with the Yoast SEO Premium plugin v27.5 (Yoast SEO v27.5) - https:\/\/yoast.com\/product\/yoast-seo-premium-wordpress\/ -->\n<title>Appel \u00e0 la lib\u00e9ration du soldat qui a r\u00e9v\u00e9l\u00e9 les violations de l&#039;arm\u00e9e am\u00e9ricaine<\/title>\n<meta name=\"description\" content=\"Appel \u00e0 la lib\u00e9ration du soldat qui a r\u00e9v\u00e9l\u00e9 les violations de l&#039;arm\u00e9e am\u00e9ricaine\" \/>\n<link rel=\"canonical\" href=\"https:\/\/www.webdo.tn\/fr\/actualite\/international\/appel-liberation-du-soldat-revele-les-violations-larmee-americaine\/184387\/\" \/>\n<meta property=\"og:locale\" content=\"fr_FR\" \/>\n<meta property=\"og:type\" content=\"article\" \/>\n<meta property=\"og:title\" content=\"Appel \u00e0 la lib\u00e9ration du soldat qui a r\u00e9v\u00e9l\u00e9 les violations de l&#039;arm\u00e9e am\u00e9ricaine\" \/>\n<meta property=\"og:description\" content=\"Appel \u00e0 la lib\u00e9ration du soldat qui a r\u00e9v\u00e9l\u00e9 les violations de l&#039;arm\u00e9e am\u00e9ricaine\" \/>\n<meta property=\"og:url\" content=\"https:\/\/www.webdo.tn\/fr\/actualite\/international\/appel-liberation-du-soldat-revele-les-violations-larmee-americaine\/184387\/\" \/>\n<meta property=\"og:site_name\" content=\"webdo\" \/>\n<meta property=\"article:publisher\" content=\"https:\/\/www.facebook.com\/webdotn\" \/>\n<meta property=\"article:published_time\" content=\"2014-07-30T16:02:00+00:00\" \/>\n<meta property=\"article:modified_time\" content=\"2025-06-04T18:19:20+00:00\" \/>\n<meta property=\"og:image\" content=\"https:\/\/www.webdo.tn\/fr\/wp-content\/uploads\/2014\/07\/Free-Chelsea-Manning.jpg\" \/>\n\t<meta property=\"og:image:width\" content=\"385\" \/>\n\t<meta property=\"og:image:height\" content=\"270\" \/>\n\t<meta property=\"og:image:type\" content=\"image\/jpeg\" \/>\n<meta name=\"author\" content=\"webdo.tn\" \/>\n<meta name=\"twitter:card\" content=\"summary_large_image\" \/>\n<meta name=\"twitter:creator\" content=\"@webdo_tn\" \/>\n<meta name=\"twitter:site\" content=\"@webdo_tn\" \/>\n<meta name=\"twitter:label1\" content=\"\u00c9crit par\" \/>\n\t<meta name=\"twitter:data1\" content=\"webdo.tn\" \/>\n\t<meta name=\"twitter:label2\" content=\"Dur\u00e9e de lecture estim\u00e9e\" \/>\n\t<meta name=\"twitter:data2\" content=\"2 minutes\" \/>\n<script type=\"application\/ld+json\" class=\"yoast-schema-graph\">{\"@context\":\"https:\\\/\\\/schema.org\",\"@graph\":[{\"@type\":\"NewsArticle\",\"@id\":\"https:\\\/\\\/www.webdo.tn\\\/fr\\\/actualite\\\/international\\\/appel-liberation-du-soldat-revele-les-violations-larmee-americaine\\\/184387\\\/#article\",\"isPartOf\":{\"@id\":\"https:\\\/\\\/www.webdo.tn\\\/fr\\\/actualite\\\/international\\\/appel-liberation-du-soldat-revele-les-violations-larmee-americaine\\\/184387\\\/\"},\"author\":{\"name\":\"webdo.tn\",\"@id\":\"https:\\\/\\\/www.webdo.tn\\\/fr\\\/#\\\/schema\\\/person\\\/9a9c6118d687c117df8ef3cc36a4d175\"},\"headline\":\"Appel \u00e0 la lib\u00e9ration du soldat qui a r\u00e9v\u00e9l\u00e9 les violations de l&rsquo;arm\u00e9e am\u00e9ricaine\",\"datePublished\":\"2014-07-30T16:02:00+00:00\",\"dateModified\":\"2025-06-04T18:19:20+00:00\",\"mainEntityOfPage\":{\"@id\":\"https:\\\/\\\/www.webdo.tn\\\/fr\\\/actualite\\\/international\\\/appel-liberation-du-soldat-revele-les-violations-larmee-americaine\\\/184387\\\/\"},\"wordCount\":430,\"commentCount\":0,\"publisher\":{\"@id\":\"https:\\\/\\\/www.webdo.tn\\\/fr\\\/#organization\"},\"image\":{\"@id\":\"https:\\\/\\\/www.webdo.tn\\\/fr\\\/actualite\\\/international\\\/appel-liberation-du-soldat-revele-les-violations-larmee-americaine\\\/184387\\\/#primaryimage\"},\"thumbnailUrl\":\"https:\\\/\\\/www.webdo.tn\\\/fr\\\/wp-content\\\/uploads\\\/2014\\\/07\\\/Free-Chelsea-Manning.jpg\",\"articleSection\":[\"International\"],\"inLanguage\":\"fr-FR\"},{\"@type\":\"WebPage\",\"@id\":\"https:\\\/\\\/www.webdo.tn\\\/fr\\\/actualite\\\/international\\\/appel-liberation-du-soldat-revele-les-violations-larmee-americaine\\\/184387\\\/\",\"url\":\"https:\\\/\\\/www.webdo.tn\\\/fr\\\/actualite\\\/international\\\/appel-liberation-du-soldat-revele-les-violations-larmee-americaine\\\/184387\\\/\",\"name\":\"Appel \u00e0 la lib\u00e9ration du soldat qui a r\u00e9v\u00e9l\u00e9 les violations de l'arm\u00e9e am\u00e9ricaine\",\"isPartOf\":{\"@id\":\"https:\\\/\\\/www.webdo.tn\\\/fr\\\/#website\"},\"primaryImageOfPage\":{\"@id\":\"https:\\\/\\\/www.webdo.tn\\\/fr\\\/actualite\\\/international\\\/appel-liberation-du-soldat-revele-les-violations-larmee-americaine\\\/184387\\\/#primaryimage\"},\"image\":{\"@id\":\"https:\\\/\\\/www.webdo.tn\\\/fr\\\/actualite\\\/international\\\/appel-liberation-du-soldat-revele-les-violations-larmee-americaine\\\/184387\\\/#primaryimage\"},\"thumbnailUrl\":\"https:\\\/\\\/www.webdo.tn\\\/fr\\\/wp-content\\\/uploads\\\/2014\\\/07\\\/Free-Chelsea-Manning.jpg\",\"datePublished\":\"2014-07-30T16:02:00+00:00\",\"dateModified\":\"2025-06-04T18:19:20+00:00\",\"description\":\"Appel \u00e0 la lib\u00e9ration du soldat qui a r\u00e9v\u00e9l\u00e9 les violations de l'arm\u00e9e am\u00e9ricaine\",\"breadcrumb\":{\"@id\":\"https:\\\/\\\/www.webdo.tn\\\/fr\\\/actualite\\\/international\\\/appel-liberation-du-soldat-revele-les-violations-larmee-americaine\\\/184387\\\/#breadcrumb\"},\"inLanguage\":\"fr-FR\",\"potentialAction\":[{\"@type\":\"ReadAction\",\"target\":[\"https:\\\/\\\/www.webdo.tn\\\/fr\\\/actualite\\\/international\\\/appel-liberation-du-soldat-revele-les-violations-larmee-americaine\\\/184387\\\/\"]}]},{\"@type\":\"ImageObject\",\"inLanguage\":\"fr-FR\",\"@id\":\"https:\\\/\\\/www.webdo.tn\\\/fr\\\/actualite\\\/international\\\/appel-liberation-du-soldat-revele-les-violations-larmee-americaine\\\/184387\\\/#primaryimage\",\"url\":\"https:\\\/\\\/www.webdo.tn\\\/fr\\\/wp-content\\\/uploads\\\/2014\\\/07\\\/Free-Chelsea-Manning.jpg\",\"contentUrl\":\"https:\\\/\\\/www.webdo.tn\\\/fr\\\/wp-content\\\/uploads\\\/2014\\\/07\\\/Free-Chelsea-Manning.jpg\",\"width\":385,\"height\":270,\"caption\":\"Appel \u00e0 la lib\u00e9ration du soldat qui a r\u00e9v\u00e9l\u00e9 les violations de l'arm\u00e9e am\u00e9ricaine\"},{\"@type\":\"BreadcrumbList\",\"@id\":\"https:\\\/\\\/www.webdo.tn\\\/fr\\\/actualite\\\/international\\\/appel-liberation-du-soldat-revele-les-violations-larmee-americaine\\\/184387\\\/#breadcrumb\",\"itemListElement\":[{\"@type\":\"ListItem\",\"position\":1,\"name\":\"Accueil\",\"item\":\"https:\\\/\\\/www.webdo.tn\\\/fr\\\/\"},{\"@type\":\"ListItem\",\"position\":2,\"name\":\"Appel \u00e0 la lib\u00e9ration du soldat qui a r\u00e9v\u00e9l\u00e9 les violations de l&rsquo;arm\u00e9e am\u00e9ricaine\"}]},{\"@type\":\"WebSite\",\"@id\":\"https:\\\/\\\/www.webdo.tn\\\/fr\\\/#website\",\"url\":\"https:\\\/\\\/www.webdo.tn\\\/fr\\\/\",\"name\":\"webdo\",\"description\":\"Tunisie - News en Tunisie et \u00e0 l&#039;international sur Webdo.tn\",\"publisher\":{\"@id\":\"https:\\\/\\\/www.webdo.tn\\\/fr\\\/#organization\"},\"potentialAction\":[{\"@type\":\"SearchAction\",\"target\":{\"@type\":\"EntryPoint\",\"urlTemplate\":\"https:\\\/\\\/www.webdo.tn\\\/fr\\\/?s={search_term_string}\"},\"query-input\":{\"@type\":\"PropertyValueSpecification\",\"valueRequired\":true,\"valueName\":\"search_term_string\"}}],\"inLanguage\":\"fr-FR\"},{\"@type\":\"Organization\",\"@id\":\"https:\\\/\\\/www.webdo.tn\\\/fr\\\/#organization\",\"name\":\"Webdo\",\"alternateName\":\"Webdo.tn\",\"url\":\"https:\\\/\\\/www.webdo.tn\\\/fr\\\/\",\"logo\":{\"@type\":\"ImageObject\",\"inLanguage\":\"fr-FR\",\"@id\":\"https:\\\/\\\/www.webdo.tn\\\/fr\\\/#\\\/schema\\\/logo\\\/image\\\/\",\"url\":\"https:\\\/\\\/www.webdo.tn\\\/fr\\\/wp-content\\\/uploads\\\/2025\\\/06\\\/Webdo-Tunisie_168377.jpg\",\"contentUrl\":\"https:\\\/\\\/www.webdo.tn\\\/fr\\\/wp-content\\\/uploads\\\/2025\\\/06\\\/Webdo-Tunisie_168377.jpg\",\"width\":301,\"height\":301,\"caption\":\"Webdo\"},\"image\":{\"@id\":\"https:\\\/\\\/www.webdo.tn\\\/fr\\\/#\\\/schema\\\/logo\\\/image\\\/\"},\"sameAs\":[\"https:\\\/\\\/www.facebook.com\\\/webdotn\",\"https:\\\/\\\/x.com\\\/webdo_tn\"],\"description\":\"Webdo est un m\u00e9dia num\u00e9rique tunisien fond\u00e9 en 2010, sp\u00e9cialis\u00e9 dans l\u2019actualit\u00e9 nationale et internationale, l\u2019\u00e9conomie, la soci\u00e9t\u00e9 et les analyses politiques. Le site s\u2019adresse \u00e0 un large public francophone et couvre l\u2019information tunisienne en temps r\u00e9el.\",\"email\":\"redac@webdo.tn\",\"legalName\":\"YNJ SARL\",\"foundingDate\":\"2010-09-06\",\"numberOfEmployees\":{\"@type\":\"QuantitativeValue\",\"minValue\":\"11\",\"maxValue\":\"50\"}},{\"@type\":\"Person\",\"@id\":\"https:\\\/\\\/www.webdo.tn\\\/fr\\\/#\\\/schema\\\/person\\\/9a9c6118d687c117df8ef3cc36a4d175\",\"name\":\"webdo.tn\",\"image\":{\"@type\":\"ImageObject\",\"inLanguage\":\"fr-FR\",\"@id\":\"https:\\\/\\\/secure.gravatar.com\\\/avatar\\\/7ce1f28c0c3bbac99ff550b85ef8e44a6950c6ee24514fb6a5489e51d06f0298?s=96&d=mm&r=g\",\"url\":\"https:\\\/\\\/secure.gravatar.com\\\/avatar\\\/7ce1f28c0c3bbac99ff550b85ef8e44a6950c6ee24514fb6a5489e51d06f0298?s=96&d=mm&r=g\",\"contentUrl\":\"https:\\\/\\\/secure.gravatar.com\\\/avatar\\\/7ce1f28c0c3bbac99ff550b85ef8e44a6950c6ee24514fb6a5489e51d06f0298?s=96&d=mm&r=g\",\"caption\":\"webdo.tn\"},\"url\":\"https:\\\/\\\/www.webdo.tn\\\/fr\\\/actualite\\\/author\\\/webdotn\\\/\"}]}<\/script>\n<!-- \/ Yoast SEO Premium plugin. -->","yoast_head_json":{"title":"Appel \u00e0 la lib\u00e9ration du soldat qui a r\u00e9v\u00e9l\u00e9 les violations de l'arm\u00e9e am\u00e9ricaine","description":"Appel \u00e0 la lib\u00e9ration du soldat qui a r\u00e9v\u00e9l\u00e9 les violations de l'arm\u00e9e am\u00e9ricaine","canonical":"https:\/\/www.webdo.tn\/fr\/actualite\/international\/appel-liberation-du-soldat-revele-les-violations-larmee-americaine\/184387\/","og_locale":"fr_FR","og_type":"article","og_title":"Appel \u00e0 la lib\u00e9ration du soldat qui a r\u00e9v\u00e9l\u00e9 les violations de l'arm\u00e9e am\u00e9ricaine","og_description":"Appel \u00e0 la lib\u00e9ration du soldat qui a r\u00e9v\u00e9l\u00e9 les violations de l'arm\u00e9e am\u00e9ricaine","og_url":"https:\/\/www.webdo.tn\/fr\/actualite\/international\/appel-liberation-du-soldat-revele-les-violations-larmee-americaine\/184387\/","og_site_name":"webdo","article_publisher":"https:\/\/www.facebook.com\/webdotn","article_published_time":"2014-07-30T16:02:00+00:00","article_modified_time":"2025-06-04T18:19:20+00:00","og_image":[{"width":385,"height":270,"url":"https:\/\/www.webdo.tn\/fr\/wp-content\/uploads\/2014\/07\/Free-Chelsea-Manning.jpg","type":"image\/jpeg"}],"author":"webdo.tn","twitter_card":"summary_large_image","twitter_creator":"@webdo_tn","twitter_site":"@webdo_tn","twitter_misc":{"\u00c9crit par":"webdo.tn","Dur\u00e9e de lecture estim\u00e9e":"2 minutes"},"schema":{"@context":"https:\/\/schema.org","@graph":[{"@type":"NewsArticle","@id":"https:\/\/www.webdo.tn\/fr\/actualite\/international\/appel-liberation-du-soldat-revele-les-violations-larmee-americaine\/184387\/#article","isPartOf":{"@id":"https:\/\/www.webdo.tn\/fr\/actualite\/international\/appel-liberation-du-soldat-revele-les-violations-larmee-americaine\/184387\/"},"author":{"name":"webdo.tn","@id":"https:\/\/www.webdo.tn\/fr\/#\/schema\/person\/9a9c6118d687c117df8ef3cc36a4d175"},"headline":"Appel \u00e0 la lib\u00e9ration du soldat qui a r\u00e9v\u00e9l\u00e9 les violations de l&rsquo;arm\u00e9e am\u00e9ricaine","datePublished":"2014-07-30T16:02:00+00:00","dateModified":"2025-06-04T18:19:20+00:00","mainEntityOfPage":{"@id":"https:\/\/www.webdo.tn\/fr\/actualite\/international\/appel-liberation-du-soldat-revele-les-violations-larmee-americaine\/184387\/"},"wordCount":430,"commentCount":0,"publisher":{"@id":"https:\/\/www.webdo.tn\/fr\/#organization"},"image":{"@id":"https:\/\/www.webdo.tn\/fr\/actualite\/international\/appel-liberation-du-soldat-revele-les-violations-larmee-americaine\/184387\/#primaryimage"},"thumbnailUrl":"https:\/\/www.webdo.tn\/fr\/wp-content\/uploads\/2014\/07\/Free-Chelsea-Manning.jpg","articleSection":["International"],"inLanguage":"fr-FR"},{"@type":"WebPage","@id":"https:\/\/www.webdo.tn\/fr\/actualite\/international\/appel-liberation-du-soldat-revele-les-violations-larmee-americaine\/184387\/","url":"https:\/\/www.webdo.tn\/fr\/actualite\/international\/appel-liberation-du-soldat-revele-les-violations-larmee-americaine\/184387\/","name":"Appel \u00e0 la lib\u00e9ration du soldat qui a r\u00e9v\u00e9l\u00e9 les violations de l'arm\u00e9e am\u00e9ricaine","isPartOf":{"@id":"https:\/\/www.webdo.tn\/fr\/#website"},"primaryImageOfPage":{"@id":"https:\/\/www.webdo.tn\/fr\/actualite\/international\/appel-liberation-du-soldat-revele-les-violations-larmee-americaine\/184387\/#primaryimage"},"image":{"@id":"https:\/\/www.webdo.tn\/fr\/actualite\/international\/appel-liberation-du-soldat-revele-les-violations-larmee-americaine\/184387\/#primaryimage"},"thumbnailUrl":"https:\/\/www.webdo.tn\/fr\/wp-content\/uploads\/2014\/07\/Free-Chelsea-Manning.jpg","datePublished":"2014-07-30T16:02:00+00:00","dateModified":"2025-06-04T18:19:20+00:00","description":"Appel \u00e0 la lib\u00e9ration du soldat qui a r\u00e9v\u00e9l\u00e9 les violations de l'arm\u00e9e am\u00e9ricaine","breadcrumb":{"@id":"https:\/\/www.webdo.tn\/fr\/actualite\/international\/appel-liberation-du-soldat-revele-les-violations-larmee-americaine\/184387\/#breadcrumb"},"inLanguage":"fr-FR","potentialAction":[{"@type":"ReadAction","target":["https:\/\/www.webdo.tn\/fr\/actualite\/international\/appel-liberation-du-soldat-revele-les-violations-larmee-americaine\/184387\/"]}]},{"@type":"ImageObject","inLanguage":"fr-FR","@id":"https:\/\/www.webdo.tn\/fr\/actualite\/international\/appel-liberation-du-soldat-revele-les-violations-larmee-americaine\/184387\/#primaryimage","url":"https:\/\/www.webdo.tn\/fr\/wp-content\/uploads\/2014\/07\/Free-Chelsea-Manning.jpg","contentUrl":"https:\/\/www.webdo.tn\/fr\/wp-content\/uploads\/2014\/07\/Free-Chelsea-Manning.jpg","width":385,"height":270,"caption":"Appel \u00e0 la lib\u00e9ration du soldat qui a r\u00e9v\u00e9l\u00e9 les violations de l'arm\u00e9e am\u00e9ricaine"},{"@type":"BreadcrumbList","@id":"https:\/\/www.webdo.tn\/fr\/actualite\/international\/appel-liberation-du-soldat-revele-les-violations-larmee-americaine\/184387\/#breadcrumb","itemListElement":[{"@type":"ListItem","position":1,"name":"Accueil","item":"https:\/\/www.webdo.tn\/fr\/"},{"@type":"ListItem","position":2,"name":"Appel \u00e0 la lib\u00e9ration du soldat qui a r\u00e9v\u00e9l\u00e9 les violations de l&rsquo;arm\u00e9e am\u00e9ricaine"}]},{"@type":"WebSite","@id":"https:\/\/www.webdo.tn\/fr\/#website","url":"https:\/\/www.webdo.tn\/fr\/","name":"webdo","description":"Tunisie - News en Tunisie et \u00e0 l&#039;international sur Webdo.tn","publisher":{"@id":"https:\/\/www.webdo.tn\/fr\/#organization"},"potentialAction":[{"@type":"SearchAction","target":{"@type":"EntryPoint","urlTemplate":"https:\/\/www.webdo.tn\/fr\/?s={search_term_string}"},"query-input":{"@type":"PropertyValueSpecification","valueRequired":true,"valueName":"search_term_string"}}],"inLanguage":"fr-FR"},{"@type":"Organization","@id":"https:\/\/www.webdo.tn\/fr\/#organization","name":"Webdo","alternateName":"Webdo.tn","url":"https:\/\/www.webdo.tn\/fr\/","logo":{"@type":"ImageObject","inLanguage":"fr-FR","@id":"https:\/\/www.webdo.tn\/fr\/#\/schema\/logo\/image\/","url":"https:\/\/www.webdo.tn\/fr\/wp-content\/uploads\/2025\/06\/Webdo-Tunisie_168377.jpg","contentUrl":"https:\/\/www.webdo.tn\/fr\/wp-content\/uploads\/2025\/06\/Webdo-Tunisie_168377.jpg","width":301,"height":301,"caption":"Webdo"},"image":{"@id":"https:\/\/www.webdo.tn\/fr\/#\/schema\/logo\/image\/"},"sameAs":["https:\/\/www.facebook.com\/webdotn","https:\/\/x.com\/webdo_tn"],"description":"Webdo est un m\u00e9dia num\u00e9rique tunisien fond\u00e9 en 2010, sp\u00e9cialis\u00e9 dans l\u2019actualit\u00e9 nationale et internationale, l\u2019\u00e9conomie, la soci\u00e9t\u00e9 et les analyses politiques. Le site s\u2019adresse \u00e0 un large public francophone et couvre l\u2019information tunisienne en temps r\u00e9el.","email":"redac@webdo.tn","legalName":"YNJ SARL","foundingDate":"2010-09-06","numberOfEmployees":{"@type":"QuantitativeValue","minValue":"11","maxValue":"50"}},{"@type":"Person","@id":"https:\/\/www.webdo.tn\/fr\/#\/schema\/person\/9a9c6118d687c117df8ef3cc36a4d175","name":"webdo.tn","image":{"@type":"ImageObject","inLanguage":"fr-FR","@id":"https:\/\/secure.gravatar.com\/avatar\/7ce1f28c0c3bbac99ff550b85ef8e44a6950c6ee24514fb6a5489e51d06f0298?s=96&d=mm&r=g","url":"https:\/\/secure.gravatar.com\/avatar\/7ce1f28c0c3bbac99ff550b85ef8e44a6950c6ee24514fb6a5489e51d06f0298?s=96&d=mm&r=g","contentUrl":"https:\/\/secure.gravatar.com\/avatar\/7ce1f28c0c3bbac99ff550b85ef8e44a6950c6ee24514fb6a5489e51d06f0298?s=96&d=mm&r=g","caption":"webdo.tn"},"url":"https:\/\/www.webdo.tn\/fr\/actualite\/author\/webdotn\/"}]}},"_links":{"self":[{"href":"https:\/\/www.webdo.tn\/fr\/wp-json\/wp\/v2\/posts\/184387","targetHints":{"allow":["GET"]}}],"collection":[{"href":"https:\/\/www.webdo.tn\/fr\/wp-json\/wp\/v2\/posts"}],"about":[{"href":"https:\/\/www.webdo.tn\/fr\/wp-json\/wp\/v2\/types\/post"}],"author":[{"embeddable":true,"href":"https:\/\/www.webdo.tn\/fr\/wp-json\/wp\/v2\/users\/3222"}],"replies":[{"embeddable":true,"href":"https:\/\/www.webdo.tn\/fr\/wp-json\/wp\/v2\/comments?post=184387"}],"version-history":[{"count":0,"href":"https:\/\/www.webdo.tn\/fr\/wp-json\/wp\/v2\/posts\/184387\/revisions"}],"wp:featuredmedia":[{"embeddable":true,"href":"https:\/\/www.webdo.tn\/fr\/wp-json\/wp\/v2\/media\/334805"}],"wp:attachment":[{"href":"https:\/\/www.webdo.tn\/fr\/wp-json\/wp\/v2\/media?parent=184387"}],"wp:term":[{"taxonomy":"category","embeddable":true,"href":"https:\/\/www.webdo.tn\/fr\/wp-json\/wp\/v2\/categories?post=184387"},{"taxonomy":"post_tag","embeddable":true,"href":"https:\/\/www.webdo.tn\/fr\/wp-json\/wp\/v2\/tags?post=184387"}],"curies":[{"name":"wp","href":"https:\/\/api.w.org\/{rel}","templated":true}]}}