{"id":184364,"date":"2014-08-07T20:33:00","date_gmt":"2014-08-07T20:33:00","guid":{"rendered":"https:\/\/www.webdo.tn\/fr\/blog\/gagnant-du-prix-nobel-paix-obama-avons-torture-gens\/184364\/"},"modified":"2025-06-04T18:18:09","modified_gmt":"2025-06-04T18:18:09","slug":"gagnant-du-prix-nobel-paix-obama-avons-torture-gens","status":"publish","type":"post","link":"https:\/\/www.webdo.tn\/fr\/actualite\/international\/gagnant-du-prix-nobel-paix-obama-avons-torture-gens\/184364\/","title":{"rendered":"Quand le gagnant du prix Nobel Obama exprime \u00ab\u00a0sa compr\u00e9hension\u00a0\u00bb de la torture"},"content":{"rendered":"<p>International |\u00a0<\/p>\n<p>Le 1er ao\u00fbt; dans une allocution t\u00e9l\u00e9vis\u00e9e, le pr\u00e9sident des Etats-Unis d&rsquo;Am\u00e9rique, \u00a0Barack Obama, a reconnu pour la premi\u00e8re fois que son pays avait eu recours \u00e0 des techniques de torture sous l&rsquo;administration Bush. Cette d\u00e9claration pr\u00e9c\u00e8de la prochaine d\u00e9classification d&rsquo;un rapport parlementaire de 6800 pages sur les techniques d&rsquo;interrogation employ\u00e9es par la CIA entre 2002 et 2006. \u00a0\u00ab\u00a0Nous avons tortur\u00e9 des gens\u00a0\u00bb, a-t-il avou\u00e9.\u00a0<\/p>\n<p>\u00a0<\/p>\n<p>Le gagnant du prix Nobel de la Paix en octobre 2009 a exprim\u00e9 \u00ab\u00a0sa compr\u00e9hension\u00a0\u00bb de telles pratiques, pourtant contraires \u00e0 toutes les conventions internationales relatives aux droits de l&rsquo;homme :<br \/>\n\u00ab\u00a0Je comprends pourquoi cela est arriv\u00e9. Il est important de rappeler \u00e0 quel point les gens \u00e9taient effray\u00e9s apr\u00e8s\u00a0l\u2019effondrement\u00a0des tours jumelles et la chute d&rsquo;un avion sur le Pentagone\u00a0\u00bb, a-t-il d\u00e9clar\u00e9, justifiant \u00e0 demi-mots la\u00a0torture \u00ab\u00a0contextualis\u00e9e\u00a0\u00bb.\u00a0<br \/>\nPres Obama told press today \u00ab\u00a0We tortured some folks.\u00a0\u00bb Words no one should ever have grounds to say. #StopTorture #USA #ItWasTorture<\/p>\n<p>\u2014 AmnestyInternational (@amnesty) 1 Ao\u00fbt 2014<\/p>\n","protected":false},"excerpt":{"rendered":"<p>Quand le gagnant du prix Nobel Obama exprime  sa compr\u00e9hension  de la torture<\/p>\n","protected":false},"author":3222,"featured_media":331709,"comment_status":"open","ping_status":"closed","sticky":false,"template":"","format":"standard","meta":{"footnotes":""},"categories":[2598],"tags":[],"class_list":["post-184364","post","type-post","status-publish","format-standard","has-post-thumbnail","hentry","category-international"],"yoast_head":"<!-- This site is optimized with the Yoast SEO Premium plugin v27.5 (Yoast SEO v27.5) - https:\/\/yoast.com\/product\/yoast-seo-premium-wordpress\/ -->\n<title>Quand le gagnant du prix Nobel Obama exprime sa compr\u00e9hension de la torture<\/title>\n<meta name=\"description\" content=\"Quand le gagnant du prix Nobel Obama exprime sa compr\u00e9hension de la torture\" \/>\n<link rel=\"canonical\" href=\"https:\/\/www.webdo.tn\/fr\/actualite\/international\/gagnant-du-prix-nobel-paix-obama-avons-torture-gens\/184364\/\" \/>\n<meta property=\"og:locale\" content=\"fr_FR\" \/>\n<meta property=\"og:type\" content=\"article\" \/>\n<meta property=\"og:title\" content=\"Quand le gagnant du prix Nobel Obama exprime &quot;sa compr\u00e9hension&quot; de la torture\" \/>\n<meta property=\"og:description\" content=\"Quand le gagnant du prix Nobel Obama exprime sa compr\u00e9hension de la torture\" \/>\n<meta property=\"og:url\" content=\"https:\/\/www.webdo.tn\/fr\/actualite\/international\/gagnant-du-prix-nobel-paix-obama-avons-torture-gens\/184364\/\" \/>\n<meta property=\"og:site_name\" content=\"webdo\" \/>\n<meta property=\"article:publisher\" content=\"https:\/\/www.facebook.com\/webdotn\" \/>\n<meta property=\"article:published_time\" content=\"2014-08-07T20:33:00+00:00\" \/>\n<meta property=\"article:modified_time\" content=\"2025-06-04T18:18:09+00:00\" \/>\n<meta property=\"og:image\" content=\"https:\/\/www.webdo.tn\/fr\/wp-content\/uploads\/2014\/08\/Obama-wins-nobel-peace-prize.jpg\" \/>\n\t<meta property=\"og:image:width\" content=\"298\" \/>\n\t<meta property=\"og:image:height\" content=\"223\" \/>\n\t<meta property=\"og:image:type\" content=\"image\/jpeg\" \/>\n<meta name=\"author\" content=\"webdo.tn\" \/>\n<meta name=\"twitter:card\" content=\"summary_large_image\" \/>\n<meta name=\"twitter:creator\" content=\"@webdo_tn\" \/>\n<meta name=\"twitter:site\" content=\"@webdo_tn\" \/>\n<meta name=\"twitter:label1\" content=\"\u00c9crit par\" \/>\n\t<meta name=\"twitter:data1\" content=\"webdo.tn\" \/>\n\t<meta name=\"twitter:label2\" content=\"Dur\u00e9e de lecture estim\u00e9e\" \/>\n\t<meta name=\"twitter:data2\" content=\"1 minute\" \/>\n<script type=\"application\/ld+json\" class=\"yoast-schema-graph\">{\"@context\":\"https:\\\/\\\/schema.org\",\"@graph\":[{\"@type\":\"NewsArticle\",\"@id\":\"https:\\\/\\\/www.webdo.tn\\\/fr\\\/actualite\\\/international\\\/gagnant-du-prix-nobel-paix-obama-avons-torture-gens\\\/184364\\\/#article\",\"isPartOf\":{\"@id\":\"https:\\\/\\\/www.webdo.tn\\\/fr\\\/actualite\\\/international\\\/gagnant-du-prix-nobel-paix-obama-avons-torture-gens\\\/184364\\\/\"},\"author\":{\"name\":\"webdo.tn\",\"@id\":\"https:\\\/\\\/www.webdo.tn\\\/fr\\\/#\\\/schema\\\/person\\\/9a9c6118d687c117df8ef3cc36a4d175\"},\"headline\":\"Quand le gagnant du prix Nobel Obama exprime \u00ab\u00a0sa compr\u00e9hension\u00a0\u00bb de la torture\",\"datePublished\":\"2014-08-07T20:33:00+00:00\",\"dateModified\":\"2025-06-04T18:18:09+00:00\",\"mainEntityOfPage\":{\"@id\":\"https:\\\/\\\/www.webdo.tn\\\/fr\\\/actualite\\\/international\\\/gagnant-du-prix-nobel-paix-obama-avons-torture-gens\\\/184364\\\/\"},\"wordCount\":190,\"commentCount\":0,\"publisher\":{\"@id\":\"https:\\\/\\\/www.webdo.tn\\\/fr\\\/#organization\"},\"image\":{\"@id\":\"https:\\\/\\\/www.webdo.tn\\\/fr\\\/actualite\\\/international\\\/gagnant-du-prix-nobel-paix-obama-avons-torture-gens\\\/184364\\\/#primaryimage\"},\"thumbnailUrl\":\"https:\\\/\\\/www.webdo.tn\\\/fr\\\/wp-content\\\/uploads\\\/2014\\\/08\\\/Obama-wins-nobel-peace-prize.jpg\",\"articleSection\":[\"International\"],\"inLanguage\":\"fr-FR\"},{\"@type\":\"WebPage\",\"@id\":\"https:\\\/\\\/www.webdo.tn\\\/fr\\\/actualite\\\/international\\\/gagnant-du-prix-nobel-paix-obama-avons-torture-gens\\\/184364\\\/\",\"url\":\"https:\\\/\\\/www.webdo.tn\\\/fr\\\/actualite\\\/international\\\/gagnant-du-prix-nobel-paix-obama-avons-torture-gens\\\/184364\\\/\",\"name\":\"Quand le gagnant du prix Nobel Obama exprime sa compr\u00e9hension de la torture\",\"isPartOf\":{\"@id\":\"https:\\\/\\\/www.webdo.tn\\\/fr\\\/#website\"},\"primaryImageOfPage\":{\"@id\":\"https:\\\/\\\/www.webdo.tn\\\/fr\\\/actualite\\\/international\\\/gagnant-du-prix-nobel-paix-obama-avons-torture-gens\\\/184364\\\/#primaryimage\"},\"image\":{\"@id\":\"https:\\\/\\\/www.webdo.tn\\\/fr\\\/actualite\\\/international\\\/gagnant-du-prix-nobel-paix-obama-avons-torture-gens\\\/184364\\\/#primaryimage\"},\"thumbnailUrl\":\"https:\\\/\\\/www.webdo.tn\\\/fr\\\/wp-content\\\/uploads\\\/2014\\\/08\\\/Obama-wins-nobel-peace-prize.jpg\",\"datePublished\":\"2014-08-07T20:33:00+00:00\",\"dateModified\":\"2025-06-04T18:18:09+00:00\",\"description\":\"Quand le gagnant du prix Nobel Obama exprime sa compr\u00e9hension de la torture\",\"breadcrumb\":{\"@id\":\"https:\\\/\\\/www.webdo.tn\\\/fr\\\/actualite\\\/international\\\/gagnant-du-prix-nobel-paix-obama-avons-torture-gens\\\/184364\\\/#breadcrumb\"},\"inLanguage\":\"fr-FR\",\"potentialAction\":[{\"@type\":\"ReadAction\",\"target\":[\"https:\\\/\\\/www.webdo.tn\\\/fr\\\/actualite\\\/international\\\/gagnant-du-prix-nobel-paix-obama-avons-torture-gens\\\/184364\\\/\"]}]},{\"@type\":\"ImageObject\",\"inLanguage\":\"fr-FR\",\"@id\":\"https:\\\/\\\/www.webdo.tn\\\/fr\\\/actualite\\\/international\\\/gagnant-du-prix-nobel-paix-obama-avons-torture-gens\\\/184364\\\/#primaryimage\",\"url\":\"https:\\\/\\\/www.webdo.tn\\\/fr\\\/wp-content\\\/uploads\\\/2014\\\/08\\\/Obama-wins-nobel-peace-prize.jpg\",\"contentUrl\":\"https:\\\/\\\/www.webdo.tn\\\/fr\\\/wp-content\\\/uploads\\\/2014\\\/08\\\/Obama-wins-nobel-peace-prize.jpg\",\"width\":298,\"height\":223,\"caption\":\"Quand le gagnant du prix Nobel Obama exprime \\\"sa compr\u00e9hension\\\" de la torture\"},{\"@type\":\"BreadcrumbList\",\"@id\":\"https:\\\/\\\/www.webdo.tn\\\/fr\\\/actualite\\\/international\\\/gagnant-du-prix-nobel-paix-obama-avons-torture-gens\\\/184364\\\/#breadcrumb\",\"itemListElement\":[{\"@type\":\"ListItem\",\"position\":1,\"name\":\"Accueil\",\"item\":\"https:\\\/\\\/www.webdo.tn\\\/fr\\\/\"},{\"@type\":\"ListItem\",\"position\":2,\"name\":\"Quand le gagnant du prix Nobel Obama exprime \u00ab\u00a0sa compr\u00e9hension\u00a0\u00bb de la torture\"}]},{\"@type\":\"WebSite\",\"@id\":\"https:\\\/\\\/www.webdo.tn\\\/fr\\\/#website\",\"url\":\"https:\\\/\\\/www.webdo.tn\\\/fr\\\/\",\"name\":\"webdo\",\"description\":\"Tunisie - News en Tunisie et \u00e0 l&#039;international sur Webdo.tn\",\"publisher\":{\"@id\":\"https:\\\/\\\/www.webdo.tn\\\/fr\\\/#organization\"},\"potentialAction\":[{\"@type\":\"SearchAction\",\"target\":{\"@type\":\"EntryPoint\",\"urlTemplate\":\"https:\\\/\\\/www.webdo.tn\\\/fr\\\/?s={search_term_string}\"},\"query-input\":{\"@type\":\"PropertyValueSpecification\",\"valueRequired\":true,\"valueName\":\"search_term_string\"}}],\"inLanguage\":\"fr-FR\"},{\"@type\":\"Organization\",\"@id\":\"https:\\\/\\\/www.webdo.tn\\\/fr\\\/#organization\",\"name\":\"Webdo\",\"alternateName\":\"Webdo.tn\",\"url\":\"https:\\\/\\\/www.webdo.tn\\\/fr\\\/\",\"logo\":{\"@type\":\"ImageObject\",\"inLanguage\":\"fr-FR\",\"@id\":\"https:\\\/\\\/www.webdo.tn\\\/fr\\\/#\\\/schema\\\/logo\\\/image\\\/\",\"url\":\"https:\\\/\\\/www.webdo.tn\\\/fr\\\/wp-content\\\/uploads\\\/2025\\\/06\\\/Webdo-Tunisie_168377.jpg\",\"contentUrl\":\"https:\\\/\\\/www.webdo.tn\\\/fr\\\/wp-content\\\/uploads\\\/2025\\\/06\\\/Webdo-Tunisie_168377.jpg\",\"width\":301,\"height\":301,\"caption\":\"Webdo\"},\"image\":{\"@id\":\"https:\\\/\\\/www.webdo.tn\\\/fr\\\/#\\\/schema\\\/logo\\\/image\\\/\"},\"sameAs\":[\"https:\\\/\\\/www.facebook.com\\\/webdotn\",\"https:\\\/\\\/x.com\\\/webdo_tn\"],\"description\":\"Webdo est un m\u00e9dia num\u00e9rique tunisien fond\u00e9 en 2010, sp\u00e9cialis\u00e9 dans l\u2019actualit\u00e9 nationale et internationale, l\u2019\u00e9conomie, la soci\u00e9t\u00e9 et les analyses politiques. Le site s\u2019adresse \u00e0 un large public francophone et couvre l\u2019information tunisienne en temps r\u00e9el.\",\"email\":\"redac@webdo.tn\",\"legalName\":\"YNJ SARL\",\"foundingDate\":\"2010-09-06\",\"numberOfEmployees\":{\"@type\":\"QuantitativeValue\",\"minValue\":\"11\",\"maxValue\":\"50\"}},{\"@type\":\"Person\",\"@id\":\"https:\\\/\\\/www.webdo.tn\\\/fr\\\/#\\\/schema\\\/person\\\/9a9c6118d687c117df8ef3cc36a4d175\",\"name\":\"webdo.tn\",\"image\":{\"@type\":\"ImageObject\",\"inLanguage\":\"fr-FR\",\"@id\":\"https:\\\/\\\/secure.gravatar.com\\\/avatar\\\/7ce1f28c0c3bbac99ff550b85ef8e44a6950c6ee24514fb6a5489e51d06f0298?s=96&d=mm&r=g\",\"url\":\"https:\\\/\\\/secure.gravatar.com\\\/avatar\\\/7ce1f28c0c3bbac99ff550b85ef8e44a6950c6ee24514fb6a5489e51d06f0298?s=96&d=mm&r=g\",\"contentUrl\":\"https:\\\/\\\/secure.gravatar.com\\\/avatar\\\/7ce1f28c0c3bbac99ff550b85ef8e44a6950c6ee24514fb6a5489e51d06f0298?s=96&d=mm&r=g\",\"caption\":\"webdo.tn\"},\"url\":\"https:\\\/\\\/www.webdo.tn\\\/fr\\\/actualite\\\/author\\\/webdotn\\\/\"}]}<\/script>\n<!-- \/ Yoast SEO Premium plugin. -->","yoast_head_json":{"title":"Quand le gagnant du prix Nobel Obama exprime sa compr\u00e9hension de la torture","description":"Quand le gagnant du prix Nobel Obama exprime sa compr\u00e9hension de la torture","canonical":"https:\/\/www.webdo.tn\/fr\/actualite\/international\/gagnant-du-prix-nobel-paix-obama-avons-torture-gens\/184364\/","og_locale":"fr_FR","og_type":"article","og_title":"Quand le gagnant du prix Nobel Obama exprime \"sa compr\u00e9hension\" de la torture","og_description":"Quand le gagnant du prix Nobel Obama exprime sa compr\u00e9hension de la torture","og_url":"https:\/\/www.webdo.tn\/fr\/actualite\/international\/gagnant-du-prix-nobel-paix-obama-avons-torture-gens\/184364\/","og_site_name":"webdo","article_publisher":"https:\/\/www.facebook.com\/webdotn","article_published_time":"2014-08-07T20:33:00+00:00","article_modified_time":"2025-06-04T18:18:09+00:00","og_image":[{"width":298,"height":223,"url":"https:\/\/www.webdo.tn\/fr\/wp-content\/uploads\/2014\/08\/Obama-wins-nobel-peace-prize.jpg","type":"image\/jpeg"}],"author":"webdo.tn","twitter_card":"summary_large_image","twitter_creator":"@webdo_tn","twitter_site":"@webdo_tn","twitter_misc":{"\u00c9crit par":"webdo.tn","Dur\u00e9e de lecture estim\u00e9e":"1 minute"},"schema":{"@context":"https:\/\/schema.org","@graph":[{"@type":"NewsArticle","@id":"https:\/\/www.webdo.tn\/fr\/actualite\/international\/gagnant-du-prix-nobel-paix-obama-avons-torture-gens\/184364\/#article","isPartOf":{"@id":"https:\/\/www.webdo.tn\/fr\/actualite\/international\/gagnant-du-prix-nobel-paix-obama-avons-torture-gens\/184364\/"},"author":{"name":"webdo.tn","@id":"https:\/\/www.webdo.tn\/fr\/#\/schema\/person\/9a9c6118d687c117df8ef3cc36a4d175"},"headline":"Quand le gagnant du prix Nobel Obama exprime \u00ab\u00a0sa compr\u00e9hension\u00a0\u00bb de la torture","datePublished":"2014-08-07T20:33:00+00:00","dateModified":"2025-06-04T18:18:09+00:00","mainEntityOfPage":{"@id":"https:\/\/www.webdo.tn\/fr\/actualite\/international\/gagnant-du-prix-nobel-paix-obama-avons-torture-gens\/184364\/"},"wordCount":190,"commentCount":0,"publisher":{"@id":"https:\/\/www.webdo.tn\/fr\/#organization"},"image":{"@id":"https:\/\/www.webdo.tn\/fr\/actualite\/international\/gagnant-du-prix-nobel-paix-obama-avons-torture-gens\/184364\/#primaryimage"},"thumbnailUrl":"https:\/\/www.webdo.tn\/fr\/wp-content\/uploads\/2014\/08\/Obama-wins-nobel-peace-prize.jpg","articleSection":["International"],"inLanguage":"fr-FR"},{"@type":"WebPage","@id":"https:\/\/www.webdo.tn\/fr\/actualite\/international\/gagnant-du-prix-nobel-paix-obama-avons-torture-gens\/184364\/","url":"https:\/\/www.webdo.tn\/fr\/actualite\/international\/gagnant-du-prix-nobel-paix-obama-avons-torture-gens\/184364\/","name":"Quand le gagnant du prix Nobel Obama exprime sa compr\u00e9hension de la torture","isPartOf":{"@id":"https:\/\/www.webdo.tn\/fr\/#website"},"primaryImageOfPage":{"@id":"https:\/\/www.webdo.tn\/fr\/actualite\/international\/gagnant-du-prix-nobel-paix-obama-avons-torture-gens\/184364\/#primaryimage"},"image":{"@id":"https:\/\/www.webdo.tn\/fr\/actualite\/international\/gagnant-du-prix-nobel-paix-obama-avons-torture-gens\/184364\/#primaryimage"},"thumbnailUrl":"https:\/\/www.webdo.tn\/fr\/wp-content\/uploads\/2014\/08\/Obama-wins-nobel-peace-prize.jpg","datePublished":"2014-08-07T20:33:00+00:00","dateModified":"2025-06-04T18:18:09+00:00","description":"Quand le gagnant du prix Nobel Obama exprime sa compr\u00e9hension de la torture","breadcrumb":{"@id":"https:\/\/www.webdo.tn\/fr\/actualite\/international\/gagnant-du-prix-nobel-paix-obama-avons-torture-gens\/184364\/#breadcrumb"},"inLanguage":"fr-FR","potentialAction":[{"@type":"ReadAction","target":["https:\/\/www.webdo.tn\/fr\/actualite\/international\/gagnant-du-prix-nobel-paix-obama-avons-torture-gens\/184364\/"]}]},{"@type":"ImageObject","inLanguage":"fr-FR","@id":"https:\/\/www.webdo.tn\/fr\/actualite\/international\/gagnant-du-prix-nobel-paix-obama-avons-torture-gens\/184364\/#primaryimage","url":"https:\/\/www.webdo.tn\/fr\/wp-content\/uploads\/2014\/08\/Obama-wins-nobel-peace-prize.jpg","contentUrl":"https:\/\/www.webdo.tn\/fr\/wp-content\/uploads\/2014\/08\/Obama-wins-nobel-peace-prize.jpg","width":298,"height":223,"caption":"Quand le gagnant du prix Nobel Obama exprime \"sa compr\u00e9hension\" de la torture"},{"@type":"BreadcrumbList","@id":"https:\/\/www.webdo.tn\/fr\/actualite\/international\/gagnant-du-prix-nobel-paix-obama-avons-torture-gens\/184364\/#breadcrumb","itemListElement":[{"@type":"ListItem","position":1,"name":"Accueil","item":"https:\/\/www.webdo.tn\/fr\/"},{"@type":"ListItem","position":2,"name":"Quand le gagnant du prix Nobel Obama exprime \u00ab\u00a0sa compr\u00e9hension\u00a0\u00bb de la torture"}]},{"@type":"WebSite","@id":"https:\/\/www.webdo.tn\/fr\/#website","url":"https:\/\/www.webdo.tn\/fr\/","name":"webdo","description":"Tunisie - News en Tunisie et \u00e0 l&#039;international sur Webdo.tn","publisher":{"@id":"https:\/\/www.webdo.tn\/fr\/#organization"},"potentialAction":[{"@type":"SearchAction","target":{"@type":"EntryPoint","urlTemplate":"https:\/\/www.webdo.tn\/fr\/?s={search_term_string}"},"query-input":{"@type":"PropertyValueSpecification","valueRequired":true,"valueName":"search_term_string"}}],"inLanguage":"fr-FR"},{"@type":"Organization","@id":"https:\/\/www.webdo.tn\/fr\/#organization","name":"Webdo","alternateName":"Webdo.tn","url":"https:\/\/www.webdo.tn\/fr\/","logo":{"@type":"ImageObject","inLanguage":"fr-FR","@id":"https:\/\/www.webdo.tn\/fr\/#\/schema\/logo\/image\/","url":"https:\/\/www.webdo.tn\/fr\/wp-content\/uploads\/2025\/06\/Webdo-Tunisie_168377.jpg","contentUrl":"https:\/\/www.webdo.tn\/fr\/wp-content\/uploads\/2025\/06\/Webdo-Tunisie_168377.jpg","width":301,"height":301,"caption":"Webdo"},"image":{"@id":"https:\/\/www.webdo.tn\/fr\/#\/schema\/logo\/image\/"},"sameAs":["https:\/\/www.facebook.com\/webdotn","https:\/\/x.com\/webdo_tn"],"description":"Webdo est un m\u00e9dia num\u00e9rique tunisien fond\u00e9 en 2010, sp\u00e9cialis\u00e9 dans l\u2019actualit\u00e9 nationale et internationale, l\u2019\u00e9conomie, la soci\u00e9t\u00e9 et les analyses politiques. Le site s\u2019adresse \u00e0 un large public francophone et couvre l\u2019information tunisienne en temps r\u00e9el.","email":"redac@webdo.tn","legalName":"YNJ SARL","foundingDate":"2010-09-06","numberOfEmployees":{"@type":"QuantitativeValue","minValue":"11","maxValue":"50"}},{"@type":"Person","@id":"https:\/\/www.webdo.tn\/fr\/#\/schema\/person\/9a9c6118d687c117df8ef3cc36a4d175","name":"webdo.tn","image":{"@type":"ImageObject","inLanguage":"fr-FR","@id":"https:\/\/secure.gravatar.com\/avatar\/7ce1f28c0c3bbac99ff550b85ef8e44a6950c6ee24514fb6a5489e51d06f0298?s=96&d=mm&r=g","url":"https:\/\/secure.gravatar.com\/avatar\/7ce1f28c0c3bbac99ff550b85ef8e44a6950c6ee24514fb6a5489e51d06f0298?s=96&d=mm&r=g","contentUrl":"https:\/\/secure.gravatar.com\/avatar\/7ce1f28c0c3bbac99ff550b85ef8e44a6950c6ee24514fb6a5489e51d06f0298?s=96&d=mm&r=g","caption":"webdo.tn"},"url":"https:\/\/www.webdo.tn\/fr\/actualite\/author\/webdotn\/"}]}},"_links":{"self":[{"href":"https:\/\/www.webdo.tn\/fr\/wp-json\/wp\/v2\/posts\/184364","targetHints":{"allow":["GET"]}}],"collection":[{"href":"https:\/\/www.webdo.tn\/fr\/wp-json\/wp\/v2\/posts"}],"about":[{"href":"https:\/\/www.webdo.tn\/fr\/wp-json\/wp\/v2\/types\/post"}],"author":[{"embeddable":true,"href":"https:\/\/www.webdo.tn\/fr\/wp-json\/wp\/v2\/users\/3222"}],"replies":[{"embeddable":true,"href":"https:\/\/www.webdo.tn\/fr\/wp-json\/wp\/v2\/comments?post=184364"}],"version-history":[{"count":0,"href":"https:\/\/www.webdo.tn\/fr\/wp-json\/wp\/v2\/posts\/184364\/revisions"}],"wp:featuredmedia":[{"embeddable":true,"href":"https:\/\/www.webdo.tn\/fr\/wp-json\/wp\/v2\/media\/331709"}],"wp:attachment":[{"href":"https:\/\/www.webdo.tn\/fr\/wp-json\/wp\/v2\/media?parent=184364"}],"wp:term":[{"taxonomy":"category","embeddable":true,"href":"https:\/\/www.webdo.tn\/fr\/wp-json\/wp\/v2\/categories?post=184364"},{"taxonomy":"post_tag","embeddable":true,"href":"https:\/\/www.webdo.tn\/fr\/wp-json\/wp\/v2\/tags?post=184364"}],"curies":[{"name":"wp","href":"https:\/\/api.w.org\/{rel}","templated":true}]}}