{"id":184363,"date":"2014-08-08T09:44:00","date_gmt":"2014-08-08T09:44:00","guid":{"rendered":"https:\/\/www.webdo.tn\/fr\/blog\/virus-ebola-loms-decrete-urgence-sante-publique-portee-mondiale-demande-aux-etats-se-preparer\/184363\/"},"modified":"2014-08-08T09:44:00","modified_gmt":"2014-08-08T09:44:00","slug":"virus-ebola-loms-decrete-urgence-sante-publique-portee-mondiale-demande-aux-etats-se-preparer","status":"publish","type":"post","link":"https:\/\/www.webdo.tn\/fr\/actualite\/international\/virus-ebola-loms-decrete-urgence-sante-publique-portee-mondiale-demande-aux-etats-se-preparer\/184363\/","title":{"rendered":"Ebola : l&rsquo;OMS d\u00e9cr\u00e8te une \u00ab\u00a0urgence de sant\u00e9 publique de port\u00e9e mondiale\u00a0\u00bb"},"content":{"rendered":"<p>L&rsquo;Organisation mondiale de la sant\u00e9 (OMS) a annonc\u00e9 ce vendredi 8 ao\u00fbt\u00a0 \u00e0 l&rsquo;issue d&rsquo;une r\u00e9union de son comit\u00e9 d&rsquo;urgence \u00e0 Gen\u00e8ve (Suisse) que l&rsquo;\u00e9pid\u00e9mie de fi\u00e8vre h\u00e9morragique provoqu\u00e9e par le virus Ebola \u00e9tait d\u00e9sormais une \u00ab\u00a0urgence de sant\u00e9 publique de port\u00e9e mondiale\u00a0\u00bb.<\/p>\n<p>L&rsquo;\u00e9pid\u00e9mie d&rsquo;Ebola, qui a fait 932 morts \u00e0 ce jour selon l&rsquo;OMS, continue en effet de se propager, m\u00eame si elle reste pour l&rsquo;instant cantonn\u00e9e \u00e0 trois pays d&rsquo;Afrique de l&rsquo;Ouest : la Guin\u00e9e, la Sierra Leone et le Liberia.<\/p>\n<p>\u00ab\u00a0C&rsquo;est l&rsquo;\u00e9pid\u00e9mie la plus grave en quatre d\u00e9cennies\u00a0\u00bb, s&rsquo;est inqui\u00e8te l&rsquo;OMS, qui estime qu&rsquo; \u00ab\u00a0une r\u00e9ponse internationale coordonn\u00e9e est essentielle pour arr\u00eater et faire reculer la propagation internationale d&rsquo;Ebola\u00a0\u00bb.<\/p>\n<p>\u00ab\u00a0Les \u00c9tats doivent se pr\u00e9parer \u00e0 d\u00e9tecter des cas de malades Ebola\u00a0\u00bb et \u00ab\u00a0\u00e0 faciliter l&rsquo;\u00e9vacuation de leurs ressortissants, en particulier les personnels m\u00e9dicaux, qui ont \u00e9t\u00e9 expos\u00e9s \u00e0 Ebola\u00a0\u00bb, a d\u00e9clar\u00e9 Maragaret Chang, la directrice g\u00e9n\u00e9rale de l&rsquo;OMS.<\/p>\n<p>En Tunisie, pays qui n&rsquo;est pas touch\u00e9 par l&rsquo;\u00e9pid\u00e9mie pour le moment, le minist\u00e8re de la Sant\u00e9 a mis en place un plan de pr\u00e9vention contre le virus, supervis\u00e9 par l&rsquo;Observatoire national des maladies nouvelles et \u00e9mergentes.<\/p>\n","protected":false},"excerpt":{"rendered":"<p>Ebola : l&rsquo;OMS d\u00e9cr\u00e8te une  urgence de sant\u00e9 publique de port\u00e9e mondiale<\/p>\n","protected":false},"author":3222,"featured_media":373735,"comment_status":"open","ping_status":"closed","sticky":false,"template":"","format":"standard","meta":{"footnotes":""},"categories":[2598],"tags":[2600],"class_list":["post-184363","post","type-post","status-publish","format-standard","has-post-thumbnail","hentry","category-international","tag-guerre"],"yoast_head":"<!-- This site is optimized with the Yoast SEO Premium plugin v27.5 (Yoast SEO v27.5) - https:\/\/yoast.com\/product\/yoast-seo-premium-wordpress\/ -->\n<title>Ebola : l&#039;OMS d\u00e9cr\u00e8te une urgence de sant\u00e9 publique de port\u00e9e mondiale<\/title>\n<meta name=\"description\" content=\"Ebola : l&#039;OMS d\u00e9cr\u00e8te une urgence de sant\u00e9 publique de port\u00e9e mondiale\" \/>\n<link rel=\"canonical\" href=\"https:\/\/www.webdo.tn\/fr\/actualite\/international\/virus-ebola-loms-decrete-urgence-sante-publique-portee-mondiale-demande-aux-etats-se-preparer\/184363\/\" \/>\n<meta property=\"og:locale\" content=\"fr_FR\" \/>\n<meta property=\"og:type\" content=\"article\" \/>\n<meta property=\"og:title\" content=\"Ebola : l&#039;OMS d\u00e9cr\u00e8te une &quot;urgence de sant\u00e9 publique de port\u00e9e mondiale&quot;\" \/>\n<meta property=\"og:description\" content=\"Ebola : l&#039;OMS d\u00e9cr\u00e8te une urgence de sant\u00e9 publique de port\u00e9e mondiale\" \/>\n<meta property=\"og:url\" content=\"https:\/\/www.webdo.tn\/fr\/actualite\/international\/virus-ebola-loms-decrete-urgence-sante-publique-portee-mondiale-demande-aux-etats-se-preparer\/184363\/\" \/>\n<meta property=\"og:site_name\" content=\"webdo\" \/>\n<meta property=\"article:publisher\" content=\"https:\/\/www.facebook.com\/webdotn\" \/>\n<meta property=\"article:published_time\" content=\"2014-08-08T09:44:00+00:00\" \/>\n<meta name=\"author\" content=\"webdo.tn\" \/>\n<meta name=\"twitter:card\" content=\"summary_large_image\" \/>\n<meta name=\"twitter:creator\" content=\"@webdo_tn\" \/>\n<meta name=\"twitter:site\" content=\"@webdo_tn\" \/>\n<meta name=\"twitter:label1\" content=\"\u00c9crit par\" \/>\n\t<meta name=\"twitter:data1\" content=\"webdo.tn\" \/>\n\t<meta name=\"twitter:label2\" content=\"Dur\u00e9e de lecture estim\u00e9e\" \/>\n\t<meta name=\"twitter:data2\" content=\"1 minute\" \/>\n<script type=\"application\/ld+json\" class=\"yoast-schema-graph\">{\"@context\":\"https:\\\/\\\/schema.org\",\"@graph\":[{\"@type\":\"NewsArticle\",\"@id\":\"https:\\\/\\\/www.webdo.tn\\\/fr\\\/actualite\\\/international\\\/virus-ebola-loms-decrete-urgence-sante-publique-portee-mondiale-demande-aux-etats-se-preparer\\\/184363\\\/#article\",\"isPartOf\":{\"@id\":\"https:\\\/\\\/www.webdo.tn\\\/fr\\\/actualite\\\/international\\\/virus-ebola-loms-decrete-urgence-sante-publique-portee-mondiale-demande-aux-etats-se-preparer\\\/184363\\\/\"},\"author\":{\"name\":\"webdo.tn\",\"@id\":\"https:\\\/\\\/www.webdo.tn\\\/fr\\\/#\\\/schema\\\/person\\\/9a9c6118d687c117df8ef3cc36a4d175\"},\"headline\":\"Ebola : l&rsquo;OMS d\u00e9cr\u00e8te une \u00ab\u00a0urgence de sant\u00e9 publique de port\u00e9e mondiale\u00a0\u00bb\",\"datePublished\":\"2014-08-08T09:44:00+00:00\",\"mainEntityOfPage\":{\"@id\":\"https:\\\/\\\/www.webdo.tn\\\/fr\\\/actualite\\\/international\\\/virus-ebola-loms-decrete-urgence-sante-publique-portee-mondiale-demande-aux-etats-se-preparer\\\/184363\\\/\"},\"wordCount\":243,\"commentCount\":0,\"publisher\":{\"@id\":\"https:\\\/\\\/www.webdo.tn\\\/fr\\\/#organization\"},\"image\":{\"@id\":\"https:\\\/\\\/www.webdo.tn\\\/fr\\\/actualite\\\/international\\\/virus-ebola-loms-decrete-urgence-sante-publique-portee-mondiale-demande-aux-etats-se-preparer\\\/184363\\\/#primaryimage\"},\"thumbnailUrl\":\"https:\\\/\\\/www.webdo.tn\\\/fr\\\/wp-content\\\/uploads\\\/2025\\\/06\\\/Epidemie-ebola-300x200_184363.jpg\",\"keywords\":[\"guerre\"],\"articleSection\":[\"International\"],\"inLanguage\":\"fr-FR\"},{\"@type\":\"WebPage\",\"@id\":\"https:\\\/\\\/www.webdo.tn\\\/fr\\\/actualite\\\/international\\\/virus-ebola-loms-decrete-urgence-sante-publique-portee-mondiale-demande-aux-etats-se-preparer\\\/184363\\\/\",\"url\":\"https:\\\/\\\/www.webdo.tn\\\/fr\\\/actualite\\\/international\\\/virus-ebola-loms-decrete-urgence-sante-publique-portee-mondiale-demande-aux-etats-se-preparer\\\/184363\\\/\",\"name\":\"Ebola : l'OMS d\u00e9cr\u00e8te une urgence de sant\u00e9 publique de port\u00e9e mondiale\",\"isPartOf\":{\"@id\":\"https:\\\/\\\/www.webdo.tn\\\/fr\\\/#website\"},\"primaryImageOfPage\":{\"@id\":\"https:\\\/\\\/www.webdo.tn\\\/fr\\\/actualite\\\/international\\\/virus-ebola-loms-decrete-urgence-sante-publique-portee-mondiale-demande-aux-etats-se-preparer\\\/184363\\\/#primaryimage\"},\"image\":{\"@id\":\"https:\\\/\\\/www.webdo.tn\\\/fr\\\/actualite\\\/international\\\/virus-ebola-loms-decrete-urgence-sante-publique-portee-mondiale-demande-aux-etats-se-preparer\\\/184363\\\/#primaryimage\"},\"thumbnailUrl\":\"https:\\\/\\\/www.webdo.tn\\\/fr\\\/wp-content\\\/uploads\\\/2025\\\/06\\\/Epidemie-ebola-300x200_184363.jpg\",\"datePublished\":\"2014-08-08T09:44:00+00:00\",\"description\":\"Ebola : l'OMS d\u00e9cr\u00e8te une urgence de sant\u00e9 publique de port\u00e9e mondiale\",\"breadcrumb\":{\"@id\":\"https:\\\/\\\/www.webdo.tn\\\/fr\\\/actualite\\\/international\\\/virus-ebola-loms-decrete-urgence-sante-publique-portee-mondiale-demande-aux-etats-se-preparer\\\/184363\\\/#breadcrumb\"},\"inLanguage\":\"fr-FR\",\"potentialAction\":[{\"@type\":\"ReadAction\",\"target\":[\"https:\\\/\\\/www.webdo.tn\\\/fr\\\/actualite\\\/international\\\/virus-ebola-loms-decrete-urgence-sante-publique-portee-mondiale-demande-aux-etats-se-preparer\\\/184363\\\/\"]}]},{\"@type\":\"ImageObject\",\"inLanguage\":\"fr-FR\",\"@id\":\"https:\\\/\\\/www.webdo.tn\\\/fr\\\/actualite\\\/international\\\/virus-ebola-loms-decrete-urgence-sante-publique-portee-mondiale-demande-aux-etats-se-preparer\\\/184363\\\/#primaryimage\",\"url\":\"https:\\\/\\\/www.webdo.tn\\\/fr\\\/wp-content\\\/uploads\\\/2025\\\/06\\\/Epidemie-ebola-300x200_184363.jpg\",\"contentUrl\":\"https:\\\/\\\/www.webdo.tn\\\/fr\\\/wp-content\\\/uploads\\\/2025\\\/06\\\/Epidemie-ebola-300x200_184363.jpg\",\"width\":300,\"height\":200,\"caption\":\"Ebola : l'OMS d\u00e9cr\u00e8te une \\\"urgence de sant\u00e9 publique de port\u00e9e mondiale\\\"\"},{\"@type\":\"BreadcrumbList\",\"@id\":\"https:\\\/\\\/www.webdo.tn\\\/fr\\\/actualite\\\/international\\\/virus-ebola-loms-decrete-urgence-sante-publique-portee-mondiale-demande-aux-etats-se-preparer\\\/184363\\\/#breadcrumb\",\"itemListElement\":[{\"@type\":\"ListItem\",\"position\":1,\"name\":\"Accueil\",\"item\":\"https:\\\/\\\/www.webdo.tn\\\/fr\\\/\"},{\"@type\":\"ListItem\",\"position\":2,\"name\":\"Ebola : l&rsquo;OMS d\u00e9cr\u00e8te une \u00ab\u00a0urgence de sant\u00e9 publique de port\u00e9e mondiale\u00a0\u00bb\"}]},{\"@type\":\"WebSite\",\"@id\":\"https:\\\/\\\/www.webdo.tn\\\/fr\\\/#website\",\"url\":\"https:\\\/\\\/www.webdo.tn\\\/fr\\\/\",\"name\":\"webdo\",\"description\":\"Tunisie - News en Tunisie et \u00e0 l&#039;international sur Webdo.tn\",\"publisher\":{\"@id\":\"https:\\\/\\\/www.webdo.tn\\\/fr\\\/#organization\"},\"potentialAction\":[{\"@type\":\"SearchAction\",\"target\":{\"@type\":\"EntryPoint\",\"urlTemplate\":\"https:\\\/\\\/www.webdo.tn\\\/fr\\\/?s={search_term_string}\"},\"query-input\":{\"@type\":\"PropertyValueSpecification\",\"valueRequired\":true,\"valueName\":\"search_term_string\"}}],\"inLanguage\":\"fr-FR\"},{\"@type\":\"Organization\",\"@id\":\"https:\\\/\\\/www.webdo.tn\\\/fr\\\/#organization\",\"name\":\"Webdo\",\"alternateName\":\"Webdo.tn\",\"url\":\"https:\\\/\\\/www.webdo.tn\\\/fr\\\/\",\"logo\":{\"@type\":\"ImageObject\",\"inLanguage\":\"fr-FR\",\"@id\":\"https:\\\/\\\/www.webdo.tn\\\/fr\\\/#\\\/schema\\\/logo\\\/image\\\/\",\"url\":\"https:\\\/\\\/www.webdo.tn\\\/fr\\\/wp-content\\\/uploads\\\/2025\\\/06\\\/Webdo-Tunisie_168377.jpg\",\"contentUrl\":\"https:\\\/\\\/www.webdo.tn\\\/fr\\\/wp-content\\\/uploads\\\/2025\\\/06\\\/Webdo-Tunisie_168377.jpg\",\"width\":301,\"height\":301,\"caption\":\"Webdo\"},\"image\":{\"@id\":\"https:\\\/\\\/www.webdo.tn\\\/fr\\\/#\\\/schema\\\/logo\\\/image\\\/\"},\"sameAs\":[\"https:\\\/\\\/www.facebook.com\\\/webdotn\",\"https:\\\/\\\/x.com\\\/webdo_tn\"],\"description\":\"Webdo est un m\u00e9dia num\u00e9rique tunisien fond\u00e9 en 2010, sp\u00e9cialis\u00e9 dans l\u2019actualit\u00e9 nationale et internationale, l\u2019\u00e9conomie, la soci\u00e9t\u00e9 et les analyses politiques. Le site s\u2019adresse \u00e0 un large public francophone et couvre l\u2019information tunisienne en temps r\u00e9el.\",\"email\":\"redac@webdo.tn\",\"legalName\":\"YNJ SARL\",\"foundingDate\":\"2010-09-06\",\"numberOfEmployees\":{\"@type\":\"QuantitativeValue\",\"minValue\":\"11\",\"maxValue\":\"50\"}},{\"@type\":\"Person\",\"@id\":\"https:\\\/\\\/www.webdo.tn\\\/fr\\\/#\\\/schema\\\/person\\\/9a9c6118d687c117df8ef3cc36a4d175\",\"name\":\"webdo.tn\",\"image\":{\"@type\":\"ImageObject\",\"inLanguage\":\"fr-FR\",\"@id\":\"https:\\\/\\\/secure.gravatar.com\\\/avatar\\\/7ce1f28c0c3bbac99ff550b85ef8e44a6950c6ee24514fb6a5489e51d06f0298?s=96&d=mm&r=g\",\"url\":\"https:\\\/\\\/secure.gravatar.com\\\/avatar\\\/7ce1f28c0c3bbac99ff550b85ef8e44a6950c6ee24514fb6a5489e51d06f0298?s=96&d=mm&r=g\",\"contentUrl\":\"https:\\\/\\\/secure.gravatar.com\\\/avatar\\\/7ce1f28c0c3bbac99ff550b85ef8e44a6950c6ee24514fb6a5489e51d06f0298?s=96&d=mm&r=g\",\"caption\":\"webdo.tn\"},\"url\":\"https:\\\/\\\/www.webdo.tn\\\/fr\\\/actualite\\\/author\\\/webdotn\\\/\"}]}<\/script>\n<!-- \/ Yoast SEO Premium plugin. -->","yoast_head_json":{"title":"Ebola : l'OMS d\u00e9cr\u00e8te une urgence de sant\u00e9 publique de port\u00e9e mondiale","description":"Ebola : l'OMS d\u00e9cr\u00e8te une urgence de sant\u00e9 publique de port\u00e9e mondiale","canonical":"https:\/\/www.webdo.tn\/fr\/actualite\/international\/virus-ebola-loms-decrete-urgence-sante-publique-portee-mondiale-demande-aux-etats-se-preparer\/184363\/","og_locale":"fr_FR","og_type":"article","og_title":"Ebola : l'OMS d\u00e9cr\u00e8te une \"urgence de sant\u00e9 publique de port\u00e9e mondiale\"","og_description":"Ebola : l'OMS d\u00e9cr\u00e8te une urgence de sant\u00e9 publique de port\u00e9e mondiale","og_url":"https:\/\/www.webdo.tn\/fr\/actualite\/international\/virus-ebola-loms-decrete-urgence-sante-publique-portee-mondiale-demande-aux-etats-se-preparer\/184363\/","og_site_name":"webdo","article_publisher":"https:\/\/www.facebook.com\/webdotn","article_published_time":"2014-08-08T09:44:00+00:00","author":"webdo.tn","twitter_card":"summary_large_image","twitter_creator":"@webdo_tn","twitter_site":"@webdo_tn","twitter_misc":{"\u00c9crit par":"webdo.tn","Dur\u00e9e de lecture estim\u00e9e":"1 minute"},"schema":{"@context":"https:\/\/schema.org","@graph":[{"@type":"NewsArticle","@id":"https:\/\/www.webdo.tn\/fr\/actualite\/international\/virus-ebola-loms-decrete-urgence-sante-publique-portee-mondiale-demande-aux-etats-se-preparer\/184363\/#article","isPartOf":{"@id":"https:\/\/www.webdo.tn\/fr\/actualite\/international\/virus-ebola-loms-decrete-urgence-sante-publique-portee-mondiale-demande-aux-etats-se-preparer\/184363\/"},"author":{"name":"webdo.tn","@id":"https:\/\/www.webdo.tn\/fr\/#\/schema\/person\/9a9c6118d687c117df8ef3cc36a4d175"},"headline":"Ebola : l&rsquo;OMS d\u00e9cr\u00e8te une \u00ab\u00a0urgence de sant\u00e9 publique de port\u00e9e mondiale\u00a0\u00bb","datePublished":"2014-08-08T09:44:00+00:00","mainEntityOfPage":{"@id":"https:\/\/www.webdo.tn\/fr\/actualite\/international\/virus-ebola-loms-decrete-urgence-sante-publique-portee-mondiale-demande-aux-etats-se-preparer\/184363\/"},"wordCount":243,"commentCount":0,"publisher":{"@id":"https:\/\/www.webdo.tn\/fr\/#organization"},"image":{"@id":"https:\/\/www.webdo.tn\/fr\/actualite\/international\/virus-ebola-loms-decrete-urgence-sante-publique-portee-mondiale-demande-aux-etats-se-preparer\/184363\/#primaryimage"},"thumbnailUrl":"https:\/\/www.webdo.tn\/fr\/wp-content\/uploads\/2025\/06\/Epidemie-ebola-300x200_184363.jpg","keywords":["guerre"],"articleSection":["International"],"inLanguage":"fr-FR"},{"@type":"WebPage","@id":"https:\/\/www.webdo.tn\/fr\/actualite\/international\/virus-ebola-loms-decrete-urgence-sante-publique-portee-mondiale-demande-aux-etats-se-preparer\/184363\/","url":"https:\/\/www.webdo.tn\/fr\/actualite\/international\/virus-ebola-loms-decrete-urgence-sante-publique-portee-mondiale-demande-aux-etats-se-preparer\/184363\/","name":"Ebola : l'OMS d\u00e9cr\u00e8te une urgence de sant\u00e9 publique de port\u00e9e mondiale","isPartOf":{"@id":"https:\/\/www.webdo.tn\/fr\/#website"},"primaryImageOfPage":{"@id":"https:\/\/www.webdo.tn\/fr\/actualite\/international\/virus-ebola-loms-decrete-urgence-sante-publique-portee-mondiale-demande-aux-etats-se-preparer\/184363\/#primaryimage"},"image":{"@id":"https:\/\/www.webdo.tn\/fr\/actualite\/international\/virus-ebola-loms-decrete-urgence-sante-publique-portee-mondiale-demande-aux-etats-se-preparer\/184363\/#primaryimage"},"thumbnailUrl":"https:\/\/www.webdo.tn\/fr\/wp-content\/uploads\/2025\/06\/Epidemie-ebola-300x200_184363.jpg","datePublished":"2014-08-08T09:44:00+00:00","description":"Ebola : l'OMS d\u00e9cr\u00e8te une urgence de sant\u00e9 publique de port\u00e9e mondiale","breadcrumb":{"@id":"https:\/\/www.webdo.tn\/fr\/actualite\/international\/virus-ebola-loms-decrete-urgence-sante-publique-portee-mondiale-demande-aux-etats-se-preparer\/184363\/#breadcrumb"},"inLanguage":"fr-FR","potentialAction":[{"@type":"ReadAction","target":["https:\/\/www.webdo.tn\/fr\/actualite\/international\/virus-ebola-loms-decrete-urgence-sante-publique-portee-mondiale-demande-aux-etats-se-preparer\/184363\/"]}]},{"@type":"ImageObject","inLanguage":"fr-FR","@id":"https:\/\/www.webdo.tn\/fr\/actualite\/international\/virus-ebola-loms-decrete-urgence-sante-publique-portee-mondiale-demande-aux-etats-se-preparer\/184363\/#primaryimage","url":"https:\/\/www.webdo.tn\/fr\/wp-content\/uploads\/2025\/06\/Epidemie-ebola-300x200_184363.jpg","contentUrl":"https:\/\/www.webdo.tn\/fr\/wp-content\/uploads\/2025\/06\/Epidemie-ebola-300x200_184363.jpg","width":300,"height":200,"caption":"Ebola : l'OMS d\u00e9cr\u00e8te une \"urgence de sant\u00e9 publique de port\u00e9e mondiale\""},{"@type":"BreadcrumbList","@id":"https:\/\/www.webdo.tn\/fr\/actualite\/international\/virus-ebola-loms-decrete-urgence-sante-publique-portee-mondiale-demande-aux-etats-se-preparer\/184363\/#breadcrumb","itemListElement":[{"@type":"ListItem","position":1,"name":"Accueil","item":"https:\/\/www.webdo.tn\/fr\/"},{"@type":"ListItem","position":2,"name":"Ebola : l&rsquo;OMS d\u00e9cr\u00e8te une \u00ab\u00a0urgence de sant\u00e9 publique de port\u00e9e mondiale\u00a0\u00bb"}]},{"@type":"WebSite","@id":"https:\/\/www.webdo.tn\/fr\/#website","url":"https:\/\/www.webdo.tn\/fr\/","name":"webdo","description":"Tunisie - News en Tunisie et \u00e0 l&#039;international sur Webdo.tn","publisher":{"@id":"https:\/\/www.webdo.tn\/fr\/#organization"},"potentialAction":[{"@type":"SearchAction","target":{"@type":"EntryPoint","urlTemplate":"https:\/\/www.webdo.tn\/fr\/?s={search_term_string}"},"query-input":{"@type":"PropertyValueSpecification","valueRequired":true,"valueName":"search_term_string"}}],"inLanguage":"fr-FR"},{"@type":"Organization","@id":"https:\/\/www.webdo.tn\/fr\/#organization","name":"Webdo","alternateName":"Webdo.tn","url":"https:\/\/www.webdo.tn\/fr\/","logo":{"@type":"ImageObject","inLanguage":"fr-FR","@id":"https:\/\/www.webdo.tn\/fr\/#\/schema\/logo\/image\/","url":"https:\/\/www.webdo.tn\/fr\/wp-content\/uploads\/2025\/06\/Webdo-Tunisie_168377.jpg","contentUrl":"https:\/\/www.webdo.tn\/fr\/wp-content\/uploads\/2025\/06\/Webdo-Tunisie_168377.jpg","width":301,"height":301,"caption":"Webdo"},"image":{"@id":"https:\/\/www.webdo.tn\/fr\/#\/schema\/logo\/image\/"},"sameAs":["https:\/\/www.facebook.com\/webdotn","https:\/\/x.com\/webdo_tn"],"description":"Webdo est un m\u00e9dia num\u00e9rique tunisien fond\u00e9 en 2010, sp\u00e9cialis\u00e9 dans l\u2019actualit\u00e9 nationale et internationale, l\u2019\u00e9conomie, la soci\u00e9t\u00e9 et les analyses politiques. Le site s\u2019adresse \u00e0 un large public francophone et couvre l\u2019information tunisienne en temps r\u00e9el.","email":"redac@webdo.tn","legalName":"YNJ SARL","foundingDate":"2010-09-06","numberOfEmployees":{"@type":"QuantitativeValue","minValue":"11","maxValue":"50"}},{"@type":"Person","@id":"https:\/\/www.webdo.tn\/fr\/#\/schema\/person\/9a9c6118d687c117df8ef3cc36a4d175","name":"webdo.tn","image":{"@type":"ImageObject","inLanguage":"fr-FR","@id":"https:\/\/secure.gravatar.com\/avatar\/7ce1f28c0c3bbac99ff550b85ef8e44a6950c6ee24514fb6a5489e51d06f0298?s=96&d=mm&r=g","url":"https:\/\/secure.gravatar.com\/avatar\/7ce1f28c0c3bbac99ff550b85ef8e44a6950c6ee24514fb6a5489e51d06f0298?s=96&d=mm&r=g","contentUrl":"https:\/\/secure.gravatar.com\/avatar\/7ce1f28c0c3bbac99ff550b85ef8e44a6950c6ee24514fb6a5489e51d06f0298?s=96&d=mm&r=g","caption":"webdo.tn"},"url":"https:\/\/www.webdo.tn\/fr\/actualite\/author\/webdotn\/"}]}},"_links":{"self":[{"href":"https:\/\/www.webdo.tn\/fr\/wp-json\/wp\/v2\/posts\/184363","targetHints":{"allow":["GET"]}}],"collection":[{"href":"https:\/\/www.webdo.tn\/fr\/wp-json\/wp\/v2\/posts"}],"about":[{"href":"https:\/\/www.webdo.tn\/fr\/wp-json\/wp\/v2\/types\/post"}],"author":[{"embeddable":true,"href":"https:\/\/www.webdo.tn\/fr\/wp-json\/wp\/v2\/users\/3222"}],"replies":[{"embeddable":true,"href":"https:\/\/www.webdo.tn\/fr\/wp-json\/wp\/v2\/comments?post=184363"}],"version-history":[{"count":0,"href":"https:\/\/www.webdo.tn\/fr\/wp-json\/wp\/v2\/posts\/184363\/revisions"}],"wp:featuredmedia":[{"embeddable":true,"href":"https:\/\/www.webdo.tn\/fr\/wp-json\/wp\/v2\/media\/373735"}],"wp:attachment":[{"href":"https:\/\/www.webdo.tn\/fr\/wp-json\/wp\/v2\/media?parent=184363"}],"wp:term":[{"taxonomy":"category","embeddable":true,"href":"https:\/\/www.webdo.tn\/fr\/wp-json\/wp\/v2\/categories?post=184363"},{"taxonomy":"post_tag","embeddable":true,"href":"https:\/\/www.webdo.tn\/fr\/wp-json\/wp\/v2\/tags?post=184363"}],"curies":[{"name":"wp","href":"https:\/\/api.w.org\/{rel}","templated":true}]}}