{"id":184362,"date":"2014-08-08T16:13:00","date_gmt":"2014-08-08T16:13:00","guid":{"rendered":"https:\/\/www.webdo.tn\/fr\/blog\/irak-les-etats-unis-bombardent-positions-letat-islamique\/184362\/"},"modified":"2014-08-08T16:13:00","modified_gmt":"2014-08-08T16:13:00","slug":"irak-les-etats-unis-bombardent-positions-letat-islamique","status":"publish","type":"post","link":"https:\/\/www.webdo.tn\/fr\/actualite\/international\/irak-les-etats-unis-bombardent-positions-letat-islamique\/184362\/","title":{"rendered":"Irak : Les \u00c9tats-Unis bombardent des positions de l\u2019\u00c9tat islamique"},"content":{"rendered":"<p>Monde arabe | Deux chasseurs bombardiers am\u00e9ricains ont largu\u00e9, ce vendredi 8 ao\u00fbt, des bombes de 250 kg sur une pi\u00e8ce d&rsquo;artillerie mobile de l&rsquo;Etat islamique (EI) qui avait vis\u00e9 des forces kurdes \u00e0 Erbil, a annonc\u00e9 le porte-parole du Pentagone, l&rsquo;amiral John Kirby.<br \/>\nUS military aircraft conduct strike on ISIL artillery. Artillery was used against Kurdish forces defending Erbil, near US personnel.<\/p>\n<p>\u2014 Rear Adm. John Kirby (@PentagonPresSec) 8 Ao\u00fbt 2014<\/p>\n<p>\u00ab\u00a0Des avions militaires am\u00e9ricains lancent des frappes contre l&rsquo;artillerie de l\u2019\u00c9tat islamique. L&rsquo;artillerie a \u00e9t\u00e9 utilis\u00e9e contre des forces kurdes qui d\u00e9fendent Erbil, pr\u00e8s de personnels am\u00e9ricains\u00a0\u00bb, a d\u00e9clar\u00e9 l&rsquo;amiral John Kirby sur Twitter.<\/p>\n<p>Selon Elaph, 45 morts et 60 bless\u00e9s ont \u00e9t\u00e9 d\u00e9compt\u00e9s jusqu&rsquo;\u00e0 maintenant suite au raid qui a cibl\u00e9 le palais Khanadhour. Abou Arabi, le juge \u00e9gyptien de l&rsquo;organisation EI, ainsi que Abou Ghaza, l&rsquo;un des plus importants conseillers de Abou Bakr Al Baghdadi, ont \u00e9t\u00e9 \u00e9galement tu\u00e9s.<\/p>\n<p>Dans sa d\u00e9claration \u00e0 AFP, le chef de l&rsquo;arm\u00e9e irakienne, Babaker Zebari, a estim\u00e9 que cet appui a\u00e9rien allait permettre d&rsquo;\u00e9normes changements sur le terrain dans les prochaines heures.<\/p>\n<p>Les combattants de l&rsquo;EI avaient encore marqu\u00e9 des points jeudi avec la prise de Qaraqosh, la plus grande ville chr\u00e9tienne d&rsquo;Irak, suivie de celle du barrage de Mossoul, le plus grand du pays, qui contr\u00f4le l&rsquo;alimentation en eau et en \u00e9lectricit\u00e9 de toute la r\u00e9gion.<\/p>\n<p>Jeudi soir, le pr\u00e9sident am\u00e9ricain Barack Obama avait autoris\u00e9 des frappes militaires cibl\u00e9es si n\u00e9cessaire pour aider les forces irakiennes qui se battent pour (&#8230;) prot\u00e9ger les civils pris au pi\u00e8ge.<\/p>\n","protected":false},"excerpt":{"rendered":"<p>Irak : Les \u00c9tats-Unis bombardent des positions de l\u2019\u00c9tat islamique<\/p>\n","protected":false},"author":3222,"featured_media":331697,"comment_status":"open","ping_status":"closed","sticky":false,"template":"","format":"standard","meta":{"footnotes":""},"categories":[2598],"tags":[2600],"class_list":["post-184362","post","type-post","status-publish","format-standard","has-post-thumbnail","hentry","category-international","tag-guerre"],"yoast_head":"<!-- This site is optimized with the Yoast SEO Premium plugin v27.5 (Yoast SEO v27.5) - https:\/\/yoast.com\/product\/yoast-seo-premium-wordpress\/ -->\n<title>Irak : Les \u00c9tats-Unis bombardent des positions de l\u2019\u00c9tat islamique<\/title>\n<meta name=\"description\" content=\"Irak : Les \u00c9tats-Unis bombardent des positions de l\u2019\u00c9tat islamique\" \/>\n<link rel=\"canonical\" href=\"https:\/\/www.webdo.tn\/fr\/actualite\/international\/irak-les-etats-unis-bombardent-positions-letat-islamique\/184362\/\" \/>\n<meta property=\"og:locale\" content=\"fr_FR\" \/>\n<meta property=\"og:type\" content=\"article\" \/>\n<meta property=\"og:title\" content=\"Irak : Les \u00c9tats-Unis bombardent des positions de l\u2019\u00c9tat islamique\" \/>\n<meta property=\"og:description\" content=\"Irak : Les \u00c9tats-Unis bombardent des positions de l\u2019\u00c9tat islamique\" \/>\n<meta property=\"og:url\" content=\"https:\/\/www.webdo.tn\/fr\/actualite\/international\/irak-les-etats-unis-bombardent-positions-letat-islamique\/184362\/\" \/>\n<meta property=\"og:site_name\" content=\"webdo\" \/>\n<meta property=\"article:publisher\" content=\"https:\/\/www.facebook.com\/webdotn\" \/>\n<meta property=\"article:published_time\" content=\"2014-08-08T16:13:00+00:00\" \/>\n<meta property=\"og:image\" content=\"https:\/\/www.webdo.tn\/fr\/wp-content\/uploads\/2014\/08\/FA-18.jpg\" \/>\n\t<meta property=\"og:image:width\" content=\"580\" \/>\n\t<meta property=\"og:image:height\" content=\"290\" \/>\n\t<meta property=\"og:image:type\" content=\"image\/jpeg\" \/>\n<meta name=\"author\" content=\"webdo.tn\" \/>\n<meta name=\"twitter:card\" content=\"summary_large_image\" \/>\n<meta name=\"twitter:creator\" content=\"@webdo_tn\" \/>\n<meta name=\"twitter:site\" content=\"@webdo_tn\" \/>\n<meta name=\"twitter:label1\" content=\"\u00c9crit par\" \/>\n\t<meta name=\"twitter:data1\" content=\"webdo.tn\" \/>\n\t<meta name=\"twitter:label2\" content=\"Dur\u00e9e de lecture estim\u00e9e\" \/>\n\t<meta name=\"twitter:data2\" content=\"1 minute\" \/>\n<script type=\"application\/ld+json\" class=\"yoast-schema-graph\">{\"@context\":\"https:\\\/\\\/schema.org\",\"@graph\":[{\"@type\":\"NewsArticle\",\"@id\":\"https:\\\/\\\/www.webdo.tn\\\/fr\\\/actualite\\\/international\\\/irak-les-etats-unis-bombardent-positions-letat-islamique\\\/184362\\\/#article\",\"isPartOf\":{\"@id\":\"https:\\\/\\\/www.webdo.tn\\\/fr\\\/actualite\\\/international\\\/irak-les-etats-unis-bombardent-positions-letat-islamique\\\/184362\\\/\"},\"author\":{\"name\":\"webdo.tn\",\"@id\":\"https:\\\/\\\/www.webdo.tn\\\/fr\\\/#\\\/schema\\\/person\\\/9a9c6118d687c117df8ef3cc36a4d175\"},\"headline\":\"Irak : Les \u00c9tats-Unis bombardent des positions de l\u2019\u00c9tat islamique\",\"datePublished\":\"2014-08-08T16:13:00+00:00\",\"mainEntityOfPage\":{\"@id\":\"https:\\\/\\\/www.webdo.tn\\\/fr\\\/actualite\\\/international\\\/irak-les-etats-unis-bombardent-positions-letat-islamique\\\/184362\\\/\"},\"wordCount\":297,\"commentCount\":0,\"publisher\":{\"@id\":\"https:\\\/\\\/www.webdo.tn\\\/fr\\\/#organization\"},\"image\":{\"@id\":\"https:\\\/\\\/www.webdo.tn\\\/fr\\\/actualite\\\/international\\\/irak-les-etats-unis-bombardent-positions-letat-islamique\\\/184362\\\/#primaryimage\"},\"thumbnailUrl\":\"https:\\\/\\\/www.webdo.tn\\\/fr\\\/wp-content\\\/uploads\\\/2014\\\/08\\\/FA-18.jpg\",\"keywords\":[\"guerre\"],\"articleSection\":[\"International\"],\"inLanguage\":\"fr-FR\"},{\"@type\":\"WebPage\",\"@id\":\"https:\\\/\\\/www.webdo.tn\\\/fr\\\/actualite\\\/international\\\/irak-les-etats-unis-bombardent-positions-letat-islamique\\\/184362\\\/\",\"url\":\"https:\\\/\\\/www.webdo.tn\\\/fr\\\/actualite\\\/international\\\/irak-les-etats-unis-bombardent-positions-letat-islamique\\\/184362\\\/\",\"name\":\"Irak : Les \u00c9tats-Unis bombardent des positions de l\u2019\u00c9tat islamique\",\"isPartOf\":{\"@id\":\"https:\\\/\\\/www.webdo.tn\\\/fr\\\/#website\"},\"primaryImageOfPage\":{\"@id\":\"https:\\\/\\\/www.webdo.tn\\\/fr\\\/actualite\\\/international\\\/irak-les-etats-unis-bombardent-positions-letat-islamique\\\/184362\\\/#primaryimage\"},\"image\":{\"@id\":\"https:\\\/\\\/www.webdo.tn\\\/fr\\\/actualite\\\/international\\\/irak-les-etats-unis-bombardent-positions-letat-islamique\\\/184362\\\/#primaryimage\"},\"thumbnailUrl\":\"https:\\\/\\\/www.webdo.tn\\\/fr\\\/wp-content\\\/uploads\\\/2014\\\/08\\\/FA-18.jpg\",\"datePublished\":\"2014-08-08T16:13:00+00:00\",\"description\":\"Irak : Les \u00c9tats-Unis bombardent des positions de l\u2019\u00c9tat islamique\",\"breadcrumb\":{\"@id\":\"https:\\\/\\\/www.webdo.tn\\\/fr\\\/actualite\\\/international\\\/irak-les-etats-unis-bombardent-positions-letat-islamique\\\/184362\\\/#breadcrumb\"},\"inLanguage\":\"fr-FR\",\"potentialAction\":[{\"@type\":\"ReadAction\",\"target\":[\"https:\\\/\\\/www.webdo.tn\\\/fr\\\/actualite\\\/international\\\/irak-les-etats-unis-bombardent-positions-letat-islamique\\\/184362\\\/\"]}]},{\"@type\":\"ImageObject\",\"inLanguage\":\"fr-FR\",\"@id\":\"https:\\\/\\\/www.webdo.tn\\\/fr\\\/actualite\\\/international\\\/irak-les-etats-unis-bombardent-positions-letat-islamique\\\/184362\\\/#primaryimage\",\"url\":\"https:\\\/\\\/www.webdo.tn\\\/fr\\\/wp-content\\\/uploads\\\/2014\\\/08\\\/FA-18.jpg\",\"contentUrl\":\"https:\\\/\\\/www.webdo.tn\\\/fr\\\/wp-content\\\/uploads\\\/2014\\\/08\\\/FA-18.jpg\",\"width\":580,\"height\":290,\"caption\":\"Irak : Les \u00c9tats-Unis bombardent des positions de l\u2019\u00c9tat islamique\"},{\"@type\":\"BreadcrumbList\",\"@id\":\"https:\\\/\\\/www.webdo.tn\\\/fr\\\/actualite\\\/international\\\/irak-les-etats-unis-bombardent-positions-letat-islamique\\\/184362\\\/#breadcrumb\",\"itemListElement\":[{\"@type\":\"ListItem\",\"position\":1,\"name\":\"Accueil\",\"item\":\"https:\\\/\\\/www.webdo.tn\\\/fr\\\/\"},{\"@type\":\"ListItem\",\"position\":2,\"name\":\"Irak : Les \u00c9tats-Unis bombardent des positions de l\u2019\u00c9tat islamique\"}]},{\"@type\":\"WebSite\",\"@id\":\"https:\\\/\\\/www.webdo.tn\\\/fr\\\/#website\",\"url\":\"https:\\\/\\\/www.webdo.tn\\\/fr\\\/\",\"name\":\"webdo\",\"description\":\"Tunisie - News en Tunisie et \u00e0 l&#039;international sur Webdo.tn\",\"publisher\":{\"@id\":\"https:\\\/\\\/www.webdo.tn\\\/fr\\\/#organization\"},\"potentialAction\":[{\"@type\":\"SearchAction\",\"target\":{\"@type\":\"EntryPoint\",\"urlTemplate\":\"https:\\\/\\\/www.webdo.tn\\\/fr\\\/?s={search_term_string}\"},\"query-input\":{\"@type\":\"PropertyValueSpecification\",\"valueRequired\":true,\"valueName\":\"search_term_string\"}}],\"inLanguage\":\"fr-FR\"},{\"@type\":\"Organization\",\"@id\":\"https:\\\/\\\/www.webdo.tn\\\/fr\\\/#organization\",\"name\":\"Webdo\",\"alternateName\":\"Webdo.tn\",\"url\":\"https:\\\/\\\/www.webdo.tn\\\/fr\\\/\",\"logo\":{\"@type\":\"ImageObject\",\"inLanguage\":\"fr-FR\",\"@id\":\"https:\\\/\\\/www.webdo.tn\\\/fr\\\/#\\\/schema\\\/logo\\\/image\\\/\",\"url\":\"https:\\\/\\\/www.webdo.tn\\\/fr\\\/wp-content\\\/uploads\\\/2025\\\/06\\\/Webdo-Tunisie_168377.jpg\",\"contentUrl\":\"https:\\\/\\\/www.webdo.tn\\\/fr\\\/wp-content\\\/uploads\\\/2025\\\/06\\\/Webdo-Tunisie_168377.jpg\",\"width\":301,\"height\":301,\"caption\":\"Webdo\"},\"image\":{\"@id\":\"https:\\\/\\\/www.webdo.tn\\\/fr\\\/#\\\/schema\\\/logo\\\/image\\\/\"},\"sameAs\":[\"https:\\\/\\\/www.facebook.com\\\/webdotn\",\"https:\\\/\\\/x.com\\\/webdo_tn\"],\"description\":\"Webdo est un m\u00e9dia num\u00e9rique tunisien fond\u00e9 en 2010, sp\u00e9cialis\u00e9 dans l\u2019actualit\u00e9 nationale et internationale, l\u2019\u00e9conomie, la soci\u00e9t\u00e9 et les analyses politiques. Le site s\u2019adresse \u00e0 un large public francophone et couvre l\u2019information tunisienne en temps r\u00e9el.\",\"email\":\"redac@webdo.tn\",\"legalName\":\"YNJ SARL\",\"foundingDate\":\"2010-09-06\",\"numberOfEmployees\":{\"@type\":\"QuantitativeValue\",\"minValue\":\"11\",\"maxValue\":\"50\"}},{\"@type\":\"Person\",\"@id\":\"https:\\\/\\\/www.webdo.tn\\\/fr\\\/#\\\/schema\\\/person\\\/9a9c6118d687c117df8ef3cc36a4d175\",\"name\":\"webdo.tn\",\"image\":{\"@type\":\"ImageObject\",\"inLanguage\":\"fr-FR\",\"@id\":\"https:\\\/\\\/secure.gravatar.com\\\/avatar\\\/7ce1f28c0c3bbac99ff550b85ef8e44a6950c6ee24514fb6a5489e51d06f0298?s=96&d=mm&r=g\",\"url\":\"https:\\\/\\\/secure.gravatar.com\\\/avatar\\\/7ce1f28c0c3bbac99ff550b85ef8e44a6950c6ee24514fb6a5489e51d06f0298?s=96&d=mm&r=g\",\"contentUrl\":\"https:\\\/\\\/secure.gravatar.com\\\/avatar\\\/7ce1f28c0c3bbac99ff550b85ef8e44a6950c6ee24514fb6a5489e51d06f0298?s=96&d=mm&r=g\",\"caption\":\"webdo.tn\"},\"url\":\"https:\\\/\\\/www.webdo.tn\\\/fr\\\/actualite\\\/author\\\/webdotn\\\/\"}]}<\/script>\n<!-- \/ Yoast SEO Premium plugin. -->","yoast_head_json":{"title":"Irak : Les \u00c9tats-Unis bombardent des positions de l\u2019\u00c9tat islamique","description":"Irak : Les \u00c9tats-Unis bombardent des positions de l\u2019\u00c9tat islamique","canonical":"https:\/\/www.webdo.tn\/fr\/actualite\/international\/irak-les-etats-unis-bombardent-positions-letat-islamique\/184362\/","og_locale":"fr_FR","og_type":"article","og_title":"Irak : Les \u00c9tats-Unis bombardent des positions de l\u2019\u00c9tat islamique","og_description":"Irak : Les \u00c9tats-Unis bombardent des positions de l\u2019\u00c9tat islamique","og_url":"https:\/\/www.webdo.tn\/fr\/actualite\/international\/irak-les-etats-unis-bombardent-positions-letat-islamique\/184362\/","og_site_name":"webdo","article_publisher":"https:\/\/www.facebook.com\/webdotn","article_published_time":"2014-08-08T16:13:00+00:00","og_image":[{"width":580,"height":290,"url":"https:\/\/www.webdo.tn\/fr\/wp-content\/uploads\/2014\/08\/FA-18.jpg","type":"image\/jpeg"}],"author":"webdo.tn","twitter_card":"summary_large_image","twitter_creator":"@webdo_tn","twitter_site":"@webdo_tn","twitter_misc":{"\u00c9crit par":"webdo.tn","Dur\u00e9e de lecture estim\u00e9e":"1 minute"},"schema":{"@context":"https:\/\/schema.org","@graph":[{"@type":"NewsArticle","@id":"https:\/\/www.webdo.tn\/fr\/actualite\/international\/irak-les-etats-unis-bombardent-positions-letat-islamique\/184362\/#article","isPartOf":{"@id":"https:\/\/www.webdo.tn\/fr\/actualite\/international\/irak-les-etats-unis-bombardent-positions-letat-islamique\/184362\/"},"author":{"name":"webdo.tn","@id":"https:\/\/www.webdo.tn\/fr\/#\/schema\/person\/9a9c6118d687c117df8ef3cc36a4d175"},"headline":"Irak : Les \u00c9tats-Unis bombardent des positions de l\u2019\u00c9tat islamique","datePublished":"2014-08-08T16:13:00+00:00","mainEntityOfPage":{"@id":"https:\/\/www.webdo.tn\/fr\/actualite\/international\/irak-les-etats-unis-bombardent-positions-letat-islamique\/184362\/"},"wordCount":297,"commentCount":0,"publisher":{"@id":"https:\/\/www.webdo.tn\/fr\/#organization"},"image":{"@id":"https:\/\/www.webdo.tn\/fr\/actualite\/international\/irak-les-etats-unis-bombardent-positions-letat-islamique\/184362\/#primaryimage"},"thumbnailUrl":"https:\/\/www.webdo.tn\/fr\/wp-content\/uploads\/2014\/08\/FA-18.jpg","keywords":["guerre"],"articleSection":["International"],"inLanguage":"fr-FR"},{"@type":"WebPage","@id":"https:\/\/www.webdo.tn\/fr\/actualite\/international\/irak-les-etats-unis-bombardent-positions-letat-islamique\/184362\/","url":"https:\/\/www.webdo.tn\/fr\/actualite\/international\/irak-les-etats-unis-bombardent-positions-letat-islamique\/184362\/","name":"Irak : Les \u00c9tats-Unis bombardent des positions de l\u2019\u00c9tat islamique","isPartOf":{"@id":"https:\/\/www.webdo.tn\/fr\/#website"},"primaryImageOfPage":{"@id":"https:\/\/www.webdo.tn\/fr\/actualite\/international\/irak-les-etats-unis-bombardent-positions-letat-islamique\/184362\/#primaryimage"},"image":{"@id":"https:\/\/www.webdo.tn\/fr\/actualite\/international\/irak-les-etats-unis-bombardent-positions-letat-islamique\/184362\/#primaryimage"},"thumbnailUrl":"https:\/\/www.webdo.tn\/fr\/wp-content\/uploads\/2014\/08\/FA-18.jpg","datePublished":"2014-08-08T16:13:00+00:00","description":"Irak : Les \u00c9tats-Unis bombardent des positions de l\u2019\u00c9tat islamique","breadcrumb":{"@id":"https:\/\/www.webdo.tn\/fr\/actualite\/international\/irak-les-etats-unis-bombardent-positions-letat-islamique\/184362\/#breadcrumb"},"inLanguage":"fr-FR","potentialAction":[{"@type":"ReadAction","target":["https:\/\/www.webdo.tn\/fr\/actualite\/international\/irak-les-etats-unis-bombardent-positions-letat-islamique\/184362\/"]}]},{"@type":"ImageObject","inLanguage":"fr-FR","@id":"https:\/\/www.webdo.tn\/fr\/actualite\/international\/irak-les-etats-unis-bombardent-positions-letat-islamique\/184362\/#primaryimage","url":"https:\/\/www.webdo.tn\/fr\/wp-content\/uploads\/2014\/08\/FA-18.jpg","contentUrl":"https:\/\/www.webdo.tn\/fr\/wp-content\/uploads\/2014\/08\/FA-18.jpg","width":580,"height":290,"caption":"Irak : Les \u00c9tats-Unis bombardent des positions de l\u2019\u00c9tat islamique"},{"@type":"BreadcrumbList","@id":"https:\/\/www.webdo.tn\/fr\/actualite\/international\/irak-les-etats-unis-bombardent-positions-letat-islamique\/184362\/#breadcrumb","itemListElement":[{"@type":"ListItem","position":1,"name":"Accueil","item":"https:\/\/www.webdo.tn\/fr\/"},{"@type":"ListItem","position":2,"name":"Irak : Les \u00c9tats-Unis bombardent des positions de l\u2019\u00c9tat islamique"}]},{"@type":"WebSite","@id":"https:\/\/www.webdo.tn\/fr\/#website","url":"https:\/\/www.webdo.tn\/fr\/","name":"webdo","description":"Tunisie - News en Tunisie et \u00e0 l&#039;international sur Webdo.tn","publisher":{"@id":"https:\/\/www.webdo.tn\/fr\/#organization"},"potentialAction":[{"@type":"SearchAction","target":{"@type":"EntryPoint","urlTemplate":"https:\/\/www.webdo.tn\/fr\/?s={search_term_string}"},"query-input":{"@type":"PropertyValueSpecification","valueRequired":true,"valueName":"search_term_string"}}],"inLanguage":"fr-FR"},{"@type":"Organization","@id":"https:\/\/www.webdo.tn\/fr\/#organization","name":"Webdo","alternateName":"Webdo.tn","url":"https:\/\/www.webdo.tn\/fr\/","logo":{"@type":"ImageObject","inLanguage":"fr-FR","@id":"https:\/\/www.webdo.tn\/fr\/#\/schema\/logo\/image\/","url":"https:\/\/www.webdo.tn\/fr\/wp-content\/uploads\/2025\/06\/Webdo-Tunisie_168377.jpg","contentUrl":"https:\/\/www.webdo.tn\/fr\/wp-content\/uploads\/2025\/06\/Webdo-Tunisie_168377.jpg","width":301,"height":301,"caption":"Webdo"},"image":{"@id":"https:\/\/www.webdo.tn\/fr\/#\/schema\/logo\/image\/"},"sameAs":["https:\/\/www.facebook.com\/webdotn","https:\/\/x.com\/webdo_tn"],"description":"Webdo est un m\u00e9dia num\u00e9rique tunisien fond\u00e9 en 2010, sp\u00e9cialis\u00e9 dans l\u2019actualit\u00e9 nationale et internationale, l\u2019\u00e9conomie, la soci\u00e9t\u00e9 et les analyses politiques. Le site s\u2019adresse \u00e0 un large public francophone et couvre l\u2019information tunisienne en temps r\u00e9el.","email":"redac@webdo.tn","legalName":"YNJ SARL","foundingDate":"2010-09-06","numberOfEmployees":{"@type":"QuantitativeValue","minValue":"11","maxValue":"50"}},{"@type":"Person","@id":"https:\/\/www.webdo.tn\/fr\/#\/schema\/person\/9a9c6118d687c117df8ef3cc36a4d175","name":"webdo.tn","image":{"@type":"ImageObject","inLanguage":"fr-FR","@id":"https:\/\/secure.gravatar.com\/avatar\/7ce1f28c0c3bbac99ff550b85ef8e44a6950c6ee24514fb6a5489e51d06f0298?s=96&d=mm&r=g","url":"https:\/\/secure.gravatar.com\/avatar\/7ce1f28c0c3bbac99ff550b85ef8e44a6950c6ee24514fb6a5489e51d06f0298?s=96&d=mm&r=g","contentUrl":"https:\/\/secure.gravatar.com\/avatar\/7ce1f28c0c3bbac99ff550b85ef8e44a6950c6ee24514fb6a5489e51d06f0298?s=96&d=mm&r=g","caption":"webdo.tn"},"url":"https:\/\/www.webdo.tn\/fr\/actualite\/author\/webdotn\/"}]}},"_links":{"self":[{"href":"https:\/\/www.webdo.tn\/fr\/wp-json\/wp\/v2\/posts\/184362","targetHints":{"allow":["GET"]}}],"collection":[{"href":"https:\/\/www.webdo.tn\/fr\/wp-json\/wp\/v2\/posts"}],"about":[{"href":"https:\/\/www.webdo.tn\/fr\/wp-json\/wp\/v2\/types\/post"}],"author":[{"embeddable":true,"href":"https:\/\/www.webdo.tn\/fr\/wp-json\/wp\/v2\/users\/3222"}],"replies":[{"embeddable":true,"href":"https:\/\/www.webdo.tn\/fr\/wp-json\/wp\/v2\/comments?post=184362"}],"version-history":[{"count":0,"href":"https:\/\/www.webdo.tn\/fr\/wp-json\/wp\/v2\/posts\/184362\/revisions"}],"wp:featuredmedia":[{"embeddable":true,"href":"https:\/\/www.webdo.tn\/fr\/wp-json\/wp\/v2\/media\/331697"}],"wp:attachment":[{"href":"https:\/\/www.webdo.tn\/fr\/wp-json\/wp\/v2\/media?parent=184362"}],"wp:term":[{"taxonomy":"category","embeddable":true,"href":"https:\/\/www.webdo.tn\/fr\/wp-json\/wp\/v2\/categories?post=184362"},{"taxonomy":"post_tag","embeddable":true,"href":"https:\/\/www.webdo.tn\/fr\/wp-json\/wp\/v2\/tags?post=184362"}],"curies":[{"name":"wp","href":"https:\/\/api.w.org\/{rel}","templated":true}]}}