{"id":184361,"date":"2014-08-09T21:18:00","date_gmt":"2014-08-09T19:18:00","guid":{"rendered":"https:\/\/www.webdo.tn\/fr\/actualite\/international\/les-trois-mots-du-discours-dobama-lirak-defense-humanitaire-gouvernement-dunion\/184361"},"modified":"2014-08-09T21:18:00","modified_gmt":"2014-08-09T19:18:00","slug":"les-trois-mots-du-discours-dobama-lirak-defense-humanitaire-gouvernement-dunion","status":"publish","type":"post","link":"https:\/\/www.webdo.tn\/fr\/actualite\/international\/les-trois-mots-du-discours-dobama-lirak-defense-humanitaire-gouvernement-dunion\/184361\/","title":{"rendered":"Les trois mots cl\u00e9s du discours d&rsquo;Obama sur l&rsquo;Irak : D\u00e9fense, humanitaire et gouvernement d&rsquo;union"},"content":{"rendered":"<p>International |<\/p>\n<p>Au lendemain des bombardements am\u00e9ricains contre les djihadistes de l&rsquo;EIIL\u00a0(EI\/Daech) [1]\u00a0au nord de l&rsquo;Irak, le pr\u00e9sident des Etats-Unis Barack Obama a concentr\u00e9 son\u00a0allocution hebdomadaire, ce samedi 9 ao\u00fbt, sur la situation en Irak.\u00a0<\/p>\n<p>Op\u00e9ration de d\u00e9fense\u00a0<\/p>\n<p>Pour Obama, les bombardement a\u00e9riens qu&rsquo;a men\u00e9s l&rsquo;arm\u00e9e am\u00e9ricaine ont pour but la d\u00e9fense et la protection des diplomates et du personnel militaire am\u00e9ricains.<br \/>\n\u00ab\u00a0Les forces am\u00e9ricaines ont men\u00e9 des frappes a\u00e9riennes cibl\u00e9es contre les forces terroristes hors d&rsquo;Erbil pour les emp\u00eacher d&rsquo;avancer sur la ville et pour prot\u00e9ger nos diplomates am\u00e9ricains et le personnel militaire.\u00a0\u00a0Ces frappes ont d\u00e9truit avec succ\u00e8s les armes et l&rsquo;\u00e9quipement des terroristes d\u2019EIIL qu\u2019ils auraient pu utiliser contre Erbil.\u00a0\u00bb<br \/>\nIl a \u00e9galement notifi\u00e9 que les forces kurdes sur le terrain, dont\u00a0l\u2019assistance militaire a \u00e9t\u00e9 renforc\u00e9e, \u00a0continuent \u00e0 d\u00e9fendre la ville.<br \/>\n\u00ab\u00a0Nous allons continuer \u00e0 fournir une assistance militaire et des conseils aux forces gouvernementales et aux Kurdes irakiens dans leur combat contre ces terroristes, de sorte qu\u2019ils ne puissent pas mettre en place un refuge permanent \u00bb, a-t-il pr\u00e9cis\u00e9 en ajoutant que la concentration serait focalis\u00e9e au nord.<br \/>\nLes avions am\u00e9ricains seraient d\u00e9j\u00e0 en place, pr\u00e9par\u00e9s \u00e0 \u00a0bombarder les terroristes d&rsquo;EIIL autour de la montagne pour aider les forces\u00a0militaires\u00a0en Irak \u00e0 briser leur si\u00e8ge et sauver ceux qui y sont pi\u00e9g\u00e9s.\u00a0A la question d&rsquo;un journaliste, il a ajout\u00e9 que le personnel et les installations am\u00e9ricaines \u00e9taient menac\u00e9s.<\/p>\n<p>\u00ab Je ne vais pas donner un calendrier particulier \u00bb<\/p>\n<p>Le pr\u00e9sident des Etats-Unis a d\u00e9clar\u00e9 qu&rsquo; \u00abIl est de [son]\u00a0\u00a0devoir, de [sa]\u00a0responsabilit\u00e9 en tant que commandant en chef, d\u00a0\u00bbassurer qu&rsquo;ils [le personnel et les installation am\u00e9ricaines] soient prot\u00e9g\u00e9s &#8230;\u00a0Et [ils ] ne bougeront pas l&rsquo;ambassade de sit\u00f4t \u00bb, a-t-il affirm\u00e9.<\/p>\n<p>Cette menace expliquerait le fait qu&rsquo;il n&rsquo;ait pas\u00a0\u00abun calendrier particulier\u00bb, ajoutant pour deuxi\u00e8me raison le d\u00e9fi \u00e0 relever face \u00e0 la\u00a0situation humanitaire \u00e0 Sinjar. M. Obama a mentionn\u00e9 \u00e9galement un\u00a0\u00abcertain temps \u00bb, affirmant que le probl\u00e8me ne va pas \u00eatre\u00a0r\u00e9solu\u00a0en quelques semaines.\u00a0<\/p>\n<p>La troisi\u00e8me raison de ce calendrier incertain pour la pr\u00e9sence militaire am\u00e9ricaine en Irak serait l&rsquo;absence d&rsquo;estimations exactes du nombre de personnes au Nord et la difficult\u00e9 du d\u00e9placement dans\u00a0ce type d&rsquo;environnement s\u00e9curitaire.<\/p>\n<p>Face \u00e0 une question \u00e9voquant les\u00a0longues guerres en Afghanistan et en Irak men\u00e9es par les Etats-Unis avec \u00ab des r\u00e9sultats incertains \u00bb, Obama a \u00e9t\u00e9 cat\u00e9gorique, en \u00e9voquant les troupes sur terrain mais en esquivant la question de la pr\u00e9sence des bombardement a\u00e9riens : \u00ab j&rsquo;ai \u00e9t\u00e9 tr\u00e8s clair sur le fait que nous n&rsquo;allons pas avoir les troupes de combat am\u00e9ricaines en Irak \u00e0 nouveau. \u00bb<\/p>\n<p>Les estimations des renseignements am\u00e9ricains d\u00e9pass\u00e9es par la progression de l&rsquo;EIIL<\/p>\n<p>Barack Obama a avou\u00e9 \u00e9galement, face aux journalistes : \u00ab\u00a0Je pense qu&rsquo;il n&rsquo;y a pas de doute que leur progression, leur mouvement au cours des derniers mois a \u00e9t\u00e9 plus rapide que les estimations des renseignements. \u00bb<\/p>\n<p>D&rsquo;apr\u00e8s lui,\u00a0la population de la minorit\u00e9 sunnite en Irak, ainsi que la\u00a0population sunnite majoritaire en Syrie, se sont senties insatisfaites et \u00a0d\u00e9tach\u00e9es \u00a0de leurs gouvernements respectifs ; chose qui a cr\u00e9\u00e9 un terreau favorable pour la progression des djihadistes.<\/p>\n<p>Aides humanitaires et\u00a0un couloir de s\u00e9curit\u00e9<\/p>\n<p>M. Obama a affirm\u00e9 que l&rsquo;effort humanitaire serait continu, en coop\u00e9ration avec \u00a0la communaut\u00e9 internationale, pour aider les hommes, les femmes et les enfants qui se sont retrouv\u00e9s sur le mont Sinjar et pour faire face \u00e0 la crise humanitaire croissante en Irak.<br \/>\n\u00ab Les forces am\u00e9ricaines ont jusqu&rsquo;\u00e0 pr\u00e9sent men\u00e9 deux parachutages r\u00e9ussis &#8211; la prestation des milliers de repas et de litres d&rsquo;eau \u00e0 ces hommes d\u00e9sesp\u00e9r\u00e9s, aux femmes et aux enfants.\u00a0\u00bb<br \/>\nIl a \u00e9galement pr\u00e9venu que la prochaine \u00e9tape serait compliqu\u00e9e sur\u00a0le plan logistique\u00a0pour trouver un passage s\u00fbr pour les personnes en bas de la montagne.<br \/>\n\u00ab Nos experts sont maintenant engag\u00e9s avec les Nations Unies, \u00a0nos alli\u00e9s et nos partenaires, pour savoir comment\u00a0cr\u00e9er potentiellement un couloir de s\u00e9curit\u00e9 ou un autre m\u00e9canisme pour que ces gens puissent se d\u00e9placer \u00bb, surtout que leur nombre reste incertain.<br \/>\nUn gouvernement d&rsquo;Union, essentiel pour contrer l&rsquo;EIIL<\/p>\n<p>M. Obama a mis l&rsquo;accent sur la n\u00e9cessit\u00e9 d&rsquo;avoir un gouvernement d&rsquo;union, qui soit l\u00e9gitime, avec une cha\u00eene de commandement et une structure pour une meilleur coop\u00e9ration entre les Kurdes et Bagdad, assurant que les Etats-Unis continuent \u00e0 appeler les Irakiens \u00e0 se r\u00e9unir et \u00e0 former le gouvernement.<br \/>\n\u00abLe vice-pr\u00e9sident Biden a parl\u00e9 aux dirigeants irakiens, et notre \u00e9quipe \u00e0 Bagdad est en contact \u00e9troit avec le gouvernement irakien. Toutes les communaut\u00e9s irakiennes sont finalement menac\u00e9es par ces terroristes barbares, elles doivent toutes s&rsquo;unir pour d\u00e9fendre leur pays \u00bb, a-t-il soulign\u00e9.<br \/>\nLe pr\u00e9sident des Etats-Unis a fait remarquer que\u00a0la plupart des pays sunnites de la r\u00e9gion avaient\u00a0g\u00e9n\u00e9ralement une attitude \u00a0suspecte ou m\u00e9fiante \u00e0 l&rsquo;\u00e9gard du gouvernement irakien ; mais que maintenant ils \u00e9taient plus susceptibles de participer, dans la lutte contre EIIL, chose qui s&rsquo;av\u00e9rerait\u00a0\u00eatre extr\u00eamement utile. Ce projet serait \u00e0 long terme d&rsquo;apr\u00e8s ses propos.\u00a0<\/p>\n<p>Il a aussi rappel\u00e9 qu&rsquo;en\u00a0fin de compte, seuls les Irakiens peuvent assurer la s\u00e9curit\u00e9 et la stabilit\u00e9 de l&rsquo;Irak, prenant de la distance tout en mettant en exergue le fait que les Etats-Unis ne peuvent rien\u00a0pour les Irakiens outre le fait d&rsquo;\u00eatre\u00a0des partenaires dans cet effort.\u00a0<\/p>\n<p>Les autres partenaires pour mettre fin \u00e0 l&rsquo;h\u00e9g\u00e9monie de l&rsquo;EIIL en Irak sont, actuellement, la France et le Royaume Uni.<br \/>\n\u00ab J&rsquo;ai \u00e9t\u00e9 tr\u00e8s heureux d&rsquo;obtenir la coop\u00e9ration du premier ministre Cameron et du pr\u00e9sident Hollande pour faire face \u00e0 certains besoins imm\u00e9diats en termes de parachutages, d&rsquo;une partie des actifs et du soutien logistique qu&rsquo;ils nous fournissent.\u00a0\u00bb<br \/>\nCe samedi, l&rsquo;Elys\u00e9e a annonc\u00e9 que la France allait \u00ab proc\u00e9der dans les prochaines heures \u00e0 de premi\u00e8res livraisons d\u2019\u00e9quipements de premier secours \u00bb\u00a0en Irak, sans mentionner une quelconque aide militaire.\u00a0<\/p>\n<p>[1] EIIL : L&rsquo;Etat Islamique en Irak et au Levant (\u00a0ISIL :\u00a0Islamic State of Iraq and the Levant)\u00a0a \u00e9t\u00e9 proclam\u00e9 en\u00a0avril 2013. Le groupe sunnite est une\u00a0fusion de l&rsquo;Etat islamique en Irak, organisation li\u00e9e \u00e0 Al-Qa\u00efda, et des islamistes\u00a0syriens de Jabhat (front) Al Nosra.<br \/>\nJabhat Al Nosra s&rsquo;est dissoci\u00e9 de l&rsquo;EI et a \u00e9t\u00e9 contre la proclamation, le 29 juin dernier, du califat guid\u00e9 par Abou Bakr Al Baghdadi.<br \/>\nZahran Allouch, leader d&rsquo;Al Nosra, a compar\u00e9\u00a0\u00ab\u00a0Daech\u00a0\u00bb (ad-dawla al-isl\u0101miyya en Irak et au Chem\/EIIL), au mois de juillet,\u00a0aux\u00a0\u00ab\u00a0khawarej\u00a0\u00bb\u00a0qui veulent attaquer le djihad du front et dont les \u00ab\u00a0actes sont contraires \u00e0 la religion islamique\u00a0\u00bb. (Voir sa vid\u00e9o\u00a0en arabe).\u00a0<br \/>\nL&rsquo;Union internationale des savants musulmans a publi\u00e9 un communiqu\u00e9 le 5 juillet indiquant qu&rsquo;elle \u00e9tait ravie, au d\u00e9but de l&rsquo;\u00e9tablissement de l&rsquo;EIIL, mais qu&rsquo;elle condamnait l&rsquo;organisation, notamment avec la proclamation du\u00a0califat, d\u00e9clar\u00e9 \u00a0\u00bb\u00a0contraire \u00e0 la charia\u00a0\u00bb et ses r\u00e8gles d&rsquo;apr\u00e8s \u00a0la d\u00e9claration des savants musulmans. Le site de l&rsquo;Union a \u00e9t\u00e9 de suite pirat\u00e9.<br \/>\n\u00a0Al-Qa\u00efda, qui ne reconna\u00eet que Al Nosra en Syrie, s&rsquo;est \u00e9galement d\u00e9solidaris\u00e9 d&rsquo;EIIL et ce depuis le 8 novembre 2013. Son leader, Ayman Al Zawahiri, a consid\u00e9r\u00e9, dans une vid\u00e9o pass\u00e9e sur Al Jazeera, que Al Baghdadi avait fait une erreur en proclamant l&rsquo;EIIL sans le consentement d&rsquo;Al Qa\u00efda.<\/p>\n","protected":false},"excerpt":{"rendered":"<p>International |<\/p>\n<p>Au lendemain des bombardements am\u00e9ricains contre les djihadistes de l&rsquo;EIIL\u00a0(EI\/Daech) [1]\u00a0au nord de l&rsquo;Irak, le pr\u00e9sident des Etats-<\/p>\n","protected":false},"author":3222,"featured_media":373716,"comment_status":"open","ping_status":"open","sticky":false,"template":"","format":"standard","meta":{"footnotes":""},"categories":[2598],"tags":[],"class_list":["post-184361","post","type-post","status-publish","format-standard","has-post-thumbnail","hentry","category-international"],"yoast_head":"<!-- This site is optimized with the Yoast SEO Premium plugin v27.5 (Yoast SEO v27.5) - https:\/\/yoast.com\/product\/yoast-seo-premium-wordpress\/ -->\n<title>Les trois mots cl\u00e9s du discours d&#039;Obama sur l&#039;Irak : D\u00e9fense, humanitaire et gouvernement d&#039;union<\/title>\n<meta name=\"description\" content=\"Les trois mots cl\u00e9s du discours d&#039;Obama sur l&#039;Irak : D\u00e9fense, humanitaire et gouvernement d&#039;union\" \/>\n<link rel=\"canonical\" href=\"https:\/\/www.webdo.tn\/fr\/actualite\/international\/les-trois-mots-du-discours-dobama-lirak-defense-humanitaire-gouvernement-dunion\/184361\/\" \/>\n<meta property=\"og:locale\" content=\"fr_FR\" \/>\n<meta property=\"og:type\" content=\"article\" \/>\n<meta property=\"og:title\" content=\"Les trois mots cl\u00e9s du discours d&#039;Obama sur l&#039;Irak : D\u00e9fense, humanitaire et gouvernement d&#039;union\" \/>\n<meta property=\"og:description\" content=\"Les trois mots cl\u00e9s du discours d&#039;Obama sur l&#039;Irak : D\u00e9fense, humanitaire et gouvernement d&#039;union\" \/>\n<meta property=\"og:url\" content=\"https:\/\/www.webdo.tn\/fr\/actualite\/international\/les-trois-mots-du-discours-dobama-lirak-defense-humanitaire-gouvernement-dunion\/184361\/\" \/>\n<meta property=\"og:site_name\" content=\"webdo\" \/>\n<meta property=\"article:publisher\" content=\"https:\/\/www.facebook.com\/webdotn\" \/>\n<meta property=\"article:published_time\" content=\"2014-08-09T19:18:00+00:00\" \/>\n<meta name=\"author\" content=\"webdo.tn\" \/>\n<meta name=\"twitter:card\" content=\"summary_large_image\" \/>\n<meta name=\"twitter:creator\" content=\"@webdo_tn\" \/>\n<meta name=\"twitter:site\" content=\"@webdo_tn\" \/>\n<meta name=\"twitter:label1\" content=\"\u00c9crit par\" \/>\n\t<meta name=\"twitter:data1\" content=\"webdo.tn\" \/>\n\t<meta name=\"twitter:label2\" content=\"Dur\u00e9e de lecture estim\u00e9e\" \/>\n\t<meta name=\"twitter:data2\" content=\"6 minutes\" \/>\n<script type=\"application\/ld+json\" class=\"yoast-schema-graph\">{\"@context\":\"https:\\\/\\\/schema.org\",\"@graph\":[{\"@type\":\"NewsArticle\",\"@id\":\"https:\\\/\\\/www.webdo.tn\\\/fr\\\/actualite\\\/international\\\/les-trois-mots-du-discours-dobama-lirak-defense-humanitaire-gouvernement-dunion\\\/184361\\\/#article\",\"isPartOf\":{\"@id\":\"https:\\\/\\\/www.webdo.tn\\\/fr\\\/actualite\\\/international\\\/les-trois-mots-du-discours-dobama-lirak-defense-humanitaire-gouvernement-dunion\\\/184361\\\/\"},\"author\":{\"name\":\"webdo.tn\",\"@id\":\"https:\\\/\\\/www.webdo.tn\\\/fr\\\/#\\\/schema\\\/person\\\/9a9c6118d687c117df8ef3cc36a4d175\"},\"headline\":\"Les trois mots cl\u00e9s du discours d&rsquo;Obama sur l&rsquo;Irak : D\u00e9fense, humanitaire et gouvernement d&rsquo;union\",\"datePublished\":\"2014-08-09T19:18:00+00:00\",\"mainEntityOfPage\":{\"@id\":\"https:\\\/\\\/www.webdo.tn\\\/fr\\\/actualite\\\/international\\\/les-trois-mots-du-discours-dobama-lirak-defense-humanitaire-gouvernement-dunion\\\/184361\\\/\"},\"wordCount\":1348,\"commentCount\":0,\"publisher\":{\"@id\":\"https:\\\/\\\/www.webdo.tn\\\/fr\\\/#organization\"},\"image\":{\"@id\":\"https:\\\/\\\/www.webdo.tn\\\/fr\\\/actualite\\\/international\\\/les-trois-mots-du-discours-dobama-lirak-defense-humanitaire-gouvernement-dunion\\\/184361\\\/#primaryimage\"},\"thumbnailUrl\":\"https:\\\/\\\/www.webdo.tn\\\/fr\\\/wp-content\\\/uploads\\\/2025\\\/06\\\/Barack-Obama-Irak_184361.jpg\",\"articleSection\":[\"International\"],\"inLanguage\":\"fr-FR\"},{\"@type\":\"WebPage\",\"@id\":\"https:\\\/\\\/www.webdo.tn\\\/fr\\\/actualite\\\/international\\\/les-trois-mots-du-discours-dobama-lirak-defense-humanitaire-gouvernement-dunion\\\/184361\\\/\",\"url\":\"https:\\\/\\\/www.webdo.tn\\\/fr\\\/actualite\\\/international\\\/les-trois-mots-du-discours-dobama-lirak-defense-humanitaire-gouvernement-dunion\\\/184361\\\/\",\"name\":\"Les trois mots cl\u00e9s du discours d'Obama sur l'Irak : D\u00e9fense, humanitaire et gouvernement d'union\",\"isPartOf\":{\"@id\":\"https:\\\/\\\/www.webdo.tn\\\/fr\\\/#website\"},\"primaryImageOfPage\":{\"@id\":\"https:\\\/\\\/www.webdo.tn\\\/fr\\\/actualite\\\/international\\\/les-trois-mots-du-discours-dobama-lirak-defense-humanitaire-gouvernement-dunion\\\/184361\\\/#primaryimage\"},\"image\":{\"@id\":\"https:\\\/\\\/www.webdo.tn\\\/fr\\\/actualite\\\/international\\\/les-trois-mots-du-discours-dobama-lirak-defense-humanitaire-gouvernement-dunion\\\/184361\\\/#primaryimage\"},\"thumbnailUrl\":\"https:\\\/\\\/www.webdo.tn\\\/fr\\\/wp-content\\\/uploads\\\/2025\\\/06\\\/Barack-Obama-Irak_184361.jpg\",\"datePublished\":\"2014-08-09T19:18:00+00:00\",\"description\":\"Les trois mots cl\u00e9s du discours d'Obama sur l'Irak : D\u00e9fense, humanitaire et gouvernement d'union\",\"breadcrumb\":{\"@id\":\"https:\\\/\\\/www.webdo.tn\\\/fr\\\/actualite\\\/international\\\/les-trois-mots-du-discours-dobama-lirak-defense-humanitaire-gouvernement-dunion\\\/184361\\\/#breadcrumb\"},\"inLanguage\":\"fr-FR\",\"potentialAction\":[{\"@type\":\"ReadAction\",\"target\":[\"https:\\\/\\\/www.webdo.tn\\\/fr\\\/actualite\\\/international\\\/les-trois-mots-du-discours-dobama-lirak-defense-humanitaire-gouvernement-dunion\\\/184361\\\/\"]}]},{\"@type\":\"ImageObject\",\"inLanguage\":\"fr-FR\",\"@id\":\"https:\\\/\\\/www.webdo.tn\\\/fr\\\/actualite\\\/international\\\/les-trois-mots-du-discours-dobama-lirak-defense-humanitaire-gouvernement-dunion\\\/184361\\\/#primaryimage\",\"url\":\"https:\\\/\\\/www.webdo.tn\\\/fr\\\/wp-content\\\/uploads\\\/2025\\\/06\\\/Barack-Obama-Irak_184361.jpg\",\"contentUrl\":\"https:\\\/\\\/www.webdo.tn\\\/fr\\\/wp-content\\\/uploads\\\/2025\\\/06\\\/Barack-Obama-Irak_184361.jpg\",\"width\":465,\"height\":261,\"caption\":\"Les trois mots cl\u00e9s du discours d'Obama sur l'Irak : D\u00e9fense, humanitaire et gouvernement d'union\"},{\"@type\":\"BreadcrumbList\",\"@id\":\"https:\\\/\\\/www.webdo.tn\\\/fr\\\/actualite\\\/international\\\/les-trois-mots-du-discours-dobama-lirak-defense-humanitaire-gouvernement-dunion\\\/184361\\\/#breadcrumb\",\"itemListElement\":[{\"@type\":\"ListItem\",\"position\":1,\"name\":\"Accueil\",\"item\":\"https:\\\/\\\/www.webdo.tn\\\/fr\\\/\"},{\"@type\":\"ListItem\",\"position\":2,\"name\":\"Les trois mots cl\u00e9s du discours d&rsquo;Obama sur l&rsquo;Irak : D\u00e9fense, humanitaire et gouvernement d&rsquo;union\"}]},{\"@type\":\"WebSite\",\"@id\":\"https:\\\/\\\/www.webdo.tn\\\/fr\\\/#website\",\"url\":\"https:\\\/\\\/www.webdo.tn\\\/fr\\\/\",\"name\":\"webdo\",\"description\":\"Tunisie - News en Tunisie et \u00e0 l&#039;international sur Webdo.tn\",\"publisher\":{\"@id\":\"https:\\\/\\\/www.webdo.tn\\\/fr\\\/#organization\"},\"potentialAction\":[{\"@type\":\"SearchAction\",\"target\":{\"@type\":\"EntryPoint\",\"urlTemplate\":\"https:\\\/\\\/www.webdo.tn\\\/fr\\\/?s={search_term_string}\"},\"query-input\":{\"@type\":\"PropertyValueSpecification\",\"valueRequired\":true,\"valueName\":\"search_term_string\"}}],\"inLanguage\":\"fr-FR\"},{\"@type\":\"Organization\",\"@id\":\"https:\\\/\\\/www.webdo.tn\\\/fr\\\/#organization\",\"name\":\"Webdo\",\"alternateName\":\"Webdo.tn\",\"url\":\"https:\\\/\\\/www.webdo.tn\\\/fr\\\/\",\"logo\":{\"@type\":\"ImageObject\",\"inLanguage\":\"fr-FR\",\"@id\":\"https:\\\/\\\/www.webdo.tn\\\/fr\\\/#\\\/schema\\\/logo\\\/image\\\/\",\"url\":\"https:\\\/\\\/www.webdo.tn\\\/fr\\\/wp-content\\\/uploads\\\/2025\\\/06\\\/Webdo-Tunisie_168377.jpg\",\"contentUrl\":\"https:\\\/\\\/www.webdo.tn\\\/fr\\\/wp-content\\\/uploads\\\/2025\\\/06\\\/Webdo-Tunisie_168377.jpg\",\"width\":301,\"height\":301,\"caption\":\"Webdo\"},\"image\":{\"@id\":\"https:\\\/\\\/www.webdo.tn\\\/fr\\\/#\\\/schema\\\/logo\\\/image\\\/\"},\"sameAs\":[\"https:\\\/\\\/www.facebook.com\\\/webdotn\",\"https:\\\/\\\/x.com\\\/webdo_tn\"],\"description\":\"Webdo est un m\u00e9dia num\u00e9rique tunisien fond\u00e9 en 2010, sp\u00e9cialis\u00e9 dans l\u2019actualit\u00e9 nationale et internationale, l\u2019\u00e9conomie, la soci\u00e9t\u00e9 et les analyses politiques. Le site s\u2019adresse \u00e0 un large public francophone et couvre l\u2019information tunisienne en temps r\u00e9el.\",\"email\":\"redac@webdo.tn\",\"legalName\":\"YNJ SARL\",\"foundingDate\":\"2010-09-06\",\"numberOfEmployees\":{\"@type\":\"QuantitativeValue\",\"minValue\":\"11\",\"maxValue\":\"50\"}},{\"@type\":\"Person\",\"@id\":\"https:\\\/\\\/www.webdo.tn\\\/fr\\\/#\\\/schema\\\/person\\\/9a9c6118d687c117df8ef3cc36a4d175\",\"name\":\"webdo.tn\",\"image\":{\"@type\":\"ImageObject\",\"inLanguage\":\"fr-FR\",\"@id\":\"https:\\\/\\\/secure.gravatar.com\\\/avatar\\\/7ce1f28c0c3bbac99ff550b85ef8e44a6950c6ee24514fb6a5489e51d06f0298?s=96&d=mm&r=g\",\"url\":\"https:\\\/\\\/secure.gravatar.com\\\/avatar\\\/7ce1f28c0c3bbac99ff550b85ef8e44a6950c6ee24514fb6a5489e51d06f0298?s=96&d=mm&r=g\",\"contentUrl\":\"https:\\\/\\\/secure.gravatar.com\\\/avatar\\\/7ce1f28c0c3bbac99ff550b85ef8e44a6950c6ee24514fb6a5489e51d06f0298?s=96&d=mm&r=g\",\"caption\":\"webdo.tn\"},\"url\":\"https:\\\/\\\/www.webdo.tn\\\/fr\\\/actualite\\\/author\\\/webdotn\\\/\"}]}<\/script>\n<!-- \/ Yoast SEO Premium plugin. -->","yoast_head_json":{"title":"Les trois mots cl\u00e9s du discours d'Obama sur l'Irak : D\u00e9fense, humanitaire et gouvernement d'union","description":"Les trois mots cl\u00e9s du discours d'Obama sur l'Irak : D\u00e9fense, humanitaire et gouvernement d'union","canonical":"https:\/\/www.webdo.tn\/fr\/actualite\/international\/les-trois-mots-du-discours-dobama-lirak-defense-humanitaire-gouvernement-dunion\/184361\/","og_locale":"fr_FR","og_type":"article","og_title":"Les trois mots cl\u00e9s du discours d'Obama sur l'Irak : D\u00e9fense, humanitaire et gouvernement d'union","og_description":"Les trois mots cl\u00e9s du discours d'Obama sur l'Irak : D\u00e9fense, humanitaire et gouvernement d'union","og_url":"https:\/\/www.webdo.tn\/fr\/actualite\/international\/les-trois-mots-du-discours-dobama-lirak-defense-humanitaire-gouvernement-dunion\/184361\/","og_site_name":"webdo","article_publisher":"https:\/\/www.facebook.com\/webdotn","article_published_time":"2014-08-09T19:18:00+00:00","author":"webdo.tn","twitter_card":"summary_large_image","twitter_creator":"@webdo_tn","twitter_site":"@webdo_tn","twitter_misc":{"\u00c9crit par":"webdo.tn","Dur\u00e9e de lecture estim\u00e9e":"6 minutes"},"schema":{"@context":"https:\/\/schema.org","@graph":[{"@type":"NewsArticle","@id":"https:\/\/www.webdo.tn\/fr\/actualite\/international\/les-trois-mots-du-discours-dobama-lirak-defense-humanitaire-gouvernement-dunion\/184361\/#article","isPartOf":{"@id":"https:\/\/www.webdo.tn\/fr\/actualite\/international\/les-trois-mots-du-discours-dobama-lirak-defense-humanitaire-gouvernement-dunion\/184361\/"},"author":{"name":"webdo.tn","@id":"https:\/\/www.webdo.tn\/fr\/#\/schema\/person\/9a9c6118d687c117df8ef3cc36a4d175"},"headline":"Les trois mots cl\u00e9s du discours d&rsquo;Obama sur l&rsquo;Irak : D\u00e9fense, humanitaire et gouvernement d&rsquo;union","datePublished":"2014-08-09T19:18:00+00:00","mainEntityOfPage":{"@id":"https:\/\/www.webdo.tn\/fr\/actualite\/international\/les-trois-mots-du-discours-dobama-lirak-defense-humanitaire-gouvernement-dunion\/184361\/"},"wordCount":1348,"commentCount":0,"publisher":{"@id":"https:\/\/www.webdo.tn\/fr\/#organization"},"image":{"@id":"https:\/\/www.webdo.tn\/fr\/actualite\/international\/les-trois-mots-du-discours-dobama-lirak-defense-humanitaire-gouvernement-dunion\/184361\/#primaryimage"},"thumbnailUrl":"https:\/\/www.webdo.tn\/fr\/wp-content\/uploads\/2025\/06\/Barack-Obama-Irak_184361.jpg","articleSection":["International"],"inLanguage":"fr-FR"},{"@type":"WebPage","@id":"https:\/\/www.webdo.tn\/fr\/actualite\/international\/les-trois-mots-du-discours-dobama-lirak-defense-humanitaire-gouvernement-dunion\/184361\/","url":"https:\/\/www.webdo.tn\/fr\/actualite\/international\/les-trois-mots-du-discours-dobama-lirak-defense-humanitaire-gouvernement-dunion\/184361\/","name":"Les trois mots cl\u00e9s du discours d'Obama sur l'Irak : D\u00e9fense, humanitaire et gouvernement d'union","isPartOf":{"@id":"https:\/\/www.webdo.tn\/fr\/#website"},"primaryImageOfPage":{"@id":"https:\/\/www.webdo.tn\/fr\/actualite\/international\/les-trois-mots-du-discours-dobama-lirak-defense-humanitaire-gouvernement-dunion\/184361\/#primaryimage"},"image":{"@id":"https:\/\/www.webdo.tn\/fr\/actualite\/international\/les-trois-mots-du-discours-dobama-lirak-defense-humanitaire-gouvernement-dunion\/184361\/#primaryimage"},"thumbnailUrl":"https:\/\/www.webdo.tn\/fr\/wp-content\/uploads\/2025\/06\/Barack-Obama-Irak_184361.jpg","datePublished":"2014-08-09T19:18:00+00:00","description":"Les trois mots cl\u00e9s du discours d'Obama sur l'Irak : D\u00e9fense, humanitaire et gouvernement d'union","breadcrumb":{"@id":"https:\/\/www.webdo.tn\/fr\/actualite\/international\/les-trois-mots-du-discours-dobama-lirak-defense-humanitaire-gouvernement-dunion\/184361\/#breadcrumb"},"inLanguage":"fr-FR","potentialAction":[{"@type":"ReadAction","target":["https:\/\/www.webdo.tn\/fr\/actualite\/international\/les-trois-mots-du-discours-dobama-lirak-defense-humanitaire-gouvernement-dunion\/184361\/"]}]},{"@type":"ImageObject","inLanguage":"fr-FR","@id":"https:\/\/www.webdo.tn\/fr\/actualite\/international\/les-trois-mots-du-discours-dobama-lirak-defense-humanitaire-gouvernement-dunion\/184361\/#primaryimage","url":"https:\/\/www.webdo.tn\/fr\/wp-content\/uploads\/2025\/06\/Barack-Obama-Irak_184361.jpg","contentUrl":"https:\/\/www.webdo.tn\/fr\/wp-content\/uploads\/2025\/06\/Barack-Obama-Irak_184361.jpg","width":465,"height":261,"caption":"Les trois mots cl\u00e9s du discours d'Obama sur l'Irak : D\u00e9fense, humanitaire et gouvernement d'union"},{"@type":"BreadcrumbList","@id":"https:\/\/www.webdo.tn\/fr\/actualite\/international\/les-trois-mots-du-discours-dobama-lirak-defense-humanitaire-gouvernement-dunion\/184361\/#breadcrumb","itemListElement":[{"@type":"ListItem","position":1,"name":"Accueil","item":"https:\/\/www.webdo.tn\/fr\/"},{"@type":"ListItem","position":2,"name":"Les trois mots cl\u00e9s du discours d&rsquo;Obama sur l&rsquo;Irak : D\u00e9fense, humanitaire et gouvernement d&rsquo;union"}]},{"@type":"WebSite","@id":"https:\/\/www.webdo.tn\/fr\/#website","url":"https:\/\/www.webdo.tn\/fr\/","name":"webdo","description":"Tunisie - News en Tunisie et \u00e0 l&#039;international sur Webdo.tn","publisher":{"@id":"https:\/\/www.webdo.tn\/fr\/#organization"},"potentialAction":[{"@type":"SearchAction","target":{"@type":"EntryPoint","urlTemplate":"https:\/\/www.webdo.tn\/fr\/?s={search_term_string}"},"query-input":{"@type":"PropertyValueSpecification","valueRequired":true,"valueName":"search_term_string"}}],"inLanguage":"fr-FR"},{"@type":"Organization","@id":"https:\/\/www.webdo.tn\/fr\/#organization","name":"Webdo","alternateName":"Webdo.tn","url":"https:\/\/www.webdo.tn\/fr\/","logo":{"@type":"ImageObject","inLanguage":"fr-FR","@id":"https:\/\/www.webdo.tn\/fr\/#\/schema\/logo\/image\/","url":"https:\/\/www.webdo.tn\/fr\/wp-content\/uploads\/2025\/06\/Webdo-Tunisie_168377.jpg","contentUrl":"https:\/\/www.webdo.tn\/fr\/wp-content\/uploads\/2025\/06\/Webdo-Tunisie_168377.jpg","width":301,"height":301,"caption":"Webdo"},"image":{"@id":"https:\/\/www.webdo.tn\/fr\/#\/schema\/logo\/image\/"},"sameAs":["https:\/\/www.facebook.com\/webdotn","https:\/\/x.com\/webdo_tn"],"description":"Webdo est un m\u00e9dia num\u00e9rique tunisien fond\u00e9 en 2010, sp\u00e9cialis\u00e9 dans l\u2019actualit\u00e9 nationale et internationale, l\u2019\u00e9conomie, la soci\u00e9t\u00e9 et les analyses politiques. Le site s\u2019adresse \u00e0 un large public francophone et couvre l\u2019information tunisienne en temps r\u00e9el.","email":"redac@webdo.tn","legalName":"YNJ SARL","foundingDate":"2010-09-06","numberOfEmployees":{"@type":"QuantitativeValue","minValue":"11","maxValue":"50"}},{"@type":"Person","@id":"https:\/\/www.webdo.tn\/fr\/#\/schema\/person\/9a9c6118d687c117df8ef3cc36a4d175","name":"webdo.tn","image":{"@type":"ImageObject","inLanguage":"fr-FR","@id":"https:\/\/secure.gravatar.com\/avatar\/7ce1f28c0c3bbac99ff550b85ef8e44a6950c6ee24514fb6a5489e51d06f0298?s=96&d=mm&r=g","url":"https:\/\/secure.gravatar.com\/avatar\/7ce1f28c0c3bbac99ff550b85ef8e44a6950c6ee24514fb6a5489e51d06f0298?s=96&d=mm&r=g","contentUrl":"https:\/\/secure.gravatar.com\/avatar\/7ce1f28c0c3bbac99ff550b85ef8e44a6950c6ee24514fb6a5489e51d06f0298?s=96&d=mm&r=g","caption":"webdo.tn"},"url":"https:\/\/www.webdo.tn\/fr\/actualite\/author\/webdotn\/"}]}},"_links":{"self":[{"href":"https:\/\/www.webdo.tn\/fr\/wp-json\/wp\/v2\/posts\/184361","targetHints":{"allow":["GET"]}}],"collection":[{"href":"https:\/\/www.webdo.tn\/fr\/wp-json\/wp\/v2\/posts"}],"about":[{"href":"https:\/\/www.webdo.tn\/fr\/wp-json\/wp\/v2\/types\/post"}],"author":[{"embeddable":true,"href":"https:\/\/www.webdo.tn\/fr\/wp-json\/wp\/v2\/users\/3222"}],"replies":[{"embeddable":true,"href":"https:\/\/www.webdo.tn\/fr\/wp-json\/wp\/v2\/comments?post=184361"}],"version-history":[{"count":0,"href":"https:\/\/www.webdo.tn\/fr\/wp-json\/wp\/v2\/posts\/184361\/revisions"}],"wp:featuredmedia":[{"embeddable":true,"href":"https:\/\/www.webdo.tn\/fr\/wp-json\/wp\/v2\/media\/373716"}],"wp:attachment":[{"href":"https:\/\/www.webdo.tn\/fr\/wp-json\/wp\/v2\/media?parent=184361"}],"wp:term":[{"taxonomy":"category","embeddable":true,"href":"https:\/\/www.webdo.tn\/fr\/wp-json\/wp\/v2\/categories?post=184361"},{"taxonomy":"post_tag","embeddable":true,"href":"https:\/\/www.webdo.tn\/fr\/wp-json\/wp\/v2\/tags?post=184361"}],"curies":[{"name":"wp","href":"https:\/\/api.w.org\/{rel}","templated":true}]}}