{"id":184360,"date":"2014-08-10T14:03:00","date_gmt":"2014-08-10T12:03:00","guid":{"rendered":"https:\/\/www.webdo.tn\/fr\/actualite\/international\/reportage-en-irak-monde-nest-il-pas-conscient-linjustice-vivons\/184360"},"modified":"2014-08-10T14:03:00","modified_gmt":"2014-08-10T12:03:00","slug":"reportage-en-irak-monde-nest-il-pas-conscient-linjustice-vivons","status":"publish","type":"post","link":"https:\/\/www.webdo.tn\/fr\/actualite\/international\/reportage-en-irak-monde-nest-il-pas-conscient-linjustice-vivons\/184360\/","title":{"rendered":"Reportage en Irak : \u00ab\u00a0Pourquoi le monde n&rsquo;est-il pas conscient de l&rsquo;injustice que nous vivons ?\u00a0\u00bb"},"content":{"rendered":"<p>La cha\u00eene irakienne a pass\u00e9 r\u00e9cemment un reportage sur la situation catastrophique en Irak suite \u00e0 la proclamation du califat de Daech.<\/p>\n<p>\u062a\u063a\u0637\u064a\u0629 \u0627\u0639\u0644\u0627\u0645\u064a\u0629 \u062d\u0648\u0644 \u0627\u0648\u0636\u0627\u0639 \u0627\u0644\u0646\u0627\u0632\u062d\u064a\u0646 from ircs on Vimeo.<\/p>\n<p>D&rsquo;apr\u00e8s le\u00a0haut commissariat des nations unies pour les r\u00e9fugi\u00e9s et les\u00a0fonctionnaires de la R\u00e9gion du Kurdistan d&rsquo;Iraq,\u00a0\u00bb au moins 45\u00a0000 Iraquiens, notamment des arabes, des chr\u00e9tiens et des membres des minorit\u00e9s comme les Y\u00e9zidis, les Chabaks, les Turcomans chiites et d&rsquo;autres, ont fui vers le Kurdistan iraquien depuis dimanche pour \u00e9chapper aux groupes arm\u00e9s qui ont pris le contr\u00f4le de Sinjar et de deux autres communaut\u00e9s. Cette r\u00e9gion accueille d\u00e9j\u00e0 plus de 300\u00a0000 d\u00e9plac\u00e9s iraquiens depuis juin, ainsi que 220\u00a0000 r\u00e9fugi\u00e9s syriens, et cet afflux accentue la pression sur ses ressources d\u00e9j\u00e0 limit\u00e9es.\u00a0\u00bb<\/p>\n<p>L&rsquo;organisation Amnesty International a tir\u00e9 la sonnette d&rsquo;alarme aussi<br \/>\nLa panique s&rsquo;est empar\u00e9e du nord-ouest de l&rsquo;Irak, et des dizaines de milliers de personnes fuient les zones dans lesquelles les extr\u00e9mistes de l&rsquo;\u00c9tat islamique en Irak et au Levant (EIIL) poursuivent leur avanc\u00e9e, a d\u00e9clar\u00e9 Amnesty International.\u00ab\u00a0La situation pour les Irakiens du nord-ouest du pays, en particulier ceux issus des minorit\u00e9s y\u00e9zidie et chr\u00e9tienne, devient de plus en plus d\u00e9sesp\u00e9r\u00e9e, les r\u00e9sidents et beaucoup de ceux qui ont d\u00e9j\u00e0 \u00e9t\u00e9 d\u00e9plac\u00e9s fuyant actuellement leur domicile et les lieux o\u00f9 ils s&rsquo;\u00e9taient r\u00e9fugi\u00e9s\u00a0\u00bb, a d\u00e9clar\u00e9 Donatella Rovera, conseill\u00e8re principale sur la r\u00e9action aux crises \u00e0 Amnesty International, qui se trouve dans le nord de l&rsquo;Irak en ce moment.<br \/>\nDonatella Rovera a d\u00e9clar\u00e9\u00a0: \u00ab\u00a0Mercredi 6\u00a0ao\u00fbt \u00e0 al Qosh, une ville chr\u00e9tienne, j&rsquo;ai rencontr\u00e9 un homme qui se d\u00e9menait depuis des semaines pour fournir un abri et de l&rsquo;aide \u00e0 des personnes d\u00e9plac\u00e9es &#8211;\u00a0chr\u00e9tiens, y\u00e9zidis et membres d&rsquo;autres minorit\u00e9s\u00a0&#8211; que les attaques de l&rsquo;EIIL avaient pouss\u00e9es \u00e0 quitter leur domicile ces derniers jours et semaines.<\/p>\n<p>\u00ab\u00a0Jeudi 7, lui-m\u00eame et sa famille sont devenus des personnes d\u00e9plac\u00e9es. Il a \u00e9clat\u00e9 en sanglots lorsqu&rsquo;il m&rsquo;a dit que la nuit pr\u00e9c\u00e9dente, ils avaient fui avec seulement les habits qu&rsquo;ils avaient sur le dos &#8211; sans m\u00eame avoir le temps de prendre leurs papiers. L&rsquo;EIIL est d\u00e9sormais dans la ville.\u00a0\u00bb<\/p>\n<p>\u00c0 Bashiqa, une ville majoritairement y\u00e9zidie situ\u00e9e au nord de Mossoul, les r\u00e9sidents, qui redoutaient depuis longtemps une attaque de l&rsquo;EIIL, ont vu leurs craintes r\u00e9alis\u00e9es du jour au lendemain. Les habitants sont d\u00e9sormais d\u00e9plac\u00e9s.Au fur et \u00e0 mesure de la progression de l&rsquo;EIIL dans la r\u00e9gion au nord-est de Mossoul au cours de la nuit, des milliers de personnes ont fui vers les villes de Dohuk et d&rsquo;Arbil, au Kurdistan irakien.<\/p>\n<p>Amnesty<\/p>\n","protected":false},"excerpt":{"rendered":"<p>La cha\u00eene irakienne a pass\u00e9 r\u00e9cemment un reportage sur la situation catastrophique en Irak suite \u00e0 la proclamation du califat de Daech.<\/p>\n<p>\u062a\u063a\u0637\u064a\u0629<\/p>\n","protected":false},"author":3222,"featured_media":373715,"comment_status":"open","ping_status":"open","sticky":false,"template":"","format":"standard","meta":{"footnotes":""},"categories":[2598],"tags":[],"class_list":["post-184360","post","type-post","status-publish","format-standard","has-post-thumbnail","hentry","category-international"],"yoast_head":"<!-- This site is optimized with the Yoast SEO Premium plugin v27.5 (Yoast SEO v27.5) - https:\/\/yoast.com\/product\/yoast-seo-premium-wordpress\/ -->\n<title>Reportage en Irak : Pourquoi le monde n&#039;est-il pas conscient de l&#039;injustice que nous vivons ?<\/title>\n<meta name=\"description\" content=\"Reportage en Irak : Pourquoi le monde n&#039;est-il pas conscient de l&#039;injustice que nous vivons ?\" \/>\n<link rel=\"canonical\" href=\"https:\/\/www.webdo.tn\/fr\/actualite\/international\/reportage-en-irak-monde-nest-il-pas-conscient-linjustice-vivons\/184360\/\" \/>\n<meta property=\"og:locale\" content=\"fr_FR\" \/>\n<meta property=\"og:type\" content=\"article\" \/>\n<meta property=\"og:title\" content=\"Reportage en Irak : &quot;Pourquoi le monde n&#039;est-il pas conscient de l&#039;injustice que nous vivons ?&quot;\" \/>\n<meta property=\"og:description\" content=\"Reportage en Irak : Pourquoi le monde n&#039;est-il pas conscient de l&#039;injustice que nous vivons ?\" \/>\n<meta property=\"og:url\" content=\"https:\/\/www.webdo.tn\/fr\/actualite\/international\/reportage-en-irak-monde-nest-il-pas-conscient-linjustice-vivons\/184360\/\" \/>\n<meta property=\"og:site_name\" content=\"webdo\" \/>\n<meta property=\"article:publisher\" content=\"https:\/\/www.facebook.com\/webdotn\" \/>\n<meta property=\"article:published_time\" content=\"2014-08-10T12:03:00+00:00\" \/>\n<meta name=\"author\" content=\"webdo.tn\" \/>\n<meta name=\"twitter:card\" content=\"summary_large_image\" \/>\n<meta name=\"twitter:creator\" content=\"@webdo_tn\" \/>\n<meta name=\"twitter:site\" content=\"@webdo_tn\" \/>\n<meta name=\"twitter:label1\" content=\"\u00c9crit par\" \/>\n\t<meta name=\"twitter:data1\" content=\"webdo.tn\" \/>\n\t<meta name=\"twitter:label2\" content=\"Dur\u00e9e de lecture estim\u00e9e\" \/>\n\t<meta name=\"twitter:data2\" content=\"2 minutes\" \/>\n<script type=\"application\/ld+json\" class=\"yoast-schema-graph\">{\"@context\":\"https:\\\/\\\/schema.org\",\"@graph\":[{\"@type\":\"NewsArticle\",\"@id\":\"https:\\\/\\\/www.webdo.tn\\\/fr\\\/actualite\\\/international\\\/reportage-en-irak-monde-nest-il-pas-conscient-linjustice-vivons\\\/184360\\\/#article\",\"isPartOf\":{\"@id\":\"https:\\\/\\\/www.webdo.tn\\\/fr\\\/actualite\\\/international\\\/reportage-en-irak-monde-nest-il-pas-conscient-linjustice-vivons\\\/184360\\\/\"},\"author\":{\"name\":\"webdo.tn\",\"@id\":\"https:\\\/\\\/www.webdo.tn\\\/fr\\\/#\\\/schema\\\/person\\\/9a9c6118d687c117df8ef3cc36a4d175\"},\"headline\":\"Reportage en Irak : \u00ab\u00a0Pourquoi le monde n&rsquo;est-il pas conscient de l&rsquo;injustice que nous vivons ?\u00a0\u00bb\",\"datePublished\":\"2014-08-10T12:03:00+00:00\",\"mainEntityOfPage\":{\"@id\":\"https:\\\/\\\/www.webdo.tn\\\/fr\\\/actualite\\\/international\\\/reportage-en-irak-monde-nest-il-pas-conscient-linjustice-vivons\\\/184360\\\/\"},\"wordCount\":512,\"commentCount\":0,\"publisher\":{\"@id\":\"https:\\\/\\\/www.webdo.tn\\\/fr\\\/#organization\"},\"image\":{\"@id\":\"https:\\\/\\\/www.webdo.tn\\\/fr\\\/actualite\\\/international\\\/reportage-en-irak-monde-nest-il-pas-conscient-linjustice-vivons\\\/184360\\\/#primaryimage\"},\"thumbnailUrl\":\"https:\\\/\\\/www.webdo.tn\\\/fr\\\/wp-content\\\/uploads\\\/2025\\\/06\\\/Irak-Croissant-rouge-Juin-20141_184360.jpg\",\"articleSection\":[\"International\"],\"inLanguage\":\"fr-FR\"},{\"@type\":\"WebPage\",\"@id\":\"https:\\\/\\\/www.webdo.tn\\\/fr\\\/actualite\\\/international\\\/reportage-en-irak-monde-nest-il-pas-conscient-linjustice-vivons\\\/184360\\\/\",\"url\":\"https:\\\/\\\/www.webdo.tn\\\/fr\\\/actualite\\\/international\\\/reportage-en-irak-monde-nest-il-pas-conscient-linjustice-vivons\\\/184360\\\/\",\"name\":\"Reportage en Irak : Pourquoi le monde n'est-il pas conscient de l'injustice que nous vivons ?\",\"isPartOf\":{\"@id\":\"https:\\\/\\\/www.webdo.tn\\\/fr\\\/#website\"},\"primaryImageOfPage\":{\"@id\":\"https:\\\/\\\/www.webdo.tn\\\/fr\\\/actualite\\\/international\\\/reportage-en-irak-monde-nest-il-pas-conscient-linjustice-vivons\\\/184360\\\/#primaryimage\"},\"image\":{\"@id\":\"https:\\\/\\\/www.webdo.tn\\\/fr\\\/actualite\\\/international\\\/reportage-en-irak-monde-nest-il-pas-conscient-linjustice-vivons\\\/184360\\\/#primaryimage\"},\"thumbnailUrl\":\"https:\\\/\\\/www.webdo.tn\\\/fr\\\/wp-content\\\/uploads\\\/2025\\\/06\\\/Irak-Croissant-rouge-Juin-20141_184360.jpg\",\"datePublished\":\"2014-08-10T12:03:00+00:00\",\"description\":\"Reportage en Irak : Pourquoi le monde n'est-il pas conscient de l'injustice que nous vivons ?\",\"breadcrumb\":{\"@id\":\"https:\\\/\\\/www.webdo.tn\\\/fr\\\/actualite\\\/international\\\/reportage-en-irak-monde-nest-il-pas-conscient-linjustice-vivons\\\/184360\\\/#breadcrumb\"},\"inLanguage\":\"fr-FR\",\"potentialAction\":[{\"@type\":\"ReadAction\",\"target\":[\"https:\\\/\\\/www.webdo.tn\\\/fr\\\/actualite\\\/international\\\/reportage-en-irak-monde-nest-il-pas-conscient-linjustice-vivons\\\/184360\\\/\"]}]},{\"@type\":\"ImageObject\",\"inLanguage\":\"fr-FR\",\"@id\":\"https:\\\/\\\/www.webdo.tn\\\/fr\\\/actualite\\\/international\\\/reportage-en-irak-monde-nest-il-pas-conscient-linjustice-vivons\\\/184360\\\/#primaryimage\",\"url\":\"https:\\\/\\\/www.webdo.tn\\\/fr\\\/wp-content\\\/uploads\\\/2025\\\/06\\\/Irak-Croissant-rouge-Juin-20141_184360.jpg\",\"contentUrl\":\"https:\\\/\\\/www.webdo.tn\\\/fr\\\/wp-content\\\/uploads\\\/2025\\\/06\\\/Irak-Croissant-rouge-Juin-20141_184360.jpg\",\"width\":480,\"height\":319,\"caption\":\"Reportage en Irak : \\\"Pourquoi le monde n'est-il pas conscient de l'injustice que nous vivons ?\\\"\"},{\"@type\":\"BreadcrumbList\",\"@id\":\"https:\\\/\\\/www.webdo.tn\\\/fr\\\/actualite\\\/international\\\/reportage-en-irak-monde-nest-il-pas-conscient-linjustice-vivons\\\/184360\\\/#breadcrumb\",\"itemListElement\":[{\"@type\":\"ListItem\",\"position\":1,\"name\":\"Accueil\",\"item\":\"https:\\\/\\\/www.webdo.tn\\\/fr\\\/\"},{\"@type\":\"ListItem\",\"position\":2,\"name\":\"Reportage en Irak : \u00ab\u00a0Pourquoi le monde n&rsquo;est-il pas conscient de l&rsquo;injustice que nous vivons ?\u00a0\u00bb\"}]},{\"@type\":\"WebSite\",\"@id\":\"https:\\\/\\\/www.webdo.tn\\\/fr\\\/#website\",\"url\":\"https:\\\/\\\/www.webdo.tn\\\/fr\\\/\",\"name\":\"webdo\",\"description\":\"Tunisie - News en Tunisie et \u00e0 l&#039;international sur Webdo.tn\",\"publisher\":{\"@id\":\"https:\\\/\\\/www.webdo.tn\\\/fr\\\/#organization\"},\"potentialAction\":[{\"@type\":\"SearchAction\",\"target\":{\"@type\":\"EntryPoint\",\"urlTemplate\":\"https:\\\/\\\/www.webdo.tn\\\/fr\\\/?s={search_term_string}\"},\"query-input\":{\"@type\":\"PropertyValueSpecification\",\"valueRequired\":true,\"valueName\":\"search_term_string\"}}],\"inLanguage\":\"fr-FR\"},{\"@type\":\"Organization\",\"@id\":\"https:\\\/\\\/www.webdo.tn\\\/fr\\\/#organization\",\"name\":\"Webdo\",\"alternateName\":\"Webdo.tn\",\"url\":\"https:\\\/\\\/www.webdo.tn\\\/fr\\\/\",\"logo\":{\"@type\":\"ImageObject\",\"inLanguage\":\"fr-FR\",\"@id\":\"https:\\\/\\\/www.webdo.tn\\\/fr\\\/#\\\/schema\\\/logo\\\/image\\\/\",\"url\":\"https:\\\/\\\/www.webdo.tn\\\/fr\\\/wp-content\\\/uploads\\\/2025\\\/06\\\/Webdo-Tunisie_168377.jpg\",\"contentUrl\":\"https:\\\/\\\/www.webdo.tn\\\/fr\\\/wp-content\\\/uploads\\\/2025\\\/06\\\/Webdo-Tunisie_168377.jpg\",\"width\":301,\"height\":301,\"caption\":\"Webdo\"},\"image\":{\"@id\":\"https:\\\/\\\/www.webdo.tn\\\/fr\\\/#\\\/schema\\\/logo\\\/image\\\/\"},\"sameAs\":[\"https:\\\/\\\/www.facebook.com\\\/webdotn\",\"https:\\\/\\\/x.com\\\/webdo_tn\"],\"description\":\"Webdo est un m\u00e9dia num\u00e9rique tunisien fond\u00e9 en 2010, sp\u00e9cialis\u00e9 dans l\u2019actualit\u00e9 nationale et internationale, l\u2019\u00e9conomie, la soci\u00e9t\u00e9 et les analyses politiques. Le site s\u2019adresse \u00e0 un large public francophone et couvre l\u2019information tunisienne en temps r\u00e9el.\",\"email\":\"redac@webdo.tn\",\"legalName\":\"YNJ SARL\",\"foundingDate\":\"2010-09-06\",\"numberOfEmployees\":{\"@type\":\"QuantitativeValue\",\"minValue\":\"11\",\"maxValue\":\"50\"}},{\"@type\":\"Person\",\"@id\":\"https:\\\/\\\/www.webdo.tn\\\/fr\\\/#\\\/schema\\\/person\\\/9a9c6118d687c117df8ef3cc36a4d175\",\"name\":\"webdo.tn\",\"image\":{\"@type\":\"ImageObject\",\"inLanguage\":\"fr-FR\",\"@id\":\"https:\\\/\\\/secure.gravatar.com\\\/avatar\\\/7ce1f28c0c3bbac99ff550b85ef8e44a6950c6ee24514fb6a5489e51d06f0298?s=96&d=mm&r=g\",\"url\":\"https:\\\/\\\/secure.gravatar.com\\\/avatar\\\/7ce1f28c0c3bbac99ff550b85ef8e44a6950c6ee24514fb6a5489e51d06f0298?s=96&d=mm&r=g\",\"contentUrl\":\"https:\\\/\\\/secure.gravatar.com\\\/avatar\\\/7ce1f28c0c3bbac99ff550b85ef8e44a6950c6ee24514fb6a5489e51d06f0298?s=96&d=mm&r=g\",\"caption\":\"webdo.tn\"},\"url\":\"https:\\\/\\\/www.webdo.tn\\\/fr\\\/actualite\\\/author\\\/webdotn\\\/\"}]}<\/script>\n<!-- \/ Yoast SEO Premium plugin. -->","yoast_head_json":{"title":"Reportage en Irak : Pourquoi le monde n'est-il pas conscient de l'injustice que nous vivons ?","description":"Reportage en Irak : Pourquoi le monde n'est-il pas conscient de l'injustice que nous vivons ?","canonical":"https:\/\/www.webdo.tn\/fr\/actualite\/international\/reportage-en-irak-monde-nest-il-pas-conscient-linjustice-vivons\/184360\/","og_locale":"fr_FR","og_type":"article","og_title":"Reportage en Irak : \"Pourquoi le monde n'est-il pas conscient de l'injustice que nous vivons ?\"","og_description":"Reportage en Irak : Pourquoi le monde n'est-il pas conscient de l'injustice que nous vivons ?","og_url":"https:\/\/www.webdo.tn\/fr\/actualite\/international\/reportage-en-irak-monde-nest-il-pas-conscient-linjustice-vivons\/184360\/","og_site_name":"webdo","article_publisher":"https:\/\/www.facebook.com\/webdotn","article_published_time":"2014-08-10T12:03:00+00:00","author":"webdo.tn","twitter_card":"summary_large_image","twitter_creator":"@webdo_tn","twitter_site":"@webdo_tn","twitter_misc":{"\u00c9crit par":"webdo.tn","Dur\u00e9e de lecture estim\u00e9e":"2 minutes"},"schema":{"@context":"https:\/\/schema.org","@graph":[{"@type":"NewsArticle","@id":"https:\/\/www.webdo.tn\/fr\/actualite\/international\/reportage-en-irak-monde-nest-il-pas-conscient-linjustice-vivons\/184360\/#article","isPartOf":{"@id":"https:\/\/www.webdo.tn\/fr\/actualite\/international\/reportage-en-irak-monde-nest-il-pas-conscient-linjustice-vivons\/184360\/"},"author":{"name":"webdo.tn","@id":"https:\/\/www.webdo.tn\/fr\/#\/schema\/person\/9a9c6118d687c117df8ef3cc36a4d175"},"headline":"Reportage en Irak : \u00ab\u00a0Pourquoi le monde n&rsquo;est-il pas conscient de l&rsquo;injustice que nous vivons ?\u00a0\u00bb","datePublished":"2014-08-10T12:03:00+00:00","mainEntityOfPage":{"@id":"https:\/\/www.webdo.tn\/fr\/actualite\/international\/reportage-en-irak-monde-nest-il-pas-conscient-linjustice-vivons\/184360\/"},"wordCount":512,"commentCount":0,"publisher":{"@id":"https:\/\/www.webdo.tn\/fr\/#organization"},"image":{"@id":"https:\/\/www.webdo.tn\/fr\/actualite\/international\/reportage-en-irak-monde-nest-il-pas-conscient-linjustice-vivons\/184360\/#primaryimage"},"thumbnailUrl":"https:\/\/www.webdo.tn\/fr\/wp-content\/uploads\/2025\/06\/Irak-Croissant-rouge-Juin-20141_184360.jpg","articleSection":["International"],"inLanguage":"fr-FR"},{"@type":"WebPage","@id":"https:\/\/www.webdo.tn\/fr\/actualite\/international\/reportage-en-irak-monde-nest-il-pas-conscient-linjustice-vivons\/184360\/","url":"https:\/\/www.webdo.tn\/fr\/actualite\/international\/reportage-en-irak-monde-nest-il-pas-conscient-linjustice-vivons\/184360\/","name":"Reportage en Irak : Pourquoi le monde n'est-il pas conscient de l'injustice que nous vivons ?","isPartOf":{"@id":"https:\/\/www.webdo.tn\/fr\/#website"},"primaryImageOfPage":{"@id":"https:\/\/www.webdo.tn\/fr\/actualite\/international\/reportage-en-irak-monde-nest-il-pas-conscient-linjustice-vivons\/184360\/#primaryimage"},"image":{"@id":"https:\/\/www.webdo.tn\/fr\/actualite\/international\/reportage-en-irak-monde-nest-il-pas-conscient-linjustice-vivons\/184360\/#primaryimage"},"thumbnailUrl":"https:\/\/www.webdo.tn\/fr\/wp-content\/uploads\/2025\/06\/Irak-Croissant-rouge-Juin-20141_184360.jpg","datePublished":"2014-08-10T12:03:00+00:00","description":"Reportage en Irak : Pourquoi le monde n'est-il pas conscient de l'injustice que nous vivons ?","breadcrumb":{"@id":"https:\/\/www.webdo.tn\/fr\/actualite\/international\/reportage-en-irak-monde-nest-il-pas-conscient-linjustice-vivons\/184360\/#breadcrumb"},"inLanguage":"fr-FR","potentialAction":[{"@type":"ReadAction","target":["https:\/\/www.webdo.tn\/fr\/actualite\/international\/reportage-en-irak-monde-nest-il-pas-conscient-linjustice-vivons\/184360\/"]}]},{"@type":"ImageObject","inLanguage":"fr-FR","@id":"https:\/\/www.webdo.tn\/fr\/actualite\/international\/reportage-en-irak-monde-nest-il-pas-conscient-linjustice-vivons\/184360\/#primaryimage","url":"https:\/\/www.webdo.tn\/fr\/wp-content\/uploads\/2025\/06\/Irak-Croissant-rouge-Juin-20141_184360.jpg","contentUrl":"https:\/\/www.webdo.tn\/fr\/wp-content\/uploads\/2025\/06\/Irak-Croissant-rouge-Juin-20141_184360.jpg","width":480,"height":319,"caption":"Reportage en Irak : \"Pourquoi le monde n'est-il pas conscient de l'injustice que nous vivons ?\""},{"@type":"BreadcrumbList","@id":"https:\/\/www.webdo.tn\/fr\/actualite\/international\/reportage-en-irak-monde-nest-il-pas-conscient-linjustice-vivons\/184360\/#breadcrumb","itemListElement":[{"@type":"ListItem","position":1,"name":"Accueil","item":"https:\/\/www.webdo.tn\/fr\/"},{"@type":"ListItem","position":2,"name":"Reportage en Irak : \u00ab\u00a0Pourquoi le monde n&rsquo;est-il pas conscient de l&rsquo;injustice que nous vivons ?\u00a0\u00bb"}]},{"@type":"WebSite","@id":"https:\/\/www.webdo.tn\/fr\/#website","url":"https:\/\/www.webdo.tn\/fr\/","name":"webdo","description":"Tunisie - News en Tunisie et \u00e0 l&#039;international sur Webdo.tn","publisher":{"@id":"https:\/\/www.webdo.tn\/fr\/#organization"},"potentialAction":[{"@type":"SearchAction","target":{"@type":"EntryPoint","urlTemplate":"https:\/\/www.webdo.tn\/fr\/?s={search_term_string}"},"query-input":{"@type":"PropertyValueSpecification","valueRequired":true,"valueName":"search_term_string"}}],"inLanguage":"fr-FR"},{"@type":"Organization","@id":"https:\/\/www.webdo.tn\/fr\/#organization","name":"Webdo","alternateName":"Webdo.tn","url":"https:\/\/www.webdo.tn\/fr\/","logo":{"@type":"ImageObject","inLanguage":"fr-FR","@id":"https:\/\/www.webdo.tn\/fr\/#\/schema\/logo\/image\/","url":"https:\/\/www.webdo.tn\/fr\/wp-content\/uploads\/2025\/06\/Webdo-Tunisie_168377.jpg","contentUrl":"https:\/\/www.webdo.tn\/fr\/wp-content\/uploads\/2025\/06\/Webdo-Tunisie_168377.jpg","width":301,"height":301,"caption":"Webdo"},"image":{"@id":"https:\/\/www.webdo.tn\/fr\/#\/schema\/logo\/image\/"},"sameAs":["https:\/\/www.facebook.com\/webdotn","https:\/\/x.com\/webdo_tn"],"description":"Webdo est un m\u00e9dia num\u00e9rique tunisien fond\u00e9 en 2010, sp\u00e9cialis\u00e9 dans l\u2019actualit\u00e9 nationale et internationale, l\u2019\u00e9conomie, la soci\u00e9t\u00e9 et les analyses politiques. Le site s\u2019adresse \u00e0 un large public francophone et couvre l\u2019information tunisienne en temps r\u00e9el.","email":"redac@webdo.tn","legalName":"YNJ SARL","foundingDate":"2010-09-06","numberOfEmployees":{"@type":"QuantitativeValue","minValue":"11","maxValue":"50"}},{"@type":"Person","@id":"https:\/\/www.webdo.tn\/fr\/#\/schema\/person\/9a9c6118d687c117df8ef3cc36a4d175","name":"webdo.tn","image":{"@type":"ImageObject","inLanguage":"fr-FR","@id":"https:\/\/secure.gravatar.com\/avatar\/7ce1f28c0c3bbac99ff550b85ef8e44a6950c6ee24514fb6a5489e51d06f0298?s=96&d=mm&r=g","url":"https:\/\/secure.gravatar.com\/avatar\/7ce1f28c0c3bbac99ff550b85ef8e44a6950c6ee24514fb6a5489e51d06f0298?s=96&d=mm&r=g","contentUrl":"https:\/\/secure.gravatar.com\/avatar\/7ce1f28c0c3bbac99ff550b85ef8e44a6950c6ee24514fb6a5489e51d06f0298?s=96&d=mm&r=g","caption":"webdo.tn"},"url":"https:\/\/www.webdo.tn\/fr\/actualite\/author\/webdotn\/"}]}},"_links":{"self":[{"href":"https:\/\/www.webdo.tn\/fr\/wp-json\/wp\/v2\/posts\/184360","targetHints":{"allow":["GET"]}}],"collection":[{"href":"https:\/\/www.webdo.tn\/fr\/wp-json\/wp\/v2\/posts"}],"about":[{"href":"https:\/\/www.webdo.tn\/fr\/wp-json\/wp\/v2\/types\/post"}],"author":[{"embeddable":true,"href":"https:\/\/www.webdo.tn\/fr\/wp-json\/wp\/v2\/users\/3222"}],"replies":[{"embeddable":true,"href":"https:\/\/www.webdo.tn\/fr\/wp-json\/wp\/v2\/comments?post=184360"}],"version-history":[{"count":0,"href":"https:\/\/www.webdo.tn\/fr\/wp-json\/wp\/v2\/posts\/184360\/revisions"}],"wp:featuredmedia":[{"embeddable":true,"href":"https:\/\/www.webdo.tn\/fr\/wp-json\/wp\/v2\/media\/373715"}],"wp:attachment":[{"href":"https:\/\/www.webdo.tn\/fr\/wp-json\/wp\/v2\/media?parent=184360"}],"wp:term":[{"taxonomy":"category","embeddable":true,"href":"https:\/\/www.webdo.tn\/fr\/wp-json\/wp\/v2\/categories?post=184360"},{"taxonomy":"post_tag","embeddable":true,"href":"https:\/\/www.webdo.tn\/fr\/wp-json\/wp\/v2\/tags?post=184360"}],"curies":[{"name":"wp","href":"https:\/\/api.w.org\/{rel}","templated":true}]}}