{"id":184356,"date":"2014-08-17T16:35:00","date_gmt":"2014-08-17T16:35:00","guid":{"rendered":"https:\/\/www.webdo.tn\/fr\/blog\/gorges-corm-mieux-comprendre-les-conflits-au-moyen-orient\/185704\/"},"modified":"2025-05-22T13:06:57","modified_gmt":"2025-05-22T13:06:57","slug":"gorges-corm-mieux-comprendre-les-conflits-au-moyen-orient","status":"publish","type":"post","link":"https:\/\/www.webdo.tn\/fr\/actualite\/international\/gorges-corm-mieux-comprendre-les-conflits-au-moyen-orient\/184356\/","title":{"rendered":"Gorges Corm : Mieux comprendre les conflits au Moyen-Orient"},"content":{"rendered":"<p>LIVRE |\u00a0Dans son livre\u00a0Pour une lecture profane des conflits [1], Georges Corm invite le lecteur, notamment les journalistes, historiens et chercheurs \u00e0 revenir aux bases de l&rsquo;analyse des conflits, notamment ceux au Moyen-Orient, depuis la fin de la guerre froide.<\/p>\n<p>\u00ab\u00a0Une politologie profane des conflits se doit de passer en revue tous les facteurs qui ont pu donner naissance au conflit. C\u2019est ce que l\u2019on appelle l\u2019analyse multifactorielle, qui d\u00e9cline les causes d\u00e9mographiques, g\u00e9ographiques, \u00e9conomiques, politiques, historiques, id\u00e9ologiques et culturelles ayant structur\u00e9 un conflit. \u00bb<\/p>\n<p>L&rsquo;\u00e9conomiste et historien explique que dans l\u2019identification de ces facteurs, le religieux ou l\u2019ethnique ou ce que l\u2019on nomme les \u00ab\u00a0valeurs\u00a0\u00bb ne sont qu\u2019un sous-produit de l\u2019un des facteurs, celui de la culture ou de la civilisation, \u00ab lequel d\u2019ailleurs n\u2019est jamais que l\u2019habillage des autres causes majeures du conflit \u00bb.<\/p>\n<p>D&rsquo;apr\u00e8s Corm, les causes \u00e9conomiques sont aujourd\u2019hui celles qui sont les moins analys\u00e9es. Outre l\u2019exub\u00e9rance ou\u00a0le d\u00e9clin d\u00e9mographique, qui serait l&rsquo;\u00a0une des causes majeures de guerres et de conflits.<\/p>\n<p>[quote_box_center]Dans le premier des cas, si l\u2019augmentation des ressources disponibles pour une population ne suit pas celle de la multiplication des hommes et si le territoire est trop \u00e9troit, la tentation de la conqu\u00eate externe ou de la mainmise sur les ressources d\u2019autres peuples devient irr\u00e9sistible.\u00a0[\/quote_box_center]<\/p>\n<p>L&rsquo;historien analyse \u00e9galement la puissance des repr\u00e9sentations m\u00e9diatiques et acad\u00e9miques, la manipulation de la m\u00e9moire et de l&rsquo;histoire. Un livre \u00e0 lire, sans aucun doute.<\/p>\n<p>Lire aussi : Quelques questions \u00e0 G. Corm\u00a0<\/p>\n<p>\u00a0<\/p>\n<p>[1] Editions La D\u00e9couverte, Paris, 2012.<\/p>\n","protected":false},"excerpt":{"rendered":"<p>Gorges Corm : Mieux comprendre les conflits au Moyen-Orient <\/p>\n","protected":false},"author":3222,"featured_media":331650,"comment_status":"open","ping_status":"closed","sticky":false,"template":"","format":"standard","meta":{"footnotes":""},"categories":[2598],"tags":[],"class_list":["post-184356","post","type-post","status-publish","format-standard","has-post-thumbnail","hentry","category-international"],"yoast_head":"<!-- This site is optimized with the Yoast SEO Premium plugin v27.5 (Yoast SEO v27.5) - https:\/\/yoast.com\/product\/yoast-seo-premium-wordpress\/ -->\n<title>Gorges Corm : Mieux comprendre les conflits au Moyen-Orient<\/title>\n<meta name=\"description\" content=\"Gorges Corm : Mieux comprendre les conflits au Moyen-Orient\" \/>\n<link rel=\"canonical\" href=\"https:\/\/www.webdo.tn\/fr\/actualite\/international\/gorges-corm-mieux-comprendre-les-conflits-au-moyen-orient\/184356\/\" \/>\n<meta property=\"og:locale\" content=\"fr_FR\" \/>\n<meta property=\"og:type\" content=\"article\" \/>\n<meta property=\"og:title\" content=\"Gorges Corm : Mieux comprendre les conflits au Moyen-Orient\" \/>\n<meta property=\"og:description\" content=\"Gorges Corm : Mieux comprendre les conflits au Moyen-Orient\" \/>\n<meta property=\"og:url\" content=\"https:\/\/www.webdo.tn\/fr\/actualite\/international\/gorges-corm-mieux-comprendre-les-conflits-au-moyen-orient\/184356\/\" \/>\n<meta property=\"og:site_name\" content=\"webdo\" \/>\n<meta property=\"article:publisher\" content=\"https:\/\/www.facebook.com\/webdotn\" \/>\n<meta property=\"article:published_time\" content=\"2014-08-17T16:35:00+00:00\" \/>\n<meta property=\"article:modified_time\" content=\"2025-05-22T13:06:57+00:00\" \/>\n<meta property=\"og:image\" content=\"https:\/\/www.webdo.tn\/fr\/wp-content\/uploads\/2014\/08\/Georges-corm.jpg\" \/>\n\t<meta property=\"og:image:width\" content=\"160\" \/>\n\t<meta property=\"og:image:height\" content=\"172\" \/>\n\t<meta property=\"og:image:type\" content=\"image\/jpeg\" \/>\n<meta name=\"author\" content=\"webdo.tn\" \/>\n<meta name=\"twitter:card\" content=\"summary_large_image\" \/>\n<meta name=\"twitter:creator\" content=\"@webdo_tn\" \/>\n<meta name=\"twitter:site\" content=\"@webdo_tn\" \/>\n<meta name=\"twitter:label1\" content=\"\u00c9crit par\" \/>\n\t<meta name=\"twitter:data1\" content=\"webdo.tn\" \/>\n\t<meta name=\"twitter:label2\" content=\"Dur\u00e9e de lecture estim\u00e9e\" \/>\n\t<meta name=\"twitter:data2\" content=\"1 minute\" \/>\n<script type=\"application\/ld+json\" class=\"yoast-schema-graph\">{\"@context\":\"https:\\\/\\\/schema.org\",\"@graph\":[{\"@type\":\"NewsArticle\",\"@id\":\"https:\\\/\\\/www.webdo.tn\\\/fr\\\/actualite\\\/international\\\/gorges-corm-mieux-comprendre-les-conflits-au-moyen-orient\\\/184356\\\/#article\",\"isPartOf\":{\"@id\":\"https:\\\/\\\/www.webdo.tn\\\/fr\\\/actualite\\\/international\\\/gorges-corm-mieux-comprendre-les-conflits-au-moyen-orient\\\/184356\\\/\"},\"author\":{\"name\":\"webdo.tn\",\"@id\":\"https:\\\/\\\/www.webdo.tn\\\/fr\\\/#\\\/schema\\\/person\\\/9a9c6118d687c117df8ef3cc36a4d175\"},\"headline\":\"Gorges Corm : Mieux comprendre les conflits au Moyen-Orient\",\"datePublished\":\"2014-08-17T16:35:00+00:00\",\"dateModified\":\"2025-05-22T13:06:57+00:00\",\"mainEntityOfPage\":{\"@id\":\"https:\\\/\\\/www.webdo.tn\\\/fr\\\/actualite\\\/international\\\/gorges-corm-mieux-comprendre-les-conflits-au-moyen-orient\\\/184356\\\/\"},\"wordCount\":293,\"commentCount\":0,\"publisher\":{\"@id\":\"https:\\\/\\\/www.webdo.tn\\\/fr\\\/#organization\"},\"image\":{\"@id\":\"https:\\\/\\\/www.webdo.tn\\\/fr\\\/actualite\\\/international\\\/gorges-corm-mieux-comprendre-les-conflits-au-moyen-orient\\\/184356\\\/#primaryimage\"},\"thumbnailUrl\":\"https:\\\/\\\/www.webdo.tn\\\/fr\\\/wp-content\\\/uploads\\\/2014\\\/08\\\/Georges-corm.jpg\",\"articleSection\":[\"International\"],\"inLanguage\":\"fr-FR\"},{\"@type\":\"WebPage\",\"@id\":\"https:\\\/\\\/www.webdo.tn\\\/fr\\\/actualite\\\/international\\\/gorges-corm-mieux-comprendre-les-conflits-au-moyen-orient\\\/184356\\\/\",\"url\":\"https:\\\/\\\/www.webdo.tn\\\/fr\\\/actualite\\\/international\\\/gorges-corm-mieux-comprendre-les-conflits-au-moyen-orient\\\/184356\\\/\",\"name\":\"Gorges Corm : Mieux comprendre les conflits au Moyen-Orient\",\"isPartOf\":{\"@id\":\"https:\\\/\\\/www.webdo.tn\\\/fr\\\/#website\"},\"primaryImageOfPage\":{\"@id\":\"https:\\\/\\\/www.webdo.tn\\\/fr\\\/actualite\\\/international\\\/gorges-corm-mieux-comprendre-les-conflits-au-moyen-orient\\\/184356\\\/#primaryimage\"},\"image\":{\"@id\":\"https:\\\/\\\/www.webdo.tn\\\/fr\\\/actualite\\\/international\\\/gorges-corm-mieux-comprendre-les-conflits-au-moyen-orient\\\/184356\\\/#primaryimage\"},\"thumbnailUrl\":\"https:\\\/\\\/www.webdo.tn\\\/fr\\\/wp-content\\\/uploads\\\/2014\\\/08\\\/Georges-corm.jpg\",\"datePublished\":\"2014-08-17T16:35:00+00:00\",\"dateModified\":\"2025-05-22T13:06:57+00:00\",\"description\":\"Gorges Corm : Mieux comprendre les conflits au Moyen-Orient\",\"breadcrumb\":{\"@id\":\"https:\\\/\\\/www.webdo.tn\\\/fr\\\/actualite\\\/international\\\/gorges-corm-mieux-comprendre-les-conflits-au-moyen-orient\\\/184356\\\/#breadcrumb\"},\"inLanguage\":\"fr-FR\",\"potentialAction\":[{\"@type\":\"ReadAction\",\"target\":[\"https:\\\/\\\/www.webdo.tn\\\/fr\\\/actualite\\\/international\\\/gorges-corm-mieux-comprendre-les-conflits-au-moyen-orient\\\/184356\\\/\"]}]},{\"@type\":\"ImageObject\",\"inLanguage\":\"fr-FR\",\"@id\":\"https:\\\/\\\/www.webdo.tn\\\/fr\\\/actualite\\\/international\\\/gorges-corm-mieux-comprendre-les-conflits-au-moyen-orient\\\/184356\\\/#primaryimage\",\"url\":\"https:\\\/\\\/www.webdo.tn\\\/fr\\\/wp-content\\\/uploads\\\/2014\\\/08\\\/Georges-corm.jpg\",\"contentUrl\":\"https:\\\/\\\/www.webdo.tn\\\/fr\\\/wp-content\\\/uploads\\\/2014\\\/08\\\/Georges-corm.jpg\",\"width\":160,\"height\":172,\"caption\":\"Gorges Corm : Mieux comprendre les conflits au Moyen-Orient\"},{\"@type\":\"BreadcrumbList\",\"@id\":\"https:\\\/\\\/www.webdo.tn\\\/fr\\\/actualite\\\/international\\\/gorges-corm-mieux-comprendre-les-conflits-au-moyen-orient\\\/184356\\\/#breadcrumb\",\"itemListElement\":[{\"@type\":\"ListItem\",\"position\":1,\"name\":\"Accueil\",\"item\":\"https:\\\/\\\/www.webdo.tn\\\/fr\\\/\"},{\"@type\":\"ListItem\",\"position\":2,\"name\":\"Gorges Corm : Mieux comprendre les conflits au Moyen-Orient\"}]},{\"@type\":\"WebSite\",\"@id\":\"https:\\\/\\\/www.webdo.tn\\\/fr\\\/#website\",\"url\":\"https:\\\/\\\/www.webdo.tn\\\/fr\\\/\",\"name\":\"webdo\",\"description\":\"Tunisie - News en Tunisie et \u00e0 l&#039;international sur Webdo.tn\",\"publisher\":{\"@id\":\"https:\\\/\\\/www.webdo.tn\\\/fr\\\/#organization\"},\"potentialAction\":[{\"@type\":\"SearchAction\",\"target\":{\"@type\":\"EntryPoint\",\"urlTemplate\":\"https:\\\/\\\/www.webdo.tn\\\/fr\\\/?s={search_term_string}\"},\"query-input\":{\"@type\":\"PropertyValueSpecification\",\"valueRequired\":true,\"valueName\":\"search_term_string\"}}],\"inLanguage\":\"fr-FR\"},{\"@type\":\"Organization\",\"@id\":\"https:\\\/\\\/www.webdo.tn\\\/fr\\\/#organization\",\"name\":\"Webdo\",\"alternateName\":\"Webdo.tn\",\"url\":\"https:\\\/\\\/www.webdo.tn\\\/fr\\\/\",\"logo\":{\"@type\":\"ImageObject\",\"inLanguage\":\"fr-FR\",\"@id\":\"https:\\\/\\\/www.webdo.tn\\\/fr\\\/#\\\/schema\\\/logo\\\/image\\\/\",\"url\":\"https:\\\/\\\/www.webdo.tn\\\/fr\\\/wp-content\\\/uploads\\\/2025\\\/06\\\/Webdo-Tunisie_168377.jpg\",\"contentUrl\":\"https:\\\/\\\/www.webdo.tn\\\/fr\\\/wp-content\\\/uploads\\\/2025\\\/06\\\/Webdo-Tunisie_168377.jpg\",\"width\":301,\"height\":301,\"caption\":\"Webdo\"},\"image\":{\"@id\":\"https:\\\/\\\/www.webdo.tn\\\/fr\\\/#\\\/schema\\\/logo\\\/image\\\/\"},\"sameAs\":[\"https:\\\/\\\/www.facebook.com\\\/webdotn\",\"https:\\\/\\\/x.com\\\/webdo_tn\"],\"description\":\"Webdo est un m\u00e9dia num\u00e9rique tunisien fond\u00e9 en 2010, sp\u00e9cialis\u00e9 dans l\u2019actualit\u00e9 nationale et internationale, l\u2019\u00e9conomie, la soci\u00e9t\u00e9 et les analyses politiques. Le site s\u2019adresse \u00e0 un large public francophone et couvre l\u2019information tunisienne en temps r\u00e9el.\",\"email\":\"redac@webdo.tn\",\"legalName\":\"YNJ SARL\",\"foundingDate\":\"2010-09-06\",\"numberOfEmployees\":{\"@type\":\"QuantitativeValue\",\"minValue\":\"11\",\"maxValue\":\"50\"}},{\"@type\":\"Person\",\"@id\":\"https:\\\/\\\/www.webdo.tn\\\/fr\\\/#\\\/schema\\\/person\\\/9a9c6118d687c117df8ef3cc36a4d175\",\"name\":\"webdo.tn\",\"image\":{\"@type\":\"ImageObject\",\"inLanguage\":\"fr-FR\",\"@id\":\"https:\\\/\\\/secure.gravatar.com\\\/avatar\\\/7ce1f28c0c3bbac99ff550b85ef8e44a6950c6ee24514fb6a5489e51d06f0298?s=96&d=mm&r=g\",\"url\":\"https:\\\/\\\/secure.gravatar.com\\\/avatar\\\/7ce1f28c0c3bbac99ff550b85ef8e44a6950c6ee24514fb6a5489e51d06f0298?s=96&d=mm&r=g\",\"contentUrl\":\"https:\\\/\\\/secure.gravatar.com\\\/avatar\\\/7ce1f28c0c3bbac99ff550b85ef8e44a6950c6ee24514fb6a5489e51d06f0298?s=96&d=mm&r=g\",\"caption\":\"webdo.tn\"},\"url\":\"https:\\\/\\\/www.webdo.tn\\\/fr\\\/actualite\\\/author\\\/webdotn\\\/\"}]}<\/script>\n<!-- \/ Yoast SEO Premium plugin. -->","yoast_head_json":{"title":"Gorges Corm : Mieux comprendre les conflits au Moyen-Orient","description":"Gorges Corm : Mieux comprendre les conflits au Moyen-Orient","canonical":"https:\/\/www.webdo.tn\/fr\/actualite\/international\/gorges-corm-mieux-comprendre-les-conflits-au-moyen-orient\/184356\/","og_locale":"fr_FR","og_type":"article","og_title":"Gorges Corm : Mieux comprendre les conflits au Moyen-Orient","og_description":"Gorges Corm : Mieux comprendre les conflits au Moyen-Orient","og_url":"https:\/\/www.webdo.tn\/fr\/actualite\/international\/gorges-corm-mieux-comprendre-les-conflits-au-moyen-orient\/184356\/","og_site_name":"webdo","article_publisher":"https:\/\/www.facebook.com\/webdotn","article_published_time":"2014-08-17T16:35:00+00:00","article_modified_time":"2025-05-22T13:06:57+00:00","og_image":[{"width":160,"height":172,"url":"https:\/\/www.webdo.tn\/fr\/wp-content\/uploads\/2014\/08\/Georges-corm.jpg","type":"image\/jpeg"}],"author":"webdo.tn","twitter_card":"summary_large_image","twitter_creator":"@webdo_tn","twitter_site":"@webdo_tn","twitter_misc":{"\u00c9crit par":"webdo.tn","Dur\u00e9e de lecture estim\u00e9e":"1 minute"},"schema":{"@context":"https:\/\/schema.org","@graph":[{"@type":"NewsArticle","@id":"https:\/\/www.webdo.tn\/fr\/actualite\/international\/gorges-corm-mieux-comprendre-les-conflits-au-moyen-orient\/184356\/#article","isPartOf":{"@id":"https:\/\/www.webdo.tn\/fr\/actualite\/international\/gorges-corm-mieux-comprendre-les-conflits-au-moyen-orient\/184356\/"},"author":{"name":"webdo.tn","@id":"https:\/\/www.webdo.tn\/fr\/#\/schema\/person\/9a9c6118d687c117df8ef3cc36a4d175"},"headline":"Gorges Corm : Mieux comprendre les conflits au Moyen-Orient","datePublished":"2014-08-17T16:35:00+00:00","dateModified":"2025-05-22T13:06:57+00:00","mainEntityOfPage":{"@id":"https:\/\/www.webdo.tn\/fr\/actualite\/international\/gorges-corm-mieux-comprendre-les-conflits-au-moyen-orient\/184356\/"},"wordCount":293,"commentCount":0,"publisher":{"@id":"https:\/\/www.webdo.tn\/fr\/#organization"},"image":{"@id":"https:\/\/www.webdo.tn\/fr\/actualite\/international\/gorges-corm-mieux-comprendre-les-conflits-au-moyen-orient\/184356\/#primaryimage"},"thumbnailUrl":"https:\/\/www.webdo.tn\/fr\/wp-content\/uploads\/2014\/08\/Georges-corm.jpg","articleSection":["International"],"inLanguage":"fr-FR"},{"@type":"WebPage","@id":"https:\/\/www.webdo.tn\/fr\/actualite\/international\/gorges-corm-mieux-comprendre-les-conflits-au-moyen-orient\/184356\/","url":"https:\/\/www.webdo.tn\/fr\/actualite\/international\/gorges-corm-mieux-comprendre-les-conflits-au-moyen-orient\/184356\/","name":"Gorges Corm : Mieux comprendre les conflits au Moyen-Orient","isPartOf":{"@id":"https:\/\/www.webdo.tn\/fr\/#website"},"primaryImageOfPage":{"@id":"https:\/\/www.webdo.tn\/fr\/actualite\/international\/gorges-corm-mieux-comprendre-les-conflits-au-moyen-orient\/184356\/#primaryimage"},"image":{"@id":"https:\/\/www.webdo.tn\/fr\/actualite\/international\/gorges-corm-mieux-comprendre-les-conflits-au-moyen-orient\/184356\/#primaryimage"},"thumbnailUrl":"https:\/\/www.webdo.tn\/fr\/wp-content\/uploads\/2014\/08\/Georges-corm.jpg","datePublished":"2014-08-17T16:35:00+00:00","dateModified":"2025-05-22T13:06:57+00:00","description":"Gorges Corm : Mieux comprendre les conflits au Moyen-Orient","breadcrumb":{"@id":"https:\/\/www.webdo.tn\/fr\/actualite\/international\/gorges-corm-mieux-comprendre-les-conflits-au-moyen-orient\/184356\/#breadcrumb"},"inLanguage":"fr-FR","potentialAction":[{"@type":"ReadAction","target":["https:\/\/www.webdo.tn\/fr\/actualite\/international\/gorges-corm-mieux-comprendre-les-conflits-au-moyen-orient\/184356\/"]}]},{"@type":"ImageObject","inLanguage":"fr-FR","@id":"https:\/\/www.webdo.tn\/fr\/actualite\/international\/gorges-corm-mieux-comprendre-les-conflits-au-moyen-orient\/184356\/#primaryimage","url":"https:\/\/www.webdo.tn\/fr\/wp-content\/uploads\/2014\/08\/Georges-corm.jpg","contentUrl":"https:\/\/www.webdo.tn\/fr\/wp-content\/uploads\/2014\/08\/Georges-corm.jpg","width":160,"height":172,"caption":"Gorges Corm : Mieux comprendre les conflits au Moyen-Orient"},{"@type":"BreadcrumbList","@id":"https:\/\/www.webdo.tn\/fr\/actualite\/international\/gorges-corm-mieux-comprendre-les-conflits-au-moyen-orient\/184356\/#breadcrumb","itemListElement":[{"@type":"ListItem","position":1,"name":"Accueil","item":"https:\/\/www.webdo.tn\/fr\/"},{"@type":"ListItem","position":2,"name":"Gorges Corm : Mieux comprendre les conflits au Moyen-Orient"}]},{"@type":"WebSite","@id":"https:\/\/www.webdo.tn\/fr\/#website","url":"https:\/\/www.webdo.tn\/fr\/","name":"webdo","description":"Tunisie - News en Tunisie et \u00e0 l&#039;international sur Webdo.tn","publisher":{"@id":"https:\/\/www.webdo.tn\/fr\/#organization"},"potentialAction":[{"@type":"SearchAction","target":{"@type":"EntryPoint","urlTemplate":"https:\/\/www.webdo.tn\/fr\/?s={search_term_string}"},"query-input":{"@type":"PropertyValueSpecification","valueRequired":true,"valueName":"search_term_string"}}],"inLanguage":"fr-FR"},{"@type":"Organization","@id":"https:\/\/www.webdo.tn\/fr\/#organization","name":"Webdo","alternateName":"Webdo.tn","url":"https:\/\/www.webdo.tn\/fr\/","logo":{"@type":"ImageObject","inLanguage":"fr-FR","@id":"https:\/\/www.webdo.tn\/fr\/#\/schema\/logo\/image\/","url":"https:\/\/www.webdo.tn\/fr\/wp-content\/uploads\/2025\/06\/Webdo-Tunisie_168377.jpg","contentUrl":"https:\/\/www.webdo.tn\/fr\/wp-content\/uploads\/2025\/06\/Webdo-Tunisie_168377.jpg","width":301,"height":301,"caption":"Webdo"},"image":{"@id":"https:\/\/www.webdo.tn\/fr\/#\/schema\/logo\/image\/"},"sameAs":["https:\/\/www.facebook.com\/webdotn","https:\/\/x.com\/webdo_tn"],"description":"Webdo est un m\u00e9dia num\u00e9rique tunisien fond\u00e9 en 2010, sp\u00e9cialis\u00e9 dans l\u2019actualit\u00e9 nationale et internationale, l\u2019\u00e9conomie, la soci\u00e9t\u00e9 et les analyses politiques. Le site s\u2019adresse \u00e0 un large public francophone et couvre l\u2019information tunisienne en temps r\u00e9el.","email":"redac@webdo.tn","legalName":"YNJ SARL","foundingDate":"2010-09-06","numberOfEmployees":{"@type":"QuantitativeValue","minValue":"11","maxValue":"50"}},{"@type":"Person","@id":"https:\/\/www.webdo.tn\/fr\/#\/schema\/person\/9a9c6118d687c117df8ef3cc36a4d175","name":"webdo.tn","image":{"@type":"ImageObject","inLanguage":"fr-FR","@id":"https:\/\/secure.gravatar.com\/avatar\/7ce1f28c0c3bbac99ff550b85ef8e44a6950c6ee24514fb6a5489e51d06f0298?s=96&d=mm&r=g","url":"https:\/\/secure.gravatar.com\/avatar\/7ce1f28c0c3bbac99ff550b85ef8e44a6950c6ee24514fb6a5489e51d06f0298?s=96&d=mm&r=g","contentUrl":"https:\/\/secure.gravatar.com\/avatar\/7ce1f28c0c3bbac99ff550b85ef8e44a6950c6ee24514fb6a5489e51d06f0298?s=96&d=mm&r=g","caption":"webdo.tn"},"url":"https:\/\/www.webdo.tn\/fr\/actualite\/author\/webdotn\/"}]}},"_links":{"self":[{"href":"https:\/\/www.webdo.tn\/fr\/wp-json\/wp\/v2\/posts\/184356","targetHints":{"allow":["GET"]}}],"collection":[{"href":"https:\/\/www.webdo.tn\/fr\/wp-json\/wp\/v2\/posts"}],"about":[{"href":"https:\/\/www.webdo.tn\/fr\/wp-json\/wp\/v2\/types\/post"}],"author":[{"embeddable":true,"href":"https:\/\/www.webdo.tn\/fr\/wp-json\/wp\/v2\/users\/3222"}],"replies":[{"embeddable":true,"href":"https:\/\/www.webdo.tn\/fr\/wp-json\/wp\/v2\/comments?post=184356"}],"version-history":[{"count":0,"href":"https:\/\/www.webdo.tn\/fr\/wp-json\/wp\/v2\/posts\/184356\/revisions"}],"wp:featuredmedia":[{"embeddable":true,"href":"https:\/\/www.webdo.tn\/fr\/wp-json\/wp\/v2\/media\/331650"}],"wp:attachment":[{"href":"https:\/\/www.webdo.tn\/fr\/wp-json\/wp\/v2\/media?parent=184356"}],"wp:term":[{"taxonomy":"category","embeddable":true,"href":"https:\/\/www.webdo.tn\/fr\/wp-json\/wp\/v2\/categories?post=184356"},{"taxonomy":"post_tag","embeddable":true,"href":"https:\/\/www.webdo.tn\/fr\/wp-json\/wp\/v2\/tags?post=184356"}],"curies":[{"name":"wp","href":"https:\/\/api.w.org\/{rel}","templated":true}]}}