{"id":184354,"date":"2014-08-20T14:10:00","date_gmt":"2014-08-20T12:10:00","guid":{"rendered":"https:\/\/www.webdo.tn\/fr\/actualite\/international\/tunisie-sorganise-en-prevision-dun-flux-massif-refugies-en-provenance-libye\/184354"},"modified":"2014-08-20T14:10:00","modified_gmt":"2014-08-20T12:10:00","slug":"tunisie-sorganise-en-prevision-dun-flux-massif-refugies-en-provenance-libye","status":"publish","type":"post","link":"https:\/\/www.webdo.tn\/fr\/actualite\/international\/tunisie-sorganise-en-prevision-dun-flux-massif-refugies-en-provenance-libye\/184354\/","title":{"rendered":"La Tunisie s\u2019organise en pr\u00e9vision d\u2019un flux massif de r\u00e9fugi\u00e9s en provenance de Libye"},"content":{"rendered":"<p>La situation qui pr\u00e9vaut en Libye depuis des semaines a pouss\u00e9 gouvernement, organisation et soci\u00e9t\u00e9 civile \u00e0 pr\u00e9parer un plan d\u2019urgence afin de faire face \u00e0 un flux massif de r\u00e9fugi\u00e9s en provenance de Libye.<\/p>\n<p>Ce plan d\u2019urgence en pr\u00e9vision d\u2019un \u00e9ventuel flux massif de r\u00e9fugi\u00e9s de Libye, dans les mois \u00e0 venir, a \u00e9t\u00e9 \u00e9labor\u00e9, ce mardi 19 ao\u00fbt, \u00e0 Tataouine, lors d\u2019une r\u00e9union entre des repr\u00e9sentants d\u2019organisations internationales sp\u00e9cialis\u00e9es, dont l\u2019agence des nations unies pour les r\u00e9fugi\u00e9s (UNHCR), de l\u2019administration r\u00e9gionale et de la soci\u00e9t\u00e9 civile.<\/p>\n<p>Quatre commissions charg\u00e9es de la protection des r\u00e9fugi\u00e9s notamment les enfants et les personnes aux besoins sp\u00e9cifiques, de l\u2019am\u00e9nagement de centres d\u2019accueil et de la fourniture de vivres et de soins m\u00e9dicaux ont \u00e9t\u00e9 form\u00e9es dans ce cadre.<\/p>\n<p>Les participants ont identifi\u00e9 les moyens humains et mat\u00e9riels disponibles et pass\u00e9 en revue les lacunes \u00e0 \u00e9viter de l\u2019exp\u00e9rience de 2011. Les commissions en question ont d\u00e9marr\u00e9 leur action sur le terrain depuis ce mercredi, rapporte l\u2019agence TAP.<\/p>\n<p>[Br\u00e8ve&#8230;]<\/p>\n","protected":false},"excerpt":{"rendered":"<p>La situation qui pr\u00e9vaut en Libye depuis des semaines a pouss\u00e9 gouvernement, organisation et soci\u00e9t\u00e9 civile \u00e0 pr\u00e9parer un plan d\u2019urgence afin de fa<\/p>\n","protected":false},"author":3222,"featured_media":373650,"comment_status":"open","ping_status":"open","sticky":false,"template":"","format":"standard","meta":{"footnotes":""},"categories":[2598],"tags":[],"class_list":["post-184354","post","type-post","status-publish","format-standard","has-post-thumbnail","hentry","category-international"],"yoast_head":"<!-- This site is optimized with the Yoast SEO Premium plugin v27.5 (Yoast SEO v27.5) - https:\/\/yoast.com\/product\/yoast-seo-premium-wordpress\/ -->\n<title>La Tunisie s\u2019organise en pr\u00e9vision d\u2019un flux massif de r\u00e9fugi\u00e9s en provenance de Libye<\/title>\n<meta name=\"description\" content=\"La Tunisie s\u2019organise en pr\u00e9vision d\u2019un flux massif de r\u00e9fugi\u00e9s en provenance de Libye\" \/>\n<link rel=\"canonical\" href=\"https:\/\/www.webdo.tn\/fr\/actualite\/international\/tunisie-sorganise-en-prevision-dun-flux-massif-refugies-en-provenance-libye\/184354\/\" \/>\n<meta property=\"og:locale\" content=\"fr_FR\" \/>\n<meta property=\"og:type\" content=\"article\" \/>\n<meta property=\"og:title\" content=\"La Tunisie s\u2019organise en pr\u00e9vision d\u2019un flux massif de r\u00e9fugi\u00e9s en provenance de Libye\" \/>\n<meta property=\"og:description\" content=\"La Tunisie s\u2019organise en pr\u00e9vision d\u2019un flux massif de r\u00e9fugi\u00e9s en provenance de Libye\" \/>\n<meta property=\"og:url\" content=\"https:\/\/www.webdo.tn\/fr\/actualite\/international\/tunisie-sorganise-en-prevision-dun-flux-massif-refugies-en-provenance-libye\/184354\/\" \/>\n<meta property=\"og:site_name\" content=\"webdo\" \/>\n<meta property=\"article:publisher\" content=\"https:\/\/www.facebook.com\/webdotn\" \/>\n<meta property=\"article:published_time\" content=\"2014-08-20T12:10:00+00:00\" \/>\n<meta name=\"author\" content=\"webdo.tn\" \/>\n<meta name=\"twitter:card\" content=\"summary_large_image\" \/>\n<meta name=\"twitter:creator\" content=\"@webdo_tn\" \/>\n<meta name=\"twitter:site\" content=\"@webdo_tn\" \/>\n<meta name=\"twitter:label1\" content=\"\u00c9crit par\" \/>\n\t<meta name=\"twitter:data1\" content=\"webdo.tn\" \/>\n\t<meta name=\"twitter:label2\" content=\"Dur\u00e9e de lecture estim\u00e9e\" \/>\n\t<meta name=\"twitter:data2\" content=\"1 minute\" \/>\n<script type=\"application\/ld+json\" class=\"yoast-schema-graph\">{\"@context\":\"https:\\\/\\\/schema.org\",\"@graph\":[{\"@type\":\"NewsArticle\",\"@id\":\"https:\\\/\\\/www.webdo.tn\\\/fr\\\/actualite\\\/international\\\/tunisie-sorganise-en-prevision-dun-flux-massif-refugies-en-provenance-libye\\\/184354\\\/#article\",\"isPartOf\":{\"@id\":\"https:\\\/\\\/www.webdo.tn\\\/fr\\\/actualite\\\/international\\\/tunisie-sorganise-en-prevision-dun-flux-massif-refugies-en-provenance-libye\\\/184354\\\/\"},\"author\":{\"name\":\"webdo.tn\",\"@id\":\"https:\\\/\\\/www.webdo.tn\\\/fr\\\/#\\\/schema\\\/person\\\/9a9c6118d687c117df8ef3cc36a4d175\"},\"headline\":\"La Tunisie s\u2019organise en pr\u00e9vision d\u2019un flux massif de r\u00e9fugi\u00e9s en provenance de Libye\",\"datePublished\":\"2014-08-20T12:10:00+00:00\",\"mainEntityOfPage\":{\"@id\":\"https:\\\/\\\/www.webdo.tn\\\/fr\\\/actualite\\\/international\\\/tunisie-sorganise-en-prevision-dun-flux-massif-refugies-en-provenance-libye\\\/184354\\\/\"},\"wordCount\":217,\"commentCount\":0,\"publisher\":{\"@id\":\"https:\\\/\\\/www.webdo.tn\\\/fr\\\/#organization\"},\"image\":{\"@id\":\"https:\\\/\\\/www.webdo.tn\\\/fr\\\/actualite\\\/international\\\/tunisie-sorganise-en-prevision-dun-flux-massif-refugies-en-provenance-libye\\\/184354\\\/#primaryimage\"},\"thumbnailUrl\":\"https:\\\/\\\/www.webdo.tn\\\/fr\\\/wp-content\\\/uploads\\\/2025\\\/06\\\/refugies-credit-photo-HCR_184354.jpg\",\"articleSection\":[\"International\"],\"inLanguage\":\"fr-FR\"},{\"@type\":\"WebPage\",\"@id\":\"https:\\\/\\\/www.webdo.tn\\\/fr\\\/actualite\\\/international\\\/tunisie-sorganise-en-prevision-dun-flux-massif-refugies-en-provenance-libye\\\/184354\\\/\",\"url\":\"https:\\\/\\\/www.webdo.tn\\\/fr\\\/actualite\\\/international\\\/tunisie-sorganise-en-prevision-dun-flux-massif-refugies-en-provenance-libye\\\/184354\\\/\",\"name\":\"La Tunisie s\u2019organise en pr\u00e9vision d\u2019un flux massif de r\u00e9fugi\u00e9s en provenance de Libye\",\"isPartOf\":{\"@id\":\"https:\\\/\\\/www.webdo.tn\\\/fr\\\/#website\"},\"primaryImageOfPage\":{\"@id\":\"https:\\\/\\\/www.webdo.tn\\\/fr\\\/actualite\\\/international\\\/tunisie-sorganise-en-prevision-dun-flux-massif-refugies-en-provenance-libye\\\/184354\\\/#primaryimage\"},\"image\":{\"@id\":\"https:\\\/\\\/www.webdo.tn\\\/fr\\\/actualite\\\/international\\\/tunisie-sorganise-en-prevision-dun-flux-massif-refugies-en-provenance-libye\\\/184354\\\/#primaryimage\"},\"thumbnailUrl\":\"https:\\\/\\\/www.webdo.tn\\\/fr\\\/wp-content\\\/uploads\\\/2025\\\/06\\\/refugies-credit-photo-HCR_184354.jpg\",\"datePublished\":\"2014-08-20T12:10:00+00:00\",\"description\":\"La Tunisie s\u2019organise en pr\u00e9vision d\u2019un flux massif de r\u00e9fugi\u00e9s en provenance de Libye\",\"breadcrumb\":{\"@id\":\"https:\\\/\\\/www.webdo.tn\\\/fr\\\/actualite\\\/international\\\/tunisie-sorganise-en-prevision-dun-flux-massif-refugies-en-provenance-libye\\\/184354\\\/#breadcrumb\"},\"inLanguage\":\"fr-FR\",\"potentialAction\":[{\"@type\":\"ReadAction\",\"target\":[\"https:\\\/\\\/www.webdo.tn\\\/fr\\\/actualite\\\/international\\\/tunisie-sorganise-en-prevision-dun-flux-massif-refugies-en-provenance-libye\\\/184354\\\/\"]}]},{\"@type\":\"ImageObject\",\"inLanguage\":\"fr-FR\",\"@id\":\"https:\\\/\\\/www.webdo.tn\\\/fr\\\/actualite\\\/international\\\/tunisie-sorganise-en-prevision-dun-flux-massif-refugies-en-provenance-libye\\\/184354\\\/#primaryimage\",\"url\":\"https:\\\/\\\/www.webdo.tn\\\/fr\\\/wp-content\\\/uploads\\\/2025\\\/06\\\/refugies-credit-photo-HCR_184354.jpg\",\"contentUrl\":\"https:\\\/\\\/www.webdo.tn\\\/fr\\\/wp-content\\\/uploads\\\/2025\\\/06\\\/refugies-credit-photo-HCR_184354.jpg\",\"width\":398,\"height\":250,\"caption\":\"La Tunisie s\u2019organise en pr\u00e9vision d\u2019un flux massif de r\u00e9fugi\u00e9s en provenance de Libye\"},{\"@type\":\"BreadcrumbList\",\"@id\":\"https:\\\/\\\/www.webdo.tn\\\/fr\\\/actualite\\\/international\\\/tunisie-sorganise-en-prevision-dun-flux-massif-refugies-en-provenance-libye\\\/184354\\\/#breadcrumb\",\"itemListElement\":[{\"@type\":\"ListItem\",\"position\":1,\"name\":\"Accueil\",\"item\":\"https:\\\/\\\/www.webdo.tn\\\/fr\\\/\"},{\"@type\":\"ListItem\",\"position\":2,\"name\":\"La Tunisie s\u2019organise en pr\u00e9vision d\u2019un flux massif de r\u00e9fugi\u00e9s en provenance de Libye\"}]},{\"@type\":\"WebSite\",\"@id\":\"https:\\\/\\\/www.webdo.tn\\\/fr\\\/#website\",\"url\":\"https:\\\/\\\/www.webdo.tn\\\/fr\\\/\",\"name\":\"webdo\",\"description\":\"Tunisie - News en Tunisie et \u00e0 l&#039;international sur Webdo.tn\",\"publisher\":{\"@id\":\"https:\\\/\\\/www.webdo.tn\\\/fr\\\/#organization\"},\"potentialAction\":[{\"@type\":\"SearchAction\",\"target\":{\"@type\":\"EntryPoint\",\"urlTemplate\":\"https:\\\/\\\/www.webdo.tn\\\/fr\\\/?s={search_term_string}\"},\"query-input\":{\"@type\":\"PropertyValueSpecification\",\"valueRequired\":true,\"valueName\":\"search_term_string\"}}],\"inLanguage\":\"fr-FR\"},{\"@type\":\"Organization\",\"@id\":\"https:\\\/\\\/www.webdo.tn\\\/fr\\\/#organization\",\"name\":\"Webdo\",\"alternateName\":\"Webdo.tn\",\"url\":\"https:\\\/\\\/www.webdo.tn\\\/fr\\\/\",\"logo\":{\"@type\":\"ImageObject\",\"inLanguage\":\"fr-FR\",\"@id\":\"https:\\\/\\\/www.webdo.tn\\\/fr\\\/#\\\/schema\\\/logo\\\/image\\\/\",\"url\":\"https:\\\/\\\/www.webdo.tn\\\/fr\\\/wp-content\\\/uploads\\\/2025\\\/06\\\/Webdo-Tunisie_168377.jpg\",\"contentUrl\":\"https:\\\/\\\/www.webdo.tn\\\/fr\\\/wp-content\\\/uploads\\\/2025\\\/06\\\/Webdo-Tunisie_168377.jpg\",\"width\":301,\"height\":301,\"caption\":\"Webdo\"},\"image\":{\"@id\":\"https:\\\/\\\/www.webdo.tn\\\/fr\\\/#\\\/schema\\\/logo\\\/image\\\/\"},\"sameAs\":[\"https:\\\/\\\/www.facebook.com\\\/webdotn\",\"https:\\\/\\\/x.com\\\/webdo_tn\"],\"description\":\"Webdo est un m\u00e9dia num\u00e9rique tunisien fond\u00e9 en 2010, sp\u00e9cialis\u00e9 dans l\u2019actualit\u00e9 nationale et internationale, l\u2019\u00e9conomie, la soci\u00e9t\u00e9 et les analyses politiques. Le site s\u2019adresse \u00e0 un large public francophone et couvre l\u2019information tunisienne en temps r\u00e9el.\",\"email\":\"redac@webdo.tn\",\"legalName\":\"YNJ SARL\",\"foundingDate\":\"2010-09-06\",\"numberOfEmployees\":{\"@type\":\"QuantitativeValue\",\"minValue\":\"11\",\"maxValue\":\"50\"}},{\"@type\":\"Person\",\"@id\":\"https:\\\/\\\/www.webdo.tn\\\/fr\\\/#\\\/schema\\\/person\\\/9a9c6118d687c117df8ef3cc36a4d175\",\"name\":\"webdo.tn\",\"image\":{\"@type\":\"ImageObject\",\"inLanguage\":\"fr-FR\",\"@id\":\"https:\\\/\\\/secure.gravatar.com\\\/avatar\\\/7ce1f28c0c3bbac99ff550b85ef8e44a6950c6ee24514fb6a5489e51d06f0298?s=96&d=mm&r=g\",\"url\":\"https:\\\/\\\/secure.gravatar.com\\\/avatar\\\/7ce1f28c0c3bbac99ff550b85ef8e44a6950c6ee24514fb6a5489e51d06f0298?s=96&d=mm&r=g\",\"contentUrl\":\"https:\\\/\\\/secure.gravatar.com\\\/avatar\\\/7ce1f28c0c3bbac99ff550b85ef8e44a6950c6ee24514fb6a5489e51d06f0298?s=96&d=mm&r=g\",\"caption\":\"webdo.tn\"},\"url\":\"https:\\\/\\\/www.webdo.tn\\\/fr\\\/actualite\\\/author\\\/webdotn\\\/\"}]}<\/script>\n<!-- \/ Yoast SEO Premium plugin. -->","yoast_head_json":{"title":"La Tunisie s\u2019organise en pr\u00e9vision d\u2019un flux massif de r\u00e9fugi\u00e9s en provenance de Libye","description":"La Tunisie s\u2019organise en pr\u00e9vision d\u2019un flux massif de r\u00e9fugi\u00e9s en provenance de Libye","canonical":"https:\/\/www.webdo.tn\/fr\/actualite\/international\/tunisie-sorganise-en-prevision-dun-flux-massif-refugies-en-provenance-libye\/184354\/","og_locale":"fr_FR","og_type":"article","og_title":"La Tunisie s\u2019organise en pr\u00e9vision d\u2019un flux massif de r\u00e9fugi\u00e9s en provenance de Libye","og_description":"La Tunisie s\u2019organise en pr\u00e9vision d\u2019un flux massif de r\u00e9fugi\u00e9s en provenance de Libye","og_url":"https:\/\/www.webdo.tn\/fr\/actualite\/international\/tunisie-sorganise-en-prevision-dun-flux-massif-refugies-en-provenance-libye\/184354\/","og_site_name":"webdo","article_publisher":"https:\/\/www.facebook.com\/webdotn","article_published_time":"2014-08-20T12:10:00+00:00","author":"webdo.tn","twitter_card":"summary_large_image","twitter_creator":"@webdo_tn","twitter_site":"@webdo_tn","twitter_misc":{"\u00c9crit par":"webdo.tn","Dur\u00e9e de lecture estim\u00e9e":"1 minute"},"schema":{"@context":"https:\/\/schema.org","@graph":[{"@type":"NewsArticle","@id":"https:\/\/www.webdo.tn\/fr\/actualite\/international\/tunisie-sorganise-en-prevision-dun-flux-massif-refugies-en-provenance-libye\/184354\/#article","isPartOf":{"@id":"https:\/\/www.webdo.tn\/fr\/actualite\/international\/tunisie-sorganise-en-prevision-dun-flux-massif-refugies-en-provenance-libye\/184354\/"},"author":{"name":"webdo.tn","@id":"https:\/\/www.webdo.tn\/fr\/#\/schema\/person\/9a9c6118d687c117df8ef3cc36a4d175"},"headline":"La Tunisie s\u2019organise en pr\u00e9vision d\u2019un flux massif de r\u00e9fugi\u00e9s en provenance de Libye","datePublished":"2014-08-20T12:10:00+00:00","mainEntityOfPage":{"@id":"https:\/\/www.webdo.tn\/fr\/actualite\/international\/tunisie-sorganise-en-prevision-dun-flux-massif-refugies-en-provenance-libye\/184354\/"},"wordCount":217,"commentCount":0,"publisher":{"@id":"https:\/\/www.webdo.tn\/fr\/#organization"},"image":{"@id":"https:\/\/www.webdo.tn\/fr\/actualite\/international\/tunisie-sorganise-en-prevision-dun-flux-massif-refugies-en-provenance-libye\/184354\/#primaryimage"},"thumbnailUrl":"https:\/\/www.webdo.tn\/fr\/wp-content\/uploads\/2025\/06\/refugies-credit-photo-HCR_184354.jpg","articleSection":["International"],"inLanguage":"fr-FR"},{"@type":"WebPage","@id":"https:\/\/www.webdo.tn\/fr\/actualite\/international\/tunisie-sorganise-en-prevision-dun-flux-massif-refugies-en-provenance-libye\/184354\/","url":"https:\/\/www.webdo.tn\/fr\/actualite\/international\/tunisie-sorganise-en-prevision-dun-flux-massif-refugies-en-provenance-libye\/184354\/","name":"La Tunisie s\u2019organise en pr\u00e9vision d\u2019un flux massif de r\u00e9fugi\u00e9s en provenance de Libye","isPartOf":{"@id":"https:\/\/www.webdo.tn\/fr\/#website"},"primaryImageOfPage":{"@id":"https:\/\/www.webdo.tn\/fr\/actualite\/international\/tunisie-sorganise-en-prevision-dun-flux-massif-refugies-en-provenance-libye\/184354\/#primaryimage"},"image":{"@id":"https:\/\/www.webdo.tn\/fr\/actualite\/international\/tunisie-sorganise-en-prevision-dun-flux-massif-refugies-en-provenance-libye\/184354\/#primaryimage"},"thumbnailUrl":"https:\/\/www.webdo.tn\/fr\/wp-content\/uploads\/2025\/06\/refugies-credit-photo-HCR_184354.jpg","datePublished":"2014-08-20T12:10:00+00:00","description":"La Tunisie s\u2019organise en pr\u00e9vision d\u2019un flux massif de r\u00e9fugi\u00e9s en provenance de Libye","breadcrumb":{"@id":"https:\/\/www.webdo.tn\/fr\/actualite\/international\/tunisie-sorganise-en-prevision-dun-flux-massif-refugies-en-provenance-libye\/184354\/#breadcrumb"},"inLanguage":"fr-FR","potentialAction":[{"@type":"ReadAction","target":["https:\/\/www.webdo.tn\/fr\/actualite\/international\/tunisie-sorganise-en-prevision-dun-flux-massif-refugies-en-provenance-libye\/184354\/"]}]},{"@type":"ImageObject","inLanguage":"fr-FR","@id":"https:\/\/www.webdo.tn\/fr\/actualite\/international\/tunisie-sorganise-en-prevision-dun-flux-massif-refugies-en-provenance-libye\/184354\/#primaryimage","url":"https:\/\/www.webdo.tn\/fr\/wp-content\/uploads\/2025\/06\/refugies-credit-photo-HCR_184354.jpg","contentUrl":"https:\/\/www.webdo.tn\/fr\/wp-content\/uploads\/2025\/06\/refugies-credit-photo-HCR_184354.jpg","width":398,"height":250,"caption":"La Tunisie s\u2019organise en pr\u00e9vision d\u2019un flux massif de r\u00e9fugi\u00e9s en provenance de Libye"},{"@type":"BreadcrumbList","@id":"https:\/\/www.webdo.tn\/fr\/actualite\/international\/tunisie-sorganise-en-prevision-dun-flux-massif-refugies-en-provenance-libye\/184354\/#breadcrumb","itemListElement":[{"@type":"ListItem","position":1,"name":"Accueil","item":"https:\/\/www.webdo.tn\/fr\/"},{"@type":"ListItem","position":2,"name":"La Tunisie s\u2019organise en pr\u00e9vision d\u2019un flux massif de r\u00e9fugi\u00e9s en provenance de Libye"}]},{"@type":"WebSite","@id":"https:\/\/www.webdo.tn\/fr\/#website","url":"https:\/\/www.webdo.tn\/fr\/","name":"webdo","description":"Tunisie - News en Tunisie et \u00e0 l&#039;international sur Webdo.tn","publisher":{"@id":"https:\/\/www.webdo.tn\/fr\/#organization"},"potentialAction":[{"@type":"SearchAction","target":{"@type":"EntryPoint","urlTemplate":"https:\/\/www.webdo.tn\/fr\/?s={search_term_string}"},"query-input":{"@type":"PropertyValueSpecification","valueRequired":true,"valueName":"search_term_string"}}],"inLanguage":"fr-FR"},{"@type":"Organization","@id":"https:\/\/www.webdo.tn\/fr\/#organization","name":"Webdo","alternateName":"Webdo.tn","url":"https:\/\/www.webdo.tn\/fr\/","logo":{"@type":"ImageObject","inLanguage":"fr-FR","@id":"https:\/\/www.webdo.tn\/fr\/#\/schema\/logo\/image\/","url":"https:\/\/www.webdo.tn\/fr\/wp-content\/uploads\/2025\/06\/Webdo-Tunisie_168377.jpg","contentUrl":"https:\/\/www.webdo.tn\/fr\/wp-content\/uploads\/2025\/06\/Webdo-Tunisie_168377.jpg","width":301,"height":301,"caption":"Webdo"},"image":{"@id":"https:\/\/www.webdo.tn\/fr\/#\/schema\/logo\/image\/"},"sameAs":["https:\/\/www.facebook.com\/webdotn","https:\/\/x.com\/webdo_tn"],"description":"Webdo est un m\u00e9dia num\u00e9rique tunisien fond\u00e9 en 2010, sp\u00e9cialis\u00e9 dans l\u2019actualit\u00e9 nationale et internationale, l\u2019\u00e9conomie, la soci\u00e9t\u00e9 et les analyses politiques. Le site s\u2019adresse \u00e0 un large public francophone et couvre l\u2019information tunisienne en temps r\u00e9el.","email":"redac@webdo.tn","legalName":"YNJ SARL","foundingDate":"2010-09-06","numberOfEmployees":{"@type":"QuantitativeValue","minValue":"11","maxValue":"50"}},{"@type":"Person","@id":"https:\/\/www.webdo.tn\/fr\/#\/schema\/person\/9a9c6118d687c117df8ef3cc36a4d175","name":"webdo.tn","image":{"@type":"ImageObject","inLanguage":"fr-FR","@id":"https:\/\/secure.gravatar.com\/avatar\/7ce1f28c0c3bbac99ff550b85ef8e44a6950c6ee24514fb6a5489e51d06f0298?s=96&d=mm&r=g","url":"https:\/\/secure.gravatar.com\/avatar\/7ce1f28c0c3bbac99ff550b85ef8e44a6950c6ee24514fb6a5489e51d06f0298?s=96&d=mm&r=g","contentUrl":"https:\/\/secure.gravatar.com\/avatar\/7ce1f28c0c3bbac99ff550b85ef8e44a6950c6ee24514fb6a5489e51d06f0298?s=96&d=mm&r=g","caption":"webdo.tn"},"url":"https:\/\/www.webdo.tn\/fr\/actualite\/author\/webdotn\/"}]}},"_links":{"self":[{"href":"https:\/\/www.webdo.tn\/fr\/wp-json\/wp\/v2\/posts\/184354","targetHints":{"allow":["GET"]}}],"collection":[{"href":"https:\/\/www.webdo.tn\/fr\/wp-json\/wp\/v2\/posts"}],"about":[{"href":"https:\/\/www.webdo.tn\/fr\/wp-json\/wp\/v2\/types\/post"}],"author":[{"embeddable":true,"href":"https:\/\/www.webdo.tn\/fr\/wp-json\/wp\/v2\/users\/3222"}],"replies":[{"embeddable":true,"href":"https:\/\/www.webdo.tn\/fr\/wp-json\/wp\/v2\/comments?post=184354"}],"version-history":[{"count":0,"href":"https:\/\/www.webdo.tn\/fr\/wp-json\/wp\/v2\/posts\/184354\/revisions"}],"wp:featuredmedia":[{"embeddable":true,"href":"https:\/\/www.webdo.tn\/fr\/wp-json\/wp\/v2\/media\/373650"}],"wp:attachment":[{"href":"https:\/\/www.webdo.tn\/fr\/wp-json\/wp\/v2\/media?parent=184354"}],"wp:term":[{"taxonomy":"category","embeddable":true,"href":"https:\/\/www.webdo.tn\/fr\/wp-json\/wp\/v2\/categories?post=184354"},{"taxonomy":"post_tag","embeddable":true,"href":"https:\/\/www.webdo.tn\/fr\/wp-json\/wp\/v2\/tags?post=184354"}],"curies":[{"name":"wp","href":"https:\/\/api.w.org\/{rel}","templated":true}]}}