{"id":184353,"date":"2014-08-20T14:30:00","date_gmt":"2014-08-20T14:30:00","guid":{"rendered":"https:\/\/www.webdo.tn\/fr\/blog\/reprise-hostilites-gaza-18-palestiniens-tues-chef-brigades-al-qassam-vise\/184353\/"},"modified":"2025-05-22T13:21:09","modified_gmt":"2025-05-22T13:21:09","slug":"reprise-hostilites-gaza-18-palestiniens-tues-chef-brigades-al-qassam-vise","status":"publish","type":"post","link":"https:\/\/www.webdo.tn\/fr\/actualite\/international\/reprise-hostilites-gaza-18-palestiniens-tues-chef-brigades-al-qassam-vise\/184353\/","title":{"rendered":"Reprise des hostilit\u00e9s \u00e0 Gaza : le chef des Brigades al-Qassam vis\u00e9"},"content":{"rendered":"<p>Au moins 18 Palestiniens, dont la femme et le fils du chef militaire du Hamas, ont \u00e9t\u00e9 tu\u00e9s et 120 bless\u00e9s dans des raids isra\u00e9liens \u00e0 Gaza depuis la rupture mardi soir de la tr\u00eave, selon des sources m\u00e9dicales, ce mercredi.<\/p>\n<p>Rompant un cessez-le-feu provisoire de huit jours, les frappes isra\u00e9liennes avaient repris mardi en fin d&rsquo;apr\u00e8s-midi apr\u00e8s la chute de trois roquettes tir\u00e9es de Gaza sur le sud d&rsquo;Isra\u00ebl, et les raids se sont poursuivis dans la nuit et dans la journ\u00e9e de mercredi contre l&rsquo;enclave palestinienne.<\/p>\n<p>Les nouvelles victimes portent \u00e0 au moins 2.036 le nombre de morts Palestiniens depuis le d\u00e9but du conflit le 8 juillet, d\u00e9clench\u00e9 par une attaque a\u00e9rienne isra\u00e9lienne pour faire cesser les tirs de roquettes palestiniens, selon le porte-parole des services d&rsquo;urgence de Gaza, Ashraf al-Qodra. Plus de 10.300 Palestiniens ont \u00e9galement \u00e9t\u00e9 bless\u00e9s.<\/p>\n<p>La deuxi\u00e8me femme et le fils de sept mois de Mohammed Deif, le chef des Brigades al-Qassam, la puissante branche arm\u00e9e du Hamas qui contr\u00f4le Gaza, ont p\u00e9ri mardi soir dans un raid qui a \u00e9galement tu\u00e9 une femme et un gar\u00e7on de 14 ans, selon M. Qodra.<\/p>\n<p>Huit Palestiniens, dont trois enfants et une femme enceinte, ont \u00e9t\u00e9 tu\u00e9s peu avant l&rsquo;aube mercredi lors d&rsquo;un raid isra\u00e9lien contre une maison de Deir el-Balah. Un autre enfant, \u00e2g\u00e9 de quatre ans, de m\u00eame qu&rsquo;un homme \u00e2g\u00e9 d&rsquo;une vingtaine d&rsquo;ann\u00e9es sont d\u00e9c\u00e9d\u00e9s dans un raid sur Zeitoun, a ajout\u00e9 M. Qodra. Quatre autres Palestiniens ont \u00e9t\u00e9 tu\u00e9s dans trois frappes distinctes, dont deux par le tir d&rsquo;un missile contre leur motocyclette \u00e0 Beit Lahiya, dans le nord de l&rsquo;enclave.<\/p>\n<p>Le chef militaire du Hamas<br \/>\n cible d\u2019une tentative d\u2019\u00e9limination<\/p>\n<p>Par ailleurs, le Hamas a indiqu\u00e9, ce mercredi que le chef de sa branche arm\u00e9e Mohammed Deif \u00e9tait vivant et toujours aux commandes apr\u00e8s avoir \u00e9t\u00e9 la cible d&rsquo;une tentative d&rsquo;\u00e9limination cibl\u00e9e de la part d&rsquo;Isra\u00ebl dans la bande de Gaza.<\/p>\n<p>Le chef des brigades al-Qassam, Abou Khaled (le nom de guerre de Mohammed Deif), est toujours vivant et dirige les op\u00e9rations militaires, a dit \u00e0 l&rsquo;AFP un responsable proche du Hamas sous couvert de l&rsquo;anonymat.<\/p>\n","protected":false},"excerpt":{"rendered":"<p>Reprise des hostilit\u00e9s \u00e0 Gaza : le chef des Brigades al-Qassam vis\u00e9<\/p>\n","protected":false},"author":3222,"featured_media":334881,"comment_status":"open","ping_status":"closed","sticky":false,"template":"","format":"standard","meta":{"footnotes":""},"categories":[2598],"tags":[],"class_list":["post-184353","post","type-post","status-publish","format-standard","has-post-thumbnail","hentry","category-international"],"yoast_head":"<!-- This site is optimized with the Yoast SEO Premium plugin v27.5 (Yoast SEO v27.5) - https:\/\/yoast.com\/product\/yoast-seo-premium-wordpress\/ -->\n<title>Reprise des hostilit\u00e9s \u00e0 Gaza : le chef des Brigades al-Qassam vis\u00e9<\/title>\n<meta name=\"description\" content=\"Reprise des hostilit\u00e9s \u00e0 Gaza : le chef des Brigades al-Qassam vis\u00e9\" \/>\n<link rel=\"canonical\" href=\"https:\/\/www.webdo.tn\/fr\/actualite\/international\/reprise-hostilites-gaza-18-palestiniens-tues-chef-brigades-al-qassam-vise\/184353\/\" \/>\n<meta property=\"og:locale\" content=\"fr_FR\" \/>\n<meta property=\"og:type\" content=\"article\" \/>\n<meta property=\"og:title\" content=\"Reprise des hostilit\u00e9s \u00e0 Gaza : le chef des Brigades al-Qassam vis\u00e9\" \/>\n<meta property=\"og:description\" content=\"Reprise des hostilit\u00e9s \u00e0 Gaza : le chef des Brigades al-Qassam vis\u00e9\" \/>\n<meta property=\"og:url\" content=\"https:\/\/www.webdo.tn\/fr\/actualite\/international\/reprise-hostilites-gaza-18-palestiniens-tues-chef-brigades-al-qassam-vise\/184353\/\" \/>\n<meta property=\"og:site_name\" content=\"webdo\" \/>\n<meta property=\"article:publisher\" content=\"https:\/\/www.facebook.com\/webdotn\" \/>\n<meta property=\"article:published_time\" content=\"2014-08-20T14:30:00+00:00\" \/>\n<meta property=\"article:modified_time\" content=\"2025-05-22T13:21:09+00:00\" \/>\n<meta property=\"og:image\" content=\"https:\/\/www.webdo.tn\/fr\/wp-content\/uploads\/2014\/08\/Gaza-20-08-2014-credit-Palinfo.jpg\" \/>\n\t<meta property=\"og:image:width\" content=\"512\" \/>\n\t<meta property=\"og:image:height\" content=\"404\" \/>\n\t<meta property=\"og:image:type\" content=\"image\/jpeg\" \/>\n<meta name=\"author\" content=\"webdo.tn\" \/>\n<meta name=\"twitter:card\" content=\"summary_large_image\" \/>\n<meta name=\"twitter:creator\" content=\"@webdo_tn\" \/>\n<meta name=\"twitter:site\" content=\"@webdo_tn\" \/>\n<meta name=\"twitter:label1\" content=\"\u00c9crit par\" \/>\n\t<meta name=\"twitter:data1\" content=\"webdo.tn\" \/>\n\t<meta name=\"twitter:label2\" content=\"Dur\u00e9e de lecture estim\u00e9e\" \/>\n\t<meta name=\"twitter:data2\" content=\"2 minutes\" \/>\n<script type=\"application\/ld+json\" class=\"yoast-schema-graph\">{\"@context\":\"https:\\\/\\\/schema.org\",\"@graph\":[{\"@type\":\"NewsArticle\",\"@id\":\"https:\\\/\\\/www.webdo.tn\\\/fr\\\/actualite\\\/international\\\/reprise-hostilites-gaza-18-palestiniens-tues-chef-brigades-al-qassam-vise\\\/184353\\\/#article\",\"isPartOf\":{\"@id\":\"https:\\\/\\\/www.webdo.tn\\\/fr\\\/actualite\\\/international\\\/reprise-hostilites-gaza-18-palestiniens-tues-chef-brigades-al-qassam-vise\\\/184353\\\/\"},\"author\":{\"name\":\"webdo.tn\",\"@id\":\"https:\\\/\\\/www.webdo.tn\\\/fr\\\/#\\\/schema\\\/person\\\/9a9c6118d687c117df8ef3cc36a4d175\"},\"headline\":\"Reprise des hostilit\u00e9s \u00e0 Gaza : le chef des Brigades al-Qassam vis\u00e9\",\"datePublished\":\"2014-08-20T14:30:00+00:00\",\"dateModified\":\"2025-05-22T13:21:09+00:00\",\"mainEntityOfPage\":{\"@id\":\"https:\\\/\\\/www.webdo.tn\\\/fr\\\/actualite\\\/international\\\/reprise-hostilites-gaza-18-palestiniens-tues-chef-brigades-al-qassam-vise\\\/184353\\\/\"},\"wordCount\":407,\"commentCount\":0,\"publisher\":{\"@id\":\"https:\\\/\\\/www.webdo.tn\\\/fr\\\/#organization\"},\"image\":{\"@id\":\"https:\\\/\\\/www.webdo.tn\\\/fr\\\/actualite\\\/international\\\/reprise-hostilites-gaza-18-palestiniens-tues-chef-brigades-al-qassam-vise\\\/184353\\\/#primaryimage\"},\"thumbnailUrl\":\"https:\\\/\\\/www.webdo.tn\\\/fr\\\/wp-content\\\/uploads\\\/2014\\\/08\\\/Gaza-20-08-2014-credit-Palinfo.jpg\",\"articleSection\":[\"International\"],\"inLanguage\":\"fr-FR\"},{\"@type\":\"WebPage\",\"@id\":\"https:\\\/\\\/www.webdo.tn\\\/fr\\\/actualite\\\/international\\\/reprise-hostilites-gaza-18-palestiniens-tues-chef-brigades-al-qassam-vise\\\/184353\\\/\",\"url\":\"https:\\\/\\\/www.webdo.tn\\\/fr\\\/actualite\\\/international\\\/reprise-hostilites-gaza-18-palestiniens-tues-chef-brigades-al-qassam-vise\\\/184353\\\/\",\"name\":\"Reprise des hostilit\u00e9s \u00e0 Gaza : le chef des Brigades al-Qassam vis\u00e9\",\"isPartOf\":{\"@id\":\"https:\\\/\\\/www.webdo.tn\\\/fr\\\/#website\"},\"primaryImageOfPage\":{\"@id\":\"https:\\\/\\\/www.webdo.tn\\\/fr\\\/actualite\\\/international\\\/reprise-hostilites-gaza-18-palestiniens-tues-chef-brigades-al-qassam-vise\\\/184353\\\/#primaryimage\"},\"image\":{\"@id\":\"https:\\\/\\\/www.webdo.tn\\\/fr\\\/actualite\\\/international\\\/reprise-hostilites-gaza-18-palestiniens-tues-chef-brigades-al-qassam-vise\\\/184353\\\/#primaryimage\"},\"thumbnailUrl\":\"https:\\\/\\\/www.webdo.tn\\\/fr\\\/wp-content\\\/uploads\\\/2014\\\/08\\\/Gaza-20-08-2014-credit-Palinfo.jpg\",\"datePublished\":\"2014-08-20T14:30:00+00:00\",\"dateModified\":\"2025-05-22T13:21:09+00:00\",\"description\":\"Reprise des hostilit\u00e9s \u00e0 Gaza : le chef des Brigades al-Qassam vis\u00e9\",\"breadcrumb\":{\"@id\":\"https:\\\/\\\/www.webdo.tn\\\/fr\\\/actualite\\\/international\\\/reprise-hostilites-gaza-18-palestiniens-tues-chef-brigades-al-qassam-vise\\\/184353\\\/#breadcrumb\"},\"inLanguage\":\"fr-FR\",\"potentialAction\":[{\"@type\":\"ReadAction\",\"target\":[\"https:\\\/\\\/www.webdo.tn\\\/fr\\\/actualite\\\/international\\\/reprise-hostilites-gaza-18-palestiniens-tues-chef-brigades-al-qassam-vise\\\/184353\\\/\"]}]},{\"@type\":\"ImageObject\",\"inLanguage\":\"fr-FR\",\"@id\":\"https:\\\/\\\/www.webdo.tn\\\/fr\\\/actualite\\\/international\\\/reprise-hostilites-gaza-18-palestiniens-tues-chef-brigades-al-qassam-vise\\\/184353\\\/#primaryimage\",\"url\":\"https:\\\/\\\/www.webdo.tn\\\/fr\\\/wp-content\\\/uploads\\\/2014\\\/08\\\/Gaza-20-08-2014-credit-Palinfo.jpg\",\"contentUrl\":\"https:\\\/\\\/www.webdo.tn\\\/fr\\\/wp-content\\\/uploads\\\/2014\\\/08\\\/Gaza-20-08-2014-credit-Palinfo.jpg\",\"width\":512,\"height\":404,\"caption\":\"Reprise des hostilit\u00e9s \u00e0 Gaza : le chef des Brigades al-Qassam vis\u00e9\"},{\"@type\":\"BreadcrumbList\",\"@id\":\"https:\\\/\\\/www.webdo.tn\\\/fr\\\/actualite\\\/international\\\/reprise-hostilites-gaza-18-palestiniens-tues-chef-brigades-al-qassam-vise\\\/184353\\\/#breadcrumb\",\"itemListElement\":[{\"@type\":\"ListItem\",\"position\":1,\"name\":\"Accueil\",\"item\":\"https:\\\/\\\/www.webdo.tn\\\/fr\\\/\"},{\"@type\":\"ListItem\",\"position\":2,\"name\":\"Reprise des hostilit\u00e9s \u00e0 Gaza : le chef des Brigades al-Qassam vis\u00e9\"}]},{\"@type\":\"WebSite\",\"@id\":\"https:\\\/\\\/www.webdo.tn\\\/fr\\\/#website\",\"url\":\"https:\\\/\\\/www.webdo.tn\\\/fr\\\/\",\"name\":\"webdo\",\"description\":\"Tunisie - News en Tunisie et \u00e0 l&#039;international sur Webdo.tn\",\"publisher\":{\"@id\":\"https:\\\/\\\/www.webdo.tn\\\/fr\\\/#organization\"},\"potentialAction\":[{\"@type\":\"SearchAction\",\"target\":{\"@type\":\"EntryPoint\",\"urlTemplate\":\"https:\\\/\\\/www.webdo.tn\\\/fr\\\/?s={search_term_string}\"},\"query-input\":{\"@type\":\"PropertyValueSpecification\",\"valueRequired\":true,\"valueName\":\"search_term_string\"}}],\"inLanguage\":\"fr-FR\"},{\"@type\":\"Organization\",\"@id\":\"https:\\\/\\\/www.webdo.tn\\\/fr\\\/#organization\",\"name\":\"Webdo\",\"alternateName\":\"Webdo.tn\",\"url\":\"https:\\\/\\\/www.webdo.tn\\\/fr\\\/\",\"logo\":{\"@type\":\"ImageObject\",\"inLanguage\":\"fr-FR\",\"@id\":\"https:\\\/\\\/www.webdo.tn\\\/fr\\\/#\\\/schema\\\/logo\\\/image\\\/\",\"url\":\"https:\\\/\\\/www.webdo.tn\\\/fr\\\/wp-content\\\/uploads\\\/2025\\\/06\\\/Webdo-Tunisie_168377.jpg\",\"contentUrl\":\"https:\\\/\\\/www.webdo.tn\\\/fr\\\/wp-content\\\/uploads\\\/2025\\\/06\\\/Webdo-Tunisie_168377.jpg\",\"width\":301,\"height\":301,\"caption\":\"Webdo\"},\"image\":{\"@id\":\"https:\\\/\\\/www.webdo.tn\\\/fr\\\/#\\\/schema\\\/logo\\\/image\\\/\"},\"sameAs\":[\"https:\\\/\\\/www.facebook.com\\\/webdotn\",\"https:\\\/\\\/x.com\\\/webdo_tn\"],\"description\":\"Webdo est un m\u00e9dia num\u00e9rique tunisien fond\u00e9 en 2010, sp\u00e9cialis\u00e9 dans l\u2019actualit\u00e9 nationale et internationale, l\u2019\u00e9conomie, la soci\u00e9t\u00e9 et les analyses politiques. Le site s\u2019adresse \u00e0 un large public francophone et couvre l\u2019information tunisienne en temps r\u00e9el.\",\"email\":\"redac@webdo.tn\",\"legalName\":\"YNJ SARL\",\"foundingDate\":\"2010-09-06\",\"numberOfEmployees\":{\"@type\":\"QuantitativeValue\",\"minValue\":\"11\",\"maxValue\":\"50\"}},{\"@type\":\"Person\",\"@id\":\"https:\\\/\\\/www.webdo.tn\\\/fr\\\/#\\\/schema\\\/person\\\/9a9c6118d687c117df8ef3cc36a4d175\",\"name\":\"webdo.tn\",\"image\":{\"@type\":\"ImageObject\",\"inLanguage\":\"fr-FR\",\"@id\":\"https:\\\/\\\/secure.gravatar.com\\\/avatar\\\/7ce1f28c0c3bbac99ff550b85ef8e44a6950c6ee24514fb6a5489e51d06f0298?s=96&d=mm&r=g\",\"url\":\"https:\\\/\\\/secure.gravatar.com\\\/avatar\\\/7ce1f28c0c3bbac99ff550b85ef8e44a6950c6ee24514fb6a5489e51d06f0298?s=96&d=mm&r=g\",\"contentUrl\":\"https:\\\/\\\/secure.gravatar.com\\\/avatar\\\/7ce1f28c0c3bbac99ff550b85ef8e44a6950c6ee24514fb6a5489e51d06f0298?s=96&d=mm&r=g\",\"caption\":\"webdo.tn\"},\"url\":\"https:\\\/\\\/www.webdo.tn\\\/fr\\\/actualite\\\/author\\\/webdotn\\\/\"}]}<\/script>\n<!-- \/ Yoast SEO Premium plugin. -->","yoast_head_json":{"title":"Reprise des hostilit\u00e9s \u00e0 Gaza : le chef des Brigades al-Qassam vis\u00e9","description":"Reprise des hostilit\u00e9s \u00e0 Gaza : le chef des Brigades al-Qassam vis\u00e9","canonical":"https:\/\/www.webdo.tn\/fr\/actualite\/international\/reprise-hostilites-gaza-18-palestiniens-tues-chef-brigades-al-qassam-vise\/184353\/","og_locale":"fr_FR","og_type":"article","og_title":"Reprise des hostilit\u00e9s \u00e0 Gaza : le chef des Brigades al-Qassam vis\u00e9","og_description":"Reprise des hostilit\u00e9s \u00e0 Gaza : le chef des Brigades al-Qassam vis\u00e9","og_url":"https:\/\/www.webdo.tn\/fr\/actualite\/international\/reprise-hostilites-gaza-18-palestiniens-tues-chef-brigades-al-qassam-vise\/184353\/","og_site_name":"webdo","article_publisher":"https:\/\/www.facebook.com\/webdotn","article_published_time":"2014-08-20T14:30:00+00:00","article_modified_time":"2025-05-22T13:21:09+00:00","og_image":[{"width":512,"height":404,"url":"https:\/\/www.webdo.tn\/fr\/wp-content\/uploads\/2014\/08\/Gaza-20-08-2014-credit-Palinfo.jpg","type":"image\/jpeg"}],"author":"webdo.tn","twitter_card":"summary_large_image","twitter_creator":"@webdo_tn","twitter_site":"@webdo_tn","twitter_misc":{"\u00c9crit par":"webdo.tn","Dur\u00e9e de lecture estim\u00e9e":"2 minutes"},"schema":{"@context":"https:\/\/schema.org","@graph":[{"@type":"NewsArticle","@id":"https:\/\/www.webdo.tn\/fr\/actualite\/international\/reprise-hostilites-gaza-18-palestiniens-tues-chef-brigades-al-qassam-vise\/184353\/#article","isPartOf":{"@id":"https:\/\/www.webdo.tn\/fr\/actualite\/international\/reprise-hostilites-gaza-18-palestiniens-tues-chef-brigades-al-qassam-vise\/184353\/"},"author":{"name":"webdo.tn","@id":"https:\/\/www.webdo.tn\/fr\/#\/schema\/person\/9a9c6118d687c117df8ef3cc36a4d175"},"headline":"Reprise des hostilit\u00e9s \u00e0 Gaza : le chef des Brigades al-Qassam vis\u00e9","datePublished":"2014-08-20T14:30:00+00:00","dateModified":"2025-05-22T13:21:09+00:00","mainEntityOfPage":{"@id":"https:\/\/www.webdo.tn\/fr\/actualite\/international\/reprise-hostilites-gaza-18-palestiniens-tues-chef-brigades-al-qassam-vise\/184353\/"},"wordCount":407,"commentCount":0,"publisher":{"@id":"https:\/\/www.webdo.tn\/fr\/#organization"},"image":{"@id":"https:\/\/www.webdo.tn\/fr\/actualite\/international\/reprise-hostilites-gaza-18-palestiniens-tues-chef-brigades-al-qassam-vise\/184353\/#primaryimage"},"thumbnailUrl":"https:\/\/www.webdo.tn\/fr\/wp-content\/uploads\/2014\/08\/Gaza-20-08-2014-credit-Palinfo.jpg","articleSection":["International"],"inLanguage":"fr-FR"},{"@type":"WebPage","@id":"https:\/\/www.webdo.tn\/fr\/actualite\/international\/reprise-hostilites-gaza-18-palestiniens-tues-chef-brigades-al-qassam-vise\/184353\/","url":"https:\/\/www.webdo.tn\/fr\/actualite\/international\/reprise-hostilites-gaza-18-palestiniens-tues-chef-brigades-al-qassam-vise\/184353\/","name":"Reprise des hostilit\u00e9s \u00e0 Gaza : le chef des Brigades al-Qassam vis\u00e9","isPartOf":{"@id":"https:\/\/www.webdo.tn\/fr\/#website"},"primaryImageOfPage":{"@id":"https:\/\/www.webdo.tn\/fr\/actualite\/international\/reprise-hostilites-gaza-18-palestiniens-tues-chef-brigades-al-qassam-vise\/184353\/#primaryimage"},"image":{"@id":"https:\/\/www.webdo.tn\/fr\/actualite\/international\/reprise-hostilites-gaza-18-palestiniens-tues-chef-brigades-al-qassam-vise\/184353\/#primaryimage"},"thumbnailUrl":"https:\/\/www.webdo.tn\/fr\/wp-content\/uploads\/2014\/08\/Gaza-20-08-2014-credit-Palinfo.jpg","datePublished":"2014-08-20T14:30:00+00:00","dateModified":"2025-05-22T13:21:09+00:00","description":"Reprise des hostilit\u00e9s \u00e0 Gaza : le chef des Brigades al-Qassam vis\u00e9","breadcrumb":{"@id":"https:\/\/www.webdo.tn\/fr\/actualite\/international\/reprise-hostilites-gaza-18-palestiniens-tues-chef-brigades-al-qassam-vise\/184353\/#breadcrumb"},"inLanguage":"fr-FR","potentialAction":[{"@type":"ReadAction","target":["https:\/\/www.webdo.tn\/fr\/actualite\/international\/reprise-hostilites-gaza-18-palestiniens-tues-chef-brigades-al-qassam-vise\/184353\/"]}]},{"@type":"ImageObject","inLanguage":"fr-FR","@id":"https:\/\/www.webdo.tn\/fr\/actualite\/international\/reprise-hostilites-gaza-18-palestiniens-tues-chef-brigades-al-qassam-vise\/184353\/#primaryimage","url":"https:\/\/www.webdo.tn\/fr\/wp-content\/uploads\/2014\/08\/Gaza-20-08-2014-credit-Palinfo.jpg","contentUrl":"https:\/\/www.webdo.tn\/fr\/wp-content\/uploads\/2014\/08\/Gaza-20-08-2014-credit-Palinfo.jpg","width":512,"height":404,"caption":"Reprise des hostilit\u00e9s \u00e0 Gaza : le chef des Brigades al-Qassam vis\u00e9"},{"@type":"BreadcrumbList","@id":"https:\/\/www.webdo.tn\/fr\/actualite\/international\/reprise-hostilites-gaza-18-palestiniens-tues-chef-brigades-al-qassam-vise\/184353\/#breadcrumb","itemListElement":[{"@type":"ListItem","position":1,"name":"Accueil","item":"https:\/\/www.webdo.tn\/fr\/"},{"@type":"ListItem","position":2,"name":"Reprise des hostilit\u00e9s \u00e0 Gaza : le chef des Brigades al-Qassam vis\u00e9"}]},{"@type":"WebSite","@id":"https:\/\/www.webdo.tn\/fr\/#website","url":"https:\/\/www.webdo.tn\/fr\/","name":"webdo","description":"Tunisie - News en Tunisie et \u00e0 l&#039;international sur Webdo.tn","publisher":{"@id":"https:\/\/www.webdo.tn\/fr\/#organization"},"potentialAction":[{"@type":"SearchAction","target":{"@type":"EntryPoint","urlTemplate":"https:\/\/www.webdo.tn\/fr\/?s={search_term_string}"},"query-input":{"@type":"PropertyValueSpecification","valueRequired":true,"valueName":"search_term_string"}}],"inLanguage":"fr-FR"},{"@type":"Organization","@id":"https:\/\/www.webdo.tn\/fr\/#organization","name":"Webdo","alternateName":"Webdo.tn","url":"https:\/\/www.webdo.tn\/fr\/","logo":{"@type":"ImageObject","inLanguage":"fr-FR","@id":"https:\/\/www.webdo.tn\/fr\/#\/schema\/logo\/image\/","url":"https:\/\/www.webdo.tn\/fr\/wp-content\/uploads\/2025\/06\/Webdo-Tunisie_168377.jpg","contentUrl":"https:\/\/www.webdo.tn\/fr\/wp-content\/uploads\/2025\/06\/Webdo-Tunisie_168377.jpg","width":301,"height":301,"caption":"Webdo"},"image":{"@id":"https:\/\/www.webdo.tn\/fr\/#\/schema\/logo\/image\/"},"sameAs":["https:\/\/www.facebook.com\/webdotn","https:\/\/x.com\/webdo_tn"],"description":"Webdo est un m\u00e9dia num\u00e9rique tunisien fond\u00e9 en 2010, sp\u00e9cialis\u00e9 dans l\u2019actualit\u00e9 nationale et internationale, l\u2019\u00e9conomie, la soci\u00e9t\u00e9 et les analyses politiques. Le site s\u2019adresse \u00e0 un large public francophone et couvre l\u2019information tunisienne en temps r\u00e9el.","email":"redac@webdo.tn","legalName":"YNJ SARL","foundingDate":"2010-09-06","numberOfEmployees":{"@type":"QuantitativeValue","minValue":"11","maxValue":"50"}},{"@type":"Person","@id":"https:\/\/www.webdo.tn\/fr\/#\/schema\/person\/9a9c6118d687c117df8ef3cc36a4d175","name":"webdo.tn","image":{"@type":"ImageObject","inLanguage":"fr-FR","@id":"https:\/\/secure.gravatar.com\/avatar\/7ce1f28c0c3bbac99ff550b85ef8e44a6950c6ee24514fb6a5489e51d06f0298?s=96&d=mm&r=g","url":"https:\/\/secure.gravatar.com\/avatar\/7ce1f28c0c3bbac99ff550b85ef8e44a6950c6ee24514fb6a5489e51d06f0298?s=96&d=mm&r=g","contentUrl":"https:\/\/secure.gravatar.com\/avatar\/7ce1f28c0c3bbac99ff550b85ef8e44a6950c6ee24514fb6a5489e51d06f0298?s=96&d=mm&r=g","caption":"webdo.tn"},"url":"https:\/\/www.webdo.tn\/fr\/actualite\/author\/webdotn\/"}]}},"_links":{"self":[{"href":"https:\/\/www.webdo.tn\/fr\/wp-json\/wp\/v2\/posts\/184353","targetHints":{"allow":["GET"]}}],"collection":[{"href":"https:\/\/www.webdo.tn\/fr\/wp-json\/wp\/v2\/posts"}],"about":[{"href":"https:\/\/www.webdo.tn\/fr\/wp-json\/wp\/v2\/types\/post"}],"author":[{"embeddable":true,"href":"https:\/\/www.webdo.tn\/fr\/wp-json\/wp\/v2\/users\/3222"}],"replies":[{"embeddable":true,"href":"https:\/\/www.webdo.tn\/fr\/wp-json\/wp\/v2\/comments?post=184353"}],"version-history":[{"count":0,"href":"https:\/\/www.webdo.tn\/fr\/wp-json\/wp\/v2\/posts\/184353\/revisions"}],"wp:featuredmedia":[{"embeddable":true,"href":"https:\/\/www.webdo.tn\/fr\/wp-json\/wp\/v2\/media\/334881"}],"wp:attachment":[{"href":"https:\/\/www.webdo.tn\/fr\/wp-json\/wp\/v2\/media?parent=184353"}],"wp:term":[{"taxonomy":"category","embeddable":true,"href":"https:\/\/www.webdo.tn\/fr\/wp-json\/wp\/v2\/categories?post=184353"},{"taxonomy":"post_tag","embeddable":true,"href":"https:\/\/www.webdo.tn\/fr\/wp-json\/wp\/v2\/tags?post=184353"}],"curies":[{"name":"wp","href":"https:\/\/api.w.org\/{rel}","templated":true}]}}