{"id":184352,"date":"2014-08-21T20:50:00","date_gmt":"2014-08-21T20:50:00","guid":{"rendered":"https:\/\/www.webdo.tn\/fr\/blog\/tunisie-legypte-ferment-leurs-frontieres-aeriennes-libye\/184352\/"},"modified":"2025-06-04T18:16:12","modified_gmt":"2025-06-04T18:16:12","slug":"tunisie-legypte-ferment-leurs-frontieres-aeriennes-libye-2","status":"publish","type":"post","link":"https:\/\/www.webdo.tn\/fr\/actualite\/international\/tunisie-legypte-ferment-leurs-frontieres-aeriennes-libye-2\/184352\/","title":{"rendered":"La Tunisie ferme ses fronti\u00e8res a\u00e9riennes avec la Libye"},"content":{"rendered":"<p>La Tunisie a d\u00e9cid\u00e9, ce jeudi, de fermer ses fronti\u00e8res a\u00e9riennes avec la Libye o\u00f9 la situation s\u00e9curitaire ne cesse d\u2019empirer en raison des violents combats meurtriers qui se multiplient entre milices rivales.Ces combats ont, de nouveau, \u00e9clat\u00e9 \u00e0 Benghazi et \u00e0 Tripoli notamment autour de l&rsquo;a\u00e9roport poussant Tunis \u00e0\u00a0 la fermeture de leurs fronti\u00e8res a\u00e9riennes avec la Libye, rapporte l\u2019agence Reuters.<\/p>\n<p>Selon une d\u00e9cision du minist\u00e8re du Transport tunisien, relay\u00e9e par l\u2019agence TAP, tous les vols a\u00e9riens en provenance des a\u00e9roports libyens de Mitiga, Misrata et Syrte ont \u00e9t\u00e9 annul\u00e9s jusqu\u2019\u00e0 nouvel ordre. Idem pour l&rsquo;Egypte.<\/p>\n<p>Mohamed Ali Aboudi, charg\u00e9 de la communication au minist\u00e8re du Transport a indiqu\u00e9, de son c\u00f4t\u00e9 \u00e0 l\u2019AFP qu\u2019il s\u2019agit d\u2019une mesure \u00ab\u00a0pr\u00e9ventive\u00a0\u00bb prise en raison du \u00ab\u00a0foisonnement d&rsquo;informations contradictoires concernant la s\u00e9curit\u00e9 dans les a\u00e9roports mentionn\u00e9s\u00a0\u00bb.<\/p>\n<p>En \u00c9gypte, la direction de l&rsquo;a\u00e9roport du Caire a annonc\u00e9 l\u2019annulation de tous les vols au d\u00e9part ou \u00e0 destination de Libye en raison de l&rsquo;aggravation de l&rsquo;ins\u00e9curit\u00e9 dans ce pays en proie \u00e0 la violence.<\/p>\n","protected":false},"excerpt":{"rendered":"<p>La Tunisie ferme ses fronti\u00e8res a\u00e9riennes avec la Libye<\/p>\n","protected":false},"author":3222,"featured_media":334890,"comment_status":"open","ping_status":"closed","sticky":false,"template":"","format":"standard","meta":{"footnotes":""},"categories":[2598],"tags":[],"class_list":["post-184352","post","type-post","status-publish","format-standard","has-post-thumbnail","hentry","category-international"],"yoast_head":"<!-- This site is optimized with the Yoast SEO Premium plugin v27.5 (Yoast SEO v27.5) - https:\/\/yoast.com\/product\/yoast-seo-premium-wordpress\/ -->\n<title>La Tunisie ferme ses fronti\u00e8res a\u00e9riennes avec la Libye<\/title>\n<meta name=\"description\" content=\"La Tunisie ferme ses fronti\u00e8res a\u00e9riennes avec la Libye\" \/>\n<link rel=\"canonical\" href=\"https:\/\/www.webdo.tn\/fr\/actualite\/international\/tunisie-legypte-ferment-leurs-frontieres-aeriennes-libye-2\/184352\/\" \/>\n<meta property=\"og:locale\" content=\"fr_FR\" \/>\n<meta property=\"og:type\" content=\"article\" \/>\n<meta property=\"og:title\" content=\"La Tunisie ferme ses fronti\u00e8res a\u00e9riennes avec la Libye\" \/>\n<meta property=\"og:description\" content=\"La Tunisie ferme ses fronti\u00e8res a\u00e9riennes avec la Libye\" \/>\n<meta property=\"og:url\" content=\"https:\/\/www.webdo.tn\/fr\/actualite\/international\/tunisie-legypte-ferment-leurs-frontieres-aeriennes-libye-2\/184352\/\" \/>\n<meta property=\"og:site_name\" content=\"webdo\" \/>\n<meta property=\"article:publisher\" content=\"https:\/\/www.facebook.com\/webdotn\" \/>\n<meta property=\"article:published_time\" content=\"2014-08-21T20:50:00+00:00\" \/>\n<meta property=\"article:modified_time\" content=\"2025-06-04T18:16:12+00:00\" \/>\n<meta property=\"og:image\" content=\"https:\/\/www.webdo.tn\/fr\/wp-content\/uploads\/2014\/08\/les-aeroports-libyens-detruits-credit-photo-AFP.jpg\" \/>\n\t<meta property=\"og:image:width\" content=\"512\" \/>\n\t<meta property=\"og:image:height\" content=\"341\" \/>\n\t<meta property=\"og:image:type\" content=\"image\/jpeg\" \/>\n<meta name=\"author\" content=\"webdo.tn\" \/>\n<meta name=\"twitter:card\" content=\"summary_large_image\" \/>\n<meta name=\"twitter:creator\" content=\"@webdo_tn\" \/>\n<meta name=\"twitter:site\" content=\"@webdo_tn\" \/>\n<meta name=\"twitter:label1\" content=\"\u00c9crit par\" \/>\n\t<meta name=\"twitter:data1\" content=\"webdo.tn\" \/>\n\t<meta name=\"twitter:label2\" content=\"Dur\u00e9e de lecture estim\u00e9e\" \/>\n\t<meta name=\"twitter:data2\" content=\"1 minute\" \/>\n<script type=\"application\/ld+json\" class=\"yoast-schema-graph\">{\"@context\":\"https:\\\/\\\/schema.org\",\"@graph\":[{\"@type\":\"NewsArticle\",\"@id\":\"https:\\\/\\\/www.webdo.tn\\\/fr\\\/actualite\\\/international\\\/tunisie-legypte-ferment-leurs-frontieres-aeriennes-libye-2\\\/184352\\\/#article\",\"isPartOf\":{\"@id\":\"https:\\\/\\\/www.webdo.tn\\\/fr\\\/actualite\\\/international\\\/tunisie-legypte-ferment-leurs-frontieres-aeriennes-libye-2\\\/184352\\\/\"},\"author\":{\"name\":\"webdo.tn\",\"@id\":\"https:\\\/\\\/www.webdo.tn\\\/fr\\\/#\\\/schema\\\/person\\\/9a9c6118d687c117df8ef3cc36a4d175\"},\"headline\":\"La Tunisie ferme ses fronti\u00e8res a\u00e9riennes avec la Libye\",\"datePublished\":\"2014-08-21T20:50:00+00:00\",\"dateModified\":\"2025-06-04T18:16:12+00:00\",\"mainEntityOfPage\":{\"@id\":\"https:\\\/\\\/www.webdo.tn\\\/fr\\\/actualite\\\/international\\\/tunisie-legypte-ferment-leurs-frontieres-aeriennes-libye-2\\\/184352\\\/\"},\"wordCount\":212,\"commentCount\":0,\"publisher\":{\"@id\":\"https:\\\/\\\/www.webdo.tn\\\/fr\\\/#organization\"},\"image\":{\"@id\":\"https:\\\/\\\/www.webdo.tn\\\/fr\\\/actualite\\\/international\\\/tunisie-legypte-ferment-leurs-frontieres-aeriennes-libye-2\\\/184352\\\/#primaryimage\"},\"thumbnailUrl\":\"https:\\\/\\\/www.webdo.tn\\\/fr\\\/wp-content\\\/uploads\\\/2014\\\/08\\\/les-aeroports-libyens-detruits-credit-photo-AFP.jpg\",\"articleSection\":[\"International\"],\"inLanguage\":\"fr-FR\"},{\"@type\":\"WebPage\",\"@id\":\"https:\\\/\\\/www.webdo.tn\\\/fr\\\/actualite\\\/international\\\/tunisie-legypte-ferment-leurs-frontieres-aeriennes-libye-2\\\/184352\\\/\",\"url\":\"https:\\\/\\\/www.webdo.tn\\\/fr\\\/actualite\\\/international\\\/tunisie-legypte-ferment-leurs-frontieres-aeriennes-libye-2\\\/184352\\\/\",\"name\":\"La Tunisie ferme ses fronti\u00e8res a\u00e9riennes avec la Libye\",\"isPartOf\":{\"@id\":\"https:\\\/\\\/www.webdo.tn\\\/fr\\\/#website\"},\"primaryImageOfPage\":{\"@id\":\"https:\\\/\\\/www.webdo.tn\\\/fr\\\/actualite\\\/international\\\/tunisie-legypte-ferment-leurs-frontieres-aeriennes-libye-2\\\/184352\\\/#primaryimage\"},\"image\":{\"@id\":\"https:\\\/\\\/www.webdo.tn\\\/fr\\\/actualite\\\/international\\\/tunisie-legypte-ferment-leurs-frontieres-aeriennes-libye-2\\\/184352\\\/#primaryimage\"},\"thumbnailUrl\":\"https:\\\/\\\/www.webdo.tn\\\/fr\\\/wp-content\\\/uploads\\\/2014\\\/08\\\/les-aeroports-libyens-detruits-credit-photo-AFP.jpg\",\"datePublished\":\"2014-08-21T20:50:00+00:00\",\"dateModified\":\"2025-06-04T18:16:12+00:00\",\"description\":\"La Tunisie ferme ses fronti\u00e8res a\u00e9riennes avec la Libye\",\"breadcrumb\":{\"@id\":\"https:\\\/\\\/www.webdo.tn\\\/fr\\\/actualite\\\/international\\\/tunisie-legypte-ferment-leurs-frontieres-aeriennes-libye-2\\\/184352\\\/#breadcrumb\"},\"inLanguage\":\"fr-FR\",\"potentialAction\":[{\"@type\":\"ReadAction\",\"target\":[\"https:\\\/\\\/www.webdo.tn\\\/fr\\\/actualite\\\/international\\\/tunisie-legypte-ferment-leurs-frontieres-aeriennes-libye-2\\\/184352\\\/\"]}]},{\"@type\":\"ImageObject\",\"inLanguage\":\"fr-FR\",\"@id\":\"https:\\\/\\\/www.webdo.tn\\\/fr\\\/actualite\\\/international\\\/tunisie-legypte-ferment-leurs-frontieres-aeriennes-libye-2\\\/184352\\\/#primaryimage\",\"url\":\"https:\\\/\\\/www.webdo.tn\\\/fr\\\/wp-content\\\/uploads\\\/2014\\\/08\\\/les-aeroports-libyens-detruits-credit-photo-AFP.jpg\",\"contentUrl\":\"https:\\\/\\\/www.webdo.tn\\\/fr\\\/wp-content\\\/uploads\\\/2014\\\/08\\\/les-aeroports-libyens-detruits-credit-photo-AFP.jpg\",\"width\":512,\"height\":341,\"caption\":\"La Tunisie ferme ses fronti\u00e8res a\u00e9riennes avec la Libye\"},{\"@type\":\"BreadcrumbList\",\"@id\":\"https:\\\/\\\/www.webdo.tn\\\/fr\\\/actualite\\\/international\\\/tunisie-legypte-ferment-leurs-frontieres-aeriennes-libye-2\\\/184352\\\/#breadcrumb\",\"itemListElement\":[{\"@type\":\"ListItem\",\"position\":1,\"name\":\"Accueil\",\"item\":\"https:\\\/\\\/www.webdo.tn\\\/fr\\\/\"},{\"@type\":\"ListItem\",\"position\":2,\"name\":\"La Tunisie ferme ses fronti\u00e8res a\u00e9riennes avec la Libye\"}]},{\"@type\":\"WebSite\",\"@id\":\"https:\\\/\\\/www.webdo.tn\\\/fr\\\/#website\",\"url\":\"https:\\\/\\\/www.webdo.tn\\\/fr\\\/\",\"name\":\"webdo\",\"description\":\"Tunisie - News en Tunisie et \u00e0 l&#039;international sur Webdo.tn\",\"publisher\":{\"@id\":\"https:\\\/\\\/www.webdo.tn\\\/fr\\\/#organization\"},\"potentialAction\":[{\"@type\":\"SearchAction\",\"target\":{\"@type\":\"EntryPoint\",\"urlTemplate\":\"https:\\\/\\\/www.webdo.tn\\\/fr\\\/?s={search_term_string}\"},\"query-input\":{\"@type\":\"PropertyValueSpecification\",\"valueRequired\":true,\"valueName\":\"search_term_string\"}}],\"inLanguage\":\"fr-FR\"},{\"@type\":\"Organization\",\"@id\":\"https:\\\/\\\/www.webdo.tn\\\/fr\\\/#organization\",\"name\":\"Webdo\",\"alternateName\":\"Webdo.tn\",\"url\":\"https:\\\/\\\/www.webdo.tn\\\/fr\\\/\",\"logo\":{\"@type\":\"ImageObject\",\"inLanguage\":\"fr-FR\",\"@id\":\"https:\\\/\\\/www.webdo.tn\\\/fr\\\/#\\\/schema\\\/logo\\\/image\\\/\",\"url\":\"https:\\\/\\\/www.webdo.tn\\\/fr\\\/wp-content\\\/uploads\\\/2025\\\/06\\\/Webdo-Tunisie_168377.jpg\",\"contentUrl\":\"https:\\\/\\\/www.webdo.tn\\\/fr\\\/wp-content\\\/uploads\\\/2025\\\/06\\\/Webdo-Tunisie_168377.jpg\",\"width\":301,\"height\":301,\"caption\":\"Webdo\"},\"image\":{\"@id\":\"https:\\\/\\\/www.webdo.tn\\\/fr\\\/#\\\/schema\\\/logo\\\/image\\\/\"},\"sameAs\":[\"https:\\\/\\\/www.facebook.com\\\/webdotn\",\"https:\\\/\\\/x.com\\\/webdo_tn\"],\"description\":\"Webdo est un m\u00e9dia num\u00e9rique tunisien fond\u00e9 en 2010, sp\u00e9cialis\u00e9 dans l\u2019actualit\u00e9 nationale et internationale, l\u2019\u00e9conomie, la soci\u00e9t\u00e9 et les analyses politiques. Le site s\u2019adresse \u00e0 un large public francophone et couvre l\u2019information tunisienne en temps r\u00e9el.\",\"email\":\"redac@webdo.tn\",\"legalName\":\"YNJ SARL\",\"foundingDate\":\"2010-09-06\",\"numberOfEmployees\":{\"@type\":\"QuantitativeValue\",\"minValue\":\"11\",\"maxValue\":\"50\"}},{\"@type\":\"Person\",\"@id\":\"https:\\\/\\\/www.webdo.tn\\\/fr\\\/#\\\/schema\\\/person\\\/9a9c6118d687c117df8ef3cc36a4d175\",\"name\":\"webdo.tn\",\"image\":{\"@type\":\"ImageObject\",\"inLanguage\":\"fr-FR\",\"@id\":\"https:\\\/\\\/secure.gravatar.com\\\/avatar\\\/7ce1f28c0c3bbac99ff550b85ef8e44a6950c6ee24514fb6a5489e51d06f0298?s=96&d=mm&r=g\",\"url\":\"https:\\\/\\\/secure.gravatar.com\\\/avatar\\\/7ce1f28c0c3bbac99ff550b85ef8e44a6950c6ee24514fb6a5489e51d06f0298?s=96&d=mm&r=g\",\"contentUrl\":\"https:\\\/\\\/secure.gravatar.com\\\/avatar\\\/7ce1f28c0c3bbac99ff550b85ef8e44a6950c6ee24514fb6a5489e51d06f0298?s=96&d=mm&r=g\",\"caption\":\"webdo.tn\"},\"url\":\"https:\\\/\\\/www.webdo.tn\\\/fr\\\/actualite\\\/author\\\/webdotn\\\/\"}]}<\/script>\n<!-- \/ Yoast SEO Premium plugin. -->","yoast_head_json":{"title":"La Tunisie ferme ses fronti\u00e8res a\u00e9riennes avec la Libye","description":"La Tunisie ferme ses fronti\u00e8res a\u00e9riennes avec la Libye","canonical":"https:\/\/www.webdo.tn\/fr\/actualite\/international\/tunisie-legypte-ferment-leurs-frontieres-aeriennes-libye-2\/184352\/","og_locale":"fr_FR","og_type":"article","og_title":"La Tunisie ferme ses fronti\u00e8res a\u00e9riennes avec la Libye","og_description":"La Tunisie ferme ses fronti\u00e8res a\u00e9riennes avec la Libye","og_url":"https:\/\/www.webdo.tn\/fr\/actualite\/international\/tunisie-legypte-ferment-leurs-frontieres-aeriennes-libye-2\/184352\/","og_site_name":"webdo","article_publisher":"https:\/\/www.facebook.com\/webdotn","article_published_time":"2014-08-21T20:50:00+00:00","article_modified_time":"2025-06-04T18:16:12+00:00","og_image":[{"width":512,"height":341,"url":"https:\/\/www.webdo.tn\/fr\/wp-content\/uploads\/2014\/08\/les-aeroports-libyens-detruits-credit-photo-AFP.jpg","type":"image\/jpeg"}],"author":"webdo.tn","twitter_card":"summary_large_image","twitter_creator":"@webdo_tn","twitter_site":"@webdo_tn","twitter_misc":{"\u00c9crit par":"webdo.tn","Dur\u00e9e de lecture estim\u00e9e":"1 minute"},"schema":{"@context":"https:\/\/schema.org","@graph":[{"@type":"NewsArticle","@id":"https:\/\/www.webdo.tn\/fr\/actualite\/international\/tunisie-legypte-ferment-leurs-frontieres-aeriennes-libye-2\/184352\/#article","isPartOf":{"@id":"https:\/\/www.webdo.tn\/fr\/actualite\/international\/tunisie-legypte-ferment-leurs-frontieres-aeriennes-libye-2\/184352\/"},"author":{"name":"webdo.tn","@id":"https:\/\/www.webdo.tn\/fr\/#\/schema\/person\/9a9c6118d687c117df8ef3cc36a4d175"},"headline":"La Tunisie ferme ses fronti\u00e8res a\u00e9riennes avec la Libye","datePublished":"2014-08-21T20:50:00+00:00","dateModified":"2025-06-04T18:16:12+00:00","mainEntityOfPage":{"@id":"https:\/\/www.webdo.tn\/fr\/actualite\/international\/tunisie-legypte-ferment-leurs-frontieres-aeriennes-libye-2\/184352\/"},"wordCount":212,"commentCount":0,"publisher":{"@id":"https:\/\/www.webdo.tn\/fr\/#organization"},"image":{"@id":"https:\/\/www.webdo.tn\/fr\/actualite\/international\/tunisie-legypte-ferment-leurs-frontieres-aeriennes-libye-2\/184352\/#primaryimage"},"thumbnailUrl":"https:\/\/www.webdo.tn\/fr\/wp-content\/uploads\/2014\/08\/les-aeroports-libyens-detruits-credit-photo-AFP.jpg","articleSection":["International"],"inLanguage":"fr-FR"},{"@type":"WebPage","@id":"https:\/\/www.webdo.tn\/fr\/actualite\/international\/tunisie-legypte-ferment-leurs-frontieres-aeriennes-libye-2\/184352\/","url":"https:\/\/www.webdo.tn\/fr\/actualite\/international\/tunisie-legypte-ferment-leurs-frontieres-aeriennes-libye-2\/184352\/","name":"La Tunisie ferme ses fronti\u00e8res a\u00e9riennes avec la Libye","isPartOf":{"@id":"https:\/\/www.webdo.tn\/fr\/#website"},"primaryImageOfPage":{"@id":"https:\/\/www.webdo.tn\/fr\/actualite\/international\/tunisie-legypte-ferment-leurs-frontieres-aeriennes-libye-2\/184352\/#primaryimage"},"image":{"@id":"https:\/\/www.webdo.tn\/fr\/actualite\/international\/tunisie-legypte-ferment-leurs-frontieres-aeriennes-libye-2\/184352\/#primaryimage"},"thumbnailUrl":"https:\/\/www.webdo.tn\/fr\/wp-content\/uploads\/2014\/08\/les-aeroports-libyens-detruits-credit-photo-AFP.jpg","datePublished":"2014-08-21T20:50:00+00:00","dateModified":"2025-06-04T18:16:12+00:00","description":"La Tunisie ferme ses fronti\u00e8res a\u00e9riennes avec la Libye","breadcrumb":{"@id":"https:\/\/www.webdo.tn\/fr\/actualite\/international\/tunisie-legypte-ferment-leurs-frontieres-aeriennes-libye-2\/184352\/#breadcrumb"},"inLanguage":"fr-FR","potentialAction":[{"@type":"ReadAction","target":["https:\/\/www.webdo.tn\/fr\/actualite\/international\/tunisie-legypte-ferment-leurs-frontieres-aeriennes-libye-2\/184352\/"]}]},{"@type":"ImageObject","inLanguage":"fr-FR","@id":"https:\/\/www.webdo.tn\/fr\/actualite\/international\/tunisie-legypte-ferment-leurs-frontieres-aeriennes-libye-2\/184352\/#primaryimage","url":"https:\/\/www.webdo.tn\/fr\/wp-content\/uploads\/2014\/08\/les-aeroports-libyens-detruits-credit-photo-AFP.jpg","contentUrl":"https:\/\/www.webdo.tn\/fr\/wp-content\/uploads\/2014\/08\/les-aeroports-libyens-detruits-credit-photo-AFP.jpg","width":512,"height":341,"caption":"La Tunisie ferme ses fronti\u00e8res a\u00e9riennes avec la Libye"},{"@type":"BreadcrumbList","@id":"https:\/\/www.webdo.tn\/fr\/actualite\/international\/tunisie-legypte-ferment-leurs-frontieres-aeriennes-libye-2\/184352\/#breadcrumb","itemListElement":[{"@type":"ListItem","position":1,"name":"Accueil","item":"https:\/\/www.webdo.tn\/fr\/"},{"@type":"ListItem","position":2,"name":"La Tunisie ferme ses fronti\u00e8res a\u00e9riennes avec la Libye"}]},{"@type":"WebSite","@id":"https:\/\/www.webdo.tn\/fr\/#website","url":"https:\/\/www.webdo.tn\/fr\/","name":"webdo","description":"Tunisie - News en Tunisie et \u00e0 l&#039;international sur Webdo.tn","publisher":{"@id":"https:\/\/www.webdo.tn\/fr\/#organization"},"potentialAction":[{"@type":"SearchAction","target":{"@type":"EntryPoint","urlTemplate":"https:\/\/www.webdo.tn\/fr\/?s={search_term_string}"},"query-input":{"@type":"PropertyValueSpecification","valueRequired":true,"valueName":"search_term_string"}}],"inLanguage":"fr-FR"},{"@type":"Organization","@id":"https:\/\/www.webdo.tn\/fr\/#organization","name":"Webdo","alternateName":"Webdo.tn","url":"https:\/\/www.webdo.tn\/fr\/","logo":{"@type":"ImageObject","inLanguage":"fr-FR","@id":"https:\/\/www.webdo.tn\/fr\/#\/schema\/logo\/image\/","url":"https:\/\/www.webdo.tn\/fr\/wp-content\/uploads\/2025\/06\/Webdo-Tunisie_168377.jpg","contentUrl":"https:\/\/www.webdo.tn\/fr\/wp-content\/uploads\/2025\/06\/Webdo-Tunisie_168377.jpg","width":301,"height":301,"caption":"Webdo"},"image":{"@id":"https:\/\/www.webdo.tn\/fr\/#\/schema\/logo\/image\/"},"sameAs":["https:\/\/www.facebook.com\/webdotn","https:\/\/x.com\/webdo_tn"],"description":"Webdo est un m\u00e9dia num\u00e9rique tunisien fond\u00e9 en 2010, sp\u00e9cialis\u00e9 dans l\u2019actualit\u00e9 nationale et internationale, l\u2019\u00e9conomie, la soci\u00e9t\u00e9 et les analyses politiques. Le site s\u2019adresse \u00e0 un large public francophone et couvre l\u2019information tunisienne en temps r\u00e9el.","email":"redac@webdo.tn","legalName":"YNJ SARL","foundingDate":"2010-09-06","numberOfEmployees":{"@type":"QuantitativeValue","minValue":"11","maxValue":"50"}},{"@type":"Person","@id":"https:\/\/www.webdo.tn\/fr\/#\/schema\/person\/9a9c6118d687c117df8ef3cc36a4d175","name":"webdo.tn","image":{"@type":"ImageObject","inLanguage":"fr-FR","@id":"https:\/\/secure.gravatar.com\/avatar\/7ce1f28c0c3bbac99ff550b85ef8e44a6950c6ee24514fb6a5489e51d06f0298?s=96&d=mm&r=g","url":"https:\/\/secure.gravatar.com\/avatar\/7ce1f28c0c3bbac99ff550b85ef8e44a6950c6ee24514fb6a5489e51d06f0298?s=96&d=mm&r=g","contentUrl":"https:\/\/secure.gravatar.com\/avatar\/7ce1f28c0c3bbac99ff550b85ef8e44a6950c6ee24514fb6a5489e51d06f0298?s=96&d=mm&r=g","caption":"webdo.tn"},"url":"https:\/\/www.webdo.tn\/fr\/actualite\/author\/webdotn\/"}]}},"_links":{"self":[{"href":"https:\/\/www.webdo.tn\/fr\/wp-json\/wp\/v2\/posts\/184352","targetHints":{"allow":["GET"]}}],"collection":[{"href":"https:\/\/www.webdo.tn\/fr\/wp-json\/wp\/v2\/posts"}],"about":[{"href":"https:\/\/www.webdo.tn\/fr\/wp-json\/wp\/v2\/types\/post"}],"author":[{"embeddable":true,"href":"https:\/\/www.webdo.tn\/fr\/wp-json\/wp\/v2\/users\/3222"}],"replies":[{"embeddable":true,"href":"https:\/\/www.webdo.tn\/fr\/wp-json\/wp\/v2\/comments?post=184352"}],"version-history":[{"count":0,"href":"https:\/\/www.webdo.tn\/fr\/wp-json\/wp\/v2\/posts\/184352\/revisions"}],"wp:featuredmedia":[{"embeddable":true,"href":"https:\/\/www.webdo.tn\/fr\/wp-json\/wp\/v2\/media\/334890"}],"wp:attachment":[{"href":"https:\/\/www.webdo.tn\/fr\/wp-json\/wp\/v2\/media?parent=184352"}],"wp:term":[{"taxonomy":"category","embeddable":true,"href":"https:\/\/www.webdo.tn\/fr\/wp-json\/wp\/v2\/categories?post=184352"},{"taxonomy":"post_tag","embeddable":true,"href":"https:\/\/www.webdo.tn\/fr\/wp-json\/wp\/v2\/tags?post=184352"}],"curies":[{"name":"wp","href":"https:\/\/api.w.org\/{rel}","templated":true}]}}