{"id":184350,"date":"2014-08-21T23:40:00","date_gmt":"2014-08-21T21:40:00","guid":{"rendered":"https:\/\/www.webdo.tn\/fr\/actualite\/international\/tunisie-74-migrants-clandestins-sauves-marin-pecheur-au-large-zarzis\/184350"},"modified":"2014-08-21T23:40:00","modified_gmt":"2014-08-21T21:40:00","slug":"tunisie-74-migrants-clandestins-sauves-marin-pecheur-au-large-zarzis","status":"publish","type":"post","link":"https:\/\/www.webdo.tn\/fr\/actualite\/international\/tunisie-74-migrants-clandestins-sauves-marin-pecheur-au-large-zarzis\/184350\/","title":{"rendered":"74 migrants clandestins sauv\u00e9s par un marin-p\u00eacheur au large de Zarzis"},"content":{"rendered":"<p>Soixante-quatorze migrants clandestins ont \u00e9t\u00e9 sauv\u00e9s par un marin-p\u00eacheur au large de Zarzis (Gouvernorat de M\u00e9denine), ce jeudi 21 ao\u00fbt, rapporte l\u2019agence TAP. Les 74 migrants, en provenance de Libye, tentaient de se rendre ill\u00e9galement vers les c\u00f4tes italiennes.Le marin-p\u00eacheur a d\u00e9couvert en pleine mer leur embarcation \u00e0 la d\u00e9rive \u00e0 cause d\u2019une panne de moteur, ce jeudi matin, une embarcation \u00e0 la d\u00e9rive \u00e0 cause d\u2019une panne de moteur.<\/p>\n<p>Selon la TAP, il a transport\u00e9 les migrants clandestins, \u00e0 bord de son embarcation, en direction de la c\u00f4te de Souihel \u00e0 Zarzis. L\u00e0 des citoyens ont pris en charge les rescap\u00e9s avant l\u2019arriv\u00e9e du Croissant rouge.<\/p>\n<p>Selon Dr Mongi Slim, pr\u00e9sident de la section du Croissant rouge tunisien (CRT), \u00e0 M\u00e9denine, les naufrag\u00e9s sont compos\u00e9s de 34 Ghan\u00e9ens, 24 Nig\u00e9rians dont 5 femmes, 5 Togolais, 3 Gabonais, 2 Lib\u00e9riens, 1 Nig\u00e9rien et 4 du Bangladesh.<\/p>\n<p>Ils ont \u00e9t\u00e9 imm\u00e9diatement pris en charge par le CRT avant d\u2019\u00eatre conduits, par la suite, dans un espace au port de Zarzis en attendant que l\u2019Organisation internationale pour les migrations pr\u00e9pare leurs dossiers pour les transf\u00e9rer vers leur pays d\u2019origine.<\/p>\n<p>D\u2019apr\u00e8s les d\u00e9clarations de certains de ces r\u00e9fugi\u00e9s, trois embarcations avaient quitt\u00e9 le port de Tajoura, \u00e0 Tripoli (Libye), au cours de la m\u00eame nuit. Ils ne connaissent pas le sort des autres migrants clandestins.<\/p>\n","protected":false},"excerpt":{"rendered":"<p>Soixante-quatorze migrants clandestins ont \u00e9t\u00e9 sauv\u00e9s par un marin-p\u00eacheur au large de Zarzis (Gouvernorat de M\u00e9denine), ce jeudi 21 ao\u00fbt, rapporte l<\/p>\n","protected":false},"author":3222,"featured_media":373634,"comment_status":"open","ping_status":"open","sticky":false,"template":"","format":"standard","meta":{"footnotes":""},"categories":[2598],"tags":[],"class_list":["post-184350","post","type-post","status-publish","format-standard","has-post-thumbnail","hentry","category-international"],"yoast_head":"<!-- This site is optimized with the Yoast SEO Premium plugin v27.5 (Yoast SEO v27.5) - https:\/\/yoast.com\/product\/yoast-seo-premium-wordpress\/ -->\n<title>74 migrants clandestins sauv\u00e9s par un marin-p\u00eacheur au large de Zarzis<\/title>\n<meta name=\"description\" content=\"74 migrants clandestins sauv\u00e9s par un marin-p\u00eacheur au large de Zarzis\" \/>\n<link rel=\"canonical\" href=\"https:\/\/www.webdo.tn\/fr\/actualite\/international\/tunisie-74-migrants-clandestins-sauves-marin-pecheur-au-large-zarzis\/184350\/\" \/>\n<meta property=\"og:locale\" content=\"fr_FR\" \/>\n<meta property=\"og:type\" content=\"article\" \/>\n<meta property=\"og:title\" content=\"74 migrants clandestins sauv\u00e9s par un marin-p\u00eacheur au large de Zarzis\" \/>\n<meta property=\"og:description\" content=\"74 migrants clandestins sauv\u00e9s par un marin-p\u00eacheur au large de Zarzis\" \/>\n<meta property=\"og:url\" content=\"https:\/\/www.webdo.tn\/fr\/actualite\/international\/tunisie-74-migrants-clandestins-sauves-marin-pecheur-au-large-zarzis\/184350\/\" \/>\n<meta property=\"og:site_name\" content=\"webdo\" \/>\n<meta property=\"article:publisher\" content=\"https:\/\/www.facebook.com\/webdotn\" \/>\n<meta property=\"article:published_time\" content=\"2014-08-21T21:40:00+00:00\" \/>\n<meta name=\"author\" content=\"webdo.tn\" \/>\n<meta name=\"twitter:card\" content=\"summary_large_image\" \/>\n<meta name=\"twitter:creator\" content=\"@webdo_tn\" \/>\n<meta name=\"twitter:site\" content=\"@webdo_tn\" \/>\n<meta name=\"twitter:label1\" content=\"\u00c9crit par\" \/>\n\t<meta name=\"twitter:data1\" content=\"webdo.tn\" \/>\n\t<meta name=\"twitter:label2\" content=\"Dur\u00e9e de lecture estim\u00e9e\" \/>\n\t<meta name=\"twitter:data2\" content=\"1 minute\" \/>\n<script type=\"application\/ld+json\" class=\"yoast-schema-graph\">{\"@context\":\"https:\\\/\\\/schema.org\",\"@graph\":[{\"@type\":\"NewsArticle\",\"@id\":\"https:\\\/\\\/www.webdo.tn\\\/fr\\\/actualite\\\/international\\\/tunisie-74-migrants-clandestins-sauves-marin-pecheur-au-large-zarzis\\\/184350\\\/#article\",\"isPartOf\":{\"@id\":\"https:\\\/\\\/www.webdo.tn\\\/fr\\\/actualite\\\/international\\\/tunisie-74-migrants-clandestins-sauves-marin-pecheur-au-large-zarzis\\\/184350\\\/\"},\"author\":{\"name\":\"webdo.tn\",\"@id\":\"https:\\\/\\\/www.webdo.tn\\\/fr\\\/#\\\/schema\\\/person\\\/9a9c6118d687c117df8ef3cc36a4d175\"},\"headline\":\"74 migrants clandestins sauv\u00e9s par un marin-p\u00eacheur au large de Zarzis\",\"datePublished\":\"2014-08-21T21:40:00+00:00\",\"mainEntityOfPage\":{\"@id\":\"https:\\\/\\\/www.webdo.tn\\\/fr\\\/actualite\\\/international\\\/tunisie-74-migrants-clandestins-sauves-marin-pecheur-au-large-zarzis\\\/184350\\\/\"},\"wordCount\":254,\"commentCount\":0,\"publisher\":{\"@id\":\"https:\\\/\\\/www.webdo.tn\\\/fr\\\/#organization\"},\"image\":{\"@id\":\"https:\\\/\\\/www.webdo.tn\\\/fr\\\/actualite\\\/international\\\/tunisie-74-migrants-clandestins-sauves-marin-pecheur-au-large-zarzis\\\/184350\\\/#primaryimage\"},\"thumbnailUrl\":\"https:\\\/\\\/www.webdo.tn\\\/fr\\\/wp-content\\\/uploads\\\/2025\\\/06\\\/Des-migrants-tunisiens-clandestins_184350.jpg\",\"articleSection\":[\"International\"],\"inLanguage\":\"fr-FR\"},{\"@type\":\"WebPage\",\"@id\":\"https:\\\/\\\/www.webdo.tn\\\/fr\\\/actualite\\\/international\\\/tunisie-74-migrants-clandestins-sauves-marin-pecheur-au-large-zarzis\\\/184350\\\/\",\"url\":\"https:\\\/\\\/www.webdo.tn\\\/fr\\\/actualite\\\/international\\\/tunisie-74-migrants-clandestins-sauves-marin-pecheur-au-large-zarzis\\\/184350\\\/\",\"name\":\"74 migrants clandestins sauv\u00e9s par un marin-p\u00eacheur au large de Zarzis\",\"isPartOf\":{\"@id\":\"https:\\\/\\\/www.webdo.tn\\\/fr\\\/#website\"},\"primaryImageOfPage\":{\"@id\":\"https:\\\/\\\/www.webdo.tn\\\/fr\\\/actualite\\\/international\\\/tunisie-74-migrants-clandestins-sauves-marin-pecheur-au-large-zarzis\\\/184350\\\/#primaryimage\"},\"image\":{\"@id\":\"https:\\\/\\\/www.webdo.tn\\\/fr\\\/actualite\\\/international\\\/tunisie-74-migrants-clandestins-sauves-marin-pecheur-au-large-zarzis\\\/184350\\\/#primaryimage\"},\"thumbnailUrl\":\"https:\\\/\\\/www.webdo.tn\\\/fr\\\/wp-content\\\/uploads\\\/2025\\\/06\\\/Des-migrants-tunisiens-clandestins_184350.jpg\",\"datePublished\":\"2014-08-21T21:40:00+00:00\",\"description\":\"74 migrants clandestins sauv\u00e9s par un marin-p\u00eacheur au large de Zarzis\",\"breadcrumb\":{\"@id\":\"https:\\\/\\\/www.webdo.tn\\\/fr\\\/actualite\\\/international\\\/tunisie-74-migrants-clandestins-sauves-marin-pecheur-au-large-zarzis\\\/184350\\\/#breadcrumb\"},\"inLanguage\":\"fr-FR\",\"potentialAction\":[{\"@type\":\"ReadAction\",\"target\":[\"https:\\\/\\\/www.webdo.tn\\\/fr\\\/actualite\\\/international\\\/tunisie-74-migrants-clandestins-sauves-marin-pecheur-au-large-zarzis\\\/184350\\\/\"]}]},{\"@type\":\"ImageObject\",\"inLanguage\":\"fr-FR\",\"@id\":\"https:\\\/\\\/www.webdo.tn\\\/fr\\\/actualite\\\/international\\\/tunisie-74-migrants-clandestins-sauves-marin-pecheur-au-large-zarzis\\\/184350\\\/#primaryimage\",\"url\":\"https:\\\/\\\/www.webdo.tn\\\/fr\\\/wp-content\\\/uploads\\\/2025\\\/06\\\/Des-migrants-tunisiens-clandestins_184350.jpg\",\"contentUrl\":\"https:\\\/\\\/www.webdo.tn\\\/fr\\\/wp-content\\\/uploads\\\/2025\\\/06\\\/Des-migrants-tunisiens-clandestins_184350.jpg\",\"width\":359,\"height\":269,\"caption\":\"74 migrants clandestins sauv\u00e9s par un marin-p\u00eacheur au large de Zarzis\"},{\"@type\":\"BreadcrumbList\",\"@id\":\"https:\\\/\\\/www.webdo.tn\\\/fr\\\/actualite\\\/international\\\/tunisie-74-migrants-clandestins-sauves-marin-pecheur-au-large-zarzis\\\/184350\\\/#breadcrumb\",\"itemListElement\":[{\"@type\":\"ListItem\",\"position\":1,\"name\":\"Accueil\",\"item\":\"https:\\\/\\\/www.webdo.tn\\\/fr\\\/\"},{\"@type\":\"ListItem\",\"position\":2,\"name\":\"74 migrants clandestins sauv\u00e9s par un marin-p\u00eacheur au large de Zarzis\"}]},{\"@type\":\"WebSite\",\"@id\":\"https:\\\/\\\/www.webdo.tn\\\/fr\\\/#website\",\"url\":\"https:\\\/\\\/www.webdo.tn\\\/fr\\\/\",\"name\":\"webdo\",\"description\":\"Tunisie - News en Tunisie et \u00e0 l&#039;international sur Webdo.tn\",\"publisher\":{\"@id\":\"https:\\\/\\\/www.webdo.tn\\\/fr\\\/#organization\"},\"potentialAction\":[{\"@type\":\"SearchAction\",\"target\":{\"@type\":\"EntryPoint\",\"urlTemplate\":\"https:\\\/\\\/www.webdo.tn\\\/fr\\\/?s={search_term_string}\"},\"query-input\":{\"@type\":\"PropertyValueSpecification\",\"valueRequired\":true,\"valueName\":\"search_term_string\"}}],\"inLanguage\":\"fr-FR\"},{\"@type\":\"Organization\",\"@id\":\"https:\\\/\\\/www.webdo.tn\\\/fr\\\/#organization\",\"name\":\"Webdo\",\"alternateName\":\"Webdo.tn\",\"url\":\"https:\\\/\\\/www.webdo.tn\\\/fr\\\/\",\"logo\":{\"@type\":\"ImageObject\",\"inLanguage\":\"fr-FR\",\"@id\":\"https:\\\/\\\/www.webdo.tn\\\/fr\\\/#\\\/schema\\\/logo\\\/image\\\/\",\"url\":\"https:\\\/\\\/www.webdo.tn\\\/fr\\\/wp-content\\\/uploads\\\/2025\\\/06\\\/Webdo-Tunisie_168377.jpg\",\"contentUrl\":\"https:\\\/\\\/www.webdo.tn\\\/fr\\\/wp-content\\\/uploads\\\/2025\\\/06\\\/Webdo-Tunisie_168377.jpg\",\"width\":301,\"height\":301,\"caption\":\"Webdo\"},\"image\":{\"@id\":\"https:\\\/\\\/www.webdo.tn\\\/fr\\\/#\\\/schema\\\/logo\\\/image\\\/\"},\"sameAs\":[\"https:\\\/\\\/www.facebook.com\\\/webdotn\",\"https:\\\/\\\/x.com\\\/webdo_tn\"],\"description\":\"Webdo est un m\u00e9dia num\u00e9rique tunisien fond\u00e9 en 2010, sp\u00e9cialis\u00e9 dans l\u2019actualit\u00e9 nationale et internationale, l\u2019\u00e9conomie, la soci\u00e9t\u00e9 et les analyses politiques. Le site s\u2019adresse \u00e0 un large public francophone et couvre l\u2019information tunisienne en temps r\u00e9el.\",\"email\":\"redac@webdo.tn\",\"legalName\":\"YNJ SARL\",\"foundingDate\":\"2010-09-06\",\"numberOfEmployees\":{\"@type\":\"QuantitativeValue\",\"minValue\":\"11\",\"maxValue\":\"50\"}},{\"@type\":\"Person\",\"@id\":\"https:\\\/\\\/www.webdo.tn\\\/fr\\\/#\\\/schema\\\/person\\\/9a9c6118d687c117df8ef3cc36a4d175\",\"name\":\"webdo.tn\",\"image\":{\"@type\":\"ImageObject\",\"inLanguage\":\"fr-FR\",\"@id\":\"https:\\\/\\\/secure.gravatar.com\\\/avatar\\\/7ce1f28c0c3bbac99ff550b85ef8e44a6950c6ee24514fb6a5489e51d06f0298?s=96&d=mm&r=g\",\"url\":\"https:\\\/\\\/secure.gravatar.com\\\/avatar\\\/7ce1f28c0c3bbac99ff550b85ef8e44a6950c6ee24514fb6a5489e51d06f0298?s=96&d=mm&r=g\",\"contentUrl\":\"https:\\\/\\\/secure.gravatar.com\\\/avatar\\\/7ce1f28c0c3bbac99ff550b85ef8e44a6950c6ee24514fb6a5489e51d06f0298?s=96&d=mm&r=g\",\"caption\":\"webdo.tn\"},\"url\":\"https:\\\/\\\/www.webdo.tn\\\/fr\\\/actualite\\\/author\\\/webdotn\\\/\"}]}<\/script>\n<!-- \/ Yoast SEO Premium plugin. -->","yoast_head_json":{"title":"74 migrants clandestins sauv\u00e9s par un marin-p\u00eacheur au large de Zarzis","description":"74 migrants clandestins sauv\u00e9s par un marin-p\u00eacheur au large de Zarzis","canonical":"https:\/\/www.webdo.tn\/fr\/actualite\/international\/tunisie-74-migrants-clandestins-sauves-marin-pecheur-au-large-zarzis\/184350\/","og_locale":"fr_FR","og_type":"article","og_title":"74 migrants clandestins sauv\u00e9s par un marin-p\u00eacheur au large de Zarzis","og_description":"74 migrants clandestins sauv\u00e9s par un marin-p\u00eacheur au large de Zarzis","og_url":"https:\/\/www.webdo.tn\/fr\/actualite\/international\/tunisie-74-migrants-clandestins-sauves-marin-pecheur-au-large-zarzis\/184350\/","og_site_name":"webdo","article_publisher":"https:\/\/www.facebook.com\/webdotn","article_published_time":"2014-08-21T21:40:00+00:00","author":"webdo.tn","twitter_card":"summary_large_image","twitter_creator":"@webdo_tn","twitter_site":"@webdo_tn","twitter_misc":{"\u00c9crit par":"webdo.tn","Dur\u00e9e de lecture estim\u00e9e":"1 minute"},"schema":{"@context":"https:\/\/schema.org","@graph":[{"@type":"NewsArticle","@id":"https:\/\/www.webdo.tn\/fr\/actualite\/international\/tunisie-74-migrants-clandestins-sauves-marin-pecheur-au-large-zarzis\/184350\/#article","isPartOf":{"@id":"https:\/\/www.webdo.tn\/fr\/actualite\/international\/tunisie-74-migrants-clandestins-sauves-marin-pecheur-au-large-zarzis\/184350\/"},"author":{"name":"webdo.tn","@id":"https:\/\/www.webdo.tn\/fr\/#\/schema\/person\/9a9c6118d687c117df8ef3cc36a4d175"},"headline":"74 migrants clandestins sauv\u00e9s par un marin-p\u00eacheur au large de Zarzis","datePublished":"2014-08-21T21:40:00+00:00","mainEntityOfPage":{"@id":"https:\/\/www.webdo.tn\/fr\/actualite\/international\/tunisie-74-migrants-clandestins-sauves-marin-pecheur-au-large-zarzis\/184350\/"},"wordCount":254,"commentCount":0,"publisher":{"@id":"https:\/\/www.webdo.tn\/fr\/#organization"},"image":{"@id":"https:\/\/www.webdo.tn\/fr\/actualite\/international\/tunisie-74-migrants-clandestins-sauves-marin-pecheur-au-large-zarzis\/184350\/#primaryimage"},"thumbnailUrl":"https:\/\/www.webdo.tn\/fr\/wp-content\/uploads\/2025\/06\/Des-migrants-tunisiens-clandestins_184350.jpg","articleSection":["International"],"inLanguage":"fr-FR"},{"@type":"WebPage","@id":"https:\/\/www.webdo.tn\/fr\/actualite\/international\/tunisie-74-migrants-clandestins-sauves-marin-pecheur-au-large-zarzis\/184350\/","url":"https:\/\/www.webdo.tn\/fr\/actualite\/international\/tunisie-74-migrants-clandestins-sauves-marin-pecheur-au-large-zarzis\/184350\/","name":"74 migrants clandestins sauv\u00e9s par un marin-p\u00eacheur au large de Zarzis","isPartOf":{"@id":"https:\/\/www.webdo.tn\/fr\/#website"},"primaryImageOfPage":{"@id":"https:\/\/www.webdo.tn\/fr\/actualite\/international\/tunisie-74-migrants-clandestins-sauves-marin-pecheur-au-large-zarzis\/184350\/#primaryimage"},"image":{"@id":"https:\/\/www.webdo.tn\/fr\/actualite\/international\/tunisie-74-migrants-clandestins-sauves-marin-pecheur-au-large-zarzis\/184350\/#primaryimage"},"thumbnailUrl":"https:\/\/www.webdo.tn\/fr\/wp-content\/uploads\/2025\/06\/Des-migrants-tunisiens-clandestins_184350.jpg","datePublished":"2014-08-21T21:40:00+00:00","description":"74 migrants clandestins sauv\u00e9s par un marin-p\u00eacheur au large de Zarzis","breadcrumb":{"@id":"https:\/\/www.webdo.tn\/fr\/actualite\/international\/tunisie-74-migrants-clandestins-sauves-marin-pecheur-au-large-zarzis\/184350\/#breadcrumb"},"inLanguage":"fr-FR","potentialAction":[{"@type":"ReadAction","target":["https:\/\/www.webdo.tn\/fr\/actualite\/international\/tunisie-74-migrants-clandestins-sauves-marin-pecheur-au-large-zarzis\/184350\/"]}]},{"@type":"ImageObject","inLanguage":"fr-FR","@id":"https:\/\/www.webdo.tn\/fr\/actualite\/international\/tunisie-74-migrants-clandestins-sauves-marin-pecheur-au-large-zarzis\/184350\/#primaryimage","url":"https:\/\/www.webdo.tn\/fr\/wp-content\/uploads\/2025\/06\/Des-migrants-tunisiens-clandestins_184350.jpg","contentUrl":"https:\/\/www.webdo.tn\/fr\/wp-content\/uploads\/2025\/06\/Des-migrants-tunisiens-clandestins_184350.jpg","width":359,"height":269,"caption":"74 migrants clandestins sauv\u00e9s par un marin-p\u00eacheur au large de Zarzis"},{"@type":"BreadcrumbList","@id":"https:\/\/www.webdo.tn\/fr\/actualite\/international\/tunisie-74-migrants-clandestins-sauves-marin-pecheur-au-large-zarzis\/184350\/#breadcrumb","itemListElement":[{"@type":"ListItem","position":1,"name":"Accueil","item":"https:\/\/www.webdo.tn\/fr\/"},{"@type":"ListItem","position":2,"name":"74 migrants clandestins sauv\u00e9s par un marin-p\u00eacheur au large de Zarzis"}]},{"@type":"WebSite","@id":"https:\/\/www.webdo.tn\/fr\/#website","url":"https:\/\/www.webdo.tn\/fr\/","name":"webdo","description":"Tunisie - News en Tunisie et \u00e0 l&#039;international sur Webdo.tn","publisher":{"@id":"https:\/\/www.webdo.tn\/fr\/#organization"},"potentialAction":[{"@type":"SearchAction","target":{"@type":"EntryPoint","urlTemplate":"https:\/\/www.webdo.tn\/fr\/?s={search_term_string}"},"query-input":{"@type":"PropertyValueSpecification","valueRequired":true,"valueName":"search_term_string"}}],"inLanguage":"fr-FR"},{"@type":"Organization","@id":"https:\/\/www.webdo.tn\/fr\/#organization","name":"Webdo","alternateName":"Webdo.tn","url":"https:\/\/www.webdo.tn\/fr\/","logo":{"@type":"ImageObject","inLanguage":"fr-FR","@id":"https:\/\/www.webdo.tn\/fr\/#\/schema\/logo\/image\/","url":"https:\/\/www.webdo.tn\/fr\/wp-content\/uploads\/2025\/06\/Webdo-Tunisie_168377.jpg","contentUrl":"https:\/\/www.webdo.tn\/fr\/wp-content\/uploads\/2025\/06\/Webdo-Tunisie_168377.jpg","width":301,"height":301,"caption":"Webdo"},"image":{"@id":"https:\/\/www.webdo.tn\/fr\/#\/schema\/logo\/image\/"},"sameAs":["https:\/\/www.facebook.com\/webdotn","https:\/\/x.com\/webdo_tn"],"description":"Webdo est un m\u00e9dia num\u00e9rique tunisien fond\u00e9 en 2010, sp\u00e9cialis\u00e9 dans l\u2019actualit\u00e9 nationale et internationale, l\u2019\u00e9conomie, la soci\u00e9t\u00e9 et les analyses politiques. Le site s\u2019adresse \u00e0 un large public francophone et couvre l\u2019information tunisienne en temps r\u00e9el.","email":"redac@webdo.tn","legalName":"YNJ SARL","foundingDate":"2010-09-06","numberOfEmployees":{"@type":"QuantitativeValue","minValue":"11","maxValue":"50"}},{"@type":"Person","@id":"https:\/\/www.webdo.tn\/fr\/#\/schema\/person\/9a9c6118d687c117df8ef3cc36a4d175","name":"webdo.tn","image":{"@type":"ImageObject","inLanguage":"fr-FR","@id":"https:\/\/secure.gravatar.com\/avatar\/7ce1f28c0c3bbac99ff550b85ef8e44a6950c6ee24514fb6a5489e51d06f0298?s=96&d=mm&r=g","url":"https:\/\/secure.gravatar.com\/avatar\/7ce1f28c0c3bbac99ff550b85ef8e44a6950c6ee24514fb6a5489e51d06f0298?s=96&d=mm&r=g","contentUrl":"https:\/\/secure.gravatar.com\/avatar\/7ce1f28c0c3bbac99ff550b85ef8e44a6950c6ee24514fb6a5489e51d06f0298?s=96&d=mm&r=g","caption":"webdo.tn"},"url":"https:\/\/www.webdo.tn\/fr\/actualite\/author\/webdotn\/"}]}},"_links":{"self":[{"href":"https:\/\/www.webdo.tn\/fr\/wp-json\/wp\/v2\/posts\/184350","targetHints":{"allow":["GET"]}}],"collection":[{"href":"https:\/\/www.webdo.tn\/fr\/wp-json\/wp\/v2\/posts"}],"about":[{"href":"https:\/\/www.webdo.tn\/fr\/wp-json\/wp\/v2\/types\/post"}],"author":[{"embeddable":true,"href":"https:\/\/www.webdo.tn\/fr\/wp-json\/wp\/v2\/users\/3222"}],"replies":[{"embeddable":true,"href":"https:\/\/www.webdo.tn\/fr\/wp-json\/wp\/v2\/comments?post=184350"}],"version-history":[{"count":0,"href":"https:\/\/www.webdo.tn\/fr\/wp-json\/wp\/v2\/posts\/184350\/revisions"}],"wp:featuredmedia":[{"embeddable":true,"href":"https:\/\/www.webdo.tn\/fr\/wp-json\/wp\/v2\/media\/373634"}],"wp:attachment":[{"href":"https:\/\/www.webdo.tn\/fr\/wp-json\/wp\/v2\/media?parent=184350"}],"wp:term":[{"taxonomy":"category","embeddable":true,"href":"https:\/\/www.webdo.tn\/fr\/wp-json\/wp\/v2\/categories?post=184350"},{"taxonomy":"post_tag","embeddable":true,"href":"https:\/\/www.webdo.tn\/fr\/wp-json\/wp\/v2\/tags?post=184350"}],"curies":[{"name":"wp","href":"https:\/\/api.w.org\/{rel}","templated":true}]}}