{"id":184348,"date":"2014-08-24T14:19:00","date_gmt":"2014-08-24T14:19:00","guid":{"rendered":"https:\/\/www.webdo.tn\/fr\/blog\/video-grande-bretagne-des-imams-sunnites-et-chiites-unis-contre-les-crimes-de-daech\/184348\/"},"modified":"2025-05-22T13:06:14","modified_gmt":"2025-05-22T13:06:14","slug":"video-grande-bretagne-des-imams-sunnites-et-chiites-unis-contre-les-crimes-de-daech","status":"publish","type":"post","link":"https:\/\/www.webdo.tn\/fr\/actualite\/international\/video-grande-bretagne-des-imams-sunnites-et-chiites-unis-contre-les-crimes-de-daech\/184348\/","title":{"rendered":"Grande-Bretagne : Des imams sunnites et chiites unis contre les crimes de Daech"},"content":{"rendered":"<p>Des imams et pr\u00eacheurs sunnites et chiites en Grande-Bretagne ont publi\u00e9\u00a0 plusieurs vid\u00e9os sur leur chaine youtube, \u00ab\u00a0Imams online\u00a0\u00bb, pour condamner les crimes de l\u2019\u00c9tat islamique (EI \/ Daech) qui cr\u00e9e l&rsquo;amalgame avec la religion musulmane. L&rsquo;un des acteurs de cette campagne,\u00a0 Maulana Chahid Raza, qualifie l&rsquo;EI d&rsquo;organisation terroriste, d&rsquo;autres condamnent fermement les actes d&rsquo;Al Baghdadi et de ses \u00a0\u00bbsuiveurs\u00a0\u00bb.<\/p>\n<p>Le cheikh Ibrahim Mogra, qui se d\u00e9finit comme un musulman et citoyen britannique du Royaume Uni, affirme qu'\u00a0\u00bbil est extr\u00eamement important , en tant que communaut\u00e9 musulmane diverse, de rester unie\u00a0\u00bb, indiquant que \u00ab\u00a0ces \u00e9preuves et menaces concernent tous les musulmans.\u00a0\u00bb \u00ab\u00a0En tant que Oumma, il est important de ne pas c\u00e9der au sectarisme contraire aux pr\u00e9ceptes coraniques,\u00a0\u00bb d\u00e9clare-t-il.<\/p>\n<p>Un autre imam, Ayatollah Sayed Fazel Milani, insiste sur l&rsquo;importance des opinions diverses, sans tomber dans la violence et la fitna.<\/p>\n<p>Appel de 100 imams pour ne pas \u00eatre corrompus par les messages de Daech<\/p>\n<p>L&rsquo;atrocit\u00e9 des crimes, diffus\u00e9s en images et en vid\u00e9os, circulant sur internet, o\u00f9 on voit les partisans de Daech bafouer toutes les r\u00e8gles islamiques, a choqu\u00e9 une grande partie de la communaut\u00e9 musulmane, notamment parce que ceux qui les ex\u00e9cutent parlent au nom de l&rsquo;Islam.<\/p>\n<p>Cependant, certains musulmans continuent \u00e0 \u00ab\u00a0saluer\u00a0\u00bb ces actes, appelant \u00e0 soutenir les djihadistes, en Irak et en Syrie, par l&rsquo;argent, le sang et la pri\u00e8re.<\/p>\n<p>Pour faire face \u00e0 cette confusion, cent imams ont appel\u00e9 les musulmans en Grande Bretagne \u00e0 ne pas \u00eatre corrompus par les appels de Daech et \u00e0 ne pas voyager en Irak et en Syrie.<\/p>\n<p>Pr\u00e8s de 500.000 Irakiens ont \u00e9t\u00e9 forc\u00e9s de fuir leurs maisons en raison des affrontements dans le Nord de l&rsquo;Irak d&rsquo;apr\u00e8s les Nations Unies.<\/p>\n","protected":false},"excerpt":{"rendered":"<p>Grande-Bretagne : Des imams sunnites et chiites unis contre les crimes de Daech  <\/p>\n","protected":false},"author":3222,"featured_media":320551,"comment_status":"open","ping_status":"closed","sticky":false,"template":"","format":"standard","meta":{"footnotes":""},"categories":[2598],"tags":[],"class_list":["post-184348","post","type-post","status-publish","format-standard","has-post-thumbnail","hentry","category-international"],"yoast_head":"<!-- This site is optimized with the Yoast SEO Premium plugin v27.5 (Yoast SEO v27.5) - https:\/\/yoast.com\/product\/yoast-seo-premium-wordpress\/ -->\n<title>Grande-Bretagne : Des imams sunnites et chiites unis contre les crimes de Daech<\/title>\n<meta name=\"description\" content=\"Grande-Bretagne : Des imams sunnites et chiites unis contre les crimes de Daech\" \/>\n<link rel=\"canonical\" href=\"https:\/\/www.webdo.tn\/fr\/actualite\/international\/video-grande-bretagne-des-imams-sunnites-et-chiites-unis-contre-les-crimes-de-daech\/184348\/\" \/>\n<meta property=\"og:locale\" content=\"fr_FR\" \/>\n<meta property=\"og:type\" content=\"article\" \/>\n<meta property=\"og:title\" content=\"Grande-Bretagne : Des imams sunnites et chiites unis contre les crimes de Daech\" \/>\n<meta property=\"og:description\" content=\"Grande-Bretagne : Des imams sunnites et chiites unis contre les crimes de Daech\" \/>\n<meta property=\"og:url\" content=\"https:\/\/www.webdo.tn\/fr\/actualite\/international\/video-grande-bretagne-des-imams-sunnites-et-chiites-unis-contre-les-crimes-de-daech\/184348\/\" \/>\n<meta property=\"og:site_name\" content=\"webdo\" \/>\n<meta property=\"article:publisher\" content=\"https:\/\/www.facebook.com\/webdotn\" \/>\n<meta property=\"article:published_time\" content=\"2014-08-24T14:19:00+00:00\" \/>\n<meta property=\"article:modified_time\" content=\"2025-05-22T13:06:14+00:00\" \/>\n<meta property=\"og:image\" content=\"https:\/\/www.webdo.tn\/fr\/wp-content\/uploads\/2014\/08\/Imams-UK.jpg\" \/>\n\t<meta property=\"og:image:width\" content=\"467\" \/>\n\t<meta property=\"og:image:height\" content=\"246\" \/>\n\t<meta property=\"og:image:type\" content=\"image\/jpeg\" \/>\n<meta name=\"author\" content=\"webdo.tn\" \/>\n<meta name=\"twitter:card\" content=\"summary_large_image\" \/>\n<meta name=\"twitter:creator\" content=\"@webdo_tn\" \/>\n<meta name=\"twitter:site\" content=\"@webdo_tn\" \/>\n<meta name=\"twitter:label1\" content=\"\u00c9crit par\" \/>\n\t<meta name=\"twitter:data1\" content=\"webdo.tn\" \/>\n\t<meta name=\"twitter:label2\" content=\"Dur\u00e9e de lecture estim\u00e9e\" \/>\n\t<meta name=\"twitter:data2\" content=\"1 minute\" \/>\n<script type=\"application\/ld+json\" class=\"yoast-schema-graph\">{\"@context\":\"https:\\\/\\\/schema.org\",\"@graph\":[{\"@type\":\"NewsArticle\",\"@id\":\"https:\\\/\\\/www.webdo.tn\\\/fr\\\/actualite\\\/international\\\/video-grande-bretagne-des-imams-sunnites-et-chiites-unis-contre-les-crimes-de-daech\\\/184348\\\/#article\",\"isPartOf\":{\"@id\":\"https:\\\/\\\/www.webdo.tn\\\/fr\\\/actualite\\\/international\\\/video-grande-bretagne-des-imams-sunnites-et-chiites-unis-contre-les-crimes-de-daech\\\/184348\\\/\"},\"author\":{\"name\":\"webdo.tn\",\"@id\":\"https:\\\/\\\/www.webdo.tn\\\/fr\\\/#\\\/schema\\\/person\\\/9a9c6118d687c117df8ef3cc36a4d175\"},\"headline\":\"Grande-Bretagne : Des imams sunnites et chiites unis contre les crimes de Daech\",\"datePublished\":\"2014-08-24T14:19:00+00:00\",\"dateModified\":\"2025-05-22T13:06:14+00:00\",\"mainEntityOfPage\":{\"@id\":\"https:\\\/\\\/www.webdo.tn\\\/fr\\\/actualite\\\/international\\\/video-grande-bretagne-des-imams-sunnites-et-chiites-unis-contre-les-crimes-de-daech\\\/184348\\\/\"},\"wordCount\":316,\"commentCount\":0,\"publisher\":{\"@id\":\"https:\\\/\\\/www.webdo.tn\\\/fr\\\/#organization\"},\"image\":{\"@id\":\"https:\\\/\\\/www.webdo.tn\\\/fr\\\/actualite\\\/international\\\/video-grande-bretagne-des-imams-sunnites-et-chiites-unis-contre-les-crimes-de-daech\\\/184348\\\/#primaryimage\"},\"thumbnailUrl\":\"https:\\\/\\\/www.webdo.tn\\\/fr\\\/wp-content\\\/uploads\\\/2014\\\/08\\\/Imams-UK.jpg\",\"articleSection\":[\"International\"],\"inLanguage\":\"fr-FR\"},{\"@type\":\"WebPage\",\"@id\":\"https:\\\/\\\/www.webdo.tn\\\/fr\\\/actualite\\\/international\\\/video-grande-bretagne-des-imams-sunnites-et-chiites-unis-contre-les-crimes-de-daech\\\/184348\\\/\",\"url\":\"https:\\\/\\\/www.webdo.tn\\\/fr\\\/actualite\\\/international\\\/video-grande-bretagne-des-imams-sunnites-et-chiites-unis-contre-les-crimes-de-daech\\\/184348\\\/\",\"name\":\"Grande-Bretagne : Des imams sunnites et chiites unis contre les crimes de Daech\",\"isPartOf\":{\"@id\":\"https:\\\/\\\/www.webdo.tn\\\/fr\\\/#website\"},\"primaryImageOfPage\":{\"@id\":\"https:\\\/\\\/www.webdo.tn\\\/fr\\\/actualite\\\/international\\\/video-grande-bretagne-des-imams-sunnites-et-chiites-unis-contre-les-crimes-de-daech\\\/184348\\\/#primaryimage\"},\"image\":{\"@id\":\"https:\\\/\\\/www.webdo.tn\\\/fr\\\/actualite\\\/international\\\/video-grande-bretagne-des-imams-sunnites-et-chiites-unis-contre-les-crimes-de-daech\\\/184348\\\/#primaryimage\"},\"thumbnailUrl\":\"https:\\\/\\\/www.webdo.tn\\\/fr\\\/wp-content\\\/uploads\\\/2014\\\/08\\\/Imams-UK.jpg\",\"datePublished\":\"2014-08-24T14:19:00+00:00\",\"dateModified\":\"2025-05-22T13:06:14+00:00\",\"description\":\"Grande-Bretagne : Des imams sunnites et chiites unis contre les crimes de Daech\",\"breadcrumb\":{\"@id\":\"https:\\\/\\\/www.webdo.tn\\\/fr\\\/actualite\\\/international\\\/video-grande-bretagne-des-imams-sunnites-et-chiites-unis-contre-les-crimes-de-daech\\\/184348\\\/#breadcrumb\"},\"inLanguage\":\"fr-FR\",\"potentialAction\":[{\"@type\":\"ReadAction\",\"target\":[\"https:\\\/\\\/www.webdo.tn\\\/fr\\\/actualite\\\/international\\\/video-grande-bretagne-des-imams-sunnites-et-chiites-unis-contre-les-crimes-de-daech\\\/184348\\\/\"]}]},{\"@type\":\"ImageObject\",\"inLanguage\":\"fr-FR\",\"@id\":\"https:\\\/\\\/www.webdo.tn\\\/fr\\\/actualite\\\/international\\\/video-grande-bretagne-des-imams-sunnites-et-chiites-unis-contre-les-crimes-de-daech\\\/184348\\\/#primaryimage\",\"url\":\"https:\\\/\\\/www.webdo.tn\\\/fr\\\/wp-content\\\/uploads\\\/2014\\\/08\\\/Imams-UK.jpg\",\"contentUrl\":\"https:\\\/\\\/www.webdo.tn\\\/fr\\\/wp-content\\\/uploads\\\/2014\\\/08\\\/Imams-UK.jpg\",\"width\":467,\"height\":246,\"caption\":\"Grande-Bretagne : Des imams sunnites et chiites unis contre les crimes de Daech\"},{\"@type\":\"BreadcrumbList\",\"@id\":\"https:\\\/\\\/www.webdo.tn\\\/fr\\\/actualite\\\/international\\\/video-grande-bretagne-des-imams-sunnites-et-chiites-unis-contre-les-crimes-de-daech\\\/184348\\\/#breadcrumb\",\"itemListElement\":[{\"@type\":\"ListItem\",\"position\":1,\"name\":\"Accueil\",\"item\":\"https:\\\/\\\/www.webdo.tn\\\/fr\\\/\"},{\"@type\":\"ListItem\",\"position\":2,\"name\":\"Grande-Bretagne : Des imams sunnites et chiites unis contre les crimes de Daech\"}]},{\"@type\":\"WebSite\",\"@id\":\"https:\\\/\\\/www.webdo.tn\\\/fr\\\/#website\",\"url\":\"https:\\\/\\\/www.webdo.tn\\\/fr\\\/\",\"name\":\"webdo\",\"description\":\"Tunisie - News en Tunisie et \u00e0 l&#039;international sur Webdo.tn\",\"publisher\":{\"@id\":\"https:\\\/\\\/www.webdo.tn\\\/fr\\\/#organization\"},\"potentialAction\":[{\"@type\":\"SearchAction\",\"target\":{\"@type\":\"EntryPoint\",\"urlTemplate\":\"https:\\\/\\\/www.webdo.tn\\\/fr\\\/?s={search_term_string}\"},\"query-input\":{\"@type\":\"PropertyValueSpecification\",\"valueRequired\":true,\"valueName\":\"search_term_string\"}}],\"inLanguage\":\"fr-FR\"},{\"@type\":\"Organization\",\"@id\":\"https:\\\/\\\/www.webdo.tn\\\/fr\\\/#organization\",\"name\":\"Webdo\",\"alternateName\":\"Webdo.tn\",\"url\":\"https:\\\/\\\/www.webdo.tn\\\/fr\\\/\",\"logo\":{\"@type\":\"ImageObject\",\"inLanguage\":\"fr-FR\",\"@id\":\"https:\\\/\\\/www.webdo.tn\\\/fr\\\/#\\\/schema\\\/logo\\\/image\\\/\",\"url\":\"https:\\\/\\\/www.webdo.tn\\\/fr\\\/wp-content\\\/uploads\\\/2025\\\/06\\\/Webdo-Tunisie_168377.jpg\",\"contentUrl\":\"https:\\\/\\\/www.webdo.tn\\\/fr\\\/wp-content\\\/uploads\\\/2025\\\/06\\\/Webdo-Tunisie_168377.jpg\",\"width\":301,\"height\":301,\"caption\":\"Webdo\"},\"image\":{\"@id\":\"https:\\\/\\\/www.webdo.tn\\\/fr\\\/#\\\/schema\\\/logo\\\/image\\\/\"},\"sameAs\":[\"https:\\\/\\\/www.facebook.com\\\/webdotn\",\"https:\\\/\\\/x.com\\\/webdo_tn\"],\"description\":\"Webdo est un m\u00e9dia num\u00e9rique tunisien fond\u00e9 en 2010, sp\u00e9cialis\u00e9 dans l\u2019actualit\u00e9 nationale et internationale, l\u2019\u00e9conomie, la soci\u00e9t\u00e9 et les analyses politiques. Le site s\u2019adresse \u00e0 un large public francophone et couvre l\u2019information tunisienne en temps r\u00e9el.\",\"email\":\"redac@webdo.tn\",\"legalName\":\"YNJ SARL\",\"foundingDate\":\"2010-09-06\",\"numberOfEmployees\":{\"@type\":\"QuantitativeValue\",\"minValue\":\"11\",\"maxValue\":\"50\"}},{\"@type\":\"Person\",\"@id\":\"https:\\\/\\\/www.webdo.tn\\\/fr\\\/#\\\/schema\\\/person\\\/9a9c6118d687c117df8ef3cc36a4d175\",\"name\":\"webdo.tn\",\"image\":{\"@type\":\"ImageObject\",\"inLanguage\":\"fr-FR\",\"@id\":\"https:\\\/\\\/secure.gravatar.com\\\/avatar\\\/7ce1f28c0c3bbac99ff550b85ef8e44a6950c6ee24514fb6a5489e51d06f0298?s=96&d=mm&r=g\",\"url\":\"https:\\\/\\\/secure.gravatar.com\\\/avatar\\\/7ce1f28c0c3bbac99ff550b85ef8e44a6950c6ee24514fb6a5489e51d06f0298?s=96&d=mm&r=g\",\"contentUrl\":\"https:\\\/\\\/secure.gravatar.com\\\/avatar\\\/7ce1f28c0c3bbac99ff550b85ef8e44a6950c6ee24514fb6a5489e51d06f0298?s=96&d=mm&r=g\",\"caption\":\"webdo.tn\"},\"url\":\"https:\\\/\\\/www.webdo.tn\\\/fr\\\/actualite\\\/author\\\/webdotn\\\/\"}]}<\/script>\n<!-- \/ Yoast SEO Premium plugin. -->","yoast_head_json":{"title":"Grande-Bretagne : Des imams sunnites et chiites unis contre les crimes de Daech","description":"Grande-Bretagne : Des imams sunnites et chiites unis contre les crimes de Daech","canonical":"https:\/\/www.webdo.tn\/fr\/actualite\/international\/video-grande-bretagne-des-imams-sunnites-et-chiites-unis-contre-les-crimes-de-daech\/184348\/","og_locale":"fr_FR","og_type":"article","og_title":"Grande-Bretagne : Des imams sunnites et chiites unis contre les crimes de Daech","og_description":"Grande-Bretagne : Des imams sunnites et chiites unis contre les crimes de Daech","og_url":"https:\/\/www.webdo.tn\/fr\/actualite\/international\/video-grande-bretagne-des-imams-sunnites-et-chiites-unis-contre-les-crimes-de-daech\/184348\/","og_site_name":"webdo","article_publisher":"https:\/\/www.facebook.com\/webdotn","article_published_time":"2014-08-24T14:19:00+00:00","article_modified_time":"2025-05-22T13:06:14+00:00","og_image":[{"width":467,"height":246,"url":"https:\/\/www.webdo.tn\/fr\/wp-content\/uploads\/2014\/08\/Imams-UK.jpg","type":"image\/jpeg"}],"author":"webdo.tn","twitter_card":"summary_large_image","twitter_creator":"@webdo_tn","twitter_site":"@webdo_tn","twitter_misc":{"\u00c9crit par":"webdo.tn","Dur\u00e9e de lecture estim\u00e9e":"1 minute"},"schema":{"@context":"https:\/\/schema.org","@graph":[{"@type":"NewsArticle","@id":"https:\/\/www.webdo.tn\/fr\/actualite\/international\/video-grande-bretagne-des-imams-sunnites-et-chiites-unis-contre-les-crimes-de-daech\/184348\/#article","isPartOf":{"@id":"https:\/\/www.webdo.tn\/fr\/actualite\/international\/video-grande-bretagne-des-imams-sunnites-et-chiites-unis-contre-les-crimes-de-daech\/184348\/"},"author":{"name":"webdo.tn","@id":"https:\/\/www.webdo.tn\/fr\/#\/schema\/person\/9a9c6118d687c117df8ef3cc36a4d175"},"headline":"Grande-Bretagne : Des imams sunnites et chiites unis contre les crimes de Daech","datePublished":"2014-08-24T14:19:00+00:00","dateModified":"2025-05-22T13:06:14+00:00","mainEntityOfPage":{"@id":"https:\/\/www.webdo.tn\/fr\/actualite\/international\/video-grande-bretagne-des-imams-sunnites-et-chiites-unis-contre-les-crimes-de-daech\/184348\/"},"wordCount":316,"commentCount":0,"publisher":{"@id":"https:\/\/www.webdo.tn\/fr\/#organization"},"image":{"@id":"https:\/\/www.webdo.tn\/fr\/actualite\/international\/video-grande-bretagne-des-imams-sunnites-et-chiites-unis-contre-les-crimes-de-daech\/184348\/#primaryimage"},"thumbnailUrl":"https:\/\/www.webdo.tn\/fr\/wp-content\/uploads\/2014\/08\/Imams-UK.jpg","articleSection":["International"],"inLanguage":"fr-FR"},{"@type":"WebPage","@id":"https:\/\/www.webdo.tn\/fr\/actualite\/international\/video-grande-bretagne-des-imams-sunnites-et-chiites-unis-contre-les-crimes-de-daech\/184348\/","url":"https:\/\/www.webdo.tn\/fr\/actualite\/international\/video-grande-bretagne-des-imams-sunnites-et-chiites-unis-contre-les-crimes-de-daech\/184348\/","name":"Grande-Bretagne : Des imams sunnites et chiites unis contre les crimes de Daech","isPartOf":{"@id":"https:\/\/www.webdo.tn\/fr\/#website"},"primaryImageOfPage":{"@id":"https:\/\/www.webdo.tn\/fr\/actualite\/international\/video-grande-bretagne-des-imams-sunnites-et-chiites-unis-contre-les-crimes-de-daech\/184348\/#primaryimage"},"image":{"@id":"https:\/\/www.webdo.tn\/fr\/actualite\/international\/video-grande-bretagne-des-imams-sunnites-et-chiites-unis-contre-les-crimes-de-daech\/184348\/#primaryimage"},"thumbnailUrl":"https:\/\/www.webdo.tn\/fr\/wp-content\/uploads\/2014\/08\/Imams-UK.jpg","datePublished":"2014-08-24T14:19:00+00:00","dateModified":"2025-05-22T13:06:14+00:00","description":"Grande-Bretagne : Des imams sunnites et chiites unis contre les crimes de Daech","breadcrumb":{"@id":"https:\/\/www.webdo.tn\/fr\/actualite\/international\/video-grande-bretagne-des-imams-sunnites-et-chiites-unis-contre-les-crimes-de-daech\/184348\/#breadcrumb"},"inLanguage":"fr-FR","potentialAction":[{"@type":"ReadAction","target":["https:\/\/www.webdo.tn\/fr\/actualite\/international\/video-grande-bretagne-des-imams-sunnites-et-chiites-unis-contre-les-crimes-de-daech\/184348\/"]}]},{"@type":"ImageObject","inLanguage":"fr-FR","@id":"https:\/\/www.webdo.tn\/fr\/actualite\/international\/video-grande-bretagne-des-imams-sunnites-et-chiites-unis-contre-les-crimes-de-daech\/184348\/#primaryimage","url":"https:\/\/www.webdo.tn\/fr\/wp-content\/uploads\/2014\/08\/Imams-UK.jpg","contentUrl":"https:\/\/www.webdo.tn\/fr\/wp-content\/uploads\/2014\/08\/Imams-UK.jpg","width":467,"height":246,"caption":"Grande-Bretagne : Des imams sunnites et chiites unis contre les crimes de Daech"},{"@type":"BreadcrumbList","@id":"https:\/\/www.webdo.tn\/fr\/actualite\/international\/video-grande-bretagne-des-imams-sunnites-et-chiites-unis-contre-les-crimes-de-daech\/184348\/#breadcrumb","itemListElement":[{"@type":"ListItem","position":1,"name":"Accueil","item":"https:\/\/www.webdo.tn\/fr\/"},{"@type":"ListItem","position":2,"name":"Grande-Bretagne : Des imams sunnites et chiites unis contre les crimes de Daech"}]},{"@type":"WebSite","@id":"https:\/\/www.webdo.tn\/fr\/#website","url":"https:\/\/www.webdo.tn\/fr\/","name":"webdo","description":"Tunisie - News en Tunisie et \u00e0 l&#039;international sur Webdo.tn","publisher":{"@id":"https:\/\/www.webdo.tn\/fr\/#organization"},"potentialAction":[{"@type":"SearchAction","target":{"@type":"EntryPoint","urlTemplate":"https:\/\/www.webdo.tn\/fr\/?s={search_term_string}"},"query-input":{"@type":"PropertyValueSpecification","valueRequired":true,"valueName":"search_term_string"}}],"inLanguage":"fr-FR"},{"@type":"Organization","@id":"https:\/\/www.webdo.tn\/fr\/#organization","name":"Webdo","alternateName":"Webdo.tn","url":"https:\/\/www.webdo.tn\/fr\/","logo":{"@type":"ImageObject","inLanguage":"fr-FR","@id":"https:\/\/www.webdo.tn\/fr\/#\/schema\/logo\/image\/","url":"https:\/\/www.webdo.tn\/fr\/wp-content\/uploads\/2025\/06\/Webdo-Tunisie_168377.jpg","contentUrl":"https:\/\/www.webdo.tn\/fr\/wp-content\/uploads\/2025\/06\/Webdo-Tunisie_168377.jpg","width":301,"height":301,"caption":"Webdo"},"image":{"@id":"https:\/\/www.webdo.tn\/fr\/#\/schema\/logo\/image\/"},"sameAs":["https:\/\/www.facebook.com\/webdotn","https:\/\/x.com\/webdo_tn"],"description":"Webdo est un m\u00e9dia num\u00e9rique tunisien fond\u00e9 en 2010, sp\u00e9cialis\u00e9 dans l\u2019actualit\u00e9 nationale et internationale, l\u2019\u00e9conomie, la soci\u00e9t\u00e9 et les analyses politiques. Le site s\u2019adresse \u00e0 un large public francophone et couvre l\u2019information tunisienne en temps r\u00e9el.","email":"redac@webdo.tn","legalName":"YNJ SARL","foundingDate":"2010-09-06","numberOfEmployees":{"@type":"QuantitativeValue","minValue":"11","maxValue":"50"}},{"@type":"Person","@id":"https:\/\/www.webdo.tn\/fr\/#\/schema\/person\/9a9c6118d687c117df8ef3cc36a4d175","name":"webdo.tn","image":{"@type":"ImageObject","inLanguage":"fr-FR","@id":"https:\/\/secure.gravatar.com\/avatar\/7ce1f28c0c3bbac99ff550b85ef8e44a6950c6ee24514fb6a5489e51d06f0298?s=96&d=mm&r=g","url":"https:\/\/secure.gravatar.com\/avatar\/7ce1f28c0c3bbac99ff550b85ef8e44a6950c6ee24514fb6a5489e51d06f0298?s=96&d=mm&r=g","contentUrl":"https:\/\/secure.gravatar.com\/avatar\/7ce1f28c0c3bbac99ff550b85ef8e44a6950c6ee24514fb6a5489e51d06f0298?s=96&d=mm&r=g","caption":"webdo.tn"},"url":"https:\/\/www.webdo.tn\/fr\/actualite\/author\/webdotn\/"}]}},"_links":{"self":[{"href":"https:\/\/www.webdo.tn\/fr\/wp-json\/wp\/v2\/posts\/184348","targetHints":{"allow":["GET"]}}],"collection":[{"href":"https:\/\/www.webdo.tn\/fr\/wp-json\/wp\/v2\/posts"}],"about":[{"href":"https:\/\/www.webdo.tn\/fr\/wp-json\/wp\/v2\/types\/post"}],"author":[{"embeddable":true,"href":"https:\/\/www.webdo.tn\/fr\/wp-json\/wp\/v2\/users\/3222"}],"replies":[{"embeddable":true,"href":"https:\/\/www.webdo.tn\/fr\/wp-json\/wp\/v2\/comments?post=184348"}],"version-history":[{"count":0,"href":"https:\/\/www.webdo.tn\/fr\/wp-json\/wp\/v2\/posts\/184348\/revisions"}],"wp:featuredmedia":[{"embeddable":true,"href":"https:\/\/www.webdo.tn\/fr\/wp-json\/wp\/v2\/media\/320551"}],"wp:attachment":[{"href":"https:\/\/www.webdo.tn\/fr\/wp-json\/wp\/v2\/media?parent=184348"}],"wp:term":[{"taxonomy":"category","embeddable":true,"href":"https:\/\/www.webdo.tn\/fr\/wp-json\/wp\/v2\/categories?post=184348"},{"taxonomy":"post_tag","embeddable":true,"href":"https:\/\/www.webdo.tn\/fr\/wp-json\/wp\/v2\/tags?post=184348"}],"curies":[{"name":"wp","href":"https:\/\/api.w.org\/{rel}","templated":true}]}}