{"id":184347,"date":"2014-08-25T12:13:00","date_gmt":"2014-08-25T12:13:00","guid":{"rendered":"https:\/\/www.webdo.tn\/fr\/blog\/leiil-accuse-de-nettoyage-ethnique-et-religieux-par-lonu\/184347\/"},"modified":"2025-05-22T13:06:09","modified_gmt":"2025-05-22T13:06:09","slug":"leiil-accuse-de-nettoyage-ethnique-et-religieux-par-lonu","status":"publish","type":"post","link":"https:\/\/www.webdo.tn\/fr\/actualite\/international\/leiil-accuse-de-nettoyage-ethnique-et-religieux-par-lonu\/184347\/","title":{"rendered":"L&rsquo;EIIL accus\u00e9 de \u00ab\u00a0nettoyage ethnique et religieux\u00a0\u00bb par l&rsquo;ONU"},"content":{"rendered":"<p>Navi Pillay, la Haut-Commissaire de l&rsquo;ONU aux droits de l&rsquo;Homme, a condamn\u00e9 et accus\u00e9, ce lundi 25 ao\u00fbt, les jihadistes de l&rsquo;Etat islamique en Irak et au Levant (EIIL) de mener un \u00ab\u00a0nettoyage ethnique et religieux\u00a0\u00bb en Irak.<\/p>\n<p>Dans un communiqu\u00e9, Navi Pillay, a \u00e9galement appel\u00e9 \u00e0 juger les responsables des \u00e9ventuels crimes contre l&rsquo;humanit\u00e9.<\/p>\n<p>\u00ab\u00a0De graves et horribles violations des droits de l&rsquo;Homme sont commises chaque jour par l\u2019EIIL contre des hommes, femmes et enfants selon leur appartenance ethnique ou religieuse et m\u00e8nent impitoyablement un nettoyage ethnique et religieux dans les r\u00e9gions sous leur contr\u00f4le\u00a0\u00bb, a notamment d\u00e9clar\u00e9 Mme Pillay, dans ce communiqu\u00e9.<\/p>\n<p>[Br\u00e8ve&#8230;]<\/p>\n","protected":false},"excerpt":{"rendered":"<p>L&rsquo;EIIL accus\u00e9 de  nettoyage ethnique et religieux  par l&rsquo;ONU<\/p>\n","protected":false},"author":3222,"featured_media":320526,"comment_status":"open","ping_status":"closed","sticky":false,"template":"","format":"standard","meta":{"footnotes":""},"categories":[2598],"tags":[],"class_list":["post-184347","post","type-post","status-publish","format-standard","has-post-thumbnail","hentry","category-international"],"yoast_head":"<!-- This site is optimized with the Yoast SEO Premium plugin v27.5 (Yoast SEO v27.5) - https:\/\/yoast.com\/product\/yoast-seo-premium-wordpress\/ -->\n<title>L&#039;EIIL accus\u00e9 de nettoyage ethnique et religieux par l&#039;ONU<\/title>\n<meta name=\"description\" content=\"L&#039;EIIL accus\u00e9 de nettoyage ethnique et religieux par l&#039;ONU\" \/>\n<link rel=\"canonical\" href=\"https:\/\/www.webdo.tn\/fr\/actualite\/international\/leiil-accuse-de-nettoyage-ethnique-et-religieux-par-lonu\/184347\/\" \/>\n<meta property=\"og:locale\" content=\"fr_FR\" \/>\n<meta property=\"og:type\" content=\"article\" \/>\n<meta property=\"og:title\" content=\"L&#039;EIIL accus\u00e9 de &quot;nettoyage ethnique et religieux&quot; par l&#039;ONU\" \/>\n<meta property=\"og:description\" content=\"L&#039;EIIL accus\u00e9 de nettoyage ethnique et religieux par l&#039;ONU\" \/>\n<meta property=\"og:url\" content=\"https:\/\/www.webdo.tn\/fr\/actualite\/international\/leiil-accuse-de-nettoyage-ethnique-et-religieux-par-lonu\/184347\/\" \/>\n<meta property=\"og:site_name\" content=\"webdo\" \/>\n<meta property=\"article:publisher\" content=\"https:\/\/www.facebook.com\/webdotn\" \/>\n<meta property=\"article:published_time\" content=\"2014-08-25T12:13:00+00:00\" \/>\n<meta property=\"article:modified_time\" content=\"2025-05-22T13:06:09+00:00\" \/>\n<meta property=\"og:image\" content=\"https:\/\/www.webdo.tn\/fr\/wp-content\/uploads\/2014\/08\/EIIL-prend-le-controle-de-Mossoul-ce-10-juin-2014.jpg\" \/>\n\t<meta property=\"og:image:width\" content=\"354\" \/>\n\t<meta property=\"og:image:height\" content=\"200\" \/>\n\t<meta property=\"og:image:type\" content=\"image\/jpeg\" \/>\n<meta name=\"author\" content=\"webdo.tn\" \/>\n<meta name=\"twitter:card\" content=\"summary_large_image\" \/>\n<meta name=\"twitter:creator\" content=\"@webdo_tn\" \/>\n<meta name=\"twitter:site\" content=\"@webdo_tn\" \/>\n<meta name=\"twitter:label1\" content=\"\u00c9crit par\" \/>\n\t<meta name=\"twitter:data1\" content=\"webdo.tn\" \/>\n\t<meta name=\"twitter:label2\" content=\"Dur\u00e9e de lecture estim\u00e9e\" \/>\n\t<meta name=\"twitter:data2\" content=\"1 minute\" \/>\n<script type=\"application\/ld+json\" class=\"yoast-schema-graph\">{\"@context\":\"https:\\\/\\\/schema.org\",\"@graph\":[{\"@type\":\"NewsArticle\",\"@id\":\"https:\\\/\\\/www.webdo.tn\\\/fr\\\/actualite\\\/international\\\/leiil-accuse-de-nettoyage-ethnique-et-religieux-par-lonu\\\/184347\\\/#article\",\"isPartOf\":{\"@id\":\"https:\\\/\\\/www.webdo.tn\\\/fr\\\/actualite\\\/international\\\/leiil-accuse-de-nettoyage-ethnique-et-religieux-par-lonu\\\/184347\\\/\"},\"author\":{\"name\":\"webdo.tn\",\"@id\":\"https:\\\/\\\/www.webdo.tn\\\/fr\\\/#\\\/schema\\\/person\\\/9a9c6118d687c117df8ef3cc36a4d175\"},\"headline\":\"L&rsquo;EIIL accus\u00e9 de \u00ab\u00a0nettoyage ethnique et religieux\u00a0\u00bb par l&rsquo;ONU\",\"datePublished\":\"2014-08-25T12:13:00+00:00\",\"dateModified\":\"2025-05-22T13:06:09+00:00\",\"mainEntityOfPage\":{\"@id\":\"https:\\\/\\\/www.webdo.tn\\\/fr\\\/actualite\\\/international\\\/leiil-accuse-de-nettoyage-ethnique-et-religieux-par-lonu\\\/184347\\\/\"},\"wordCount\":126,\"commentCount\":0,\"publisher\":{\"@id\":\"https:\\\/\\\/www.webdo.tn\\\/fr\\\/#organization\"},\"image\":{\"@id\":\"https:\\\/\\\/www.webdo.tn\\\/fr\\\/actualite\\\/international\\\/leiil-accuse-de-nettoyage-ethnique-et-religieux-par-lonu\\\/184347\\\/#primaryimage\"},\"thumbnailUrl\":\"https:\\\/\\\/www.webdo.tn\\\/fr\\\/wp-content\\\/uploads\\\/2014\\\/08\\\/EIIL-prend-le-controle-de-Mossoul-ce-10-juin-2014.jpg\",\"articleSection\":[\"International\"],\"inLanguage\":\"fr-FR\"},{\"@type\":\"WebPage\",\"@id\":\"https:\\\/\\\/www.webdo.tn\\\/fr\\\/actualite\\\/international\\\/leiil-accuse-de-nettoyage-ethnique-et-religieux-par-lonu\\\/184347\\\/\",\"url\":\"https:\\\/\\\/www.webdo.tn\\\/fr\\\/actualite\\\/international\\\/leiil-accuse-de-nettoyage-ethnique-et-religieux-par-lonu\\\/184347\\\/\",\"name\":\"L'EIIL accus\u00e9 de nettoyage ethnique et religieux par l'ONU\",\"isPartOf\":{\"@id\":\"https:\\\/\\\/www.webdo.tn\\\/fr\\\/#website\"},\"primaryImageOfPage\":{\"@id\":\"https:\\\/\\\/www.webdo.tn\\\/fr\\\/actualite\\\/international\\\/leiil-accuse-de-nettoyage-ethnique-et-religieux-par-lonu\\\/184347\\\/#primaryimage\"},\"image\":{\"@id\":\"https:\\\/\\\/www.webdo.tn\\\/fr\\\/actualite\\\/international\\\/leiil-accuse-de-nettoyage-ethnique-et-religieux-par-lonu\\\/184347\\\/#primaryimage\"},\"thumbnailUrl\":\"https:\\\/\\\/www.webdo.tn\\\/fr\\\/wp-content\\\/uploads\\\/2014\\\/08\\\/EIIL-prend-le-controle-de-Mossoul-ce-10-juin-2014.jpg\",\"datePublished\":\"2014-08-25T12:13:00+00:00\",\"dateModified\":\"2025-05-22T13:06:09+00:00\",\"description\":\"L'EIIL accus\u00e9 de nettoyage ethnique et religieux par l'ONU\",\"breadcrumb\":{\"@id\":\"https:\\\/\\\/www.webdo.tn\\\/fr\\\/actualite\\\/international\\\/leiil-accuse-de-nettoyage-ethnique-et-religieux-par-lonu\\\/184347\\\/#breadcrumb\"},\"inLanguage\":\"fr-FR\",\"potentialAction\":[{\"@type\":\"ReadAction\",\"target\":[\"https:\\\/\\\/www.webdo.tn\\\/fr\\\/actualite\\\/international\\\/leiil-accuse-de-nettoyage-ethnique-et-religieux-par-lonu\\\/184347\\\/\"]}]},{\"@type\":\"ImageObject\",\"inLanguage\":\"fr-FR\",\"@id\":\"https:\\\/\\\/www.webdo.tn\\\/fr\\\/actualite\\\/international\\\/leiil-accuse-de-nettoyage-ethnique-et-religieux-par-lonu\\\/184347\\\/#primaryimage\",\"url\":\"https:\\\/\\\/www.webdo.tn\\\/fr\\\/wp-content\\\/uploads\\\/2014\\\/08\\\/EIIL-prend-le-controle-de-Mossoul-ce-10-juin-2014.jpg\",\"contentUrl\":\"https:\\\/\\\/www.webdo.tn\\\/fr\\\/wp-content\\\/uploads\\\/2014\\\/08\\\/EIIL-prend-le-controle-de-Mossoul-ce-10-juin-2014.jpg\",\"width\":354,\"height\":200,\"caption\":\"L'EIIL accus\u00e9 de \\\"nettoyage ethnique et religieux\\\" par l'ONU\"},{\"@type\":\"BreadcrumbList\",\"@id\":\"https:\\\/\\\/www.webdo.tn\\\/fr\\\/actualite\\\/international\\\/leiil-accuse-de-nettoyage-ethnique-et-religieux-par-lonu\\\/184347\\\/#breadcrumb\",\"itemListElement\":[{\"@type\":\"ListItem\",\"position\":1,\"name\":\"Accueil\",\"item\":\"https:\\\/\\\/www.webdo.tn\\\/fr\\\/\"},{\"@type\":\"ListItem\",\"position\":2,\"name\":\"L&rsquo;EIIL accus\u00e9 de \u00ab\u00a0nettoyage ethnique et religieux\u00a0\u00bb par l&rsquo;ONU\"}]},{\"@type\":\"WebSite\",\"@id\":\"https:\\\/\\\/www.webdo.tn\\\/fr\\\/#website\",\"url\":\"https:\\\/\\\/www.webdo.tn\\\/fr\\\/\",\"name\":\"webdo\",\"description\":\"Tunisie - News en Tunisie et \u00e0 l&#039;international sur Webdo.tn\",\"publisher\":{\"@id\":\"https:\\\/\\\/www.webdo.tn\\\/fr\\\/#organization\"},\"potentialAction\":[{\"@type\":\"SearchAction\",\"target\":{\"@type\":\"EntryPoint\",\"urlTemplate\":\"https:\\\/\\\/www.webdo.tn\\\/fr\\\/?s={search_term_string}\"},\"query-input\":{\"@type\":\"PropertyValueSpecification\",\"valueRequired\":true,\"valueName\":\"search_term_string\"}}],\"inLanguage\":\"fr-FR\"},{\"@type\":\"Organization\",\"@id\":\"https:\\\/\\\/www.webdo.tn\\\/fr\\\/#organization\",\"name\":\"Webdo\",\"alternateName\":\"Webdo.tn\",\"url\":\"https:\\\/\\\/www.webdo.tn\\\/fr\\\/\",\"logo\":{\"@type\":\"ImageObject\",\"inLanguage\":\"fr-FR\",\"@id\":\"https:\\\/\\\/www.webdo.tn\\\/fr\\\/#\\\/schema\\\/logo\\\/image\\\/\",\"url\":\"https:\\\/\\\/www.webdo.tn\\\/fr\\\/wp-content\\\/uploads\\\/2025\\\/06\\\/Webdo-Tunisie_168377.jpg\",\"contentUrl\":\"https:\\\/\\\/www.webdo.tn\\\/fr\\\/wp-content\\\/uploads\\\/2025\\\/06\\\/Webdo-Tunisie_168377.jpg\",\"width\":301,\"height\":301,\"caption\":\"Webdo\"},\"image\":{\"@id\":\"https:\\\/\\\/www.webdo.tn\\\/fr\\\/#\\\/schema\\\/logo\\\/image\\\/\"},\"sameAs\":[\"https:\\\/\\\/www.facebook.com\\\/webdotn\",\"https:\\\/\\\/x.com\\\/webdo_tn\"],\"description\":\"Webdo est un m\u00e9dia num\u00e9rique tunisien fond\u00e9 en 2010, sp\u00e9cialis\u00e9 dans l\u2019actualit\u00e9 nationale et internationale, l\u2019\u00e9conomie, la soci\u00e9t\u00e9 et les analyses politiques. Le site s\u2019adresse \u00e0 un large public francophone et couvre l\u2019information tunisienne en temps r\u00e9el.\",\"email\":\"redac@webdo.tn\",\"legalName\":\"YNJ SARL\",\"foundingDate\":\"2010-09-06\",\"numberOfEmployees\":{\"@type\":\"QuantitativeValue\",\"minValue\":\"11\",\"maxValue\":\"50\"}},{\"@type\":\"Person\",\"@id\":\"https:\\\/\\\/www.webdo.tn\\\/fr\\\/#\\\/schema\\\/person\\\/9a9c6118d687c117df8ef3cc36a4d175\",\"name\":\"webdo.tn\",\"image\":{\"@type\":\"ImageObject\",\"inLanguage\":\"fr-FR\",\"@id\":\"https:\\\/\\\/secure.gravatar.com\\\/avatar\\\/7ce1f28c0c3bbac99ff550b85ef8e44a6950c6ee24514fb6a5489e51d06f0298?s=96&d=mm&r=g\",\"url\":\"https:\\\/\\\/secure.gravatar.com\\\/avatar\\\/7ce1f28c0c3bbac99ff550b85ef8e44a6950c6ee24514fb6a5489e51d06f0298?s=96&d=mm&r=g\",\"contentUrl\":\"https:\\\/\\\/secure.gravatar.com\\\/avatar\\\/7ce1f28c0c3bbac99ff550b85ef8e44a6950c6ee24514fb6a5489e51d06f0298?s=96&d=mm&r=g\",\"caption\":\"webdo.tn\"},\"url\":\"https:\\\/\\\/www.webdo.tn\\\/fr\\\/actualite\\\/author\\\/webdotn\\\/\"}]}<\/script>\n<!-- \/ Yoast SEO Premium plugin. -->","yoast_head_json":{"title":"L'EIIL accus\u00e9 de nettoyage ethnique et religieux par l'ONU","description":"L'EIIL accus\u00e9 de nettoyage ethnique et religieux par l'ONU","canonical":"https:\/\/www.webdo.tn\/fr\/actualite\/international\/leiil-accuse-de-nettoyage-ethnique-et-religieux-par-lonu\/184347\/","og_locale":"fr_FR","og_type":"article","og_title":"L'EIIL accus\u00e9 de \"nettoyage ethnique et religieux\" par l'ONU","og_description":"L'EIIL accus\u00e9 de nettoyage ethnique et religieux par l'ONU","og_url":"https:\/\/www.webdo.tn\/fr\/actualite\/international\/leiil-accuse-de-nettoyage-ethnique-et-religieux-par-lonu\/184347\/","og_site_name":"webdo","article_publisher":"https:\/\/www.facebook.com\/webdotn","article_published_time":"2014-08-25T12:13:00+00:00","article_modified_time":"2025-05-22T13:06:09+00:00","og_image":[{"width":354,"height":200,"url":"https:\/\/www.webdo.tn\/fr\/wp-content\/uploads\/2014\/08\/EIIL-prend-le-controle-de-Mossoul-ce-10-juin-2014.jpg","type":"image\/jpeg"}],"author":"webdo.tn","twitter_card":"summary_large_image","twitter_creator":"@webdo_tn","twitter_site":"@webdo_tn","twitter_misc":{"\u00c9crit par":"webdo.tn","Dur\u00e9e de lecture estim\u00e9e":"1 minute"},"schema":{"@context":"https:\/\/schema.org","@graph":[{"@type":"NewsArticle","@id":"https:\/\/www.webdo.tn\/fr\/actualite\/international\/leiil-accuse-de-nettoyage-ethnique-et-religieux-par-lonu\/184347\/#article","isPartOf":{"@id":"https:\/\/www.webdo.tn\/fr\/actualite\/international\/leiil-accuse-de-nettoyage-ethnique-et-religieux-par-lonu\/184347\/"},"author":{"name":"webdo.tn","@id":"https:\/\/www.webdo.tn\/fr\/#\/schema\/person\/9a9c6118d687c117df8ef3cc36a4d175"},"headline":"L&rsquo;EIIL accus\u00e9 de \u00ab\u00a0nettoyage ethnique et religieux\u00a0\u00bb par l&rsquo;ONU","datePublished":"2014-08-25T12:13:00+00:00","dateModified":"2025-05-22T13:06:09+00:00","mainEntityOfPage":{"@id":"https:\/\/www.webdo.tn\/fr\/actualite\/international\/leiil-accuse-de-nettoyage-ethnique-et-religieux-par-lonu\/184347\/"},"wordCount":126,"commentCount":0,"publisher":{"@id":"https:\/\/www.webdo.tn\/fr\/#organization"},"image":{"@id":"https:\/\/www.webdo.tn\/fr\/actualite\/international\/leiil-accuse-de-nettoyage-ethnique-et-religieux-par-lonu\/184347\/#primaryimage"},"thumbnailUrl":"https:\/\/www.webdo.tn\/fr\/wp-content\/uploads\/2014\/08\/EIIL-prend-le-controle-de-Mossoul-ce-10-juin-2014.jpg","articleSection":["International"],"inLanguage":"fr-FR"},{"@type":"WebPage","@id":"https:\/\/www.webdo.tn\/fr\/actualite\/international\/leiil-accuse-de-nettoyage-ethnique-et-religieux-par-lonu\/184347\/","url":"https:\/\/www.webdo.tn\/fr\/actualite\/international\/leiil-accuse-de-nettoyage-ethnique-et-religieux-par-lonu\/184347\/","name":"L'EIIL accus\u00e9 de nettoyage ethnique et religieux par l'ONU","isPartOf":{"@id":"https:\/\/www.webdo.tn\/fr\/#website"},"primaryImageOfPage":{"@id":"https:\/\/www.webdo.tn\/fr\/actualite\/international\/leiil-accuse-de-nettoyage-ethnique-et-religieux-par-lonu\/184347\/#primaryimage"},"image":{"@id":"https:\/\/www.webdo.tn\/fr\/actualite\/international\/leiil-accuse-de-nettoyage-ethnique-et-religieux-par-lonu\/184347\/#primaryimage"},"thumbnailUrl":"https:\/\/www.webdo.tn\/fr\/wp-content\/uploads\/2014\/08\/EIIL-prend-le-controle-de-Mossoul-ce-10-juin-2014.jpg","datePublished":"2014-08-25T12:13:00+00:00","dateModified":"2025-05-22T13:06:09+00:00","description":"L'EIIL accus\u00e9 de nettoyage ethnique et religieux par l'ONU","breadcrumb":{"@id":"https:\/\/www.webdo.tn\/fr\/actualite\/international\/leiil-accuse-de-nettoyage-ethnique-et-religieux-par-lonu\/184347\/#breadcrumb"},"inLanguage":"fr-FR","potentialAction":[{"@type":"ReadAction","target":["https:\/\/www.webdo.tn\/fr\/actualite\/international\/leiil-accuse-de-nettoyage-ethnique-et-religieux-par-lonu\/184347\/"]}]},{"@type":"ImageObject","inLanguage":"fr-FR","@id":"https:\/\/www.webdo.tn\/fr\/actualite\/international\/leiil-accuse-de-nettoyage-ethnique-et-religieux-par-lonu\/184347\/#primaryimage","url":"https:\/\/www.webdo.tn\/fr\/wp-content\/uploads\/2014\/08\/EIIL-prend-le-controle-de-Mossoul-ce-10-juin-2014.jpg","contentUrl":"https:\/\/www.webdo.tn\/fr\/wp-content\/uploads\/2014\/08\/EIIL-prend-le-controle-de-Mossoul-ce-10-juin-2014.jpg","width":354,"height":200,"caption":"L'EIIL accus\u00e9 de \"nettoyage ethnique et religieux\" par l'ONU"},{"@type":"BreadcrumbList","@id":"https:\/\/www.webdo.tn\/fr\/actualite\/international\/leiil-accuse-de-nettoyage-ethnique-et-religieux-par-lonu\/184347\/#breadcrumb","itemListElement":[{"@type":"ListItem","position":1,"name":"Accueil","item":"https:\/\/www.webdo.tn\/fr\/"},{"@type":"ListItem","position":2,"name":"L&rsquo;EIIL accus\u00e9 de \u00ab\u00a0nettoyage ethnique et religieux\u00a0\u00bb par l&rsquo;ONU"}]},{"@type":"WebSite","@id":"https:\/\/www.webdo.tn\/fr\/#website","url":"https:\/\/www.webdo.tn\/fr\/","name":"webdo","description":"Tunisie - News en Tunisie et \u00e0 l&#039;international sur Webdo.tn","publisher":{"@id":"https:\/\/www.webdo.tn\/fr\/#organization"},"potentialAction":[{"@type":"SearchAction","target":{"@type":"EntryPoint","urlTemplate":"https:\/\/www.webdo.tn\/fr\/?s={search_term_string}"},"query-input":{"@type":"PropertyValueSpecification","valueRequired":true,"valueName":"search_term_string"}}],"inLanguage":"fr-FR"},{"@type":"Organization","@id":"https:\/\/www.webdo.tn\/fr\/#organization","name":"Webdo","alternateName":"Webdo.tn","url":"https:\/\/www.webdo.tn\/fr\/","logo":{"@type":"ImageObject","inLanguage":"fr-FR","@id":"https:\/\/www.webdo.tn\/fr\/#\/schema\/logo\/image\/","url":"https:\/\/www.webdo.tn\/fr\/wp-content\/uploads\/2025\/06\/Webdo-Tunisie_168377.jpg","contentUrl":"https:\/\/www.webdo.tn\/fr\/wp-content\/uploads\/2025\/06\/Webdo-Tunisie_168377.jpg","width":301,"height":301,"caption":"Webdo"},"image":{"@id":"https:\/\/www.webdo.tn\/fr\/#\/schema\/logo\/image\/"},"sameAs":["https:\/\/www.facebook.com\/webdotn","https:\/\/x.com\/webdo_tn"],"description":"Webdo est un m\u00e9dia num\u00e9rique tunisien fond\u00e9 en 2010, sp\u00e9cialis\u00e9 dans l\u2019actualit\u00e9 nationale et internationale, l\u2019\u00e9conomie, la soci\u00e9t\u00e9 et les analyses politiques. Le site s\u2019adresse \u00e0 un large public francophone et couvre l\u2019information tunisienne en temps r\u00e9el.","email":"redac@webdo.tn","legalName":"YNJ SARL","foundingDate":"2010-09-06","numberOfEmployees":{"@type":"QuantitativeValue","minValue":"11","maxValue":"50"}},{"@type":"Person","@id":"https:\/\/www.webdo.tn\/fr\/#\/schema\/person\/9a9c6118d687c117df8ef3cc36a4d175","name":"webdo.tn","image":{"@type":"ImageObject","inLanguage":"fr-FR","@id":"https:\/\/secure.gravatar.com\/avatar\/7ce1f28c0c3bbac99ff550b85ef8e44a6950c6ee24514fb6a5489e51d06f0298?s=96&d=mm&r=g","url":"https:\/\/secure.gravatar.com\/avatar\/7ce1f28c0c3bbac99ff550b85ef8e44a6950c6ee24514fb6a5489e51d06f0298?s=96&d=mm&r=g","contentUrl":"https:\/\/secure.gravatar.com\/avatar\/7ce1f28c0c3bbac99ff550b85ef8e44a6950c6ee24514fb6a5489e51d06f0298?s=96&d=mm&r=g","caption":"webdo.tn"},"url":"https:\/\/www.webdo.tn\/fr\/actualite\/author\/webdotn\/"}]}},"_links":{"self":[{"href":"https:\/\/www.webdo.tn\/fr\/wp-json\/wp\/v2\/posts\/184347","targetHints":{"allow":["GET"]}}],"collection":[{"href":"https:\/\/www.webdo.tn\/fr\/wp-json\/wp\/v2\/posts"}],"about":[{"href":"https:\/\/www.webdo.tn\/fr\/wp-json\/wp\/v2\/types\/post"}],"author":[{"embeddable":true,"href":"https:\/\/www.webdo.tn\/fr\/wp-json\/wp\/v2\/users\/3222"}],"replies":[{"embeddable":true,"href":"https:\/\/www.webdo.tn\/fr\/wp-json\/wp\/v2\/comments?post=184347"}],"version-history":[{"count":0,"href":"https:\/\/www.webdo.tn\/fr\/wp-json\/wp\/v2\/posts\/184347\/revisions"}],"wp:featuredmedia":[{"embeddable":true,"href":"https:\/\/www.webdo.tn\/fr\/wp-json\/wp\/v2\/media\/320526"}],"wp:attachment":[{"href":"https:\/\/www.webdo.tn\/fr\/wp-json\/wp\/v2\/media?parent=184347"}],"wp:term":[{"taxonomy":"category","embeddable":true,"href":"https:\/\/www.webdo.tn\/fr\/wp-json\/wp\/v2\/categories?post=184347"},{"taxonomy":"post_tag","embeddable":true,"href":"https:\/\/www.webdo.tn\/fr\/wp-json\/wp\/v2\/tags?post=184347"}],"curies":[{"name":"wp","href":"https:\/\/api.w.org\/{rel}","templated":true}]}}