{"id":184346,"date":"2014-08-28T11:46:00","date_gmt":"2014-08-28T11:46:00","guid":{"rendered":"https:\/\/www.webdo.tn\/fr\/blog\/video-comment-les-jihadistes-de-daech-expedient-leurs-executions\/184346\/"},"modified":"2025-06-04T18:15:40","modified_gmt":"2025-06-04T18:15:40","slug":"video-comment-les-jihadistes-de-daech-expedient-leurs-executions-2","status":"publish","type":"post","link":"https:\/\/www.webdo.tn\/fr\/actualite\/international\/video-comment-les-jihadistes-de-daech-expedient-leurs-executions-2\/184346\/","title":{"rendered":"[Vid\u00e9o] Comment les jihadistes de Daech exp\u00e9dient leurs ex\u00e9cutions"},"content":{"rendered":"<p>Le g\u00e9nocide que m\u00e8nent quotidiennement les jihadistes de l&rsquo;Etat islamique en Irak et au Levant (EIIL) se poursuit impun\u00e9ment et \u00e0 ciel ouvert. La cruaut\u00e9 qui se d\u00e9gage de ces combattants de \u00abDaech\u00bb n\u2019a plus d\u2019\u00e9gal. On assassine atrocement entre trois \u00abAllah Akbar\u00bb et deux ricanements\u2026Une vid\u00e9o de 2\u201932\u2019\u2019, post\u00e9e le 25 ao\u00fbt 2014 sur Facebook et partag\u00e9e plus de 17.000 fois, d\u00e9note toute cette monstruosit\u00e9 qui anime \u00abDaech\u00bb [\u00e2mes sensibles s&rsquo;abstenir]. En la visionnant, le spectateur en a la chair de poule et ne peut que rester abasourdi par une telle violence associ\u00e9e \u00e0 un tel m\u00e9pris de la vie humaine.<\/p>\n<p>\u00ab Daech\u00bb, accus\u00e9 par l\u2019ONU de mener un \u00ab\u00a0nettoyage ethnique et religieux\u00a0\u00bb en Irak n\u2019a pas froid aux yeux\u2026 Des tueurs, tous d\u2019origines diff\u00e9rentes, et dot\u00e9s d\u2019un sang-froid inou\u00ef. Comme une seule main, ils assassinent des jeunes s\u00e9curitaires sans leur avoir laiss\u00e9 le temps de r\u00e9citer leur \u00ab chahada \u00bb. Ils \u00f4tent la vie sans aucune piti\u00e9.<\/p>\n<p>\u00ab Pourquoi ne t\u2019es-tu pas repenti ? \u00bb<\/p>\n<p>Dans cette vid\u00e9o tr\u00e8s violente, un policier est amen\u00e9 par un combattant terroriste vers un autre qui filme et l\u2019accueille avec des \u00ab voil\u00e0 un chien qui arrive \u00bb :<br \/>\n\u00ab Comment t\u2019appelles-tu ? \u00bb, lui demande celui qui tient la cam\u00e9ra. Le prisonnier r\u00e9pond.<br \/>\n\u00ab Que fais-tu dans la vie ? \u00bb, lui demande un autre combattant.<br \/>\n\u00ab Je suis policier \u00bb, r\u00e9pond le prisonnier.<br \/>\n\u00ab Pourquoi ne t\u2019es-tu pas repenti ? \u00bb, ass\u00e8ne aussit\u00f4t le terroriste.<br \/>\n\u00ab De quoi me repentir\u2026? \u00bb, r\u00e9pond le prisonnier.<\/p>\n<p>Les deux jihadistes s\u2019\u00e9changent un regard avec un sourire en coin pour le premier, mais qui en dit long sur le sort du prisonnier emmen\u00e9 aussit\u00f4t pour \u00eatre ligot\u00e9 et pr\u00e9par\u00e9 pour l\u2019ex\u00e9cution.<br \/>\n\u00ab Esp\u00e8ce de chien, tu as vendu la Sunnah\u2026 \u00bb, lui lance un jihadiste.<\/p>\n<p>\u00ab L\u2019Etat islamique est instaur\u00e9 \u00bb<\/p>\n<p>Un second prisonnier, un militaire, est accroupi. Il est soumis au m\u00eame interrogatoire.<br \/>\n\u00abL\u2019Etat islamique est\u2026 ? \u00bb, lui demande un des terroristes, attendant une r\u00e9ponse de sa part.<br \/>\nLe prisonnier r\u00e9p\u00e8te \u00abL\u2019Etat islamique\u2026\u00bb<br \/>\nLe jihadiste reprend \u00ab L\u2019Etat islamique est\u2026 ? \u00bb<br \/>\nLe prisonnier ne donne toujours pas la r\u00e9ponse attendue.<br \/>\nLe jihadiste : \u00ab L\u2019Etat islamique est instaur\u00e9 \u00bb.<br \/>\nLe prisonnier ne prononce pas la phrase qu\u2019il faut et un second jihadiste lui ass\u00e8ne une gifle.<\/p>\n<p>Tous passent par un interrogatoire avant de mourir. Ils n\u2019auront pas le temps de s\u2019exprimer comme ils le d\u00e9sirent ni de se d\u00e9fendre ni de pleurer leurs proches qui apprendront bient\u00f4t la triste nouvelle.<\/p>\n<p>Accent tunisien<\/p>\n<p>Parmi les terroristes, on peut distinguer de nombreux \u00e9l\u00e9ments jihadistes et diff\u00e9rents accents. Le tunisien, l\u2019\u00e9gyptien, etc\u2026 Ils parlent, frappent, ironisent, ricanent et avant d\u2019ex\u00e9cuter la sentence crient \u00ab Allah Akbar \u00bb puis \u00ab liquidez-les, liquidez-les \u00bb (\u00ab saffi, saffi \u00bb)\u2026 L\u2019ordre a \u00e9t\u00e9 donn\u00e9.<\/p>\n<p>Dans les \u00ab Allah Akbar \u00bb qu\u2019on peut entendre, un ton de rage et une tonalit\u00e9 de vengeance se d\u00e9gagent :<br \/>\n\u00ab Voil\u00e0 ceux qui nous combattaient aux c\u00f4t\u00e9s des taghout et de Maliki [le Premier ministre irakien sortant Nouri al-Maliki] [\u2026] Un par un, SVP \u00bb, lance un des combattants de Daech \u00e0 ses acolytes.<\/p>\n<p>Puis en un clin d\u2019\u0153il, les quatre jeunes, les mains ligot\u00e9es derri\u00e8re le dos et accroupis sur le sable chaud, sont froidement abattus d\u2019une balle dans la t\u00eate et l\u00e2chement tu\u00e9s dans le dos. Morts sur le coup, les corps s\u2019effondrent mais les terroristes n\u2019en ont cure et les balles, des dizaines, fusent pour meurtrir encore plus ces d\u00e9pouilles gisant d\u00e9sormais sur le sol et se vidant de leur sang au bord d\u2019une route.<\/p>\n","protected":false},"excerpt":{"rendered":"<p>[Vid\u00e9o] Comment les jihadistes de Daech exp\u00e9dient leurs ex\u00e9cutions<\/p>\n","protected":false},"author":3222,"featured_media":331567,"comment_status":"open","ping_status":"closed","sticky":false,"template":"","format":"standard","meta":{"footnotes":""},"categories":[2598],"tags":[],"class_list":["post-184346","post","type-post","status-publish","format-standard","has-post-thumbnail","hentry","category-international"],"yoast_head":"<!-- This site is optimized with the Yoast SEO Premium plugin v27.5 (Yoast SEO v27.5) - https:\/\/yoast.com\/product\/yoast-seo-premium-wordpress\/ -->\n<title>[Vid\u00e9o] Comment les jihadistes de Daech exp\u00e9dient leurs ex\u00e9cutions<\/title>\n<meta name=\"description\" content=\"[Vid\u00e9o] Comment les jihadistes de Daech exp\u00e9dient leurs ex\u00e9cutions\" \/>\n<link rel=\"canonical\" href=\"https:\/\/www.webdo.tn\/fr\/actualite\/international\/video-comment-les-jihadistes-de-daech-expedient-leurs-executions-2\/184346\/\" \/>\n<meta property=\"og:locale\" content=\"fr_FR\" \/>\n<meta property=\"og:type\" content=\"article\" \/>\n<meta property=\"og:title\" content=\"[Vid\u00e9o] Comment les jihadistes de Daech exp\u00e9dient leurs ex\u00e9cutions\" \/>\n<meta property=\"og:description\" content=\"[Vid\u00e9o] Comment les jihadistes de Daech exp\u00e9dient leurs ex\u00e9cutions\" \/>\n<meta property=\"og:url\" content=\"https:\/\/www.webdo.tn\/fr\/actualite\/international\/video-comment-les-jihadistes-de-daech-expedient-leurs-executions-2\/184346\/\" \/>\n<meta property=\"og:site_name\" content=\"webdo\" \/>\n<meta property=\"article:publisher\" content=\"https:\/\/www.facebook.com\/webdotn\" \/>\n<meta property=\"article:published_time\" content=\"2014-08-28T11:46:00+00:00\" \/>\n<meta property=\"article:modified_time\" content=\"2025-06-04T18:15:40+00:00\" \/>\n<meta property=\"og:image\" content=\"https:\/\/www.webdo.tn\/fr\/wp-content\/uploads\/2014\/08\/Daech-25-08-2014-FB.jpg\" \/>\n\t<meta property=\"og:image:width\" content=\"550\" \/>\n\t<meta property=\"og:image:height\" content=\"374\" \/>\n\t<meta property=\"og:image:type\" content=\"image\/jpeg\" \/>\n<meta name=\"author\" content=\"webdo.tn\" \/>\n<meta name=\"twitter:card\" content=\"summary_large_image\" \/>\n<meta name=\"twitter:creator\" content=\"@webdo_tn\" \/>\n<meta name=\"twitter:site\" content=\"@webdo_tn\" \/>\n<meta name=\"twitter:label1\" content=\"\u00c9crit par\" \/>\n\t<meta name=\"twitter:data1\" content=\"webdo.tn\" \/>\n\t<meta name=\"twitter:label2\" content=\"Dur\u00e9e de lecture estim\u00e9e\" \/>\n\t<meta name=\"twitter:data2\" content=\"3 minutes\" \/>\n<script type=\"application\/ld+json\" class=\"yoast-schema-graph\">{\"@context\":\"https:\\\/\\\/schema.org\",\"@graph\":[{\"@type\":\"NewsArticle\",\"@id\":\"https:\\\/\\\/www.webdo.tn\\\/fr\\\/actualite\\\/international\\\/video-comment-les-jihadistes-de-daech-expedient-leurs-executions-2\\\/184346\\\/#article\",\"isPartOf\":{\"@id\":\"https:\\\/\\\/www.webdo.tn\\\/fr\\\/actualite\\\/international\\\/video-comment-les-jihadistes-de-daech-expedient-leurs-executions-2\\\/184346\\\/\"},\"author\":{\"name\":\"webdo.tn\",\"@id\":\"https:\\\/\\\/www.webdo.tn\\\/fr\\\/#\\\/schema\\\/person\\\/9a9c6118d687c117df8ef3cc36a4d175\"},\"headline\":\"[Vid\u00e9o] Comment les jihadistes de Daech exp\u00e9dient leurs ex\u00e9cutions\",\"datePublished\":\"2014-08-28T11:46:00+00:00\",\"dateModified\":\"2025-06-04T18:15:40+00:00\",\"mainEntityOfPage\":{\"@id\":\"https:\\\/\\\/www.webdo.tn\\\/fr\\\/actualite\\\/international\\\/video-comment-les-jihadistes-de-daech-expedient-leurs-executions-2\\\/184346\\\/\"},\"wordCount\":636,\"commentCount\":0,\"publisher\":{\"@id\":\"https:\\\/\\\/www.webdo.tn\\\/fr\\\/#organization\"},\"image\":{\"@id\":\"https:\\\/\\\/www.webdo.tn\\\/fr\\\/actualite\\\/international\\\/video-comment-les-jihadistes-de-daech-expedient-leurs-executions-2\\\/184346\\\/#primaryimage\"},\"thumbnailUrl\":\"https:\\\/\\\/www.webdo.tn\\\/fr\\\/wp-content\\\/uploads\\\/2014\\\/08\\\/Daech-25-08-2014-FB.jpg\",\"articleSection\":[\"International\"],\"inLanguage\":\"fr-FR\"},{\"@type\":\"WebPage\",\"@id\":\"https:\\\/\\\/www.webdo.tn\\\/fr\\\/actualite\\\/international\\\/video-comment-les-jihadistes-de-daech-expedient-leurs-executions-2\\\/184346\\\/\",\"url\":\"https:\\\/\\\/www.webdo.tn\\\/fr\\\/actualite\\\/international\\\/video-comment-les-jihadistes-de-daech-expedient-leurs-executions-2\\\/184346\\\/\",\"name\":\"[Vid\u00e9o] Comment les jihadistes de Daech exp\u00e9dient leurs ex\u00e9cutions\",\"isPartOf\":{\"@id\":\"https:\\\/\\\/www.webdo.tn\\\/fr\\\/#website\"},\"primaryImageOfPage\":{\"@id\":\"https:\\\/\\\/www.webdo.tn\\\/fr\\\/actualite\\\/international\\\/video-comment-les-jihadistes-de-daech-expedient-leurs-executions-2\\\/184346\\\/#primaryimage\"},\"image\":{\"@id\":\"https:\\\/\\\/www.webdo.tn\\\/fr\\\/actualite\\\/international\\\/video-comment-les-jihadistes-de-daech-expedient-leurs-executions-2\\\/184346\\\/#primaryimage\"},\"thumbnailUrl\":\"https:\\\/\\\/www.webdo.tn\\\/fr\\\/wp-content\\\/uploads\\\/2014\\\/08\\\/Daech-25-08-2014-FB.jpg\",\"datePublished\":\"2014-08-28T11:46:00+00:00\",\"dateModified\":\"2025-06-04T18:15:40+00:00\",\"description\":\"[Vid\u00e9o] Comment les jihadistes de Daech exp\u00e9dient leurs ex\u00e9cutions\",\"breadcrumb\":{\"@id\":\"https:\\\/\\\/www.webdo.tn\\\/fr\\\/actualite\\\/international\\\/video-comment-les-jihadistes-de-daech-expedient-leurs-executions-2\\\/184346\\\/#breadcrumb\"},\"inLanguage\":\"fr-FR\",\"potentialAction\":[{\"@type\":\"ReadAction\",\"target\":[\"https:\\\/\\\/www.webdo.tn\\\/fr\\\/actualite\\\/international\\\/video-comment-les-jihadistes-de-daech-expedient-leurs-executions-2\\\/184346\\\/\"]}]},{\"@type\":\"ImageObject\",\"inLanguage\":\"fr-FR\",\"@id\":\"https:\\\/\\\/www.webdo.tn\\\/fr\\\/actualite\\\/international\\\/video-comment-les-jihadistes-de-daech-expedient-leurs-executions-2\\\/184346\\\/#primaryimage\",\"url\":\"https:\\\/\\\/www.webdo.tn\\\/fr\\\/wp-content\\\/uploads\\\/2014\\\/08\\\/Daech-25-08-2014-FB.jpg\",\"contentUrl\":\"https:\\\/\\\/www.webdo.tn\\\/fr\\\/wp-content\\\/uploads\\\/2014\\\/08\\\/Daech-25-08-2014-FB.jpg\",\"width\":550,\"height\":374,\"caption\":\"[Vid\u00e9o] Comment les jihadistes de Daech exp\u00e9dient leurs ex\u00e9cutions\"},{\"@type\":\"BreadcrumbList\",\"@id\":\"https:\\\/\\\/www.webdo.tn\\\/fr\\\/actualite\\\/international\\\/video-comment-les-jihadistes-de-daech-expedient-leurs-executions-2\\\/184346\\\/#breadcrumb\",\"itemListElement\":[{\"@type\":\"ListItem\",\"position\":1,\"name\":\"Accueil\",\"item\":\"https:\\\/\\\/www.webdo.tn\\\/fr\\\/\"},{\"@type\":\"ListItem\",\"position\":2,\"name\":\"[Vid\u00e9o] Comment les jihadistes de Daech exp\u00e9dient leurs ex\u00e9cutions\"}]},{\"@type\":\"WebSite\",\"@id\":\"https:\\\/\\\/www.webdo.tn\\\/fr\\\/#website\",\"url\":\"https:\\\/\\\/www.webdo.tn\\\/fr\\\/\",\"name\":\"webdo\",\"description\":\"Tunisie - News en Tunisie et \u00e0 l&#039;international sur Webdo.tn\",\"publisher\":{\"@id\":\"https:\\\/\\\/www.webdo.tn\\\/fr\\\/#organization\"},\"potentialAction\":[{\"@type\":\"SearchAction\",\"target\":{\"@type\":\"EntryPoint\",\"urlTemplate\":\"https:\\\/\\\/www.webdo.tn\\\/fr\\\/?s={search_term_string}\"},\"query-input\":{\"@type\":\"PropertyValueSpecification\",\"valueRequired\":true,\"valueName\":\"search_term_string\"}}],\"inLanguage\":\"fr-FR\"},{\"@type\":\"Organization\",\"@id\":\"https:\\\/\\\/www.webdo.tn\\\/fr\\\/#organization\",\"name\":\"Webdo\",\"alternateName\":\"Webdo.tn\",\"url\":\"https:\\\/\\\/www.webdo.tn\\\/fr\\\/\",\"logo\":{\"@type\":\"ImageObject\",\"inLanguage\":\"fr-FR\",\"@id\":\"https:\\\/\\\/www.webdo.tn\\\/fr\\\/#\\\/schema\\\/logo\\\/image\\\/\",\"url\":\"https:\\\/\\\/www.webdo.tn\\\/fr\\\/wp-content\\\/uploads\\\/2025\\\/06\\\/Webdo-Tunisie_168377.jpg\",\"contentUrl\":\"https:\\\/\\\/www.webdo.tn\\\/fr\\\/wp-content\\\/uploads\\\/2025\\\/06\\\/Webdo-Tunisie_168377.jpg\",\"width\":301,\"height\":301,\"caption\":\"Webdo\"},\"image\":{\"@id\":\"https:\\\/\\\/www.webdo.tn\\\/fr\\\/#\\\/schema\\\/logo\\\/image\\\/\"},\"sameAs\":[\"https:\\\/\\\/www.facebook.com\\\/webdotn\",\"https:\\\/\\\/x.com\\\/webdo_tn\"],\"description\":\"Webdo est un m\u00e9dia num\u00e9rique tunisien fond\u00e9 en 2010, sp\u00e9cialis\u00e9 dans l\u2019actualit\u00e9 nationale et internationale, l\u2019\u00e9conomie, la soci\u00e9t\u00e9 et les analyses politiques. Le site s\u2019adresse \u00e0 un large public francophone et couvre l\u2019information tunisienne en temps r\u00e9el.\",\"email\":\"redac@webdo.tn\",\"legalName\":\"YNJ SARL\",\"foundingDate\":\"2010-09-06\",\"numberOfEmployees\":{\"@type\":\"QuantitativeValue\",\"minValue\":\"11\",\"maxValue\":\"50\"}},{\"@type\":\"Person\",\"@id\":\"https:\\\/\\\/www.webdo.tn\\\/fr\\\/#\\\/schema\\\/person\\\/9a9c6118d687c117df8ef3cc36a4d175\",\"name\":\"webdo.tn\",\"image\":{\"@type\":\"ImageObject\",\"inLanguage\":\"fr-FR\",\"@id\":\"https:\\\/\\\/secure.gravatar.com\\\/avatar\\\/7ce1f28c0c3bbac99ff550b85ef8e44a6950c6ee24514fb6a5489e51d06f0298?s=96&d=mm&r=g\",\"url\":\"https:\\\/\\\/secure.gravatar.com\\\/avatar\\\/7ce1f28c0c3bbac99ff550b85ef8e44a6950c6ee24514fb6a5489e51d06f0298?s=96&d=mm&r=g\",\"contentUrl\":\"https:\\\/\\\/secure.gravatar.com\\\/avatar\\\/7ce1f28c0c3bbac99ff550b85ef8e44a6950c6ee24514fb6a5489e51d06f0298?s=96&d=mm&r=g\",\"caption\":\"webdo.tn\"},\"url\":\"https:\\\/\\\/www.webdo.tn\\\/fr\\\/actualite\\\/author\\\/webdotn\\\/\"}]}<\/script>\n<!-- \/ Yoast SEO Premium plugin. -->","yoast_head_json":{"title":"[Vid\u00e9o] Comment les jihadistes de Daech exp\u00e9dient leurs ex\u00e9cutions","description":"[Vid\u00e9o] Comment les jihadistes de Daech exp\u00e9dient leurs ex\u00e9cutions","canonical":"https:\/\/www.webdo.tn\/fr\/actualite\/international\/video-comment-les-jihadistes-de-daech-expedient-leurs-executions-2\/184346\/","og_locale":"fr_FR","og_type":"article","og_title":"[Vid\u00e9o] Comment les jihadistes de Daech exp\u00e9dient leurs ex\u00e9cutions","og_description":"[Vid\u00e9o] Comment les jihadistes de Daech exp\u00e9dient leurs ex\u00e9cutions","og_url":"https:\/\/www.webdo.tn\/fr\/actualite\/international\/video-comment-les-jihadistes-de-daech-expedient-leurs-executions-2\/184346\/","og_site_name":"webdo","article_publisher":"https:\/\/www.facebook.com\/webdotn","article_published_time":"2014-08-28T11:46:00+00:00","article_modified_time":"2025-06-04T18:15:40+00:00","og_image":[{"width":550,"height":374,"url":"https:\/\/www.webdo.tn\/fr\/wp-content\/uploads\/2014\/08\/Daech-25-08-2014-FB.jpg","type":"image\/jpeg"}],"author":"webdo.tn","twitter_card":"summary_large_image","twitter_creator":"@webdo_tn","twitter_site":"@webdo_tn","twitter_misc":{"\u00c9crit par":"webdo.tn","Dur\u00e9e de lecture estim\u00e9e":"3 minutes"},"schema":{"@context":"https:\/\/schema.org","@graph":[{"@type":"NewsArticle","@id":"https:\/\/www.webdo.tn\/fr\/actualite\/international\/video-comment-les-jihadistes-de-daech-expedient-leurs-executions-2\/184346\/#article","isPartOf":{"@id":"https:\/\/www.webdo.tn\/fr\/actualite\/international\/video-comment-les-jihadistes-de-daech-expedient-leurs-executions-2\/184346\/"},"author":{"name":"webdo.tn","@id":"https:\/\/www.webdo.tn\/fr\/#\/schema\/person\/9a9c6118d687c117df8ef3cc36a4d175"},"headline":"[Vid\u00e9o] Comment les jihadistes de Daech exp\u00e9dient leurs ex\u00e9cutions","datePublished":"2014-08-28T11:46:00+00:00","dateModified":"2025-06-04T18:15:40+00:00","mainEntityOfPage":{"@id":"https:\/\/www.webdo.tn\/fr\/actualite\/international\/video-comment-les-jihadistes-de-daech-expedient-leurs-executions-2\/184346\/"},"wordCount":636,"commentCount":0,"publisher":{"@id":"https:\/\/www.webdo.tn\/fr\/#organization"},"image":{"@id":"https:\/\/www.webdo.tn\/fr\/actualite\/international\/video-comment-les-jihadistes-de-daech-expedient-leurs-executions-2\/184346\/#primaryimage"},"thumbnailUrl":"https:\/\/www.webdo.tn\/fr\/wp-content\/uploads\/2014\/08\/Daech-25-08-2014-FB.jpg","articleSection":["International"],"inLanguage":"fr-FR"},{"@type":"WebPage","@id":"https:\/\/www.webdo.tn\/fr\/actualite\/international\/video-comment-les-jihadistes-de-daech-expedient-leurs-executions-2\/184346\/","url":"https:\/\/www.webdo.tn\/fr\/actualite\/international\/video-comment-les-jihadistes-de-daech-expedient-leurs-executions-2\/184346\/","name":"[Vid\u00e9o] Comment les jihadistes de Daech exp\u00e9dient leurs ex\u00e9cutions","isPartOf":{"@id":"https:\/\/www.webdo.tn\/fr\/#website"},"primaryImageOfPage":{"@id":"https:\/\/www.webdo.tn\/fr\/actualite\/international\/video-comment-les-jihadistes-de-daech-expedient-leurs-executions-2\/184346\/#primaryimage"},"image":{"@id":"https:\/\/www.webdo.tn\/fr\/actualite\/international\/video-comment-les-jihadistes-de-daech-expedient-leurs-executions-2\/184346\/#primaryimage"},"thumbnailUrl":"https:\/\/www.webdo.tn\/fr\/wp-content\/uploads\/2014\/08\/Daech-25-08-2014-FB.jpg","datePublished":"2014-08-28T11:46:00+00:00","dateModified":"2025-06-04T18:15:40+00:00","description":"[Vid\u00e9o] Comment les jihadistes de Daech exp\u00e9dient leurs ex\u00e9cutions","breadcrumb":{"@id":"https:\/\/www.webdo.tn\/fr\/actualite\/international\/video-comment-les-jihadistes-de-daech-expedient-leurs-executions-2\/184346\/#breadcrumb"},"inLanguage":"fr-FR","potentialAction":[{"@type":"ReadAction","target":["https:\/\/www.webdo.tn\/fr\/actualite\/international\/video-comment-les-jihadistes-de-daech-expedient-leurs-executions-2\/184346\/"]}]},{"@type":"ImageObject","inLanguage":"fr-FR","@id":"https:\/\/www.webdo.tn\/fr\/actualite\/international\/video-comment-les-jihadistes-de-daech-expedient-leurs-executions-2\/184346\/#primaryimage","url":"https:\/\/www.webdo.tn\/fr\/wp-content\/uploads\/2014\/08\/Daech-25-08-2014-FB.jpg","contentUrl":"https:\/\/www.webdo.tn\/fr\/wp-content\/uploads\/2014\/08\/Daech-25-08-2014-FB.jpg","width":550,"height":374,"caption":"[Vid\u00e9o] Comment les jihadistes de Daech exp\u00e9dient leurs ex\u00e9cutions"},{"@type":"BreadcrumbList","@id":"https:\/\/www.webdo.tn\/fr\/actualite\/international\/video-comment-les-jihadistes-de-daech-expedient-leurs-executions-2\/184346\/#breadcrumb","itemListElement":[{"@type":"ListItem","position":1,"name":"Accueil","item":"https:\/\/www.webdo.tn\/fr\/"},{"@type":"ListItem","position":2,"name":"[Vid\u00e9o] Comment les jihadistes de Daech exp\u00e9dient leurs ex\u00e9cutions"}]},{"@type":"WebSite","@id":"https:\/\/www.webdo.tn\/fr\/#website","url":"https:\/\/www.webdo.tn\/fr\/","name":"webdo","description":"Tunisie - News en Tunisie et \u00e0 l&#039;international sur Webdo.tn","publisher":{"@id":"https:\/\/www.webdo.tn\/fr\/#organization"},"potentialAction":[{"@type":"SearchAction","target":{"@type":"EntryPoint","urlTemplate":"https:\/\/www.webdo.tn\/fr\/?s={search_term_string}"},"query-input":{"@type":"PropertyValueSpecification","valueRequired":true,"valueName":"search_term_string"}}],"inLanguage":"fr-FR"},{"@type":"Organization","@id":"https:\/\/www.webdo.tn\/fr\/#organization","name":"Webdo","alternateName":"Webdo.tn","url":"https:\/\/www.webdo.tn\/fr\/","logo":{"@type":"ImageObject","inLanguage":"fr-FR","@id":"https:\/\/www.webdo.tn\/fr\/#\/schema\/logo\/image\/","url":"https:\/\/www.webdo.tn\/fr\/wp-content\/uploads\/2025\/06\/Webdo-Tunisie_168377.jpg","contentUrl":"https:\/\/www.webdo.tn\/fr\/wp-content\/uploads\/2025\/06\/Webdo-Tunisie_168377.jpg","width":301,"height":301,"caption":"Webdo"},"image":{"@id":"https:\/\/www.webdo.tn\/fr\/#\/schema\/logo\/image\/"},"sameAs":["https:\/\/www.facebook.com\/webdotn","https:\/\/x.com\/webdo_tn"],"description":"Webdo est un m\u00e9dia num\u00e9rique tunisien fond\u00e9 en 2010, sp\u00e9cialis\u00e9 dans l\u2019actualit\u00e9 nationale et internationale, l\u2019\u00e9conomie, la soci\u00e9t\u00e9 et les analyses politiques. Le site s\u2019adresse \u00e0 un large public francophone et couvre l\u2019information tunisienne en temps r\u00e9el.","email":"redac@webdo.tn","legalName":"YNJ SARL","foundingDate":"2010-09-06","numberOfEmployees":{"@type":"QuantitativeValue","minValue":"11","maxValue":"50"}},{"@type":"Person","@id":"https:\/\/www.webdo.tn\/fr\/#\/schema\/person\/9a9c6118d687c117df8ef3cc36a4d175","name":"webdo.tn","image":{"@type":"ImageObject","inLanguage":"fr-FR","@id":"https:\/\/secure.gravatar.com\/avatar\/7ce1f28c0c3bbac99ff550b85ef8e44a6950c6ee24514fb6a5489e51d06f0298?s=96&d=mm&r=g","url":"https:\/\/secure.gravatar.com\/avatar\/7ce1f28c0c3bbac99ff550b85ef8e44a6950c6ee24514fb6a5489e51d06f0298?s=96&d=mm&r=g","contentUrl":"https:\/\/secure.gravatar.com\/avatar\/7ce1f28c0c3bbac99ff550b85ef8e44a6950c6ee24514fb6a5489e51d06f0298?s=96&d=mm&r=g","caption":"webdo.tn"},"url":"https:\/\/www.webdo.tn\/fr\/actualite\/author\/webdotn\/"}]}},"_links":{"self":[{"href":"https:\/\/www.webdo.tn\/fr\/wp-json\/wp\/v2\/posts\/184346","targetHints":{"allow":["GET"]}}],"collection":[{"href":"https:\/\/www.webdo.tn\/fr\/wp-json\/wp\/v2\/posts"}],"about":[{"href":"https:\/\/www.webdo.tn\/fr\/wp-json\/wp\/v2\/types\/post"}],"author":[{"embeddable":true,"href":"https:\/\/www.webdo.tn\/fr\/wp-json\/wp\/v2\/users\/3222"}],"replies":[{"embeddable":true,"href":"https:\/\/www.webdo.tn\/fr\/wp-json\/wp\/v2\/comments?post=184346"}],"version-history":[{"count":0,"href":"https:\/\/www.webdo.tn\/fr\/wp-json\/wp\/v2\/posts\/184346\/revisions"}],"wp:featuredmedia":[{"embeddable":true,"href":"https:\/\/www.webdo.tn\/fr\/wp-json\/wp\/v2\/media\/331567"}],"wp:attachment":[{"href":"https:\/\/www.webdo.tn\/fr\/wp-json\/wp\/v2\/media?parent=184346"}],"wp:term":[{"taxonomy":"category","embeddable":true,"href":"https:\/\/www.webdo.tn\/fr\/wp-json\/wp\/v2\/categories?post=184346"},{"taxonomy":"post_tag","embeddable":true,"href":"https:\/\/www.webdo.tn\/fr\/wp-json\/wp\/v2\/tags?post=184346"}],"curies":[{"name":"wp","href":"https:\/\/api.w.org\/{rel}","templated":true}]}}