{"id":184344,"date":"2014-08-29T12:03:00","date_gmt":"2014-08-29T12:03:00","guid":{"rendered":"https:\/\/www.webdo.tn\/fr\/blog\/11e-congres-international-corpus-darcheologie-ottomane-zaghouan\/116912\/"},"modified":"2025-05-22T13:05:53","modified_gmt":"2025-05-22T13:05:53","slug":"11e-congres-international-corpus-darcheologie-ottomane-zaghouan","status":"publish","type":"post","link":"https:\/\/www.webdo.tn\/fr\/actualite\/international\/11e-congres-international-corpus-darcheologie-ottomane-zaghouan\/184344\/","title":{"rendered":"Le 11e congr\u00e8s international sur le corpus d\u2019arch\u00e9ologie ottomane \u00e0 Zaghouan"},"content":{"rendered":"<p>Le 11e congr\u00e8s international sur le corpus d\u2019arch\u00e9ologie ottomane aura lieu \u00e0 Zaghouan les 18, 19 et 20 septembre 2014, annonce la Fondation Temimi . Ce congr\u00e8s se penchera notamment sur la n\u00e9cessit\u00e9 d\u2019\u00e9tablir une carte des sites et monuments dans l&rsquo;espace g\u00e9ographique ottoman et un corpus des inscriptions fun\u00e9raires et monuments religieux en tant que t\u00e9moins de la m\u00e9moire arabe durant l\u2019\u00e9poque ottomane.Le 11\u00e8me congr\u00e8s sur le corpus ottoman va rassembler une \u00e9lite d\u2019arch\u00e9ologues aux travaux tr\u00e8s vari\u00e9s portant sur des monuments religieux, des inscriptions relev\u00e9es dans de nombreux tombeaux plac\u00e9es aujourd\u2019hui dans les mus\u00e9es tunisiens, alg\u00e9riens, \u00e9gyptiens ou libyens. Ces inscriptions concernent des dignitaires arabes, confirmant ainsi l\u2019ouverture de l\u2019espace territorial ottoman aux savants, cheikhs, commer\u00e7ants et p\u00e8lerins se rendant aux Lieux Saints.<\/p>\n<p>Dans ce cadre, un arch\u00e9ologue a d\u00e9cid\u00e9 de se lancer dans la pr\u00e9paration d\u2019une carte des sites et monuments ottomans \u00e0 l\u2019\u00e9chelle des pays arabes. Ce travail qui n\u00e9cessite une coll\u00e9gialit\u00e9 et une collaboration de la part des institutions arabo-turques pour sauver ce qui peut l\u2019\u00eatre, est frein\u00e9, en partie \u00e0 cause de la n\u00e9gligence de ces responsables arabes et turcs, pr\u00e9cisent les organisateurs.<\/p>\n<p>Lors des conf\u00e9rences qui seront pr\u00e9sent\u00e9es au cours de ce congr\u00e8s, il sera question de diff\u00e9rentes inscriptions fun\u00e9raires dans l\u2019espace ottoman, de la construction et de la restauration des zaouias. Il s\u2019agira \u00e9galement de se pencher sur les inscriptions des monuments de la mutasawifa au Maghreb, lieux de rencontre des fid\u00e8les pour la pri\u00e8re ou pour suivre des le\u00e7ons de savants. Un appel est \u00e9galement lanc\u00e9 \u00e0 la Turquie qui a longtemps n\u00e9glig\u00e9 ce corpus, et aux arch\u00e9ologues turcs qui ne participent pas \u00e0 ce cycle de congr\u00e8s, entam\u00e9 il y a 18 ans.<\/p>\n<p>Ce congr\u00e8s s\u2019inscrit \u00e9galement dans ce contexte d\u2019\u00e9v\u00e9nements qui secouent les pays arabes et qui s\u2019accompagnent de destructions partielles ou totales des monuments historiques, de mosqu\u00e9es, cimeti\u00e8res ainsi que les zaouias et sanctuaires religieux. Et rien n\u2019a pu arr\u00eater ce processus de destruction, ni les autorit\u00e9s locales ni les lois internationales alors que des fouilles sur des sites arch\u00e9ologues ont \u00e9t\u00e9 endommag\u00e9es, des objets ont \u00e9t\u00e9 vol\u00e9s, plus aucune surveillance n\u2019est exerc\u00e9e et certains mus\u00e9es ont \u00e9t\u00e9 spoli\u00e9s sans que les autorit\u00e9s arabes, turques et internationales n\u2019aient pu faire grand-chose pour emp\u00eacher tout cela.<\/p>\n<p>\u00a0<\/p>\n<p>Liste des participants<\/p>\n<p> Abidi-Belhadj, Beya (Institut Sup\u00e9rieur des Etudes Appliqu\u00e9es en Humanit\u00e9s-Gafsa) : \u00ab\u00a0Les vill\u00e9giaturesaux environs de la ville de Tunis \u00e0 l\u2019\u00e9poque ottomane: Quelques aspects del&rsquo;expansion urbaine de la campagne de proximit\u00e9\u00a0\u00bb<\/p>\n<p> Beldjouzia, Bouabdallah (Univ.Boubaker Belkaed, Tlemcen) : \u00ab\u00a0les construction architecturales du Bey MohamedBen Othman El-Kebir dans l\u2019Oranais\u00a0\u00bb<\/p>\n<p> Benbella, Khira (Institut d\u2019Arch\u00e9ologie, Univ d\u2019Alger2) : \u00ab\u00a0Les monuments religieux dans la ville d\u2019Alger \u00e0 l\u2019\u00e9poqueottomane \u00e0 travers les travaux du Prof. Albert Devaux\u00a0\u00bb<\/p>\n<p> Ben Mefteh, Toffaha (Doctorante \u00e0 l\u2019Universit\u00e9 de Tunis) : \u00ab\u00a0Les plus c\u00e9l\u00e8bres Zaouia \u00e0 Ras El Jebel (Bizerte) durant les 18 et 19\u00e8me si\u00e8cles\u00a0\u00bb<\/p>\n<p> Ben Sassi, Ali, (Universit\u00e9 de Provence) : \u00ab\u00a0Inscriptions de Tripolitaine :quelques r\u00e9flexions sur l\u2019\u00e9tablissement d\u2019un corpus d\u2019\u00e9pigraphie ottomane\u00a0\u00bb<\/p>\n<p> Dahdouh Abdelkader( Centre Universitaire de Tipaza \u2013 Alg\u00e9rie) : \u00ab\u00a0Etude syst\u00e9matique de la composition des t\u00e9moignages fun\u00e9raires \u00e0 Alger \u00e0 l\u2019\u00e9poque ottomane\u00a0\u00bb<\/p>\n<p> Daoulatli Abdelaziz (Institut National du Patrimoine &#8211; Tunis) : \u00ab\u00a0Quelques inscriptions d&rsquo;\u00e9poque ottomane et husseinite de la grande mosqu\u00e9e de Tunis\u00a0\u00bb<\/p>\n<p> Djaker Lahc\u00e8ne (Univ. Moaskar \u2013 Alger) : \u00ab\u00a0La mosqu\u00e9e de Ain-Al-Baydha : sa place historique et son r\u00f4le durant les deux\u00e9poques ottomanes\u00a0\u00bb<\/p>\n<p> Hamdouch, Zahira ( Centre Universitaire de Tipaza \u2013 Alg\u00e9rie) : \u00ab\u00a0Les tombeaux dans l\u2019Est alg\u00e9rien durant l\u2019\u00e9poque ottomane\u00a0\u00bb<\/p>\n<p> Hsayri, Ramla (Institut National du Patrimoine \u2013 Tunis) : \u00ab\u00a0A propos d\u2019une inscription de l\u2019histoire de l\u2019usine de phosphate de ElBattan 1254 Hejri\u00a0\u00bb<\/p>\n<p> Jarray, Fathi (Universitaire &#8211; Tunis) : \u00ab\u00a0Le corpus des inscriptionsdans l\u2019\u00eele de Djerba\u00a0\u00bb<\/p>\n<p> Laazizi Mohamed (Universitaire &#8211; Tunis) : \u00ab\u00a0Les monuments importantsdes femmes Mutasawefet dans la ville de Tunis \u00e0 l\u2019\u00e9poque ottomane\u00a0\u00bb<\/p>\n<p> Louati Mohamed (Institut National du Patrimoine \u2013 Tunis) : \u00ab\u00a0A propos des monuments de la ville de Sousse durant la premi\u00e8re moiti\u00e9 du 20\u00e8me si\u00e8cle \u00e0 travers un deftar des awkafs n\u00b0 8500\u00a0\u00bb<\/p>\n<p> Mehtari Fayza (Univ. Boubaker Belkaed, Tlemcen) : \u00ab\u00a0Les inscriptions fun\u00e9raires des savants arabes durant l\u2019\u00e9poque ottomane dans le Mus\u00e9e de Tlemcen\u00a0\u00bb<\/p>\n<p> Othman, Ammar, (Institut National du Patrimoine &#8211; Tunis) : \u00ab\u00a0Conservation et restauration de la Zawiyade S\u00eed\u00ee BelHassan al-Karray \u00e0 Sfax\u00a0\u00bb<\/p>\n<p> Nasser Zouheir ((Institut National du Patrimoine &#8211; Tunis) : \u00ab\u00a0Consid\u00e9ration sur les monuments religieux de la ville de Moknine au Sahel durant l\u2019\u00e9poque moderne\u00a0\u00bb<\/p>\n<p> Nechar Khadija (Institut d\u2019Arch\u00e9ologie \u2013 univ. d\u2019Alger) : \u00ab\u00a0Les monuments civiques dans la ville d\u2019Alger \u00e0 l\u2019\u00e9poque ottomane (les palais et les demeures)\u00a0\u00bb<\/p>\n<p> Saadaoui Ahmed (Laboratoire d\u2019Arch\u00e9ologie et monuments maghr\u00e9bins, Univ de la Manouba \u2013 Tunis) : \u00ab\u00a0Laturba de Kara Mustafa Dey : un monument fun\u00e9raire tunisois du d\u00e9but du XVIIIe si\u00e8cle\u00a0\u00bb<\/p>\n<p> Tamelikecht Hadjira (Institut d\u2019Arch\u00e9ologie \u2013 Univ. d\u2019Alger) : \u00ab\u00a0Les monuments citadins dans la ville d\u2019Alger \u00e0 l\u2019\u00e9poque ottomane (les palais et les demeures)\u00a0\u00bb<\/p>\n<p> Yahiaoui Eloumeri (Univ. Boubaker Belkaed, Tlemcen) : \u00ab\u00a0Les inscriptions fun\u00e9raires : \u00e9tude sur l\u2019opinion des Fukaha sur cette question et la position de l\u2019artiste musulman \u00e0 son \u00e9gard\u00a0\u00bb<\/p>\n","protected":false},"excerpt":{"rendered":"<p>Le 11e congr\u00e8s international sur le corpus d\u2019arch\u00e9ologie ottomane \u00e0 Zaghouan<\/p>\n","protected":false},"author":3222,"featured_media":331557,"comment_status":"open","ping_status":"closed","sticky":false,"template":"","format":"standard","meta":{"footnotes":""},"categories":[2598],"tags":[],"class_list":["post-184344","post","type-post","status-publish","format-standard","has-post-thumbnail","hentry","category-international"],"yoast_head":"<!-- This site is optimized with the Yoast SEO Premium plugin v27.5 (Yoast SEO v27.5) - https:\/\/yoast.com\/product\/yoast-seo-premium-wordpress\/ -->\n<title>Le 11e congr\u00e8s international sur le corpus d\u2019arch\u00e9ologie ottomane \u00e0 Zaghouan<\/title>\n<meta name=\"description\" content=\"Le 11e congr\u00e8s international sur le corpus d\u2019arch\u00e9ologie ottomane \u00e0 Zaghouan\" \/>\n<link rel=\"canonical\" href=\"https:\/\/www.webdo.tn\/fr\/actualite\/international\/11e-congres-international-corpus-darcheologie-ottomane-zaghouan\/184344\/\" \/>\n<meta property=\"og:locale\" content=\"fr_FR\" \/>\n<meta property=\"og:type\" content=\"article\" \/>\n<meta property=\"og:title\" content=\"Le 11e congr\u00e8s international sur le corpus d\u2019arch\u00e9ologie ottomane \u00e0 Zaghouan\" \/>\n<meta property=\"og:description\" content=\"Le 11e congr\u00e8s international sur le corpus d\u2019arch\u00e9ologie ottomane \u00e0 Zaghouan\" \/>\n<meta property=\"og:url\" content=\"https:\/\/www.webdo.tn\/fr\/actualite\/international\/11e-congres-international-corpus-darcheologie-ottomane-zaghouan\/184344\/\" \/>\n<meta property=\"og:site_name\" content=\"webdo\" \/>\n<meta property=\"article:publisher\" content=\"https:\/\/www.facebook.com\/webdotn\" \/>\n<meta property=\"article:published_time\" content=\"2014-08-29T12:03:00+00:00\" \/>\n<meta property=\"article:modified_time\" content=\"2025-05-22T13:05:53+00:00\" \/>\n<meta property=\"og:image\" content=\"https:\/\/www.webdo.tn\/fr\/wp-content\/uploads\/2014\/08\/Les-ruines-d-une-mosquee-Ottomane.jpg\" \/>\n\t<meta property=\"og:image:width\" content=\"500\" \/>\n\t<meta property=\"og:image:height\" content=\"375\" \/>\n\t<meta property=\"og:image:type\" content=\"image\/jpeg\" \/>\n<meta name=\"author\" content=\"webdo.tn\" \/>\n<meta name=\"twitter:card\" content=\"summary_large_image\" \/>\n<meta name=\"twitter:creator\" content=\"@webdo_tn\" \/>\n<meta name=\"twitter:site\" content=\"@webdo_tn\" \/>\n<meta name=\"twitter:label1\" content=\"\u00c9crit par\" \/>\n\t<meta name=\"twitter:data1\" content=\"webdo.tn\" \/>\n\t<meta name=\"twitter:label2\" content=\"Dur\u00e9e de lecture estim\u00e9e\" \/>\n\t<meta name=\"twitter:data2\" content=\"5 minutes\" \/>\n<script type=\"application\/ld+json\" class=\"yoast-schema-graph\">{\"@context\":\"https:\\\/\\\/schema.org\",\"@graph\":[{\"@type\":\"NewsArticle\",\"@id\":\"https:\\\/\\\/www.webdo.tn\\\/fr\\\/actualite\\\/international\\\/11e-congres-international-corpus-darcheologie-ottomane-zaghouan\\\/184344\\\/#article\",\"isPartOf\":{\"@id\":\"https:\\\/\\\/www.webdo.tn\\\/fr\\\/actualite\\\/international\\\/11e-congres-international-corpus-darcheologie-ottomane-zaghouan\\\/184344\\\/\"},\"author\":{\"name\":\"webdo.tn\",\"@id\":\"https:\\\/\\\/www.webdo.tn\\\/fr\\\/#\\\/schema\\\/person\\\/9a9c6118d687c117df8ef3cc36a4d175\"},\"headline\":\"Le 11e congr\u00e8s international sur le corpus d\u2019arch\u00e9ologie ottomane \u00e0 Zaghouan\",\"datePublished\":\"2014-08-29T12:03:00+00:00\",\"dateModified\":\"2025-05-22T13:05:53+00:00\",\"mainEntityOfPage\":{\"@id\":\"https:\\\/\\\/www.webdo.tn\\\/fr\\\/actualite\\\/international\\\/11e-congres-international-corpus-darcheologie-ottomane-zaghouan\\\/184344\\\/\"},\"wordCount\":924,\"commentCount\":0,\"publisher\":{\"@id\":\"https:\\\/\\\/www.webdo.tn\\\/fr\\\/#organization\"},\"image\":{\"@id\":\"https:\\\/\\\/www.webdo.tn\\\/fr\\\/actualite\\\/international\\\/11e-congres-international-corpus-darcheologie-ottomane-zaghouan\\\/184344\\\/#primaryimage\"},\"thumbnailUrl\":\"https:\\\/\\\/www.webdo.tn\\\/fr\\\/wp-content\\\/uploads\\\/2014\\\/08\\\/Les-ruines-d-une-mosquee-Ottomane.jpg\",\"articleSection\":[\"International\"],\"inLanguage\":\"fr-FR\"},{\"@type\":\"WebPage\",\"@id\":\"https:\\\/\\\/www.webdo.tn\\\/fr\\\/actualite\\\/international\\\/11e-congres-international-corpus-darcheologie-ottomane-zaghouan\\\/184344\\\/\",\"url\":\"https:\\\/\\\/www.webdo.tn\\\/fr\\\/actualite\\\/international\\\/11e-congres-international-corpus-darcheologie-ottomane-zaghouan\\\/184344\\\/\",\"name\":\"Le 11e congr\u00e8s international sur le corpus d\u2019arch\u00e9ologie ottomane \u00e0 Zaghouan\",\"isPartOf\":{\"@id\":\"https:\\\/\\\/www.webdo.tn\\\/fr\\\/#website\"},\"primaryImageOfPage\":{\"@id\":\"https:\\\/\\\/www.webdo.tn\\\/fr\\\/actualite\\\/international\\\/11e-congres-international-corpus-darcheologie-ottomane-zaghouan\\\/184344\\\/#primaryimage\"},\"image\":{\"@id\":\"https:\\\/\\\/www.webdo.tn\\\/fr\\\/actualite\\\/international\\\/11e-congres-international-corpus-darcheologie-ottomane-zaghouan\\\/184344\\\/#primaryimage\"},\"thumbnailUrl\":\"https:\\\/\\\/www.webdo.tn\\\/fr\\\/wp-content\\\/uploads\\\/2014\\\/08\\\/Les-ruines-d-une-mosquee-Ottomane.jpg\",\"datePublished\":\"2014-08-29T12:03:00+00:00\",\"dateModified\":\"2025-05-22T13:05:53+00:00\",\"description\":\"Le 11e congr\u00e8s international sur le corpus d\u2019arch\u00e9ologie ottomane \u00e0 Zaghouan\",\"breadcrumb\":{\"@id\":\"https:\\\/\\\/www.webdo.tn\\\/fr\\\/actualite\\\/international\\\/11e-congres-international-corpus-darcheologie-ottomane-zaghouan\\\/184344\\\/#breadcrumb\"},\"inLanguage\":\"fr-FR\",\"potentialAction\":[{\"@type\":\"ReadAction\",\"target\":[\"https:\\\/\\\/www.webdo.tn\\\/fr\\\/actualite\\\/international\\\/11e-congres-international-corpus-darcheologie-ottomane-zaghouan\\\/184344\\\/\"]}]},{\"@type\":\"ImageObject\",\"inLanguage\":\"fr-FR\",\"@id\":\"https:\\\/\\\/www.webdo.tn\\\/fr\\\/actualite\\\/international\\\/11e-congres-international-corpus-darcheologie-ottomane-zaghouan\\\/184344\\\/#primaryimage\",\"url\":\"https:\\\/\\\/www.webdo.tn\\\/fr\\\/wp-content\\\/uploads\\\/2014\\\/08\\\/Les-ruines-d-une-mosquee-Ottomane.jpg\",\"contentUrl\":\"https:\\\/\\\/www.webdo.tn\\\/fr\\\/wp-content\\\/uploads\\\/2014\\\/08\\\/Les-ruines-d-une-mosquee-Ottomane.jpg\",\"width\":500,\"height\":375,\"caption\":\"Le 11e congr\u00e8s international sur le corpus d\u2019arch\u00e9ologie ottomane \u00e0 Zaghouan\"},{\"@type\":\"BreadcrumbList\",\"@id\":\"https:\\\/\\\/www.webdo.tn\\\/fr\\\/actualite\\\/international\\\/11e-congres-international-corpus-darcheologie-ottomane-zaghouan\\\/184344\\\/#breadcrumb\",\"itemListElement\":[{\"@type\":\"ListItem\",\"position\":1,\"name\":\"Accueil\",\"item\":\"https:\\\/\\\/www.webdo.tn\\\/fr\\\/\"},{\"@type\":\"ListItem\",\"position\":2,\"name\":\"Le 11e congr\u00e8s international sur le corpus d\u2019arch\u00e9ologie ottomane \u00e0 Zaghouan\"}]},{\"@type\":\"WebSite\",\"@id\":\"https:\\\/\\\/www.webdo.tn\\\/fr\\\/#website\",\"url\":\"https:\\\/\\\/www.webdo.tn\\\/fr\\\/\",\"name\":\"webdo\",\"description\":\"Tunisie - News en Tunisie et \u00e0 l&#039;international sur Webdo.tn\",\"publisher\":{\"@id\":\"https:\\\/\\\/www.webdo.tn\\\/fr\\\/#organization\"},\"potentialAction\":[{\"@type\":\"SearchAction\",\"target\":{\"@type\":\"EntryPoint\",\"urlTemplate\":\"https:\\\/\\\/www.webdo.tn\\\/fr\\\/?s={search_term_string}\"},\"query-input\":{\"@type\":\"PropertyValueSpecification\",\"valueRequired\":true,\"valueName\":\"search_term_string\"}}],\"inLanguage\":\"fr-FR\"},{\"@type\":\"Organization\",\"@id\":\"https:\\\/\\\/www.webdo.tn\\\/fr\\\/#organization\",\"name\":\"Webdo\",\"alternateName\":\"Webdo.tn\",\"url\":\"https:\\\/\\\/www.webdo.tn\\\/fr\\\/\",\"logo\":{\"@type\":\"ImageObject\",\"inLanguage\":\"fr-FR\",\"@id\":\"https:\\\/\\\/www.webdo.tn\\\/fr\\\/#\\\/schema\\\/logo\\\/image\\\/\",\"url\":\"https:\\\/\\\/www.webdo.tn\\\/fr\\\/wp-content\\\/uploads\\\/2025\\\/06\\\/Webdo-Tunisie_168377.jpg\",\"contentUrl\":\"https:\\\/\\\/www.webdo.tn\\\/fr\\\/wp-content\\\/uploads\\\/2025\\\/06\\\/Webdo-Tunisie_168377.jpg\",\"width\":301,\"height\":301,\"caption\":\"Webdo\"},\"image\":{\"@id\":\"https:\\\/\\\/www.webdo.tn\\\/fr\\\/#\\\/schema\\\/logo\\\/image\\\/\"},\"sameAs\":[\"https:\\\/\\\/www.facebook.com\\\/webdotn\",\"https:\\\/\\\/x.com\\\/webdo_tn\"],\"description\":\"Webdo est un m\u00e9dia num\u00e9rique tunisien fond\u00e9 en 2010, sp\u00e9cialis\u00e9 dans l\u2019actualit\u00e9 nationale et internationale, l\u2019\u00e9conomie, la soci\u00e9t\u00e9 et les analyses politiques. Le site s\u2019adresse \u00e0 un large public francophone et couvre l\u2019information tunisienne en temps r\u00e9el.\",\"email\":\"redac@webdo.tn\",\"legalName\":\"YNJ SARL\",\"foundingDate\":\"2010-09-06\",\"numberOfEmployees\":{\"@type\":\"QuantitativeValue\",\"minValue\":\"11\",\"maxValue\":\"50\"}},{\"@type\":\"Person\",\"@id\":\"https:\\\/\\\/www.webdo.tn\\\/fr\\\/#\\\/schema\\\/person\\\/9a9c6118d687c117df8ef3cc36a4d175\",\"name\":\"webdo.tn\",\"image\":{\"@type\":\"ImageObject\",\"inLanguage\":\"fr-FR\",\"@id\":\"https:\\\/\\\/secure.gravatar.com\\\/avatar\\\/7ce1f28c0c3bbac99ff550b85ef8e44a6950c6ee24514fb6a5489e51d06f0298?s=96&d=mm&r=g\",\"url\":\"https:\\\/\\\/secure.gravatar.com\\\/avatar\\\/7ce1f28c0c3bbac99ff550b85ef8e44a6950c6ee24514fb6a5489e51d06f0298?s=96&d=mm&r=g\",\"contentUrl\":\"https:\\\/\\\/secure.gravatar.com\\\/avatar\\\/7ce1f28c0c3bbac99ff550b85ef8e44a6950c6ee24514fb6a5489e51d06f0298?s=96&d=mm&r=g\",\"caption\":\"webdo.tn\"},\"url\":\"https:\\\/\\\/www.webdo.tn\\\/fr\\\/actualite\\\/author\\\/webdotn\\\/\"}]}<\/script>\n<!-- \/ Yoast SEO Premium plugin. -->","yoast_head_json":{"title":"Le 11e congr\u00e8s international sur le corpus d\u2019arch\u00e9ologie ottomane \u00e0 Zaghouan","description":"Le 11e congr\u00e8s international sur le corpus d\u2019arch\u00e9ologie ottomane \u00e0 Zaghouan","canonical":"https:\/\/www.webdo.tn\/fr\/actualite\/international\/11e-congres-international-corpus-darcheologie-ottomane-zaghouan\/184344\/","og_locale":"fr_FR","og_type":"article","og_title":"Le 11e congr\u00e8s international sur le corpus d\u2019arch\u00e9ologie ottomane \u00e0 Zaghouan","og_description":"Le 11e congr\u00e8s international sur le corpus d\u2019arch\u00e9ologie ottomane \u00e0 Zaghouan","og_url":"https:\/\/www.webdo.tn\/fr\/actualite\/international\/11e-congres-international-corpus-darcheologie-ottomane-zaghouan\/184344\/","og_site_name":"webdo","article_publisher":"https:\/\/www.facebook.com\/webdotn","article_published_time":"2014-08-29T12:03:00+00:00","article_modified_time":"2025-05-22T13:05:53+00:00","og_image":[{"width":500,"height":375,"url":"https:\/\/www.webdo.tn\/fr\/wp-content\/uploads\/2014\/08\/Les-ruines-d-une-mosquee-Ottomane.jpg","type":"image\/jpeg"}],"author":"webdo.tn","twitter_card":"summary_large_image","twitter_creator":"@webdo_tn","twitter_site":"@webdo_tn","twitter_misc":{"\u00c9crit par":"webdo.tn","Dur\u00e9e de lecture estim\u00e9e":"5 minutes"},"schema":{"@context":"https:\/\/schema.org","@graph":[{"@type":"NewsArticle","@id":"https:\/\/www.webdo.tn\/fr\/actualite\/international\/11e-congres-international-corpus-darcheologie-ottomane-zaghouan\/184344\/#article","isPartOf":{"@id":"https:\/\/www.webdo.tn\/fr\/actualite\/international\/11e-congres-international-corpus-darcheologie-ottomane-zaghouan\/184344\/"},"author":{"name":"webdo.tn","@id":"https:\/\/www.webdo.tn\/fr\/#\/schema\/person\/9a9c6118d687c117df8ef3cc36a4d175"},"headline":"Le 11e congr\u00e8s international sur le corpus d\u2019arch\u00e9ologie ottomane \u00e0 Zaghouan","datePublished":"2014-08-29T12:03:00+00:00","dateModified":"2025-05-22T13:05:53+00:00","mainEntityOfPage":{"@id":"https:\/\/www.webdo.tn\/fr\/actualite\/international\/11e-congres-international-corpus-darcheologie-ottomane-zaghouan\/184344\/"},"wordCount":924,"commentCount":0,"publisher":{"@id":"https:\/\/www.webdo.tn\/fr\/#organization"},"image":{"@id":"https:\/\/www.webdo.tn\/fr\/actualite\/international\/11e-congres-international-corpus-darcheologie-ottomane-zaghouan\/184344\/#primaryimage"},"thumbnailUrl":"https:\/\/www.webdo.tn\/fr\/wp-content\/uploads\/2014\/08\/Les-ruines-d-une-mosquee-Ottomane.jpg","articleSection":["International"],"inLanguage":"fr-FR"},{"@type":"WebPage","@id":"https:\/\/www.webdo.tn\/fr\/actualite\/international\/11e-congres-international-corpus-darcheologie-ottomane-zaghouan\/184344\/","url":"https:\/\/www.webdo.tn\/fr\/actualite\/international\/11e-congres-international-corpus-darcheologie-ottomane-zaghouan\/184344\/","name":"Le 11e congr\u00e8s international sur le corpus d\u2019arch\u00e9ologie ottomane \u00e0 Zaghouan","isPartOf":{"@id":"https:\/\/www.webdo.tn\/fr\/#website"},"primaryImageOfPage":{"@id":"https:\/\/www.webdo.tn\/fr\/actualite\/international\/11e-congres-international-corpus-darcheologie-ottomane-zaghouan\/184344\/#primaryimage"},"image":{"@id":"https:\/\/www.webdo.tn\/fr\/actualite\/international\/11e-congres-international-corpus-darcheologie-ottomane-zaghouan\/184344\/#primaryimage"},"thumbnailUrl":"https:\/\/www.webdo.tn\/fr\/wp-content\/uploads\/2014\/08\/Les-ruines-d-une-mosquee-Ottomane.jpg","datePublished":"2014-08-29T12:03:00+00:00","dateModified":"2025-05-22T13:05:53+00:00","description":"Le 11e congr\u00e8s international sur le corpus d\u2019arch\u00e9ologie ottomane \u00e0 Zaghouan","breadcrumb":{"@id":"https:\/\/www.webdo.tn\/fr\/actualite\/international\/11e-congres-international-corpus-darcheologie-ottomane-zaghouan\/184344\/#breadcrumb"},"inLanguage":"fr-FR","potentialAction":[{"@type":"ReadAction","target":["https:\/\/www.webdo.tn\/fr\/actualite\/international\/11e-congres-international-corpus-darcheologie-ottomane-zaghouan\/184344\/"]}]},{"@type":"ImageObject","inLanguage":"fr-FR","@id":"https:\/\/www.webdo.tn\/fr\/actualite\/international\/11e-congres-international-corpus-darcheologie-ottomane-zaghouan\/184344\/#primaryimage","url":"https:\/\/www.webdo.tn\/fr\/wp-content\/uploads\/2014\/08\/Les-ruines-d-une-mosquee-Ottomane.jpg","contentUrl":"https:\/\/www.webdo.tn\/fr\/wp-content\/uploads\/2014\/08\/Les-ruines-d-une-mosquee-Ottomane.jpg","width":500,"height":375,"caption":"Le 11e congr\u00e8s international sur le corpus d\u2019arch\u00e9ologie ottomane \u00e0 Zaghouan"},{"@type":"BreadcrumbList","@id":"https:\/\/www.webdo.tn\/fr\/actualite\/international\/11e-congres-international-corpus-darcheologie-ottomane-zaghouan\/184344\/#breadcrumb","itemListElement":[{"@type":"ListItem","position":1,"name":"Accueil","item":"https:\/\/www.webdo.tn\/fr\/"},{"@type":"ListItem","position":2,"name":"Le 11e congr\u00e8s international sur le corpus d\u2019arch\u00e9ologie ottomane \u00e0 Zaghouan"}]},{"@type":"WebSite","@id":"https:\/\/www.webdo.tn\/fr\/#website","url":"https:\/\/www.webdo.tn\/fr\/","name":"webdo","description":"Tunisie - News en Tunisie et \u00e0 l&#039;international sur Webdo.tn","publisher":{"@id":"https:\/\/www.webdo.tn\/fr\/#organization"},"potentialAction":[{"@type":"SearchAction","target":{"@type":"EntryPoint","urlTemplate":"https:\/\/www.webdo.tn\/fr\/?s={search_term_string}"},"query-input":{"@type":"PropertyValueSpecification","valueRequired":true,"valueName":"search_term_string"}}],"inLanguage":"fr-FR"},{"@type":"Organization","@id":"https:\/\/www.webdo.tn\/fr\/#organization","name":"Webdo","alternateName":"Webdo.tn","url":"https:\/\/www.webdo.tn\/fr\/","logo":{"@type":"ImageObject","inLanguage":"fr-FR","@id":"https:\/\/www.webdo.tn\/fr\/#\/schema\/logo\/image\/","url":"https:\/\/www.webdo.tn\/fr\/wp-content\/uploads\/2025\/06\/Webdo-Tunisie_168377.jpg","contentUrl":"https:\/\/www.webdo.tn\/fr\/wp-content\/uploads\/2025\/06\/Webdo-Tunisie_168377.jpg","width":301,"height":301,"caption":"Webdo"},"image":{"@id":"https:\/\/www.webdo.tn\/fr\/#\/schema\/logo\/image\/"},"sameAs":["https:\/\/www.facebook.com\/webdotn","https:\/\/x.com\/webdo_tn"],"description":"Webdo est un m\u00e9dia num\u00e9rique tunisien fond\u00e9 en 2010, sp\u00e9cialis\u00e9 dans l\u2019actualit\u00e9 nationale et internationale, l\u2019\u00e9conomie, la soci\u00e9t\u00e9 et les analyses politiques. Le site s\u2019adresse \u00e0 un large public francophone et couvre l\u2019information tunisienne en temps r\u00e9el.","email":"redac@webdo.tn","legalName":"YNJ SARL","foundingDate":"2010-09-06","numberOfEmployees":{"@type":"QuantitativeValue","minValue":"11","maxValue":"50"}},{"@type":"Person","@id":"https:\/\/www.webdo.tn\/fr\/#\/schema\/person\/9a9c6118d687c117df8ef3cc36a4d175","name":"webdo.tn","image":{"@type":"ImageObject","inLanguage":"fr-FR","@id":"https:\/\/secure.gravatar.com\/avatar\/7ce1f28c0c3bbac99ff550b85ef8e44a6950c6ee24514fb6a5489e51d06f0298?s=96&d=mm&r=g","url":"https:\/\/secure.gravatar.com\/avatar\/7ce1f28c0c3bbac99ff550b85ef8e44a6950c6ee24514fb6a5489e51d06f0298?s=96&d=mm&r=g","contentUrl":"https:\/\/secure.gravatar.com\/avatar\/7ce1f28c0c3bbac99ff550b85ef8e44a6950c6ee24514fb6a5489e51d06f0298?s=96&d=mm&r=g","caption":"webdo.tn"},"url":"https:\/\/www.webdo.tn\/fr\/actualite\/author\/webdotn\/"}]}},"_links":{"self":[{"href":"https:\/\/www.webdo.tn\/fr\/wp-json\/wp\/v2\/posts\/184344","targetHints":{"allow":["GET"]}}],"collection":[{"href":"https:\/\/www.webdo.tn\/fr\/wp-json\/wp\/v2\/posts"}],"about":[{"href":"https:\/\/www.webdo.tn\/fr\/wp-json\/wp\/v2\/types\/post"}],"author":[{"embeddable":true,"href":"https:\/\/www.webdo.tn\/fr\/wp-json\/wp\/v2\/users\/3222"}],"replies":[{"embeddable":true,"href":"https:\/\/www.webdo.tn\/fr\/wp-json\/wp\/v2\/comments?post=184344"}],"version-history":[{"count":0,"href":"https:\/\/www.webdo.tn\/fr\/wp-json\/wp\/v2\/posts\/184344\/revisions"}],"wp:featuredmedia":[{"embeddable":true,"href":"https:\/\/www.webdo.tn\/fr\/wp-json\/wp\/v2\/media\/331557"}],"wp:attachment":[{"href":"https:\/\/www.webdo.tn\/fr\/wp-json\/wp\/v2\/media?parent=184344"}],"wp:term":[{"taxonomy":"category","embeddable":true,"href":"https:\/\/www.webdo.tn\/fr\/wp-json\/wp\/v2\/categories?post=184344"},{"taxonomy":"post_tag","embeddable":true,"href":"https:\/\/www.webdo.tn\/fr\/wp-json\/wp\/v2\/tags?post=184344"}],"curies":[{"name":"wp","href":"https:\/\/api.w.org\/{rel}","templated":true}]}}