{"id":184343,"date":"2014-08-29T16:16:00","date_gmt":"2014-08-29T16:16:00","guid":{"rendered":"https:\/\/www.webdo.tn\/fr\/blog\/accord-cessez-feu-gaza-victoire-pyrrhus-les-palestiniens\/184343\/"},"modified":"2025-06-04T18:14:58","modified_gmt":"2025-06-04T18:14:58","slug":"accord-cessez-feu-gaza-victoire-pyrrhus-les-palestiniens","status":"publish","type":"post","link":"https:\/\/www.webdo.tn\/fr\/actualite\/international\/accord-cessez-feu-gaza-victoire-pyrrhus-les-palestiniens\/184343\/","title":{"rendered":"Accord de cessez-le feu \u00e0 Gaza : Qui a gagn\u00e9, les factions palestiniennes ou Isra\u00ebl ?"},"content":{"rendered":"<p>Les autorit\u00e9s palestiniennes et Isra\u00ebl sont finalement parvenus \u00e0 conclure un accord de cessez-le-feu apr\u00e8s 50 jours d&rsquo;un conflit d\u00e9vastateur qui a fait plus de 2.140 morts, plus de 11.000 bless\u00e9s et 475.000 d\u00e9plac\u00e9s c\u00f4t\u00e9 palestinien, et 69 morts c\u00f4t\u00e9 isra\u00e9lien.<\/p>\n<p>D&rsquo;apr\u00e8s les factions palestiniennes, ceci marque une victoire pour la r\u00e9sistance palestinienne. Mahmoud Zahar, un haut dirigeant du Hamas dans la bande de Gaza, et Mohamed al-Hindi, un des leaders du Jihad islamique, ont prononc\u00e9 un discours devant des milliers de Palestiniens r\u00e9unis dans le quartier de Rimal, dans l&rsquo;ouest de la ville de Gaza.<\/p>\n<p>\u00ab\u00a0Nous allons construire notre port et notre a\u00e9roport\u00a0\u00bb, a promis M. Zahar alors que son mouvement revendique la \u00ab\u00a0victoire\u00a0\u00bb.\u00a0 \u00ab\u00a0L&rsquo;avenir est \u00e0 nous, pas \u00e0 l&rsquo;occupant\u00a0\u00bb isra\u00e9lien, a encore lanc\u00e9 M. Zahar, promettant de \u00ab\u00a0reconstruire toutes les maisons\u00a0\u00bb.<\/p>\n<p>De son c\u00f4t\u00e9, le gouvernement isra\u00e9lien, revendique \u00e9galement la victoire. Pour Benyamin Netanyahu, la victoire d&rsquo;Isra\u00ebl ne fait aucun doute, notamment parce qu&rsquo;\u2019aucune concession n\u2019a \u00e9t\u00e9 faite au Hamas. \u00ab\u00a0Isra\u00ebl a gagn\u00e9. Le Hamas a \u00e9t\u00e9 s\u00e9v\u00e8rement battu comme jamais depuis sa cr\u00e9ation. Le Hamas n\u2019a obtenu aucune de ses revendications [en r\u00e9f\u00e9rence au port et \u00e0 l&rsquo;a\u00e9roport de Gaza ainsi qu&rsquo;\u00e0 la question des prisonniers palestiniens].<\/p>\n<p>En attendant de nouvelles n\u00e9gociations<\/p>\n<p>Ce cessez-le-feu est entr\u00e9 en vigueur mardi 26 ao\u00fbt, lib\u00e9rant 1,8 million de Gazaouis qui ont f\u00eat\u00e9 l\u2019\u00e9v\u00e9nement comme il se doit dans les rues de Gaza.<\/p>\n<p>Or, si les principaux points de la proposition \u00e9gyptienne ayant men\u00e9 \u00e0 l\u2019accord conclu sous l&rsquo;\u00e9gide du Caire suscitent beaucoup d\u2019espoirs, il n\u2019en demeure pas moins que de nombreux points sensibles (lib\u00e9ration de prisonniers palestiniens, ouverture d&rsquo;un a\u00e9roport \u00e0 Gaza, d\u00e9militarisation de Gaza) restent suspendus aux pourparlers pr\u00e9vus au Caire dans un mois.<\/p>\n<p>Pour l\u2019heure, les principaux points de \u00a0l&rsquo;accord du 26 ao\u00fbt sont :<\/p>\n<p> L&rsquo;ouverture imm\u00e9diate des points de passage reliant la bande de Gaza \u00e0 Isra\u00ebl afin d&rsquo;aider \u00e0 la reconstruction du territoire, pour des besoins humanitaires et des vivres ainsi que pour du mat\u00e9riel m\u00e9dical.<\/p>\n<p> L&rsquo;xtension des zones de p\u00eache de 3 \u00e0 6 miles nautiques. Selon les accords d&rsquo;Oslo de 1994, les p\u00eacheurs de Gaza ont le droit de naviguer jusqu&rsquo;\u00e0 20 miles. Mais cette distance a \u00e9t\u00e9 revue \u00e0 la baisse plusieurs fois par les Isra\u00e9liens, en r\u00e9ponse notamment \u00e0 des tirs de roquettes ou des attaques. Ces restrictions impos\u00e9es par Isra\u00ebl doivent \u00eatre lev\u00e9es et passer \u00e0 6 miles ((environ 9,6 kilom\u00e8tres) puis \u00e0 12 miles.<\/p>\n<p>Par ailleurs, pour le premier accord, datant du 15 juillet, l&rsquo;obligation a \u00e9t\u00e9 faite aux deux parties de stopper les hostilit\u00e9s et d&rsquo;inviter les deux parties \u00e0 des n\u00e9gociations.<\/p>\n<p>Le seul nouveau point serait le retour aux 6 miles pour les p\u00eacheurs<\/p>\n<p>Pour les p\u00eacheurs gazaouis, l\u2019extension de la zone de p\u00eache ne serait pas une nouveaut\u00e9. \u00abRien n\u2019a chang\u00e9 pour nous ! Avant la guerre on \u00e9tait \u00e0 6 miles, c\u2019est pass\u00e9 \u00e0 3, la veille des combats, et l\u00e0 on revient \u00e0 6 miles ! Et dans cette zone, de toute fa\u00e7on, on ne trouve pas de poisson !\u00bb, d\u00e9clare un p\u00eacheur \u00e0 RFI.<\/p>\n<p>Ces restrictions doivent passer \u00e0 12 miles mais \u00e0 Gaza, personne ne veut y croire. Les p\u00eacheurs se rappellent encore de l\u2019accord conclu en 2012 avec Isra\u00ebl et l\u2019Egypte qui pr\u00e9voyait d\u2019\u00e9tendre la zone de p\u00eache jusqu\u2019\u00e0 9 miles. Un accord jamais mis en application par les Isra\u00e9liens.<\/p>\n<p> La proposition \u00e9gyptienne \u00e9voque \u00abla lib\u00e9ration de prisonniers palestiniens en \u00e9change des corps des soldats isra\u00e9liens tu\u00e9s. Plus de 5000 Palestiniens sont emprisonn\u00e9s en Isra\u00ebl. Le Hamas, qui contr\u00f4le la bande de Gaza, souhaite la lib\u00e9ration de la soixantaine de prisonniers qui avaient \u00e9t\u00e9 rel\u00e2ch\u00e9s en 2011 en \u00e9change du soldat Shalit et qui ont \u00e0 nouveau \u00e9t\u00e9 emprisonn\u00e9s, en juin, apr\u00e8s l&rsquo;enl\u00e8vement et le meurtre de trois jeunes Isra\u00e9liens en Cisjordanie occup\u00e9e.<\/p>\n<p> Les Palestiniens exigent, en outre, la r\u00e9ouverture de l&rsquo;a\u00e9roport de Gaza et la possibilit\u00e9 de r\u00e9utiliser le port maritime.<\/p>\n<p> Les Palestiniens demandent la lev\u00e9e du blocus, ce que les Isra\u00e9liens refusent tant que Gaza ne sera pas totalement d\u00e9militaris\u00e9.<\/p>\n<p>Ces trois derniers points seront de nouveau l&rsquo;objet de n\u00e9gociations indirectes entre Isra\u00e9liens et Palestiniens dans un mois, mais ils ont des chances minimes d\u2019\u00eatre exauc\u00e9s selon les conditions palestiniennes.<\/p>\n","protected":false},"excerpt":{"rendered":"<p>Accord de cessez-le feu \u00e0 Gaza : Qui a gagn\u00e9, les factions palestiniennes ou Isra\u00ebl ? <\/p>\n","protected":false},"author":3222,"featured_media":334920,"comment_status":"open","ping_status":"closed","sticky":false,"template":"","format":"standard","meta":{"footnotes":""},"categories":[2598],"tags":[],"class_list":["post-184343","post","type-post","status-publish","format-standard","has-post-thumbnail","hentry","category-international"],"yoast_head":"<!-- This site is optimized with the Yoast SEO Premium plugin v27.5 (Yoast SEO v27.5) - https:\/\/yoast.com\/product\/yoast-seo-premium-wordpress\/ -->\n<title>Accord de cessez-le feu \u00e0 Gaza : Qui a gagn\u00e9, les factions palestiniennes ou Isra\u00ebl ?<\/title>\n<meta name=\"description\" content=\"Accord de cessez-le feu \u00e0 Gaza : Qui a gagn\u00e9, les factions palestiniennes ou Isra\u00ebl ?\" \/>\n<link rel=\"canonical\" href=\"https:\/\/www.webdo.tn\/fr\/actualite\/international\/accord-cessez-feu-gaza-victoire-pyrrhus-les-palestiniens\/184343\/\" \/>\n<meta property=\"og:locale\" content=\"fr_FR\" \/>\n<meta property=\"og:type\" content=\"article\" \/>\n<meta property=\"og:title\" content=\"Accord de cessez-le feu \u00e0 Gaza : Qui a gagn\u00e9, les factions palestiniennes ou Isra\u00ebl ?\" \/>\n<meta property=\"og:description\" content=\"Accord de cessez-le feu \u00e0 Gaza : Qui a gagn\u00e9, les factions palestiniennes ou Isra\u00ebl ?\" \/>\n<meta property=\"og:url\" content=\"https:\/\/www.webdo.tn\/fr\/actualite\/international\/accord-cessez-feu-gaza-victoire-pyrrhus-les-palestiniens\/184343\/\" \/>\n<meta property=\"og:site_name\" content=\"webdo\" \/>\n<meta property=\"article:publisher\" content=\"https:\/\/www.facebook.com\/webdotn\" \/>\n<meta property=\"article:published_time\" content=\"2014-08-29T16:16:00+00:00\" \/>\n<meta property=\"article:modified_time\" content=\"2025-06-04T18:14:58+00:00\" \/>\n<meta property=\"og:image\" content=\"https:\/\/www.webdo.tn\/fr\/wp-content\/uploads\/2014\/08\/liesse-palestinienne-ism-france.org_.jpg\" \/>\n\t<meta property=\"og:image:width\" content=\"500\" \/>\n\t<meta property=\"og:image:height\" content=\"333\" \/>\n\t<meta property=\"og:image:type\" content=\"image\/jpeg\" \/>\n<meta name=\"author\" content=\"webdo.tn\" \/>\n<meta name=\"twitter:card\" content=\"summary_large_image\" \/>\n<meta name=\"twitter:creator\" content=\"@webdo_tn\" \/>\n<meta name=\"twitter:site\" content=\"@webdo_tn\" \/>\n<meta name=\"twitter:label1\" content=\"\u00c9crit par\" \/>\n\t<meta name=\"twitter:data1\" content=\"webdo.tn\" \/>\n\t<meta name=\"twitter:label2\" content=\"Dur\u00e9e de lecture estim\u00e9e\" \/>\n\t<meta name=\"twitter:data2\" content=\"4 minutes\" \/>\n<script type=\"application\/ld+json\" class=\"yoast-schema-graph\">{\"@context\":\"https:\\\/\\\/schema.org\",\"@graph\":[{\"@type\":\"NewsArticle\",\"@id\":\"https:\\\/\\\/www.webdo.tn\\\/fr\\\/actualite\\\/international\\\/accord-cessez-feu-gaza-victoire-pyrrhus-les-palestiniens\\\/184343\\\/#article\",\"isPartOf\":{\"@id\":\"https:\\\/\\\/www.webdo.tn\\\/fr\\\/actualite\\\/international\\\/accord-cessez-feu-gaza-victoire-pyrrhus-les-palestiniens\\\/184343\\\/\"},\"author\":{\"name\":\"webdo.tn\",\"@id\":\"https:\\\/\\\/www.webdo.tn\\\/fr\\\/#\\\/schema\\\/person\\\/9a9c6118d687c117df8ef3cc36a4d175\"},\"headline\":\"Accord de cessez-le feu \u00e0 Gaza : Qui a gagn\u00e9, les factions palestiniennes ou Isra\u00ebl ?\",\"datePublished\":\"2014-08-29T16:16:00+00:00\",\"dateModified\":\"2025-06-04T18:14:58+00:00\",\"mainEntityOfPage\":{\"@id\":\"https:\\\/\\\/www.webdo.tn\\\/fr\\\/actualite\\\/international\\\/accord-cessez-feu-gaza-victoire-pyrrhus-les-palestiniens\\\/184343\\\/\"},\"wordCount\":782,\"commentCount\":0,\"publisher\":{\"@id\":\"https:\\\/\\\/www.webdo.tn\\\/fr\\\/#organization\"},\"image\":{\"@id\":\"https:\\\/\\\/www.webdo.tn\\\/fr\\\/actualite\\\/international\\\/accord-cessez-feu-gaza-victoire-pyrrhus-les-palestiniens\\\/184343\\\/#primaryimage\"},\"thumbnailUrl\":\"https:\\\/\\\/www.webdo.tn\\\/fr\\\/wp-content\\\/uploads\\\/2014\\\/08\\\/liesse-palestinienne-ism-france.org_.jpg\",\"articleSection\":[\"International\"],\"inLanguage\":\"fr-FR\"},{\"@type\":\"WebPage\",\"@id\":\"https:\\\/\\\/www.webdo.tn\\\/fr\\\/actualite\\\/international\\\/accord-cessez-feu-gaza-victoire-pyrrhus-les-palestiniens\\\/184343\\\/\",\"url\":\"https:\\\/\\\/www.webdo.tn\\\/fr\\\/actualite\\\/international\\\/accord-cessez-feu-gaza-victoire-pyrrhus-les-palestiniens\\\/184343\\\/\",\"name\":\"Accord de cessez-le feu \u00e0 Gaza : Qui a gagn\u00e9, les factions palestiniennes ou Isra\u00ebl ?\",\"isPartOf\":{\"@id\":\"https:\\\/\\\/www.webdo.tn\\\/fr\\\/#website\"},\"primaryImageOfPage\":{\"@id\":\"https:\\\/\\\/www.webdo.tn\\\/fr\\\/actualite\\\/international\\\/accord-cessez-feu-gaza-victoire-pyrrhus-les-palestiniens\\\/184343\\\/#primaryimage\"},\"image\":{\"@id\":\"https:\\\/\\\/www.webdo.tn\\\/fr\\\/actualite\\\/international\\\/accord-cessez-feu-gaza-victoire-pyrrhus-les-palestiniens\\\/184343\\\/#primaryimage\"},\"thumbnailUrl\":\"https:\\\/\\\/www.webdo.tn\\\/fr\\\/wp-content\\\/uploads\\\/2014\\\/08\\\/liesse-palestinienne-ism-france.org_.jpg\",\"datePublished\":\"2014-08-29T16:16:00+00:00\",\"dateModified\":\"2025-06-04T18:14:58+00:00\",\"description\":\"Accord de cessez-le feu \u00e0 Gaza : Qui a gagn\u00e9, les factions palestiniennes ou Isra\u00ebl ?\",\"breadcrumb\":{\"@id\":\"https:\\\/\\\/www.webdo.tn\\\/fr\\\/actualite\\\/international\\\/accord-cessez-feu-gaza-victoire-pyrrhus-les-palestiniens\\\/184343\\\/#breadcrumb\"},\"inLanguage\":\"fr-FR\",\"potentialAction\":[{\"@type\":\"ReadAction\",\"target\":[\"https:\\\/\\\/www.webdo.tn\\\/fr\\\/actualite\\\/international\\\/accord-cessez-feu-gaza-victoire-pyrrhus-les-palestiniens\\\/184343\\\/\"]}]},{\"@type\":\"ImageObject\",\"inLanguage\":\"fr-FR\",\"@id\":\"https:\\\/\\\/www.webdo.tn\\\/fr\\\/actualite\\\/international\\\/accord-cessez-feu-gaza-victoire-pyrrhus-les-palestiniens\\\/184343\\\/#primaryimage\",\"url\":\"https:\\\/\\\/www.webdo.tn\\\/fr\\\/wp-content\\\/uploads\\\/2014\\\/08\\\/liesse-palestinienne-ism-france.org_.jpg\",\"contentUrl\":\"https:\\\/\\\/www.webdo.tn\\\/fr\\\/wp-content\\\/uploads\\\/2014\\\/08\\\/liesse-palestinienne-ism-france.org_.jpg\",\"width\":500,\"height\":333,\"caption\":\"Accord de cessez-le feu \u00e0 Gaza : Qui a gagn\u00e9, les factions palestiniennes ou Isra\u00ebl ?\"},{\"@type\":\"BreadcrumbList\",\"@id\":\"https:\\\/\\\/www.webdo.tn\\\/fr\\\/actualite\\\/international\\\/accord-cessez-feu-gaza-victoire-pyrrhus-les-palestiniens\\\/184343\\\/#breadcrumb\",\"itemListElement\":[{\"@type\":\"ListItem\",\"position\":1,\"name\":\"Accueil\",\"item\":\"https:\\\/\\\/www.webdo.tn\\\/fr\\\/\"},{\"@type\":\"ListItem\",\"position\":2,\"name\":\"Accord de cessez-le feu \u00e0 Gaza : Qui a gagn\u00e9, les factions palestiniennes ou Isra\u00ebl ?\"}]},{\"@type\":\"WebSite\",\"@id\":\"https:\\\/\\\/www.webdo.tn\\\/fr\\\/#website\",\"url\":\"https:\\\/\\\/www.webdo.tn\\\/fr\\\/\",\"name\":\"webdo\",\"description\":\"Tunisie - News en Tunisie et \u00e0 l&#039;international sur Webdo.tn\",\"publisher\":{\"@id\":\"https:\\\/\\\/www.webdo.tn\\\/fr\\\/#organization\"},\"potentialAction\":[{\"@type\":\"SearchAction\",\"target\":{\"@type\":\"EntryPoint\",\"urlTemplate\":\"https:\\\/\\\/www.webdo.tn\\\/fr\\\/?s={search_term_string}\"},\"query-input\":{\"@type\":\"PropertyValueSpecification\",\"valueRequired\":true,\"valueName\":\"search_term_string\"}}],\"inLanguage\":\"fr-FR\"},{\"@type\":\"Organization\",\"@id\":\"https:\\\/\\\/www.webdo.tn\\\/fr\\\/#organization\",\"name\":\"Webdo\",\"alternateName\":\"Webdo.tn\",\"url\":\"https:\\\/\\\/www.webdo.tn\\\/fr\\\/\",\"logo\":{\"@type\":\"ImageObject\",\"inLanguage\":\"fr-FR\",\"@id\":\"https:\\\/\\\/www.webdo.tn\\\/fr\\\/#\\\/schema\\\/logo\\\/image\\\/\",\"url\":\"https:\\\/\\\/www.webdo.tn\\\/fr\\\/wp-content\\\/uploads\\\/2025\\\/06\\\/Webdo-Tunisie_168377.jpg\",\"contentUrl\":\"https:\\\/\\\/www.webdo.tn\\\/fr\\\/wp-content\\\/uploads\\\/2025\\\/06\\\/Webdo-Tunisie_168377.jpg\",\"width\":301,\"height\":301,\"caption\":\"Webdo\"},\"image\":{\"@id\":\"https:\\\/\\\/www.webdo.tn\\\/fr\\\/#\\\/schema\\\/logo\\\/image\\\/\"},\"sameAs\":[\"https:\\\/\\\/www.facebook.com\\\/webdotn\",\"https:\\\/\\\/x.com\\\/webdo_tn\"],\"description\":\"Webdo est un m\u00e9dia num\u00e9rique tunisien fond\u00e9 en 2010, sp\u00e9cialis\u00e9 dans l\u2019actualit\u00e9 nationale et internationale, l\u2019\u00e9conomie, la soci\u00e9t\u00e9 et les analyses politiques. Le site s\u2019adresse \u00e0 un large public francophone et couvre l\u2019information tunisienne en temps r\u00e9el.\",\"email\":\"redac@webdo.tn\",\"legalName\":\"YNJ SARL\",\"foundingDate\":\"2010-09-06\",\"numberOfEmployees\":{\"@type\":\"QuantitativeValue\",\"minValue\":\"11\",\"maxValue\":\"50\"}},{\"@type\":\"Person\",\"@id\":\"https:\\\/\\\/www.webdo.tn\\\/fr\\\/#\\\/schema\\\/person\\\/9a9c6118d687c117df8ef3cc36a4d175\",\"name\":\"webdo.tn\",\"image\":{\"@type\":\"ImageObject\",\"inLanguage\":\"fr-FR\",\"@id\":\"https:\\\/\\\/secure.gravatar.com\\\/avatar\\\/7ce1f28c0c3bbac99ff550b85ef8e44a6950c6ee24514fb6a5489e51d06f0298?s=96&d=mm&r=g\",\"url\":\"https:\\\/\\\/secure.gravatar.com\\\/avatar\\\/7ce1f28c0c3bbac99ff550b85ef8e44a6950c6ee24514fb6a5489e51d06f0298?s=96&d=mm&r=g\",\"contentUrl\":\"https:\\\/\\\/secure.gravatar.com\\\/avatar\\\/7ce1f28c0c3bbac99ff550b85ef8e44a6950c6ee24514fb6a5489e51d06f0298?s=96&d=mm&r=g\",\"caption\":\"webdo.tn\"},\"url\":\"https:\\\/\\\/www.webdo.tn\\\/fr\\\/actualite\\\/author\\\/webdotn\\\/\"}]}<\/script>\n<!-- \/ Yoast SEO Premium plugin. -->","yoast_head_json":{"title":"Accord de cessez-le feu \u00e0 Gaza : Qui a gagn\u00e9, les factions palestiniennes ou Isra\u00ebl ?","description":"Accord de cessez-le feu \u00e0 Gaza : Qui a gagn\u00e9, les factions palestiniennes ou Isra\u00ebl ?","canonical":"https:\/\/www.webdo.tn\/fr\/actualite\/international\/accord-cessez-feu-gaza-victoire-pyrrhus-les-palestiniens\/184343\/","og_locale":"fr_FR","og_type":"article","og_title":"Accord de cessez-le feu \u00e0 Gaza : Qui a gagn\u00e9, les factions palestiniennes ou Isra\u00ebl ?","og_description":"Accord de cessez-le feu \u00e0 Gaza : Qui a gagn\u00e9, les factions palestiniennes ou Isra\u00ebl ?","og_url":"https:\/\/www.webdo.tn\/fr\/actualite\/international\/accord-cessez-feu-gaza-victoire-pyrrhus-les-palestiniens\/184343\/","og_site_name":"webdo","article_publisher":"https:\/\/www.facebook.com\/webdotn","article_published_time":"2014-08-29T16:16:00+00:00","article_modified_time":"2025-06-04T18:14:58+00:00","og_image":[{"width":500,"height":333,"url":"https:\/\/www.webdo.tn\/fr\/wp-content\/uploads\/2014\/08\/liesse-palestinienne-ism-france.org_.jpg","type":"image\/jpeg"}],"author":"webdo.tn","twitter_card":"summary_large_image","twitter_creator":"@webdo_tn","twitter_site":"@webdo_tn","twitter_misc":{"\u00c9crit par":"webdo.tn","Dur\u00e9e de lecture estim\u00e9e":"4 minutes"},"schema":{"@context":"https:\/\/schema.org","@graph":[{"@type":"NewsArticle","@id":"https:\/\/www.webdo.tn\/fr\/actualite\/international\/accord-cessez-feu-gaza-victoire-pyrrhus-les-palestiniens\/184343\/#article","isPartOf":{"@id":"https:\/\/www.webdo.tn\/fr\/actualite\/international\/accord-cessez-feu-gaza-victoire-pyrrhus-les-palestiniens\/184343\/"},"author":{"name":"webdo.tn","@id":"https:\/\/www.webdo.tn\/fr\/#\/schema\/person\/9a9c6118d687c117df8ef3cc36a4d175"},"headline":"Accord de cessez-le feu \u00e0 Gaza : Qui a gagn\u00e9, les factions palestiniennes ou Isra\u00ebl ?","datePublished":"2014-08-29T16:16:00+00:00","dateModified":"2025-06-04T18:14:58+00:00","mainEntityOfPage":{"@id":"https:\/\/www.webdo.tn\/fr\/actualite\/international\/accord-cessez-feu-gaza-victoire-pyrrhus-les-palestiniens\/184343\/"},"wordCount":782,"commentCount":0,"publisher":{"@id":"https:\/\/www.webdo.tn\/fr\/#organization"},"image":{"@id":"https:\/\/www.webdo.tn\/fr\/actualite\/international\/accord-cessez-feu-gaza-victoire-pyrrhus-les-palestiniens\/184343\/#primaryimage"},"thumbnailUrl":"https:\/\/www.webdo.tn\/fr\/wp-content\/uploads\/2014\/08\/liesse-palestinienne-ism-france.org_.jpg","articleSection":["International"],"inLanguage":"fr-FR"},{"@type":"WebPage","@id":"https:\/\/www.webdo.tn\/fr\/actualite\/international\/accord-cessez-feu-gaza-victoire-pyrrhus-les-palestiniens\/184343\/","url":"https:\/\/www.webdo.tn\/fr\/actualite\/international\/accord-cessez-feu-gaza-victoire-pyrrhus-les-palestiniens\/184343\/","name":"Accord de cessez-le feu \u00e0 Gaza : Qui a gagn\u00e9, les factions palestiniennes ou Isra\u00ebl ?","isPartOf":{"@id":"https:\/\/www.webdo.tn\/fr\/#website"},"primaryImageOfPage":{"@id":"https:\/\/www.webdo.tn\/fr\/actualite\/international\/accord-cessez-feu-gaza-victoire-pyrrhus-les-palestiniens\/184343\/#primaryimage"},"image":{"@id":"https:\/\/www.webdo.tn\/fr\/actualite\/international\/accord-cessez-feu-gaza-victoire-pyrrhus-les-palestiniens\/184343\/#primaryimage"},"thumbnailUrl":"https:\/\/www.webdo.tn\/fr\/wp-content\/uploads\/2014\/08\/liesse-palestinienne-ism-france.org_.jpg","datePublished":"2014-08-29T16:16:00+00:00","dateModified":"2025-06-04T18:14:58+00:00","description":"Accord de cessez-le feu \u00e0 Gaza : Qui a gagn\u00e9, les factions palestiniennes ou Isra\u00ebl ?","breadcrumb":{"@id":"https:\/\/www.webdo.tn\/fr\/actualite\/international\/accord-cessez-feu-gaza-victoire-pyrrhus-les-palestiniens\/184343\/#breadcrumb"},"inLanguage":"fr-FR","potentialAction":[{"@type":"ReadAction","target":["https:\/\/www.webdo.tn\/fr\/actualite\/international\/accord-cessez-feu-gaza-victoire-pyrrhus-les-palestiniens\/184343\/"]}]},{"@type":"ImageObject","inLanguage":"fr-FR","@id":"https:\/\/www.webdo.tn\/fr\/actualite\/international\/accord-cessez-feu-gaza-victoire-pyrrhus-les-palestiniens\/184343\/#primaryimage","url":"https:\/\/www.webdo.tn\/fr\/wp-content\/uploads\/2014\/08\/liesse-palestinienne-ism-france.org_.jpg","contentUrl":"https:\/\/www.webdo.tn\/fr\/wp-content\/uploads\/2014\/08\/liesse-palestinienne-ism-france.org_.jpg","width":500,"height":333,"caption":"Accord de cessez-le feu \u00e0 Gaza : Qui a gagn\u00e9, les factions palestiniennes ou Isra\u00ebl ?"},{"@type":"BreadcrumbList","@id":"https:\/\/www.webdo.tn\/fr\/actualite\/international\/accord-cessez-feu-gaza-victoire-pyrrhus-les-palestiniens\/184343\/#breadcrumb","itemListElement":[{"@type":"ListItem","position":1,"name":"Accueil","item":"https:\/\/www.webdo.tn\/fr\/"},{"@type":"ListItem","position":2,"name":"Accord de cessez-le feu \u00e0 Gaza : Qui a gagn\u00e9, les factions palestiniennes ou Isra\u00ebl ?"}]},{"@type":"WebSite","@id":"https:\/\/www.webdo.tn\/fr\/#website","url":"https:\/\/www.webdo.tn\/fr\/","name":"webdo","description":"Tunisie - News en Tunisie et \u00e0 l&#039;international sur Webdo.tn","publisher":{"@id":"https:\/\/www.webdo.tn\/fr\/#organization"},"potentialAction":[{"@type":"SearchAction","target":{"@type":"EntryPoint","urlTemplate":"https:\/\/www.webdo.tn\/fr\/?s={search_term_string}"},"query-input":{"@type":"PropertyValueSpecification","valueRequired":true,"valueName":"search_term_string"}}],"inLanguage":"fr-FR"},{"@type":"Organization","@id":"https:\/\/www.webdo.tn\/fr\/#organization","name":"Webdo","alternateName":"Webdo.tn","url":"https:\/\/www.webdo.tn\/fr\/","logo":{"@type":"ImageObject","inLanguage":"fr-FR","@id":"https:\/\/www.webdo.tn\/fr\/#\/schema\/logo\/image\/","url":"https:\/\/www.webdo.tn\/fr\/wp-content\/uploads\/2025\/06\/Webdo-Tunisie_168377.jpg","contentUrl":"https:\/\/www.webdo.tn\/fr\/wp-content\/uploads\/2025\/06\/Webdo-Tunisie_168377.jpg","width":301,"height":301,"caption":"Webdo"},"image":{"@id":"https:\/\/www.webdo.tn\/fr\/#\/schema\/logo\/image\/"},"sameAs":["https:\/\/www.facebook.com\/webdotn","https:\/\/x.com\/webdo_tn"],"description":"Webdo est un m\u00e9dia num\u00e9rique tunisien fond\u00e9 en 2010, sp\u00e9cialis\u00e9 dans l\u2019actualit\u00e9 nationale et internationale, l\u2019\u00e9conomie, la soci\u00e9t\u00e9 et les analyses politiques. Le site s\u2019adresse \u00e0 un large public francophone et couvre l\u2019information tunisienne en temps r\u00e9el.","email":"redac@webdo.tn","legalName":"YNJ SARL","foundingDate":"2010-09-06","numberOfEmployees":{"@type":"QuantitativeValue","minValue":"11","maxValue":"50"}},{"@type":"Person","@id":"https:\/\/www.webdo.tn\/fr\/#\/schema\/person\/9a9c6118d687c117df8ef3cc36a4d175","name":"webdo.tn","image":{"@type":"ImageObject","inLanguage":"fr-FR","@id":"https:\/\/secure.gravatar.com\/avatar\/7ce1f28c0c3bbac99ff550b85ef8e44a6950c6ee24514fb6a5489e51d06f0298?s=96&d=mm&r=g","url":"https:\/\/secure.gravatar.com\/avatar\/7ce1f28c0c3bbac99ff550b85ef8e44a6950c6ee24514fb6a5489e51d06f0298?s=96&d=mm&r=g","contentUrl":"https:\/\/secure.gravatar.com\/avatar\/7ce1f28c0c3bbac99ff550b85ef8e44a6950c6ee24514fb6a5489e51d06f0298?s=96&d=mm&r=g","caption":"webdo.tn"},"url":"https:\/\/www.webdo.tn\/fr\/actualite\/author\/webdotn\/"}]}},"_links":{"self":[{"href":"https:\/\/www.webdo.tn\/fr\/wp-json\/wp\/v2\/posts\/184343","targetHints":{"allow":["GET"]}}],"collection":[{"href":"https:\/\/www.webdo.tn\/fr\/wp-json\/wp\/v2\/posts"}],"about":[{"href":"https:\/\/www.webdo.tn\/fr\/wp-json\/wp\/v2\/types\/post"}],"author":[{"embeddable":true,"href":"https:\/\/www.webdo.tn\/fr\/wp-json\/wp\/v2\/users\/3222"}],"replies":[{"embeddable":true,"href":"https:\/\/www.webdo.tn\/fr\/wp-json\/wp\/v2\/comments?post=184343"}],"version-history":[{"count":0,"href":"https:\/\/www.webdo.tn\/fr\/wp-json\/wp\/v2\/posts\/184343\/revisions"}],"wp:featuredmedia":[{"embeddable":true,"href":"https:\/\/www.webdo.tn\/fr\/wp-json\/wp\/v2\/media\/334920"}],"wp:attachment":[{"href":"https:\/\/www.webdo.tn\/fr\/wp-json\/wp\/v2\/media?parent=184343"}],"wp:term":[{"taxonomy":"category","embeddable":true,"href":"https:\/\/www.webdo.tn\/fr\/wp-json\/wp\/v2\/categories?post=184343"},{"taxonomy":"post_tag","embeddable":true,"href":"https:\/\/www.webdo.tn\/fr\/wp-json\/wp\/v2\/tags?post=184343"}],"curies":[{"name":"wp","href":"https:\/\/api.w.org\/{rel}","templated":true}]}}