{"id":184342,"date":"2014-08-30T10:59:00","date_gmt":"2014-08-30T10:59:00","guid":{"rendered":"https:\/\/www.webdo.tn\/fr\/blog\/algerie-7-morts-crash-dun-avion-ukrainien-tamanrasset\/184342\/"},"modified":"2025-06-04T18:15:06","modified_gmt":"2025-06-04T18:15:06","slug":"algerie-7-morts-crash-dun-avion-ukrainien-tamanrasset","status":"publish","type":"post","link":"https:\/\/www.webdo.tn\/fr\/actualite\/international\/algerie-7-morts-crash-dun-avion-ukrainien-tamanrasset\/184342\/","title":{"rendered":"Alg\u00e9rie : 7 morts dans le crash d\u2019un avion ukrainien \u00e0 Tamanrasset"},"content":{"rendered":"<p>Un avion ukrainien s\u2019est \u00e9cras\u00e9, ce samedi 30 ao\u00fbt, au sud de l\u2019a\u00e9roport de Tamanrasset, rapporte l\u2019Agence APS, citant les services de la wilaya. Le crash a eu lieu \u00e0 2h40 du matin, rapporte la m\u00eame source.L\u2019appareil de type \u00abAntonov 12\u00bb s\u2019est \u00e9cras\u00e9 dans une zone montagneuse \u00e0 une quinzaine de kilom\u00e8tres au sud de l\u2019a\u00e9roport de Tamanrasset. Il y a avait \u00e0 bord sept personnes, tous membres de l\u2019\u00e9quipage. L\u2019appareil se rendait en Guin\u00e9e \u00e9quatoriale. L\u2019avion s\u2019est \u00e9cras\u00e9 12 minutes apr\u00e8s son d\u00e9collage.<\/p>\n<p>Pour l\u2019heure, des sources officielles locales ont confirm\u00e9 que les secours d\u00e9p\u00each\u00e9s par l\u2019arm\u00e9e alg\u00e9rienne ont pu retrouver 3 corps enti\u00e8rement carbonis\u00e9s, selon les m\u00e9dias alg\u00e9riens.<\/p>\n<p>Selon un communiqu\u00e9 du minist\u00e8re des Transports alg\u00e9rien relay\u00e9 par l&rsquo;APS, l&rsquo;avion \u00ab\u00a0a perdu contact avec la tour de contr\u00f4le de l&rsquo;a\u00e9rodrome de Tamanrasset trois minutes apr\u00e8s son d\u00e9collage \u00e0 partir dudit a\u00e9roport soit 1h44 mn GMT\u00a0\u00bb.<\/p>\n<p>L&rsquo;a\u00e9ronef en question, qui transportait des \u00e9quipements p\u00e9troliers, assurait un vol cargo \u00e0 partir de l&rsquo;a\u00e9roport Prestwick (Glasgow-UK) vers Malabo (Guin\u00e9e Equatoriale), avec plusieurs escales techniques dont les a\u00e9roports de Gharda\u00efa et Tamanrasset, pr\u00e9cise le minist\u00e8re.<\/p>\n","protected":false},"excerpt":{"rendered":"<p>Alg\u00e9rie : 7 morts dans le crash d\u2019un avion ukrainien \u00e0 Tamanrasset<\/p>\n","protected":false},"author":3222,"featured_media":320486,"comment_status":"open","ping_status":"closed","sticky":false,"template":"","format":"standard","meta":{"footnotes":""},"categories":[2598],"tags":[],"class_list":["post-184342","post","type-post","status-publish","format-standard","has-post-thumbnail","hentry","category-international"],"yoast_head":"<!-- This site is optimized with the Yoast SEO Premium plugin v27.5 (Yoast SEO v27.5) - https:\/\/yoast.com\/product\/yoast-seo-premium-wordpress\/ -->\n<title>Alg\u00e9rie : 7 morts dans le crash d\u2019un avion ukrainien \u00e0 Tamanrasset<\/title>\n<meta name=\"description\" content=\"Alg\u00e9rie : 7 morts dans le crash d\u2019un avion ukrainien \u00e0 Tamanrasset\" \/>\n<link rel=\"canonical\" href=\"https:\/\/www.webdo.tn\/fr\/actualite\/international\/algerie-7-morts-crash-dun-avion-ukrainien-tamanrasset\/184342\/\" \/>\n<meta property=\"og:locale\" content=\"fr_FR\" \/>\n<meta property=\"og:type\" content=\"article\" \/>\n<meta property=\"og:title\" content=\"Alg\u00e9rie : 7 morts dans le crash d\u2019un avion ukrainien \u00e0 Tamanrasset\" \/>\n<meta property=\"og:description\" content=\"Alg\u00e9rie : 7 morts dans le crash d\u2019un avion ukrainien \u00e0 Tamanrasset\" \/>\n<meta property=\"og:url\" content=\"https:\/\/www.webdo.tn\/fr\/actualite\/international\/algerie-7-morts-crash-dun-avion-ukrainien-tamanrasset\/184342\/\" \/>\n<meta property=\"og:site_name\" content=\"webdo\" \/>\n<meta property=\"article:publisher\" content=\"https:\/\/www.facebook.com\/webdotn\" \/>\n<meta property=\"article:published_time\" content=\"2014-08-30T10:59:00+00:00\" \/>\n<meta property=\"article:modified_time\" content=\"2025-06-04T18:15:06+00:00\" \/>\n<meta property=\"og:image\" content=\"https:\/\/www.webdo.tn\/fr\/wp-content\/uploads\/2014\/08\/Antonov-credit-photo-APS.jpg\" \/>\n\t<meta property=\"og:image:width\" content=\"442\" \/>\n\t<meta property=\"og:image:height\" content=\"250\" \/>\n\t<meta property=\"og:image:type\" content=\"image\/jpeg\" \/>\n<meta name=\"author\" content=\"webdo.tn\" \/>\n<meta name=\"twitter:card\" content=\"summary_large_image\" \/>\n<meta name=\"twitter:creator\" content=\"@webdo_tn\" \/>\n<meta name=\"twitter:site\" content=\"@webdo_tn\" \/>\n<meta name=\"twitter:label1\" content=\"\u00c9crit par\" \/>\n\t<meta name=\"twitter:data1\" content=\"webdo.tn\" \/>\n\t<meta name=\"twitter:label2\" content=\"Dur\u00e9e de lecture estim\u00e9e\" \/>\n\t<meta name=\"twitter:data2\" content=\"1 minute\" \/>\n<script type=\"application\/ld+json\" class=\"yoast-schema-graph\">{\"@context\":\"https:\\\/\\\/schema.org\",\"@graph\":[{\"@type\":\"NewsArticle\",\"@id\":\"https:\\\/\\\/www.webdo.tn\\\/fr\\\/actualite\\\/international\\\/algerie-7-morts-crash-dun-avion-ukrainien-tamanrasset\\\/184342\\\/#article\",\"isPartOf\":{\"@id\":\"https:\\\/\\\/www.webdo.tn\\\/fr\\\/actualite\\\/international\\\/algerie-7-morts-crash-dun-avion-ukrainien-tamanrasset\\\/184342\\\/\"},\"author\":{\"name\":\"webdo.tn\",\"@id\":\"https:\\\/\\\/www.webdo.tn\\\/fr\\\/#\\\/schema\\\/person\\\/9a9c6118d687c117df8ef3cc36a4d175\"},\"headline\":\"Alg\u00e9rie : 7 morts dans le crash d\u2019un avion ukrainien \u00e0 Tamanrasset\",\"datePublished\":\"2014-08-30T10:59:00+00:00\",\"dateModified\":\"2025-06-04T18:15:06+00:00\",\"mainEntityOfPage\":{\"@id\":\"https:\\\/\\\/www.webdo.tn\\\/fr\\\/actualite\\\/international\\\/algerie-7-morts-crash-dun-avion-ukrainien-tamanrasset\\\/184342\\\/\"},\"wordCount\":235,\"commentCount\":0,\"publisher\":{\"@id\":\"https:\\\/\\\/www.webdo.tn\\\/fr\\\/#organization\"},\"image\":{\"@id\":\"https:\\\/\\\/www.webdo.tn\\\/fr\\\/actualite\\\/international\\\/algerie-7-morts-crash-dun-avion-ukrainien-tamanrasset\\\/184342\\\/#primaryimage\"},\"thumbnailUrl\":\"https:\\\/\\\/www.webdo.tn\\\/fr\\\/wp-content\\\/uploads\\\/2014\\\/08\\\/Antonov-credit-photo-APS.jpg\",\"articleSection\":[\"International\"],\"inLanguage\":\"fr-FR\"},{\"@type\":\"WebPage\",\"@id\":\"https:\\\/\\\/www.webdo.tn\\\/fr\\\/actualite\\\/international\\\/algerie-7-morts-crash-dun-avion-ukrainien-tamanrasset\\\/184342\\\/\",\"url\":\"https:\\\/\\\/www.webdo.tn\\\/fr\\\/actualite\\\/international\\\/algerie-7-morts-crash-dun-avion-ukrainien-tamanrasset\\\/184342\\\/\",\"name\":\"Alg\u00e9rie : 7 morts dans le crash d\u2019un avion ukrainien \u00e0 Tamanrasset\",\"isPartOf\":{\"@id\":\"https:\\\/\\\/www.webdo.tn\\\/fr\\\/#website\"},\"primaryImageOfPage\":{\"@id\":\"https:\\\/\\\/www.webdo.tn\\\/fr\\\/actualite\\\/international\\\/algerie-7-morts-crash-dun-avion-ukrainien-tamanrasset\\\/184342\\\/#primaryimage\"},\"image\":{\"@id\":\"https:\\\/\\\/www.webdo.tn\\\/fr\\\/actualite\\\/international\\\/algerie-7-morts-crash-dun-avion-ukrainien-tamanrasset\\\/184342\\\/#primaryimage\"},\"thumbnailUrl\":\"https:\\\/\\\/www.webdo.tn\\\/fr\\\/wp-content\\\/uploads\\\/2014\\\/08\\\/Antonov-credit-photo-APS.jpg\",\"datePublished\":\"2014-08-30T10:59:00+00:00\",\"dateModified\":\"2025-06-04T18:15:06+00:00\",\"description\":\"Alg\u00e9rie : 7 morts dans le crash d\u2019un avion ukrainien \u00e0 Tamanrasset\",\"breadcrumb\":{\"@id\":\"https:\\\/\\\/www.webdo.tn\\\/fr\\\/actualite\\\/international\\\/algerie-7-morts-crash-dun-avion-ukrainien-tamanrasset\\\/184342\\\/#breadcrumb\"},\"inLanguage\":\"fr-FR\",\"potentialAction\":[{\"@type\":\"ReadAction\",\"target\":[\"https:\\\/\\\/www.webdo.tn\\\/fr\\\/actualite\\\/international\\\/algerie-7-morts-crash-dun-avion-ukrainien-tamanrasset\\\/184342\\\/\"]}]},{\"@type\":\"ImageObject\",\"inLanguage\":\"fr-FR\",\"@id\":\"https:\\\/\\\/www.webdo.tn\\\/fr\\\/actualite\\\/international\\\/algerie-7-morts-crash-dun-avion-ukrainien-tamanrasset\\\/184342\\\/#primaryimage\",\"url\":\"https:\\\/\\\/www.webdo.tn\\\/fr\\\/wp-content\\\/uploads\\\/2014\\\/08\\\/Antonov-credit-photo-APS.jpg\",\"contentUrl\":\"https:\\\/\\\/www.webdo.tn\\\/fr\\\/wp-content\\\/uploads\\\/2014\\\/08\\\/Antonov-credit-photo-APS.jpg\",\"width\":442,\"height\":250,\"caption\":\"Alg\u00e9rie : 7 morts dans le crash d\u2019un avion ukrainien \u00e0 Tamanrasset\"},{\"@type\":\"BreadcrumbList\",\"@id\":\"https:\\\/\\\/www.webdo.tn\\\/fr\\\/actualite\\\/international\\\/algerie-7-morts-crash-dun-avion-ukrainien-tamanrasset\\\/184342\\\/#breadcrumb\",\"itemListElement\":[{\"@type\":\"ListItem\",\"position\":1,\"name\":\"Accueil\",\"item\":\"https:\\\/\\\/www.webdo.tn\\\/fr\\\/\"},{\"@type\":\"ListItem\",\"position\":2,\"name\":\"Alg\u00e9rie : 7 morts dans le crash d\u2019un avion ukrainien \u00e0 Tamanrasset\"}]},{\"@type\":\"WebSite\",\"@id\":\"https:\\\/\\\/www.webdo.tn\\\/fr\\\/#website\",\"url\":\"https:\\\/\\\/www.webdo.tn\\\/fr\\\/\",\"name\":\"webdo\",\"description\":\"Tunisie - News en Tunisie et \u00e0 l&#039;international sur Webdo.tn\",\"publisher\":{\"@id\":\"https:\\\/\\\/www.webdo.tn\\\/fr\\\/#organization\"},\"potentialAction\":[{\"@type\":\"SearchAction\",\"target\":{\"@type\":\"EntryPoint\",\"urlTemplate\":\"https:\\\/\\\/www.webdo.tn\\\/fr\\\/?s={search_term_string}\"},\"query-input\":{\"@type\":\"PropertyValueSpecification\",\"valueRequired\":true,\"valueName\":\"search_term_string\"}}],\"inLanguage\":\"fr-FR\"},{\"@type\":\"Organization\",\"@id\":\"https:\\\/\\\/www.webdo.tn\\\/fr\\\/#organization\",\"name\":\"Webdo\",\"alternateName\":\"Webdo.tn\",\"url\":\"https:\\\/\\\/www.webdo.tn\\\/fr\\\/\",\"logo\":{\"@type\":\"ImageObject\",\"inLanguage\":\"fr-FR\",\"@id\":\"https:\\\/\\\/www.webdo.tn\\\/fr\\\/#\\\/schema\\\/logo\\\/image\\\/\",\"url\":\"https:\\\/\\\/www.webdo.tn\\\/fr\\\/wp-content\\\/uploads\\\/2025\\\/06\\\/Webdo-Tunisie_168377.jpg\",\"contentUrl\":\"https:\\\/\\\/www.webdo.tn\\\/fr\\\/wp-content\\\/uploads\\\/2025\\\/06\\\/Webdo-Tunisie_168377.jpg\",\"width\":301,\"height\":301,\"caption\":\"Webdo\"},\"image\":{\"@id\":\"https:\\\/\\\/www.webdo.tn\\\/fr\\\/#\\\/schema\\\/logo\\\/image\\\/\"},\"sameAs\":[\"https:\\\/\\\/www.facebook.com\\\/webdotn\",\"https:\\\/\\\/x.com\\\/webdo_tn\"],\"description\":\"Webdo est un m\u00e9dia num\u00e9rique tunisien fond\u00e9 en 2010, sp\u00e9cialis\u00e9 dans l\u2019actualit\u00e9 nationale et internationale, l\u2019\u00e9conomie, la soci\u00e9t\u00e9 et les analyses politiques. Le site s\u2019adresse \u00e0 un large public francophone et couvre l\u2019information tunisienne en temps r\u00e9el.\",\"email\":\"redac@webdo.tn\",\"legalName\":\"YNJ SARL\",\"foundingDate\":\"2010-09-06\",\"numberOfEmployees\":{\"@type\":\"QuantitativeValue\",\"minValue\":\"11\",\"maxValue\":\"50\"}},{\"@type\":\"Person\",\"@id\":\"https:\\\/\\\/www.webdo.tn\\\/fr\\\/#\\\/schema\\\/person\\\/9a9c6118d687c117df8ef3cc36a4d175\",\"name\":\"webdo.tn\",\"image\":{\"@type\":\"ImageObject\",\"inLanguage\":\"fr-FR\",\"@id\":\"https:\\\/\\\/secure.gravatar.com\\\/avatar\\\/7ce1f28c0c3bbac99ff550b85ef8e44a6950c6ee24514fb6a5489e51d06f0298?s=96&d=mm&r=g\",\"url\":\"https:\\\/\\\/secure.gravatar.com\\\/avatar\\\/7ce1f28c0c3bbac99ff550b85ef8e44a6950c6ee24514fb6a5489e51d06f0298?s=96&d=mm&r=g\",\"contentUrl\":\"https:\\\/\\\/secure.gravatar.com\\\/avatar\\\/7ce1f28c0c3bbac99ff550b85ef8e44a6950c6ee24514fb6a5489e51d06f0298?s=96&d=mm&r=g\",\"caption\":\"webdo.tn\"},\"url\":\"https:\\\/\\\/www.webdo.tn\\\/fr\\\/actualite\\\/author\\\/webdotn\\\/\"}]}<\/script>\n<!-- \/ Yoast SEO Premium plugin. -->","yoast_head_json":{"title":"Alg\u00e9rie : 7 morts dans le crash d\u2019un avion ukrainien \u00e0 Tamanrasset","description":"Alg\u00e9rie : 7 morts dans le crash d\u2019un avion ukrainien \u00e0 Tamanrasset","canonical":"https:\/\/www.webdo.tn\/fr\/actualite\/international\/algerie-7-morts-crash-dun-avion-ukrainien-tamanrasset\/184342\/","og_locale":"fr_FR","og_type":"article","og_title":"Alg\u00e9rie : 7 morts dans le crash d\u2019un avion ukrainien \u00e0 Tamanrasset","og_description":"Alg\u00e9rie : 7 morts dans le crash d\u2019un avion ukrainien \u00e0 Tamanrasset","og_url":"https:\/\/www.webdo.tn\/fr\/actualite\/international\/algerie-7-morts-crash-dun-avion-ukrainien-tamanrasset\/184342\/","og_site_name":"webdo","article_publisher":"https:\/\/www.facebook.com\/webdotn","article_published_time":"2014-08-30T10:59:00+00:00","article_modified_time":"2025-06-04T18:15:06+00:00","og_image":[{"width":442,"height":250,"url":"https:\/\/www.webdo.tn\/fr\/wp-content\/uploads\/2014\/08\/Antonov-credit-photo-APS.jpg","type":"image\/jpeg"}],"author":"webdo.tn","twitter_card":"summary_large_image","twitter_creator":"@webdo_tn","twitter_site":"@webdo_tn","twitter_misc":{"\u00c9crit par":"webdo.tn","Dur\u00e9e de lecture estim\u00e9e":"1 minute"},"schema":{"@context":"https:\/\/schema.org","@graph":[{"@type":"NewsArticle","@id":"https:\/\/www.webdo.tn\/fr\/actualite\/international\/algerie-7-morts-crash-dun-avion-ukrainien-tamanrasset\/184342\/#article","isPartOf":{"@id":"https:\/\/www.webdo.tn\/fr\/actualite\/international\/algerie-7-morts-crash-dun-avion-ukrainien-tamanrasset\/184342\/"},"author":{"name":"webdo.tn","@id":"https:\/\/www.webdo.tn\/fr\/#\/schema\/person\/9a9c6118d687c117df8ef3cc36a4d175"},"headline":"Alg\u00e9rie : 7 morts dans le crash d\u2019un avion ukrainien \u00e0 Tamanrasset","datePublished":"2014-08-30T10:59:00+00:00","dateModified":"2025-06-04T18:15:06+00:00","mainEntityOfPage":{"@id":"https:\/\/www.webdo.tn\/fr\/actualite\/international\/algerie-7-morts-crash-dun-avion-ukrainien-tamanrasset\/184342\/"},"wordCount":235,"commentCount":0,"publisher":{"@id":"https:\/\/www.webdo.tn\/fr\/#organization"},"image":{"@id":"https:\/\/www.webdo.tn\/fr\/actualite\/international\/algerie-7-morts-crash-dun-avion-ukrainien-tamanrasset\/184342\/#primaryimage"},"thumbnailUrl":"https:\/\/www.webdo.tn\/fr\/wp-content\/uploads\/2014\/08\/Antonov-credit-photo-APS.jpg","articleSection":["International"],"inLanguage":"fr-FR"},{"@type":"WebPage","@id":"https:\/\/www.webdo.tn\/fr\/actualite\/international\/algerie-7-morts-crash-dun-avion-ukrainien-tamanrasset\/184342\/","url":"https:\/\/www.webdo.tn\/fr\/actualite\/international\/algerie-7-morts-crash-dun-avion-ukrainien-tamanrasset\/184342\/","name":"Alg\u00e9rie : 7 morts dans le crash d\u2019un avion ukrainien \u00e0 Tamanrasset","isPartOf":{"@id":"https:\/\/www.webdo.tn\/fr\/#website"},"primaryImageOfPage":{"@id":"https:\/\/www.webdo.tn\/fr\/actualite\/international\/algerie-7-morts-crash-dun-avion-ukrainien-tamanrasset\/184342\/#primaryimage"},"image":{"@id":"https:\/\/www.webdo.tn\/fr\/actualite\/international\/algerie-7-morts-crash-dun-avion-ukrainien-tamanrasset\/184342\/#primaryimage"},"thumbnailUrl":"https:\/\/www.webdo.tn\/fr\/wp-content\/uploads\/2014\/08\/Antonov-credit-photo-APS.jpg","datePublished":"2014-08-30T10:59:00+00:00","dateModified":"2025-06-04T18:15:06+00:00","description":"Alg\u00e9rie : 7 morts dans le crash d\u2019un avion ukrainien \u00e0 Tamanrasset","breadcrumb":{"@id":"https:\/\/www.webdo.tn\/fr\/actualite\/international\/algerie-7-morts-crash-dun-avion-ukrainien-tamanrasset\/184342\/#breadcrumb"},"inLanguage":"fr-FR","potentialAction":[{"@type":"ReadAction","target":["https:\/\/www.webdo.tn\/fr\/actualite\/international\/algerie-7-morts-crash-dun-avion-ukrainien-tamanrasset\/184342\/"]}]},{"@type":"ImageObject","inLanguage":"fr-FR","@id":"https:\/\/www.webdo.tn\/fr\/actualite\/international\/algerie-7-morts-crash-dun-avion-ukrainien-tamanrasset\/184342\/#primaryimage","url":"https:\/\/www.webdo.tn\/fr\/wp-content\/uploads\/2014\/08\/Antonov-credit-photo-APS.jpg","contentUrl":"https:\/\/www.webdo.tn\/fr\/wp-content\/uploads\/2014\/08\/Antonov-credit-photo-APS.jpg","width":442,"height":250,"caption":"Alg\u00e9rie : 7 morts dans le crash d\u2019un avion ukrainien \u00e0 Tamanrasset"},{"@type":"BreadcrumbList","@id":"https:\/\/www.webdo.tn\/fr\/actualite\/international\/algerie-7-morts-crash-dun-avion-ukrainien-tamanrasset\/184342\/#breadcrumb","itemListElement":[{"@type":"ListItem","position":1,"name":"Accueil","item":"https:\/\/www.webdo.tn\/fr\/"},{"@type":"ListItem","position":2,"name":"Alg\u00e9rie : 7 morts dans le crash d\u2019un avion ukrainien \u00e0 Tamanrasset"}]},{"@type":"WebSite","@id":"https:\/\/www.webdo.tn\/fr\/#website","url":"https:\/\/www.webdo.tn\/fr\/","name":"webdo","description":"Tunisie - News en Tunisie et \u00e0 l&#039;international sur Webdo.tn","publisher":{"@id":"https:\/\/www.webdo.tn\/fr\/#organization"},"potentialAction":[{"@type":"SearchAction","target":{"@type":"EntryPoint","urlTemplate":"https:\/\/www.webdo.tn\/fr\/?s={search_term_string}"},"query-input":{"@type":"PropertyValueSpecification","valueRequired":true,"valueName":"search_term_string"}}],"inLanguage":"fr-FR"},{"@type":"Organization","@id":"https:\/\/www.webdo.tn\/fr\/#organization","name":"Webdo","alternateName":"Webdo.tn","url":"https:\/\/www.webdo.tn\/fr\/","logo":{"@type":"ImageObject","inLanguage":"fr-FR","@id":"https:\/\/www.webdo.tn\/fr\/#\/schema\/logo\/image\/","url":"https:\/\/www.webdo.tn\/fr\/wp-content\/uploads\/2025\/06\/Webdo-Tunisie_168377.jpg","contentUrl":"https:\/\/www.webdo.tn\/fr\/wp-content\/uploads\/2025\/06\/Webdo-Tunisie_168377.jpg","width":301,"height":301,"caption":"Webdo"},"image":{"@id":"https:\/\/www.webdo.tn\/fr\/#\/schema\/logo\/image\/"},"sameAs":["https:\/\/www.facebook.com\/webdotn","https:\/\/x.com\/webdo_tn"],"description":"Webdo est un m\u00e9dia num\u00e9rique tunisien fond\u00e9 en 2010, sp\u00e9cialis\u00e9 dans l\u2019actualit\u00e9 nationale et internationale, l\u2019\u00e9conomie, la soci\u00e9t\u00e9 et les analyses politiques. Le site s\u2019adresse \u00e0 un large public francophone et couvre l\u2019information tunisienne en temps r\u00e9el.","email":"redac@webdo.tn","legalName":"YNJ SARL","foundingDate":"2010-09-06","numberOfEmployees":{"@type":"QuantitativeValue","minValue":"11","maxValue":"50"}},{"@type":"Person","@id":"https:\/\/www.webdo.tn\/fr\/#\/schema\/person\/9a9c6118d687c117df8ef3cc36a4d175","name":"webdo.tn","image":{"@type":"ImageObject","inLanguage":"fr-FR","@id":"https:\/\/secure.gravatar.com\/avatar\/7ce1f28c0c3bbac99ff550b85ef8e44a6950c6ee24514fb6a5489e51d06f0298?s=96&d=mm&r=g","url":"https:\/\/secure.gravatar.com\/avatar\/7ce1f28c0c3bbac99ff550b85ef8e44a6950c6ee24514fb6a5489e51d06f0298?s=96&d=mm&r=g","contentUrl":"https:\/\/secure.gravatar.com\/avatar\/7ce1f28c0c3bbac99ff550b85ef8e44a6950c6ee24514fb6a5489e51d06f0298?s=96&d=mm&r=g","caption":"webdo.tn"},"url":"https:\/\/www.webdo.tn\/fr\/actualite\/author\/webdotn\/"}]}},"_links":{"self":[{"href":"https:\/\/www.webdo.tn\/fr\/wp-json\/wp\/v2\/posts\/184342","targetHints":{"allow":["GET"]}}],"collection":[{"href":"https:\/\/www.webdo.tn\/fr\/wp-json\/wp\/v2\/posts"}],"about":[{"href":"https:\/\/www.webdo.tn\/fr\/wp-json\/wp\/v2\/types\/post"}],"author":[{"embeddable":true,"href":"https:\/\/www.webdo.tn\/fr\/wp-json\/wp\/v2\/users\/3222"}],"replies":[{"embeddable":true,"href":"https:\/\/www.webdo.tn\/fr\/wp-json\/wp\/v2\/comments?post=184342"}],"version-history":[{"count":0,"href":"https:\/\/www.webdo.tn\/fr\/wp-json\/wp\/v2\/posts\/184342\/revisions"}],"wp:featuredmedia":[{"embeddable":true,"href":"https:\/\/www.webdo.tn\/fr\/wp-json\/wp\/v2\/media\/320486"}],"wp:attachment":[{"href":"https:\/\/www.webdo.tn\/fr\/wp-json\/wp\/v2\/media?parent=184342"}],"wp:term":[{"taxonomy":"category","embeddable":true,"href":"https:\/\/www.webdo.tn\/fr\/wp-json\/wp\/v2\/categories?post=184342"},{"taxonomy":"post_tag","embeddable":true,"href":"https:\/\/www.webdo.tn\/fr\/wp-json\/wp\/v2\/tags?post=184342"}],"curies":[{"name":"wp","href":"https:\/\/api.w.org\/{rel}","templated":true}]}}