{"id":184338,"date":"2014-09-03T16:33:00","date_gmt":"2014-09-03T16:33:00","guid":{"rendered":"https:\/\/www.webdo.tn\/fr\/blog\/freinee-terrorisme-leconomie-tunisienne-classee-87eme-forum-davos\/184338\/"},"modified":"2025-05-22T13:05:31","modified_gmt":"2025-05-22T13:05:31","slug":"freinee-terrorisme-leconomie-tunisienne-classee-87eme-forum-davos","status":"publish","type":"post","link":"https:\/\/www.webdo.tn\/fr\/actualite\/international\/freinee-terrorisme-leconomie-tunisienne-classee-87eme-forum-davos\/184338\/","title":{"rendered":"Frein\u00e9e par le terrorisme, l\u2019\u00e9conomie tunisienne class\u00e9e 87\u00e8me par le Forum de Davos"},"content":{"rendered":"<p>ECONOMIE | Le nouveau rapport de Davos a class\u00e9 la Tunisie en 87\u00e8me position (avec un score de 3,96 sur 7) sur les sur 144 pays \u00e9valu\u00e9s. Selon ce rapport global sur la comp\u00e9titivit\u00e9 du World Economic Forum (WEF) 2014-2015, la Tunisie perd quatre rangs, en comparaison avec son classement de l\u2019an pass\u00e9 (83\u00e8me avec 4,06).<\/p>\n<p>L\u2019Institut Arabe des Chefs d\u2019Entreprises (IACE), partenaire local du forum, a organis\u00e9, ce mercredi 3 septembre, une conf\u00e9rence de presse afin de dresser une lecture de ce rapport qui classifie les \u00e9conomies selon leur comp\u00e9titivit\u00e9 et qui sert comme \u00abbarom\u00e8tre pour l\u2019efficacit\u00e9 des politiques macro-\u00e9conomiques, s\u00e9curitaires, sociales, environnementales, etc. des pays\u00bb, selon l\u2019IACE.<\/p>\n<p>Cette comp\u00e9titivit\u00e9 est mesur\u00e9e selon 12 crit\u00e8res qui poss\u00e8dent en tout 114 variables. Les 12 crit\u00e8res (les institutions, l\u2019infrastructure, la stabilit\u00e9 macro-\u00e9conomique, la sant\u00e9 et l\u2019enseignement primaire, l\u2019enseignement sup\u00e9rieur et la formation, l\u2019efficience du march\u00e9 des biens, l\u2019efficience du march\u00e9 du travail, la sophistication du march\u00e9 financier, l\u2019aptitude technologique, la taille du march\u00e9, la sophistication des affaires et l\u2019innovation) donnent lieu \u00e0 l\u2019indice global de comp\u00e9titivit\u00e9 ((CGI).<\/p>\n<p>Le terrorisme en cause<\/p>\n<p>La Suisse occupe, pour la sixi\u00e8me ann\u00e9e cons\u00e9cutive, la premi\u00e8re place du classement. Elle est suivie de Singapour. Les \u00c9tats-Unis arrivent en 3\u00e8me position, puis viennent la Finlande, et l\u2019Allemagne.<\/p>\n<p>Les Emirats arabes unis, premier pays arabe dans le classement, arrive en 12\u00e8me position. Le Qatar est 16\u00e8me, l\u2019Arabie Saoudite 24\u00e8me, le Maroc et l\u2019Alg\u00e9rie sont respectivement 72\u00e8me et 79\u00e8me. De ce fait, la Tunisie arrive en 10\u00e8me position dans le monde arabe<\/p>\n<p>Selon les experts de l\u2019IACE, la perte de quatre places s\u2019explique par le terrorisme et ses cons\u00e9quences sur l\u2019\u00e9conomie et les affaires qui ont fait reculer la Tunisie au niveau de 9 crit\u00e8res sur les 12 sur lesquels est bas\u00e9 le classement de Davos.<\/p>\n<p>Rappelons que la Tunisie n\u2019a pas encore retrouv\u00e9 son rang pass\u00e9. Elle \u00e9tait class\u00e9e 32\u00e8me sur 139 pays lors du classement 2010-2011 et 40\u00e8me sur 142 pays en 2011-2012.<\/p>\n","protected":false},"excerpt":{"rendered":"<p>Frein\u00e9e par le terrorisme, l\u2019\u00e9conomie tunisienne class\u00e9e 87\u00e8me par le Forum de Davos<\/p>\n","protected":false},"author":3222,"featured_media":320433,"comment_status":"open","ping_status":"closed","sticky":false,"template":"","format":"standard","meta":{"footnotes":""},"categories":[2598],"tags":[],"class_list":["post-184338","post","type-post","status-publish","format-standard","has-post-thumbnail","hentry","category-international"],"yoast_head":"<!-- This site is optimized with the Yoast SEO Premium plugin v27.5 (Yoast SEO v27.5) - https:\/\/yoast.com\/product\/yoast-seo-premium-wordpress\/ -->\n<title>Frein\u00e9e par le terrorisme, l\u2019\u00e9conomie tunisienne class\u00e9e 87\u00e8me par le Forum de Davos<\/title>\n<meta name=\"description\" content=\"Frein\u00e9e par le terrorisme, l\u2019\u00e9conomie tunisienne class\u00e9e 87\u00e8me par le Forum de Davos\" \/>\n<link rel=\"canonical\" href=\"https:\/\/www.webdo.tn\/fr\/actualite\/international\/freinee-terrorisme-leconomie-tunisienne-classee-87eme-forum-davos\/184338\/\" \/>\n<meta property=\"og:locale\" content=\"fr_FR\" \/>\n<meta property=\"og:type\" content=\"article\" \/>\n<meta property=\"og:title\" content=\"Frein\u00e9e par le terrorisme, l\u2019\u00e9conomie tunisienne class\u00e9e 87\u00e8me par le Forum de Davos\" \/>\n<meta property=\"og:description\" content=\"Frein\u00e9e par le terrorisme, l\u2019\u00e9conomie tunisienne class\u00e9e 87\u00e8me par le Forum de Davos\" \/>\n<meta property=\"og:url\" content=\"https:\/\/www.webdo.tn\/fr\/actualite\/international\/freinee-terrorisme-leconomie-tunisienne-classee-87eme-forum-davos\/184338\/\" \/>\n<meta property=\"og:site_name\" content=\"webdo\" \/>\n<meta property=\"article:publisher\" content=\"https:\/\/www.facebook.com\/webdotn\" \/>\n<meta property=\"article:published_time\" content=\"2014-09-03T16:33:00+00:00\" \/>\n<meta property=\"article:modified_time\" content=\"2025-05-22T13:05:31+00:00\" \/>\n<meta property=\"og:image\" content=\"https:\/\/www.webdo.tn\/fr\/wp-content\/uploads\/2014\/09\/WEF.jpg\" \/>\n\t<meta property=\"og:image:width\" content=\"303\" \/>\n\t<meta property=\"og:image:height\" content=\"201\" \/>\n\t<meta property=\"og:image:type\" content=\"image\/jpeg\" \/>\n<meta name=\"author\" content=\"webdo.tn\" \/>\n<meta name=\"twitter:card\" content=\"summary_large_image\" \/>\n<meta name=\"twitter:creator\" content=\"@webdo_tn\" \/>\n<meta name=\"twitter:site\" content=\"@webdo_tn\" \/>\n<meta name=\"twitter:label1\" content=\"\u00c9crit par\" \/>\n\t<meta name=\"twitter:data1\" content=\"webdo.tn\" \/>\n\t<meta name=\"twitter:label2\" content=\"Dur\u00e9e de lecture estim\u00e9e\" \/>\n\t<meta name=\"twitter:data2\" content=\"2 minutes\" \/>\n<script type=\"application\/ld+json\" class=\"yoast-schema-graph\">{\"@context\":\"https:\\\/\\\/schema.org\",\"@graph\":[{\"@type\":\"NewsArticle\",\"@id\":\"https:\\\/\\\/www.webdo.tn\\\/fr\\\/actualite\\\/international\\\/freinee-terrorisme-leconomie-tunisienne-classee-87eme-forum-davos\\\/184338\\\/#article\",\"isPartOf\":{\"@id\":\"https:\\\/\\\/www.webdo.tn\\\/fr\\\/actualite\\\/international\\\/freinee-terrorisme-leconomie-tunisienne-classee-87eme-forum-davos\\\/184338\\\/\"},\"author\":{\"name\":\"webdo.tn\",\"@id\":\"https:\\\/\\\/www.webdo.tn\\\/fr\\\/#\\\/schema\\\/person\\\/9a9c6118d687c117df8ef3cc36a4d175\"},\"headline\":\"Frein\u00e9e par le terrorisme, l\u2019\u00e9conomie tunisienne class\u00e9e 87\u00e8me par le Forum de Davos\",\"datePublished\":\"2014-09-03T16:33:00+00:00\",\"dateModified\":\"2025-05-22T13:05:31+00:00\",\"mainEntityOfPage\":{\"@id\":\"https:\\\/\\\/www.webdo.tn\\\/fr\\\/actualite\\\/international\\\/freinee-terrorisme-leconomie-tunisienne-classee-87eme-forum-davos\\\/184338\\\/\"},\"wordCount\":371,\"commentCount\":0,\"publisher\":{\"@id\":\"https:\\\/\\\/www.webdo.tn\\\/fr\\\/#organization\"},\"image\":{\"@id\":\"https:\\\/\\\/www.webdo.tn\\\/fr\\\/actualite\\\/international\\\/freinee-terrorisme-leconomie-tunisienne-classee-87eme-forum-davos\\\/184338\\\/#primaryimage\"},\"thumbnailUrl\":\"https:\\\/\\\/www.webdo.tn\\\/fr\\\/wp-content\\\/uploads\\\/2014\\\/09\\\/WEF.jpg\",\"articleSection\":[\"International\"],\"inLanguage\":\"fr-FR\"},{\"@type\":\"WebPage\",\"@id\":\"https:\\\/\\\/www.webdo.tn\\\/fr\\\/actualite\\\/international\\\/freinee-terrorisme-leconomie-tunisienne-classee-87eme-forum-davos\\\/184338\\\/\",\"url\":\"https:\\\/\\\/www.webdo.tn\\\/fr\\\/actualite\\\/international\\\/freinee-terrorisme-leconomie-tunisienne-classee-87eme-forum-davos\\\/184338\\\/\",\"name\":\"Frein\u00e9e par le terrorisme, l\u2019\u00e9conomie tunisienne class\u00e9e 87\u00e8me par le Forum de Davos\",\"isPartOf\":{\"@id\":\"https:\\\/\\\/www.webdo.tn\\\/fr\\\/#website\"},\"primaryImageOfPage\":{\"@id\":\"https:\\\/\\\/www.webdo.tn\\\/fr\\\/actualite\\\/international\\\/freinee-terrorisme-leconomie-tunisienne-classee-87eme-forum-davos\\\/184338\\\/#primaryimage\"},\"image\":{\"@id\":\"https:\\\/\\\/www.webdo.tn\\\/fr\\\/actualite\\\/international\\\/freinee-terrorisme-leconomie-tunisienne-classee-87eme-forum-davos\\\/184338\\\/#primaryimage\"},\"thumbnailUrl\":\"https:\\\/\\\/www.webdo.tn\\\/fr\\\/wp-content\\\/uploads\\\/2014\\\/09\\\/WEF.jpg\",\"datePublished\":\"2014-09-03T16:33:00+00:00\",\"dateModified\":\"2025-05-22T13:05:31+00:00\",\"description\":\"Frein\u00e9e par le terrorisme, l\u2019\u00e9conomie tunisienne class\u00e9e 87\u00e8me par le Forum de Davos\",\"breadcrumb\":{\"@id\":\"https:\\\/\\\/www.webdo.tn\\\/fr\\\/actualite\\\/international\\\/freinee-terrorisme-leconomie-tunisienne-classee-87eme-forum-davos\\\/184338\\\/#breadcrumb\"},\"inLanguage\":\"fr-FR\",\"potentialAction\":[{\"@type\":\"ReadAction\",\"target\":[\"https:\\\/\\\/www.webdo.tn\\\/fr\\\/actualite\\\/international\\\/freinee-terrorisme-leconomie-tunisienne-classee-87eme-forum-davos\\\/184338\\\/\"]}]},{\"@type\":\"ImageObject\",\"inLanguage\":\"fr-FR\",\"@id\":\"https:\\\/\\\/www.webdo.tn\\\/fr\\\/actualite\\\/international\\\/freinee-terrorisme-leconomie-tunisienne-classee-87eme-forum-davos\\\/184338\\\/#primaryimage\",\"url\":\"https:\\\/\\\/www.webdo.tn\\\/fr\\\/wp-content\\\/uploads\\\/2014\\\/09\\\/WEF.jpg\",\"contentUrl\":\"https:\\\/\\\/www.webdo.tn\\\/fr\\\/wp-content\\\/uploads\\\/2014\\\/09\\\/WEF.jpg\",\"width\":303,\"height\":201,\"caption\":\"Frein\u00e9e par le terrorisme, l\u2019\u00e9conomie tunisienne class\u00e9e 87\u00e8me par le Forum de Davos\"},{\"@type\":\"BreadcrumbList\",\"@id\":\"https:\\\/\\\/www.webdo.tn\\\/fr\\\/actualite\\\/international\\\/freinee-terrorisme-leconomie-tunisienne-classee-87eme-forum-davos\\\/184338\\\/#breadcrumb\",\"itemListElement\":[{\"@type\":\"ListItem\",\"position\":1,\"name\":\"Accueil\",\"item\":\"https:\\\/\\\/www.webdo.tn\\\/fr\\\/\"},{\"@type\":\"ListItem\",\"position\":2,\"name\":\"Frein\u00e9e par le terrorisme, l\u2019\u00e9conomie tunisienne class\u00e9e 87\u00e8me par le Forum de Davos\"}]},{\"@type\":\"WebSite\",\"@id\":\"https:\\\/\\\/www.webdo.tn\\\/fr\\\/#website\",\"url\":\"https:\\\/\\\/www.webdo.tn\\\/fr\\\/\",\"name\":\"webdo\",\"description\":\"Tunisie - News en Tunisie et \u00e0 l&#039;international sur Webdo.tn\",\"publisher\":{\"@id\":\"https:\\\/\\\/www.webdo.tn\\\/fr\\\/#organization\"},\"potentialAction\":[{\"@type\":\"SearchAction\",\"target\":{\"@type\":\"EntryPoint\",\"urlTemplate\":\"https:\\\/\\\/www.webdo.tn\\\/fr\\\/?s={search_term_string}\"},\"query-input\":{\"@type\":\"PropertyValueSpecification\",\"valueRequired\":true,\"valueName\":\"search_term_string\"}}],\"inLanguage\":\"fr-FR\"},{\"@type\":\"Organization\",\"@id\":\"https:\\\/\\\/www.webdo.tn\\\/fr\\\/#organization\",\"name\":\"Webdo\",\"alternateName\":\"Webdo.tn\",\"url\":\"https:\\\/\\\/www.webdo.tn\\\/fr\\\/\",\"logo\":{\"@type\":\"ImageObject\",\"inLanguage\":\"fr-FR\",\"@id\":\"https:\\\/\\\/www.webdo.tn\\\/fr\\\/#\\\/schema\\\/logo\\\/image\\\/\",\"url\":\"https:\\\/\\\/www.webdo.tn\\\/fr\\\/wp-content\\\/uploads\\\/2025\\\/06\\\/Webdo-Tunisie_168377.jpg\",\"contentUrl\":\"https:\\\/\\\/www.webdo.tn\\\/fr\\\/wp-content\\\/uploads\\\/2025\\\/06\\\/Webdo-Tunisie_168377.jpg\",\"width\":301,\"height\":301,\"caption\":\"Webdo\"},\"image\":{\"@id\":\"https:\\\/\\\/www.webdo.tn\\\/fr\\\/#\\\/schema\\\/logo\\\/image\\\/\"},\"sameAs\":[\"https:\\\/\\\/www.facebook.com\\\/webdotn\",\"https:\\\/\\\/x.com\\\/webdo_tn\"],\"description\":\"Webdo est un m\u00e9dia num\u00e9rique tunisien fond\u00e9 en 2010, sp\u00e9cialis\u00e9 dans l\u2019actualit\u00e9 nationale et internationale, l\u2019\u00e9conomie, la soci\u00e9t\u00e9 et les analyses politiques. Le site s\u2019adresse \u00e0 un large public francophone et couvre l\u2019information tunisienne en temps r\u00e9el.\",\"email\":\"redac@webdo.tn\",\"legalName\":\"YNJ SARL\",\"foundingDate\":\"2010-09-06\",\"numberOfEmployees\":{\"@type\":\"QuantitativeValue\",\"minValue\":\"11\",\"maxValue\":\"50\"}},{\"@type\":\"Person\",\"@id\":\"https:\\\/\\\/www.webdo.tn\\\/fr\\\/#\\\/schema\\\/person\\\/9a9c6118d687c117df8ef3cc36a4d175\",\"name\":\"webdo.tn\",\"image\":{\"@type\":\"ImageObject\",\"inLanguage\":\"fr-FR\",\"@id\":\"https:\\\/\\\/secure.gravatar.com\\\/avatar\\\/7ce1f28c0c3bbac99ff550b85ef8e44a6950c6ee24514fb6a5489e51d06f0298?s=96&d=mm&r=g\",\"url\":\"https:\\\/\\\/secure.gravatar.com\\\/avatar\\\/7ce1f28c0c3bbac99ff550b85ef8e44a6950c6ee24514fb6a5489e51d06f0298?s=96&d=mm&r=g\",\"contentUrl\":\"https:\\\/\\\/secure.gravatar.com\\\/avatar\\\/7ce1f28c0c3bbac99ff550b85ef8e44a6950c6ee24514fb6a5489e51d06f0298?s=96&d=mm&r=g\",\"caption\":\"webdo.tn\"},\"url\":\"https:\\\/\\\/www.webdo.tn\\\/fr\\\/actualite\\\/author\\\/webdotn\\\/\"}]}<\/script>\n<!-- \/ Yoast SEO Premium plugin. -->","yoast_head_json":{"title":"Frein\u00e9e par le terrorisme, l\u2019\u00e9conomie tunisienne class\u00e9e 87\u00e8me par le Forum de Davos","description":"Frein\u00e9e par le terrorisme, l\u2019\u00e9conomie tunisienne class\u00e9e 87\u00e8me par le Forum de Davos","canonical":"https:\/\/www.webdo.tn\/fr\/actualite\/international\/freinee-terrorisme-leconomie-tunisienne-classee-87eme-forum-davos\/184338\/","og_locale":"fr_FR","og_type":"article","og_title":"Frein\u00e9e par le terrorisme, l\u2019\u00e9conomie tunisienne class\u00e9e 87\u00e8me par le Forum de Davos","og_description":"Frein\u00e9e par le terrorisme, l\u2019\u00e9conomie tunisienne class\u00e9e 87\u00e8me par le Forum de Davos","og_url":"https:\/\/www.webdo.tn\/fr\/actualite\/international\/freinee-terrorisme-leconomie-tunisienne-classee-87eme-forum-davos\/184338\/","og_site_name":"webdo","article_publisher":"https:\/\/www.facebook.com\/webdotn","article_published_time":"2014-09-03T16:33:00+00:00","article_modified_time":"2025-05-22T13:05:31+00:00","og_image":[{"width":303,"height":201,"url":"https:\/\/www.webdo.tn\/fr\/wp-content\/uploads\/2014\/09\/WEF.jpg","type":"image\/jpeg"}],"author":"webdo.tn","twitter_card":"summary_large_image","twitter_creator":"@webdo_tn","twitter_site":"@webdo_tn","twitter_misc":{"\u00c9crit par":"webdo.tn","Dur\u00e9e de lecture estim\u00e9e":"2 minutes"},"schema":{"@context":"https:\/\/schema.org","@graph":[{"@type":"NewsArticle","@id":"https:\/\/www.webdo.tn\/fr\/actualite\/international\/freinee-terrorisme-leconomie-tunisienne-classee-87eme-forum-davos\/184338\/#article","isPartOf":{"@id":"https:\/\/www.webdo.tn\/fr\/actualite\/international\/freinee-terrorisme-leconomie-tunisienne-classee-87eme-forum-davos\/184338\/"},"author":{"name":"webdo.tn","@id":"https:\/\/www.webdo.tn\/fr\/#\/schema\/person\/9a9c6118d687c117df8ef3cc36a4d175"},"headline":"Frein\u00e9e par le terrorisme, l\u2019\u00e9conomie tunisienne class\u00e9e 87\u00e8me par le Forum de Davos","datePublished":"2014-09-03T16:33:00+00:00","dateModified":"2025-05-22T13:05:31+00:00","mainEntityOfPage":{"@id":"https:\/\/www.webdo.tn\/fr\/actualite\/international\/freinee-terrorisme-leconomie-tunisienne-classee-87eme-forum-davos\/184338\/"},"wordCount":371,"commentCount":0,"publisher":{"@id":"https:\/\/www.webdo.tn\/fr\/#organization"},"image":{"@id":"https:\/\/www.webdo.tn\/fr\/actualite\/international\/freinee-terrorisme-leconomie-tunisienne-classee-87eme-forum-davos\/184338\/#primaryimage"},"thumbnailUrl":"https:\/\/www.webdo.tn\/fr\/wp-content\/uploads\/2014\/09\/WEF.jpg","articleSection":["International"],"inLanguage":"fr-FR"},{"@type":"WebPage","@id":"https:\/\/www.webdo.tn\/fr\/actualite\/international\/freinee-terrorisme-leconomie-tunisienne-classee-87eme-forum-davos\/184338\/","url":"https:\/\/www.webdo.tn\/fr\/actualite\/international\/freinee-terrorisme-leconomie-tunisienne-classee-87eme-forum-davos\/184338\/","name":"Frein\u00e9e par le terrorisme, l\u2019\u00e9conomie tunisienne class\u00e9e 87\u00e8me par le Forum de Davos","isPartOf":{"@id":"https:\/\/www.webdo.tn\/fr\/#website"},"primaryImageOfPage":{"@id":"https:\/\/www.webdo.tn\/fr\/actualite\/international\/freinee-terrorisme-leconomie-tunisienne-classee-87eme-forum-davos\/184338\/#primaryimage"},"image":{"@id":"https:\/\/www.webdo.tn\/fr\/actualite\/international\/freinee-terrorisme-leconomie-tunisienne-classee-87eme-forum-davos\/184338\/#primaryimage"},"thumbnailUrl":"https:\/\/www.webdo.tn\/fr\/wp-content\/uploads\/2014\/09\/WEF.jpg","datePublished":"2014-09-03T16:33:00+00:00","dateModified":"2025-05-22T13:05:31+00:00","description":"Frein\u00e9e par le terrorisme, l\u2019\u00e9conomie tunisienne class\u00e9e 87\u00e8me par le Forum de Davos","breadcrumb":{"@id":"https:\/\/www.webdo.tn\/fr\/actualite\/international\/freinee-terrorisme-leconomie-tunisienne-classee-87eme-forum-davos\/184338\/#breadcrumb"},"inLanguage":"fr-FR","potentialAction":[{"@type":"ReadAction","target":["https:\/\/www.webdo.tn\/fr\/actualite\/international\/freinee-terrorisme-leconomie-tunisienne-classee-87eme-forum-davos\/184338\/"]}]},{"@type":"ImageObject","inLanguage":"fr-FR","@id":"https:\/\/www.webdo.tn\/fr\/actualite\/international\/freinee-terrorisme-leconomie-tunisienne-classee-87eme-forum-davos\/184338\/#primaryimage","url":"https:\/\/www.webdo.tn\/fr\/wp-content\/uploads\/2014\/09\/WEF.jpg","contentUrl":"https:\/\/www.webdo.tn\/fr\/wp-content\/uploads\/2014\/09\/WEF.jpg","width":303,"height":201,"caption":"Frein\u00e9e par le terrorisme, l\u2019\u00e9conomie tunisienne class\u00e9e 87\u00e8me par le Forum de Davos"},{"@type":"BreadcrumbList","@id":"https:\/\/www.webdo.tn\/fr\/actualite\/international\/freinee-terrorisme-leconomie-tunisienne-classee-87eme-forum-davos\/184338\/#breadcrumb","itemListElement":[{"@type":"ListItem","position":1,"name":"Accueil","item":"https:\/\/www.webdo.tn\/fr\/"},{"@type":"ListItem","position":2,"name":"Frein\u00e9e par le terrorisme, l\u2019\u00e9conomie tunisienne class\u00e9e 87\u00e8me par le Forum de Davos"}]},{"@type":"WebSite","@id":"https:\/\/www.webdo.tn\/fr\/#website","url":"https:\/\/www.webdo.tn\/fr\/","name":"webdo","description":"Tunisie - News en Tunisie et \u00e0 l&#039;international sur Webdo.tn","publisher":{"@id":"https:\/\/www.webdo.tn\/fr\/#organization"},"potentialAction":[{"@type":"SearchAction","target":{"@type":"EntryPoint","urlTemplate":"https:\/\/www.webdo.tn\/fr\/?s={search_term_string}"},"query-input":{"@type":"PropertyValueSpecification","valueRequired":true,"valueName":"search_term_string"}}],"inLanguage":"fr-FR"},{"@type":"Organization","@id":"https:\/\/www.webdo.tn\/fr\/#organization","name":"Webdo","alternateName":"Webdo.tn","url":"https:\/\/www.webdo.tn\/fr\/","logo":{"@type":"ImageObject","inLanguage":"fr-FR","@id":"https:\/\/www.webdo.tn\/fr\/#\/schema\/logo\/image\/","url":"https:\/\/www.webdo.tn\/fr\/wp-content\/uploads\/2025\/06\/Webdo-Tunisie_168377.jpg","contentUrl":"https:\/\/www.webdo.tn\/fr\/wp-content\/uploads\/2025\/06\/Webdo-Tunisie_168377.jpg","width":301,"height":301,"caption":"Webdo"},"image":{"@id":"https:\/\/www.webdo.tn\/fr\/#\/schema\/logo\/image\/"},"sameAs":["https:\/\/www.facebook.com\/webdotn","https:\/\/x.com\/webdo_tn"],"description":"Webdo est un m\u00e9dia num\u00e9rique tunisien fond\u00e9 en 2010, sp\u00e9cialis\u00e9 dans l\u2019actualit\u00e9 nationale et internationale, l\u2019\u00e9conomie, la soci\u00e9t\u00e9 et les analyses politiques. Le site s\u2019adresse \u00e0 un large public francophone et couvre l\u2019information tunisienne en temps r\u00e9el.","email":"redac@webdo.tn","legalName":"YNJ SARL","foundingDate":"2010-09-06","numberOfEmployees":{"@type":"QuantitativeValue","minValue":"11","maxValue":"50"}},{"@type":"Person","@id":"https:\/\/www.webdo.tn\/fr\/#\/schema\/person\/9a9c6118d687c117df8ef3cc36a4d175","name":"webdo.tn","image":{"@type":"ImageObject","inLanguage":"fr-FR","@id":"https:\/\/secure.gravatar.com\/avatar\/7ce1f28c0c3bbac99ff550b85ef8e44a6950c6ee24514fb6a5489e51d06f0298?s=96&d=mm&r=g","url":"https:\/\/secure.gravatar.com\/avatar\/7ce1f28c0c3bbac99ff550b85ef8e44a6950c6ee24514fb6a5489e51d06f0298?s=96&d=mm&r=g","contentUrl":"https:\/\/secure.gravatar.com\/avatar\/7ce1f28c0c3bbac99ff550b85ef8e44a6950c6ee24514fb6a5489e51d06f0298?s=96&d=mm&r=g","caption":"webdo.tn"},"url":"https:\/\/www.webdo.tn\/fr\/actualite\/author\/webdotn\/"}]}},"_links":{"self":[{"href":"https:\/\/www.webdo.tn\/fr\/wp-json\/wp\/v2\/posts\/184338","targetHints":{"allow":["GET"]}}],"collection":[{"href":"https:\/\/www.webdo.tn\/fr\/wp-json\/wp\/v2\/posts"}],"about":[{"href":"https:\/\/www.webdo.tn\/fr\/wp-json\/wp\/v2\/types\/post"}],"author":[{"embeddable":true,"href":"https:\/\/www.webdo.tn\/fr\/wp-json\/wp\/v2\/users\/3222"}],"replies":[{"embeddable":true,"href":"https:\/\/www.webdo.tn\/fr\/wp-json\/wp\/v2\/comments?post=184338"}],"version-history":[{"count":0,"href":"https:\/\/www.webdo.tn\/fr\/wp-json\/wp\/v2\/posts\/184338\/revisions"}],"wp:featuredmedia":[{"embeddable":true,"href":"https:\/\/www.webdo.tn\/fr\/wp-json\/wp\/v2\/media\/320433"}],"wp:attachment":[{"href":"https:\/\/www.webdo.tn\/fr\/wp-json\/wp\/v2\/media?parent=184338"}],"wp:term":[{"taxonomy":"category","embeddable":true,"href":"https:\/\/www.webdo.tn\/fr\/wp-json\/wp\/v2\/categories?post=184338"},{"taxonomy":"post_tag","embeddable":true,"href":"https:\/\/www.webdo.tn\/fr\/wp-json\/wp\/v2\/tags?post=184338"}],"curies":[{"name":"wp","href":"https:\/\/api.w.org\/{rel}","templated":true}]}}