{"id":184337,"date":"2014-09-03T17:57:00","date_gmt":"2014-09-03T17:57:00","guid":{"rendered":"https:\/\/www.webdo.tn\/fr\/blog\/ouverture-du-marche-russe-aux-hommes-daffaires-tunisiens-aide-les-forces-armees\/185798\/"},"modified":"2025-05-22T13:05:33","modified_gmt":"2025-05-22T13:05:33","slug":"ouverture-du-marche-russe-aux-hommes-daffaires-tunisiens-aide-les-forces-armees","status":"publish","type":"post","link":"https:\/\/www.webdo.tn\/fr\/actualite\/international\/ouverture-du-marche-russe-aux-hommes-daffaires-tunisiens-aide-les-forces-armees\/184337\/","title":{"rendered":"Ouverture du march\u00e9 russe aux hommes d&rsquo;affaires tunisiens et aide pour les forces arm\u00e9es"},"content":{"rendered":"<p>Le minist\u00e8re des Affaires \u00e9trang\u00e8res a annonc\u00e9 une promesse d&rsquo;un pr\u00eat de 500 millions de dollars de la Russie \u00e0 la Tunisie et la relance de la coop\u00e9ration entre les deux pays. Le\u00a0conseil d&rsquo;affaires tuniso-russe et les experts des deux pays finaliseront l&rsquo;accord de principe, nous affirme M. Mokhtar Chaouchi, porte-parole du minist\u00e8re, sans pr\u00e9cisions sur le taux ou le d\u00e9lai de concr\u00e9tisation de l&rsquo;octroie du pr\u00eat.<\/p>\n<p>MAJ 5 septembre : Suite \u00e0 un contact t\u00e9l\u00e9phonique, M. Chaouachi nous a affirm\u00e9 que le conseil d&rsquo;affaires tuniso-russe n&rsquo;avait aucune relation avec la finalisation de l&rsquo;accord de principe du pr\u00eat de 500 millions de dollars de la Russie \u00e0 la Tunisie.<\/p>\n<p>Ces d\u00e9cisions viennent \u00e0 la suite de\u00a0l&#8217;embargo impos\u00e9 \u00e0 la Russie par les Etats-Unis et l&rsquo;Union europ\u00e9enne depuis\u00a0le 29 juillet 2014, sur les secteurs de l&rsquo;armement, de l&rsquo;\u00e9nergie et des finances, en cons\u00e9quence du conflit sur l&rsquo;Ukraine et du crash du vol MH17.<\/p>\n<p>En r\u00e9ponse \u00e0 ces sanctions, la Russie a annonc\u00e9,\u00a0le\u00a07 ao\u00fbt, qu&rsquo;elle allait interdire la plupart des produits agroalimentaires provenant des Etats-Unis et de l&rsquo;Union europ\u00e9enne.\u00a0<\/p>\n<p>Ouverture de la Russie au march\u00e9 tunisien<\/p>\n<p>Ce contexte a permis \u00e0 la\u00a0Tunisie, de se positionner en tant qu&rsquo;exportateur d&rsquo;huile d&rsquo;olive, de produits alimentaires et agricoles et de produits maritimes.<\/p>\n<p>\u00ab\u00a0La Russie est pr\u00eate \u00e0 soutenir la coop\u00e9ration entre les deux pays, dans les secteurs \u00a0financier, du commerce, de l&rsquo;investissement et du tourisme. L&rsquo;ouverture du march\u00e9 russe sera assur\u00e9e pour tous les hommes d&rsquo;affaires et les produits tunisiens\u00a0\u00bb, affirme le minist\u00e8re de l&rsquo;Int\u00e9rieur dans son communiqu\u00e9 publi\u00e9 ce mercredi 3 septembre.<\/p>\n<p>Achat ou don d&rsquo;\u00e9quipements pour l&rsquo;arm\u00e9e et les forces s\u00e9curitaires ?<\/p>\n<p>Le minist\u00e8re des Affaires \u00e9trang\u00e8res tunisien a indiqu\u00e9 qu&rsquo;une \u00ab\u00a0aide logistique aux forces s\u00e9curitaires et arm\u00e9es\u00a0\u00bb sera fournie par la Russie. D&rsquo;apr\u00e8s Mokhtar Chaouchi, porte-parole du minist\u00e8re, cette aide logistique consiste en \u00a0formations et \u00a0\u00e9quipements.<\/p>\n<p>\u00ab\u00a0Je ne sais pas si ces \u00e9quipements seront achet\u00e9s par la Tunisie ou sous forme de don, je ne sais pas quels genres d&rsquo;\u00e9quipements il est question, des gilets pare-balles ou autre&#8230;\u00a0\u00bb, nous a-t-il d\u00e9clar\u00e9.<\/p>\n","protected":false},"excerpt":{"rendered":"<p>Ouverture du march\u00e9 russe aux hommes d&rsquo;affaires tunisiens et aide pour les forces arm\u00e9es<\/p>\n","protected":false},"author":3222,"featured_media":320437,"comment_status":"open","ping_status":"closed","sticky":false,"template":"","format":"standard","meta":{"footnotes":""},"categories":[2598],"tags":[],"class_list":["post-184337","post","type-post","status-publish","format-standard","has-post-thumbnail","hentry","category-international"],"yoast_head":"<!-- This site is optimized with the Yoast SEO Premium plugin v27.5 (Yoast SEO v27.5) - https:\/\/yoast.com\/product\/yoast-seo-premium-wordpress\/ -->\n<title>Ouverture du march\u00e9 russe aux hommes d&#039;affaires tunisiens et aide pour les forces arm\u00e9es<\/title>\n<meta name=\"description\" content=\"Ouverture du march\u00e9 russe aux hommes d&#039;affaires tunisiens et aide pour les forces arm\u00e9es\" \/>\n<link rel=\"canonical\" href=\"https:\/\/www.webdo.tn\/fr\/actualite\/international\/ouverture-du-marche-russe-aux-hommes-daffaires-tunisiens-aide-les-forces-armees\/184337\/\" \/>\n<meta property=\"og:locale\" content=\"fr_FR\" \/>\n<meta property=\"og:type\" content=\"article\" \/>\n<meta property=\"og:title\" content=\"Ouverture du march\u00e9 russe aux hommes d&#039;affaires tunisiens et aide pour les forces arm\u00e9es\" \/>\n<meta property=\"og:description\" content=\"Ouverture du march\u00e9 russe aux hommes d&#039;affaires tunisiens et aide pour les forces arm\u00e9es\" \/>\n<meta property=\"og:url\" content=\"https:\/\/www.webdo.tn\/fr\/actualite\/international\/ouverture-du-marche-russe-aux-hommes-daffaires-tunisiens-aide-les-forces-armees\/184337\/\" \/>\n<meta property=\"og:site_name\" content=\"webdo\" \/>\n<meta property=\"article:publisher\" content=\"https:\/\/www.facebook.com\/webdotn\" \/>\n<meta property=\"article:published_time\" content=\"2014-09-03T17:57:00+00:00\" \/>\n<meta property=\"article:modified_time\" content=\"2025-05-22T13:05:33+00:00\" \/>\n<meta property=\"og:image\" content=\"https:\/\/www.webdo.tn\/fr\/wp-content\/uploads\/2014\/09\/Mongi-Hamdi-Russie.jpg\" \/>\n\t<meta property=\"og:image:width\" content=\"566\" \/>\n\t<meta property=\"og:image:height\" content=\"425\" \/>\n\t<meta property=\"og:image:type\" content=\"image\/jpeg\" \/>\n<meta name=\"author\" content=\"webdo.tn\" \/>\n<meta name=\"twitter:card\" content=\"summary_large_image\" \/>\n<meta name=\"twitter:creator\" content=\"@webdo_tn\" \/>\n<meta name=\"twitter:site\" content=\"@webdo_tn\" \/>\n<meta name=\"twitter:label1\" content=\"\u00c9crit par\" \/>\n\t<meta name=\"twitter:data1\" content=\"webdo.tn\" \/>\n\t<meta name=\"twitter:label2\" content=\"Dur\u00e9e de lecture estim\u00e9e\" \/>\n\t<meta name=\"twitter:data2\" content=\"2 minutes\" \/>\n<script type=\"application\/ld+json\" class=\"yoast-schema-graph\">{\"@context\":\"https:\\\/\\\/schema.org\",\"@graph\":[{\"@type\":\"NewsArticle\",\"@id\":\"https:\\\/\\\/www.webdo.tn\\\/fr\\\/actualite\\\/international\\\/ouverture-du-marche-russe-aux-hommes-daffaires-tunisiens-aide-les-forces-armees\\\/184337\\\/#article\",\"isPartOf\":{\"@id\":\"https:\\\/\\\/www.webdo.tn\\\/fr\\\/actualite\\\/international\\\/ouverture-du-marche-russe-aux-hommes-daffaires-tunisiens-aide-les-forces-armees\\\/184337\\\/\"},\"author\":{\"name\":\"webdo.tn\",\"@id\":\"https:\\\/\\\/www.webdo.tn\\\/fr\\\/#\\\/schema\\\/person\\\/9a9c6118d687c117df8ef3cc36a4d175\"},\"headline\":\"Ouverture du march\u00e9 russe aux hommes d&rsquo;affaires tunisiens et aide pour les forces arm\u00e9es\",\"datePublished\":\"2014-09-03T17:57:00+00:00\",\"dateModified\":\"2025-05-22T13:05:33+00:00\",\"mainEntityOfPage\":{\"@id\":\"https:\\\/\\\/www.webdo.tn\\\/fr\\\/actualite\\\/international\\\/ouverture-du-marche-russe-aux-hommes-daffaires-tunisiens-aide-les-forces-armees\\\/184337\\\/\"},\"wordCount\":403,\"commentCount\":0,\"publisher\":{\"@id\":\"https:\\\/\\\/www.webdo.tn\\\/fr\\\/#organization\"},\"image\":{\"@id\":\"https:\\\/\\\/www.webdo.tn\\\/fr\\\/actualite\\\/international\\\/ouverture-du-marche-russe-aux-hommes-daffaires-tunisiens-aide-les-forces-armees\\\/184337\\\/#primaryimage\"},\"thumbnailUrl\":\"https:\\\/\\\/www.webdo.tn\\\/fr\\\/wp-content\\\/uploads\\\/2014\\\/09\\\/Mongi-Hamdi-Russie.jpg\",\"articleSection\":[\"International\"],\"inLanguage\":\"fr-FR\"},{\"@type\":\"WebPage\",\"@id\":\"https:\\\/\\\/www.webdo.tn\\\/fr\\\/actualite\\\/international\\\/ouverture-du-marche-russe-aux-hommes-daffaires-tunisiens-aide-les-forces-armees\\\/184337\\\/\",\"url\":\"https:\\\/\\\/www.webdo.tn\\\/fr\\\/actualite\\\/international\\\/ouverture-du-marche-russe-aux-hommes-daffaires-tunisiens-aide-les-forces-armees\\\/184337\\\/\",\"name\":\"Ouverture du march\u00e9 russe aux hommes d'affaires tunisiens et aide pour les forces arm\u00e9es\",\"isPartOf\":{\"@id\":\"https:\\\/\\\/www.webdo.tn\\\/fr\\\/#website\"},\"primaryImageOfPage\":{\"@id\":\"https:\\\/\\\/www.webdo.tn\\\/fr\\\/actualite\\\/international\\\/ouverture-du-marche-russe-aux-hommes-daffaires-tunisiens-aide-les-forces-armees\\\/184337\\\/#primaryimage\"},\"image\":{\"@id\":\"https:\\\/\\\/www.webdo.tn\\\/fr\\\/actualite\\\/international\\\/ouverture-du-marche-russe-aux-hommes-daffaires-tunisiens-aide-les-forces-armees\\\/184337\\\/#primaryimage\"},\"thumbnailUrl\":\"https:\\\/\\\/www.webdo.tn\\\/fr\\\/wp-content\\\/uploads\\\/2014\\\/09\\\/Mongi-Hamdi-Russie.jpg\",\"datePublished\":\"2014-09-03T17:57:00+00:00\",\"dateModified\":\"2025-05-22T13:05:33+00:00\",\"description\":\"Ouverture du march\u00e9 russe aux hommes d'affaires tunisiens et aide pour les forces arm\u00e9es\",\"breadcrumb\":{\"@id\":\"https:\\\/\\\/www.webdo.tn\\\/fr\\\/actualite\\\/international\\\/ouverture-du-marche-russe-aux-hommes-daffaires-tunisiens-aide-les-forces-armees\\\/184337\\\/#breadcrumb\"},\"inLanguage\":\"fr-FR\",\"potentialAction\":[{\"@type\":\"ReadAction\",\"target\":[\"https:\\\/\\\/www.webdo.tn\\\/fr\\\/actualite\\\/international\\\/ouverture-du-marche-russe-aux-hommes-daffaires-tunisiens-aide-les-forces-armees\\\/184337\\\/\"]}]},{\"@type\":\"ImageObject\",\"inLanguage\":\"fr-FR\",\"@id\":\"https:\\\/\\\/www.webdo.tn\\\/fr\\\/actualite\\\/international\\\/ouverture-du-marche-russe-aux-hommes-daffaires-tunisiens-aide-les-forces-armees\\\/184337\\\/#primaryimage\",\"url\":\"https:\\\/\\\/www.webdo.tn\\\/fr\\\/wp-content\\\/uploads\\\/2014\\\/09\\\/Mongi-Hamdi-Russie.jpg\",\"contentUrl\":\"https:\\\/\\\/www.webdo.tn\\\/fr\\\/wp-content\\\/uploads\\\/2014\\\/09\\\/Mongi-Hamdi-Russie.jpg\",\"width\":566,\"height\":425,\"caption\":\"Ouverture du march\u00e9 russe aux hommes d'affaires tunisiens et aide pour les forces arm\u00e9es\"},{\"@type\":\"BreadcrumbList\",\"@id\":\"https:\\\/\\\/www.webdo.tn\\\/fr\\\/actualite\\\/international\\\/ouverture-du-marche-russe-aux-hommes-daffaires-tunisiens-aide-les-forces-armees\\\/184337\\\/#breadcrumb\",\"itemListElement\":[{\"@type\":\"ListItem\",\"position\":1,\"name\":\"Accueil\",\"item\":\"https:\\\/\\\/www.webdo.tn\\\/fr\\\/\"},{\"@type\":\"ListItem\",\"position\":2,\"name\":\"Ouverture du march\u00e9 russe aux hommes d&rsquo;affaires tunisiens et aide pour les forces arm\u00e9es\"}]},{\"@type\":\"WebSite\",\"@id\":\"https:\\\/\\\/www.webdo.tn\\\/fr\\\/#website\",\"url\":\"https:\\\/\\\/www.webdo.tn\\\/fr\\\/\",\"name\":\"webdo\",\"description\":\"Tunisie - News en Tunisie et \u00e0 l&#039;international sur Webdo.tn\",\"publisher\":{\"@id\":\"https:\\\/\\\/www.webdo.tn\\\/fr\\\/#organization\"},\"potentialAction\":[{\"@type\":\"SearchAction\",\"target\":{\"@type\":\"EntryPoint\",\"urlTemplate\":\"https:\\\/\\\/www.webdo.tn\\\/fr\\\/?s={search_term_string}\"},\"query-input\":{\"@type\":\"PropertyValueSpecification\",\"valueRequired\":true,\"valueName\":\"search_term_string\"}}],\"inLanguage\":\"fr-FR\"},{\"@type\":\"Organization\",\"@id\":\"https:\\\/\\\/www.webdo.tn\\\/fr\\\/#organization\",\"name\":\"Webdo\",\"alternateName\":\"Webdo.tn\",\"url\":\"https:\\\/\\\/www.webdo.tn\\\/fr\\\/\",\"logo\":{\"@type\":\"ImageObject\",\"inLanguage\":\"fr-FR\",\"@id\":\"https:\\\/\\\/www.webdo.tn\\\/fr\\\/#\\\/schema\\\/logo\\\/image\\\/\",\"url\":\"https:\\\/\\\/www.webdo.tn\\\/fr\\\/wp-content\\\/uploads\\\/2025\\\/06\\\/Webdo-Tunisie_168377.jpg\",\"contentUrl\":\"https:\\\/\\\/www.webdo.tn\\\/fr\\\/wp-content\\\/uploads\\\/2025\\\/06\\\/Webdo-Tunisie_168377.jpg\",\"width\":301,\"height\":301,\"caption\":\"Webdo\"},\"image\":{\"@id\":\"https:\\\/\\\/www.webdo.tn\\\/fr\\\/#\\\/schema\\\/logo\\\/image\\\/\"},\"sameAs\":[\"https:\\\/\\\/www.facebook.com\\\/webdotn\",\"https:\\\/\\\/x.com\\\/webdo_tn\"],\"description\":\"Webdo est un m\u00e9dia num\u00e9rique tunisien fond\u00e9 en 2010, sp\u00e9cialis\u00e9 dans l\u2019actualit\u00e9 nationale et internationale, l\u2019\u00e9conomie, la soci\u00e9t\u00e9 et les analyses politiques. Le site s\u2019adresse \u00e0 un large public francophone et couvre l\u2019information tunisienne en temps r\u00e9el.\",\"email\":\"redac@webdo.tn\",\"legalName\":\"YNJ SARL\",\"foundingDate\":\"2010-09-06\",\"numberOfEmployees\":{\"@type\":\"QuantitativeValue\",\"minValue\":\"11\",\"maxValue\":\"50\"}},{\"@type\":\"Person\",\"@id\":\"https:\\\/\\\/www.webdo.tn\\\/fr\\\/#\\\/schema\\\/person\\\/9a9c6118d687c117df8ef3cc36a4d175\",\"name\":\"webdo.tn\",\"image\":{\"@type\":\"ImageObject\",\"inLanguage\":\"fr-FR\",\"@id\":\"https:\\\/\\\/secure.gravatar.com\\\/avatar\\\/7ce1f28c0c3bbac99ff550b85ef8e44a6950c6ee24514fb6a5489e51d06f0298?s=96&d=mm&r=g\",\"url\":\"https:\\\/\\\/secure.gravatar.com\\\/avatar\\\/7ce1f28c0c3bbac99ff550b85ef8e44a6950c6ee24514fb6a5489e51d06f0298?s=96&d=mm&r=g\",\"contentUrl\":\"https:\\\/\\\/secure.gravatar.com\\\/avatar\\\/7ce1f28c0c3bbac99ff550b85ef8e44a6950c6ee24514fb6a5489e51d06f0298?s=96&d=mm&r=g\",\"caption\":\"webdo.tn\"},\"url\":\"https:\\\/\\\/www.webdo.tn\\\/fr\\\/actualite\\\/author\\\/webdotn\\\/\"}]}<\/script>\n<!-- \/ Yoast SEO Premium plugin. -->","yoast_head_json":{"title":"Ouverture du march\u00e9 russe aux hommes d'affaires tunisiens et aide pour les forces arm\u00e9es","description":"Ouverture du march\u00e9 russe aux hommes d'affaires tunisiens et aide pour les forces arm\u00e9es","canonical":"https:\/\/www.webdo.tn\/fr\/actualite\/international\/ouverture-du-marche-russe-aux-hommes-daffaires-tunisiens-aide-les-forces-armees\/184337\/","og_locale":"fr_FR","og_type":"article","og_title":"Ouverture du march\u00e9 russe aux hommes d'affaires tunisiens et aide pour les forces arm\u00e9es","og_description":"Ouverture du march\u00e9 russe aux hommes d'affaires tunisiens et aide pour les forces arm\u00e9es","og_url":"https:\/\/www.webdo.tn\/fr\/actualite\/international\/ouverture-du-marche-russe-aux-hommes-daffaires-tunisiens-aide-les-forces-armees\/184337\/","og_site_name":"webdo","article_publisher":"https:\/\/www.facebook.com\/webdotn","article_published_time":"2014-09-03T17:57:00+00:00","article_modified_time":"2025-05-22T13:05:33+00:00","og_image":[{"width":566,"height":425,"url":"https:\/\/www.webdo.tn\/fr\/wp-content\/uploads\/2014\/09\/Mongi-Hamdi-Russie.jpg","type":"image\/jpeg"}],"author":"webdo.tn","twitter_card":"summary_large_image","twitter_creator":"@webdo_tn","twitter_site":"@webdo_tn","twitter_misc":{"\u00c9crit par":"webdo.tn","Dur\u00e9e de lecture estim\u00e9e":"2 minutes"},"schema":{"@context":"https:\/\/schema.org","@graph":[{"@type":"NewsArticle","@id":"https:\/\/www.webdo.tn\/fr\/actualite\/international\/ouverture-du-marche-russe-aux-hommes-daffaires-tunisiens-aide-les-forces-armees\/184337\/#article","isPartOf":{"@id":"https:\/\/www.webdo.tn\/fr\/actualite\/international\/ouverture-du-marche-russe-aux-hommes-daffaires-tunisiens-aide-les-forces-armees\/184337\/"},"author":{"name":"webdo.tn","@id":"https:\/\/www.webdo.tn\/fr\/#\/schema\/person\/9a9c6118d687c117df8ef3cc36a4d175"},"headline":"Ouverture du march\u00e9 russe aux hommes d&rsquo;affaires tunisiens et aide pour les forces arm\u00e9es","datePublished":"2014-09-03T17:57:00+00:00","dateModified":"2025-05-22T13:05:33+00:00","mainEntityOfPage":{"@id":"https:\/\/www.webdo.tn\/fr\/actualite\/international\/ouverture-du-marche-russe-aux-hommes-daffaires-tunisiens-aide-les-forces-armees\/184337\/"},"wordCount":403,"commentCount":0,"publisher":{"@id":"https:\/\/www.webdo.tn\/fr\/#organization"},"image":{"@id":"https:\/\/www.webdo.tn\/fr\/actualite\/international\/ouverture-du-marche-russe-aux-hommes-daffaires-tunisiens-aide-les-forces-armees\/184337\/#primaryimage"},"thumbnailUrl":"https:\/\/www.webdo.tn\/fr\/wp-content\/uploads\/2014\/09\/Mongi-Hamdi-Russie.jpg","articleSection":["International"],"inLanguage":"fr-FR"},{"@type":"WebPage","@id":"https:\/\/www.webdo.tn\/fr\/actualite\/international\/ouverture-du-marche-russe-aux-hommes-daffaires-tunisiens-aide-les-forces-armees\/184337\/","url":"https:\/\/www.webdo.tn\/fr\/actualite\/international\/ouverture-du-marche-russe-aux-hommes-daffaires-tunisiens-aide-les-forces-armees\/184337\/","name":"Ouverture du march\u00e9 russe aux hommes d'affaires tunisiens et aide pour les forces arm\u00e9es","isPartOf":{"@id":"https:\/\/www.webdo.tn\/fr\/#website"},"primaryImageOfPage":{"@id":"https:\/\/www.webdo.tn\/fr\/actualite\/international\/ouverture-du-marche-russe-aux-hommes-daffaires-tunisiens-aide-les-forces-armees\/184337\/#primaryimage"},"image":{"@id":"https:\/\/www.webdo.tn\/fr\/actualite\/international\/ouverture-du-marche-russe-aux-hommes-daffaires-tunisiens-aide-les-forces-armees\/184337\/#primaryimage"},"thumbnailUrl":"https:\/\/www.webdo.tn\/fr\/wp-content\/uploads\/2014\/09\/Mongi-Hamdi-Russie.jpg","datePublished":"2014-09-03T17:57:00+00:00","dateModified":"2025-05-22T13:05:33+00:00","description":"Ouverture du march\u00e9 russe aux hommes d'affaires tunisiens et aide pour les forces arm\u00e9es","breadcrumb":{"@id":"https:\/\/www.webdo.tn\/fr\/actualite\/international\/ouverture-du-marche-russe-aux-hommes-daffaires-tunisiens-aide-les-forces-armees\/184337\/#breadcrumb"},"inLanguage":"fr-FR","potentialAction":[{"@type":"ReadAction","target":["https:\/\/www.webdo.tn\/fr\/actualite\/international\/ouverture-du-marche-russe-aux-hommes-daffaires-tunisiens-aide-les-forces-armees\/184337\/"]}]},{"@type":"ImageObject","inLanguage":"fr-FR","@id":"https:\/\/www.webdo.tn\/fr\/actualite\/international\/ouverture-du-marche-russe-aux-hommes-daffaires-tunisiens-aide-les-forces-armees\/184337\/#primaryimage","url":"https:\/\/www.webdo.tn\/fr\/wp-content\/uploads\/2014\/09\/Mongi-Hamdi-Russie.jpg","contentUrl":"https:\/\/www.webdo.tn\/fr\/wp-content\/uploads\/2014\/09\/Mongi-Hamdi-Russie.jpg","width":566,"height":425,"caption":"Ouverture du march\u00e9 russe aux hommes d'affaires tunisiens et aide pour les forces arm\u00e9es"},{"@type":"BreadcrumbList","@id":"https:\/\/www.webdo.tn\/fr\/actualite\/international\/ouverture-du-marche-russe-aux-hommes-daffaires-tunisiens-aide-les-forces-armees\/184337\/#breadcrumb","itemListElement":[{"@type":"ListItem","position":1,"name":"Accueil","item":"https:\/\/www.webdo.tn\/fr\/"},{"@type":"ListItem","position":2,"name":"Ouverture du march\u00e9 russe aux hommes d&rsquo;affaires tunisiens et aide pour les forces arm\u00e9es"}]},{"@type":"WebSite","@id":"https:\/\/www.webdo.tn\/fr\/#website","url":"https:\/\/www.webdo.tn\/fr\/","name":"webdo","description":"Tunisie - News en Tunisie et \u00e0 l&#039;international sur Webdo.tn","publisher":{"@id":"https:\/\/www.webdo.tn\/fr\/#organization"},"potentialAction":[{"@type":"SearchAction","target":{"@type":"EntryPoint","urlTemplate":"https:\/\/www.webdo.tn\/fr\/?s={search_term_string}"},"query-input":{"@type":"PropertyValueSpecification","valueRequired":true,"valueName":"search_term_string"}}],"inLanguage":"fr-FR"},{"@type":"Organization","@id":"https:\/\/www.webdo.tn\/fr\/#organization","name":"Webdo","alternateName":"Webdo.tn","url":"https:\/\/www.webdo.tn\/fr\/","logo":{"@type":"ImageObject","inLanguage":"fr-FR","@id":"https:\/\/www.webdo.tn\/fr\/#\/schema\/logo\/image\/","url":"https:\/\/www.webdo.tn\/fr\/wp-content\/uploads\/2025\/06\/Webdo-Tunisie_168377.jpg","contentUrl":"https:\/\/www.webdo.tn\/fr\/wp-content\/uploads\/2025\/06\/Webdo-Tunisie_168377.jpg","width":301,"height":301,"caption":"Webdo"},"image":{"@id":"https:\/\/www.webdo.tn\/fr\/#\/schema\/logo\/image\/"},"sameAs":["https:\/\/www.facebook.com\/webdotn","https:\/\/x.com\/webdo_tn"],"description":"Webdo est un m\u00e9dia num\u00e9rique tunisien fond\u00e9 en 2010, sp\u00e9cialis\u00e9 dans l\u2019actualit\u00e9 nationale et internationale, l\u2019\u00e9conomie, la soci\u00e9t\u00e9 et les analyses politiques. Le site s\u2019adresse \u00e0 un large public francophone et couvre l\u2019information tunisienne en temps r\u00e9el.","email":"redac@webdo.tn","legalName":"YNJ SARL","foundingDate":"2010-09-06","numberOfEmployees":{"@type":"QuantitativeValue","minValue":"11","maxValue":"50"}},{"@type":"Person","@id":"https:\/\/www.webdo.tn\/fr\/#\/schema\/person\/9a9c6118d687c117df8ef3cc36a4d175","name":"webdo.tn","image":{"@type":"ImageObject","inLanguage":"fr-FR","@id":"https:\/\/secure.gravatar.com\/avatar\/7ce1f28c0c3bbac99ff550b85ef8e44a6950c6ee24514fb6a5489e51d06f0298?s=96&d=mm&r=g","url":"https:\/\/secure.gravatar.com\/avatar\/7ce1f28c0c3bbac99ff550b85ef8e44a6950c6ee24514fb6a5489e51d06f0298?s=96&d=mm&r=g","contentUrl":"https:\/\/secure.gravatar.com\/avatar\/7ce1f28c0c3bbac99ff550b85ef8e44a6950c6ee24514fb6a5489e51d06f0298?s=96&d=mm&r=g","caption":"webdo.tn"},"url":"https:\/\/www.webdo.tn\/fr\/actualite\/author\/webdotn\/"}]}},"_links":{"self":[{"href":"https:\/\/www.webdo.tn\/fr\/wp-json\/wp\/v2\/posts\/184337","targetHints":{"allow":["GET"]}}],"collection":[{"href":"https:\/\/www.webdo.tn\/fr\/wp-json\/wp\/v2\/posts"}],"about":[{"href":"https:\/\/www.webdo.tn\/fr\/wp-json\/wp\/v2\/types\/post"}],"author":[{"embeddable":true,"href":"https:\/\/www.webdo.tn\/fr\/wp-json\/wp\/v2\/users\/3222"}],"replies":[{"embeddable":true,"href":"https:\/\/www.webdo.tn\/fr\/wp-json\/wp\/v2\/comments?post=184337"}],"version-history":[{"count":0,"href":"https:\/\/www.webdo.tn\/fr\/wp-json\/wp\/v2\/posts\/184337\/revisions"}],"wp:featuredmedia":[{"embeddable":true,"href":"https:\/\/www.webdo.tn\/fr\/wp-json\/wp\/v2\/media\/320437"}],"wp:attachment":[{"href":"https:\/\/www.webdo.tn\/fr\/wp-json\/wp\/v2\/media?parent=184337"}],"wp:term":[{"taxonomy":"category","embeddable":true,"href":"https:\/\/www.webdo.tn\/fr\/wp-json\/wp\/v2\/categories?post=184337"},{"taxonomy":"post_tag","embeddable":true,"href":"https:\/\/www.webdo.tn\/fr\/wp-json\/wp\/v2\/tags?post=184337"}],"curies":[{"name":"wp","href":"https:\/\/api.w.org\/{rel}","templated":true}]}}