{"id":184335,"date":"2014-09-03T19:54:00","date_gmt":"2014-09-03T19:54:00","guid":{"rendered":"https:\/\/www.webdo.tn\/fr\/blog\/palestine-gaza-violation-du-cessez-feu-soldats-israeliens-ouvrent-feu-pecheurs-palestiniens\/184335\/"},"modified":"2025-06-04T18:13:13","modified_gmt":"2025-06-04T18:13:13","slug":"palestine-gaza-violation-du-cessez-feu-soldats-israeliens-ouvrent-feu-pecheurs-palestiniens","status":"publish","type":"post","link":"https:\/\/www.webdo.tn\/fr\/actualite\/international\/palestine-gaza-violation-du-cessez-feu-soldats-israeliens-ouvrent-feu-pecheurs-palestiniens\/184335\/","title":{"rendered":"Violation du cessez-le-feu : Des soldats isra\u00e9liens ouvrent le feu sur des p\u00eacheurs palestiniens"},"content":{"rendered":"<p>Les soldats isra\u00e9liens ont ouvert le feu, ce mercredi matin, 3 septembre, sur quelques\u00a0bateaux de p\u00eache palestiniens pr\u00e8s du rivage dans la zone Sudaniyya, \u00e0 l&rsquo;ouest de la ville de Gaza. Deux Palestiniens, Mohammad Zayed and Mousa Sultan,\u00a0ont \u00e9t\u00e9 enlev\u00e9s, rapporte le centre international des m\u00e9dias au Proche-Orient.<\/p>\n<p>\u00ab\u00a0Les attaques continues sont des violations directes de l&rsquo;accord de cessez-le-feu apr\u00e8s l&rsquo;initiative \u00e9gyptienne le 26 ao\u00fbt\u00a0\u00bb, commente le centre, pr\u00e9cisant que l&rsquo;agression isra\u00e9lienne a eu lieu dans la zone maritime palestinienne.<\/p>\n<p>Rappelons que l&rsquo;accord de\u00a0cessez-le-feu, entre Isra\u00ebl et Hamas, entr\u00e9 en vigueur depuis le\u00a026 ao\u00fbt, apr\u00e8s des hostilit\u00e9s qui ont dur\u00e9 une cinquantaine de jours meurtriers, a permis une seule \u00ab\u00a0nouveaut\u00e9\u00a0\u00bb pour les Gazaouis,\u00a0\u00a0le retour aux six miles (environ 9,6 kilom\u00e8tres) pour les p\u00eacheurs.<\/p>\n<p>Pour eux, l\u2019extension de la zone de p\u00eache ne serait pas une nouveaut\u00e9. \u00abRien n\u2019a chang\u00e9 pour nous ! Avant la guerre on \u00e9tait \u00e0 6 milles, c\u2019est pass\u00e9 \u00e0 3, la veille des combats, et l\u00e0 on revient \u00e0 6 milles ! Et dans cette zone, de toute fa\u00e7on, on ne trouve pas de poisson ! \u00bb, d\u00e9clare un p\u00eacheur \u00e0\u00a0RFI, trois jours apr\u00e8s le cessez-le-feu.<br \/>\nCes restrictions devaient passer \u00e0 12 milles. En 2012, l&rsquo;accord avec Isra\u00ebl et l\u2019Egypte avait pr\u00e9vu d\u2019\u00e9tendre la zone de p\u00eache jusqu\u2019\u00e0 9 milles. Un accord jamais mis en application par les Isra\u00e9liens.<br \/>\nPour lire l&rsquo;article de\u00a0le centre international des m\u00e9dias au Proche-Orient, cliquez ici.<\/p>\n","protected":false},"excerpt":{"rendered":"<p>Violation du cessez-le-feu : Des soldats isra\u00e9liens ouvrent le feu sur des p\u00eacheurs palestiniens<\/p>\n","protected":false},"author":3222,"featured_media":320446,"comment_status":"open","ping_status":"closed","sticky":false,"template":"","format":"standard","meta":{"footnotes":""},"categories":[2598],"tags":[],"class_list":["post-184335","post","type-post","status-publish","format-standard","has-post-thumbnail","hentry","category-international"],"yoast_head":"<!-- This site is optimized with the Yoast SEO Premium plugin v27.5 (Yoast SEO v27.5) - https:\/\/yoast.com\/product\/yoast-seo-premium-wordpress\/ -->\n<title>Violation du cessez-le-feu : Des soldats isra\u00e9liens ouvrent le feu sur des p\u00eacheurs palestiniens<\/title>\n<meta name=\"description\" content=\"Violation du cessez-le-feu : Des soldats isra\u00e9liens ouvrent le feu sur des p\u00eacheurs palestiniens\" \/>\n<link rel=\"canonical\" href=\"https:\/\/www.webdo.tn\/fr\/actualite\/international\/palestine-gaza-violation-du-cessez-feu-soldats-israeliens-ouvrent-feu-pecheurs-palestiniens\/184335\/\" \/>\n<meta property=\"og:locale\" content=\"fr_FR\" \/>\n<meta property=\"og:type\" content=\"article\" \/>\n<meta property=\"og:title\" content=\"Violation du cessez-le-feu : Des soldats isra\u00e9liens ouvrent le feu sur des p\u00eacheurs palestiniens\" \/>\n<meta property=\"og:description\" content=\"Violation du cessez-le-feu : Des soldats isra\u00e9liens ouvrent le feu sur des p\u00eacheurs palestiniens\" \/>\n<meta property=\"og:url\" content=\"https:\/\/www.webdo.tn\/fr\/actualite\/international\/palestine-gaza-violation-du-cessez-feu-soldats-israeliens-ouvrent-feu-pecheurs-palestiniens\/184335\/\" \/>\n<meta property=\"og:site_name\" content=\"webdo\" \/>\n<meta property=\"article:publisher\" content=\"https:\/\/www.facebook.com\/webdotn\" \/>\n<meta property=\"article:published_time\" content=\"2014-09-03T19:54:00+00:00\" \/>\n<meta property=\"article:modified_time\" content=\"2025-06-04T18:13:13+00:00\" \/>\n<meta property=\"og:image\" content=\"https:\/\/www.webdo.tn\/fr\/wp-content\/uploads\/2014\/09\/Pecheur-Gaza.jpg\" \/>\n\t<meta property=\"og:image:width\" content=\"301\" \/>\n\t<meta property=\"og:image:height\" content=\"201\" \/>\n\t<meta property=\"og:image:type\" content=\"image\/jpeg\" \/>\n<meta name=\"author\" content=\"webdo.tn\" \/>\n<meta name=\"twitter:card\" content=\"summary_large_image\" \/>\n<meta name=\"twitter:creator\" content=\"@webdo_tn\" \/>\n<meta name=\"twitter:site\" content=\"@webdo_tn\" \/>\n<meta name=\"twitter:label1\" content=\"\u00c9crit par\" \/>\n\t<meta name=\"twitter:data1\" content=\"webdo.tn\" \/>\n\t<meta name=\"twitter:label2\" content=\"Dur\u00e9e de lecture estim\u00e9e\" \/>\n\t<meta name=\"twitter:data2\" content=\"1 minute\" \/>\n<script type=\"application\/ld+json\" class=\"yoast-schema-graph\">{\"@context\":\"https:\\\/\\\/schema.org\",\"@graph\":[{\"@type\":\"NewsArticle\",\"@id\":\"https:\\\/\\\/www.webdo.tn\\\/fr\\\/actualite\\\/international\\\/palestine-gaza-violation-du-cessez-feu-soldats-israeliens-ouvrent-feu-pecheurs-palestiniens\\\/184335\\\/#article\",\"isPartOf\":{\"@id\":\"https:\\\/\\\/www.webdo.tn\\\/fr\\\/actualite\\\/international\\\/palestine-gaza-violation-du-cessez-feu-soldats-israeliens-ouvrent-feu-pecheurs-palestiniens\\\/184335\\\/\"},\"author\":{\"name\":\"webdo.tn\",\"@id\":\"https:\\\/\\\/www.webdo.tn\\\/fr\\\/#\\\/schema\\\/person\\\/9a9c6118d687c117df8ef3cc36a4d175\"},\"headline\":\"Violation du cessez-le-feu : Des soldats isra\u00e9liens ouvrent le feu sur des p\u00eacheurs palestiniens\",\"datePublished\":\"2014-09-03T19:54:00+00:00\",\"dateModified\":\"2025-06-04T18:13:13+00:00\",\"mainEntityOfPage\":{\"@id\":\"https:\\\/\\\/www.webdo.tn\\\/fr\\\/actualite\\\/international\\\/palestine-gaza-violation-du-cessez-feu-soldats-israeliens-ouvrent-feu-pecheurs-palestiniens\\\/184335\\\/\"},\"wordCount\":274,\"commentCount\":0,\"publisher\":{\"@id\":\"https:\\\/\\\/www.webdo.tn\\\/fr\\\/#organization\"},\"image\":{\"@id\":\"https:\\\/\\\/www.webdo.tn\\\/fr\\\/actualite\\\/international\\\/palestine-gaza-violation-du-cessez-feu-soldats-israeliens-ouvrent-feu-pecheurs-palestiniens\\\/184335\\\/#primaryimage\"},\"thumbnailUrl\":\"https:\\\/\\\/www.webdo.tn\\\/fr\\\/wp-content\\\/uploads\\\/2014\\\/09\\\/Pecheur-Gaza.jpg\",\"articleSection\":[\"International\"],\"inLanguage\":\"fr-FR\"},{\"@type\":\"WebPage\",\"@id\":\"https:\\\/\\\/www.webdo.tn\\\/fr\\\/actualite\\\/international\\\/palestine-gaza-violation-du-cessez-feu-soldats-israeliens-ouvrent-feu-pecheurs-palestiniens\\\/184335\\\/\",\"url\":\"https:\\\/\\\/www.webdo.tn\\\/fr\\\/actualite\\\/international\\\/palestine-gaza-violation-du-cessez-feu-soldats-israeliens-ouvrent-feu-pecheurs-palestiniens\\\/184335\\\/\",\"name\":\"Violation du cessez-le-feu : Des soldats isra\u00e9liens ouvrent le feu sur des p\u00eacheurs palestiniens\",\"isPartOf\":{\"@id\":\"https:\\\/\\\/www.webdo.tn\\\/fr\\\/#website\"},\"primaryImageOfPage\":{\"@id\":\"https:\\\/\\\/www.webdo.tn\\\/fr\\\/actualite\\\/international\\\/palestine-gaza-violation-du-cessez-feu-soldats-israeliens-ouvrent-feu-pecheurs-palestiniens\\\/184335\\\/#primaryimage\"},\"image\":{\"@id\":\"https:\\\/\\\/www.webdo.tn\\\/fr\\\/actualite\\\/international\\\/palestine-gaza-violation-du-cessez-feu-soldats-israeliens-ouvrent-feu-pecheurs-palestiniens\\\/184335\\\/#primaryimage\"},\"thumbnailUrl\":\"https:\\\/\\\/www.webdo.tn\\\/fr\\\/wp-content\\\/uploads\\\/2014\\\/09\\\/Pecheur-Gaza.jpg\",\"datePublished\":\"2014-09-03T19:54:00+00:00\",\"dateModified\":\"2025-06-04T18:13:13+00:00\",\"description\":\"Violation du cessez-le-feu : Des soldats isra\u00e9liens ouvrent le feu sur des p\u00eacheurs palestiniens\",\"breadcrumb\":{\"@id\":\"https:\\\/\\\/www.webdo.tn\\\/fr\\\/actualite\\\/international\\\/palestine-gaza-violation-du-cessez-feu-soldats-israeliens-ouvrent-feu-pecheurs-palestiniens\\\/184335\\\/#breadcrumb\"},\"inLanguage\":\"fr-FR\",\"potentialAction\":[{\"@type\":\"ReadAction\",\"target\":[\"https:\\\/\\\/www.webdo.tn\\\/fr\\\/actualite\\\/international\\\/palestine-gaza-violation-du-cessez-feu-soldats-israeliens-ouvrent-feu-pecheurs-palestiniens\\\/184335\\\/\"]}]},{\"@type\":\"ImageObject\",\"inLanguage\":\"fr-FR\",\"@id\":\"https:\\\/\\\/www.webdo.tn\\\/fr\\\/actualite\\\/international\\\/palestine-gaza-violation-du-cessez-feu-soldats-israeliens-ouvrent-feu-pecheurs-palestiniens\\\/184335\\\/#primaryimage\",\"url\":\"https:\\\/\\\/www.webdo.tn\\\/fr\\\/wp-content\\\/uploads\\\/2014\\\/09\\\/Pecheur-Gaza.jpg\",\"contentUrl\":\"https:\\\/\\\/www.webdo.tn\\\/fr\\\/wp-content\\\/uploads\\\/2014\\\/09\\\/Pecheur-Gaza.jpg\",\"width\":301,\"height\":201,\"caption\":\"Violation du cessez-le-feu : Des soldats isra\u00e9liens ouvrent le feu sur des p\u00eacheurs palestiniens\"},{\"@type\":\"BreadcrumbList\",\"@id\":\"https:\\\/\\\/www.webdo.tn\\\/fr\\\/actualite\\\/international\\\/palestine-gaza-violation-du-cessez-feu-soldats-israeliens-ouvrent-feu-pecheurs-palestiniens\\\/184335\\\/#breadcrumb\",\"itemListElement\":[{\"@type\":\"ListItem\",\"position\":1,\"name\":\"Accueil\",\"item\":\"https:\\\/\\\/www.webdo.tn\\\/fr\\\/\"},{\"@type\":\"ListItem\",\"position\":2,\"name\":\"Violation du cessez-le-feu : Des soldats isra\u00e9liens ouvrent le feu sur des p\u00eacheurs palestiniens\"}]},{\"@type\":\"WebSite\",\"@id\":\"https:\\\/\\\/www.webdo.tn\\\/fr\\\/#website\",\"url\":\"https:\\\/\\\/www.webdo.tn\\\/fr\\\/\",\"name\":\"webdo\",\"description\":\"Tunisie - News en Tunisie et \u00e0 l&#039;international sur Webdo.tn\",\"publisher\":{\"@id\":\"https:\\\/\\\/www.webdo.tn\\\/fr\\\/#organization\"},\"potentialAction\":[{\"@type\":\"SearchAction\",\"target\":{\"@type\":\"EntryPoint\",\"urlTemplate\":\"https:\\\/\\\/www.webdo.tn\\\/fr\\\/?s={search_term_string}\"},\"query-input\":{\"@type\":\"PropertyValueSpecification\",\"valueRequired\":true,\"valueName\":\"search_term_string\"}}],\"inLanguage\":\"fr-FR\"},{\"@type\":\"Organization\",\"@id\":\"https:\\\/\\\/www.webdo.tn\\\/fr\\\/#organization\",\"name\":\"Webdo\",\"alternateName\":\"Webdo.tn\",\"url\":\"https:\\\/\\\/www.webdo.tn\\\/fr\\\/\",\"logo\":{\"@type\":\"ImageObject\",\"inLanguage\":\"fr-FR\",\"@id\":\"https:\\\/\\\/www.webdo.tn\\\/fr\\\/#\\\/schema\\\/logo\\\/image\\\/\",\"url\":\"https:\\\/\\\/www.webdo.tn\\\/fr\\\/wp-content\\\/uploads\\\/2025\\\/06\\\/Webdo-Tunisie_168377.jpg\",\"contentUrl\":\"https:\\\/\\\/www.webdo.tn\\\/fr\\\/wp-content\\\/uploads\\\/2025\\\/06\\\/Webdo-Tunisie_168377.jpg\",\"width\":301,\"height\":301,\"caption\":\"Webdo\"},\"image\":{\"@id\":\"https:\\\/\\\/www.webdo.tn\\\/fr\\\/#\\\/schema\\\/logo\\\/image\\\/\"},\"sameAs\":[\"https:\\\/\\\/www.facebook.com\\\/webdotn\",\"https:\\\/\\\/x.com\\\/webdo_tn\"],\"description\":\"Webdo est un m\u00e9dia num\u00e9rique tunisien fond\u00e9 en 2010, sp\u00e9cialis\u00e9 dans l\u2019actualit\u00e9 nationale et internationale, l\u2019\u00e9conomie, la soci\u00e9t\u00e9 et les analyses politiques. Le site s\u2019adresse \u00e0 un large public francophone et couvre l\u2019information tunisienne en temps r\u00e9el.\",\"email\":\"redac@webdo.tn\",\"legalName\":\"YNJ SARL\",\"foundingDate\":\"2010-09-06\",\"numberOfEmployees\":{\"@type\":\"QuantitativeValue\",\"minValue\":\"11\",\"maxValue\":\"50\"}},{\"@type\":\"Person\",\"@id\":\"https:\\\/\\\/www.webdo.tn\\\/fr\\\/#\\\/schema\\\/person\\\/9a9c6118d687c117df8ef3cc36a4d175\",\"name\":\"webdo.tn\",\"image\":{\"@type\":\"ImageObject\",\"inLanguage\":\"fr-FR\",\"@id\":\"https:\\\/\\\/secure.gravatar.com\\\/avatar\\\/7ce1f28c0c3bbac99ff550b85ef8e44a6950c6ee24514fb6a5489e51d06f0298?s=96&d=mm&r=g\",\"url\":\"https:\\\/\\\/secure.gravatar.com\\\/avatar\\\/7ce1f28c0c3bbac99ff550b85ef8e44a6950c6ee24514fb6a5489e51d06f0298?s=96&d=mm&r=g\",\"contentUrl\":\"https:\\\/\\\/secure.gravatar.com\\\/avatar\\\/7ce1f28c0c3bbac99ff550b85ef8e44a6950c6ee24514fb6a5489e51d06f0298?s=96&d=mm&r=g\",\"caption\":\"webdo.tn\"},\"url\":\"https:\\\/\\\/www.webdo.tn\\\/fr\\\/actualite\\\/author\\\/webdotn\\\/\"}]}<\/script>\n<!-- \/ Yoast SEO Premium plugin. -->","yoast_head_json":{"title":"Violation du cessez-le-feu : Des soldats isra\u00e9liens ouvrent le feu sur des p\u00eacheurs palestiniens","description":"Violation du cessez-le-feu : Des soldats isra\u00e9liens ouvrent le feu sur des p\u00eacheurs palestiniens","canonical":"https:\/\/www.webdo.tn\/fr\/actualite\/international\/palestine-gaza-violation-du-cessez-feu-soldats-israeliens-ouvrent-feu-pecheurs-palestiniens\/184335\/","og_locale":"fr_FR","og_type":"article","og_title":"Violation du cessez-le-feu : Des soldats isra\u00e9liens ouvrent le feu sur des p\u00eacheurs palestiniens","og_description":"Violation du cessez-le-feu : Des soldats isra\u00e9liens ouvrent le feu sur des p\u00eacheurs palestiniens","og_url":"https:\/\/www.webdo.tn\/fr\/actualite\/international\/palestine-gaza-violation-du-cessez-feu-soldats-israeliens-ouvrent-feu-pecheurs-palestiniens\/184335\/","og_site_name":"webdo","article_publisher":"https:\/\/www.facebook.com\/webdotn","article_published_time":"2014-09-03T19:54:00+00:00","article_modified_time":"2025-06-04T18:13:13+00:00","og_image":[{"width":301,"height":201,"url":"https:\/\/www.webdo.tn\/fr\/wp-content\/uploads\/2014\/09\/Pecheur-Gaza.jpg","type":"image\/jpeg"}],"author":"webdo.tn","twitter_card":"summary_large_image","twitter_creator":"@webdo_tn","twitter_site":"@webdo_tn","twitter_misc":{"\u00c9crit par":"webdo.tn","Dur\u00e9e de lecture estim\u00e9e":"1 minute"},"schema":{"@context":"https:\/\/schema.org","@graph":[{"@type":"NewsArticle","@id":"https:\/\/www.webdo.tn\/fr\/actualite\/international\/palestine-gaza-violation-du-cessez-feu-soldats-israeliens-ouvrent-feu-pecheurs-palestiniens\/184335\/#article","isPartOf":{"@id":"https:\/\/www.webdo.tn\/fr\/actualite\/international\/palestine-gaza-violation-du-cessez-feu-soldats-israeliens-ouvrent-feu-pecheurs-palestiniens\/184335\/"},"author":{"name":"webdo.tn","@id":"https:\/\/www.webdo.tn\/fr\/#\/schema\/person\/9a9c6118d687c117df8ef3cc36a4d175"},"headline":"Violation du cessez-le-feu : Des soldats isra\u00e9liens ouvrent le feu sur des p\u00eacheurs palestiniens","datePublished":"2014-09-03T19:54:00+00:00","dateModified":"2025-06-04T18:13:13+00:00","mainEntityOfPage":{"@id":"https:\/\/www.webdo.tn\/fr\/actualite\/international\/palestine-gaza-violation-du-cessez-feu-soldats-israeliens-ouvrent-feu-pecheurs-palestiniens\/184335\/"},"wordCount":274,"commentCount":0,"publisher":{"@id":"https:\/\/www.webdo.tn\/fr\/#organization"},"image":{"@id":"https:\/\/www.webdo.tn\/fr\/actualite\/international\/palestine-gaza-violation-du-cessez-feu-soldats-israeliens-ouvrent-feu-pecheurs-palestiniens\/184335\/#primaryimage"},"thumbnailUrl":"https:\/\/www.webdo.tn\/fr\/wp-content\/uploads\/2014\/09\/Pecheur-Gaza.jpg","articleSection":["International"],"inLanguage":"fr-FR"},{"@type":"WebPage","@id":"https:\/\/www.webdo.tn\/fr\/actualite\/international\/palestine-gaza-violation-du-cessez-feu-soldats-israeliens-ouvrent-feu-pecheurs-palestiniens\/184335\/","url":"https:\/\/www.webdo.tn\/fr\/actualite\/international\/palestine-gaza-violation-du-cessez-feu-soldats-israeliens-ouvrent-feu-pecheurs-palestiniens\/184335\/","name":"Violation du cessez-le-feu : Des soldats isra\u00e9liens ouvrent le feu sur des p\u00eacheurs palestiniens","isPartOf":{"@id":"https:\/\/www.webdo.tn\/fr\/#website"},"primaryImageOfPage":{"@id":"https:\/\/www.webdo.tn\/fr\/actualite\/international\/palestine-gaza-violation-du-cessez-feu-soldats-israeliens-ouvrent-feu-pecheurs-palestiniens\/184335\/#primaryimage"},"image":{"@id":"https:\/\/www.webdo.tn\/fr\/actualite\/international\/palestine-gaza-violation-du-cessez-feu-soldats-israeliens-ouvrent-feu-pecheurs-palestiniens\/184335\/#primaryimage"},"thumbnailUrl":"https:\/\/www.webdo.tn\/fr\/wp-content\/uploads\/2014\/09\/Pecheur-Gaza.jpg","datePublished":"2014-09-03T19:54:00+00:00","dateModified":"2025-06-04T18:13:13+00:00","description":"Violation du cessez-le-feu : Des soldats isra\u00e9liens ouvrent le feu sur des p\u00eacheurs palestiniens","breadcrumb":{"@id":"https:\/\/www.webdo.tn\/fr\/actualite\/international\/palestine-gaza-violation-du-cessez-feu-soldats-israeliens-ouvrent-feu-pecheurs-palestiniens\/184335\/#breadcrumb"},"inLanguage":"fr-FR","potentialAction":[{"@type":"ReadAction","target":["https:\/\/www.webdo.tn\/fr\/actualite\/international\/palestine-gaza-violation-du-cessez-feu-soldats-israeliens-ouvrent-feu-pecheurs-palestiniens\/184335\/"]}]},{"@type":"ImageObject","inLanguage":"fr-FR","@id":"https:\/\/www.webdo.tn\/fr\/actualite\/international\/palestine-gaza-violation-du-cessez-feu-soldats-israeliens-ouvrent-feu-pecheurs-palestiniens\/184335\/#primaryimage","url":"https:\/\/www.webdo.tn\/fr\/wp-content\/uploads\/2014\/09\/Pecheur-Gaza.jpg","contentUrl":"https:\/\/www.webdo.tn\/fr\/wp-content\/uploads\/2014\/09\/Pecheur-Gaza.jpg","width":301,"height":201,"caption":"Violation du cessez-le-feu : Des soldats isra\u00e9liens ouvrent le feu sur des p\u00eacheurs palestiniens"},{"@type":"BreadcrumbList","@id":"https:\/\/www.webdo.tn\/fr\/actualite\/international\/palestine-gaza-violation-du-cessez-feu-soldats-israeliens-ouvrent-feu-pecheurs-palestiniens\/184335\/#breadcrumb","itemListElement":[{"@type":"ListItem","position":1,"name":"Accueil","item":"https:\/\/www.webdo.tn\/fr\/"},{"@type":"ListItem","position":2,"name":"Violation du cessez-le-feu : Des soldats isra\u00e9liens ouvrent le feu sur des p\u00eacheurs palestiniens"}]},{"@type":"WebSite","@id":"https:\/\/www.webdo.tn\/fr\/#website","url":"https:\/\/www.webdo.tn\/fr\/","name":"webdo","description":"Tunisie - News en Tunisie et \u00e0 l&#039;international sur Webdo.tn","publisher":{"@id":"https:\/\/www.webdo.tn\/fr\/#organization"},"potentialAction":[{"@type":"SearchAction","target":{"@type":"EntryPoint","urlTemplate":"https:\/\/www.webdo.tn\/fr\/?s={search_term_string}"},"query-input":{"@type":"PropertyValueSpecification","valueRequired":true,"valueName":"search_term_string"}}],"inLanguage":"fr-FR"},{"@type":"Organization","@id":"https:\/\/www.webdo.tn\/fr\/#organization","name":"Webdo","alternateName":"Webdo.tn","url":"https:\/\/www.webdo.tn\/fr\/","logo":{"@type":"ImageObject","inLanguage":"fr-FR","@id":"https:\/\/www.webdo.tn\/fr\/#\/schema\/logo\/image\/","url":"https:\/\/www.webdo.tn\/fr\/wp-content\/uploads\/2025\/06\/Webdo-Tunisie_168377.jpg","contentUrl":"https:\/\/www.webdo.tn\/fr\/wp-content\/uploads\/2025\/06\/Webdo-Tunisie_168377.jpg","width":301,"height":301,"caption":"Webdo"},"image":{"@id":"https:\/\/www.webdo.tn\/fr\/#\/schema\/logo\/image\/"},"sameAs":["https:\/\/www.facebook.com\/webdotn","https:\/\/x.com\/webdo_tn"],"description":"Webdo est un m\u00e9dia num\u00e9rique tunisien fond\u00e9 en 2010, sp\u00e9cialis\u00e9 dans l\u2019actualit\u00e9 nationale et internationale, l\u2019\u00e9conomie, la soci\u00e9t\u00e9 et les analyses politiques. Le site s\u2019adresse \u00e0 un large public francophone et couvre l\u2019information tunisienne en temps r\u00e9el.","email":"redac@webdo.tn","legalName":"YNJ SARL","foundingDate":"2010-09-06","numberOfEmployees":{"@type":"QuantitativeValue","minValue":"11","maxValue":"50"}},{"@type":"Person","@id":"https:\/\/www.webdo.tn\/fr\/#\/schema\/person\/9a9c6118d687c117df8ef3cc36a4d175","name":"webdo.tn","image":{"@type":"ImageObject","inLanguage":"fr-FR","@id":"https:\/\/secure.gravatar.com\/avatar\/7ce1f28c0c3bbac99ff550b85ef8e44a6950c6ee24514fb6a5489e51d06f0298?s=96&d=mm&r=g","url":"https:\/\/secure.gravatar.com\/avatar\/7ce1f28c0c3bbac99ff550b85ef8e44a6950c6ee24514fb6a5489e51d06f0298?s=96&d=mm&r=g","contentUrl":"https:\/\/secure.gravatar.com\/avatar\/7ce1f28c0c3bbac99ff550b85ef8e44a6950c6ee24514fb6a5489e51d06f0298?s=96&d=mm&r=g","caption":"webdo.tn"},"url":"https:\/\/www.webdo.tn\/fr\/actualite\/author\/webdotn\/"}]}},"_links":{"self":[{"href":"https:\/\/www.webdo.tn\/fr\/wp-json\/wp\/v2\/posts\/184335","targetHints":{"allow":["GET"]}}],"collection":[{"href":"https:\/\/www.webdo.tn\/fr\/wp-json\/wp\/v2\/posts"}],"about":[{"href":"https:\/\/www.webdo.tn\/fr\/wp-json\/wp\/v2\/types\/post"}],"author":[{"embeddable":true,"href":"https:\/\/www.webdo.tn\/fr\/wp-json\/wp\/v2\/users\/3222"}],"replies":[{"embeddable":true,"href":"https:\/\/www.webdo.tn\/fr\/wp-json\/wp\/v2\/comments?post=184335"}],"version-history":[{"count":0,"href":"https:\/\/www.webdo.tn\/fr\/wp-json\/wp\/v2\/posts\/184335\/revisions"}],"wp:featuredmedia":[{"embeddable":true,"href":"https:\/\/www.webdo.tn\/fr\/wp-json\/wp\/v2\/media\/320446"}],"wp:attachment":[{"href":"https:\/\/www.webdo.tn\/fr\/wp-json\/wp\/v2\/media?parent=184335"}],"wp:term":[{"taxonomy":"category","embeddable":true,"href":"https:\/\/www.webdo.tn\/fr\/wp-json\/wp\/v2\/categories?post=184335"},{"taxonomy":"post_tag","embeddable":true,"href":"https:\/\/www.webdo.tn\/fr\/wp-json\/wp\/v2\/tags?post=184335"}],"curies":[{"name":"wp","href":"https:\/\/api.w.org\/{rel}","templated":true}]}}