{"id":184333,"date":"2014-09-06T12:25:00","date_gmt":"2014-09-06T10:25:00","guid":{"rendered":"https:\/\/www.webdo.tn\/fr\/actualite\/international\/palestine-retour-a-lecole-pour-les-enfants-de-gaza-220-batiments-endommages-selon-unrwa\/184333"},"modified":"2014-09-06T12:25:00","modified_gmt":"2014-09-06T10:25:00","slug":"palestine-retour-a-lecole-pour-les-enfants-de-gaza-220-batiments-endommages-selon-unrwa","status":"publish","type":"post","link":"https:\/\/www.webdo.tn\/fr\/actualite\/international\/palestine-retour-a-lecole-pour-les-enfants-de-gaza-220-batiments-endommages-selon-unrwa\/184333\/","title":{"rendered":"Retour \u00e0 l&rsquo;\u00e9cole pour les enfants de Gaza : 220 b\u00e2timents endommag\u00e9s selon les Nations Unies"},"content":{"rendered":"<p>Des centaines de milliers d&rsquo;enfants palestiniens dans la bande de Gaza ne vont pas retourner \u00e0 l&rsquo;\u00e9cole \u00e0 la date pr\u00e9vue \u00e0 cause de la d\u00e9vastation isra\u00e9lienne.<\/p>\n<p>500 enfants de Gaza tu\u00e9s et 220 \u00e9coles endommag\u00e9es<\/p>\n<p>L&rsquo;ann\u00e9e scolaire \u00e0 Gaza devait commencer le 23 ao\u00fbt, mais la rentr\u00e9e a \u00e9t\u00e9 \u00a0report\u00e9e au\u00a014 septembre. Suite \u00ab\u00a0aux attaques isra\u00e9liennes depuis le 7 juillet, plus de 500 enfants ont \u00e9t\u00e9 tu\u00e9s et des milliers ont \u00e9t\u00e9 bless\u00e9s. Au total 220 \u00e9coles ont \u00e9t\u00e9 endommag\u00e9es, dont 22 ont \u00e9t\u00e9 compl\u00e8tement d\u00e9truites\u00a0\u00bb, selon les Nations Unies.<\/p>\n<p>Ces attaques \u00ab\u00a0chirurgicales\u00a0\u00bb avaient bien l&rsquo;intention de cibler les \u00e9coles. Comme exemple, \u00ab\u00a0l&#8217;emplacement pr\u00e9cis de l&rsquo;\u00e9cole primaire des filles de Jabalia, qui abritait des milliers de personnes d\u00e9plac\u00e9es \u00e0 l&rsquo;int\u00e9rieur, a\u00a0\u00e9t\u00e9 communiqu\u00e9 \u00e0 l&rsquo;arm\u00e9e isra\u00e9lienne 17 fois pour assurer sa protection\u00a0\u00bb, a affirm\u00e9 l&rsquo;UNRWA \u00a0(agence des Nations Unies pour les r\u00e9fugi\u00e9s palestiniens) sur son site\u00a0; et pourtant le b\u00e2timent\u00a0a \u00e9t\u00e9 bombard\u00e9, \u00e0 l&rsquo;aube du mercredi 30 juillet.<\/p>\n<p>C&rsquo;\u00e9tait la sixi\u00e8me fois qu&rsquo;une \u00e9cole de l&rsquo;ONU\u00a0\u00e9tait atteinte par les bombardements. \u00a03300 personnes y avaient trouv\u00e9 refuge.<\/p>\n<p>Des enfants ont \u00e9t\u00e9 tu\u00e9s pendant leur sommeil. \u00ab\u00a0C&rsquo;est un affront pour nous tous, une source de honte universelle\u00a0\u00bb, s&rsquo;indignait le\u00a0commissaire g\u00e9n\u00e9ral de l&rsquo;agence\u00a0Pierre Kr\u00e4henb\u00fchl : \u00ab\u00a0Je condamne dans les termes les plus forts possibles cette grave violation du droit international par les forces isra\u00e9liennes\u00a0\u00bb. \u00a0Pr\u00e9paration de la rentr\u00e9e scolaire pour les \u00e9l\u00e8ves \u00e0 Gaza\u00a0<\/p>\n<p>Les enfants ne seront pas en mesure de retourner en classe, d&rsquo;apr\u00e8s l&rsquo;ONU, \u00a0jusqu&rsquo;\u00e0 ce que \u00ab\u00a0les \u00e9coles endommag\u00e9es par la guerre\u00a0\u00bb soient r\u00e9par\u00e9es et les \u00ab\u00a0munitions qui n&rsquo;ont pas explos\u00e9\u00a0\u00bb soient enlev\u00e9es.<\/p>\n<p>Pour cette nouvelle ann\u00e9e scolaire 2014\/2015, 241 000 \u00e9l\u00e8ves sont attendus dans 252 \u00e9coles. Comme programme, pendant les deux premi\u00e8res semaines, les \u00e9l\u00e8ves gazaouis auront un soutien psychologique \u00e0 cause du traumatisme de 51 jours de bombardements isra\u00e9liens, pr\u00e9cise l&rsquo;UNRWA, en les aidant \u00e0 faire face aux traumatismes r\u00e9sultant de la derni\u00e8re escalade militaire.Des \u00e9coles transform\u00e9es en abris<\/p>\n<p>\u00ab\u00a0Jusqu&rsquo;\u00e0 maintenant, 330 000 enfants ont b\u00e9n\u00e9fici\u00e9 d&rsquo;un soutien psychosocial de notre programme de sant\u00e9 mentale communautaire et des organisations partenaires\u00a0\u00bb, affirme l&rsquo;agence des Nations Unies pour les r\u00e9fugi\u00e9s palestiniens. 36 b\u00e2timents scolaires servent encore d&rsquo;abris, ce qui rend la planification globale pour la nouvelle ann\u00e9e scolaire un d\u00e9fi majeur pour l&rsquo;organisation onusienne.<\/p>\n<p>\u00ab\u00a0Nous ferons de notre mieux pour fournir une \u00e9ducation de qualit\u00e9 et un soutien psychosocial aux \u00e9l\u00e8ves et les enseignants touch\u00e9s par l&rsquo;escalade militaire. [&#8230;] Par ailleurs, nous estimons qu&rsquo;entre 65.000 et 70.000 Palestiniens vont encore rester dans les \u00e9coles \u00e0 Gaza car ils n&rsquo;ont pas de maisons et nulle part o\u00f9 retourner\u00a0\u00bb, d\u00e9clarent les responsables de l&rsquo;agence.<\/p>\n","protected":false},"excerpt":{"rendered":"<p>Des centaines de milliers d&rsquo;enfants palestiniens dans la bande de Gaza ne vont pas retourner \u00e0 l&rsquo;\u00e9cole \u00e0 la date pr\u00e9vue \u00e0 cause de la d\u00e9vastation isr<\/p>\n","protected":false},"author":3222,"featured_media":373549,"comment_status":"open","ping_status":"open","sticky":false,"template":"","format":"standard","meta":{"footnotes":""},"categories":[2598],"tags":[],"class_list":["post-184333","post","type-post","status-publish","format-standard","has-post-thumbnail","hentry","category-international"],"yoast_head":"<!-- This site is optimized with the Yoast SEO Premium plugin v27.5 (Yoast SEO v27.5) - https:\/\/yoast.com\/product\/yoast-seo-premium-wordpress\/ -->\n<title>Retour \u00e0 l&#039;\u00e9cole pour les enfants de Gaza : 220 b\u00e2timents endommag\u00e9s selon les Nations Unies<\/title>\n<meta name=\"description\" content=\"Retour \u00e0 l&#039;\u00e9cole pour les enfants de Gaza : 220 b\u00e2timents endommag\u00e9s selon les Nations Unies\" \/>\n<link rel=\"canonical\" href=\"https:\/\/www.webdo.tn\/fr\/actualite\/international\/palestine-retour-a-lecole-pour-les-enfants-de-gaza-220-batiments-endommages-selon-unrwa\/184333\/\" \/>\n<meta property=\"og:locale\" content=\"fr_FR\" \/>\n<meta property=\"og:type\" content=\"article\" \/>\n<meta property=\"og:title\" content=\"Retour \u00e0 l&#039;\u00e9cole pour les enfants de Gaza : 220 b\u00e2timents endommag\u00e9s selon les Nations Unies\" \/>\n<meta property=\"og:description\" content=\"Retour \u00e0 l&#039;\u00e9cole pour les enfants de Gaza : 220 b\u00e2timents endommag\u00e9s selon les Nations Unies\" \/>\n<meta property=\"og:url\" content=\"https:\/\/www.webdo.tn\/fr\/actualite\/international\/palestine-retour-a-lecole-pour-les-enfants-de-gaza-220-batiments-endommages-selon-unrwa\/184333\/\" \/>\n<meta property=\"og:site_name\" content=\"webdo\" \/>\n<meta property=\"article:publisher\" content=\"https:\/\/www.facebook.com\/webdotn\" \/>\n<meta property=\"article:published_time\" content=\"2014-09-06T10:25:00+00:00\" \/>\n<meta name=\"author\" content=\"webdo.tn\" \/>\n<meta name=\"twitter:card\" content=\"summary_large_image\" \/>\n<meta name=\"twitter:creator\" content=\"@webdo_tn\" \/>\n<meta name=\"twitter:site\" content=\"@webdo_tn\" \/>\n<meta name=\"twitter:label1\" content=\"\u00c9crit par\" \/>\n\t<meta name=\"twitter:data1\" content=\"webdo.tn\" \/>\n\t<meta name=\"twitter:label2\" content=\"Dur\u00e9e de lecture estim\u00e9e\" \/>\n\t<meta name=\"twitter:data2\" content=\"2 minutes\" \/>\n<script type=\"application\/ld+json\" class=\"yoast-schema-graph\">{\"@context\":\"https:\\\/\\\/schema.org\",\"@graph\":[{\"@type\":\"NewsArticle\",\"@id\":\"https:\\\/\\\/www.webdo.tn\\\/fr\\\/actualite\\\/international\\\/palestine-retour-a-lecole-pour-les-enfants-de-gaza-220-batiments-endommages-selon-unrwa\\\/184333\\\/#article\",\"isPartOf\":{\"@id\":\"https:\\\/\\\/www.webdo.tn\\\/fr\\\/actualite\\\/international\\\/palestine-retour-a-lecole-pour-les-enfants-de-gaza-220-batiments-endommages-selon-unrwa\\\/184333\\\/\"},\"author\":{\"name\":\"webdo.tn\",\"@id\":\"https:\\\/\\\/www.webdo.tn\\\/fr\\\/#\\\/schema\\\/person\\\/9a9c6118d687c117df8ef3cc36a4d175\"},\"headline\":\"Retour \u00e0 l&rsquo;\u00e9cole pour les enfants de Gaza : 220 b\u00e2timents endommag\u00e9s selon les Nations Unies\",\"datePublished\":\"2014-09-06T10:25:00+00:00\",\"mainEntityOfPage\":{\"@id\":\"https:\\\/\\\/www.webdo.tn\\\/fr\\\/actualite\\\/international\\\/palestine-retour-a-lecole-pour-les-enfants-de-gaza-220-batiments-endommages-selon-unrwa\\\/184333\\\/\"},\"wordCount\":508,\"commentCount\":0,\"publisher\":{\"@id\":\"https:\\\/\\\/www.webdo.tn\\\/fr\\\/#organization\"},\"image\":{\"@id\":\"https:\\\/\\\/www.webdo.tn\\\/fr\\\/actualite\\\/international\\\/palestine-retour-a-lecole-pour-les-enfants-de-gaza-220-batiments-endommages-selon-unrwa\\\/184333\\\/#primaryimage\"},\"thumbnailUrl\":\"https:\\\/\\\/www.webdo.tn\\\/fr\\\/wp-content\\\/uploads\\\/2025\\\/06\\\/Au-moins-72.000-enfants-traumatises-a-Gaza_184333.jpg\",\"articleSection\":[\"International\"],\"inLanguage\":\"fr-FR\"},{\"@type\":\"WebPage\",\"@id\":\"https:\\\/\\\/www.webdo.tn\\\/fr\\\/actualite\\\/international\\\/palestine-retour-a-lecole-pour-les-enfants-de-gaza-220-batiments-endommages-selon-unrwa\\\/184333\\\/\",\"url\":\"https:\\\/\\\/www.webdo.tn\\\/fr\\\/actualite\\\/international\\\/palestine-retour-a-lecole-pour-les-enfants-de-gaza-220-batiments-endommages-selon-unrwa\\\/184333\\\/\",\"name\":\"Retour \u00e0 l'\u00e9cole pour les enfants de Gaza : 220 b\u00e2timents endommag\u00e9s selon les Nations Unies\",\"isPartOf\":{\"@id\":\"https:\\\/\\\/www.webdo.tn\\\/fr\\\/#website\"},\"primaryImageOfPage\":{\"@id\":\"https:\\\/\\\/www.webdo.tn\\\/fr\\\/actualite\\\/international\\\/palestine-retour-a-lecole-pour-les-enfants-de-gaza-220-batiments-endommages-selon-unrwa\\\/184333\\\/#primaryimage\"},\"image\":{\"@id\":\"https:\\\/\\\/www.webdo.tn\\\/fr\\\/actualite\\\/international\\\/palestine-retour-a-lecole-pour-les-enfants-de-gaza-220-batiments-endommages-selon-unrwa\\\/184333\\\/#primaryimage\"},\"thumbnailUrl\":\"https:\\\/\\\/www.webdo.tn\\\/fr\\\/wp-content\\\/uploads\\\/2025\\\/06\\\/Au-moins-72.000-enfants-traumatises-a-Gaza_184333.jpg\",\"datePublished\":\"2014-09-06T10:25:00+00:00\",\"description\":\"Retour \u00e0 l'\u00e9cole pour les enfants de Gaza : 220 b\u00e2timents endommag\u00e9s selon les Nations Unies\",\"breadcrumb\":{\"@id\":\"https:\\\/\\\/www.webdo.tn\\\/fr\\\/actualite\\\/international\\\/palestine-retour-a-lecole-pour-les-enfants-de-gaza-220-batiments-endommages-selon-unrwa\\\/184333\\\/#breadcrumb\"},\"inLanguage\":\"fr-FR\",\"potentialAction\":[{\"@type\":\"ReadAction\",\"target\":[\"https:\\\/\\\/www.webdo.tn\\\/fr\\\/actualite\\\/international\\\/palestine-retour-a-lecole-pour-les-enfants-de-gaza-220-batiments-endommages-selon-unrwa\\\/184333\\\/\"]}]},{\"@type\":\"ImageObject\",\"inLanguage\":\"fr-FR\",\"@id\":\"https:\\\/\\\/www.webdo.tn\\\/fr\\\/actualite\\\/international\\\/palestine-retour-a-lecole-pour-les-enfants-de-gaza-220-batiments-endommages-selon-unrwa\\\/184333\\\/#primaryimage\",\"url\":\"https:\\\/\\\/www.webdo.tn\\\/fr\\\/wp-content\\\/uploads\\\/2025\\\/06\\\/Au-moins-72.000-enfants-traumatises-a-Gaza_184333.jpg\",\"contentUrl\":\"https:\\\/\\\/www.webdo.tn\\\/fr\\\/wp-content\\\/uploads\\\/2025\\\/06\\\/Au-moins-72.000-enfants-traumatises-a-Gaza_184333.jpg\",\"width\":576,\"height\":406,\"caption\":\"Retour \u00e0 l'\u00e9cole pour les enfants de Gaza : 220 b\u00e2timents endommag\u00e9s selon les Nations Unies\"},{\"@type\":\"BreadcrumbList\",\"@id\":\"https:\\\/\\\/www.webdo.tn\\\/fr\\\/actualite\\\/international\\\/palestine-retour-a-lecole-pour-les-enfants-de-gaza-220-batiments-endommages-selon-unrwa\\\/184333\\\/#breadcrumb\",\"itemListElement\":[{\"@type\":\"ListItem\",\"position\":1,\"name\":\"Accueil\",\"item\":\"https:\\\/\\\/www.webdo.tn\\\/fr\\\/\"},{\"@type\":\"ListItem\",\"position\":2,\"name\":\"Retour \u00e0 l&rsquo;\u00e9cole pour les enfants de Gaza : 220 b\u00e2timents endommag\u00e9s selon les Nations Unies\"}]},{\"@type\":\"WebSite\",\"@id\":\"https:\\\/\\\/www.webdo.tn\\\/fr\\\/#website\",\"url\":\"https:\\\/\\\/www.webdo.tn\\\/fr\\\/\",\"name\":\"webdo\",\"description\":\"Tunisie - News en Tunisie et \u00e0 l&#039;international sur Webdo.tn\",\"publisher\":{\"@id\":\"https:\\\/\\\/www.webdo.tn\\\/fr\\\/#organization\"},\"potentialAction\":[{\"@type\":\"SearchAction\",\"target\":{\"@type\":\"EntryPoint\",\"urlTemplate\":\"https:\\\/\\\/www.webdo.tn\\\/fr\\\/?s={search_term_string}\"},\"query-input\":{\"@type\":\"PropertyValueSpecification\",\"valueRequired\":true,\"valueName\":\"search_term_string\"}}],\"inLanguage\":\"fr-FR\"},{\"@type\":\"Organization\",\"@id\":\"https:\\\/\\\/www.webdo.tn\\\/fr\\\/#organization\",\"name\":\"Webdo\",\"alternateName\":\"Webdo.tn\",\"url\":\"https:\\\/\\\/www.webdo.tn\\\/fr\\\/\",\"logo\":{\"@type\":\"ImageObject\",\"inLanguage\":\"fr-FR\",\"@id\":\"https:\\\/\\\/www.webdo.tn\\\/fr\\\/#\\\/schema\\\/logo\\\/image\\\/\",\"url\":\"https:\\\/\\\/www.webdo.tn\\\/fr\\\/wp-content\\\/uploads\\\/2025\\\/06\\\/Webdo-Tunisie_168377.jpg\",\"contentUrl\":\"https:\\\/\\\/www.webdo.tn\\\/fr\\\/wp-content\\\/uploads\\\/2025\\\/06\\\/Webdo-Tunisie_168377.jpg\",\"width\":301,\"height\":301,\"caption\":\"Webdo\"},\"image\":{\"@id\":\"https:\\\/\\\/www.webdo.tn\\\/fr\\\/#\\\/schema\\\/logo\\\/image\\\/\"},\"sameAs\":[\"https:\\\/\\\/www.facebook.com\\\/webdotn\",\"https:\\\/\\\/x.com\\\/webdo_tn\"],\"description\":\"Webdo est un m\u00e9dia num\u00e9rique tunisien fond\u00e9 en 2010, sp\u00e9cialis\u00e9 dans l\u2019actualit\u00e9 nationale et internationale, l\u2019\u00e9conomie, la soci\u00e9t\u00e9 et les analyses politiques. Le site s\u2019adresse \u00e0 un large public francophone et couvre l\u2019information tunisienne en temps r\u00e9el.\",\"email\":\"redac@webdo.tn\",\"legalName\":\"YNJ SARL\",\"foundingDate\":\"2010-09-06\",\"numberOfEmployees\":{\"@type\":\"QuantitativeValue\",\"minValue\":\"11\",\"maxValue\":\"50\"}},{\"@type\":\"Person\",\"@id\":\"https:\\\/\\\/www.webdo.tn\\\/fr\\\/#\\\/schema\\\/person\\\/9a9c6118d687c117df8ef3cc36a4d175\",\"name\":\"webdo.tn\",\"image\":{\"@type\":\"ImageObject\",\"inLanguage\":\"fr-FR\",\"@id\":\"https:\\\/\\\/secure.gravatar.com\\\/avatar\\\/7ce1f28c0c3bbac99ff550b85ef8e44a6950c6ee24514fb6a5489e51d06f0298?s=96&d=mm&r=g\",\"url\":\"https:\\\/\\\/secure.gravatar.com\\\/avatar\\\/7ce1f28c0c3bbac99ff550b85ef8e44a6950c6ee24514fb6a5489e51d06f0298?s=96&d=mm&r=g\",\"contentUrl\":\"https:\\\/\\\/secure.gravatar.com\\\/avatar\\\/7ce1f28c0c3bbac99ff550b85ef8e44a6950c6ee24514fb6a5489e51d06f0298?s=96&d=mm&r=g\",\"caption\":\"webdo.tn\"},\"url\":\"https:\\\/\\\/www.webdo.tn\\\/fr\\\/actualite\\\/author\\\/webdotn\\\/\"}]}<\/script>\n<!-- \/ Yoast SEO Premium plugin. -->","yoast_head_json":{"title":"Retour \u00e0 l'\u00e9cole pour les enfants de Gaza : 220 b\u00e2timents endommag\u00e9s selon les Nations Unies","description":"Retour \u00e0 l'\u00e9cole pour les enfants de Gaza : 220 b\u00e2timents endommag\u00e9s selon les Nations Unies","canonical":"https:\/\/www.webdo.tn\/fr\/actualite\/international\/palestine-retour-a-lecole-pour-les-enfants-de-gaza-220-batiments-endommages-selon-unrwa\/184333\/","og_locale":"fr_FR","og_type":"article","og_title":"Retour \u00e0 l'\u00e9cole pour les enfants de Gaza : 220 b\u00e2timents endommag\u00e9s selon les Nations Unies","og_description":"Retour \u00e0 l'\u00e9cole pour les enfants de Gaza : 220 b\u00e2timents endommag\u00e9s selon les Nations Unies","og_url":"https:\/\/www.webdo.tn\/fr\/actualite\/international\/palestine-retour-a-lecole-pour-les-enfants-de-gaza-220-batiments-endommages-selon-unrwa\/184333\/","og_site_name":"webdo","article_publisher":"https:\/\/www.facebook.com\/webdotn","article_published_time":"2014-09-06T10:25:00+00:00","author":"webdo.tn","twitter_card":"summary_large_image","twitter_creator":"@webdo_tn","twitter_site":"@webdo_tn","twitter_misc":{"\u00c9crit par":"webdo.tn","Dur\u00e9e de lecture estim\u00e9e":"2 minutes"},"schema":{"@context":"https:\/\/schema.org","@graph":[{"@type":"NewsArticle","@id":"https:\/\/www.webdo.tn\/fr\/actualite\/international\/palestine-retour-a-lecole-pour-les-enfants-de-gaza-220-batiments-endommages-selon-unrwa\/184333\/#article","isPartOf":{"@id":"https:\/\/www.webdo.tn\/fr\/actualite\/international\/palestine-retour-a-lecole-pour-les-enfants-de-gaza-220-batiments-endommages-selon-unrwa\/184333\/"},"author":{"name":"webdo.tn","@id":"https:\/\/www.webdo.tn\/fr\/#\/schema\/person\/9a9c6118d687c117df8ef3cc36a4d175"},"headline":"Retour \u00e0 l&rsquo;\u00e9cole pour les enfants de Gaza : 220 b\u00e2timents endommag\u00e9s selon les Nations Unies","datePublished":"2014-09-06T10:25:00+00:00","mainEntityOfPage":{"@id":"https:\/\/www.webdo.tn\/fr\/actualite\/international\/palestine-retour-a-lecole-pour-les-enfants-de-gaza-220-batiments-endommages-selon-unrwa\/184333\/"},"wordCount":508,"commentCount":0,"publisher":{"@id":"https:\/\/www.webdo.tn\/fr\/#organization"},"image":{"@id":"https:\/\/www.webdo.tn\/fr\/actualite\/international\/palestine-retour-a-lecole-pour-les-enfants-de-gaza-220-batiments-endommages-selon-unrwa\/184333\/#primaryimage"},"thumbnailUrl":"https:\/\/www.webdo.tn\/fr\/wp-content\/uploads\/2025\/06\/Au-moins-72.000-enfants-traumatises-a-Gaza_184333.jpg","articleSection":["International"],"inLanguage":"fr-FR"},{"@type":"WebPage","@id":"https:\/\/www.webdo.tn\/fr\/actualite\/international\/palestine-retour-a-lecole-pour-les-enfants-de-gaza-220-batiments-endommages-selon-unrwa\/184333\/","url":"https:\/\/www.webdo.tn\/fr\/actualite\/international\/palestine-retour-a-lecole-pour-les-enfants-de-gaza-220-batiments-endommages-selon-unrwa\/184333\/","name":"Retour \u00e0 l'\u00e9cole pour les enfants de Gaza : 220 b\u00e2timents endommag\u00e9s selon les Nations Unies","isPartOf":{"@id":"https:\/\/www.webdo.tn\/fr\/#website"},"primaryImageOfPage":{"@id":"https:\/\/www.webdo.tn\/fr\/actualite\/international\/palestine-retour-a-lecole-pour-les-enfants-de-gaza-220-batiments-endommages-selon-unrwa\/184333\/#primaryimage"},"image":{"@id":"https:\/\/www.webdo.tn\/fr\/actualite\/international\/palestine-retour-a-lecole-pour-les-enfants-de-gaza-220-batiments-endommages-selon-unrwa\/184333\/#primaryimage"},"thumbnailUrl":"https:\/\/www.webdo.tn\/fr\/wp-content\/uploads\/2025\/06\/Au-moins-72.000-enfants-traumatises-a-Gaza_184333.jpg","datePublished":"2014-09-06T10:25:00+00:00","description":"Retour \u00e0 l'\u00e9cole pour les enfants de Gaza : 220 b\u00e2timents endommag\u00e9s selon les Nations Unies","breadcrumb":{"@id":"https:\/\/www.webdo.tn\/fr\/actualite\/international\/palestine-retour-a-lecole-pour-les-enfants-de-gaza-220-batiments-endommages-selon-unrwa\/184333\/#breadcrumb"},"inLanguage":"fr-FR","potentialAction":[{"@type":"ReadAction","target":["https:\/\/www.webdo.tn\/fr\/actualite\/international\/palestine-retour-a-lecole-pour-les-enfants-de-gaza-220-batiments-endommages-selon-unrwa\/184333\/"]}]},{"@type":"ImageObject","inLanguage":"fr-FR","@id":"https:\/\/www.webdo.tn\/fr\/actualite\/international\/palestine-retour-a-lecole-pour-les-enfants-de-gaza-220-batiments-endommages-selon-unrwa\/184333\/#primaryimage","url":"https:\/\/www.webdo.tn\/fr\/wp-content\/uploads\/2025\/06\/Au-moins-72.000-enfants-traumatises-a-Gaza_184333.jpg","contentUrl":"https:\/\/www.webdo.tn\/fr\/wp-content\/uploads\/2025\/06\/Au-moins-72.000-enfants-traumatises-a-Gaza_184333.jpg","width":576,"height":406,"caption":"Retour \u00e0 l'\u00e9cole pour les enfants de Gaza : 220 b\u00e2timents endommag\u00e9s selon les Nations Unies"},{"@type":"BreadcrumbList","@id":"https:\/\/www.webdo.tn\/fr\/actualite\/international\/palestine-retour-a-lecole-pour-les-enfants-de-gaza-220-batiments-endommages-selon-unrwa\/184333\/#breadcrumb","itemListElement":[{"@type":"ListItem","position":1,"name":"Accueil","item":"https:\/\/www.webdo.tn\/fr\/"},{"@type":"ListItem","position":2,"name":"Retour \u00e0 l&rsquo;\u00e9cole pour les enfants de Gaza : 220 b\u00e2timents endommag\u00e9s selon les Nations Unies"}]},{"@type":"WebSite","@id":"https:\/\/www.webdo.tn\/fr\/#website","url":"https:\/\/www.webdo.tn\/fr\/","name":"webdo","description":"Tunisie - News en Tunisie et \u00e0 l&#039;international sur Webdo.tn","publisher":{"@id":"https:\/\/www.webdo.tn\/fr\/#organization"},"potentialAction":[{"@type":"SearchAction","target":{"@type":"EntryPoint","urlTemplate":"https:\/\/www.webdo.tn\/fr\/?s={search_term_string}"},"query-input":{"@type":"PropertyValueSpecification","valueRequired":true,"valueName":"search_term_string"}}],"inLanguage":"fr-FR"},{"@type":"Organization","@id":"https:\/\/www.webdo.tn\/fr\/#organization","name":"Webdo","alternateName":"Webdo.tn","url":"https:\/\/www.webdo.tn\/fr\/","logo":{"@type":"ImageObject","inLanguage":"fr-FR","@id":"https:\/\/www.webdo.tn\/fr\/#\/schema\/logo\/image\/","url":"https:\/\/www.webdo.tn\/fr\/wp-content\/uploads\/2025\/06\/Webdo-Tunisie_168377.jpg","contentUrl":"https:\/\/www.webdo.tn\/fr\/wp-content\/uploads\/2025\/06\/Webdo-Tunisie_168377.jpg","width":301,"height":301,"caption":"Webdo"},"image":{"@id":"https:\/\/www.webdo.tn\/fr\/#\/schema\/logo\/image\/"},"sameAs":["https:\/\/www.facebook.com\/webdotn","https:\/\/x.com\/webdo_tn"],"description":"Webdo est un m\u00e9dia num\u00e9rique tunisien fond\u00e9 en 2010, sp\u00e9cialis\u00e9 dans l\u2019actualit\u00e9 nationale et internationale, l\u2019\u00e9conomie, la soci\u00e9t\u00e9 et les analyses politiques. Le site s\u2019adresse \u00e0 un large public francophone et couvre l\u2019information tunisienne en temps r\u00e9el.","email":"redac@webdo.tn","legalName":"YNJ SARL","foundingDate":"2010-09-06","numberOfEmployees":{"@type":"QuantitativeValue","minValue":"11","maxValue":"50"}},{"@type":"Person","@id":"https:\/\/www.webdo.tn\/fr\/#\/schema\/person\/9a9c6118d687c117df8ef3cc36a4d175","name":"webdo.tn","image":{"@type":"ImageObject","inLanguage":"fr-FR","@id":"https:\/\/secure.gravatar.com\/avatar\/7ce1f28c0c3bbac99ff550b85ef8e44a6950c6ee24514fb6a5489e51d06f0298?s=96&d=mm&r=g","url":"https:\/\/secure.gravatar.com\/avatar\/7ce1f28c0c3bbac99ff550b85ef8e44a6950c6ee24514fb6a5489e51d06f0298?s=96&d=mm&r=g","contentUrl":"https:\/\/secure.gravatar.com\/avatar\/7ce1f28c0c3bbac99ff550b85ef8e44a6950c6ee24514fb6a5489e51d06f0298?s=96&d=mm&r=g","caption":"webdo.tn"},"url":"https:\/\/www.webdo.tn\/fr\/actualite\/author\/webdotn\/"}]}},"_links":{"self":[{"href":"https:\/\/www.webdo.tn\/fr\/wp-json\/wp\/v2\/posts\/184333","targetHints":{"allow":["GET"]}}],"collection":[{"href":"https:\/\/www.webdo.tn\/fr\/wp-json\/wp\/v2\/posts"}],"about":[{"href":"https:\/\/www.webdo.tn\/fr\/wp-json\/wp\/v2\/types\/post"}],"author":[{"embeddable":true,"href":"https:\/\/www.webdo.tn\/fr\/wp-json\/wp\/v2\/users\/3222"}],"replies":[{"embeddable":true,"href":"https:\/\/www.webdo.tn\/fr\/wp-json\/wp\/v2\/comments?post=184333"}],"version-history":[{"count":0,"href":"https:\/\/www.webdo.tn\/fr\/wp-json\/wp\/v2\/posts\/184333\/revisions"}],"wp:featuredmedia":[{"embeddable":true,"href":"https:\/\/www.webdo.tn\/fr\/wp-json\/wp\/v2\/media\/373549"}],"wp:attachment":[{"href":"https:\/\/www.webdo.tn\/fr\/wp-json\/wp\/v2\/media?parent=184333"}],"wp:term":[{"taxonomy":"category","embeddable":true,"href":"https:\/\/www.webdo.tn\/fr\/wp-json\/wp\/v2\/categories?post=184333"},{"taxonomy":"post_tag","embeddable":true,"href":"https:\/\/www.webdo.tn\/fr\/wp-json\/wp\/v2\/tags?post=184333"}],"curies":[{"name":"wp","href":"https:\/\/api.w.org\/{rel}","templated":true}]}}